{"id":2273,"date":"2025-05-02T17:16:13","date_gmt":"2025-05-02T17:16:13","guid":{"rendered":"https:\/\/carpathiacenter.ro\/?p=2273"},"modified":"2025-05-02T17:16:17","modified_gmt":"2025-05-02T17:16:17","slug":"1-mai-ziua-internationala-a-muncii","status":"publish","type":"post","link":"https:\/\/carpathiacenter.ro\/en\/1-mai-ziua-internationala-a-muncii\/","title":{"rendered":"1 Mai &#8211; Ziua interna\u021bional\u0103 a muncii"},"content":{"rendered":"<p>Ziua interna\u021bional\u0103 a muncii este o celebrare a muncitorilor, a clasei muncitoare, \u00een general, \u0219i a luptei lor istorice \u00een vederea ob\u021binerii unor drepturi sociale \u0219i economice, \u0219i este marcat\u0103 \u00een fiecare an la data de 1 mai, potrivit\u00a0<a href=\"https:\/\/www.calendarpedia.com\/\" target=\"_blank\" rel=\"noreferrer noopener\">https:\/\/www.calendarpedia.com\/<\/a>.<\/p>\n<p>\u00cen multe alte \u021b\u0103ri, \u00eens\u0103, Ziua interna\u021bional\u0103 a muncii este prilejul perfect folosit de sindicatele mai multor categorii profesionale de a face cunoscute revendic\u0103rile lor sociale sau profesionale.<\/p>\n<p>Ziua muncii este s\u0103rb\u0103toare legal\u0103 \u00een peste 80 de \u021b\u0103ri din \u00eentreaga lume. Statele Unite \u0219i Canada s\u0103rb\u0103toresc Ziua muncii (Labour Day) \u00een prima zi de luni din septembrie, \u00een Australia data s\u0103rb\u0103torii legale a Zilei muncii variaz\u0103 considerabil \u00eentre diferitele state \u0219i teritorii (prima sau a doua zi de luni din martie, mai \u0219i octombrie), iar Regatul Unit \u0219i Republica Irlanda au o s\u0103rb\u0103toare legal\u0103 \u00een prima zi de luni din mai, numit\u0103 \u2018Early May bank holiday\u2019.<\/p>\n<p>La noi \u00een \u021bar\u0103, ziua de 1 Mai a fost marcat\u0103 \u00eencep\u00e2nd din 1890, prin organizarea de petreceri c\u00e2mpene\u0219ti. Primele demonstra\u021bii muncitore\u0219ti au fost organizate \u00een Bucure\u0219ti, \u00een 1945, iar ultimele s-au desf\u0103\u0219urat \u00een 1971. Ast\u0103zi, Ziua interna\u021bional\u0103 a muncii este zi nelucr\u0103toare, s\u0103rb\u0103torit\u0103 prin concerte, ie\u0219iri la iarb\u0103 verde sau diverse activit\u0103\u021bi festive.<\/p>\n<p>La \u00eenceputul Revolu\u021biei Industriale, inven\u021biile precum calea ferat\u0103, ma\u0219ina de egrenat bumbacul \u0219i electricitatea au \u00eenceput s\u0103 schimbe societatea. Pe m\u0103sur\u0103 ce Revolu\u021bia Industrial\u0103 a luat propor\u021bii \u0219i s-a r\u0103sp\u00e2ndit \u00een \u00eentreaga lume, au fost necesare milioane de oameni, viitorii muncitori, pentru a ocupa locurile din noile fabrici. Oamenii au \u00eenceput s\u0103 se angajeze \u00een fabrici, cu speran\u021ba c\u0103 vor putea oferi o via\u021b\u0103 mai bun\u0103 familiilor lor. Din p\u0103cate, realitatea c\u00e2\u0219tig\u0103rii unui salariu a devenit o lec\u021bie dur\u0103 pentru mul\u021bi. Mul\u021bi dintre angajatori \u00ee\u0219i tratau lucr\u0103torii nedrept, for\u021b\u00e2ndu-i s\u0103 lucreze \u00een condi\u021bii precare de-a lungul c\u00e2t mai multor ore. Clasa muncitoare avea nevoie de cineva care s\u0103 le apere drepturile, deoarece greut\u0103\u021bile muncii \u00een fabrici, \u00een condi\u021bii grele, deveneau insuportabile pentru mul\u021bi.<\/p>\n<p>\u00cen 1864, a fost \u00eenfiin\u021bat\u0103 la Londra, Asocia\u021bia Interna\u021bional\u0103 a Muncitorilor (AIM), ce avea ca obiective: un program de lucru mai scurt, un mediu de lucru mai sigur, salarii echitabile, eliminarea muncii copiilor, capacitatea statului de a reglementa condi\u021biile de munc\u0103. \u00cen 1871, muncitorii din Fran\u021ba au fost inspira\u021bi de activitatea Asocia\u021biei Interna\u021bionale a Muncitorilor \u0219i i-au urmat exemplul, \u00eenfiin\u021b\u00e2nd propria mi\u0219care muncitoreasc\u0103, potrivit\u00a0<a href=\"https:\/\/nationaldaycalendar.com\/\" target=\"_blank\" rel=\"noreferrer noopener\">https:\/\/nationaldaycalendar.com\/<\/a>.<\/p>\n<p>\u00cen 1884, Federa\u021bia Organiza\u021biilor Me\u0219te\u0219ug\u0103re\u0219ti \u0219i a Uniunilor Sindicale (mai t\u00e2rziu, Federa\u021bia American\u0103 a Muncii) a \u021binut o conven\u021bie la Chicago, care a proclamat faptul c\u0103 \u2018opt ore vor constitui o zi legal\u0103 de munc\u0103 de la 1 mai 1886 \u0219i dup\u0103 aceast\u0103 dat\u0103\u2019. \u00cen anul urm\u0103tor, \u2018Knights of Labor\u2019 \u2013 pe atunci cea mai mare organiza\u021bie a muncitorilor din America, constituit\u0103 ca o societate secret\u0103 a croitorilor \u00een Philadelphia, \u00een 1869 \u2013 au sus\u021binut proclama\u021bia, ambele organiza\u021bii \u00eencuraj\u00e2nd muncitorii s\u0103 fac\u0103 grev\u0103 \u0219i s\u0103 protesteze, se arat\u0103 pe\u00a0<a href=\"https:\/\/www.history.com\/\" target=\"_blank\" rel=\"noreferrer noopener\">https:\/\/www.history.com\/<\/a>.<\/p>\n<p>Muncitori de pe tot cuprinsul Statelor Unite au organizat manifesta\u021bii \u00een ziua de 1 mai 1886, pentru a-\u0219i sus\u021bine cauza. Cea mai mare demonstra\u021bie a avut loc la Chicago, unde au participat aproximativ 90.000 de muncitori, dintre care circa 40.000 erau \u00een grev\u0103. \u00cens\u0103, trei zile mai t\u00e2rziu, \u00een Pia\u021ba Haymarket din Chicago, unde num\u0103rul grevi\u0219tilor ajunsese la peste 65.000, lucrurile au escaladat \u0219i poli\u021bia a intervenit cu brutalitate. S-au \u00eenregistrat mor\u021bi \u0219i r\u0103ni\u021bi.<\/p>\n<p>La 20 iulie 1889, cu prilejul primului Congres al Interna\u021bionalei a II-a, \u00eentrunit la Paris, s-a stabilit ca la data de 1 mai s\u0103 fie s\u0103rb\u0103torit\u0103 Ziua interna\u021bional\u0103 a muncii, cu acest prilej fiind organizate demonstra\u021bii pentru a marca evenimentele tragice de la Chicago, dar \u0219i de a determina autorit\u0103\u021bile s\u0103 accepte ziua de lucru de opt ore, se arat\u0103 pe\u00a0<a href=\"https:\/\/maitron.fr\/\" target=\"_blank\" rel=\"noreferrer noopener\">https:\/\/maitron.fr\/<\/a>. \u00centre 1890 \u0219i 1891 au avut loc manifesta\u021bii \u00een SUA, \u00een mai multe \u021b\u0103ri europene dar \u0219i \u00een Chile, Peru, Cuba, potrivit\u00a0<a href=\"https:\/\/journals.co.za\/\" target=\"_blank\" rel=\"noreferrer noopener\">https:\/\/journals.co.za\/<\/a>. Ziua interna\u021bional\u0103 a muncii a fost recunoscut\u0103 drept un eveniment anual, oficial, la cel de-al doilea Congres al Interna\u021bionalei a II-a din 1891, de la Bruxelles, potrivit\u00a0<a href=\"https:\/\/libcom.org\/\" target=\"_blank\" rel=\"noreferrer noopener\">https:\/\/libcom.org\/<\/a>. AGERPRES\/(Documentare \u2013 Irina Andreea Cristea; editor: Suzana Cristache Dr\u0103gan, editor online: Andreea Preda)<\/p>\n<p><a href=\"https:\/\/agerpres.ro\/documentare\/2025\/05\/01\/1-mai---ziua-internationala-a-muncii--1444863\">https:\/\/agerpres.ro\/documentare\/2025\/05\/01\/1-mai\u2014ziua-internationala-a-muncii\u20131444863<\/a><\/p>","protected":false},"excerpt":{"rendered":"<p>Ziua interna\u021bional\u0103 a muncii este o celebrare a muncitorilor, a clasei muncitoare, \u00een general, \u0219i a luptei lor istorice \u00een vederea ob\u021binerii unor drepturi sociale \u0219i economice, \u0219i este marcat\u0103 \u00een fiecare an la data de 1 mai, potrivit\u00a0https:\/\/www.calendarpedia.com\/. \u00cen multe alte \u021b\u0103ri, \u00eens\u0103, Ziua interna\u021bional\u0103 a muncii este prilejul perfect folosit de sindicatele mai&#8230;<\/p>","protected":false},"author":4,"featured_media":2252,"comment_status":"open","ping_status":"open","sticky":false,"template":"","format":"standard","meta":{"footnotes":""},"categories":[1],"tags":[],"class_list":["post-2273","post","type-post","status-publish","format-standard","has-post-thumbnail","hentry","category-uncategorized"],"yoast_head":"<!-- This site is optimized with the Yoast SEO plugin v26.1.1 - https:\/\/yoast.com\/wordpress\/plugins\/seo\/ -->\n<title>1 Mai - Ziua interna\u021bional\u0103 a muncii - Carpathia Center Romania<\/title>\n<meta name=\"robots\" content=\"index, follow, max-snippet:-1, max-image-preview:large, max-video-preview:-1\" \/>\n<link rel=\"canonical\" href=\"https:\/\/carpathiacenter.ro\/en\/1-mai-ziua-internationala-a-muncii\/\" \/>\n<meta property=\"og:locale\" content=\"en_GB\" \/>\n<meta property=\"og:type\" content=\"article\" \/>\n<meta property=\"og:title\" content=\"1 Mai - Ziua interna\u021bional\u0103 a muncii - Carpathia Center Romania\" \/>\n<meta property=\"og:description\" content=\"Ziua interna\u021bional\u0103 a muncii este o celebrare a muncitorilor, a clasei muncitoare, \u00een general, \u0219i a luptei lor istorice \u00een vederea ob\u021binerii unor drepturi sociale \u0219i economice, \u0219i este marcat\u0103 \u00een fiecare an la data de 1 mai, potrivit\u00a0https:\/\/www.calendarpedia.com\/. \u00cen multe alte \u021b\u0103ri, \u00eens\u0103, Ziua interna\u021bional\u0103 a muncii este prilejul perfect folosit de sindicatele mai...\" \/>\n<meta property=\"og:url\" content=\"https:\/\/carpathiacenter.ro\/en\/1-mai-ziua-internationala-a-muncii\/\" \/>\n<meta property=\"og:site_name\" content=\"Carpathia Center Romania\" \/>\n<meta property=\"article:publisher\" content=\"https:\/\/www.facebook.com\/fdpscarpathia\/\" \/>\n<meta property=\"article:published_time\" content=\"2025-05-02T17:16:13+00:00\" \/>\n<meta property=\"article:modified_time\" content=\"2025-05-02T17:16:17+00:00\" \/>\n<meta property=\"og:image\" content=\"https:\/\/carpathiacenter.ro\/wp-content\/uploads\/2025\/04\/protectia-muncii-securitate-si-sanatate-in-munca.jpg\" \/>\n\t<meta property=\"og:image:width\" content=\"1200\" \/>\n\t<meta property=\"og:image:height\" content=\"803\" \/>\n\t<meta property=\"og:image:type\" content=\"image\/jpeg\" \/>\n<meta name=\"author\" content=\"creativebitsolutions\" \/>\n<meta name=\"twitter:card\" content=\"summary_large_image\" \/>\n<meta name=\"twitter:label1\" content=\"Written by\" \/>\n\t<meta name=\"twitter:data1\" content=\"creativebitsolutions\" \/>\n\t<meta name=\"twitter:label2\" content=\"Estimated reading time\" \/>\n\t<meta name=\"twitter:data2\" content=\"4 minutes\" \/>\n<script type=\"application\/ld+json\" class=\"yoast-schema-graph\">{\"@context\":\"https:\/\/schema.org\",\"@graph\":[{\"@type\":\"Article\",\"@id\":\"https:\/\/carpathiacenter.ro\/1-mai-ziua-internationala-a-muncii\/#article\",\"isPartOf\":{\"@id\":\"https:\/\/carpathiacenter.ro\/1-mai-ziua-internationala-a-muncii\/\"},\"author\":{\"name\":\"creativebitsolutions\",\"@id\":\"https:\/\/carpathiacenter.ro\/#\/schema\/person\/03d9f58202fee8379268f34afa195006\"},\"headline\":\"1 Mai &#8211; Ziua interna\u021bional\u0103 a muncii\",\"datePublished\":\"2025-05-02T17:16:13+00:00\",\"dateModified\":\"2025-05-02T17:16:17+00:00\",\"mainEntityOfPage\":{\"@id\":\"https:\/\/carpathiacenter.ro\/1-mai-ziua-internationala-a-muncii\/\"},\"wordCount\":776,\"commentCount\":0,\"publisher\":{\"@id\":\"https:\/\/carpathiacenter.ro\/#organization\"},\"image\":{\"@id\":\"https:\/\/carpathiacenter.ro\/1-mai-ziua-internationala-a-muncii\/#primaryimage\"},\"thumbnailUrl\":\"https:\/\/carpathiacenter.ro\/wp-content\/uploads\/2025\/04\/protectia-muncii-securitate-si-sanatate-in-munca.jpg\",\"articleSection\":[\"Uncategorized\"],\"inLanguage\":\"en-GB\",\"potentialAction\":[{\"@type\":\"CommentAction\",\"name\":\"Comment\",\"target\":[\"https:\/\/carpathiacenter.ro\/1-mai-ziua-internationala-a-muncii\/#respond\"]}]},{\"@type\":\"WebPage\",\"@id\":\"https:\/\/carpathiacenter.ro\/1-mai-ziua-internationala-a-muncii\/\",\"url\":\"https:\/\/carpathiacenter.ro\/1-mai-ziua-internationala-a-muncii\/\",\"name\":\"1 Mai - Ziua interna\u021bional\u0103 a muncii - Carpathia Center Romania\",\"isPartOf\":{\"@id\":\"https:\/\/carpathiacenter.ro\/#website\"},\"primaryImageOfPage\":{\"@id\":\"https:\/\/carpathiacenter.ro\/1-mai-ziua-internationala-a-muncii\/#primaryimage\"},\"image\":{\"@id\":\"https:\/\/carpathiacenter.ro\/1-mai-ziua-internationala-a-muncii\/#primaryimage\"},\"thumbnailUrl\":\"https:\/\/carpathiacenter.ro\/wp-content\/uploads\/2025\/04\/protectia-muncii-securitate-si-sanatate-in-munca.jpg\",\"datePublished\":\"2025-05-02T17:16:13+00:00\",\"dateModified\":\"2025-05-02T17:16:17+00:00\",\"breadcrumb\":{\"@id\":\"https:\/\/carpathiacenter.ro\/1-mai-ziua-internationala-a-muncii\/#breadcrumb\"},\"inLanguage\":\"en-GB\",\"potentialAction\":[{\"@type\":\"ReadAction\",\"target\":[\"https:\/\/carpathiacenter.ro\/1-mai-ziua-internationala-a-muncii\/\"]}]},{\"@type\":\"ImageObject\",\"inLanguage\":\"en-GB\",\"@id\":\"https:\/\/carpathiacenter.ro\/1-mai-ziua-internationala-a-muncii\/#primaryimage\",\"url\":\"https:\/\/carpathiacenter.ro\/wp-content\/uploads\/2025\/04\/protectia-muncii-securitate-si-sanatate-in-munca.jpg\",\"contentUrl\":\"https:\/\/carpathiacenter.ro\/wp-content\/uploads\/2025\/04\/protectia-muncii-securitate-si-sanatate-in-munca.jpg\",\"width\":1200,\"height\":803},{\"@type\":\"BreadcrumbList\",\"@id\":\"https:\/\/carpathiacenter.ro\/1-mai-ziua-internationala-a-muncii\/#breadcrumb\",\"itemListElement\":[{\"@type\":\"ListItem\",\"position\":1,\"name\":\"Prima pagin\u0103\",\"item\":\"https:\/\/carpathiacenter.ro\/\"},{\"@type\":\"ListItem\",\"position\":2,\"name\":\"1 Mai &#8211; Ziua interna\u021bional\u0103 a muncii\"}]},{\"@type\":\"WebSite\",\"@id\":\"https:\/\/carpathiacenter.ro\/#website\",\"url\":\"https:\/\/carpathiacenter.ro\/\",\"name\":\"Carpathia Center Romania\",\"description\":\"Impossible made possible!\",\"publisher\":{\"@id\":\"https:\/\/carpathiacenter.ro\/#organization\"},\"potentialAction\":[{\"@type\":\"SearchAction\",\"target\":{\"@type\":\"EntryPoint\",\"urlTemplate\":\"https:\/\/carpathiacenter.ro\/?s={search_term_string}\"},\"query-input\":{\"@type\":\"PropertyValueSpecification\",\"valueRequired\":true,\"valueName\":\"search_term_string\"}}],\"inLanguage\":\"en-GB\"},{\"@type\":\"Organization\",\"@id\":\"https:\/\/carpathiacenter.ro\/#organization\",\"name\":\"Carpathia Center Romania\",\"url\":\"https:\/\/carpathiacenter.ro\/\",\"logo\":{\"@type\":\"ImageObject\",\"inLanguage\":\"en-GB\",\"@id\":\"https:\/\/carpathiacenter.ro\/#\/schema\/logo\/image\/\",\"url\":\"https:\/\/carpathiacenter.ro\/wp-content\/uploads\/2024\/07\/logo-carpathia_bg_white-1024x941.png\",\"contentUrl\":\"https:\/\/carpathiacenter.ro\/wp-content\/uploads\/2024\/07\/logo-carpathia_bg_white-1024x941.png\",\"width\":1024,\"height\":941,\"caption\":\"Carpathia Center Romania\"},\"image\":{\"@id\":\"https:\/\/carpathiacenter.ro\/#\/schema\/logo\/image\/\"},\"sameAs\":[\"https:\/\/www.facebook.com\/fdpscarpathia\/\"]},{\"@type\":\"Person\",\"@id\":\"https:\/\/carpathiacenter.ro\/#\/schema\/person\/03d9f58202fee8379268f34afa195006\",\"name\":\"creativebitsolutions\",\"image\":{\"@type\":\"ImageObject\",\"inLanguage\":\"en-GB\",\"@id\":\"https:\/\/carpathiacenter.ro\/#\/schema\/person\/image\/\",\"url\":\"https:\/\/secure.gravatar.com\/avatar\/1b1a13e37f847c635dab78348f1dff2f07651ee2a3d77a5c355a4b8c75f9165a?s=96&d=mm&r=g\",\"contentUrl\":\"https:\/\/secure.gravatar.com\/avatar\/1b1a13e37f847c635dab78348f1dff2f07651ee2a3d77a5c355a4b8c75f9165a?s=96&d=mm&r=g\",\"caption\":\"creativebitsolutions\"},\"url\":\"https:\/\/carpathiacenter.ro\/en\/author\/creativebitsolutions\/\"}]}<\/script>\n<!-- \/ Yoast SEO plugin. -->","yoast_head_json":{"title":"1 Mai - Ziua interna\u021bional\u0103 a muncii - Carpathia Center Romania","robots":{"index":"index","follow":"follow","max-snippet":"max-snippet:-1","max-image-preview":"max-image-preview:large","max-video-preview":"max-video-preview:-1"},"canonical":"https:\/\/carpathiacenter.ro\/en\/1-mai-ziua-internationala-a-muncii\/","og_locale":"en_GB","og_type":"article","og_title":"1 Mai - Ziua interna\u021bional\u0103 a muncii - Carpathia Center Romania","og_description":"Ziua interna\u021bional\u0103 a muncii este o celebrare a muncitorilor, a clasei muncitoare, \u00een general, \u0219i a luptei lor istorice \u00een vederea ob\u021binerii unor drepturi sociale \u0219i economice, \u0219i este marcat\u0103 \u00een fiecare an la data de 1 mai, potrivit\u00a0https:\/\/www.calendarpedia.com\/. \u00cen multe alte \u021b\u0103ri, \u00eens\u0103, Ziua interna\u021bional\u0103 a muncii este prilejul perfect folosit de sindicatele mai...","og_url":"https:\/\/carpathiacenter.ro\/en\/1-mai-ziua-internationala-a-muncii\/","og_site_name":"Carpathia Center Romania","article_publisher":"https:\/\/www.facebook.com\/fdpscarpathia\/","article_published_time":"2025-05-02T17:16:13+00:00","article_modified_time":"2025-05-02T17:16:17+00:00","og_image":[{"width":1200,"height":803,"url":"https:\/\/carpathiacenter.ro\/wp-content\/uploads\/2025\/04\/protectia-muncii-securitate-si-sanatate-in-munca.jpg","type":"image\/jpeg"}],"author":"creativebitsolutions","twitter_card":"summary_large_image","twitter_misc":{"Written by":"creativebitsolutions","Estimated reading time":"4 minutes"},"schema":{"@context":"https:\/\/schema.org","@graph":[{"@type":"Article","@id":"https:\/\/carpathiacenter.ro\/1-mai-ziua-internationala-a-muncii\/#article","isPartOf":{"@id":"https:\/\/carpathiacenter.ro\/1-mai-ziua-internationala-a-muncii\/"},"author":{"name":"creativebitsolutions","@id":"https:\/\/carpathiacenter.ro\/#\/schema\/person\/03d9f58202fee8379268f34afa195006"},"headline":"1 Mai &#8211; Ziua interna\u021bional\u0103 a muncii","datePublished":"2025-05-02T17:16:13+00:00","dateModified":"2025-05-02T17:16:17+00:00","mainEntityOfPage":{"@id":"https:\/\/carpathiacenter.ro\/1-mai-ziua-internationala-a-muncii\/"},"wordCount":776,"commentCount":0,"publisher":{"@id":"https:\/\/carpathiacenter.ro\/#organization"},"image":{"@id":"https:\/\/carpathiacenter.ro\/1-mai-ziua-internationala-a-muncii\/#primaryimage"},"thumbnailUrl":"https:\/\/carpathiacenter.ro\/wp-content\/uploads\/2025\/04\/protectia-muncii-securitate-si-sanatate-in-munca.jpg","articleSection":["Uncategorized"],"inLanguage":"en-GB","potentialAction":[{"@type":"CommentAction","name":"Comment","target":["https:\/\/carpathiacenter.ro\/1-mai-ziua-internationala-a-muncii\/#respond"]}]},{"@type":"WebPage","@id":"https:\/\/carpathiacenter.ro\/1-mai-ziua-internationala-a-muncii\/","url":"https:\/\/carpathiacenter.ro\/1-mai-ziua-internationala-a-muncii\/","name":"1 Mai - Ziua interna\u021bional\u0103 a muncii - Carpathia Center Romania","isPartOf":{"@id":"https:\/\/carpathiacenter.ro\/#website"},"primaryImageOfPage":{"@id":"https:\/\/carpathiacenter.ro\/1-mai-ziua-internationala-a-muncii\/#primaryimage"},"image":{"@id":"https:\/\/carpathiacenter.ro\/1-mai-ziua-internationala-a-muncii\/#primaryimage"},"thumbnailUrl":"https:\/\/carpathiacenter.ro\/wp-content\/uploads\/2025\/04\/protectia-muncii-securitate-si-sanatate-in-munca.jpg","datePublished":"2025-05-02T17:16:13+00:00","dateModified":"2025-05-02T17:16:17+00:00","breadcrumb":{"@id":"https:\/\/carpathiacenter.ro\/1-mai-ziua-internationala-a-muncii\/#breadcrumb"},"inLanguage":"en-GB","potentialAction":[{"@type":"ReadAction","target":["https:\/\/carpathiacenter.ro\/1-mai-ziua-internationala-a-muncii\/"]}]},{"@type":"ImageObject","inLanguage":"en-GB","@id":"https:\/\/carpathiacenter.ro\/1-mai-ziua-internationala-a-muncii\/#primaryimage","url":"https:\/\/carpathiacenter.ro\/wp-content\/uploads\/2025\/04\/protectia-muncii-securitate-si-sanatate-in-munca.jpg","contentUrl":"https:\/\/carpathiacenter.ro\/wp-content\/uploads\/2025\/04\/protectia-muncii-securitate-si-sanatate-in-munca.jpg","width":1200,"height":803},{"@type":"BreadcrumbList","@id":"https:\/\/carpathiacenter.ro\/1-mai-ziua-internationala-a-muncii\/#breadcrumb","itemListElement":[{"@type":"ListItem","position":1,"name":"Prima pagin\u0103","item":"https:\/\/carpathiacenter.ro\/"},{"@type":"ListItem","position":2,"name":"1 Mai &#8211; Ziua interna\u021bional\u0103 a muncii"}]},{"@type":"WebSite","@id":"https:\/\/carpathiacenter.ro\/#website","url":"https:\/\/carpathiacenter.ro\/","name":"Carpathia Center Romania","description":"Impossible made possible!","publisher":{"@id":"https:\/\/carpathiacenter.ro\/#organization"},"potentialAction":[{"@type":"SearchAction","target":{"@type":"EntryPoint","urlTemplate":"https:\/\/carpathiacenter.ro\/?s={search_term_string}"},"query-input":{"@type":"PropertyValueSpecification","valueRequired":true,"valueName":"search_term_string"}}],"inLanguage":"en-GB"},{"@type":"Organization","@id":"https:\/\/carpathiacenter.ro\/#organization","name":"Carpathia Center Romania","url":"https:\/\/carpathiacenter.ro\/","logo":{"@type":"ImageObject","inLanguage":"en-GB","@id":"https:\/\/carpathiacenter.ro\/#\/schema\/logo\/image\/","url":"https:\/\/carpathiacenter.ro\/wp-content\/uploads\/2024\/07\/logo-carpathia_bg_white-1024x941.png","contentUrl":"https:\/\/carpathiacenter.ro\/wp-content\/uploads\/2024\/07\/logo-carpathia_bg_white-1024x941.png","width":1024,"height":941,"caption":"Carpathia Center Romania"},"image":{"@id":"https:\/\/carpathiacenter.ro\/#\/schema\/logo\/image\/"},"sameAs":["https:\/\/www.facebook.com\/fdpscarpathia\/"]},{"@type":"Person","@id":"https:\/\/carpathiacenter.ro\/#\/schema\/person\/03d9f58202fee8379268f34afa195006","name":"creativebitsolutions","image":{"@type":"ImageObject","inLanguage":"en-GB","@id":"https:\/\/carpathiacenter.ro\/#\/schema\/person\/image\/","url":"https:\/\/secure.gravatar.com\/avatar\/1b1a13e37f847c635dab78348f1dff2f07651ee2a3d77a5c355a4b8c75f9165a?s=96&d=mm&r=g","contentUrl":"https:\/\/secure.gravatar.com\/avatar\/1b1a13e37f847c635dab78348f1dff2f07651ee2a3d77a5c355a4b8c75f9165a?s=96&d=mm&r=g","caption":"creativebitsolutions"},"url":"https:\/\/carpathiacenter.ro\/en\/author\/creativebitsolutions\/"}]}},"_links":{"self":[{"href":"https:\/\/carpathiacenter.ro\/en\/wp-json\/wp\/v2\/posts\/2273","targetHints":{"allow":["GET"]}}],"collection":[{"href":"https:\/\/carpathiacenter.ro\/en\/wp-json\/wp\/v2\/posts"}],"about":[{"href":"https:\/\/carpathiacenter.ro\/en\/wp-json\/wp\/v2\/types\/post"}],"author":[{"embeddable":true,"href":"https:\/\/carpathiacenter.ro\/en\/wp-json\/wp\/v2\/users\/4"}],"replies":[{"embeddable":true,"href":"https:\/\/carpathiacenter.ro\/en\/wp-json\/wp\/v2\/comments?post=2273"}],"version-history":[{"count":2,"href":"https:\/\/carpathiacenter.ro\/en\/wp-json\/wp\/v2\/posts\/2273\/revisions"}],"predecessor-version":[{"id":2276,"href":"https:\/\/carpathiacenter.ro\/en\/wp-json\/wp\/v2\/posts\/2273\/revisions\/2276"}],"wp:featuredmedia":[{"embeddable":true,"href":"https:\/\/carpathiacenter.ro\/en\/wp-json\/wp\/v2\/media\/2252"}],"wp:attachment":[{"href":"https:\/\/carpathiacenter.ro\/en\/wp-json\/wp\/v2\/media?parent=2273"}],"wp:term":[{"taxonomy":"category","embeddable":true,"href":"https:\/\/carpathiacenter.ro\/en\/wp-json\/wp\/v2\/categories?post=2273"},{"taxonomy":"post_tag","embeddable":true,"href":"https:\/\/carpathiacenter.ro\/en\/wp-json\/wp\/v2\/tags?post=2273"}],"curies":[{"name":"wp","href":"https:\/\/api.w.org\/{rel}","templated":true}]}}