{"id":2269,"date":"2025-04-30T07:51:31","date_gmt":"2025-04-30T07:51:31","guid":{"rendered":"https:\/\/carpathiacenter.ro\/?p=2269"},"modified":"2025-04-30T07:59:01","modified_gmt":"2025-04-30T07:59:01","slug":"guvern-nota-de-fundamentare-a-achizitiei-a-12-trenuri-de-metrou-pentru-magistrala-gara-de-nord-straulesti-pe-agenda-sedintei-de-miercuri","status":"publish","type":"post","link":"https:\/\/carpathiacenter.ro\/en\/guvern-nota-de-fundamentare-a-achizitiei-a-12-trenuri-de-metrou-pentru-magistrala-gara-de-nord-straulesti-pe-agenda-sedintei-de-miercuri\/","title":{"rendered":"Guvern: Nota de fundamentare a achizi\u021biei a 12 trenuri de metrou pentru Magistrala &#8216;Gara de Nord-Str\u0103ule\u0219ti&#8217;, pe agenda \u0219edin\u021bei de miercuri"},"content":{"rendered":"<p><strong>Proiectul de lege pentru ratificarea Protocolului \u00eentre guvernele Rom\u00e2niei \u0219i Turciei \u00een domeniul Educa\u021biei semnat la Ankara la 21 mai 2024 \u0219i proiectul de aprobare a Hot\u0103r\u00e2rii de Guvern pentru aprobarea Notei de fundamentare pentru achizi\u021bia a 12 trenuri electrice de metrou pentru Magistrala 4 &#8211; &#8216;Gara de Nord &#8211; Str\u0103ule\u0219ti&#8217; se num\u0103r\u0103 printre proiectele incluse, pe ordinea de zi, a \u0219edin\u021bei de guvern de miercuri.<\/strong><\/p>\n<p>Protocolul dintre guvernele Rom\u00e2niei \u0219i Turciei urm\u0103re\u0219te definirea, stabilirea \u0219i reglementarea principiilor \u0219i detaliilor privind organizarea \u0219i participarea la activit\u0103\u021bi de preg\u0103tire \u0219i schimburi de experien\u021b\u0103 efectuate \u00een \u0219coli \u0219i centre de preg\u0103tire ale Jandarmeriilor din Rom\u00e2nia \u0219i din Turcia.<\/p>\n<p>Potrivit Notei de fundamentare referitoare la trenurile de metrou, Metrorex SA este mandatat s\u0103 semneze contractul de achizi\u021bie public\u0103 cu furnizorul desemnat c\u00e2\u0219tig\u0103tor al procedurii de achizi\u021bie public\u0103. Cele 12 trenuri electrice de metrou pentru exploatarea Magistralei 4, Gara de Nord &#8211; Str\u0103ule\u0219ti le vor \u00eenlocui pe cele vechi, genera\u021bie IVA, \u0219i sunt vizate leg\u0103turi directe cu viitoarea Magistrala 6 de metrou 1 Mai &#8211; Otopeni. Pentru achizi\u021bionarea a 12 trenuri electrice de metrou noi, destinate transportului de c\u0103l\u0103tori, este necesar\u0103 suma total\u0103 de aproximativ 201,43 milioane de euro.<\/p>\n<p>&#8216;\u00cenlocuirea parcului de material rulant utilizat \u00een transportul public de c\u0103l\u0103tori cu metroul se va face prin achizi\u021bia de unit\u0103\u021bi de transport moderne, care s\u0103 asigure c\u0103l\u0103torilor condi\u021bii optime de efectuare a c\u0103l\u0103toriilor pe re\u021beaua de metrou, at\u00e2t din punct de vedere al confortului, c\u00e2t \u0219i din punct de vedere al sporirii mobilit\u0103\u021bii, prin introducerea unor noi oferte de servicii care s\u0103 \u021bin\u0103 cont de dinamica pie\u021bei transportului public de c\u0103l\u0103tori cu metroul \u0219i s\u0103 contribuie \u00een mod semnificativ la cre\u0219terea economic\u0103 \u0219i la cre\u0219terea calit\u0103\u021bii vie\u021bii&#8217;, se arat\u0103 \u00een Nota de fundamentare a proiectului de hot\u0103r\u00e2re de guvern.<\/p>\n<p>Printre proiectele de hot\u0103r\u00e2re de guvern se mai num\u0103r\u0103 cele care vizeaz\u0103 suplimentarea sumei pentru desp\u0103gubiri \u00een cazul exproprierilor aferente realiz\u0103rii Autostr\u0103zii Bra\u0219ov-T\u00e2rgu Mure\u0219-Cluj-Oradea, modificarea unor acte normative \u00een domeniul protec\u021biei persoanelor cu dizabilit\u0103\u021bi, \u00eenscrierea \u00een inventarul centralizat al bunurilor din domeniul public al statului a unor bunuri \u0219i darea acestora \u00een administrarea &#8216;Administra\u021biei Fluviale a Dun\u0103rii de Jos&#8217; R.A. Gala\u021bi, aprobarea Acordului de finan\u021bare \u00eencheiat \u00eentre Guvernul Rom\u00e2niei \u0219i Fondul European de Investi\u021bii, semnat la Bucure\u0219ti, la 4 decembrie 2024 \u0219i la Luxemburg, la 12 decembrie 2024.<\/p>\n<p>Alte proiecte de hot\u0103r\u00e2re de guvern se refer\u0103 la aprobarea Strategiei na\u021bionale pentru prevenirea recidivei 2025-2029, aprobarea cifrelor de \u0219colarizare pentru \u00eenv\u0103\u021b\u0103m\u00e2ntul preuniversitar de stat \u0219i pentru \u00eenv\u0103\u021b\u0103m\u00e2ntul superior de stat \u00een anul \u0219colar\/ universitar 2025-2026, opera\u021bionalizarea Platformei na\u021bionale de raportare unic\u0103 \u00een \u00eenv\u0103\u021b\u0103m\u00e2ntul superior.<\/p>\n<p>Guvernul va mai analiza proiectul de ordonan\u021b\u0103 de urgen\u021b\u0103 privind unele m\u0103suri pentru simplificarea procedurilor \u00een domeniul urbanismului \u0219i construc\u021biilor \u0219i accelerarea investi\u021biilor \u0219i proiectul de hot\u0103r\u00e2re guvern pentru aprobarea bugetului de venituri \u0219i cheltuieli pe anul 2025 pentru Administra\u021bia Na\u021bional\u0103 &#8216;Apele Rom\u00e2ne&#8217;.<\/p>\n<p>Pe ordinea de zi a \u0219edin\u021bei de guvern de miercuri se mai reg\u0103se\u0219te Memorandumul cu tema: &#8216;Aprobarea semn\u0103rii Declara\u021biei Ministeriale de la Bonn, &#8216;Forest Europe &#8211; Keeping Sustainable Forest Manangement Fit for the Future&#8217; \u0219i a Deciziei Ministeriale de la Bonn &#8216;Sustainable Forest Management as a tool to enhance forest resilience&#8221;. AGERPRES\/(AS &#8211; redactor: Livia Popescu, editor: Antonia Ni\u021b\u0103, editor online: Andreea Preda)<br \/>\n<br \/>\nSursa articolului:<a href=\"https:\/\/agerpres.ro\/politic\/2025\/04\/30\/guvern-nota-de-fundamentare-a-achizitiei-a-12-trenuri-de-metrou-pentru-magistrala-gara-de-nord-strau--1444368\" target=\"_blank\" rel=\"noopener\" title=\"\">https:\/\/agerpres.ro\/politic\/2025\/04\/30\/guvern-nota-de-fundamentare-a-achizitiei-a-12-trenuri-de-metrou-pentru-magistrala-gara-de-nord-strau&#8211;1444368<\/a><\/p>","protected":false},"excerpt":{"rendered":"<p>Proiectul de lege pentru ratificarea Protocolului \u00eentre guvernele Rom\u00e2niei \u0219i Turciei \u00een domeniul Educa\u021biei semnat la Ankara la 21 mai 2024 \u0219i proiectul de aprobare a Hot\u0103r\u00e2rii de Guvern pentru aprobarea Notei de fundamentare pentru achizi\u021bia a 12 trenuri electrice de metrou pentru Magistrala 4 &#8211; &#8216;Gara de Nord &#8211; Str\u0103ule\u0219ti&#8217; se num\u0103r\u0103 printre proiectele&#8230;<\/p>","protected":false},"author":4,"featured_media":2129,"comment_status":"open","ping_status":"open","sticky":false,"template":"","format":"standard","meta":{"footnotes":""},"categories":[1],"tags":[],"class_list":["post-2269","post","type-post","status-publish","format-standard","has-post-thumbnail","hentry","category-uncategorized"],"yoast_head":"<!-- This site is optimized with the Yoast SEO plugin v26.1.1 - https:\/\/yoast.com\/wordpress\/plugins\/seo\/ -->\n<title>Guvern: Nota de fundamentare a achizi\u021biei a 12 trenuri de metrou pentru Magistrala &#039;Gara de Nord-Str\u0103ule\u0219ti&#039;, pe agenda \u0219edin\u021bei de miercuri - Carpathia Center Romania<\/title>\n<meta name=\"robots\" content=\"index, follow, max-snippet:-1, max-image-preview:large, max-video-preview:-1\" \/>\n<link rel=\"canonical\" href=\"https:\/\/carpathiacenter.ro\/en\/guvern-nota-de-fundamentare-a-achizitiei-a-12-trenuri-de-metrou-pentru-magistrala-gara-de-nord-straulesti-pe-agenda-sedintei-de-miercuri\/\" \/>\n<meta property=\"og:locale\" content=\"en_GB\" \/>\n<meta property=\"og:type\" content=\"article\" \/>\n<meta property=\"og:title\" content=\"Guvern: Nota de fundamentare a achizi\u021biei a 12 trenuri de metrou pentru Magistrala &#039;Gara de Nord-Str\u0103ule\u0219ti&#039;, pe agenda \u0219edin\u021bei de miercuri - Carpathia Center Romania\" \/>\n<meta property=\"og:description\" content=\"Proiectul de lege pentru ratificarea Protocolului \u00eentre guvernele Rom\u00e2niei \u0219i Turciei \u00een domeniul Educa\u021biei semnat la Ankara la 21 mai 2024 \u0219i proiectul de aprobare a Hot\u0103r\u00e2rii de Guvern pentru aprobarea Notei de fundamentare pentru achizi\u021bia a 12 trenuri electrice de metrou pentru Magistrala 4 &#8211; &#8216;Gara de Nord &#8211; Str\u0103ule\u0219ti&#8217; se num\u0103r\u0103 printre proiectele...\" \/>\n<meta property=\"og:url\" content=\"https:\/\/carpathiacenter.ro\/en\/guvern-nota-de-fundamentare-a-achizitiei-a-12-trenuri-de-metrou-pentru-magistrala-gara-de-nord-straulesti-pe-agenda-sedintei-de-miercuri\/\" \/>\n<meta property=\"og:site_name\" content=\"Carpathia Center Romania\" \/>\n<meta property=\"article:publisher\" content=\"https:\/\/www.facebook.com\/fdpscarpathia\/\" \/>\n<meta property=\"article:published_time\" content=\"2025-04-30T07:51:31+00:00\" \/>\n<meta property=\"article:modified_time\" content=\"2025-04-30T07:59:01+00:00\" \/>\n<meta property=\"og:image\" content=\"https:\/\/carpathiacenter.ro\/wp-content\/uploads\/2025\/04\/sedinta_guvern.jpg\" \/>\n\t<meta property=\"og:image:width\" content=\"1200\" \/>\n\t<meta property=\"og:image:height\" content=\"800\" \/>\n\t<meta property=\"og:image:type\" content=\"image\/jpeg\" \/>\n<meta name=\"author\" content=\"creativebitsolutions\" \/>\n<meta name=\"twitter:card\" content=\"summary_large_image\" \/>\n<meta name=\"twitter:label1\" content=\"Written by\" \/>\n\t<meta name=\"twitter:data1\" content=\"creativebitsolutions\" \/>\n\t<meta name=\"twitter:label2\" content=\"Estimated reading time\" \/>\n\t<meta name=\"twitter:data2\" content=\"3 minutes\" \/>\n<script type=\"application\/ld+json\" class=\"yoast-schema-graph\">{\"@context\":\"https:\/\/schema.org\",\"@graph\":[{\"@type\":\"Article\",\"@id\":\"https:\/\/carpathiacenter.ro\/guvern-nota-de-fundamentare-a-achizitiei-a-12-trenuri-de-metrou-pentru-magistrala-gara-de-nord-straulesti-pe-agenda-sedintei-de-miercuri\/#article\",\"isPartOf\":{\"@id\":\"https:\/\/carpathiacenter.ro\/guvern-nota-de-fundamentare-a-achizitiei-a-12-trenuri-de-metrou-pentru-magistrala-gara-de-nord-straulesti-pe-agenda-sedintei-de-miercuri\/\"},\"author\":{\"name\":\"creativebitsolutions\",\"@id\":\"https:\/\/carpathiacenter.ro\/#\/schema\/person\/03d9f58202fee8379268f34afa195006\"},\"headline\":\"Guvern: Nota de fundamentare a achizi\u021biei a 12 trenuri de metrou pentru Magistrala &#8216;Gara de Nord-Str\u0103ule\u0219ti&#8217;, pe agenda \u0219edin\u021bei de miercuri\",\"datePublished\":\"2025-04-30T07:51:31+00:00\",\"dateModified\":\"2025-04-30T07:59:01+00:00\",\"mainEntityOfPage\":{\"@id\":\"https:\/\/carpathiacenter.ro\/guvern-nota-de-fundamentare-a-achizitiei-a-12-trenuri-de-metrou-pentru-magistrala-gara-de-nord-straulesti-pe-agenda-sedintei-de-miercuri\/\"},\"wordCount\":643,\"commentCount\":0,\"publisher\":{\"@id\":\"https:\/\/carpathiacenter.ro\/#organization\"},\"image\":{\"@id\":\"https:\/\/carpathiacenter.ro\/guvern-nota-de-fundamentare-a-achizitiei-a-12-trenuri-de-metrou-pentru-magistrala-gara-de-nord-straulesti-pe-agenda-sedintei-de-miercuri\/#primaryimage\"},\"thumbnailUrl\":\"https:\/\/carpathiacenter.ro\/wp-content\/uploads\/2025\/04\/sedinta_guvern.jpg\",\"articleSection\":[\"Uncategorized\"],\"inLanguage\":\"en-GB\",\"potentialAction\":[{\"@type\":\"CommentAction\",\"name\":\"Comment\",\"target\":[\"https:\/\/carpathiacenter.ro\/guvern-nota-de-fundamentare-a-achizitiei-a-12-trenuri-de-metrou-pentru-magistrala-gara-de-nord-straulesti-pe-agenda-sedintei-de-miercuri\/#respond\"]}]},{\"@type\":\"WebPage\",\"@id\":\"https:\/\/carpathiacenter.ro\/guvern-nota-de-fundamentare-a-achizitiei-a-12-trenuri-de-metrou-pentru-magistrala-gara-de-nord-straulesti-pe-agenda-sedintei-de-miercuri\/\",\"url\":\"https:\/\/carpathiacenter.ro\/guvern-nota-de-fundamentare-a-achizitiei-a-12-trenuri-de-metrou-pentru-magistrala-gara-de-nord-straulesti-pe-agenda-sedintei-de-miercuri\/\",\"name\":\"Guvern: Nota de fundamentare a achizi\u021biei a 12 trenuri de metrou pentru Magistrala 'Gara de Nord-Str\u0103ule\u0219ti', pe agenda \u0219edin\u021bei de miercuri - Carpathia Center Romania\",\"isPartOf\":{\"@id\":\"https:\/\/carpathiacenter.ro\/#website\"},\"primaryImageOfPage\":{\"@id\":\"https:\/\/carpathiacenter.ro\/guvern-nota-de-fundamentare-a-achizitiei-a-12-trenuri-de-metrou-pentru-magistrala-gara-de-nord-straulesti-pe-agenda-sedintei-de-miercuri\/#primaryimage\"},\"image\":{\"@id\":\"https:\/\/carpathiacenter.ro\/guvern-nota-de-fundamentare-a-achizitiei-a-12-trenuri-de-metrou-pentru-magistrala-gara-de-nord-straulesti-pe-agenda-sedintei-de-miercuri\/#primaryimage\"},\"thumbnailUrl\":\"https:\/\/carpathiacenter.ro\/wp-content\/uploads\/2025\/04\/sedinta_guvern.jpg\",\"datePublished\":\"2025-04-30T07:51:31+00:00\",\"dateModified\":\"2025-04-30T07:59:01+00:00\",\"breadcrumb\":{\"@id\":\"https:\/\/carpathiacenter.ro\/guvern-nota-de-fundamentare-a-achizitiei-a-12-trenuri-de-metrou-pentru-magistrala-gara-de-nord-straulesti-pe-agenda-sedintei-de-miercuri\/#breadcrumb\"},\"inLanguage\":\"en-GB\",\"potentialAction\":[{\"@type\":\"ReadAction\",\"target\":[\"https:\/\/carpathiacenter.ro\/guvern-nota-de-fundamentare-a-achizitiei-a-12-trenuri-de-metrou-pentru-magistrala-gara-de-nord-straulesti-pe-agenda-sedintei-de-miercuri\/\"]}]},{\"@type\":\"ImageObject\",\"inLanguage\":\"en-GB\",\"@id\":\"https:\/\/carpathiacenter.ro\/guvern-nota-de-fundamentare-a-achizitiei-a-12-trenuri-de-metrou-pentru-magistrala-gara-de-nord-straulesti-pe-agenda-sedintei-de-miercuri\/#primaryimage\",\"url\":\"https:\/\/carpathiacenter.ro\/wp-content\/uploads\/2025\/04\/sedinta_guvern.jpg\",\"contentUrl\":\"https:\/\/carpathiacenter.ro\/wp-content\/uploads\/2025\/04\/sedinta_guvern.jpg\",\"width\":1200,\"height\":800},{\"@type\":\"BreadcrumbList\",\"@id\":\"https:\/\/carpathiacenter.ro\/guvern-nota-de-fundamentare-a-achizitiei-a-12-trenuri-de-metrou-pentru-magistrala-gara-de-nord-straulesti-pe-agenda-sedintei-de-miercuri\/#breadcrumb\",\"itemListElement\":[{\"@type\":\"ListItem\",\"position\":1,\"name\":\"Prima pagin\u0103\",\"item\":\"https:\/\/carpathiacenter.ro\/\"},{\"@type\":\"ListItem\",\"position\":2,\"name\":\"Guvern: Nota de fundamentare a achizi\u021biei a 12 trenuri de metrou pentru Magistrala &#8216;Gara de Nord-Str\u0103ule\u0219ti&#8217;, pe agenda \u0219edin\u021bei de miercuri\"}]},{\"@type\":\"WebSite\",\"@id\":\"https:\/\/carpathiacenter.ro\/#website\",\"url\":\"https:\/\/carpathiacenter.ro\/\",\"name\":\"Carpathia Center Romania\",\"description\":\"Impossible made possible!\",\"publisher\":{\"@id\":\"https:\/\/carpathiacenter.ro\/#organization\"},\"potentialAction\":[{\"@type\":\"SearchAction\",\"target\":{\"@type\":\"EntryPoint\",\"urlTemplate\":\"https:\/\/carpathiacenter.ro\/?s={search_term_string}\"},\"query-input\":{\"@type\":\"PropertyValueSpecification\",\"valueRequired\":true,\"valueName\":\"search_term_string\"}}],\"inLanguage\":\"en-GB\"},{\"@type\":\"Organization\",\"@id\":\"https:\/\/carpathiacenter.ro\/#organization\",\"name\":\"Carpathia Center Romania\",\"url\":\"https:\/\/carpathiacenter.ro\/\",\"logo\":{\"@type\":\"ImageObject\",\"inLanguage\":\"en-GB\",\"@id\":\"https:\/\/carpathiacenter.ro\/#\/schema\/logo\/image\/\",\"url\":\"https:\/\/carpathiacenter.ro\/wp-content\/uploads\/2024\/07\/logo-carpathia_bg_white-1024x941.png\",\"contentUrl\":\"https:\/\/carpathiacenter.ro\/wp-content\/uploads\/2024\/07\/logo-carpathia_bg_white-1024x941.png\",\"width\":1024,\"height\":941,\"caption\":\"Carpathia Center Romania\"},\"image\":{\"@id\":\"https:\/\/carpathiacenter.ro\/#\/schema\/logo\/image\/\"},\"sameAs\":[\"https:\/\/www.facebook.com\/fdpscarpathia\/\"]},{\"@type\":\"Person\",\"@id\":\"https:\/\/carpathiacenter.ro\/#\/schema\/person\/03d9f58202fee8379268f34afa195006\",\"name\":\"creativebitsolutions\",\"image\":{\"@type\":\"ImageObject\",\"inLanguage\":\"en-GB\",\"@id\":\"https:\/\/carpathiacenter.ro\/#\/schema\/person\/image\/\",\"url\":\"https:\/\/secure.gravatar.com\/avatar\/1b1a13e37f847c635dab78348f1dff2f07651ee2a3d77a5c355a4b8c75f9165a?s=96&d=mm&r=g\",\"contentUrl\":\"https:\/\/secure.gravatar.com\/avatar\/1b1a13e37f847c635dab78348f1dff2f07651ee2a3d77a5c355a4b8c75f9165a?s=96&d=mm&r=g\",\"caption\":\"creativebitsolutions\"},\"url\":\"https:\/\/carpathiacenter.ro\/en\/author\/creativebitsolutions\/\"}]}<\/script>\n<!-- \/ Yoast SEO plugin. -->","yoast_head_json":{"title":"Guvern: Nota de fundamentare a achizi\u021biei a 12 trenuri de metrou pentru Magistrala 'Gara de Nord-Str\u0103ule\u0219ti', pe agenda \u0219edin\u021bei de miercuri - Carpathia Center Romania","robots":{"index":"index","follow":"follow","max-snippet":"max-snippet:-1","max-image-preview":"max-image-preview:large","max-video-preview":"max-video-preview:-1"},"canonical":"https:\/\/carpathiacenter.ro\/en\/guvern-nota-de-fundamentare-a-achizitiei-a-12-trenuri-de-metrou-pentru-magistrala-gara-de-nord-straulesti-pe-agenda-sedintei-de-miercuri\/","og_locale":"en_GB","og_type":"article","og_title":"Guvern: Nota de fundamentare a achizi\u021biei a 12 trenuri de metrou pentru Magistrala 'Gara de Nord-Str\u0103ule\u0219ti', pe agenda \u0219edin\u021bei de miercuri - Carpathia Center Romania","og_description":"Proiectul de lege pentru ratificarea Protocolului \u00eentre guvernele Rom\u00e2niei \u0219i Turciei \u00een domeniul Educa\u021biei semnat la Ankara la 21 mai 2024 \u0219i proiectul de aprobare a Hot\u0103r\u00e2rii de Guvern pentru aprobarea Notei de fundamentare pentru achizi\u021bia a 12 trenuri electrice de metrou pentru Magistrala 4 &#8211; &#8216;Gara de Nord &#8211; Str\u0103ule\u0219ti&#8217; se num\u0103r\u0103 printre proiectele...","og_url":"https:\/\/carpathiacenter.ro\/en\/guvern-nota-de-fundamentare-a-achizitiei-a-12-trenuri-de-metrou-pentru-magistrala-gara-de-nord-straulesti-pe-agenda-sedintei-de-miercuri\/","og_site_name":"Carpathia Center Romania","article_publisher":"https:\/\/www.facebook.com\/fdpscarpathia\/","article_published_time":"2025-04-30T07:51:31+00:00","article_modified_time":"2025-04-30T07:59:01+00:00","og_image":[{"width":1200,"height":800,"url":"https:\/\/carpathiacenter.ro\/wp-content\/uploads\/2025\/04\/sedinta_guvern.jpg","type":"image\/jpeg"}],"author":"creativebitsolutions","twitter_card":"summary_large_image","twitter_misc":{"Written by":"creativebitsolutions","Estimated reading time":"3 minutes"},"schema":{"@context":"https:\/\/schema.org","@graph":[{"@type":"Article","@id":"https:\/\/carpathiacenter.ro\/guvern-nota-de-fundamentare-a-achizitiei-a-12-trenuri-de-metrou-pentru-magistrala-gara-de-nord-straulesti-pe-agenda-sedintei-de-miercuri\/#article","isPartOf":{"@id":"https:\/\/carpathiacenter.ro\/guvern-nota-de-fundamentare-a-achizitiei-a-12-trenuri-de-metrou-pentru-magistrala-gara-de-nord-straulesti-pe-agenda-sedintei-de-miercuri\/"},"author":{"name":"creativebitsolutions","@id":"https:\/\/carpathiacenter.ro\/#\/schema\/person\/03d9f58202fee8379268f34afa195006"},"headline":"Guvern: Nota de fundamentare a achizi\u021biei a 12 trenuri de metrou pentru Magistrala &#8216;Gara de Nord-Str\u0103ule\u0219ti&#8217;, pe agenda \u0219edin\u021bei de miercuri","datePublished":"2025-04-30T07:51:31+00:00","dateModified":"2025-04-30T07:59:01+00:00","mainEntityOfPage":{"@id":"https:\/\/carpathiacenter.ro\/guvern-nota-de-fundamentare-a-achizitiei-a-12-trenuri-de-metrou-pentru-magistrala-gara-de-nord-straulesti-pe-agenda-sedintei-de-miercuri\/"},"wordCount":643,"commentCount":0,"publisher":{"@id":"https:\/\/carpathiacenter.ro\/#organization"},"image":{"@id":"https:\/\/carpathiacenter.ro\/guvern-nota-de-fundamentare-a-achizitiei-a-12-trenuri-de-metrou-pentru-magistrala-gara-de-nord-straulesti-pe-agenda-sedintei-de-miercuri\/#primaryimage"},"thumbnailUrl":"https:\/\/carpathiacenter.ro\/wp-content\/uploads\/2025\/04\/sedinta_guvern.jpg","articleSection":["Uncategorized"],"inLanguage":"en-GB","potentialAction":[{"@type":"CommentAction","name":"Comment","target":["https:\/\/carpathiacenter.ro\/guvern-nota-de-fundamentare-a-achizitiei-a-12-trenuri-de-metrou-pentru-magistrala-gara-de-nord-straulesti-pe-agenda-sedintei-de-miercuri\/#respond"]}]},{"@type":"WebPage","@id":"https:\/\/carpathiacenter.ro\/guvern-nota-de-fundamentare-a-achizitiei-a-12-trenuri-de-metrou-pentru-magistrala-gara-de-nord-straulesti-pe-agenda-sedintei-de-miercuri\/","url":"https:\/\/carpathiacenter.ro\/guvern-nota-de-fundamentare-a-achizitiei-a-12-trenuri-de-metrou-pentru-magistrala-gara-de-nord-straulesti-pe-agenda-sedintei-de-miercuri\/","name":"Guvern: Nota de fundamentare a achizi\u021biei a 12 trenuri de metrou pentru Magistrala 'Gara de Nord-Str\u0103ule\u0219ti', pe agenda \u0219edin\u021bei de miercuri - Carpathia Center Romania","isPartOf":{"@id":"https:\/\/carpathiacenter.ro\/#website"},"primaryImageOfPage":{"@id":"https:\/\/carpathiacenter.ro\/guvern-nota-de-fundamentare-a-achizitiei-a-12-trenuri-de-metrou-pentru-magistrala-gara-de-nord-straulesti-pe-agenda-sedintei-de-miercuri\/#primaryimage"},"image":{"@id":"https:\/\/carpathiacenter.ro\/guvern-nota-de-fundamentare-a-achizitiei-a-12-trenuri-de-metrou-pentru-magistrala-gara-de-nord-straulesti-pe-agenda-sedintei-de-miercuri\/#primaryimage"},"thumbnailUrl":"https:\/\/carpathiacenter.ro\/wp-content\/uploads\/2025\/04\/sedinta_guvern.jpg","datePublished":"2025-04-30T07:51:31+00:00","dateModified":"2025-04-30T07:59:01+00:00","breadcrumb":{"@id":"https:\/\/carpathiacenter.ro\/guvern-nota-de-fundamentare-a-achizitiei-a-12-trenuri-de-metrou-pentru-magistrala-gara-de-nord-straulesti-pe-agenda-sedintei-de-miercuri\/#breadcrumb"},"inLanguage":"en-GB","potentialAction":[{"@type":"ReadAction","target":["https:\/\/carpathiacenter.ro\/guvern-nota-de-fundamentare-a-achizitiei-a-12-trenuri-de-metrou-pentru-magistrala-gara-de-nord-straulesti-pe-agenda-sedintei-de-miercuri\/"]}]},{"@type":"ImageObject","inLanguage":"en-GB","@id":"https:\/\/carpathiacenter.ro\/guvern-nota-de-fundamentare-a-achizitiei-a-12-trenuri-de-metrou-pentru-magistrala-gara-de-nord-straulesti-pe-agenda-sedintei-de-miercuri\/#primaryimage","url":"https:\/\/carpathiacenter.ro\/wp-content\/uploads\/2025\/04\/sedinta_guvern.jpg","contentUrl":"https:\/\/carpathiacenter.ro\/wp-content\/uploads\/2025\/04\/sedinta_guvern.jpg","width":1200,"height":800},{"@type":"BreadcrumbList","@id":"https:\/\/carpathiacenter.ro\/guvern-nota-de-fundamentare-a-achizitiei-a-12-trenuri-de-metrou-pentru-magistrala-gara-de-nord-straulesti-pe-agenda-sedintei-de-miercuri\/#breadcrumb","itemListElement":[{"@type":"ListItem","position":1,"name":"Prima pagin\u0103","item":"https:\/\/carpathiacenter.ro\/"},{"@type":"ListItem","position":2,"name":"Guvern: Nota de fundamentare a achizi\u021biei a 12 trenuri de metrou pentru Magistrala &#8216;Gara de Nord-Str\u0103ule\u0219ti&#8217;, pe agenda \u0219edin\u021bei de miercuri"}]},{"@type":"WebSite","@id":"https:\/\/carpathiacenter.ro\/#website","url":"https:\/\/carpathiacenter.ro\/","name":"Carpathia Center Romania","description":"Impossible made possible!","publisher":{"@id":"https:\/\/carpathiacenter.ro\/#organization"},"potentialAction":[{"@type":"SearchAction","target":{"@type":"EntryPoint","urlTemplate":"https:\/\/carpathiacenter.ro\/?s={search_term_string}"},"query-input":{"@type":"PropertyValueSpecification","valueRequired":true,"valueName":"search_term_string"}}],"inLanguage":"en-GB"},{"@type":"Organization","@id":"https:\/\/carpathiacenter.ro\/#organization","name":"Carpathia Center Romania","url":"https:\/\/carpathiacenter.ro\/","logo":{"@type":"ImageObject","inLanguage":"en-GB","@id":"https:\/\/carpathiacenter.ro\/#\/schema\/logo\/image\/","url":"https:\/\/carpathiacenter.ro\/wp-content\/uploads\/2024\/07\/logo-carpathia_bg_white-1024x941.png","contentUrl":"https:\/\/carpathiacenter.ro\/wp-content\/uploads\/2024\/07\/logo-carpathia_bg_white-1024x941.png","width":1024,"height":941,"caption":"Carpathia Center Romania"},"image":{"@id":"https:\/\/carpathiacenter.ro\/#\/schema\/logo\/image\/"},"sameAs":["https:\/\/www.facebook.com\/fdpscarpathia\/"]},{"@type":"Person","@id":"https:\/\/carpathiacenter.ro\/#\/schema\/person\/03d9f58202fee8379268f34afa195006","name":"creativebitsolutions","image":{"@type":"ImageObject","inLanguage":"en-GB","@id":"https:\/\/carpathiacenter.ro\/#\/schema\/person\/image\/","url":"https:\/\/secure.gravatar.com\/avatar\/1b1a13e37f847c635dab78348f1dff2f07651ee2a3d77a5c355a4b8c75f9165a?s=96&d=mm&r=g","contentUrl":"https:\/\/secure.gravatar.com\/avatar\/1b1a13e37f847c635dab78348f1dff2f07651ee2a3d77a5c355a4b8c75f9165a?s=96&d=mm&r=g","caption":"creativebitsolutions"},"url":"https:\/\/carpathiacenter.ro\/en\/author\/creativebitsolutions\/"}]}},"_links":{"self":[{"href":"https:\/\/carpathiacenter.ro\/en\/wp-json\/wp\/v2\/posts\/2269","targetHints":{"allow":["GET"]}}],"collection":[{"href":"https:\/\/carpathiacenter.ro\/en\/wp-json\/wp\/v2\/posts"}],"about":[{"href":"https:\/\/carpathiacenter.ro\/en\/wp-json\/wp\/v2\/types\/post"}],"author":[{"embeddable":true,"href":"https:\/\/carpathiacenter.ro\/en\/wp-json\/wp\/v2\/users\/4"}],"replies":[{"embeddable":true,"href":"https:\/\/carpathiacenter.ro\/en\/wp-json\/wp\/v2\/comments?post=2269"}],"version-history":[{"count":1,"href":"https:\/\/carpathiacenter.ro\/en\/wp-json\/wp\/v2\/posts\/2269\/revisions"}],"predecessor-version":[{"id":2271,"href":"https:\/\/carpathiacenter.ro\/en\/wp-json\/wp\/v2\/posts\/2269\/revisions\/2271"}],"wp:featuredmedia":[{"embeddable":true,"href":"https:\/\/carpathiacenter.ro\/en\/wp-json\/wp\/v2\/media\/2129"}],"wp:attachment":[{"href":"https:\/\/carpathiacenter.ro\/en\/wp-json\/wp\/v2\/media?parent=2269"}],"wp:term":[{"taxonomy":"category","embeddable":true,"href":"https:\/\/carpathiacenter.ro\/en\/wp-json\/wp\/v2\/categories?post=2269"},{"taxonomy":"post_tag","embeddable":true,"href":"https:\/\/carpathiacenter.ro\/en\/wp-json\/wp\/v2\/tags?post=2269"}],"curies":[{"name":"wp","href":"https:\/\/api.w.org\/{rel}","templated":true}]}}