{"id":2266,"date":"2025-04-30T07:48:51","date_gmt":"2025-04-30T07:48:51","guid":{"rendered":"https:\/\/carpathiacenter.ro\/?p=2266"},"modified":"2025-04-30T07:48:51","modified_gmt":"2025-04-30T07:48:51","slug":"csat-convocat-pentru-30-aprilie-pe-agenda-planul-de-raspuns-european-readiness-2030-procedura-reuniunilor","status":"publish","type":"post","link":"https:\/\/carpathiacenter.ro\/en\/csat-convocat-pentru-30-aprilie-pe-agenda-planul-de-raspuns-european-readiness-2030-procedura-reuniunilor\/","title":{"rendered":"CSAT, convocat pentru 30 aprilie: pe agend\u0103, Planul de R\u0103spuns European &#8211; Readiness 2030 (procedura reuniunilor)"},"content":{"rendered":"<p>Pre\u0219edintele interimar, Ilie Bolojan, a convocat \u0219edin\u021ba Consiliului Suprem de Ap\u0103rare a \u021a\u0103rii (CSAT) pentru 30 aprilie, ora 14:00, la Palatul Cotroceni, informeaz\u0103 Administra\u021bia Preziden\u021bial\u0103.<\/p>\n<p>Potrivit sursei citate, pe ordinea de zi a \u0219edin\u021bei CSAT sunt incluse subiecte referitoare la:<br \/>\n* Participarea Rom\u00e2niei la Planul de R\u0103spuns European &#8211; Readiness 2030;<br \/>\n* Proiectul de Lege a ap\u0103r\u0103rii na\u021bionale a Rom\u00e2niei;<br \/>\n* Planul na\u021bional privind mobilitatea militar\u0103;<br \/>\n* Proiectul de Lege privind unele m\u0103suri necesare pentru implementarea proiectelor de securitate na\u021bional\u0103 \u00een domeniul hidroenergiei;<br \/>\n* Viziunea strategic\u0103 na\u021bional\u0103 \u00een domeniul spa\u021bial.<\/p>\n<p>Planul de re\u00eenarmare a Europei &#8216;ReArm Europe &#8211; Readiness 2030&#8217; a fost prezentat de pre\u0219edinta Comisiei Europene, Ursula von der Leyen, la 4 martie 2025 \u0219i va permite UE efectuarea unor cheltuieli de peste 800 miliarde de euro, structurate \u00een jurul urm\u0103torilor piloni: deblocarea utiliz\u0103rii fondurilor publice \u00een domeniul ap\u0103r\u0103rii la nivel na\u021bional; un nou instrument dedicat Ac\u021biunilor pentru securitatea Europei (SAFE); valorificarea posibilit\u0103\u021bilor oferite de Grupul BEI \u0219i mobilizarea capitalului privat prin accelerarea uniunii economiilor \u0219i investi\u021biilor, conform site-ului https:\/\/ec.europa.eu\/.<\/p>\n<p>Pre\u0219edintele interimar, Ilie Bolojan, a mai convocat CSAT la 28 martie 2025. \u00cen cadrul \u0219edin\u021bei din 28 martie au fost analizate evolu\u021biile r\u0103zboiului declan\u0219at de Federa\u021bia Rus\u0103 \u00eempotriva Ucrainei, cu accent pe analiza situa\u021biei din teren, precum \u0219i pe stadiul \u0219i perspectivele negocierilor privind solu\u021bionarea acestui r\u0103zboi de agresiune. &#8216;Rom\u00e2nia, ca \u021bar\u0103 vecin\u0103, cu cea mai lung\u0103 grani\u021b\u0103 terestr\u0103 \u0219i maritim\u0103 cu Ucraina, este direct interesat\u0103 de \u00eencheierea r\u0103zboiului. Dorim ca Ucraina s\u0103 se bucure de pace \u0219i s\u0103-\u0219i poat\u0103 urma parcursul european, conform deciziilor adoptate la nivelul Uniunii Europene. Sprijinul nostru pentru Ucraina va continua.&#8217;, se arat\u0103 \u00eentr-un comunicat al pre\u0219edin\u021biei, pe site-ul https:\/\/csat.presidency.ro\/.<\/p>\n<p>***<\/p>\n<p>Ultima reuniune prezidat\u0103 de pre\u0219edintele Klaus Iohannis (21 dec. 2014 &#8211; 12 febr. 2025) a avut loc la 19 septembrie 2024. Una dintre temele abordate a fost cea referitoare la evolu\u021biile privind agresiunea Rusiei \u00eempotriva Ucrainei, inclusiv ultimele escalad\u0103ri, care constituie noi \u00eenc\u0103lc\u0103ri flagrante ale dreptului interna\u021bional de c\u0103tre Federa\u021bia Rus\u0103. A fost analizat impactul acestor escalad\u0103ri asupra securit\u0103\u021bii regionale la Marea Neagr\u0103, cu implica\u021bii semnificative \u00een plan european \u0219i euroatlantic, \u0219i s-au discutat m\u0103suri suplimentare de descurajare \u0219i combatere a amenin\u021b\u0103rilor de securitate, care s\u0103 fie implementate la nivel na\u021bional, precum \u0219i cu sprijinul Alia\u021bilor \u00een cadrul NATO, potrivit https:\/\/csat.presidency.ro\/.<\/p>\n<p>Un alt subiect analizat de CSAT \u00een 19 septembrie 2024 a fost legat de op\u021biunile pentru consolidarea Parteneriatului Strategic cu Republica Moldova, fiind subliniate riscurile \u00een vederea gestion\u0103rii eficiente \u0219i consecvente a procesului de integrare european\u0103 a Republicii Moldova. \u00cen acest sens, au fost eviden\u021biate oportunit\u0103\u021bile majore care decurg din procesul de aderare a Republicii Moldova la Uniunea European\u0103, dar \u0219i provoc\u0103rile cu care se confrunt\u0103 \u00een contextul ac\u021biunilor hibride ale Federa\u021biei Ruse \u0219i al r\u0103zboiului de agresiune dus \u00eempotriva Ucrainei.<\/p>\n<p>Membrii Consiliului au mai analizat \u0219i aprobat, \u00een context, \u0219i Planul Na\u021bional de Implementare a Pactului Civil \u00een domeniul Politicii de Securitate \u0219i Ap\u0103rare Comun\u0103 (PSAC), ca urmare a adopt\u0103rii unui nou Pact Civil al PSAC de c\u0103tre Uniunea European\u0103. Noul Pact stabile\u0219te un nivel de ambi\u021bie superior al UE \u00een domeniul Politicii de Securitate \u0219i Ap\u0103rare Comun\u0103, urm\u0103rind s\u0103 sporeasc\u0103 eficacitatea, flexibilitatea \u0219i robuste\u021bea misiunilor civile prin promovarea unei abord\u0103ri modulare, pentru a cre\u0219te eficien\u021ba \u0219i viteza de r\u0103spuns a Uniunii Europene \u00een ceea ce prive\u0219te gestionarea civil\u0103 a crizelor, \u00een condi\u021biile unor resurse limitate.<\/p>\n<p>Nu \u00een ultimul r\u00e2nd, CSAT a abordat \u0219i Planul de \u00eenzestrare a Armatei Rom\u00e2niei 2025-2034, document de referin\u021b\u0103 pentru planificarea armamentelor, prin care se realizeaz\u0103 corelarea dintre nevoile opera\u021bionale de tehnic\u0103 \u0219i echipamente militare pentru dotarea structurii de for\u021be \u0219i resursele financiare preconizate a fi alocate pentru \u00eenzestrare, urm\u00e2nd ca discu\u021biile pe acest subiect s\u0103 fie continuate. \u00cen acest sens, pentru protejarea intereselor esen\u021biale de securitate \u0219i asigurarea securit\u0103\u021bii aprovizion\u0103rii, Rom\u00e2nia este direct interesat\u0103 ca pe teritoriul na\u021bional s\u0103 existe capacit\u0103\u021bi industriale care s\u0103 poat\u0103 asigura at\u00e2t producerea de tehnic\u0103 militar\u0103 modern\u0103 pentru dotarea structurii de for\u021be pe timp de pace \u0219i men\u021binerea \u00een stare opera\u021bional\u0103 a echipamentelor achizi\u021bionate, c\u00e2t \u0219i fabricarea \u0219i dezvoltarea de noi echipamente care s\u0103 contribuie la multiplicarea capabilit\u0103\u021bilor militare \u00een situa\u021bii de criz\u0103 sau r\u0103zboi, se mai arat\u0103 pe site-ul https:\/\/csat.presidency.ro\/.<\/p>\n<p>\u00cen timpul celui de-al doilea mandat al pre\u0219edintelui Klaus Iohannis (2019-2025), CSAT a fost convocat, conform sursei men\u021bionate, de aproximativ 17 ori.<\/p>\n<p>***<\/p>\n<p>Consiliul Suprem de Ap\u0103rare a \u021a\u0103rii este, conform Constitu\u021biei, o autoritate administrativ\u0103 autonom\u0103, sub controlul Parlamentului, care se ocup\u0103 cu organizarea \u0219i coordonarea unitar\u0103 a activit\u0103\u021bilor care privesc ap\u0103rarea \u021b\u0103rii \u0219i siguran\u021ba na\u021bional\u0103.<\/p>\n<p>Pre\u0219edintele \u021b\u0103rii \u00eendepline\u0219te func\u021bia de pre\u0219edinte al CSAT, \u00een timp ce prim-ministrul este vicepre\u0219edinte al Consiliului. Membrii CSAT sunt: ministrul Ap\u0103r\u0103rii Na\u021bionale, ministrul Afacerilor Interne, ministrul Afacerilor Externe, ministrul Justi\u021biei, ministrul Economiei, ministrul Finan\u021belor Publice, directorul Serviciului Rom\u00e2n de Informa\u021bii, directorul Serviciului de Informa\u021bii Externe, \u0219eful Statului Major al Ap\u0103r\u0103rii \u0219i consilierul preziden\u021bial pentru securitate na\u021bional\u0103.<\/p>\n<p>CSAT se convoac\u0103 de c\u0103tre pre\u0219edintele acestuia, trimestrial sau ori de c\u00e2te ori este necesar, dar poate fi convocat \u0219i la ini\u021biativa a cel pu\u021bin unei treimi din num\u0103rul membrilor s\u0103i.<\/p>\n<p>\u0218edin\u021bele CSAT au un caracter secret, se desf\u0103\u0219oar\u0103 \u00een prezen\u021ba a cel pu\u021bin dou\u0103 treimi din num\u0103rul membrilor s\u0103i \u0219i sunt conduse de pre\u0219edintele acestuia, iar \u00een absen\u021ba sa, de vicepre\u0219edinte. Ordinea de zi este stabilit\u0103 de pre\u0219edinte, cu consultarea vicepre\u0219edintelui. AGERPRES\/ (Documentare &#8211; Ionela Gavril, editor: Irina Andreea Cristea, editor online: Anda Badea)<br \/>\n<br \/>\nSursa articolului:<a href=\"https:\/\/agerpres.ro\/documentare\/2025\/04\/30\/csat-convocat-pentru-30-aprilie-pe-agenda-planul-de-raspuns-european---readiness-2030-procedura-reun--1444408\" target=\"_blank\" rel=\"noopener\" title=\"\">https:\/\/agerpres.ro\/documentare\/2025\/04\/30\/csat-convocat-pentru-30-aprilie-pe-agenda-planul-de-raspuns-european&#8212;readiness-2030-procedura-reun&#8211;1444408<\/a><\/p>","protected":false},"excerpt":{"rendered":"<p>Pre\u0219edintele interimar, Ilie Bolojan, a convocat \u0219edin\u021ba Consiliului Suprem de Ap\u0103rare a \u021a\u0103rii (CSAT) pentru 30 aprilie, ora 14:00, la Palatul Cotroceni, informeaz\u0103 Administra\u021bia Preziden\u021bial\u0103. Potrivit sursei citate, pe ordinea de zi a \u0219edin\u021bei CSAT sunt incluse subiecte referitoare la: * Participarea Rom\u00e2niei la Planul de R\u0103spuns European &#8211; Readiness 2030; * Proiectul de Lege&#8230;<\/p>","protected":false},"author":4,"featured_media":2059,"comment_status":"open","ping_status":"open","sticky":false,"template":"","format":"standard","meta":{"footnotes":""},"categories":[1],"tags":[],"class_list":["post-2266","post","type-post","status-publish","format-standard","has-post-thumbnail","hentry","category-uncategorized"],"yoast_head":"<!-- This site is optimized with the Yoast SEO plugin v26.1.1 - https:\/\/yoast.com\/wordpress\/plugins\/seo\/ -->\n<title>CSAT, convocat pentru 30 aprilie: pe agend\u0103, Planul de R\u0103spuns European - Readiness 2030 (procedura reuniunilor) - Carpathia Center Romania<\/title>\n<meta name=\"robots\" content=\"index, follow, max-snippet:-1, max-image-preview:large, max-video-preview:-1\" \/>\n<link rel=\"canonical\" href=\"https:\/\/carpathiacenter.ro\/en\/csat-convocat-pentru-30-aprilie-pe-agenda-planul-de-raspuns-european-readiness-2030-procedura-reuniunilor\/\" \/>\n<meta property=\"og:locale\" content=\"en_GB\" \/>\n<meta property=\"og:type\" content=\"article\" \/>\n<meta property=\"og:title\" content=\"CSAT, convocat pentru 30 aprilie: pe agend\u0103, Planul de R\u0103spuns European - Readiness 2030 (procedura reuniunilor) - Carpathia Center Romania\" \/>\n<meta property=\"og:description\" content=\"Pre\u0219edintele interimar, Ilie Bolojan, a convocat \u0219edin\u021ba Consiliului Suprem de Ap\u0103rare a \u021a\u0103rii (CSAT) pentru 30 aprilie, ora 14:00, la Palatul Cotroceni, informeaz\u0103 Administra\u021bia Preziden\u021bial\u0103. Potrivit sursei citate, pe ordinea de zi a \u0219edin\u021bei CSAT sunt incluse subiecte referitoare la: * Participarea Rom\u00e2niei la Planul de R\u0103spuns European &#8211; Readiness 2030; * Proiectul de Lege...\" \/>\n<meta property=\"og:url\" content=\"https:\/\/carpathiacenter.ro\/en\/csat-convocat-pentru-30-aprilie-pe-agenda-planul-de-raspuns-european-readiness-2030-procedura-reuniunilor\/\" \/>\n<meta property=\"og:site_name\" content=\"Carpathia Center Romania\" \/>\n<meta property=\"article:publisher\" content=\"https:\/\/www.facebook.com\/fdpscarpathia\/\" \/>\n<meta property=\"article:published_time\" content=\"2025-04-30T07:48:51+00:00\" \/>\n<meta property=\"og:image\" content=\"https:\/\/carpathiacenter.ro\/wp-content\/uploads\/2025\/03\/ilie-bolojan.jpg\" \/>\n\t<meta property=\"og:image:width\" content=\"1620\" \/>\n\t<meta property=\"og:image:height\" content=\"1080\" \/>\n\t<meta property=\"og:image:type\" content=\"image\/jpeg\" \/>\n<meta name=\"author\" content=\"creativebitsolutions\" \/>\n<meta name=\"twitter:card\" content=\"summary_large_image\" \/>\n<meta name=\"twitter:label1\" content=\"Written by\" \/>\n\t<meta name=\"twitter:data1\" content=\"creativebitsolutions\" \/>\n\t<meta name=\"twitter:label2\" content=\"Estimated reading time\" \/>\n\t<meta name=\"twitter:data2\" content=\"5 minutes\" \/>\n<script type=\"application\/ld+json\" class=\"yoast-schema-graph\">{\"@context\":\"https:\/\/schema.org\",\"@graph\":[{\"@type\":\"Article\",\"@id\":\"https:\/\/carpathiacenter.ro\/csat-convocat-pentru-30-aprilie-pe-agenda-planul-de-raspuns-european-readiness-2030-procedura-reuniunilor\/#article\",\"isPartOf\":{\"@id\":\"https:\/\/carpathiacenter.ro\/csat-convocat-pentru-30-aprilie-pe-agenda-planul-de-raspuns-european-readiness-2030-procedura-reuniunilor\/\"},\"author\":{\"name\":\"creativebitsolutions\",\"@id\":\"https:\/\/carpathiacenter.ro\/#\/schema\/person\/03d9f58202fee8379268f34afa195006\"},\"headline\":\"CSAT, convocat pentru 30 aprilie: pe agend\u0103, Planul de R\u0103spuns European &#8211; Readiness 2030 (procedura reuniunilor)\",\"datePublished\":\"2025-04-30T07:48:51+00:00\",\"mainEntityOfPage\":{\"@id\":\"https:\/\/carpathiacenter.ro\/csat-convocat-pentru-30-aprilie-pe-agenda-planul-de-raspuns-european-readiness-2030-procedura-reuniunilor\/\"},\"wordCount\":1042,\"commentCount\":0,\"publisher\":{\"@id\":\"https:\/\/carpathiacenter.ro\/#organization\"},\"image\":{\"@id\":\"https:\/\/carpathiacenter.ro\/csat-convocat-pentru-30-aprilie-pe-agenda-planul-de-raspuns-european-readiness-2030-procedura-reuniunilor\/#primaryimage\"},\"thumbnailUrl\":\"https:\/\/carpathiacenter.ro\/wp-content\/uploads\/2025\/03\/ilie-bolojan.jpg\",\"articleSection\":[\"Uncategorized\"],\"inLanguage\":\"en-GB\",\"potentialAction\":[{\"@type\":\"CommentAction\",\"name\":\"Comment\",\"target\":[\"https:\/\/carpathiacenter.ro\/csat-convocat-pentru-30-aprilie-pe-agenda-planul-de-raspuns-european-readiness-2030-procedura-reuniunilor\/#respond\"]}]},{\"@type\":\"WebPage\",\"@id\":\"https:\/\/carpathiacenter.ro\/csat-convocat-pentru-30-aprilie-pe-agenda-planul-de-raspuns-european-readiness-2030-procedura-reuniunilor\/\",\"url\":\"https:\/\/carpathiacenter.ro\/csat-convocat-pentru-30-aprilie-pe-agenda-planul-de-raspuns-european-readiness-2030-procedura-reuniunilor\/\",\"name\":\"CSAT, convocat pentru 30 aprilie: pe agend\u0103, Planul de R\u0103spuns European - Readiness 2030 (procedura reuniunilor) - Carpathia Center Romania\",\"isPartOf\":{\"@id\":\"https:\/\/carpathiacenter.ro\/#website\"},\"primaryImageOfPage\":{\"@id\":\"https:\/\/carpathiacenter.ro\/csat-convocat-pentru-30-aprilie-pe-agenda-planul-de-raspuns-european-readiness-2030-procedura-reuniunilor\/#primaryimage\"},\"image\":{\"@id\":\"https:\/\/carpathiacenter.ro\/csat-convocat-pentru-30-aprilie-pe-agenda-planul-de-raspuns-european-readiness-2030-procedura-reuniunilor\/#primaryimage\"},\"thumbnailUrl\":\"https:\/\/carpathiacenter.ro\/wp-content\/uploads\/2025\/03\/ilie-bolojan.jpg\",\"datePublished\":\"2025-04-30T07:48:51+00:00\",\"breadcrumb\":{\"@id\":\"https:\/\/carpathiacenter.ro\/csat-convocat-pentru-30-aprilie-pe-agenda-planul-de-raspuns-european-readiness-2030-procedura-reuniunilor\/#breadcrumb\"},\"inLanguage\":\"en-GB\",\"potentialAction\":[{\"@type\":\"ReadAction\",\"target\":[\"https:\/\/carpathiacenter.ro\/csat-convocat-pentru-30-aprilie-pe-agenda-planul-de-raspuns-european-readiness-2030-procedura-reuniunilor\/\"]}]},{\"@type\":\"ImageObject\",\"inLanguage\":\"en-GB\",\"@id\":\"https:\/\/carpathiacenter.ro\/csat-convocat-pentru-30-aprilie-pe-agenda-planul-de-raspuns-european-readiness-2030-procedura-reuniunilor\/#primaryimage\",\"url\":\"https:\/\/carpathiacenter.ro\/wp-content\/uploads\/2025\/03\/ilie-bolojan.jpg\",\"contentUrl\":\"https:\/\/carpathiacenter.ro\/wp-content\/uploads\/2025\/03\/ilie-bolojan.jpg\",\"width\":1620,\"height\":1080},{\"@type\":\"BreadcrumbList\",\"@id\":\"https:\/\/carpathiacenter.ro\/csat-convocat-pentru-30-aprilie-pe-agenda-planul-de-raspuns-european-readiness-2030-procedura-reuniunilor\/#breadcrumb\",\"itemListElement\":[{\"@type\":\"ListItem\",\"position\":1,\"name\":\"Prima pagin\u0103\",\"item\":\"https:\/\/carpathiacenter.ro\/\"},{\"@type\":\"ListItem\",\"position\":2,\"name\":\"CSAT, convocat pentru 30 aprilie: pe agend\u0103, Planul de R\u0103spuns European &#8211; Readiness 2030 (procedura reuniunilor)\"}]},{\"@type\":\"WebSite\",\"@id\":\"https:\/\/carpathiacenter.ro\/#website\",\"url\":\"https:\/\/carpathiacenter.ro\/\",\"name\":\"Carpathia Center Romania\",\"description\":\"Impossible made possible!\",\"publisher\":{\"@id\":\"https:\/\/carpathiacenter.ro\/#organization\"},\"potentialAction\":[{\"@type\":\"SearchAction\",\"target\":{\"@type\":\"EntryPoint\",\"urlTemplate\":\"https:\/\/carpathiacenter.ro\/?s={search_term_string}\"},\"query-input\":{\"@type\":\"PropertyValueSpecification\",\"valueRequired\":true,\"valueName\":\"search_term_string\"}}],\"inLanguage\":\"en-GB\"},{\"@type\":\"Organization\",\"@id\":\"https:\/\/carpathiacenter.ro\/#organization\",\"name\":\"Carpathia Center Romania\",\"url\":\"https:\/\/carpathiacenter.ro\/\",\"logo\":{\"@type\":\"ImageObject\",\"inLanguage\":\"en-GB\",\"@id\":\"https:\/\/carpathiacenter.ro\/#\/schema\/logo\/image\/\",\"url\":\"https:\/\/carpathiacenter.ro\/wp-content\/uploads\/2024\/07\/logo-carpathia_bg_white-1024x941.png\",\"contentUrl\":\"https:\/\/carpathiacenter.ro\/wp-content\/uploads\/2024\/07\/logo-carpathia_bg_white-1024x941.png\",\"width\":1024,\"height\":941,\"caption\":\"Carpathia Center Romania\"},\"image\":{\"@id\":\"https:\/\/carpathiacenter.ro\/#\/schema\/logo\/image\/\"},\"sameAs\":[\"https:\/\/www.facebook.com\/fdpscarpathia\/\"]},{\"@type\":\"Person\",\"@id\":\"https:\/\/carpathiacenter.ro\/#\/schema\/person\/03d9f58202fee8379268f34afa195006\",\"name\":\"creativebitsolutions\",\"image\":{\"@type\":\"ImageObject\",\"inLanguage\":\"en-GB\",\"@id\":\"https:\/\/carpathiacenter.ro\/#\/schema\/person\/image\/\",\"url\":\"https:\/\/secure.gravatar.com\/avatar\/1b1a13e37f847c635dab78348f1dff2f07651ee2a3d77a5c355a4b8c75f9165a?s=96&d=mm&r=g\",\"contentUrl\":\"https:\/\/secure.gravatar.com\/avatar\/1b1a13e37f847c635dab78348f1dff2f07651ee2a3d77a5c355a4b8c75f9165a?s=96&d=mm&r=g\",\"caption\":\"creativebitsolutions\"},\"url\":\"https:\/\/carpathiacenter.ro\/en\/author\/creativebitsolutions\/\"}]}<\/script>\n<!-- \/ Yoast SEO plugin. -->","yoast_head_json":{"title":"CSAT, convocat pentru 30 aprilie: pe agend\u0103, Planul de R\u0103spuns European - Readiness 2030 (procedura reuniunilor) - Carpathia Center Romania","robots":{"index":"index","follow":"follow","max-snippet":"max-snippet:-1","max-image-preview":"max-image-preview:large","max-video-preview":"max-video-preview:-1"},"canonical":"https:\/\/carpathiacenter.ro\/en\/csat-convocat-pentru-30-aprilie-pe-agenda-planul-de-raspuns-european-readiness-2030-procedura-reuniunilor\/","og_locale":"en_GB","og_type":"article","og_title":"CSAT, convocat pentru 30 aprilie: pe agend\u0103, Planul de R\u0103spuns European - Readiness 2030 (procedura reuniunilor) - Carpathia Center Romania","og_description":"Pre\u0219edintele interimar, Ilie Bolojan, a convocat \u0219edin\u021ba Consiliului Suprem de Ap\u0103rare a \u021a\u0103rii (CSAT) pentru 30 aprilie, ora 14:00, la Palatul Cotroceni, informeaz\u0103 Administra\u021bia Preziden\u021bial\u0103. Potrivit sursei citate, pe ordinea de zi a \u0219edin\u021bei CSAT sunt incluse subiecte referitoare la: * Participarea Rom\u00e2niei la Planul de R\u0103spuns European &#8211; Readiness 2030; * Proiectul de Lege...","og_url":"https:\/\/carpathiacenter.ro\/en\/csat-convocat-pentru-30-aprilie-pe-agenda-planul-de-raspuns-european-readiness-2030-procedura-reuniunilor\/","og_site_name":"Carpathia Center Romania","article_publisher":"https:\/\/www.facebook.com\/fdpscarpathia\/","article_published_time":"2025-04-30T07:48:51+00:00","og_image":[{"width":1620,"height":1080,"url":"https:\/\/carpathiacenter.ro\/wp-content\/uploads\/2025\/03\/ilie-bolojan.jpg","type":"image\/jpeg"}],"author":"creativebitsolutions","twitter_card":"summary_large_image","twitter_misc":{"Written by":"creativebitsolutions","Estimated reading time":"5 minutes"},"schema":{"@context":"https:\/\/schema.org","@graph":[{"@type":"Article","@id":"https:\/\/carpathiacenter.ro\/csat-convocat-pentru-30-aprilie-pe-agenda-planul-de-raspuns-european-readiness-2030-procedura-reuniunilor\/#article","isPartOf":{"@id":"https:\/\/carpathiacenter.ro\/csat-convocat-pentru-30-aprilie-pe-agenda-planul-de-raspuns-european-readiness-2030-procedura-reuniunilor\/"},"author":{"name":"creativebitsolutions","@id":"https:\/\/carpathiacenter.ro\/#\/schema\/person\/03d9f58202fee8379268f34afa195006"},"headline":"CSAT, convocat pentru 30 aprilie: pe agend\u0103, Planul de R\u0103spuns European &#8211; Readiness 2030 (procedura reuniunilor)","datePublished":"2025-04-30T07:48:51+00:00","mainEntityOfPage":{"@id":"https:\/\/carpathiacenter.ro\/csat-convocat-pentru-30-aprilie-pe-agenda-planul-de-raspuns-european-readiness-2030-procedura-reuniunilor\/"},"wordCount":1042,"commentCount":0,"publisher":{"@id":"https:\/\/carpathiacenter.ro\/#organization"},"image":{"@id":"https:\/\/carpathiacenter.ro\/csat-convocat-pentru-30-aprilie-pe-agenda-planul-de-raspuns-european-readiness-2030-procedura-reuniunilor\/#primaryimage"},"thumbnailUrl":"https:\/\/carpathiacenter.ro\/wp-content\/uploads\/2025\/03\/ilie-bolojan.jpg","articleSection":["Uncategorized"],"inLanguage":"en-GB","potentialAction":[{"@type":"CommentAction","name":"Comment","target":["https:\/\/carpathiacenter.ro\/csat-convocat-pentru-30-aprilie-pe-agenda-planul-de-raspuns-european-readiness-2030-procedura-reuniunilor\/#respond"]}]},{"@type":"WebPage","@id":"https:\/\/carpathiacenter.ro\/csat-convocat-pentru-30-aprilie-pe-agenda-planul-de-raspuns-european-readiness-2030-procedura-reuniunilor\/","url":"https:\/\/carpathiacenter.ro\/csat-convocat-pentru-30-aprilie-pe-agenda-planul-de-raspuns-european-readiness-2030-procedura-reuniunilor\/","name":"CSAT, convocat pentru 30 aprilie: pe agend\u0103, Planul de R\u0103spuns European - Readiness 2030 (procedura reuniunilor) - Carpathia Center Romania","isPartOf":{"@id":"https:\/\/carpathiacenter.ro\/#website"},"primaryImageOfPage":{"@id":"https:\/\/carpathiacenter.ro\/csat-convocat-pentru-30-aprilie-pe-agenda-planul-de-raspuns-european-readiness-2030-procedura-reuniunilor\/#primaryimage"},"image":{"@id":"https:\/\/carpathiacenter.ro\/csat-convocat-pentru-30-aprilie-pe-agenda-planul-de-raspuns-european-readiness-2030-procedura-reuniunilor\/#primaryimage"},"thumbnailUrl":"https:\/\/carpathiacenter.ro\/wp-content\/uploads\/2025\/03\/ilie-bolojan.jpg","datePublished":"2025-04-30T07:48:51+00:00","breadcrumb":{"@id":"https:\/\/carpathiacenter.ro\/csat-convocat-pentru-30-aprilie-pe-agenda-planul-de-raspuns-european-readiness-2030-procedura-reuniunilor\/#breadcrumb"},"inLanguage":"en-GB","potentialAction":[{"@type":"ReadAction","target":["https:\/\/carpathiacenter.ro\/csat-convocat-pentru-30-aprilie-pe-agenda-planul-de-raspuns-european-readiness-2030-procedura-reuniunilor\/"]}]},{"@type":"ImageObject","inLanguage":"en-GB","@id":"https:\/\/carpathiacenter.ro\/csat-convocat-pentru-30-aprilie-pe-agenda-planul-de-raspuns-european-readiness-2030-procedura-reuniunilor\/#primaryimage","url":"https:\/\/carpathiacenter.ro\/wp-content\/uploads\/2025\/03\/ilie-bolojan.jpg","contentUrl":"https:\/\/carpathiacenter.ro\/wp-content\/uploads\/2025\/03\/ilie-bolojan.jpg","width":1620,"height":1080},{"@type":"BreadcrumbList","@id":"https:\/\/carpathiacenter.ro\/csat-convocat-pentru-30-aprilie-pe-agenda-planul-de-raspuns-european-readiness-2030-procedura-reuniunilor\/#breadcrumb","itemListElement":[{"@type":"ListItem","position":1,"name":"Prima pagin\u0103","item":"https:\/\/carpathiacenter.ro\/"},{"@type":"ListItem","position":2,"name":"CSAT, convocat pentru 30 aprilie: pe agend\u0103, Planul de R\u0103spuns European &#8211; Readiness 2030 (procedura reuniunilor)"}]},{"@type":"WebSite","@id":"https:\/\/carpathiacenter.ro\/#website","url":"https:\/\/carpathiacenter.ro\/","name":"Carpathia Center Romania","description":"Impossible made possible!","publisher":{"@id":"https:\/\/carpathiacenter.ro\/#organization"},"potentialAction":[{"@type":"SearchAction","target":{"@type":"EntryPoint","urlTemplate":"https:\/\/carpathiacenter.ro\/?s={search_term_string}"},"query-input":{"@type":"PropertyValueSpecification","valueRequired":true,"valueName":"search_term_string"}}],"inLanguage":"en-GB"},{"@type":"Organization","@id":"https:\/\/carpathiacenter.ro\/#organization","name":"Carpathia Center Romania","url":"https:\/\/carpathiacenter.ro\/","logo":{"@type":"ImageObject","inLanguage":"en-GB","@id":"https:\/\/carpathiacenter.ro\/#\/schema\/logo\/image\/","url":"https:\/\/carpathiacenter.ro\/wp-content\/uploads\/2024\/07\/logo-carpathia_bg_white-1024x941.png","contentUrl":"https:\/\/carpathiacenter.ro\/wp-content\/uploads\/2024\/07\/logo-carpathia_bg_white-1024x941.png","width":1024,"height":941,"caption":"Carpathia Center Romania"},"image":{"@id":"https:\/\/carpathiacenter.ro\/#\/schema\/logo\/image\/"},"sameAs":["https:\/\/www.facebook.com\/fdpscarpathia\/"]},{"@type":"Person","@id":"https:\/\/carpathiacenter.ro\/#\/schema\/person\/03d9f58202fee8379268f34afa195006","name":"creativebitsolutions","image":{"@type":"ImageObject","inLanguage":"en-GB","@id":"https:\/\/carpathiacenter.ro\/#\/schema\/person\/image\/","url":"https:\/\/secure.gravatar.com\/avatar\/1b1a13e37f847c635dab78348f1dff2f07651ee2a3d77a5c355a4b8c75f9165a?s=96&d=mm&r=g","contentUrl":"https:\/\/secure.gravatar.com\/avatar\/1b1a13e37f847c635dab78348f1dff2f07651ee2a3d77a5c355a4b8c75f9165a?s=96&d=mm&r=g","caption":"creativebitsolutions"},"url":"https:\/\/carpathiacenter.ro\/en\/author\/creativebitsolutions\/"}]}},"_links":{"self":[{"href":"https:\/\/carpathiacenter.ro\/en\/wp-json\/wp\/v2\/posts\/2266","targetHints":{"allow":["GET"]}}],"collection":[{"href":"https:\/\/carpathiacenter.ro\/en\/wp-json\/wp\/v2\/posts"}],"about":[{"href":"https:\/\/carpathiacenter.ro\/en\/wp-json\/wp\/v2\/types\/post"}],"author":[{"embeddable":true,"href":"https:\/\/carpathiacenter.ro\/en\/wp-json\/wp\/v2\/users\/4"}],"replies":[{"embeddable":true,"href":"https:\/\/carpathiacenter.ro\/en\/wp-json\/wp\/v2\/comments?post=2266"}],"version-history":[{"count":1,"href":"https:\/\/carpathiacenter.ro\/en\/wp-json\/wp\/v2\/posts\/2266\/revisions"}],"predecessor-version":[{"id":2268,"href":"https:\/\/carpathiacenter.ro\/en\/wp-json\/wp\/v2\/posts\/2266\/revisions\/2268"}],"wp:featuredmedia":[{"embeddable":true,"href":"https:\/\/carpathiacenter.ro\/en\/wp-json\/wp\/v2\/media\/2059"}],"wp:attachment":[{"href":"https:\/\/carpathiacenter.ro\/en\/wp-json\/wp\/v2\/media?parent=2266"}],"wp:term":[{"taxonomy":"category","embeddable":true,"href":"https:\/\/carpathiacenter.ro\/en\/wp-json\/wp\/v2\/categories?post=2266"},{"taxonomy":"post_tag","embeddable":true,"href":"https:\/\/carpathiacenter.ro\/en\/wp-json\/wp\/v2\/tags?post=2266"}],"curies":[{"name":"wp","href":"https:\/\/api.w.org\/{rel}","templated":true}]}}