{"id":2261,"date":"2025-04-29T09:03:48","date_gmt":"2025-04-29T09:03:48","guid":{"rendered":"https:\/\/carpathiacenter.ro\/?p=2261"},"modified":"2025-04-29T09:03:48","modified_gmt":"2025-04-29T09:03:48","slug":"29-aprilie-ziua-veteranilor-de-razboi","status":"publish","type":"post","link":"https:\/\/carpathiacenter.ro\/en\/29-aprilie-ziua-veteranilor-de-razboi\/","title":{"rendered":"29 aprilie &#8211; Ziua veteranilor de r\u0103zboi"},"content":{"rendered":"<p>Ziua veteranilor de r\u0103zboi este marcat\u0103 anual, la 29 aprilie, \u00een semn de recunoa\u0219tere a meritelor acestora pentru ap\u0103rarea independen\u021bei, suveranit\u0103\u021bii, integrit\u0103\u021bii teritoriale \u0219i a intereselor Rom\u00e2niei.<\/p>\n<p>Aceast\u0103 zi a fost instituit\u0103 prin Hot\u0103r\u00e2rea de Guvern nr. 1222\/10.10.2007, publicat\u0103 \u00een M.O. nr. 699\/17.10.2007. Data aleas\u0103 este cea la care, \u00een anul 1902, regele Carol I a promulgat, la solicitarea supravie\u021buitorilor R\u0103zboiului de Independen\u021b\u0103 (1877-1878), \u00cenaltul Decret prin care a fost instituit pentru prima dat\u0103 titlul de &#8221;veteran de r\u0103zboi&#8221;, \u00een conformitate cu Conven\u021bia Statelor Europene de la Geneva, \u00een onoarea osta\u0219ilor care au luptat \u00een acest r\u0103zboi.<\/p>\n<p>\u00cen R\u0103zboiul de Independen\u021b\u0103 (1877-1878) au murit 10.000 de osta\u0219i din cei peste 58.000, care au constituit Armata de Opera\u021bii, potrivit site-ului oficial al Asocia\u021biei Na\u021bionale a Veteranilor de R\u0103zboi, <a href=\"http:\/\/www.veterani-ww2.ro\/\" target=\"_blank\">www.veterani-ww2.ro<\/a>.<\/p>\n<p>\u00cen Primul R\u0103zboi Mondial, pentru eliberarea \u0219i re\u00eentregirea na\u021bional\u0103, a fost mobilizat\u0103 11% din popula\u021bia \u021b\u0103rii, respectiv peste 880.000 de militari, \u0219i s-au jertfit peste 410.000 de solda\u021bi (peste 335.000 de mor\u021bi \u0219i disp\u0103ru\u021bi \u0219i peste 75.000 de invalizi). Ulterior, \u00een cel de-Al Doilea R\u0103zboi Mondial, Rom\u00e2nia a \u00eenregistrat peste 900.000 de mor\u021bi, r\u0103ni\u021bi, disp\u0103ru\u021bi, prizonieri, r\u0103ni\u021bi \u0219i invalizi, din care circa 92.000 de militari deceda\u021bi, potrivit informa\u021biilor prezentate \u00een albumul &#8216;100 de ani de via\u021b\u0103, 100 de ani de istorie&#8217;, publicat cu prilejul Centenarului Marii Uniri, pe site-ul&nbsp;<a href=\"https:\/\/www.mapn.ro\/\" target=\"_blank\">www.mapn.ro<\/a>. La data public\u0103rii acestui volum, \u00een 2018, mai erau \u00een via\u021b\u0103 aproximativ 8.300 de veterani de r\u0103zboi, circa 250 de v\u0103duve de r\u0103zboi \u0219i \u00een jur de 63.000 de v\u0103duve de veterani de r\u0103zboi.<\/p>\n<p>\u00cen semn de recunoa\u0219tere a sacrificiilor lor pe c\u00e2mpul de lupt\u0103, veteranilor li s-au asigurat mijloace pentru un trai decent \u0219i diferite \u00eenlesniri. \u00cenaltul Decret Regal din 29 aprilie 1902 prevedea, la articolul 2, c\u0103: &#8216;Pentru ca fiec\u0103rui osta\u0219 veteran s\u0103 i se asigure lini\u0219tea \u0219i ocupa\u021biunea pentru restul de via\u021b\u0103, i se vor pune la dispozi\u021bie cele necesare \u00een acest scop, ca stimulent pentru genera\u021biile viitoare&#8217;.<\/p>\n<p>Dup\u0103 Primul R\u0103zboi Mondial au fost adoptate diferite legi, prin care participan\u021bii la campanii \u0219i urma\u0219ii lor au primit diferite drepturi \u0219i avantaje reparatorii. Astfel, prin Legea din 13 ianuarie 1918, participan\u021bii la Primul R\u0103zboi Mondial care au fost decora\u021bi cu Medalia &#8216;Virtutea Militar\u0103&#8217; de r\u0103zboi clasa I au primit o pensie viager\u0103, iar prin Legea din 2 septembrie 1920, li s-au creat condi\u021bii speciale de pensionare, potrivit volumului &#8216;Calendarul Tradi\u021biilor Militare&#8217; (2010). \u00cen 1927, prin Decretul &#8211; lege nr. 1402 din 15 mai, ofi\u021berilor activi \u0219i de rezerv\u0103 care participaser\u0103 la Primul R\u0103zboi Mondial \u0219i care fuseser\u0103 decora\u021bi cu Ordinul &#8216;Mihai Viteazul&#8217;, li s-au acordat loturi de teren sau loturi de cas\u0103, precum \u0219i anumite gratuit\u0103\u021bi. \u0218i \u00een anii urm\u0103tori, veteranii de r\u0103zboi au primit o serie de drepturi \u0219i avantaje, printr-o serie de acte normative, precum Decretul nr. 1304 din 8 mai 1933, Decretul nr. 1056 din 6 mai 1936, Legea nr. 794 din 4 septembrie 1941, Legea nr. 310 din 24 aprilie 1945, Decretul-lege nr. 440 din 4 iunie 1945. \u00cencep\u00e2nd din 1948, aceste drepturi \u0219i avantaje au fost rev\u0103zute, unele fiind chiar anulate.<\/p>\n<p>Drepturile veteranilor de r\u0103zboi sunt garantate, \u00een prezent, de Legea nr. 49\/1991 \u0219i de Legea nr. 44\/1994, modificat\u0103 \u0219i completat\u0103 prin Legea 303\/2007 sau Ordonan\u021ba de Urgen\u021b\u0103 nr. 47 din 9 iunie 2021 pentru completarea art. 1 din Legea nr. 49\/1991 privind acordarea de indemniza\u021bii \u0219i sporuri invalizilor, veteranilor \u0219i v\u0103duvelor de r\u0103zboi. Ele sunt reprezentate de Asocia\u021bia Na\u021bional\u0103 a Veteranilor de R\u0103zboi, membr\u0103 a Federa\u021biei Mondiale a Vechilor Combatan\u021bi, cu sediul la Paris.<\/p>\n<p>\u00cen 2025, cu prilejul Zilei veteranilor de r\u0103zboi, Ministerul Ap\u0103r\u0103rii Na\u021bionale a anun\u021bat organizarea mai multor activit\u0103\u021bi \u00een perioada 24-29 aprilie, \u00een semn de recuno\u0219tin\u021b\u0103 pentru curajul, sacrificiul \u0219i devotamentul rom\u00e2nilor care au luptat \u00een cel de-Al Doilea R\u0103zboi Mondial.<\/p>\n<p>Astfel, \u00een cadrul Campaniei &#8216;Onor Veteranilor de R\u0103zboi&#8217;, ajuns\u0103 la cea de-a cincea edi\u021bie, ofer\u0103 pachete simbolice celor 437 de veterani \u0219i 13 v\u0103duve de r\u0103zboi din Rom\u00e2nia, precum \u0219i singurului veteran de r\u0103zboi \u00een via\u021b\u0103 din Republica Moldova. Evenimentul de \u00eempachetare a cadourilor a fost programat pentru 24 aprilie, la Palatul Cercului Militar Na\u021bional, cu participarea reprezentan\u021bilor autorit\u0103\u021bilor centrale \u0219i locale, ai conducerii MApN, ai societ\u0103\u021bii civile, precum \u0219i a elevilor \u0219i studen\u021bilor militari. Activitatea este organizat\u0103 cu sprijinul Asocia\u021biei ONOR &#8211; Oameni, Na\u021biune, Onoare, Respect \u0219i al Asocia\u021biei &#8216;Al\u0103turi de Eroi&#8217;, men\u021bioneaz\u0103 sursa citat\u0103.<\/p>\n<p>La 28 aprilie, de la ora 12.00, la Palatul Cercului Militar Na\u021bional este programat\u0103 Adunarea solemn\u0103 a Asocia\u021biei Na\u021bionale a Veteranilor de R\u0103zboi (ANVR) \u0219i ceremonia de conferire a Ordinului Na\u021bional &#8216;Pentru Merit&#8217;, \u00een grad de Cavaler, cu \u00eensemn de pace, pentru militari, generalului de brigad\u0103 \u00een retragere Ion D\u0103nil\u0103, pre\u0219edintele ANVR. Distinc\u021bia este acordat\u0103 \u00een semn de apreciere pentru conduita de excep\u021bie \u00een plan profesional, precum \u0219i pentru activitatea de elaborare \u0219i editare a unor lucr\u0103ri de memorialistic\u0103 \u0219i evoc\u0103ri de fapte referitoare la luptele Armatei Rom\u00e2niei \u00een cele dou\u0103 r\u0103zboaie mondiale&#8217;, transmite MApN.<\/p>\n<p>Mar\u021bi, 29 aprilie, de la ora 9.30, la Monumentul Eroilor Patriei, amplasat \u00een fa\u021ba Universit\u0103\u021bii Na\u021bionale de Ap\u0103rare &#8216;Carol I&#8217;, va fi organizat\u0103 ceremonia militar\u0103 \u0219i religioas\u0103 de depunere de coroane, jerbe \u0219i buchete de flori, dedicat\u0103 Zilei Veteranilor de R\u0103zboi. AGERPRES\/(Documentare &#8211; Cerasela B\u0103di\u021b\u0103, editor: Ruxandra Bratu, editor online: Alexandru Cojocaru)<br \/>\n<br \/>\nSursa articolului:<a href=\"https:\/\/agerpres.ro\/documentare\/2025\/04\/29\/29-aprilie---ziua-veteranilor-de-razboi--1443976\" target=\"_blank\" rel=\"noopener\" title=\"\">https:\/\/agerpres.ro\/documentare\/2025\/04\/29\/29-aprilie&#8212;ziua-veteranilor-de-razboi&#8211;1443976<\/a><\/p>","protected":false},"excerpt":{"rendered":"<p>Ziua veteranilor de r\u0103zboi este marcat\u0103 anual, la 29 aprilie, \u00een semn de recunoa\u0219tere a meritelor acestora pentru ap\u0103rarea independen\u021bei, suveranit\u0103\u021bii, integrit\u0103\u021bii teritoriale \u0219i a intereselor Rom\u00e2niei. Aceast\u0103 zi a fost instituit\u0103 prin Hot\u0103r\u00e2rea de Guvern nr. 1222\/10.10.2007, publicat\u0103 \u00een M.O. nr. 699\/17.10.2007. Data aleas\u0103 este cea la care, \u00een anul 1902, regele Carol I&#8230;<\/p>","protected":false},"author":4,"featured_media":2262,"comment_status":"open","ping_status":"open","sticky":false,"template":"","format":"standard","meta":{"footnotes":""},"categories":[1],"tags":[],"class_list":["post-2261","post","type-post","status-publish","format-standard","has-post-thumbnail","hentry","category-uncategorized"],"yoast_head":"<!-- This site is optimized with the Yoast SEO plugin v26.1.1 - https:\/\/yoast.com\/wordpress\/plugins\/seo\/ -->\n<title>29 aprilie - Ziua veteranilor de r\u0103zboi - Carpathia Center Romania<\/title>\n<meta name=\"robots\" content=\"index, follow, max-snippet:-1, max-image-preview:large, max-video-preview:-1\" \/>\n<link rel=\"canonical\" href=\"https:\/\/carpathiacenter.ro\/en\/29-aprilie-ziua-veteranilor-de-razboi\/\" \/>\n<meta property=\"og:locale\" content=\"en_GB\" \/>\n<meta property=\"og:type\" content=\"article\" \/>\n<meta property=\"og:title\" content=\"29 aprilie - Ziua veteranilor de r\u0103zboi - Carpathia Center Romania\" \/>\n<meta property=\"og:description\" content=\"Ziua veteranilor de r\u0103zboi este marcat\u0103 anual, la 29 aprilie, \u00een semn de recunoa\u0219tere a meritelor acestora pentru ap\u0103rarea independen\u021bei, suveranit\u0103\u021bii, integrit\u0103\u021bii teritoriale \u0219i a intereselor Rom\u00e2niei. Aceast\u0103 zi a fost instituit\u0103 prin Hot\u0103r\u00e2rea de Guvern nr. 1222\/10.10.2007, publicat\u0103 \u00een M.O. nr. 699\/17.10.2007. Data aleas\u0103 este cea la care, \u00een anul 1902, regele Carol I...\" \/>\n<meta property=\"og:url\" content=\"https:\/\/carpathiacenter.ro\/en\/29-aprilie-ziua-veteranilor-de-razboi\/\" \/>\n<meta property=\"og:site_name\" content=\"Carpathia Center Romania\" \/>\n<meta property=\"article:publisher\" content=\"https:\/\/www.facebook.com\/fdpscarpathia\/\" \/>\n<meta property=\"article:published_time\" content=\"2025-04-29T09:03:48+00:00\" \/>\n<meta property=\"og:image\" content=\"https:\/\/carpathiacenter.ro\/wp-content\/uploads\/2025\/04\/Veterani-romani.jpg\" \/>\n\t<meta property=\"og:image:width\" content=\"960\" \/>\n\t<meta property=\"og:image:height\" content=\"638\" \/>\n\t<meta property=\"og:image:type\" content=\"image\/jpeg\" \/>\n<meta name=\"author\" content=\"creativebitsolutions\" \/>\n<meta name=\"twitter:card\" content=\"summary_large_image\" \/>\n<meta name=\"twitter:label1\" content=\"Written by\" \/>\n\t<meta name=\"twitter:data1\" content=\"creativebitsolutions\" \/>\n\t<meta name=\"twitter:label2\" content=\"Estimated reading time\" \/>\n\t<meta name=\"twitter:data2\" content=\"5 minutes\" \/>\n<script type=\"application\/ld+json\" class=\"yoast-schema-graph\">{\"@context\":\"https:\/\/schema.org\",\"@graph\":[{\"@type\":\"Article\",\"@id\":\"https:\/\/carpathiacenter.ro\/29-aprilie-ziua-veteranilor-de-razboi\/#article\",\"isPartOf\":{\"@id\":\"https:\/\/carpathiacenter.ro\/29-aprilie-ziua-veteranilor-de-razboi\/\"},\"author\":{\"name\":\"creativebitsolutions\",\"@id\":\"https:\/\/carpathiacenter.ro\/#\/schema\/person\/03d9f58202fee8379268f34afa195006\"},\"headline\":\"29 aprilie &#8211; Ziua veteranilor de r\u0103zboi\",\"datePublished\":\"2025-04-29T09:03:48+00:00\",\"mainEntityOfPage\":{\"@id\":\"https:\/\/carpathiacenter.ro\/29-aprilie-ziua-veteranilor-de-razboi\/\"},\"wordCount\":947,\"commentCount\":0,\"publisher\":{\"@id\":\"https:\/\/carpathiacenter.ro\/#organization\"},\"image\":{\"@id\":\"https:\/\/carpathiacenter.ro\/29-aprilie-ziua-veteranilor-de-razboi\/#primaryimage\"},\"thumbnailUrl\":\"https:\/\/carpathiacenter.ro\/wp-content\/uploads\/2025\/04\/Veterani-romani.jpg\",\"articleSection\":[\"Uncategorized\"],\"inLanguage\":\"en-GB\",\"potentialAction\":[{\"@type\":\"CommentAction\",\"name\":\"Comment\",\"target\":[\"https:\/\/carpathiacenter.ro\/29-aprilie-ziua-veteranilor-de-razboi\/#respond\"]}]},{\"@type\":\"WebPage\",\"@id\":\"https:\/\/carpathiacenter.ro\/29-aprilie-ziua-veteranilor-de-razboi\/\",\"url\":\"https:\/\/carpathiacenter.ro\/29-aprilie-ziua-veteranilor-de-razboi\/\",\"name\":\"29 aprilie - Ziua veteranilor de r\u0103zboi - Carpathia Center Romania\",\"isPartOf\":{\"@id\":\"https:\/\/carpathiacenter.ro\/#website\"},\"primaryImageOfPage\":{\"@id\":\"https:\/\/carpathiacenter.ro\/29-aprilie-ziua-veteranilor-de-razboi\/#primaryimage\"},\"image\":{\"@id\":\"https:\/\/carpathiacenter.ro\/29-aprilie-ziua-veteranilor-de-razboi\/#primaryimage\"},\"thumbnailUrl\":\"https:\/\/carpathiacenter.ro\/wp-content\/uploads\/2025\/04\/Veterani-romani.jpg\",\"datePublished\":\"2025-04-29T09:03:48+00:00\",\"breadcrumb\":{\"@id\":\"https:\/\/carpathiacenter.ro\/29-aprilie-ziua-veteranilor-de-razboi\/#breadcrumb\"},\"inLanguage\":\"en-GB\",\"potentialAction\":[{\"@type\":\"ReadAction\",\"target\":[\"https:\/\/carpathiacenter.ro\/29-aprilie-ziua-veteranilor-de-razboi\/\"]}]},{\"@type\":\"ImageObject\",\"inLanguage\":\"en-GB\",\"@id\":\"https:\/\/carpathiacenter.ro\/29-aprilie-ziua-veteranilor-de-razboi\/#primaryimage\",\"url\":\"https:\/\/carpathiacenter.ro\/wp-content\/uploads\/2025\/04\/Veterani-romani.jpg\",\"contentUrl\":\"https:\/\/carpathiacenter.ro\/wp-content\/uploads\/2025\/04\/Veterani-romani.jpg\",\"width\":960,\"height\":638},{\"@type\":\"BreadcrumbList\",\"@id\":\"https:\/\/carpathiacenter.ro\/29-aprilie-ziua-veteranilor-de-razboi\/#breadcrumb\",\"itemListElement\":[{\"@type\":\"ListItem\",\"position\":1,\"name\":\"Prima pagin\u0103\",\"item\":\"https:\/\/carpathiacenter.ro\/\"},{\"@type\":\"ListItem\",\"position\":2,\"name\":\"29 aprilie &#8211; Ziua veteranilor de r\u0103zboi\"}]},{\"@type\":\"WebSite\",\"@id\":\"https:\/\/carpathiacenter.ro\/#website\",\"url\":\"https:\/\/carpathiacenter.ro\/\",\"name\":\"Carpathia Center Romania\",\"description\":\"Impossible made possible!\",\"publisher\":{\"@id\":\"https:\/\/carpathiacenter.ro\/#organization\"},\"potentialAction\":[{\"@type\":\"SearchAction\",\"target\":{\"@type\":\"EntryPoint\",\"urlTemplate\":\"https:\/\/carpathiacenter.ro\/?s={search_term_string}\"},\"query-input\":{\"@type\":\"PropertyValueSpecification\",\"valueRequired\":true,\"valueName\":\"search_term_string\"}}],\"inLanguage\":\"en-GB\"},{\"@type\":\"Organization\",\"@id\":\"https:\/\/carpathiacenter.ro\/#organization\",\"name\":\"Carpathia Center Romania\",\"url\":\"https:\/\/carpathiacenter.ro\/\",\"logo\":{\"@type\":\"ImageObject\",\"inLanguage\":\"en-GB\",\"@id\":\"https:\/\/carpathiacenter.ro\/#\/schema\/logo\/image\/\",\"url\":\"https:\/\/carpathiacenter.ro\/wp-content\/uploads\/2024\/07\/logo-carpathia_bg_white-1024x941.png\",\"contentUrl\":\"https:\/\/carpathiacenter.ro\/wp-content\/uploads\/2024\/07\/logo-carpathia_bg_white-1024x941.png\",\"width\":1024,\"height\":941,\"caption\":\"Carpathia Center Romania\"},\"image\":{\"@id\":\"https:\/\/carpathiacenter.ro\/#\/schema\/logo\/image\/\"},\"sameAs\":[\"https:\/\/www.facebook.com\/fdpscarpathia\/\"]},{\"@type\":\"Person\",\"@id\":\"https:\/\/carpathiacenter.ro\/#\/schema\/person\/03d9f58202fee8379268f34afa195006\",\"name\":\"creativebitsolutions\",\"image\":{\"@type\":\"ImageObject\",\"inLanguage\":\"en-GB\",\"@id\":\"https:\/\/carpathiacenter.ro\/#\/schema\/person\/image\/\",\"url\":\"https:\/\/secure.gravatar.com\/avatar\/1b1a13e37f847c635dab78348f1dff2f07651ee2a3d77a5c355a4b8c75f9165a?s=96&d=mm&r=g\",\"contentUrl\":\"https:\/\/secure.gravatar.com\/avatar\/1b1a13e37f847c635dab78348f1dff2f07651ee2a3d77a5c355a4b8c75f9165a?s=96&d=mm&r=g\",\"caption\":\"creativebitsolutions\"},\"url\":\"https:\/\/carpathiacenter.ro\/en\/author\/creativebitsolutions\/\"}]}<\/script>\n<!-- \/ Yoast SEO plugin. -->","yoast_head_json":{"title":"29 aprilie - Ziua veteranilor de r\u0103zboi - Carpathia Center Romania","robots":{"index":"index","follow":"follow","max-snippet":"max-snippet:-1","max-image-preview":"max-image-preview:large","max-video-preview":"max-video-preview:-1"},"canonical":"https:\/\/carpathiacenter.ro\/en\/29-aprilie-ziua-veteranilor-de-razboi\/","og_locale":"en_GB","og_type":"article","og_title":"29 aprilie - Ziua veteranilor de r\u0103zboi - Carpathia Center Romania","og_description":"Ziua veteranilor de r\u0103zboi este marcat\u0103 anual, la 29 aprilie, \u00een semn de recunoa\u0219tere a meritelor acestora pentru ap\u0103rarea independen\u021bei, suveranit\u0103\u021bii, integrit\u0103\u021bii teritoriale \u0219i a intereselor Rom\u00e2niei. Aceast\u0103 zi a fost instituit\u0103 prin Hot\u0103r\u00e2rea de Guvern nr. 1222\/10.10.2007, publicat\u0103 \u00een M.O. nr. 699\/17.10.2007. Data aleas\u0103 este cea la care, \u00een anul 1902, regele Carol I...","og_url":"https:\/\/carpathiacenter.ro\/en\/29-aprilie-ziua-veteranilor-de-razboi\/","og_site_name":"Carpathia Center Romania","article_publisher":"https:\/\/www.facebook.com\/fdpscarpathia\/","article_published_time":"2025-04-29T09:03:48+00:00","og_image":[{"width":960,"height":638,"url":"https:\/\/carpathiacenter.ro\/wp-content\/uploads\/2025\/04\/Veterani-romani.jpg","type":"image\/jpeg"}],"author":"creativebitsolutions","twitter_card":"summary_large_image","twitter_misc":{"Written by":"creativebitsolutions","Estimated reading time":"5 minutes"},"schema":{"@context":"https:\/\/schema.org","@graph":[{"@type":"Article","@id":"https:\/\/carpathiacenter.ro\/29-aprilie-ziua-veteranilor-de-razboi\/#article","isPartOf":{"@id":"https:\/\/carpathiacenter.ro\/29-aprilie-ziua-veteranilor-de-razboi\/"},"author":{"name":"creativebitsolutions","@id":"https:\/\/carpathiacenter.ro\/#\/schema\/person\/03d9f58202fee8379268f34afa195006"},"headline":"29 aprilie &#8211; Ziua veteranilor de r\u0103zboi","datePublished":"2025-04-29T09:03:48+00:00","mainEntityOfPage":{"@id":"https:\/\/carpathiacenter.ro\/29-aprilie-ziua-veteranilor-de-razboi\/"},"wordCount":947,"commentCount":0,"publisher":{"@id":"https:\/\/carpathiacenter.ro\/#organization"},"image":{"@id":"https:\/\/carpathiacenter.ro\/29-aprilie-ziua-veteranilor-de-razboi\/#primaryimage"},"thumbnailUrl":"https:\/\/carpathiacenter.ro\/wp-content\/uploads\/2025\/04\/Veterani-romani.jpg","articleSection":["Uncategorized"],"inLanguage":"en-GB","potentialAction":[{"@type":"CommentAction","name":"Comment","target":["https:\/\/carpathiacenter.ro\/29-aprilie-ziua-veteranilor-de-razboi\/#respond"]}]},{"@type":"WebPage","@id":"https:\/\/carpathiacenter.ro\/29-aprilie-ziua-veteranilor-de-razboi\/","url":"https:\/\/carpathiacenter.ro\/29-aprilie-ziua-veteranilor-de-razboi\/","name":"29 aprilie - Ziua veteranilor de r\u0103zboi - Carpathia Center Romania","isPartOf":{"@id":"https:\/\/carpathiacenter.ro\/#website"},"primaryImageOfPage":{"@id":"https:\/\/carpathiacenter.ro\/29-aprilie-ziua-veteranilor-de-razboi\/#primaryimage"},"image":{"@id":"https:\/\/carpathiacenter.ro\/29-aprilie-ziua-veteranilor-de-razboi\/#primaryimage"},"thumbnailUrl":"https:\/\/carpathiacenter.ro\/wp-content\/uploads\/2025\/04\/Veterani-romani.jpg","datePublished":"2025-04-29T09:03:48+00:00","breadcrumb":{"@id":"https:\/\/carpathiacenter.ro\/29-aprilie-ziua-veteranilor-de-razboi\/#breadcrumb"},"inLanguage":"en-GB","potentialAction":[{"@type":"ReadAction","target":["https:\/\/carpathiacenter.ro\/29-aprilie-ziua-veteranilor-de-razboi\/"]}]},{"@type":"ImageObject","inLanguage":"en-GB","@id":"https:\/\/carpathiacenter.ro\/29-aprilie-ziua-veteranilor-de-razboi\/#primaryimage","url":"https:\/\/carpathiacenter.ro\/wp-content\/uploads\/2025\/04\/Veterani-romani.jpg","contentUrl":"https:\/\/carpathiacenter.ro\/wp-content\/uploads\/2025\/04\/Veterani-romani.jpg","width":960,"height":638},{"@type":"BreadcrumbList","@id":"https:\/\/carpathiacenter.ro\/29-aprilie-ziua-veteranilor-de-razboi\/#breadcrumb","itemListElement":[{"@type":"ListItem","position":1,"name":"Prima pagin\u0103","item":"https:\/\/carpathiacenter.ro\/"},{"@type":"ListItem","position":2,"name":"29 aprilie &#8211; Ziua veteranilor de r\u0103zboi"}]},{"@type":"WebSite","@id":"https:\/\/carpathiacenter.ro\/#website","url":"https:\/\/carpathiacenter.ro\/","name":"Carpathia Center Romania","description":"Impossible made possible!","publisher":{"@id":"https:\/\/carpathiacenter.ro\/#organization"},"potentialAction":[{"@type":"SearchAction","target":{"@type":"EntryPoint","urlTemplate":"https:\/\/carpathiacenter.ro\/?s={search_term_string}"},"query-input":{"@type":"PropertyValueSpecification","valueRequired":true,"valueName":"search_term_string"}}],"inLanguage":"en-GB"},{"@type":"Organization","@id":"https:\/\/carpathiacenter.ro\/#organization","name":"Carpathia Center Romania","url":"https:\/\/carpathiacenter.ro\/","logo":{"@type":"ImageObject","inLanguage":"en-GB","@id":"https:\/\/carpathiacenter.ro\/#\/schema\/logo\/image\/","url":"https:\/\/carpathiacenter.ro\/wp-content\/uploads\/2024\/07\/logo-carpathia_bg_white-1024x941.png","contentUrl":"https:\/\/carpathiacenter.ro\/wp-content\/uploads\/2024\/07\/logo-carpathia_bg_white-1024x941.png","width":1024,"height":941,"caption":"Carpathia Center Romania"},"image":{"@id":"https:\/\/carpathiacenter.ro\/#\/schema\/logo\/image\/"},"sameAs":["https:\/\/www.facebook.com\/fdpscarpathia\/"]},{"@type":"Person","@id":"https:\/\/carpathiacenter.ro\/#\/schema\/person\/03d9f58202fee8379268f34afa195006","name":"creativebitsolutions","image":{"@type":"ImageObject","inLanguage":"en-GB","@id":"https:\/\/carpathiacenter.ro\/#\/schema\/person\/image\/","url":"https:\/\/secure.gravatar.com\/avatar\/1b1a13e37f847c635dab78348f1dff2f07651ee2a3d77a5c355a4b8c75f9165a?s=96&d=mm&r=g","contentUrl":"https:\/\/secure.gravatar.com\/avatar\/1b1a13e37f847c635dab78348f1dff2f07651ee2a3d77a5c355a4b8c75f9165a?s=96&d=mm&r=g","caption":"creativebitsolutions"},"url":"https:\/\/carpathiacenter.ro\/en\/author\/creativebitsolutions\/"}]}},"_links":{"self":[{"href":"https:\/\/carpathiacenter.ro\/en\/wp-json\/wp\/v2\/posts\/2261","targetHints":{"allow":["GET"]}}],"collection":[{"href":"https:\/\/carpathiacenter.ro\/en\/wp-json\/wp\/v2\/posts"}],"about":[{"href":"https:\/\/carpathiacenter.ro\/en\/wp-json\/wp\/v2\/types\/post"}],"author":[{"embeddable":true,"href":"https:\/\/carpathiacenter.ro\/en\/wp-json\/wp\/v2\/users\/4"}],"replies":[{"embeddable":true,"href":"https:\/\/carpathiacenter.ro\/en\/wp-json\/wp\/v2\/comments?post=2261"}],"version-history":[{"count":1,"href":"https:\/\/carpathiacenter.ro\/en\/wp-json\/wp\/v2\/posts\/2261\/revisions"}],"predecessor-version":[{"id":2263,"href":"https:\/\/carpathiacenter.ro\/en\/wp-json\/wp\/v2\/posts\/2261\/revisions\/2263"}],"wp:featuredmedia":[{"embeddable":true,"href":"https:\/\/carpathiacenter.ro\/en\/wp-json\/wp\/v2\/media\/2262"}],"wp:attachment":[{"href":"https:\/\/carpathiacenter.ro\/en\/wp-json\/wp\/v2\/media?parent=2261"}],"wp:term":[{"taxonomy":"category","embeddable":true,"href":"https:\/\/carpathiacenter.ro\/en\/wp-json\/wp\/v2\/categories?post=2261"},{"taxonomy":"post_tag","embeddable":true,"href":"https:\/\/carpathiacenter.ro\/en\/wp-json\/wp\/v2\/tags?post=2261"}],"curies":[{"name":"wp","href":"https:\/\/api.w.org\/{rel}","templated":true}]}}