{"id":2254,"date":"2025-04-28T11:38:02","date_gmt":"2025-04-28T11:38:02","guid":{"rendered":"https:\/\/carpathiacenter.ro\/?p=2254"},"modified":"2025-04-28T11:38:02","modified_gmt":"2025-04-28T11:38:02","slug":"conferinta-despre-paduri-si-investitiile-verzi-in-europa-organizata-luni-la-academia-romana","status":"publish","type":"post","link":"https:\/\/carpathiacenter.ro\/en\/conferinta-despre-paduri-si-investitiile-verzi-in-europa-organizata-luni-la-academia-romana\/","title":{"rendered":"Conferin\u021b\u0103 despre p\u0103duri \u0219i investi\u021biile verzi \u00een Europa, organizat\u0103 luni la Academia Rom\u00e2n\u0103"},"content":{"rendered":"<p><strong>Un consor\u021biu format din institu\u021bii academice, organiza\u021bii nonguvernamentale \u0219i asocia\u021bii profesionale din sectorul forestier organizeaz\u0103, luni, conferin\u021ba de specialitate cu tema &#8216;P\u0103durile &#8211; pilon central al viitorului investi\u021biilor verzi \u00een Europa&#8217;.<\/strong><\/p>\n<p>Evenimentul, organizat \u00een Sala de Conferin\u021be a Academiei Rom\u00e2ne din Bucure\u0219ti, este structurat \u00een patru sesiuni tematice: Silvicultura ca sector strategic &#8211; politici publice, investi\u021bii \u0219i cooperare interna\u021bional\u0103; Cre\u0219terea competitivit\u0103\u021bii UE prin gestionarea durabil\u0103 a p\u0103durilor &#8211; inovare, economie verde, ocupare; Stabilirea unei direc\u021bii comune pentru obiectivele UE 2030 &#8211; integrarea p\u0103durilor \u00een planificarea bugetar\u0103 \u0219i de mediu; Crearea unui mecanism de finan\u021bare dedicat p\u0103durilor &#8211; r\u0103spunsuri coordonate la provoc\u0103ri climatice, sociale \u0219i economice.<\/p>\n<p>Printre cei a\u0219tepta\u021bi la dezbateri se afl\u0103: Victor Negrescu &#8211; vicepre\u0219edinte al Parlamentului European, Mircea Fechet &#8211; ministrul Mediului, Apelor \u0219i P\u0103durilor, Florin Barbu &#8211; ministrul Agriculturii \u0219i Dezvolt\u0103rii Rurale, Kelemen Attila &#8211; secretar de stat \u00een Ministerul Investi\u021biilor \u0219i Proiectelor Europene (MIPE), Mihaela Fr\u0103sineanu &#8211; consilier de stat la Cancelaria prim-ministrului, Diana-Anda Buzoianu &#8211; pre\u0219edintele Comisiei pentru mediu \u0219i echilibru ecologic din Camera Deputa\u021bilor, Ionel Ciunt &#8211; pre\u0219edintele Comisiei pentru agricultur\u0103, silvicultur\u0103, industrie alimentar\u0103 \u0219i servicii specifice, Iuliu Stocklosa &#8211; pre\u0219edintele Camerei de Comer\u021b \u0219i Industrie a Municipiului Bucure\u0219ti \u0219i Ciprian Musc\u0103 &#8211; pre\u0219edintele Asocia\u021biei Forestierilor din Rom\u00e2nie (ASFOR).<\/p>\n<p>Conferin\u021ba are pe lista organizatorilor: Universitatea Transilvania din Bra\u0219ov &#8211; Facultatea de Silvicultur\u0103 \u0219i Exploat\u0103ri Forestiere, WWF Rom\u00e2nia, ASFOR, Asocia\u021bia Administratorilor de Arii Naturale Protejate din Rom\u00e2nia (ANANP), Asocia\u021bia Proprietarilor \u0219i Administratorilor de P\u0103duri din Estul Transilvaniei (APAPET), Asocia\u021bia Administratorilor de P\u0103duri din Rom\u00e2nia (AAP) \u0219i Asocia\u021bia Produc\u0103torilor de Mobil\u0103 din Rom\u00e2nia (APMR). AGERPRES\/(AS &#8211; redactor: Daniel Badea, editor: Oana Tilic\u0103, editor online: Ada V\u00eelceanu)<br \/>\n<br \/>\nSursa articolului:<a href=\"https:\/\/agerpres.ro\/economic\/2025\/04\/28\/conferinta-despre-paduri-si-investitiile-verzi-in-europa-organizata-luni-la-academia-romana--1443633\" target=\"_blank\" rel=\"noopener\" title=\"\">https:\/\/agerpres.ro\/economic\/2025\/04\/28\/conferinta-despre-paduri-si-investitiile-verzi-in-europa-organizata-luni-la-academia-romana&#8211;1443633<\/a><\/p>","protected":false},"excerpt":{"rendered":"<p>Un consor\u021biu format din institu\u021bii academice, organiza\u021bii nonguvernamentale \u0219i asocia\u021bii profesionale din sectorul forestier organizeaz\u0103, luni, conferin\u021ba de specialitate cu tema &#8216;P\u0103durile &#8211; pilon central al viitorului investi\u021biilor verzi \u00een Europa&#8217;. Evenimentul, organizat \u00een Sala de Conferin\u021be a Academiei Rom\u00e2ne din Bucure\u0219ti, este structurat \u00een patru sesiuni tematice: Silvicultura ca sector strategic &#8211; politici publice,&#8230;<\/p>","protected":false},"author":4,"featured_media":2255,"comment_status":"open","ping_status":"open","sticky":false,"template":"","format":"standard","meta":{"footnotes":""},"categories":[1],"tags":[],"class_list":["post-2254","post","type-post","status-publish","format-standard","has-post-thumbnail","hentry","category-uncategorized"],"yoast_head":"<!-- This site is optimized with the Yoast SEO plugin v26.1.1 - https:\/\/yoast.com\/wordpress\/plugins\/seo\/ -->\n<title>Conferin\u021b\u0103 despre p\u0103duri \u0219i investi\u021biile verzi \u00een Europa, organizat\u0103 luni la Academia Rom\u00e2n\u0103 - Carpathia Center Romania<\/title>\n<meta name=\"robots\" content=\"index, follow, max-snippet:-1, max-image-preview:large, max-video-preview:-1\" \/>\n<link rel=\"canonical\" href=\"https:\/\/carpathiacenter.ro\/en\/conferinta-despre-paduri-si-investitiile-verzi-in-europa-organizata-luni-la-academia-romana\/\" \/>\n<meta property=\"og:locale\" content=\"en_GB\" \/>\n<meta property=\"og:type\" content=\"article\" \/>\n<meta property=\"og:title\" content=\"Conferin\u021b\u0103 despre p\u0103duri \u0219i investi\u021biile verzi \u00een Europa, organizat\u0103 luni la Academia Rom\u00e2n\u0103 - Carpathia Center Romania\" \/>\n<meta property=\"og:description\" content=\"Un consor\u021biu format din institu\u021bii academice, organiza\u021bii nonguvernamentale \u0219i asocia\u021bii profesionale din sectorul forestier organizeaz\u0103, luni, conferin\u021ba de specialitate cu tema &#8216;P\u0103durile &#8211; pilon central al viitorului investi\u021biilor verzi \u00een Europa&#8217;. Evenimentul, organizat \u00een Sala de Conferin\u021be a Academiei Rom\u00e2ne din Bucure\u0219ti, este structurat \u00een patru sesiuni tematice: Silvicultura ca sector strategic &#8211; politici publice,...\" \/>\n<meta property=\"og:url\" content=\"https:\/\/carpathiacenter.ro\/en\/conferinta-despre-paduri-si-investitiile-verzi-in-europa-organizata-luni-la-academia-romana\/\" \/>\n<meta property=\"og:site_name\" content=\"Carpathia Center Romania\" \/>\n<meta property=\"article:publisher\" content=\"https:\/\/www.facebook.com\/fdpscarpathia\/\" \/>\n<meta property=\"article:published_time\" content=\"2025-04-28T11:38:02+00:00\" \/>\n<meta property=\"og:image\" content=\"https:\/\/carpathiacenter.ro\/wp-content\/uploads\/2025\/04\/Padure.jpg\" \/>\n\t<meta property=\"og:image:width\" content=\"750\" \/>\n\t<meta property=\"og:image:height\" content=\"421\" \/>\n\t<meta property=\"og:image:type\" content=\"image\/jpeg\" \/>\n<meta name=\"author\" content=\"creativebitsolutions\" \/>\n<meta name=\"twitter:card\" content=\"summary_large_image\" \/>\n<meta name=\"twitter:label1\" content=\"Written by\" \/>\n\t<meta name=\"twitter:data1\" content=\"creativebitsolutions\" \/>\n\t<meta name=\"twitter:label2\" content=\"Estimated reading time\" \/>\n\t<meta name=\"twitter:data2\" content=\"2 minutes\" \/>\n<script type=\"application\/ld+json\" class=\"yoast-schema-graph\">{\"@context\":\"https:\/\/schema.org\",\"@graph\":[{\"@type\":\"Article\",\"@id\":\"https:\/\/carpathiacenter.ro\/conferinta-despre-paduri-si-investitiile-verzi-in-europa-organizata-luni-la-academia-romana\/#article\",\"isPartOf\":{\"@id\":\"https:\/\/carpathiacenter.ro\/conferinta-despre-paduri-si-investitiile-verzi-in-europa-organizata-luni-la-academia-romana\/\"},\"author\":{\"name\":\"creativebitsolutions\",\"@id\":\"https:\/\/carpathiacenter.ro\/#\/schema\/person\/03d9f58202fee8379268f34afa195006\"},\"headline\":\"Conferin\u021b\u0103 despre p\u0103duri \u0219i investi\u021biile verzi \u00een Europa, organizat\u0103 luni la Academia Rom\u00e2n\u0103\",\"datePublished\":\"2025-04-28T11:38:02+00:00\",\"mainEntityOfPage\":{\"@id\":\"https:\/\/carpathiacenter.ro\/conferinta-despre-paduri-si-investitiile-verzi-in-europa-organizata-luni-la-academia-romana\/\"},\"wordCount\":344,\"commentCount\":0,\"publisher\":{\"@id\":\"https:\/\/carpathiacenter.ro\/#organization\"},\"image\":{\"@id\":\"https:\/\/carpathiacenter.ro\/conferinta-despre-paduri-si-investitiile-verzi-in-europa-organizata-luni-la-academia-romana\/#primaryimage\"},\"thumbnailUrl\":\"https:\/\/carpathiacenter.ro\/wp-content\/uploads\/2025\/04\/Padure.jpg\",\"articleSection\":[\"Uncategorized\"],\"inLanguage\":\"en-GB\",\"potentialAction\":[{\"@type\":\"CommentAction\",\"name\":\"Comment\",\"target\":[\"https:\/\/carpathiacenter.ro\/conferinta-despre-paduri-si-investitiile-verzi-in-europa-organizata-luni-la-academia-romana\/#respond\"]}]},{\"@type\":\"WebPage\",\"@id\":\"https:\/\/carpathiacenter.ro\/conferinta-despre-paduri-si-investitiile-verzi-in-europa-organizata-luni-la-academia-romana\/\",\"url\":\"https:\/\/carpathiacenter.ro\/conferinta-despre-paduri-si-investitiile-verzi-in-europa-organizata-luni-la-academia-romana\/\",\"name\":\"Conferin\u021b\u0103 despre p\u0103duri \u0219i investi\u021biile verzi \u00een Europa, organizat\u0103 luni la Academia Rom\u00e2n\u0103 - Carpathia Center Romania\",\"isPartOf\":{\"@id\":\"https:\/\/carpathiacenter.ro\/#website\"},\"primaryImageOfPage\":{\"@id\":\"https:\/\/carpathiacenter.ro\/conferinta-despre-paduri-si-investitiile-verzi-in-europa-organizata-luni-la-academia-romana\/#primaryimage\"},\"image\":{\"@id\":\"https:\/\/carpathiacenter.ro\/conferinta-despre-paduri-si-investitiile-verzi-in-europa-organizata-luni-la-academia-romana\/#primaryimage\"},\"thumbnailUrl\":\"https:\/\/carpathiacenter.ro\/wp-content\/uploads\/2025\/04\/Padure.jpg\",\"datePublished\":\"2025-04-28T11:38:02+00:00\",\"breadcrumb\":{\"@id\":\"https:\/\/carpathiacenter.ro\/conferinta-despre-paduri-si-investitiile-verzi-in-europa-organizata-luni-la-academia-romana\/#breadcrumb\"},\"inLanguage\":\"en-GB\",\"potentialAction\":[{\"@type\":\"ReadAction\",\"target\":[\"https:\/\/carpathiacenter.ro\/conferinta-despre-paduri-si-investitiile-verzi-in-europa-organizata-luni-la-academia-romana\/\"]}]},{\"@type\":\"ImageObject\",\"inLanguage\":\"en-GB\",\"@id\":\"https:\/\/carpathiacenter.ro\/conferinta-despre-paduri-si-investitiile-verzi-in-europa-organizata-luni-la-academia-romana\/#primaryimage\",\"url\":\"https:\/\/carpathiacenter.ro\/wp-content\/uploads\/2025\/04\/Padure.jpg\",\"contentUrl\":\"https:\/\/carpathiacenter.ro\/wp-content\/uploads\/2025\/04\/Padure.jpg\",\"width\":750,\"height\":421},{\"@type\":\"BreadcrumbList\",\"@id\":\"https:\/\/carpathiacenter.ro\/conferinta-despre-paduri-si-investitiile-verzi-in-europa-organizata-luni-la-academia-romana\/#breadcrumb\",\"itemListElement\":[{\"@type\":\"ListItem\",\"position\":1,\"name\":\"Prima pagin\u0103\",\"item\":\"https:\/\/carpathiacenter.ro\/\"},{\"@type\":\"ListItem\",\"position\":2,\"name\":\"Conferin\u021b\u0103 despre p\u0103duri \u0219i investi\u021biile verzi \u00een Europa, organizat\u0103 luni la Academia Rom\u00e2n\u0103\"}]},{\"@type\":\"WebSite\",\"@id\":\"https:\/\/carpathiacenter.ro\/#website\",\"url\":\"https:\/\/carpathiacenter.ro\/\",\"name\":\"Carpathia Center Romania\",\"description\":\"Impossible made possible!\",\"publisher\":{\"@id\":\"https:\/\/carpathiacenter.ro\/#organization\"},\"potentialAction\":[{\"@type\":\"SearchAction\",\"target\":{\"@type\":\"EntryPoint\",\"urlTemplate\":\"https:\/\/carpathiacenter.ro\/?s={search_term_string}\"},\"query-input\":{\"@type\":\"PropertyValueSpecification\",\"valueRequired\":true,\"valueName\":\"search_term_string\"}}],\"inLanguage\":\"en-GB\"},{\"@type\":\"Organization\",\"@id\":\"https:\/\/carpathiacenter.ro\/#organization\",\"name\":\"Carpathia Center Romania\",\"url\":\"https:\/\/carpathiacenter.ro\/\",\"logo\":{\"@type\":\"ImageObject\",\"inLanguage\":\"en-GB\",\"@id\":\"https:\/\/carpathiacenter.ro\/#\/schema\/logo\/image\/\",\"url\":\"https:\/\/carpathiacenter.ro\/wp-content\/uploads\/2024\/07\/logo-carpathia_bg_white-1024x941.png\",\"contentUrl\":\"https:\/\/carpathiacenter.ro\/wp-content\/uploads\/2024\/07\/logo-carpathia_bg_white-1024x941.png\",\"width\":1024,\"height\":941,\"caption\":\"Carpathia Center Romania\"},\"image\":{\"@id\":\"https:\/\/carpathiacenter.ro\/#\/schema\/logo\/image\/\"},\"sameAs\":[\"https:\/\/www.facebook.com\/fdpscarpathia\/\"]},{\"@type\":\"Person\",\"@id\":\"https:\/\/carpathiacenter.ro\/#\/schema\/person\/03d9f58202fee8379268f34afa195006\",\"name\":\"creativebitsolutions\",\"image\":{\"@type\":\"ImageObject\",\"inLanguage\":\"en-GB\",\"@id\":\"https:\/\/carpathiacenter.ro\/#\/schema\/person\/image\/\",\"url\":\"https:\/\/secure.gravatar.com\/avatar\/1b1a13e37f847c635dab78348f1dff2f07651ee2a3d77a5c355a4b8c75f9165a?s=96&d=mm&r=g\",\"contentUrl\":\"https:\/\/secure.gravatar.com\/avatar\/1b1a13e37f847c635dab78348f1dff2f07651ee2a3d77a5c355a4b8c75f9165a?s=96&d=mm&r=g\",\"caption\":\"creativebitsolutions\"},\"url\":\"https:\/\/carpathiacenter.ro\/en\/author\/creativebitsolutions\/\"}]}<\/script>\n<!-- \/ Yoast SEO plugin. -->","yoast_head_json":{"title":"Conferin\u021b\u0103 despre p\u0103duri \u0219i investi\u021biile verzi \u00een Europa, organizat\u0103 luni la Academia Rom\u00e2n\u0103 - Carpathia Center Romania","robots":{"index":"index","follow":"follow","max-snippet":"max-snippet:-1","max-image-preview":"max-image-preview:large","max-video-preview":"max-video-preview:-1"},"canonical":"https:\/\/carpathiacenter.ro\/en\/conferinta-despre-paduri-si-investitiile-verzi-in-europa-organizata-luni-la-academia-romana\/","og_locale":"en_GB","og_type":"article","og_title":"Conferin\u021b\u0103 despre p\u0103duri \u0219i investi\u021biile verzi \u00een Europa, organizat\u0103 luni la Academia Rom\u00e2n\u0103 - Carpathia Center Romania","og_description":"Un consor\u021biu format din institu\u021bii academice, organiza\u021bii nonguvernamentale \u0219i asocia\u021bii profesionale din sectorul forestier organizeaz\u0103, luni, conferin\u021ba de specialitate cu tema &#8216;P\u0103durile &#8211; pilon central al viitorului investi\u021biilor verzi \u00een Europa&#8217;. Evenimentul, organizat \u00een Sala de Conferin\u021be a Academiei Rom\u00e2ne din Bucure\u0219ti, este structurat \u00een patru sesiuni tematice: Silvicultura ca sector strategic &#8211; politici publice,...","og_url":"https:\/\/carpathiacenter.ro\/en\/conferinta-despre-paduri-si-investitiile-verzi-in-europa-organizata-luni-la-academia-romana\/","og_site_name":"Carpathia Center Romania","article_publisher":"https:\/\/www.facebook.com\/fdpscarpathia\/","article_published_time":"2025-04-28T11:38:02+00:00","og_image":[{"width":750,"height":421,"url":"https:\/\/carpathiacenter.ro\/wp-content\/uploads\/2025\/04\/Padure.jpg","type":"image\/jpeg"}],"author":"creativebitsolutions","twitter_card":"summary_large_image","twitter_misc":{"Written by":"creativebitsolutions","Estimated reading time":"2 minutes"},"schema":{"@context":"https:\/\/schema.org","@graph":[{"@type":"Article","@id":"https:\/\/carpathiacenter.ro\/conferinta-despre-paduri-si-investitiile-verzi-in-europa-organizata-luni-la-academia-romana\/#article","isPartOf":{"@id":"https:\/\/carpathiacenter.ro\/conferinta-despre-paduri-si-investitiile-verzi-in-europa-organizata-luni-la-academia-romana\/"},"author":{"name":"creativebitsolutions","@id":"https:\/\/carpathiacenter.ro\/#\/schema\/person\/03d9f58202fee8379268f34afa195006"},"headline":"Conferin\u021b\u0103 despre p\u0103duri \u0219i investi\u021biile verzi \u00een Europa, organizat\u0103 luni la Academia Rom\u00e2n\u0103","datePublished":"2025-04-28T11:38:02+00:00","mainEntityOfPage":{"@id":"https:\/\/carpathiacenter.ro\/conferinta-despre-paduri-si-investitiile-verzi-in-europa-organizata-luni-la-academia-romana\/"},"wordCount":344,"commentCount":0,"publisher":{"@id":"https:\/\/carpathiacenter.ro\/#organization"},"image":{"@id":"https:\/\/carpathiacenter.ro\/conferinta-despre-paduri-si-investitiile-verzi-in-europa-organizata-luni-la-academia-romana\/#primaryimage"},"thumbnailUrl":"https:\/\/carpathiacenter.ro\/wp-content\/uploads\/2025\/04\/Padure.jpg","articleSection":["Uncategorized"],"inLanguage":"en-GB","potentialAction":[{"@type":"CommentAction","name":"Comment","target":["https:\/\/carpathiacenter.ro\/conferinta-despre-paduri-si-investitiile-verzi-in-europa-organizata-luni-la-academia-romana\/#respond"]}]},{"@type":"WebPage","@id":"https:\/\/carpathiacenter.ro\/conferinta-despre-paduri-si-investitiile-verzi-in-europa-organizata-luni-la-academia-romana\/","url":"https:\/\/carpathiacenter.ro\/conferinta-despre-paduri-si-investitiile-verzi-in-europa-organizata-luni-la-academia-romana\/","name":"Conferin\u021b\u0103 despre p\u0103duri \u0219i investi\u021biile verzi \u00een Europa, organizat\u0103 luni la Academia Rom\u00e2n\u0103 - Carpathia Center Romania","isPartOf":{"@id":"https:\/\/carpathiacenter.ro\/#website"},"primaryImageOfPage":{"@id":"https:\/\/carpathiacenter.ro\/conferinta-despre-paduri-si-investitiile-verzi-in-europa-organizata-luni-la-academia-romana\/#primaryimage"},"image":{"@id":"https:\/\/carpathiacenter.ro\/conferinta-despre-paduri-si-investitiile-verzi-in-europa-organizata-luni-la-academia-romana\/#primaryimage"},"thumbnailUrl":"https:\/\/carpathiacenter.ro\/wp-content\/uploads\/2025\/04\/Padure.jpg","datePublished":"2025-04-28T11:38:02+00:00","breadcrumb":{"@id":"https:\/\/carpathiacenter.ro\/conferinta-despre-paduri-si-investitiile-verzi-in-europa-organizata-luni-la-academia-romana\/#breadcrumb"},"inLanguage":"en-GB","potentialAction":[{"@type":"ReadAction","target":["https:\/\/carpathiacenter.ro\/conferinta-despre-paduri-si-investitiile-verzi-in-europa-organizata-luni-la-academia-romana\/"]}]},{"@type":"ImageObject","inLanguage":"en-GB","@id":"https:\/\/carpathiacenter.ro\/conferinta-despre-paduri-si-investitiile-verzi-in-europa-organizata-luni-la-academia-romana\/#primaryimage","url":"https:\/\/carpathiacenter.ro\/wp-content\/uploads\/2025\/04\/Padure.jpg","contentUrl":"https:\/\/carpathiacenter.ro\/wp-content\/uploads\/2025\/04\/Padure.jpg","width":750,"height":421},{"@type":"BreadcrumbList","@id":"https:\/\/carpathiacenter.ro\/conferinta-despre-paduri-si-investitiile-verzi-in-europa-organizata-luni-la-academia-romana\/#breadcrumb","itemListElement":[{"@type":"ListItem","position":1,"name":"Prima pagin\u0103","item":"https:\/\/carpathiacenter.ro\/"},{"@type":"ListItem","position":2,"name":"Conferin\u021b\u0103 despre p\u0103duri \u0219i investi\u021biile verzi \u00een Europa, organizat\u0103 luni la Academia Rom\u00e2n\u0103"}]},{"@type":"WebSite","@id":"https:\/\/carpathiacenter.ro\/#website","url":"https:\/\/carpathiacenter.ro\/","name":"Carpathia Center Romania","description":"Impossible made possible!","publisher":{"@id":"https:\/\/carpathiacenter.ro\/#organization"},"potentialAction":[{"@type":"SearchAction","target":{"@type":"EntryPoint","urlTemplate":"https:\/\/carpathiacenter.ro\/?s={search_term_string}"},"query-input":{"@type":"PropertyValueSpecification","valueRequired":true,"valueName":"search_term_string"}}],"inLanguage":"en-GB"},{"@type":"Organization","@id":"https:\/\/carpathiacenter.ro\/#organization","name":"Carpathia Center Romania","url":"https:\/\/carpathiacenter.ro\/","logo":{"@type":"ImageObject","inLanguage":"en-GB","@id":"https:\/\/carpathiacenter.ro\/#\/schema\/logo\/image\/","url":"https:\/\/carpathiacenter.ro\/wp-content\/uploads\/2024\/07\/logo-carpathia_bg_white-1024x941.png","contentUrl":"https:\/\/carpathiacenter.ro\/wp-content\/uploads\/2024\/07\/logo-carpathia_bg_white-1024x941.png","width":1024,"height":941,"caption":"Carpathia Center Romania"},"image":{"@id":"https:\/\/carpathiacenter.ro\/#\/schema\/logo\/image\/"},"sameAs":["https:\/\/www.facebook.com\/fdpscarpathia\/"]},{"@type":"Person","@id":"https:\/\/carpathiacenter.ro\/#\/schema\/person\/03d9f58202fee8379268f34afa195006","name":"creativebitsolutions","image":{"@type":"ImageObject","inLanguage":"en-GB","@id":"https:\/\/carpathiacenter.ro\/#\/schema\/person\/image\/","url":"https:\/\/secure.gravatar.com\/avatar\/1b1a13e37f847c635dab78348f1dff2f07651ee2a3d77a5c355a4b8c75f9165a?s=96&d=mm&r=g","contentUrl":"https:\/\/secure.gravatar.com\/avatar\/1b1a13e37f847c635dab78348f1dff2f07651ee2a3d77a5c355a4b8c75f9165a?s=96&d=mm&r=g","caption":"creativebitsolutions"},"url":"https:\/\/carpathiacenter.ro\/en\/author\/creativebitsolutions\/"}]}},"_links":{"self":[{"href":"https:\/\/carpathiacenter.ro\/en\/wp-json\/wp\/v2\/posts\/2254","targetHints":{"allow":["GET"]}}],"collection":[{"href":"https:\/\/carpathiacenter.ro\/en\/wp-json\/wp\/v2\/posts"}],"about":[{"href":"https:\/\/carpathiacenter.ro\/en\/wp-json\/wp\/v2\/types\/post"}],"author":[{"embeddable":true,"href":"https:\/\/carpathiacenter.ro\/en\/wp-json\/wp\/v2\/users\/4"}],"replies":[{"embeddable":true,"href":"https:\/\/carpathiacenter.ro\/en\/wp-json\/wp\/v2\/comments?post=2254"}],"version-history":[{"count":1,"href":"https:\/\/carpathiacenter.ro\/en\/wp-json\/wp\/v2\/posts\/2254\/revisions"}],"predecessor-version":[{"id":2256,"href":"https:\/\/carpathiacenter.ro\/en\/wp-json\/wp\/v2\/posts\/2254\/revisions\/2256"}],"wp:featuredmedia":[{"embeddable":true,"href":"https:\/\/carpathiacenter.ro\/en\/wp-json\/wp\/v2\/media\/2255"}],"wp:attachment":[{"href":"https:\/\/carpathiacenter.ro\/en\/wp-json\/wp\/v2\/media?parent=2254"}],"wp:term":[{"taxonomy":"category","embeddable":true,"href":"https:\/\/carpathiacenter.ro\/en\/wp-json\/wp\/v2\/categories?post=2254"},{"taxonomy":"post_tag","embeddable":true,"href":"https:\/\/carpathiacenter.ro\/en\/wp-json\/wp\/v2\/tags?post=2254"}],"curies":[{"name":"wp","href":"https:\/\/api.w.org\/{rel}","templated":true}]}}