{"id":2251,"date":"2025-04-28T11:36:44","date_gmt":"2025-04-28T11:36:44","guid":{"rendered":"https:\/\/carpathiacenter.ro\/?p=2251"},"modified":"2025-04-28T11:36:44","modified_gmt":"2025-04-28T11:36:44","slug":"28-aprilie-ziua-mondiala-a-securitatii-si-sanatatii-in-munca-onu","status":"publish","type":"post","link":"https:\/\/carpathiacenter.ro\/en\/28-aprilie-ziua-mondiala-a-securitatii-si-sanatatii-in-munca-onu\/","title":{"rendered":"28 aprilie &#8211; Ziua mondial\u0103 a securit\u0103\u021bii \u0219i s\u0103n\u0103t\u0103\u021bii \u00een munc\u0103 (ONU)"},"content":{"rendered":"<p>\u00cen 2003, Organiza\u021bia Interna\u021bional\u0103 a Muncii (OIM) a \u00eenceput s\u0103 celebreze Ziua mondial\u0103 a securit\u0103\u021bii \u0219i s\u0103n\u0103t\u0103\u021bii \u00een munc\u0103 pentru a sublinia prevenirea accidentelor \u0219i a bolilor la locul de munc\u0103, valorific\u00e2nd punctele forte tradi\u021bionale ale OIM, tripartismul \u0219i dialogul social.<\/p>\n<p>De asemenea, 28 aprilie este Ziua interna\u021bional\u0103 de comemorare a lucr\u0103torilor mor\u021bi \u0219i r\u0103ni\u021bi, organizat\u0103 la nivel mondial de mi\u0219carea sindical\u0103 din 1996. (sursa: <a href=\"https:\/\/www.un.org\/\" target=\"_blank\">https:\/\/www.un.org<\/a>)<\/p>\n<p>Aceast\u0103 s\u0103rb\u0103toare face parte integrant\u0103 din Strategia global\u0103 privind securitatea \u0219i s\u0103n\u0103tatea \u00een munc\u0103 a OIM, a\u0219a cum este documentat\u0103 \u00een Concluziile Conferin\u021bei Interna\u021bionale a Muncii din iunie 2003. Aceast\u0103 zi este un instrument semnificativ pentru a cre\u0219te gradul de con\u0219tientizare cu privire la modul de a face munca sigur\u0103 \u0219i s\u0103n\u0103toas\u0103 \u0219i a cre\u0219te profilul politic al nevoii de securitate \u0219i s\u0103n\u0103tate \u00een munc\u0103.<\/p>\n<p>Marcarea anual\u0103 la 28 aprilie a Zilei mondiale a securit\u0103\u021bii \u0219i s\u0103n\u0103t\u0103\u021bii la locul de munc\u0103 promoveaz\u0103 prevenirea accidentelor profesionale \u0219i a bolilor profesionale la nivel global. Este o campanie de con\u0219tientizare menit\u0103 s\u0103 concentreze aten\u021bia interna\u021bional\u0103 asupra amplorii problemei \u0219i asupra modului \u00een care promovarea \u0219i crearea unei culturi a securit\u0103\u021bii \u0219i s\u0103n\u0103t\u0103\u021bii poate ajuta la reducerea num\u0103rului de decese \u0219i r\u0103niri legate de munc\u0103.<\/p>\n<p>Fiecare este responsabil pentru oprirea deceselor \u0219i r\u0103nilor la locul de munc\u0103. Guvernele au responsabilitatea pentru furnizarea infrastructurii &#8211; legi \u0219i servicii &#8211; necesare pentru a se asigura c\u0103 lucr\u0103torii r\u0103m\u00e2n angajabili \u0219i c\u0103 \u00eentreprinderile prosper\u0103; aceasta include dezvoltarea unei politici \u0219i a unui program na\u021bional \u0219i a unui sistem de inspec\u021bie pentru a asigura respectarea legisla\u021biei \u0219i politicii privind securitatea \u0219i s\u0103n\u0103tatea \u00een munc\u0103. Angajatorii sunt responsabili s\u0103 se asigure c\u0103 mediul de lucru este sigur \u0219i s\u0103n\u0103tos. Lucr\u0103torii sunt responsabili s\u0103 munceasc\u0103 \u00een siguran\u021b\u0103, s\u0103 se protejeze \u0219i s\u0103 nu pun\u0103 \u00een pericol pe al\u021bii, s\u0103 \u00ee\u0219i cunoasc\u0103 drepturile \u0219i s\u0103 participe la implementarea m\u0103surilor preventive, arat\u0103 sursa citat\u0103.<\/p>\n<p><strong>Riscuri emergente la locul de munc\u0103<\/strong><\/p>\n<p>Riscurile profesionale noi \u0219i emergente pot fi cauzate de inova\u021bii tehnice sau de schimb\u0103ri sociale sau organiza\u021bionale, cum ar fi: noi tehnologii \u0219i procese de produc\u021bie, de exemplu nanotehnologie, biotehnologie; Condi\u021bii noi de munc\u0103, cum ar fi volum de munc\u0103 mai mare, intensificarea muncii dup\u0103 reducerea personalului, condi\u021bii precare asociate cu migra\u021bia pentru munc\u0103, locuri de munc\u0103 \u00een economia informal\u0103; Forme emergente de angajare, de exemplu munca pe cont propriu, externalizare, contracte temporare.<\/p>\n<p>Ele pot fi recunoscute pe scar\u0103 larg\u0103 printr-o mai bun\u0103 \u00een\u021belegere \u0219tiin\u021bific\u0103, de exemplu efectele riscurilor ergonomice asupra tulbur\u0103rilor musculo-scheletice.<\/p>\n<p>\u0218i, de asemenea, pot fi influen\u021bate de schimb\u0103rile percep\u021biilor despre importan\u021ba anumitor factori de risc, de exemplu efectele factorilor psihosociali asupra stresului profesional. (sursa: <a href=\"https:\/\/www.un.org\/\" target=\"_blank\">https:\/\/www.un.org)<\/a> AGERPRES\/(Documentare &#8211; Mariana Zbora-Ciurel, editor: Liviu Tatu, editor online: Alexandru Cojocaru)<br \/>\n<br \/>\nSursa articolului:<a href=\"https:\/\/agerpres.ro\/documentare\/2025\/04\/28\/28-aprilie---ziua-mondiala-a-securitatii-si-sanatatii-in-munca-onu--1443605\" target=\"_blank\" rel=\"noopener\" title=\"\">https:\/\/agerpres.ro\/documentare\/2025\/04\/28\/28-aprilie&#8212;ziua-mondiala-a-securitatii-si-sanatatii-in-munca-onu&#8211;1443605<\/a><\/p>","protected":false},"excerpt":{"rendered":"<p>\u00cen 2003, Organiza\u021bia Interna\u021bional\u0103 a Muncii (OIM) a \u00eenceput s\u0103 celebreze Ziua mondial\u0103 a securit\u0103\u021bii \u0219i s\u0103n\u0103t\u0103\u021bii \u00een munc\u0103 pentru a sublinia prevenirea accidentelor \u0219i a bolilor la locul de munc\u0103, valorific\u00e2nd punctele forte tradi\u021bionale ale OIM, tripartismul \u0219i dialogul social. De asemenea, 28 aprilie este Ziua interna\u021bional\u0103 de comemorare a lucr\u0103torilor mor\u021bi \u0219i r\u0103ni\u021bi,&#8230;<\/p>","protected":false},"author":4,"featured_media":2252,"comment_status":"open","ping_status":"open","sticky":false,"template":"","format":"standard","meta":{"footnotes":""},"categories":[1],"tags":[],"class_list":["post-2251","post","type-post","status-publish","format-standard","has-post-thumbnail","hentry","category-uncategorized"],"yoast_head":"<!-- This site is optimized with the Yoast SEO plugin v26.1.1 - https:\/\/yoast.com\/wordpress\/plugins\/seo\/ -->\n<title>28 aprilie - Ziua mondial\u0103 a securit\u0103\u021bii \u0219i s\u0103n\u0103t\u0103\u021bii \u00een munc\u0103 (ONU) - Carpathia Center Romania<\/title>\n<meta name=\"robots\" content=\"index, follow, max-snippet:-1, max-image-preview:large, max-video-preview:-1\" \/>\n<link rel=\"canonical\" href=\"https:\/\/carpathiacenter.ro\/en\/28-aprilie-ziua-mondiala-a-securitatii-si-sanatatii-in-munca-onu\/\" \/>\n<meta property=\"og:locale\" content=\"en_GB\" \/>\n<meta property=\"og:type\" content=\"article\" \/>\n<meta property=\"og:title\" content=\"28 aprilie - Ziua mondial\u0103 a securit\u0103\u021bii \u0219i s\u0103n\u0103t\u0103\u021bii \u00een munc\u0103 (ONU) - Carpathia Center Romania\" \/>\n<meta property=\"og:description\" content=\"\u00cen 2003, Organiza\u021bia Interna\u021bional\u0103 a Muncii (OIM) a \u00eenceput s\u0103 celebreze Ziua mondial\u0103 a securit\u0103\u021bii \u0219i s\u0103n\u0103t\u0103\u021bii \u00een munc\u0103 pentru a sublinia prevenirea accidentelor \u0219i a bolilor la locul de munc\u0103, valorific\u00e2nd punctele forte tradi\u021bionale ale OIM, tripartismul \u0219i dialogul social. De asemenea, 28 aprilie este Ziua interna\u021bional\u0103 de comemorare a lucr\u0103torilor mor\u021bi \u0219i r\u0103ni\u021bi,...\" \/>\n<meta property=\"og:url\" content=\"https:\/\/carpathiacenter.ro\/en\/28-aprilie-ziua-mondiala-a-securitatii-si-sanatatii-in-munca-onu\/\" \/>\n<meta property=\"og:site_name\" content=\"Carpathia Center Romania\" \/>\n<meta property=\"article:publisher\" content=\"https:\/\/www.facebook.com\/fdpscarpathia\/\" \/>\n<meta property=\"article:published_time\" content=\"2025-04-28T11:36:44+00:00\" \/>\n<meta property=\"og:image\" content=\"https:\/\/carpathiacenter.ro\/wp-content\/uploads\/2025\/04\/protectia-muncii-securitate-si-sanatate-in-munca.jpg\" \/>\n\t<meta property=\"og:image:width\" content=\"1200\" \/>\n\t<meta property=\"og:image:height\" content=\"803\" \/>\n\t<meta property=\"og:image:type\" content=\"image\/jpeg\" \/>\n<meta name=\"author\" content=\"creativebitsolutions\" \/>\n<meta name=\"twitter:card\" content=\"summary_large_image\" \/>\n<meta name=\"twitter:label1\" content=\"Written by\" \/>\n\t<meta name=\"twitter:data1\" content=\"creativebitsolutions\" \/>\n\t<meta name=\"twitter:label2\" content=\"Estimated reading time\" \/>\n\t<meta name=\"twitter:data2\" content=\"3 minutes\" \/>\n<script type=\"application\/ld+json\" class=\"yoast-schema-graph\">{\"@context\":\"https:\/\/schema.org\",\"@graph\":[{\"@type\":\"Article\",\"@id\":\"https:\/\/carpathiacenter.ro\/28-aprilie-ziua-mondiala-a-securitatii-si-sanatatii-in-munca-onu\/#article\",\"isPartOf\":{\"@id\":\"https:\/\/carpathiacenter.ro\/28-aprilie-ziua-mondiala-a-securitatii-si-sanatatii-in-munca-onu\/\"},\"author\":{\"name\":\"creativebitsolutions\",\"@id\":\"https:\/\/carpathiacenter.ro\/#\/schema\/person\/03d9f58202fee8379268f34afa195006\"},\"headline\":\"28 aprilie &#8211; Ziua mondial\u0103 a securit\u0103\u021bii \u0219i s\u0103n\u0103t\u0103\u021bii \u00een munc\u0103 (ONU)\",\"datePublished\":\"2025-04-28T11:36:44+00:00\",\"mainEntityOfPage\":{\"@id\":\"https:\/\/carpathiacenter.ro\/28-aprilie-ziua-mondiala-a-securitatii-si-sanatatii-in-munca-onu\/\"},\"wordCount\":536,\"commentCount\":0,\"publisher\":{\"@id\":\"https:\/\/carpathiacenter.ro\/#organization\"},\"image\":{\"@id\":\"https:\/\/carpathiacenter.ro\/28-aprilie-ziua-mondiala-a-securitatii-si-sanatatii-in-munca-onu\/#primaryimage\"},\"thumbnailUrl\":\"https:\/\/carpathiacenter.ro\/wp-content\/uploads\/2025\/04\/protectia-muncii-securitate-si-sanatate-in-munca.jpg\",\"articleSection\":[\"Uncategorized\"],\"inLanguage\":\"en-GB\",\"potentialAction\":[{\"@type\":\"CommentAction\",\"name\":\"Comment\",\"target\":[\"https:\/\/carpathiacenter.ro\/28-aprilie-ziua-mondiala-a-securitatii-si-sanatatii-in-munca-onu\/#respond\"]}]},{\"@type\":\"WebPage\",\"@id\":\"https:\/\/carpathiacenter.ro\/28-aprilie-ziua-mondiala-a-securitatii-si-sanatatii-in-munca-onu\/\",\"url\":\"https:\/\/carpathiacenter.ro\/28-aprilie-ziua-mondiala-a-securitatii-si-sanatatii-in-munca-onu\/\",\"name\":\"28 aprilie - Ziua mondial\u0103 a securit\u0103\u021bii \u0219i s\u0103n\u0103t\u0103\u021bii \u00een munc\u0103 (ONU) - Carpathia Center Romania\",\"isPartOf\":{\"@id\":\"https:\/\/carpathiacenter.ro\/#website\"},\"primaryImageOfPage\":{\"@id\":\"https:\/\/carpathiacenter.ro\/28-aprilie-ziua-mondiala-a-securitatii-si-sanatatii-in-munca-onu\/#primaryimage\"},\"image\":{\"@id\":\"https:\/\/carpathiacenter.ro\/28-aprilie-ziua-mondiala-a-securitatii-si-sanatatii-in-munca-onu\/#primaryimage\"},\"thumbnailUrl\":\"https:\/\/carpathiacenter.ro\/wp-content\/uploads\/2025\/04\/protectia-muncii-securitate-si-sanatate-in-munca.jpg\",\"datePublished\":\"2025-04-28T11:36:44+00:00\",\"breadcrumb\":{\"@id\":\"https:\/\/carpathiacenter.ro\/28-aprilie-ziua-mondiala-a-securitatii-si-sanatatii-in-munca-onu\/#breadcrumb\"},\"inLanguage\":\"en-GB\",\"potentialAction\":[{\"@type\":\"ReadAction\",\"target\":[\"https:\/\/carpathiacenter.ro\/28-aprilie-ziua-mondiala-a-securitatii-si-sanatatii-in-munca-onu\/\"]}]},{\"@type\":\"ImageObject\",\"inLanguage\":\"en-GB\",\"@id\":\"https:\/\/carpathiacenter.ro\/28-aprilie-ziua-mondiala-a-securitatii-si-sanatatii-in-munca-onu\/#primaryimage\",\"url\":\"https:\/\/carpathiacenter.ro\/wp-content\/uploads\/2025\/04\/protectia-muncii-securitate-si-sanatate-in-munca.jpg\",\"contentUrl\":\"https:\/\/carpathiacenter.ro\/wp-content\/uploads\/2025\/04\/protectia-muncii-securitate-si-sanatate-in-munca.jpg\",\"width\":1200,\"height\":803},{\"@type\":\"BreadcrumbList\",\"@id\":\"https:\/\/carpathiacenter.ro\/28-aprilie-ziua-mondiala-a-securitatii-si-sanatatii-in-munca-onu\/#breadcrumb\",\"itemListElement\":[{\"@type\":\"ListItem\",\"position\":1,\"name\":\"Prima pagin\u0103\",\"item\":\"https:\/\/carpathiacenter.ro\/\"},{\"@type\":\"ListItem\",\"position\":2,\"name\":\"28 aprilie &#8211; Ziua mondial\u0103 a securit\u0103\u021bii \u0219i s\u0103n\u0103t\u0103\u021bii \u00een munc\u0103 (ONU)\"}]},{\"@type\":\"WebSite\",\"@id\":\"https:\/\/carpathiacenter.ro\/#website\",\"url\":\"https:\/\/carpathiacenter.ro\/\",\"name\":\"Carpathia Center Romania\",\"description\":\"Impossible made possible!\",\"publisher\":{\"@id\":\"https:\/\/carpathiacenter.ro\/#organization\"},\"potentialAction\":[{\"@type\":\"SearchAction\",\"target\":{\"@type\":\"EntryPoint\",\"urlTemplate\":\"https:\/\/carpathiacenter.ro\/?s={search_term_string}\"},\"query-input\":{\"@type\":\"PropertyValueSpecification\",\"valueRequired\":true,\"valueName\":\"search_term_string\"}}],\"inLanguage\":\"en-GB\"},{\"@type\":\"Organization\",\"@id\":\"https:\/\/carpathiacenter.ro\/#organization\",\"name\":\"Carpathia Center Romania\",\"url\":\"https:\/\/carpathiacenter.ro\/\",\"logo\":{\"@type\":\"ImageObject\",\"inLanguage\":\"en-GB\",\"@id\":\"https:\/\/carpathiacenter.ro\/#\/schema\/logo\/image\/\",\"url\":\"https:\/\/carpathiacenter.ro\/wp-content\/uploads\/2024\/07\/logo-carpathia_bg_white-1024x941.png\",\"contentUrl\":\"https:\/\/carpathiacenter.ro\/wp-content\/uploads\/2024\/07\/logo-carpathia_bg_white-1024x941.png\",\"width\":1024,\"height\":941,\"caption\":\"Carpathia Center Romania\"},\"image\":{\"@id\":\"https:\/\/carpathiacenter.ro\/#\/schema\/logo\/image\/\"},\"sameAs\":[\"https:\/\/www.facebook.com\/fdpscarpathia\/\"]},{\"@type\":\"Person\",\"@id\":\"https:\/\/carpathiacenter.ro\/#\/schema\/person\/03d9f58202fee8379268f34afa195006\",\"name\":\"creativebitsolutions\",\"image\":{\"@type\":\"ImageObject\",\"inLanguage\":\"en-GB\",\"@id\":\"https:\/\/carpathiacenter.ro\/#\/schema\/person\/image\/\",\"url\":\"https:\/\/secure.gravatar.com\/avatar\/1b1a13e37f847c635dab78348f1dff2f07651ee2a3d77a5c355a4b8c75f9165a?s=96&d=mm&r=g\",\"contentUrl\":\"https:\/\/secure.gravatar.com\/avatar\/1b1a13e37f847c635dab78348f1dff2f07651ee2a3d77a5c355a4b8c75f9165a?s=96&d=mm&r=g\",\"caption\":\"creativebitsolutions\"},\"url\":\"https:\/\/carpathiacenter.ro\/en\/author\/creativebitsolutions\/\"}]}<\/script>\n<!-- \/ Yoast SEO plugin. -->","yoast_head_json":{"title":"28 aprilie - Ziua mondial\u0103 a securit\u0103\u021bii \u0219i s\u0103n\u0103t\u0103\u021bii \u00een munc\u0103 (ONU) - Carpathia Center Romania","robots":{"index":"index","follow":"follow","max-snippet":"max-snippet:-1","max-image-preview":"max-image-preview:large","max-video-preview":"max-video-preview:-1"},"canonical":"https:\/\/carpathiacenter.ro\/en\/28-aprilie-ziua-mondiala-a-securitatii-si-sanatatii-in-munca-onu\/","og_locale":"en_GB","og_type":"article","og_title":"28 aprilie - Ziua mondial\u0103 a securit\u0103\u021bii \u0219i s\u0103n\u0103t\u0103\u021bii \u00een munc\u0103 (ONU) - Carpathia Center Romania","og_description":"\u00cen 2003, Organiza\u021bia Interna\u021bional\u0103 a Muncii (OIM) a \u00eenceput s\u0103 celebreze Ziua mondial\u0103 a securit\u0103\u021bii \u0219i s\u0103n\u0103t\u0103\u021bii \u00een munc\u0103 pentru a sublinia prevenirea accidentelor \u0219i a bolilor la locul de munc\u0103, valorific\u00e2nd punctele forte tradi\u021bionale ale OIM, tripartismul \u0219i dialogul social. De asemenea, 28 aprilie este Ziua interna\u021bional\u0103 de comemorare a lucr\u0103torilor mor\u021bi \u0219i r\u0103ni\u021bi,...","og_url":"https:\/\/carpathiacenter.ro\/en\/28-aprilie-ziua-mondiala-a-securitatii-si-sanatatii-in-munca-onu\/","og_site_name":"Carpathia Center Romania","article_publisher":"https:\/\/www.facebook.com\/fdpscarpathia\/","article_published_time":"2025-04-28T11:36:44+00:00","og_image":[{"width":1200,"height":803,"url":"https:\/\/carpathiacenter.ro\/wp-content\/uploads\/2025\/04\/protectia-muncii-securitate-si-sanatate-in-munca.jpg","type":"image\/jpeg"}],"author":"creativebitsolutions","twitter_card":"summary_large_image","twitter_misc":{"Written by":"creativebitsolutions","Estimated reading time":"3 minutes"},"schema":{"@context":"https:\/\/schema.org","@graph":[{"@type":"Article","@id":"https:\/\/carpathiacenter.ro\/28-aprilie-ziua-mondiala-a-securitatii-si-sanatatii-in-munca-onu\/#article","isPartOf":{"@id":"https:\/\/carpathiacenter.ro\/28-aprilie-ziua-mondiala-a-securitatii-si-sanatatii-in-munca-onu\/"},"author":{"name":"creativebitsolutions","@id":"https:\/\/carpathiacenter.ro\/#\/schema\/person\/03d9f58202fee8379268f34afa195006"},"headline":"28 aprilie &#8211; Ziua mondial\u0103 a securit\u0103\u021bii \u0219i s\u0103n\u0103t\u0103\u021bii \u00een munc\u0103 (ONU)","datePublished":"2025-04-28T11:36:44+00:00","mainEntityOfPage":{"@id":"https:\/\/carpathiacenter.ro\/28-aprilie-ziua-mondiala-a-securitatii-si-sanatatii-in-munca-onu\/"},"wordCount":536,"commentCount":0,"publisher":{"@id":"https:\/\/carpathiacenter.ro\/#organization"},"image":{"@id":"https:\/\/carpathiacenter.ro\/28-aprilie-ziua-mondiala-a-securitatii-si-sanatatii-in-munca-onu\/#primaryimage"},"thumbnailUrl":"https:\/\/carpathiacenter.ro\/wp-content\/uploads\/2025\/04\/protectia-muncii-securitate-si-sanatate-in-munca.jpg","articleSection":["Uncategorized"],"inLanguage":"en-GB","potentialAction":[{"@type":"CommentAction","name":"Comment","target":["https:\/\/carpathiacenter.ro\/28-aprilie-ziua-mondiala-a-securitatii-si-sanatatii-in-munca-onu\/#respond"]}]},{"@type":"WebPage","@id":"https:\/\/carpathiacenter.ro\/28-aprilie-ziua-mondiala-a-securitatii-si-sanatatii-in-munca-onu\/","url":"https:\/\/carpathiacenter.ro\/28-aprilie-ziua-mondiala-a-securitatii-si-sanatatii-in-munca-onu\/","name":"28 aprilie - Ziua mondial\u0103 a securit\u0103\u021bii \u0219i s\u0103n\u0103t\u0103\u021bii \u00een munc\u0103 (ONU) - Carpathia Center Romania","isPartOf":{"@id":"https:\/\/carpathiacenter.ro\/#website"},"primaryImageOfPage":{"@id":"https:\/\/carpathiacenter.ro\/28-aprilie-ziua-mondiala-a-securitatii-si-sanatatii-in-munca-onu\/#primaryimage"},"image":{"@id":"https:\/\/carpathiacenter.ro\/28-aprilie-ziua-mondiala-a-securitatii-si-sanatatii-in-munca-onu\/#primaryimage"},"thumbnailUrl":"https:\/\/carpathiacenter.ro\/wp-content\/uploads\/2025\/04\/protectia-muncii-securitate-si-sanatate-in-munca.jpg","datePublished":"2025-04-28T11:36:44+00:00","breadcrumb":{"@id":"https:\/\/carpathiacenter.ro\/28-aprilie-ziua-mondiala-a-securitatii-si-sanatatii-in-munca-onu\/#breadcrumb"},"inLanguage":"en-GB","potentialAction":[{"@type":"ReadAction","target":["https:\/\/carpathiacenter.ro\/28-aprilie-ziua-mondiala-a-securitatii-si-sanatatii-in-munca-onu\/"]}]},{"@type":"ImageObject","inLanguage":"en-GB","@id":"https:\/\/carpathiacenter.ro\/28-aprilie-ziua-mondiala-a-securitatii-si-sanatatii-in-munca-onu\/#primaryimage","url":"https:\/\/carpathiacenter.ro\/wp-content\/uploads\/2025\/04\/protectia-muncii-securitate-si-sanatate-in-munca.jpg","contentUrl":"https:\/\/carpathiacenter.ro\/wp-content\/uploads\/2025\/04\/protectia-muncii-securitate-si-sanatate-in-munca.jpg","width":1200,"height":803},{"@type":"BreadcrumbList","@id":"https:\/\/carpathiacenter.ro\/28-aprilie-ziua-mondiala-a-securitatii-si-sanatatii-in-munca-onu\/#breadcrumb","itemListElement":[{"@type":"ListItem","position":1,"name":"Prima pagin\u0103","item":"https:\/\/carpathiacenter.ro\/"},{"@type":"ListItem","position":2,"name":"28 aprilie &#8211; Ziua mondial\u0103 a securit\u0103\u021bii \u0219i s\u0103n\u0103t\u0103\u021bii \u00een munc\u0103 (ONU)"}]},{"@type":"WebSite","@id":"https:\/\/carpathiacenter.ro\/#website","url":"https:\/\/carpathiacenter.ro\/","name":"Carpathia Center Romania","description":"Impossible made possible!","publisher":{"@id":"https:\/\/carpathiacenter.ro\/#organization"},"potentialAction":[{"@type":"SearchAction","target":{"@type":"EntryPoint","urlTemplate":"https:\/\/carpathiacenter.ro\/?s={search_term_string}"},"query-input":{"@type":"PropertyValueSpecification","valueRequired":true,"valueName":"search_term_string"}}],"inLanguage":"en-GB"},{"@type":"Organization","@id":"https:\/\/carpathiacenter.ro\/#organization","name":"Carpathia Center Romania","url":"https:\/\/carpathiacenter.ro\/","logo":{"@type":"ImageObject","inLanguage":"en-GB","@id":"https:\/\/carpathiacenter.ro\/#\/schema\/logo\/image\/","url":"https:\/\/carpathiacenter.ro\/wp-content\/uploads\/2024\/07\/logo-carpathia_bg_white-1024x941.png","contentUrl":"https:\/\/carpathiacenter.ro\/wp-content\/uploads\/2024\/07\/logo-carpathia_bg_white-1024x941.png","width":1024,"height":941,"caption":"Carpathia Center Romania"},"image":{"@id":"https:\/\/carpathiacenter.ro\/#\/schema\/logo\/image\/"},"sameAs":["https:\/\/www.facebook.com\/fdpscarpathia\/"]},{"@type":"Person","@id":"https:\/\/carpathiacenter.ro\/#\/schema\/person\/03d9f58202fee8379268f34afa195006","name":"creativebitsolutions","image":{"@type":"ImageObject","inLanguage":"en-GB","@id":"https:\/\/carpathiacenter.ro\/#\/schema\/person\/image\/","url":"https:\/\/secure.gravatar.com\/avatar\/1b1a13e37f847c635dab78348f1dff2f07651ee2a3d77a5c355a4b8c75f9165a?s=96&d=mm&r=g","contentUrl":"https:\/\/secure.gravatar.com\/avatar\/1b1a13e37f847c635dab78348f1dff2f07651ee2a3d77a5c355a4b8c75f9165a?s=96&d=mm&r=g","caption":"creativebitsolutions"},"url":"https:\/\/carpathiacenter.ro\/en\/author\/creativebitsolutions\/"}]}},"_links":{"self":[{"href":"https:\/\/carpathiacenter.ro\/en\/wp-json\/wp\/v2\/posts\/2251","targetHints":{"allow":["GET"]}}],"collection":[{"href":"https:\/\/carpathiacenter.ro\/en\/wp-json\/wp\/v2\/posts"}],"about":[{"href":"https:\/\/carpathiacenter.ro\/en\/wp-json\/wp\/v2\/types\/post"}],"author":[{"embeddable":true,"href":"https:\/\/carpathiacenter.ro\/en\/wp-json\/wp\/v2\/users\/4"}],"replies":[{"embeddable":true,"href":"https:\/\/carpathiacenter.ro\/en\/wp-json\/wp\/v2\/comments?post=2251"}],"version-history":[{"count":1,"href":"https:\/\/carpathiacenter.ro\/en\/wp-json\/wp\/v2\/posts\/2251\/revisions"}],"predecessor-version":[{"id":2253,"href":"https:\/\/carpathiacenter.ro\/en\/wp-json\/wp\/v2\/posts\/2251\/revisions\/2253"}],"wp:featuredmedia":[{"embeddable":true,"href":"https:\/\/carpathiacenter.ro\/en\/wp-json\/wp\/v2\/media\/2252"}],"wp:attachment":[{"href":"https:\/\/carpathiacenter.ro\/en\/wp-json\/wp\/v2\/media?parent=2251"}],"wp:term":[{"taxonomy":"category","embeddable":true,"href":"https:\/\/carpathiacenter.ro\/en\/wp-json\/wp\/v2\/categories?post=2251"},{"taxonomy":"post_tag","embeddable":true,"href":"https:\/\/carpathiacenter.ro\/en\/wp-json\/wp\/v2\/tags?post=2251"}],"curies":[{"name":"wp","href":"https:\/\/api.w.org\/{rel}","templated":true}]}}