{"id":2240,"date":"2025-04-24T08:25:33","date_gmt":"2025-04-24T08:25:33","guid":{"rendered":"https:\/\/carpathiacenter.ro\/?p=2240"},"modified":"2025-04-24T08:25:33","modified_gmt":"2025-04-24T08:25:33","slug":"sedinta-de-guvern-programul-national-de-achizitii-ecologice-2025-2030-pe-agenda","status":"publish","type":"post","link":"https:\/\/carpathiacenter.ro\/en\/sedinta-de-guvern-programul-national-de-achizitii-ecologice-2025-2030-pe-agenda\/","title":{"rendered":"\u0218edin\u021b\u0103 de guvern; Programul na\u021bional de achizi\u021bii ecologice 2025 &#8211; 2030, pe agend\u0103"},"content":{"rendered":"<p><strong>Guvernul se reune\u0219te joi \u00een \u0219edin\u021ba s\u0103pt\u0103m\u00e2nal\u0103, urm\u00e2nd s\u0103 aprobe, prin hot\u0103r\u00e2re, Programul na\u021bional de achizi\u021bii ecologice 2025 &#8211; 2030.<\/strong><\/p>\n<p>Prin actul normativ se are \u00een vedere aprobarea \u0219i implementarea unui program de ac\u021biune care stabile\u0219te \u021binte anuale pentru realizarea de achizi\u021bii ecologice de c\u0103tre autorit\u0103\u021bile \u0219i entit\u0103\u021bile contractante, \u00een scopul stabilirii de m\u0103suri corelative obliga\u021biilor reglementate prin legisla\u021bia \u00een materia achizi\u021biilor publice\/sectoriale.<\/p>\n<p>&#8216;Prin achizi\u021bionarea de produse, servicii \u0219i lucr\u0103ri cu impact redus asupra mediului se va realiza decuplarea dezvolt\u0103rii economice de utilizarea resurselor naturale \u0219i degradarea mediului. (&#8230;) Implementarea Programului na\u021bional de achizi\u021bii ecologice (PNAE 2025-2030) va aduce beneficii precum: reducerea presiunii asupra mediului, o mai mare securitate a aprovizion\u0103rii cu materii prime, cre\u0219terea competitivit\u0103\u021bii \u0219i stimularea inov\u0103rii. Consumatorii vor beneficia de produse durabile \u0219i inovatoare, destinate s\u0103 contribuie la cre\u0219terea calit\u0103\u021bii vie\u021bii duc\u00e2nd astfel la realizarea de economii pe termen lung&#8217;, se explic\u0103 \u00een nota de fundamentare a proiectului.<\/p>\n<p>Executivul va mai discuta joi bugetul de venituri \u0219i cheltuieli pe acest an al Fondului pentru mediu \u0219i al Administra\u021biei Fondului pentru Mediu.<\/p>\n<p>Guvernul va analiza \u0219i un proiect de ordonan\u021b\u0103 de urgen\u021b\u0103 referitor la reorganizarea Ministerului Dezvolt\u0103rii, Lucr\u0103rilor Publice \u0219i Administra\u021biei \u0219i stabilirea unor m\u0103suri organizatorice la nivelul acestuia, privind stabilirea unor m\u0103suri pentru preluarea unor programe \u0219i aprobarea Programului multianual pentru construc\u021bia de locuin\u021be &#8216;Alexandru Ci\u0219migiu&#8217;, precum \u0219i privind modificarea \u0219i completarea unor acte normative.<\/p>\n<p>Un alt proiect de ordonan\u021b\u0103 de urgen\u021b\u0103 aflat pe agend\u0103 vizeaz\u0103 m\u0103suri pentru simplificarea procedurilor \u00een domeniul urbanismului \u0219i construc\u021biilor \u0219i accelerarea investi\u021biilor.<\/p>\n<p>\u00cen \u0219edin\u021ba de Guvern, urmeaz\u0103 s\u0103 fie aprobat \u0219i un proiect de ordonan\u021b\u0103 de urgen\u021b\u0103 pentru aprobarea unor m\u0103suri \u00een sistemul de \u00eenv\u0103\u021b\u0103m\u00e2nt.<\/p>\n<p>&#8216;\u00cen anul 2025, \u00eencep\u00e2nd cu data de 30 aprilie, pot fi organizate concursuri pentru ocuparea posturilor didactice de predare din unit\u0103\u021bile de \u00eenv\u0103\u021b\u0103m\u00e2nt preuniversitar de stat \u0219i institu\u021biile de \u00eenv\u0103\u021b\u0103m\u00e2nt superior de stat care devin vacante sau temporar vacante \u00een cursul anului, cu justificarea necesit\u0103\u021bii \u0219i cu \u00eencadrarea \u00een cheltuielile de personal aprobate prin Legea bugetului de stat pe anul 2025&#8217;, prevede propunerea de act normativ.<\/p>\n<p>Cabinetul Ciolacu va mai discuta un proiect de ordonan\u021b\u0103 de urgen\u021b\u0103 privind modificarea \u0219i completarea OUG nr. 34\/2024 privind unele m\u0103suri pentru sprijinirea categoriilor de cupluri mam\u0103 nou &#8211; n\u0103scut defavorizate cu tichete sociale pe suport electronic acordate din fonduri externe nerambursabile.<\/p>\n<p>Pe agend\u0103 se mai afl\u0103 o serie de hot\u0103r\u00e2ri privind acceptarea de c\u0103tre statul rom\u00e2n a dona\u021biei unor bunuri mobile, ca opera\u021biune compensatorie, din partea Harris Global Communications Inc. din SUA \u0219i darea \u00een administrarea Ministerului Ap\u0103r\u0103rii Na\u021bionale a acestora.<\/p>\n<p>Un alt proiect de hot\u0103r\u00e2re vizeaz\u0103 aprobarea bugetului de venituri \u0219i cheltuieli pe anul 2025 al Regiei Autonome Rasirom, aflat\u0103 sub autoritatea Serviciului Rom\u00e2n de Informa\u021bii. AGERPRES\/(AS &#8211; redactor: Daniel Florea, editor: Claudia St\u0103nescu, editor online: Ady Iva\u015fcu)<br \/>\n<br \/>\nSursa articolului:<a href=\"https:\/\/agerpres.ro\/politic\/2025\/04\/24\/sedinta-de-guvern-programul-national-de-achizitii-ecologice-2025---2030-pe-agenda--1442631\" target=\"_blank\" rel=\"noopener\" title=\"\">https:\/\/agerpres.ro\/politic\/2025\/04\/24\/sedinta-de-guvern-programul-national-de-achizitii-ecologice-2025&#8212;2030-pe-agenda&#8211;1442631<\/a><\/p>","protected":false},"excerpt":{"rendered":"<p>Guvernul se reune\u0219te joi \u00een \u0219edin\u021ba s\u0103pt\u0103m\u00e2nal\u0103, urm\u00e2nd s\u0103 aprobe, prin hot\u0103r\u00e2re, Programul na\u021bional de achizi\u021bii ecologice 2025 &#8211; 2030. Prin actul normativ se are \u00een vedere aprobarea \u0219i implementarea unui program de ac\u021biune care stabile\u0219te \u021binte anuale pentru realizarea de achizi\u021bii ecologice de c\u0103tre autorit\u0103\u021bile \u0219i entit\u0103\u021bile contractante, \u00een scopul stabilirii de m\u0103suri corelative&#8230;<\/p>","protected":false},"author":4,"featured_media":2241,"comment_status":"open","ping_status":"open","sticky":false,"template":"","format":"standard","meta":{"footnotes":""},"categories":[1],"tags":[],"class_list":["post-2240","post","type-post","status-publish","format-standard","has-post-thumbnail","hentry","category-uncategorized"],"yoast_head":"<!-- This site is optimized with the Yoast SEO plugin v26.1.1 - https:\/\/yoast.com\/wordpress\/plugins\/seo\/ -->\n<title>\u0218edin\u021b\u0103 de guvern; Programul na\u021bional de achizi\u021bii ecologice 2025 - 2030, pe agend\u0103 - Carpathia Center Romania<\/title>\n<meta name=\"robots\" content=\"index, follow, max-snippet:-1, max-image-preview:large, max-video-preview:-1\" \/>\n<link rel=\"canonical\" href=\"https:\/\/carpathiacenter.ro\/en\/sedinta-de-guvern-programul-national-de-achizitii-ecologice-2025-2030-pe-agenda\/\" \/>\n<meta property=\"og:locale\" content=\"en_GB\" \/>\n<meta property=\"og:type\" content=\"article\" \/>\n<meta property=\"og:title\" content=\"\u0218edin\u021b\u0103 de guvern; Programul na\u021bional de achizi\u021bii ecologice 2025 - 2030, pe agend\u0103 - Carpathia Center Romania\" \/>\n<meta property=\"og:description\" content=\"Guvernul se reune\u0219te joi \u00een \u0219edin\u021ba s\u0103pt\u0103m\u00e2nal\u0103, urm\u00e2nd s\u0103 aprobe, prin hot\u0103r\u00e2re, Programul na\u021bional de achizi\u021bii ecologice 2025 &#8211; 2030. Prin actul normativ se are \u00een vedere aprobarea \u0219i implementarea unui program de ac\u021biune care stabile\u0219te \u021binte anuale pentru realizarea de achizi\u021bii ecologice de c\u0103tre autorit\u0103\u021bile \u0219i entit\u0103\u021bile contractante, \u00een scopul stabilirii de m\u0103suri corelative...\" \/>\n<meta property=\"og:url\" content=\"https:\/\/carpathiacenter.ro\/en\/sedinta-de-guvern-programul-national-de-achizitii-ecologice-2025-2030-pe-agenda\/\" \/>\n<meta property=\"og:site_name\" content=\"Carpathia Center Romania\" \/>\n<meta property=\"article:publisher\" content=\"https:\/\/www.facebook.com\/fdpscarpathia\/\" \/>\n<meta property=\"article:published_time\" content=\"2025-04-24T08:25:33+00:00\" \/>\n<meta property=\"og:image\" content=\"https:\/\/carpathiacenter.ro\/wp-content\/uploads\/2025\/04\/sedinta-de-guvern.jpg\" \/>\n\t<meta property=\"og:image:width\" content=\"670\" \/>\n\t<meta property=\"og:image:height\" content=\"428\" \/>\n\t<meta property=\"og:image:type\" content=\"image\/jpeg\" \/>\n<meta name=\"author\" content=\"creativebitsolutions\" \/>\n<meta name=\"twitter:card\" content=\"summary_large_image\" \/>\n<meta name=\"twitter:label1\" content=\"Written by\" \/>\n\t<meta name=\"twitter:data1\" content=\"creativebitsolutions\" \/>\n\t<meta name=\"twitter:label2\" content=\"Estimated reading time\" \/>\n\t<meta name=\"twitter:data2\" content=\"3 minutes\" \/>\n<script type=\"application\/ld+json\" class=\"yoast-schema-graph\">{\"@context\":\"https:\/\/schema.org\",\"@graph\":[{\"@type\":\"Article\",\"@id\":\"https:\/\/carpathiacenter.ro\/sedinta-de-guvern-programul-national-de-achizitii-ecologice-2025-2030-pe-agenda\/#article\",\"isPartOf\":{\"@id\":\"https:\/\/carpathiacenter.ro\/sedinta-de-guvern-programul-national-de-achizitii-ecologice-2025-2030-pe-agenda\/\"},\"author\":{\"name\":\"creativebitsolutions\",\"@id\":\"https:\/\/carpathiacenter.ro\/#\/schema\/person\/03d9f58202fee8379268f34afa195006\"},\"headline\":\"\u0218edin\u021b\u0103 de guvern; Programul na\u021bional de achizi\u021bii ecologice 2025 &#8211; 2030, pe agend\u0103\",\"datePublished\":\"2025-04-24T08:25:33+00:00\",\"mainEntityOfPage\":{\"@id\":\"https:\/\/carpathiacenter.ro\/sedinta-de-guvern-programul-national-de-achizitii-ecologice-2025-2030-pe-agenda\/\"},\"wordCount\":550,\"commentCount\":0,\"publisher\":{\"@id\":\"https:\/\/carpathiacenter.ro\/#organization\"},\"image\":{\"@id\":\"https:\/\/carpathiacenter.ro\/sedinta-de-guvern-programul-national-de-achizitii-ecologice-2025-2030-pe-agenda\/#primaryimage\"},\"thumbnailUrl\":\"https:\/\/carpathiacenter.ro\/wp-content\/uploads\/2025\/04\/sedinta-de-guvern.jpg\",\"articleSection\":[\"Uncategorized\"],\"inLanguage\":\"en-GB\",\"potentialAction\":[{\"@type\":\"CommentAction\",\"name\":\"Comment\",\"target\":[\"https:\/\/carpathiacenter.ro\/sedinta-de-guvern-programul-national-de-achizitii-ecologice-2025-2030-pe-agenda\/#respond\"]}]},{\"@type\":\"WebPage\",\"@id\":\"https:\/\/carpathiacenter.ro\/sedinta-de-guvern-programul-national-de-achizitii-ecologice-2025-2030-pe-agenda\/\",\"url\":\"https:\/\/carpathiacenter.ro\/sedinta-de-guvern-programul-national-de-achizitii-ecologice-2025-2030-pe-agenda\/\",\"name\":\"\u0218edin\u021b\u0103 de guvern; Programul na\u021bional de achizi\u021bii ecologice 2025 - 2030, pe agend\u0103 - Carpathia Center Romania\",\"isPartOf\":{\"@id\":\"https:\/\/carpathiacenter.ro\/#website\"},\"primaryImageOfPage\":{\"@id\":\"https:\/\/carpathiacenter.ro\/sedinta-de-guvern-programul-national-de-achizitii-ecologice-2025-2030-pe-agenda\/#primaryimage\"},\"image\":{\"@id\":\"https:\/\/carpathiacenter.ro\/sedinta-de-guvern-programul-national-de-achizitii-ecologice-2025-2030-pe-agenda\/#primaryimage\"},\"thumbnailUrl\":\"https:\/\/carpathiacenter.ro\/wp-content\/uploads\/2025\/04\/sedinta-de-guvern.jpg\",\"datePublished\":\"2025-04-24T08:25:33+00:00\",\"breadcrumb\":{\"@id\":\"https:\/\/carpathiacenter.ro\/sedinta-de-guvern-programul-national-de-achizitii-ecologice-2025-2030-pe-agenda\/#breadcrumb\"},\"inLanguage\":\"en-GB\",\"potentialAction\":[{\"@type\":\"ReadAction\",\"target\":[\"https:\/\/carpathiacenter.ro\/sedinta-de-guvern-programul-national-de-achizitii-ecologice-2025-2030-pe-agenda\/\"]}]},{\"@type\":\"ImageObject\",\"inLanguage\":\"en-GB\",\"@id\":\"https:\/\/carpathiacenter.ro\/sedinta-de-guvern-programul-national-de-achizitii-ecologice-2025-2030-pe-agenda\/#primaryimage\",\"url\":\"https:\/\/carpathiacenter.ro\/wp-content\/uploads\/2025\/04\/sedinta-de-guvern.jpg\",\"contentUrl\":\"https:\/\/carpathiacenter.ro\/wp-content\/uploads\/2025\/04\/sedinta-de-guvern.jpg\",\"width\":670,\"height\":428},{\"@type\":\"BreadcrumbList\",\"@id\":\"https:\/\/carpathiacenter.ro\/sedinta-de-guvern-programul-national-de-achizitii-ecologice-2025-2030-pe-agenda\/#breadcrumb\",\"itemListElement\":[{\"@type\":\"ListItem\",\"position\":1,\"name\":\"Prima pagin\u0103\",\"item\":\"https:\/\/carpathiacenter.ro\/\"},{\"@type\":\"ListItem\",\"position\":2,\"name\":\"\u0218edin\u021b\u0103 de guvern; Programul na\u021bional de achizi\u021bii ecologice 2025 &#8211; 2030, pe agend\u0103\"}]},{\"@type\":\"WebSite\",\"@id\":\"https:\/\/carpathiacenter.ro\/#website\",\"url\":\"https:\/\/carpathiacenter.ro\/\",\"name\":\"Carpathia Center Romania\",\"description\":\"Impossible made possible!\",\"publisher\":{\"@id\":\"https:\/\/carpathiacenter.ro\/#organization\"},\"potentialAction\":[{\"@type\":\"SearchAction\",\"target\":{\"@type\":\"EntryPoint\",\"urlTemplate\":\"https:\/\/carpathiacenter.ro\/?s={search_term_string}\"},\"query-input\":{\"@type\":\"PropertyValueSpecification\",\"valueRequired\":true,\"valueName\":\"search_term_string\"}}],\"inLanguage\":\"en-GB\"},{\"@type\":\"Organization\",\"@id\":\"https:\/\/carpathiacenter.ro\/#organization\",\"name\":\"Carpathia Center Romania\",\"url\":\"https:\/\/carpathiacenter.ro\/\",\"logo\":{\"@type\":\"ImageObject\",\"inLanguage\":\"en-GB\",\"@id\":\"https:\/\/carpathiacenter.ro\/#\/schema\/logo\/image\/\",\"url\":\"https:\/\/carpathiacenter.ro\/wp-content\/uploads\/2024\/07\/logo-carpathia_bg_white-1024x941.png\",\"contentUrl\":\"https:\/\/carpathiacenter.ro\/wp-content\/uploads\/2024\/07\/logo-carpathia_bg_white-1024x941.png\",\"width\":1024,\"height\":941,\"caption\":\"Carpathia Center Romania\"},\"image\":{\"@id\":\"https:\/\/carpathiacenter.ro\/#\/schema\/logo\/image\/\"},\"sameAs\":[\"https:\/\/www.facebook.com\/fdpscarpathia\/\"]},{\"@type\":\"Person\",\"@id\":\"https:\/\/carpathiacenter.ro\/#\/schema\/person\/03d9f58202fee8379268f34afa195006\",\"name\":\"creativebitsolutions\",\"image\":{\"@type\":\"ImageObject\",\"inLanguage\":\"en-GB\",\"@id\":\"https:\/\/carpathiacenter.ro\/#\/schema\/person\/image\/\",\"url\":\"https:\/\/secure.gravatar.com\/avatar\/1b1a13e37f847c635dab78348f1dff2f07651ee2a3d77a5c355a4b8c75f9165a?s=96&d=mm&r=g\",\"contentUrl\":\"https:\/\/secure.gravatar.com\/avatar\/1b1a13e37f847c635dab78348f1dff2f07651ee2a3d77a5c355a4b8c75f9165a?s=96&d=mm&r=g\",\"caption\":\"creativebitsolutions\"},\"url\":\"https:\/\/carpathiacenter.ro\/en\/author\/creativebitsolutions\/\"}]}<\/script>\n<!-- \/ Yoast SEO plugin. -->","yoast_head_json":{"title":"\u0218edin\u021b\u0103 de guvern; Programul na\u021bional de achizi\u021bii ecologice 2025 - 2030, pe agend\u0103 - Carpathia Center Romania","robots":{"index":"index","follow":"follow","max-snippet":"max-snippet:-1","max-image-preview":"max-image-preview:large","max-video-preview":"max-video-preview:-1"},"canonical":"https:\/\/carpathiacenter.ro\/en\/sedinta-de-guvern-programul-national-de-achizitii-ecologice-2025-2030-pe-agenda\/","og_locale":"en_GB","og_type":"article","og_title":"\u0218edin\u021b\u0103 de guvern; Programul na\u021bional de achizi\u021bii ecologice 2025 - 2030, pe agend\u0103 - Carpathia Center Romania","og_description":"Guvernul se reune\u0219te joi \u00een \u0219edin\u021ba s\u0103pt\u0103m\u00e2nal\u0103, urm\u00e2nd s\u0103 aprobe, prin hot\u0103r\u00e2re, Programul na\u021bional de achizi\u021bii ecologice 2025 &#8211; 2030. Prin actul normativ se are \u00een vedere aprobarea \u0219i implementarea unui program de ac\u021biune care stabile\u0219te \u021binte anuale pentru realizarea de achizi\u021bii ecologice de c\u0103tre autorit\u0103\u021bile \u0219i entit\u0103\u021bile contractante, \u00een scopul stabilirii de m\u0103suri corelative...","og_url":"https:\/\/carpathiacenter.ro\/en\/sedinta-de-guvern-programul-national-de-achizitii-ecologice-2025-2030-pe-agenda\/","og_site_name":"Carpathia Center Romania","article_publisher":"https:\/\/www.facebook.com\/fdpscarpathia\/","article_published_time":"2025-04-24T08:25:33+00:00","og_image":[{"width":670,"height":428,"url":"https:\/\/carpathiacenter.ro\/wp-content\/uploads\/2025\/04\/sedinta-de-guvern.jpg","type":"image\/jpeg"}],"author":"creativebitsolutions","twitter_card":"summary_large_image","twitter_misc":{"Written by":"creativebitsolutions","Estimated reading time":"3 minutes"},"schema":{"@context":"https:\/\/schema.org","@graph":[{"@type":"Article","@id":"https:\/\/carpathiacenter.ro\/sedinta-de-guvern-programul-national-de-achizitii-ecologice-2025-2030-pe-agenda\/#article","isPartOf":{"@id":"https:\/\/carpathiacenter.ro\/sedinta-de-guvern-programul-national-de-achizitii-ecologice-2025-2030-pe-agenda\/"},"author":{"name":"creativebitsolutions","@id":"https:\/\/carpathiacenter.ro\/#\/schema\/person\/03d9f58202fee8379268f34afa195006"},"headline":"\u0218edin\u021b\u0103 de guvern; Programul na\u021bional de achizi\u021bii ecologice 2025 &#8211; 2030, pe agend\u0103","datePublished":"2025-04-24T08:25:33+00:00","mainEntityOfPage":{"@id":"https:\/\/carpathiacenter.ro\/sedinta-de-guvern-programul-national-de-achizitii-ecologice-2025-2030-pe-agenda\/"},"wordCount":550,"commentCount":0,"publisher":{"@id":"https:\/\/carpathiacenter.ro\/#organization"},"image":{"@id":"https:\/\/carpathiacenter.ro\/sedinta-de-guvern-programul-national-de-achizitii-ecologice-2025-2030-pe-agenda\/#primaryimage"},"thumbnailUrl":"https:\/\/carpathiacenter.ro\/wp-content\/uploads\/2025\/04\/sedinta-de-guvern.jpg","articleSection":["Uncategorized"],"inLanguage":"en-GB","potentialAction":[{"@type":"CommentAction","name":"Comment","target":["https:\/\/carpathiacenter.ro\/sedinta-de-guvern-programul-national-de-achizitii-ecologice-2025-2030-pe-agenda\/#respond"]}]},{"@type":"WebPage","@id":"https:\/\/carpathiacenter.ro\/sedinta-de-guvern-programul-national-de-achizitii-ecologice-2025-2030-pe-agenda\/","url":"https:\/\/carpathiacenter.ro\/sedinta-de-guvern-programul-national-de-achizitii-ecologice-2025-2030-pe-agenda\/","name":"\u0218edin\u021b\u0103 de guvern; Programul na\u021bional de achizi\u021bii ecologice 2025 - 2030, pe agend\u0103 - Carpathia Center Romania","isPartOf":{"@id":"https:\/\/carpathiacenter.ro\/#website"},"primaryImageOfPage":{"@id":"https:\/\/carpathiacenter.ro\/sedinta-de-guvern-programul-national-de-achizitii-ecologice-2025-2030-pe-agenda\/#primaryimage"},"image":{"@id":"https:\/\/carpathiacenter.ro\/sedinta-de-guvern-programul-national-de-achizitii-ecologice-2025-2030-pe-agenda\/#primaryimage"},"thumbnailUrl":"https:\/\/carpathiacenter.ro\/wp-content\/uploads\/2025\/04\/sedinta-de-guvern.jpg","datePublished":"2025-04-24T08:25:33+00:00","breadcrumb":{"@id":"https:\/\/carpathiacenter.ro\/sedinta-de-guvern-programul-national-de-achizitii-ecologice-2025-2030-pe-agenda\/#breadcrumb"},"inLanguage":"en-GB","potentialAction":[{"@type":"ReadAction","target":["https:\/\/carpathiacenter.ro\/sedinta-de-guvern-programul-national-de-achizitii-ecologice-2025-2030-pe-agenda\/"]}]},{"@type":"ImageObject","inLanguage":"en-GB","@id":"https:\/\/carpathiacenter.ro\/sedinta-de-guvern-programul-national-de-achizitii-ecologice-2025-2030-pe-agenda\/#primaryimage","url":"https:\/\/carpathiacenter.ro\/wp-content\/uploads\/2025\/04\/sedinta-de-guvern.jpg","contentUrl":"https:\/\/carpathiacenter.ro\/wp-content\/uploads\/2025\/04\/sedinta-de-guvern.jpg","width":670,"height":428},{"@type":"BreadcrumbList","@id":"https:\/\/carpathiacenter.ro\/sedinta-de-guvern-programul-national-de-achizitii-ecologice-2025-2030-pe-agenda\/#breadcrumb","itemListElement":[{"@type":"ListItem","position":1,"name":"Prima pagin\u0103","item":"https:\/\/carpathiacenter.ro\/"},{"@type":"ListItem","position":2,"name":"\u0218edin\u021b\u0103 de guvern; Programul na\u021bional de achizi\u021bii ecologice 2025 &#8211; 2030, pe agend\u0103"}]},{"@type":"WebSite","@id":"https:\/\/carpathiacenter.ro\/#website","url":"https:\/\/carpathiacenter.ro\/","name":"Carpathia Center Romania","description":"Impossible made possible!","publisher":{"@id":"https:\/\/carpathiacenter.ro\/#organization"},"potentialAction":[{"@type":"SearchAction","target":{"@type":"EntryPoint","urlTemplate":"https:\/\/carpathiacenter.ro\/?s={search_term_string}"},"query-input":{"@type":"PropertyValueSpecification","valueRequired":true,"valueName":"search_term_string"}}],"inLanguage":"en-GB"},{"@type":"Organization","@id":"https:\/\/carpathiacenter.ro\/#organization","name":"Carpathia Center Romania","url":"https:\/\/carpathiacenter.ro\/","logo":{"@type":"ImageObject","inLanguage":"en-GB","@id":"https:\/\/carpathiacenter.ro\/#\/schema\/logo\/image\/","url":"https:\/\/carpathiacenter.ro\/wp-content\/uploads\/2024\/07\/logo-carpathia_bg_white-1024x941.png","contentUrl":"https:\/\/carpathiacenter.ro\/wp-content\/uploads\/2024\/07\/logo-carpathia_bg_white-1024x941.png","width":1024,"height":941,"caption":"Carpathia Center Romania"},"image":{"@id":"https:\/\/carpathiacenter.ro\/#\/schema\/logo\/image\/"},"sameAs":["https:\/\/www.facebook.com\/fdpscarpathia\/"]},{"@type":"Person","@id":"https:\/\/carpathiacenter.ro\/#\/schema\/person\/03d9f58202fee8379268f34afa195006","name":"creativebitsolutions","image":{"@type":"ImageObject","inLanguage":"en-GB","@id":"https:\/\/carpathiacenter.ro\/#\/schema\/person\/image\/","url":"https:\/\/secure.gravatar.com\/avatar\/1b1a13e37f847c635dab78348f1dff2f07651ee2a3d77a5c355a4b8c75f9165a?s=96&d=mm&r=g","contentUrl":"https:\/\/secure.gravatar.com\/avatar\/1b1a13e37f847c635dab78348f1dff2f07651ee2a3d77a5c355a4b8c75f9165a?s=96&d=mm&r=g","caption":"creativebitsolutions"},"url":"https:\/\/carpathiacenter.ro\/en\/author\/creativebitsolutions\/"}]}},"_links":{"self":[{"href":"https:\/\/carpathiacenter.ro\/en\/wp-json\/wp\/v2\/posts\/2240","targetHints":{"allow":["GET"]}}],"collection":[{"href":"https:\/\/carpathiacenter.ro\/en\/wp-json\/wp\/v2\/posts"}],"about":[{"href":"https:\/\/carpathiacenter.ro\/en\/wp-json\/wp\/v2\/types\/post"}],"author":[{"embeddable":true,"href":"https:\/\/carpathiacenter.ro\/en\/wp-json\/wp\/v2\/users\/4"}],"replies":[{"embeddable":true,"href":"https:\/\/carpathiacenter.ro\/en\/wp-json\/wp\/v2\/comments?post=2240"}],"version-history":[{"count":1,"href":"https:\/\/carpathiacenter.ro\/en\/wp-json\/wp\/v2\/posts\/2240\/revisions"}],"predecessor-version":[{"id":2242,"href":"https:\/\/carpathiacenter.ro\/en\/wp-json\/wp\/v2\/posts\/2240\/revisions\/2242"}],"wp:featuredmedia":[{"embeddable":true,"href":"https:\/\/carpathiacenter.ro\/en\/wp-json\/wp\/v2\/media\/2241"}],"wp:attachment":[{"href":"https:\/\/carpathiacenter.ro\/en\/wp-json\/wp\/v2\/media?parent=2240"}],"wp:term":[{"taxonomy":"category","embeddable":true,"href":"https:\/\/carpathiacenter.ro\/en\/wp-json\/wp\/v2\/categories?post=2240"},{"taxonomy":"post_tag","embeddable":true,"href":"https:\/\/carpathiacenter.ro\/en\/wp-json\/wp\/v2\/tags?post=2240"}],"curies":[{"name":"wp","href":"https:\/\/api.w.org\/{rel}","templated":true}]}}