{"id":2223,"date":"2025-04-22T18:33:55","date_gmt":"2025-04-22T18:33:55","guid":{"rendered":"https:\/\/carpathiacenter.ro\/?p=2223"},"modified":"2025-04-22T18:33:55","modified_gmt":"2025-04-22T18:33:55","slug":"papa-francisc-a-murit-in-urma-unui-accident-vascular-cerebral-vatican","status":"publish","type":"post","link":"https:\/\/carpathiacenter.ro\/en\/papa-francisc-a-murit-in-urma-unui-accident-vascular-cerebral-vatican\/","title":{"rendered":"Papa Francisc a murit \u00een urma unui accident vascular cerebral (Vatican)"},"content":{"rendered":"<p><strong>Papa Francisc a murit \u00een urma unui accident vascular cerebral care a provocat o com\u0103 \u0219i o insuficien\u021b\u0103 cardiocirculatorie ireversibil\u0103,\u00a0<a href=\"https:\/\/www.vaticannews.va\/en\/pope\/news\/2025-04\/pope-francis-death-due-to-stroke-and-irreversible-cardiocircula.html\" target=\"_blank\" rel=\"noreferrer noopener\">a anun\u021bat Vaticanul luni seara<\/a>, conform agen\u021biilor interna\u021bionale de pres\u0103.<\/strong><\/p>\n<p>\u2018Decesul a fost confirmat prin \u00eenregistrare electrocardio-terapeutic\u0103\u2019, se arat\u0103 \u00een document, semnat de directorul Departamentului de S\u0103n\u0103tate \u0219i Igien\u0103 al Vaticanului, profesorul Andrea Arcangeli.<\/p>\n<p>Certificatul, care a fost publicat de Vatican, spune c\u0103 Papa, \u00een v\u00e2rst\u0103 de 88 de ani, a intrat \u00een com\u0103 \u00eenainte de moartea sa luni diminea\u021b\u0103. AGERPRES\/(AS \u2013 redactor: Mariana Ionescu, editor online: Andreea Preda)<\/p>\n<p><a href=\"https:\/\/agerpres.ro\/social-extern\/2025\/04\/21\/papa-francisc-a-murit-in-urma-unui-accident-vascular-cerebral-vatican--1442036\">https:\/\/agerpres.ro\/social-extern\/2025\/04\/21\/papa-francisc-a-murit-in-urma-unui-accident-vascular-cerebral-vatican\u20131442036<\/a><\/p>","protected":false},"excerpt":{"rendered":"<p>Papa Francisc a murit \u00een urma unui accident vascular cerebral care a provocat o com\u0103 \u0219i o insuficien\u021b\u0103 cardiocirculatorie ireversibil\u0103,\u00a0a anun\u021bat Vaticanul luni seara, conform agen\u021biilor interna\u021bionale de pres\u0103. \u2018Decesul a fost confirmat prin \u00eenregistrare electrocardio-terapeutic\u0103\u2019, se arat\u0103 \u00een document, semnat de directorul Departamentului de S\u0103n\u0103tate \u0219i Igien\u0103 al Vaticanului, profesorul Andrea Arcangeli. Certificatul, care&#8230;<\/p>","protected":false},"author":4,"featured_media":2225,"comment_status":"open","ping_status":"open","sticky":false,"template":"","format":"standard","meta":{"footnotes":""},"categories":[1],"tags":[],"class_list":["post-2223","post","type-post","status-publish","format-standard","has-post-thumbnail","hentry","category-uncategorized"],"yoast_head":"<!-- This site is optimized with the Yoast SEO plugin v26.1.1 - https:\/\/yoast.com\/wordpress\/plugins\/seo\/ -->\n<title>Papa Francisc a murit \u00een urma unui accident vascular cerebral (Vatican) - Carpathia Center Romania<\/title>\n<meta name=\"robots\" content=\"index, follow, max-snippet:-1, max-image-preview:large, max-video-preview:-1\" \/>\n<link rel=\"canonical\" href=\"https:\/\/carpathiacenter.ro\/en\/papa-francisc-a-murit-in-urma-unui-accident-vascular-cerebral-vatican\/\" \/>\n<meta property=\"og:locale\" content=\"en_GB\" \/>\n<meta property=\"og:type\" content=\"article\" \/>\n<meta property=\"og:title\" content=\"Papa Francisc a murit \u00een urma unui accident vascular cerebral (Vatican) - Carpathia Center Romania\" \/>\n<meta property=\"og:description\" content=\"Papa Francisc a murit \u00een urma unui accident vascular cerebral care a provocat o com\u0103 \u0219i o insuficien\u021b\u0103 cardiocirculatorie ireversibil\u0103,\u00a0a anun\u021bat Vaticanul luni seara, conform agen\u021biilor interna\u021bionale de pres\u0103. \u2018Decesul a fost confirmat prin \u00eenregistrare electrocardio-terapeutic\u0103\u2019, se arat\u0103 \u00een document, semnat de directorul Departamentului de S\u0103n\u0103tate \u0219i Igien\u0103 al Vaticanului, profesorul Andrea Arcangeli. Certificatul, care...\" \/>\n<meta property=\"og:url\" content=\"https:\/\/carpathiacenter.ro\/en\/papa-francisc-a-murit-in-urma-unui-accident-vascular-cerebral-vatican\/\" \/>\n<meta property=\"og:site_name\" content=\"Carpathia Center Romania\" \/>\n<meta property=\"article:publisher\" content=\"https:\/\/www.facebook.com\/fdpscarpathia\/\" \/>\n<meta property=\"article:published_time\" content=\"2025-04-22T18:33:55+00:00\" \/>\n<meta property=\"og:image\" content=\"https:\/\/carpathiacenter.ro\/wp-content\/uploads\/2025\/04\/492218007-687451993780365-4210132287544141169-n.jpg\" \/>\n\t<meta property=\"og:image:width\" content=\"1200\" \/>\n\t<meta property=\"og:image:height\" content=\"675\" \/>\n\t<meta property=\"og:image:type\" content=\"image\/jpeg\" \/>\n<meta name=\"author\" content=\"creativebitsolutions\" \/>\n<meta name=\"twitter:card\" content=\"summary_large_image\" \/>\n<meta name=\"twitter:label1\" content=\"Written by\" \/>\n\t<meta name=\"twitter:data1\" content=\"creativebitsolutions\" \/>\n<script type=\"application\/ld+json\" class=\"yoast-schema-graph\">{\"@context\":\"https:\/\/schema.org\",\"@graph\":[{\"@type\":\"Article\",\"@id\":\"https:\/\/carpathiacenter.ro\/papa-francisc-a-murit-in-urma-unui-accident-vascular-cerebral-vatican\/#article\",\"isPartOf\":{\"@id\":\"https:\/\/carpathiacenter.ro\/papa-francisc-a-murit-in-urma-unui-accident-vascular-cerebral-vatican\/\"},\"author\":{\"name\":\"creativebitsolutions\",\"@id\":\"https:\/\/carpathiacenter.ro\/#\/schema\/person\/03d9f58202fee8379268f34afa195006\"},\"headline\":\"Papa Francisc a murit \u00een urma unui accident vascular cerebral (Vatican)\",\"datePublished\":\"2025-04-22T18:33:55+00:00\",\"mainEntityOfPage\":{\"@id\":\"https:\/\/carpathiacenter.ro\/papa-francisc-a-murit-in-urma-unui-accident-vascular-cerebral-vatican\/\"},\"wordCount\":110,\"commentCount\":0,\"publisher\":{\"@id\":\"https:\/\/carpathiacenter.ro\/#organization\"},\"image\":{\"@id\":\"https:\/\/carpathiacenter.ro\/papa-francisc-a-murit-in-urma-unui-accident-vascular-cerebral-vatican\/#primaryimage\"},\"thumbnailUrl\":\"https:\/\/carpathiacenter.ro\/wp-content\/uploads\/2025\/04\/492218007-687451993780365-4210132287544141169-n.jpg\",\"articleSection\":[\"Uncategorized\"],\"inLanguage\":\"en-GB\",\"potentialAction\":[{\"@type\":\"CommentAction\",\"name\":\"Comment\",\"target\":[\"https:\/\/carpathiacenter.ro\/papa-francisc-a-murit-in-urma-unui-accident-vascular-cerebral-vatican\/#respond\"]}]},{\"@type\":\"WebPage\",\"@id\":\"https:\/\/carpathiacenter.ro\/papa-francisc-a-murit-in-urma-unui-accident-vascular-cerebral-vatican\/\",\"url\":\"https:\/\/carpathiacenter.ro\/papa-francisc-a-murit-in-urma-unui-accident-vascular-cerebral-vatican\/\",\"name\":\"Papa Francisc a murit \u00een urma unui accident vascular cerebral (Vatican) - Carpathia Center Romania\",\"isPartOf\":{\"@id\":\"https:\/\/carpathiacenter.ro\/#website\"},\"primaryImageOfPage\":{\"@id\":\"https:\/\/carpathiacenter.ro\/papa-francisc-a-murit-in-urma-unui-accident-vascular-cerebral-vatican\/#primaryimage\"},\"image\":{\"@id\":\"https:\/\/carpathiacenter.ro\/papa-francisc-a-murit-in-urma-unui-accident-vascular-cerebral-vatican\/#primaryimage\"},\"thumbnailUrl\":\"https:\/\/carpathiacenter.ro\/wp-content\/uploads\/2025\/04\/492218007-687451993780365-4210132287544141169-n.jpg\",\"datePublished\":\"2025-04-22T18:33:55+00:00\",\"breadcrumb\":{\"@id\":\"https:\/\/carpathiacenter.ro\/papa-francisc-a-murit-in-urma-unui-accident-vascular-cerebral-vatican\/#breadcrumb\"},\"inLanguage\":\"en-GB\",\"potentialAction\":[{\"@type\":\"ReadAction\",\"target\":[\"https:\/\/carpathiacenter.ro\/papa-francisc-a-murit-in-urma-unui-accident-vascular-cerebral-vatican\/\"]}]},{\"@type\":\"ImageObject\",\"inLanguage\":\"en-GB\",\"@id\":\"https:\/\/carpathiacenter.ro\/papa-francisc-a-murit-in-urma-unui-accident-vascular-cerebral-vatican\/#primaryimage\",\"url\":\"https:\/\/carpathiacenter.ro\/wp-content\/uploads\/2025\/04\/492218007-687451993780365-4210132287544141169-n.jpg\",\"contentUrl\":\"https:\/\/carpathiacenter.ro\/wp-content\/uploads\/2025\/04\/492218007-687451993780365-4210132287544141169-n.jpg\",\"width\":1200,\"height\":675},{\"@type\":\"BreadcrumbList\",\"@id\":\"https:\/\/carpathiacenter.ro\/papa-francisc-a-murit-in-urma-unui-accident-vascular-cerebral-vatican\/#breadcrumb\",\"itemListElement\":[{\"@type\":\"ListItem\",\"position\":1,\"name\":\"Prima pagin\u0103\",\"item\":\"https:\/\/carpathiacenter.ro\/\"},{\"@type\":\"ListItem\",\"position\":2,\"name\":\"Papa Francisc a murit \u00een urma unui accident vascular cerebral (Vatican)\"}]},{\"@type\":\"WebSite\",\"@id\":\"https:\/\/carpathiacenter.ro\/#website\",\"url\":\"https:\/\/carpathiacenter.ro\/\",\"name\":\"Carpathia Center Romania\",\"description\":\"Impossible made possible!\",\"publisher\":{\"@id\":\"https:\/\/carpathiacenter.ro\/#organization\"},\"potentialAction\":[{\"@type\":\"SearchAction\",\"target\":{\"@type\":\"EntryPoint\",\"urlTemplate\":\"https:\/\/carpathiacenter.ro\/?s={search_term_string}\"},\"query-input\":{\"@type\":\"PropertyValueSpecification\",\"valueRequired\":true,\"valueName\":\"search_term_string\"}}],\"inLanguage\":\"en-GB\"},{\"@type\":\"Organization\",\"@id\":\"https:\/\/carpathiacenter.ro\/#organization\",\"name\":\"Carpathia Center Romania\",\"url\":\"https:\/\/carpathiacenter.ro\/\",\"logo\":{\"@type\":\"ImageObject\",\"inLanguage\":\"en-GB\",\"@id\":\"https:\/\/carpathiacenter.ro\/#\/schema\/logo\/image\/\",\"url\":\"https:\/\/carpathiacenter.ro\/wp-content\/uploads\/2024\/07\/logo-carpathia_bg_white-1024x941.png\",\"contentUrl\":\"https:\/\/carpathiacenter.ro\/wp-content\/uploads\/2024\/07\/logo-carpathia_bg_white-1024x941.png\",\"width\":1024,\"height\":941,\"caption\":\"Carpathia Center Romania\"},\"image\":{\"@id\":\"https:\/\/carpathiacenter.ro\/#\/schema\/logo\/image\/\"},\"sameAs\":[\"https:\/\/www.facebook.com\/fdpscarpathia\/\"]},{\"@type\":\"Person\",\"@id\":\"https:\/\/carpathiacenter.ro\/#\/schema\/person\/03d9f58202fee8379268f34afa195006\",\"name\":\"creativebitsolutions\",\"image\":{\"@type\":\"ImageObject\",\"inLanguage\":\"en-GB\",\"@id\":\"https:\/\/carpathiacenter.ro\/#\/schema\/person\/image\/\",\"url\":\"https:\/\/secure.gravatar.com\/avatar\/1b1a13e37f847c635dab78348f1dff2f07651ee2a3d77a5c355a4b8c75f9165a?s=96&d=mm&r=g\",\"contentUrl\":\"https:\/\/secure.gravatar.com\/avatar\/1b1a13e37f847c635dab78348f1dff2f07651ee2a3d77a5c355a4b8c75f9165a?s=96&d=mm&r=g\",\"caption\":\"creativebitsolutions\"},\"url\":\"https:\/\/carpathiacenter.ro\/en\/author\/creativebitsolutions\/\"}]}<\/script>\n<!-- \/ Yoast SEO plugin. -->","yoast_head_json":{"title":"Papa Francisc a murit \u00een urma unui accident vascular cerebral (Vatican) - Carpathia Center Romania","robots":{"index":"index","follow":"follow","max-snippet":"max-snippet:-1","max-image-preview":"max-image-preview:large","max-video-preview":"max-video-preview:-1"},"canonical":"https:\/\/carpathiacenter.ro\/en\/papa-francisc-a-murit-in-urma-unui-accident-vascular-cerebral-vatican\/","og_locale":"en_GB","og_type":"article","og_title":"Papa Francisc a murit \u00een urma unui accident vascular cerebral (Vatican) - Carpathia Center Romania","og_description":"Papa Francisc a murit \u00een urma unui accident vascular cerebral care a provocat o com\u0103 \u0219i o insuficien\u021b\u0103 cardiocirculatorie ireversibil\u0103,\u00a0a anun\u021bat Vaticanul luni seara, conform agen\u021biilor interna\u021bionale de pres\u0103. \u2018Decesul a fost confirmat prin \u00eenregistrare electrocardio-terapeutic\u0103\u2019, se arat\u0103 \u00een document, semnat de directorul Departamentului de S\u0103n\u0103tate \u0219i Igien\u0103 al Vaticanului, profesorul Andrea Arcangeli. Certificatul, care...","og_url":"https:\/\/carpathiacenter.ro\/en\/papa-francisc-a-murit-in-urma-unui-accident-vascular-cerebral-vatican\/","og_site_name":"Carpathia Center Romania","article_publisher":"https:\/\/www.facebook.com\/fdpscarpathia\/","article_published_time":"2025-04-22T18:33:55+00:00","og_image":[{"width":1200,"height":675,"url":"https:\/\/carpathiacenter.ro\/wp-content\/uploads\/2025\/04\/492218007-687451993780365-4210132287544141169-n.jpg","type":"image\/jpeg"}],"author":"creativebitsolutions","twitter_card":"summary_large_image","twitter_misc":{"Written by":"creativebitsolutions"},"schema":{"@context":"https:\/\/schema.org","@graph":[{"@type":"Article","@id":"https:\/\/carpathiacenter.ro\/papa-francisc-a-murit-in-urma-unui-accident-vascular-cerebral-vatican\/#article","isPartOf":{"@id":"https:\/\/carpathiacenter.ro\/papa-francisc-a-murit-in-urma-unui-accident-vascular-cerebral-vatican\/"},"author":{"name":"creativebitsolutions","@id":"https:\/\/carpathiacenter.ro\/#\/schema\/person\/03d9f58202fee8379268f34afa195006"},"headline":"Papa Francisc a murit \u00een urma unui accident vascular cerebral (Vatican)","datePublished":"2025-04-22T18:33:55+00:00","mainEntityOfPage":{"@id":"https:\/\/carpathiacenter.ro\/papa-francisc-a-murit-in-urma-unui-accident-vascular-cerebral-vatican\/"},"wordCount":110,"commentCount":0,"publisher":{"@id":"https:\/\/carpathiacenter.ro\/#organization"},"image":{"@id":"https:\/\/carpathiacenter.ro\/papa-francisc-a-murit-in-urma-unui-accident-vascular-cerebral-vatican\/#primaryimage"},"thumbnailUrl":"https:\/\/carpathiacenter.ro\/wp-content\/uploads\/2025\/04\/492218007-687451993780365-4210132287544141169-n.jpg","articleSection":["Uncategorized"],"inLanguage":"en-GB","potentialAction":[{"@type":"CommentAction","name":"Comment","target":["https:\/\/carpathiacenter.ro\/papa-francisc-a-murit-in-urma-unui-accident-vascular-cerebral-vatican\/#respond"]}]},{"@type":"WebPage","@id":"https:\/\/carpathiacenter.ro\/papa-francisc-a-murit-in-urma-unui-accident-vascular-cerebral-vatican\/","url":"https:\/\/carpathiacenter.ro\/papa-francisc-a-murit-in-urma-unui-accident-vascular-cerebral-vatican\/","name":"Papa Francisc a murit \u00een urma unui accident vascular cerebral (Vatican) - Carpathia Center Romania","isPartOf":{"@id":"https:\/\/carpathiacenter.ro\/#website"},"primaryImageOfPage":{"@id":"https:\/\/carpathiacenter.ro\/papa-francisc-a-murit-in-urma-unui-accident-vascular-cerebral-vatican\/#primaryimage"},"image":{"@id":"https:\/\/carpathiacenter.ro\/papa-francisc-a-murit-in-urma-unui-accident-vascular-cerebral-vatican\/#primaryimage"},"thumbnailUrl":"https:\/\/carpathiacenter.ro\/wp-content\/uploads\/2025\/04\/492218007-687451993780365-4210132287544141169-n.jpg","datePublished":"2025-04-22T18:33:55+00:00","breadcrumb":{"@id":"https:\/\/carpathiacenter.ro\/papa-francisc-a-murit-in-urma-unui-accident-vascular-cerebral-vatican\/#breadcrumb"},"inLanguage":"en-GB","potentialAction":[{"@type":"ReadAction","target":["https:\/\/carpathiacenter.ro\/papa-francisc-a-murit-in-urma-unui-accident-vascular-cerebral-vatican\/"]}]},{"@type":"ImageObject","inLanguage":"en-GB","@id":"https:\/\/carpathiacenter.ro\/papa-francisc-a-murit-in-urma-unui-accident-vascular-cerebral-vatican\/#primaryimage","url":"https:\/\/carpathiacenter.ro\/wp-content\/uploads\/2025\/04\/492218007-687451993780365-4210132287544141169-n.jpg","contentUrl":"https:\/\/carpathiacenter.ro\/wp-content\/uploads\/2025\/04\/492218007-687451993780365-4210132287544141169-n.jpg","width":1200,"height":675},{"@type":"BreadcrumbList","@id":"https:\/\/carpathiacenter.ro\/papa-francisc-a-murit-in-urma-unui-accident-vascular-cerebral-vatican\/#breadcrumb","itemListElement":[{"@type":"ListItem","position":1,"name":"Prima pagin\u0103","item":"https:\/\/carpathiacenter.ro\/"},{"@type":"ListItem","position":2,"name":"Papa Francisc a murit \u00een urma unui accident vascular cerebral (Vatican)"}]},{"@type":"WebSite","@id":"https:\/\/carpathiacenter.ro\/#website","url":"https:\/\/carpathiacenter.ro\/","name":"Carpathia Center Romania","description":"Impossible made possible!","publisher":{"@id":"https:\/\/carpathiacenter.ro\/#organization"},"potentialAction":[{"@type":"SearchAction","target":{"@type":"EntryPoint","urlTemplate":"https:\/\/carpathiacenter.ro\/?s={search_term_string}"},"query-input":{"@type":"PropertyValueSpecification","valueRequired":true,"valueName":"search_term_string"}}],"inLanguage":"en-GB"},{"@type":"Organization","@id":"https:\/\/carpathiacenter.ro\/#organization","name":"Carpathia Center Romania","url":"https:\/\/carpathiacenter.ro\/","logo":{"@type":"ImageObject","inLanguage":"en-GB","@id":"https:\/\/carpathiacenter.ro\/#\/schema\/logo\/image\/","url":"https:\/\/carpathiacenter.ro\/wp-content\/uploads\/2024\/07\/logo-carpathia_bg_white-1024x941.png","contentUrl":"https:\/\/carpathiacenter.ro\/wp-content\/uploads\/2024\/07\/logo-carpathia_bg_white-1024x941.png","width":1024,"height":941,"caption":"Carpathia Center Romania"},"image":{"@id":"https:\/\/carpathiacenter.ro\/#\/schema\/logo\/image\/"},"sameAs":["https:\/\/www.facebook.com\/fdpscarpathia\/"]},{"@type":"Person","@id":"https:\/\/carpathiacenter.ro\/#\/schema\/person\/03d9f58202fee8379268f34afa195006","name":"creativebitsolutions","image":{"@type":"ImageObject","inLanguage":"en-GB","@id":"https:\/\/carpathiacenter.ro\/#\/schema\/person\/image\/","url":"https:\/\/secure.gravatar.com\/avatar\/1b1a13e37f847c635dab78348f1dff2f07651ee2a3d77a5c355a4b8c75f9165a?s=96&d=mm&r=g","contentUrl":"https:\/\/secure.gravatar.com\/avatar\/1b1a13e37f847c635dab78348f1dff2f07651ee2a3d77a5c355a4b8c75f9165a?s=96&d=mm&r=g","caption":"creativebitsolutions"},"url":"https:\/\/carpathiacenter.ro\/en\/author\/creativebitsolutions\/"}]}},"_links":{"self":[{"href":"https:\/\/carpathiacenter.ro\/en\/wp-json\/wp\/v2\/posts\/2223","targetHints":{"allow":["GET"]}}],"collection":[{"href":"https:\/\/carpathiacenter.ro\/en\/wp-json\/wp\/v2\/posts"}],"about":[{"href":"https:\/\/carpathiacenter.ro\/en\/wp-json\/wp\/v2\/types\/post"}],"author":[{"embeddable":true,"href":"https:\/\/carpathiacenter.ro\/en\/wp-json\/wp\/v2\/users\/4"}],"replies":[{"embeddable":true,"href":"https:\/\/carpathiacenter.ro\/en\/wp-json\/wp\/v2\/comments?post=2223"}],"version-history":[{"count":1,"href":"https:\/\/carpathiacenter.ro\/en\/wp-json\/wp\/v2\/posts\/2223\/revisions"}],"predecessor-version":[{"id":2227,"href":"https:\/\/carpathiacenter.ro\/en\/wp-json\/wp\/v2\/posts\/2223\/revisions\/2227"}],"wp:featuredmedia":[{"embeddable":true,"href":"https:\/\/carpathiacenter.ro\/en\/wp-json\/wp\/v2\/media\/2225"}],"wp:attachment":[{"href":"https:\/\/carpathiacenter.ro\/en\/wp-json\/wp\/v2\/media?parent=2223"}],"wp:term":[{"taxonomy":"category","embeddable":true,"href":"https:\/\/carpathiacenter.ro\/en\/wp-json\/wp\/v2\/categories?post=2223"},{"taxonomy":"post_tag","embeddable":true,"href":"https:\/\/carpathiacenter.ro\/en\/wp-json\/wp\/v2\/tags?post=2223"}],"curies":[{"name":"wp","href":"https:\/\/api.w.org\/{rel}","templated":true}]}}