{"id":2211,"date":"2025-04-17T08:43:10","date_gmt":"2025-04-17T08:43:10","guid":{"rendered":"https:\/\/carpathiacenter.ro\/?p=2211"},"modified":"2025-04-18T08:46:06","modified_gmt":"2025-04-18T08:46:06","slug":"ministrul-energiei-nu-exista-risc-de-black-out-in-romania","status":"publish","type":"post","link":"https:\/\/carpathiacenter.ro\/en\/ministrul-energiei-nu-exista-risc-de-black-out-in-romania\/","title":{"rendered":"Ministrul Energiei: Nu exist\u0103 risc de black-out \u00een Rom\u00e2nia"},"content":{"rendered":"<p><strong>Ministrul Energiei, Sebastian Burduja, a transmis miercuri c\u0103 nu exist\u0103 risc de black-out \u00een Rom\u00e2nia, \u00een condi\u021biile actuale, chiar dac\u0103 \u00een prima \u0219i a doua zi de Pa\u0219te vom produce mai mult\u0103 energie electric\u0103 dec\u00e2t necesarul de consum.<\/strong><\/p>\n<p>&#8216;Transmit din capul locului ceea ce speciali\u0219tii mi-au transmis: nu exist\u0103 risc de black-out \u00een Rom\u00e2nia, \u00een condi\u021biile actuale! \u00cei rog pe reprezentan\u021bii presei, dar \u0219i pe actorii politici, s\u0103 dea dovad\u0103 de responsabilitate \u0219i s\u0103 nu induc\u0103 panica. Pe scurt, vom avea dou\u0103 zile &#8211; prima \u0219i a doua zi de Pa\u0219te, \u00een special \u00eentre orele 11-16 &#8211; \u00een care vom produce mai mult\u0103 energie electric\u0103 dec\u00e2t necesarul de consum. Va trebui s\u0103 gestion\u0103m foarte atent echilibrarea sistemului, nivelurile de frecven\u021b\u0103 \u0219i tensiune at\u00e2t \u00een re\u021beaua electric\u0103 de transport, c\u00e2t \u0219i \u00een re\u021beaua electric\u0103 de distribu\u021bie, pentru a nu cauza deterior\u0103ri ale izola\u021biei instala\u021biilor din SEN&#8217;, a scris Burduja pe propria pagin\u0103 de Facebook.<\/p>\n<p>Acesta a explicat c\u0103 nu este nimic anormal ca de Pa\u0219te consumul na\u021bional s\u0103 fie cel mai mic din an, provocarea pentru Rom\u00e2nia fiind similar\u0103 cu a multor \u021b\u0103ri din Europa. &#8216;Asta se \u00eent\u00e2mpl\u0103 de cele mai multe ori. Iar odat\u0103 cu investi\u021biile masive \u00een noi capacit\u0103\u021bi de produc\u021bie solar+eolian \u0219i cele de la prosumatori, ne a\u0219tept\u0103m la un consum \u00een ziua de Pa\u0219te, la orele dup\u0103-amiezii, \u00een jurul valorii de 2500 MW, un nivel extrem de redus. Provocarea cea mai mare vine din faptul c\u0103 situa\u021bia descris\u0103 pentru Rom\u00e2nia este similar\u0103 cu a multor \u021b\u0103ri din Europa&#8217;, a punctat ministrul.<\/p>\n<p>\u00cen opinia sa, &#8216;apetitul&#8217; pentru a importa energie de pe alte pie\u021be, inclusiv din Rom\u00e2nia, va fi redus \u00een perioada Pa\u0219telui, iar din acest motiv la nivelul ENTSO-E a fost activat\u0103, la ini\u021biativa Rom\u00e2niei, o grup\u0103 de lucru care s\u0103 analizeze situa\u021bia din fiecare sistem, s\u0103 identifice problemele, riscurile asociate \u0219i s\u0103 coordoneze posibilit\u0103\u021bile tehnice de \u00eentrajutorare.<\/p>\n<p>&#8216;Da, va fi o perioad\u0103 de stres \u00een r\u00e2ndul celor care gestioneaz\u0103 sistemul energetic na\u021bional. Nu este nici prima, nici ultima. Iar noi facem ca de fiecare dat\u0103 ceea ce trebuie &#8211; ne preg\u0103tim din timp \u0219i r\u0103m\u00e2nem la datorie&#8217;, a subliniat Burduja.<\/p>\n<p>Oficialul de la Energie a ad\u0103ugat c\u0103 m\u0103surile de precau\u021bie \u0219i control pe care speciali\u0219tii le-au prezentat vizeaz\u0103 dou\u0103 direc\u021bii principale. Prima dintre ele se refer\u0103 la reducerea excedentului de energie electric\u0103 activ\u0103, care se se poate realiza prin reducerea produc\u021biei \u0219i cre\u0219terea consumului de energie electric\u0103.<\/p>\n<p>Astfel, Hidroelectrica, \u00een baza dispozi\u021biilor de dispecer, este dispus\u0103 s\u0103-\u0219i reduc\u0103 produc\u021bia de energie electric\u0103 p\u00e2n\u0103 la zero MW \u0219i va programa func\u021bionarea pompelor din amenaj\u0103rile Lotru, Sebe\u0219 \u0219i Dr\u0103gan pe golurile de sarcin\u0103, asigur\u00e2nd astfel o cre\u0219tere a consumului de energie electric\u0103 de aproximativ 40 &#8211; 50 MW; ELCEN va avea toate grupurile oprite \u0219i va asigura doar necesarul de termoficare din CAF-uri; CE Oltenia va avea dou\u0103 grupuri \u00een func\u021biune. \u00cen caz de necesitate, a fost preg\u0103tit\u0103 o schem\u0103 special\u0103 de func\u021bionare a celor dou\u0103 grupuri, care va permite reducerea produc\u021biei la aproximativ 80-90 MW\/grup.<\/p>\n<p>De asemenea, CNE Cernavod\u0103 va func\u021biona echilibrat, corespunz\u0103tor contractelor comerciale pe care le vor avea. &#8216;Dac\u0103 acestea nu vor acoperi puterea disponibil\u0103 a grupurilor, acestea vor func\u021biona desc\u0103rcat. Reducerea de putere pe care o pot realiza, f\u0103r\u0103 impact major asupra U1 \u0219i U2 este de 140 MW\/unitate (20% din puterea instalat\u0103\/unitate). Doar \u00een caz excep\u021bional lu\u0103m \u00een considerare posibilitatea de a putea reduce 280 MW\/unitate (40% din puterea instalat\u0103\/unitate)&#8217;, a men\u021bionat Burduja \u00een postarea sa.<\/p>\n<p>Nu \u00een ultimul r\u00e2nd, instala\u021biile de stocare cu baterii vor func\u021biona \u00een regim de \u00eenc\u0103rcare (de consumator) pe golurile de sarcin\u0103, asigur\u00e2nd astfel o cre\u0219tere a consumului de energie electric\u0103 de aproximativ 50 MW pe o perioad\u0103 de aproximativ 6 ore. Ministrul spune c\u0103 exist\u0103 instala\u021bii de stocare aflate \u00een exploatare comercial\u0103 de aproximativ 330 MW, \u00een doar 15 luni ajung\u00e2ndu-se de la 16 MW la 330 MW \u0219i &#8216;asta face ca ast\u0103zi s\u0103 avem stocarea pe agenda de discu\u021bii a \u0219edin\u021belor de comandament energetic&#8217;.<\/p>\n<p>&#8216;Se vor aten\u021biona furnizorii de energie electric\u0103 \u0219i clien\u021bii racorda\u021bi la re\u021beaua electric\u0103 de distribu\u021bie s\u0103-\u0219i respecte prevederile din ATR, respectiv din certificatele de racordare, iar energia electric\u0103 injectat\u0103 \u00een punctul de racordare s\u0103 nu dep\u0103\u0219easc\u0103 puterea aprobat\u0103 prin aceste documente&#8217;, a atras aten\u021bia \u0219eful de la Energie.<\/p>\n<p>Cea de a doua m\u0103sur\u0103 de precau\u021bie \u0219i control vizeaz\u0103 reducerea nivelului de tensiune din SEN. \u00cen acest context, Dispecerul energetic na\u021bional (DEN) va dispune func\u021bionarea \u00een regim de absorb\u021bie de putere reactiv\u0103 la CEE-uri \u0219i CEF-uri mici (1 mai mic sau egal P mai mic sau egal 5 MW) \u00een conformitate cu cerin\u021bele tehnice prev\u0103zute \u00een normele tehnice, prin utilizarea tuturor mijloacelor tehnice pe care le de\u021bin.<\/p>\n<p>Burduja precizeaz\u0103 c\u0103 dispozi\u021bia se va transmite \u00een prealabil at\u00e2t gestionarilor acestor instala\u021bii, c\u00e2t \u0219i centrelor de dispecer local pe central\u0103 (DELC), pentru cele care sunt operate de la astfel de centre de dispecer. Pentru perioadele \u00een care se va dispune func\u021bionarea \u00een acest regim, centralele vor fi exonerate de plata energiei reactive consumat\u0103 suplimentar.<\/p>\n<p>De asemenea, DEN va dispune func\u021bionarea \u00een regim de absorb\u021bie de putere reactiv\u0103 la centralele electrice aflate \u00een probe de verificare a conformit\u0103\u021bii tehnice, indiferent de categoria din care fac parte (B, C \u0219i D), prin utilizarea tuturor mijloacelor tehnice pe care le de\u021bin; se va asigura func\u021bionarea \u00een regim de compensator sincron a grupurilor de la CHE Lotru \u0219i CHE Vidraru; centralele electrice clasice, centralele electrice regenerabile \u0219i instala\u021biile de stocare de categorie C \u0219i de categorie D vor primi dispozi\u021bii de reglaj de tensiune\/putere reactiv\u0103 de la DEC \u0219i\/sau DET-uri, se arat\u0103 \u00een postarea ministrului Energiei.<\/p>\n<p>&#8216;\u00cen aceast\u0103 perioad\u0103 de stres \u0219i de solicitare ridicat\u0103, am dispus ca toate entit\u0103\u021bile implicate \u00een procesul de asigurare a condi\u021biilor normale de func\u021bionare a SEN s\u0103 aib\u0103 permanent deschise canalele de comunicare, s\u0103 colaboreze, s\u0103 se sprijine reciproc pentru prevenirea posibilelor disfunc\u021bionalit\u0103\u021bi \u0219i s\u0103 intervin\u0103 dac\u0103 apar incidente. Vom fi cu to\u021bii la datorie, inclusiv \u00een zilele de Pa\u0219te, cu telefoanele deschise \u0219i preg\u0103ti\u021bi s\u0103 asigur\u0103m echilibrul sistemului energetic na\u021bional. Apreciez ini\u021biativa proactiv\u0103 a asocia\u021biei prosumatorilor APCE, care a f\u0103cut apel la prosumatorii care nu vor fi acas\u0103 de Pa\u0219te s\u0103 opreasc\u0103 din invertor sistemul fotovoltaic instalat. Recomand acela\u0219i lucru, ca gest de civism fa\u021b\u0103 de sistemul energetic na\u021bional. Cu to\u021bii, produc\u0103tori, distribuitori, transportatori, furnizori, prosumatori, consumatori suntem parte din sistemul energetic na\u021bional&#8217;, a mai scris Sebastian Burduja pe pagina de socializare.AGERPRES\/(AS &#8211; editor: Mariana Nica, editor online: Ada V\u00eelceanu)&nbsp;<br \/>\n<br \/>\nSursa articolului:<a href=\"https:\/\/agerpres.ro\/economic\/2025\/04\/16\/ministrul-energiei-nu-exista-risc-de-black-out-in-romania--1441279\" target=\"_blank\" rel=\"noopener\" title=\"\">https:\/\/agerpres.ro\/economic\/2025\/04\/16\/ministrul-energiei-nu-exista-risc-de-black-out-in-romania&#8211;1441279<\/a><\/p>","protected":false},"excerpt":{"rendered":"<p>Ministrul Energiei, Sebastian Burduja, a transmis miercuri c\u0103 nu exist\u0103 risc de black-out \u00een Rom\u00e2nia, \u00een condi\u021biile actuale, chiar dac\u0103 \u00een prima \u0219i a doua zi de Pa\u0219te vom produce mai mult\u0103 energie electric\u0103 dec\u00e2t necesarul de consum. &#8216;Transmit din capul locului ceea ce speciali\u0219tii mi-au transmis: nu exist\u0103 risc de black-out \u00een Rom\u00e2nia, \u00een&#8230;<\/p>","protected":false},"author":4,"featured_media":2112,"comment_status":"open","ping_status":"open","sticky":false,"template":"","format":"standard","meta":{"footnotes":""},"categories":[1],"tags":[],"class_list":["post-2211","post","type-post","status-publish","format-standard","has-post-thumbnail","hentry","category-uncategorized"],"yoast_head":"<!-- This site is optimized with the Yoast SEO plugin v26.1.1 - https:\/\/yoast.com\/wordpress\/plugins\/seo\/ -->\n<title>Ministrul Energiei: Nu exist\u0103 risc de black-out \u00een Rom\u00e2nia - Carpathia Center Romania<\/title>\n<meta name=\"robots\" content=\"index, follow, max-snippet:-1, max-image-preview:large, max-video-preview:-1\" \/>\n<link rel=\"canonical\" href=\"https:\/\/carpathiacenter.ro\/en\/ministrul-energiei-nu-exista-risc-de-black-out-in-romania\/\" \/>\n<meta property=\"og:locale\" content=\"en_GB\" \/>\n<meta property=\"og:type\" content=\"article\" \/>\n<meta property=\"og:title\" content=\"Ministrul Energiei: Nu exist\u0103 risc de black-out \u00een Rom\u00e2nia - Carpathia Center Romania\" \/>\n<meta property=\"og:description\" content=\"Ministrul Energiei, Sebastian Burduja, a transmis miercuri c\u0103 nu exist\u0103 risc de black-out \u00een Rom\u00e2nia, \u00een condi\u021biile actuale, chiar dac\u0103 \u00een prima \u0219i a doua zi de Pa\u0219te vom produce mai mult\u0103 energie electric\u0103 dec\u00e2t necesarul de consum. &#8216;Transmit din capul locului ceea ce speciali\u0219tii mi-au transmis: nu exist\u0103 risc de black-out \u00een Rom\u00e2nia, \u00een...\" \/>\n<meta property=\"og:url\" content=\"https:\/\/carpathiacenter.ro\/en\/ministrul-energiei-nu-exista-risc-de-black-out-in-romania\/\" \/>\n<meta property=\"og:site_name\" content=\"Carpathia Center Romania\" \/>\n<meta property=\"article:publisher\" content=\"https:\/\/www.facebook.com\/fdpscarpathia\/\" \/>\n<meta property=\"article:published_time\" content=\"2025-04-17T08:43:10+00:00\" \/>\n<meta property=\"article:modified_time\" content=\"2025-04-18T08:46:06+00:00\" \/>\n<meta property=\"og:image\" content=\"https:\/\/carpathiacenter.ro\/wp-content\/uploads\/2025\/04\/Sebastian_burduja1.jpg\" \/>\n\t<meta property=\"og:image:width\" content=\"780\" \/>\n\t<meta property=\"og:image:height\" content=\"440\" \/>\n\t<meta property=\"og:image:type\" content=\"image\/jpeg\" \/>\n<meta name=\"author\" content=\"creativebitsolutions\" \/>\n<meta name=\"twitter:card\" content=\"summary_large_image\" \/>\n<meta name=\"twitter:label1\" content=\"Written by\" \/>\n\t<meta name=\"twitter:data1\" content=\"creativebitsolutions\" \/>\n\t<meta name=\"twitter:label2\" content=\"Estimated reading time\" \/>\n\t<meta name=\"twitter:data2\" content=\"6 minutes\" \/>\n<script type=\"application\/ld+json\" class=\"yoast-schema-graph\">{\"@context\":\"https:\/\/schema.org\",\"@graph\":[{\"@type\":\"Article\",\"@id\":\"https:\/\/carpathiacenter.ro\/ministrul-energiei-nu-exista-risc-de-black-out-in-romania\/#article\",\"isPartOf\":{\"@id\":\"https:\/\/carpathiacenter.ro\/ministrul-energiei-nu-exista-risc-de-black-out-in-romania\/\"},\"author\":{\"name\":\"creativebitsolutions\",\"@id\":\"https:\/\/carpathiacenter.ro\/#\/schema\/person\/03d9f58202fee8379268f34afa195006\"},\"headline\":\"Ministrul Energiei: Nu exist\u0103 risc de black-out \u00een Rom\u00e2nia\",\"datePublished\":\"2025-04-17T08:43:10+00:00\",\"dateModified\":\"2025-04-18T08:46:06+00:00\",\"mainEntityOfPage\":{\"@id\":\"https:\/\/carpathiacenter.ro\/ministrul-energiei-nu-exista-risc-de-black-out-in-romania\/\"},\"wordCount\":1215,\"commentCount\":0,\"publisher\":{\"@id\":\"https:\/\/carpathiacenter.ro\/#organization\"},\"image\":{\"@id\":\"https:\/\/carpathiacenter.ro\/ministrul-energiei-nu-exista-risc-de-black-out-in-romania\/#primaryimage\"},\"thumbnailUrl\":\"https:\/\/carpathiacenter.ro\/wp-content\/uploads\/2025\/04\/Sebastian_burduja1.jpg\",\"articleSection\":[\"Uncategorized\"],\"inLanguage\":\"en-GB\",\"potentialAction\":[{\"@type\":\"CommentAction\",\"name\":\"Comment\",\"target\":[\"https:\/\/carpathiacenter.ro\/ministrul-energiei-nu-exista-risc-de-black-out-in-romania\/#respond\"]}]},{\"@type\":\"WebPage\",\"@id\":\"https:\/\/carpathiacenter.ro\/ministrul-energiei-nu-exista-risc-de-black-out-in-romania\/\",\"url\":\"https:\/\/carpathiacenter.ro\/ministrul-energiei-nu-exista-risc-de-black-out-in-romania\/\",\"name\":\"Ministrul Energiei: Nu exist\u0103 risc de black-out \u00een Rom\u00e2nia - Carpathia Center Romania\",\"isPartOf\":{\"@id\":\"https:\/\/carpathiacenter.ro\/#website\"},\"primaryImageOfPage\":{\"@id\":\"https:\/\/carpathiacenter.ro\/ministrul-energiei-nu-exista-risc-de-black-out-in-romania\/#primaryimage\"},\"image\":{\"@id\":\"https:\/\/carpathiacenter.ro\/ministrul-energiei-nu-exista-risc-de-black-out-in-romania\/#primaryimage\"},\"thumbnailUrl\":\"https:\/\/carpathiacenter.ro\/wp-content\/uploads\/2025\/04\/Sebastian_burduja1.jpg\",\"datePublished\":\"2025-04-17T08:43:10+00:00\",\"dateModified\":\"2025-04-18T08:46:06+00:00\",\"breadcrumb\":{\"@id\":\"https:\/\/carpathiacenter.ro\/ministrul-energiei-nu-exista-risc-de-black-out-in-romania\/#breadcrumb\"},\"inLanguage\":\"en-GB\",\"potentialAction\":[{\"@type\":\"ReadAction\",\"target\":[\"https:\/\/carpathiacenter.ro\/ministrul-energiei-nu-exista-risc-de-black-out-in-romania\/\"]}]},{\"@type\":\"ImageObject\",\"inLanguage\":\"en-GB\",\"@id\":\"https:\/\/carpathiacenter.ro\/ministrul-energiei-nu-exista-risc-de-black-out-in-romania\/#primaryimage\",\"url\":\"https:\/\/carpathiacenter.ro\/wp-content\/uploads\/2025\/04\/Sebastian_burduja1.jpg\",\"contentUrl\":\"https:\/\/carpathiacenter.ro\/wp-content\/uploads\/2025\/04\/Sebastian_burduja1.jpg\",\"width\":780,\"height\":440},{\"@type\":\"BreadcrumbList\",\"@id\":\"https:\/\/carpathiacenter.ro\/ministrul-energiei-nu-exista-risc-de-black-out-in-romania\/#breadcrumb\",\"itemListElement\":[{\"@type\":\"ListItem\",\"position\":1,\"name\":\"Prima pagin\u0103\",\"item\":\"https:\/\/carpathiacenter.ro\/\"},{\"@type\":\"ListItem\",\"position\":2,\"name\":\"Ministrul Energiei: Nu exist\u0103 risc de black-out \u00een Rom\u00e2nia\"}]},{\"@type\":\"WebSite\",\"@id\":\"https:\/\/carpathiacenter.ro\/#website\",\"url\":\"https:\/\/carpathiacenter.ro\/\",\"name\":\"Carpathia Center Romania\",\"description\":\"Impossible made possible!\",\"publisher\":{\"@id\":\"https:\/\/carpathiacenter.ro\/#organization\"},\"potentialAction\":[{\"@type\":\"SearchAction\",\"target\":{\"@type\":\"EntryPoint\",\"urlTemplate\":\"https:\/\/carpathiacenter.ro\/?s={search_term_string}\"},\"query-input\":{\"@type\":\"PropertyValueSpecification\",\"valueRequired\":true,\"valueName\":\"search_term_string\"}}],\"inLanguage\":\"en-GB\"},{\"@type\":\"Organization\",\"@id\":\"https:\/\/carpathiacenter.ro\/#organization\",\"name\":\"Carpathia Center Romania\",\"url\":\"https:\/\/carpathiacenter.ro\/\",\"logo\":{\"@type\":\"ImageObject\",\"inLanguage\":\"en-GB\",\"@id\":\"https:\/\/carpathiacenter.ro\/#\/schema\/logo\/image\/\",\"url\":\"https:\/\/carpathiacenter.ro\/wp-content\/uploads\/2024\/07\/logo-carpathia_bg_white-1024x941.png\",\"contentUrl\":\"https:\/\/carpathiacenter.ro\/wp-content\/uploads\/2024\/07\/logo-carpathia_bg_white-1024x941.png\",\"width\":1024,\"height\":941,\"caption\":\"Carpathia Center Romania\"},\"image\":{\"@id\":\"https:\/\/carpathiacenter.ro\/#\/schema\/logo\/image\/\"},\"sameAs\":[\"https:\/\/www.facebook.com\/fdpscarpathia\/\"]},{\"@type\":\"Person\",\"@id\":\"https:\/\/carpathiacenter.ro\/#\/schema\/person\/03d9f58202fee8379268f34afa195006\",\"name\":\"creativebitsolutions\",\"image\":{\"@type\":\"ImageObject\",\"inLanguage\":\"en-GB\",\"@id\":\"https:\/\/carpathiacenter.ro\/#\/schema\/person\/image\/\",\"url\":\"https:\/\/secure.gravatar.com\/avatar\/1b1a13e37f847c635dab78348f1dff2f07651ee2a3d77a5c355a4b8c75f9165a?s=96&d=mm&r=g\",\"contentUrl\":\"https:\/\/secure.gravatar.com\/avatar\/1b1a13e37f847c635dab78348f1dff2f07651ee2a3d77a5c355a4b8c75f9165a?s=96&d=mm&r=g\",\"caption\":\"creativebitsolutions\"},\"url\":\"https:\/\/carpathiacenter.ro\/en\/author\/creativebitsolutions\/\"}]}<\/script>\n<!-- \/ Yoast SEO plugin. -->","yoast_head_json":{"title":"Ministrul Energiei: Nu exist\u0103 risc de black-out \u00een Rom\u00e2nia - Carpathia Center Romania","robots":{"index":"index","follow":"follow","max-snippet":"max-snippet:-1","max-image-preview":"max-image-preview:large","max-video-preview":"max-video-preview:-1"},"canonical":"https:\/\/carpathiacenter.ro\/en\/ministrul-energiei-nu-exista-risc-de-black-out-in-romania\/","og_locale":"en_GB","og_type":"article","og_title":"Ministrul Energiei: Nu exist\u0103 risc de black-out \u00een Rom\u00e2nia - Carpathia Center Romania","og_description":"Ministrul Energiei, Sebastian Burduja, a transmis miercuri c\u0103 nu exist\u0103 risc de black-out \u00een Rom\u00e2nia, \u00een condi\u021biile actuale, chiar dac\u0103 \u00een prima \u0219i a doua zi de Pa\u0219te vom produce mai mult\u0103 energie electric\u0103 dec\u00e2t necesarul de consum. &#8216;Transmit din capul locului ceea ce speciali\u0219tii mi-au transmis: nu exist\u0103 risc de black-out \u00een Rom\u00e2nia, \u00een...","og_url":"https:\/\/carpathiacenter.ro\/en\/ministrul-energiei-nu-exista-risc-de-black-out-in-romania\/","og_site_name":"Carpathia Center Romania","article_publisher":"https:\/\/www.facebook.com\/fdpscarpathia\/","article_published_time":"2025-04-17T08:43:10+00:00","article_modified_time":"2025-04-18T08:46:06+00:00","og_image":[{"width":780,"height":440,"url":"https:\/\/carpathiacenter.ro\/wp-content\/uploads\/2025\/04\/Sebastian_burduja1.jpg","type":"image\/jpeg"}],"author":"creativebitsolutions","twitter_card":"summary_large_image","twitter_misc":{"Written by":"creativebitsolutions","Estimated reading time":"6 minutes"},"schema":{"@context":"https:\/\/schema.org","@graph":[{"@type":"Article","@id":"https:\/\/carpathiacenter.ro\/ministrul-energiei-nu-exista-risc-de-black-out-in-romania\/#article","isPartOf":{"@id":"https:\/\/carpathiacenter.ro\/ministrul-energiei-nu-exista-risc-de-black-out-in-romania\/"},"author":{"name":"creativebitsolutions","@id":"https:\/\/carpathiacenter.ro\/#\/schema\/person\/03d9f58202fee8379268f34afa195006"},"headline":"Ministrul Energiei: Nu exist\u0103 risc de black-out \u00een Rom\u00e2nia","datePublished":"2025-04-17T08:43:10+00:00","dateModified":"2025-04-18T08:46:06+00:00","mainEntityOfPage":{"@id":"https:\/\/carpathiacenter.ro\/ministrul-energiei-nu-exista-risc-de-black-out-in-romania\/"},"wordCount":1215,"commentCount":0,"publisher":{"@id":"https:\/\/carpathiacenter.ro\/#organization"},"image":{"@id":"https:\/\/carpathiacenter.ro\/ministrul-energiei-nu-exista-risc-de-black-out-in-romania\/#primaryimage"},"thumbnailUrl":"https:\/\/carpathiacenter.ro\/wp-content\/uploads\/2025\/04\/Sebastian_burduja1.jpg","articleSection":["Uncategorized"],"inLanguage":"en-GB","potentialAction":[{"@type":"CommentAction","name":"Comment","target":["https:\/\/carpathiacenter.ro\/ministrul-energiei-nu-exista-risc-de-black-out-in-romania\/#respond"]}]},{"@type":"WebPage","@id":"https:\/\/carpathiacenter.ro\/ministrul-energiei-nu-exista-risc-de-black-out-in-romania\/","url":"https:\/\/carpathiacenter.ro\/ministrul-energiei-nu-exista-risc-de-black-out-in-romania\/","name":"Ministrul Energiei: Nu exist\u0103 risc de black-out \u00een Rom\u00e2nia - Carpathia Center Romania","isPartOf":{"@id":"https:\/\/carpathiacenter.ro\/#website"},"primaryImageOfPage":{"@id":"https:\/\/carpathiacenter.ro\/ministrul-energiei-nu-exista-risc-de-black-out-in-romania\/#primaryimage"},"image":{"@id":"https:\/\/carpathiacenter.ro\/ministrul-energiei-nu-exista-risc-de-black-out-in-romania\/#primaryimage"},"thumbnailUrl":"https:\/\/carpathiacenter.ro\/wp-content\/uploads\/2025\/04\/Sebastian_burduja1.jpg","datePublished":"2025-04-17T08:43:10+00:00","dateModified":"2025-04-18T08:46:06+00:00","breadcrumb":{"@id":"https:\/\/carpathiacenter.ro\/ministrul-energiei-nu-exista-risc-de-black-out-in-romania\/#breadcrumb"},"inLanguage":"en-GB","potentialAction":[{"@type":"ReadAction","target":["https:\/\/carpathiacenter.ro\/ministrul-energiei-nu-exista-risc-de-black-out-in-romania\/"]}]},{"@type":"ImageObject","inLanguage":"en-GB","@id":"https:\/\/carpathiacenter.ro\/ministrul-energiei-nu-exista-risc-de-black-out-in-romania\/#primaryimage","url":"https:\/\/carpathiacenter.ro\/wp-content\/uploads\/2025\/04\/Sebastian_burduja1.jpg","contentUrl":"https:\/\/carpathiacenter.ro\/wp-content\/uploads\/2025\/04\/Sebastian_burduja1.jpg","width":780,"height":440},{"@type":"BreadcrumbList","@id":"https:\/\/carpathiacenter.ro\/ministrul-energiei-nu-exista-risc-de-black-out-in-romania\/#breadcrumb","itemListElement":[{"@type":"ListItem","position":1,"name":"Prima pagin\u0103","item":"https:\/\/carpathiacenter.ro\/"},{"@type":"ListItem","position":2,"name":"Ministrul Energiei: Nu exist\u0103 risc de black-out \u00een Rom\u00e2nia"}]},{"@type":"WebSite","@id":"https:\/\/carpathiacenter.ro\/#website","url":"https:\/\/carpathiacenter.ro\/","name":"Carpathia Center Romania","description":"Impossible made possible!","publisher":{"@id":"https:\/\/carpathiacenter.ro\/#organization"},"potentialAction":[{"@type":"SearchAction","target":{"@type":"EntryPoint","urlTemplate":"https:\/\/carpathiacenter.ro\/?s={search_term_string}"},"query-input":{"@type":"PropertyValueSpecification","valueRequired":true,"valueName":"search_term_string"}}],"inLanguage":"en-GB"},{"@type":"Organization","@id":"https:\/\/carpathiacenter.ro\/#organization","name":"Carpathia Center Romania","url":"https:\/\/carpathiacenter.ro\/","logo":{"@type":"ImageObject","inLanguage":"en-GB","@id":"https:\/\/carpathiacenter.ro\/#\/schema\/logo\/image\/","url":"https:\/\/carpathiacenter.ro\/wp-content\/uploads\/2024\/07\/logo-carpathia_bg_white-1024x941.png","contentUrl":"https:\/\/carpathiacenter.ro\/wp-content\/uploads\/2024\/07\/logo-carpathia_bg_white-1024x941.png","width":1024,"height":941,"caption":"Carpathia Center Romania"},"image":{"@id":"https:\/\/carpathiacenter.ro\/#\/schema\/logo\/image\/"},"sameAs":["https:\/\/www.facebook.com\/fdpscarpathia\/"]},{"@type":"Person","@id":"https:\/\/carpathiacenter.ro\/#\/schema\/person\/03d9f58202fee8379268f34afa195006","name":"creativebitsolutions","image":{"@type":"ImageObject","inLanguage":"en-GB","@id":"https:\/\/carpathiacenter.ro\/#\/schema\/person\/image\/","url":"https:\/\/secure.gravatar.com\/avatar\/1b1a13e37f847c635dab78348f1dff2f07651ee2a3d77a5c355a4b8c75f9165a?s=96&d=mm&r=g","contentUrl":"https:\/\/secure.gravatar.com\/avatar\/1b1a13e37f847c635dab78348f1dff2f07651ee2a3d77a5c355a4b8c75f9165a?s=96&d=mm&r=g","caption":"creativebitsolutions"},"url":"https:\/\/carpathiacenter.ro\/en\/author\/creativebitsolutions\/"}]}},"_links":{"self":[{"href":"https:\/\/carpathiacenter.ro\/en\/wp-json\/wp\/v2\/posts\/2211","targetHints":{"allow":["GET"]}}],"collection":[{"href":"https:\/\/carpathiacenter.ro\/en\/wp-json\/wp\/v2\/posts"}],"about":[{"href":"https:\/\/carpathiacenter.ro\/en\/wp-json\/wp\/v2\/types\/post"}],"author":[{"embeddable":true,"href":"https:\/\/carpathiacenter.ro\/en\/wp-json\/wp\/v2\/users\/4"}],"replies":[{"embeddable":true,"href":"https:\/\/carpathiacenter.ro\/en\/wp-json\/wp\/v2\/comments?post=2211"}],"version-history":[{"count":1,"href":"https:\/\/carpathiacenter.ro\/en\/wp-json\/wp\/v2\/posts\/2211\/revisions"}],"predecessor-version":[{"id":2212,"href":"https:\/\/carpathiacenter.ro\/en\/wp-json\/wp\/v2\/posts\/2211\/revisions\/2212"}],"wp:featuredmedia":[{"embeddable":true,"href":"https:\/\/carpathiacenter.ro\/en\/wp-json\/wp\/v2\/media\/2112"}],"wp:attachment":[{"href":"https:\/\/carpathiacenter.ro\/en\/wp-json\/wp\/v2\/media?parent=2211"}],"wp:term":[{"taxonomy":"category","embeddable":true,"href":"https:\/\/carpathiacenter.ro\/en\/wp-json\/wp\/v2\/categories?post=2211"},{"taxonomy":"post_tag","embeddable":true,"href":"https:\/\/carpathiacenter.ro\/en\/wp-json\/wp\/v2\/tags?post=2211"}],"curies":[{"name":"wp","href":"https:\/\/api.w.org\/{rel}","templated":true}]}}