{"id":2192,"date":"2025-04-15T09:18:52","date_gmt":"2025-04-15T09:18:52","guid":{"rendered":"https:\/\/carpathiacenter.ro\/?p=2192"},"modified":"2025-04-15T09:19:24","modified_gmt":"2025-04-15T09:19:24","slug":"mae-hurezeanu-a-cerut-la-reuniunea-cae-consolidarea-regimului-de-sanctiuni-privind-actiunile-hibride-ale-rusiei","status":"publish","type":"post","link":"https:\/\/carpathiacenter.ro\/en\/mae-hurezeanu-a-cerut-la-reuniunea-cae-consolidarea-regimului-de-sanctiuni-privind-actiunile-hibride-ale-rusiei\/","title":{"rendered":"MAE: Hurezeanu a cerut, la reuniunea CAE, consolidarea regimului de sanc\u021biuni privind ac\u021biunile hibride ale Rusiei"},"content":{"rendered":"<p>\u0218eful diploma\u021biei rom\u00e2ne, Emil Hurezeanu, a participat luni, la Luxemburg, la reuniunea mini\u0219trilor afacerilor externe (CAE) din statele membre ale UE, ocazie cu care a pledat at\u00e2t pentru continuarea presiunii asupra Rusiei prin adoptarea unui nou pachet de m\u0103suri restrictive, c\u00e2t \u0219i pentru consolidarea regimului de sanc\u021biuni privind ac\u021biunile hibride ale Rusiei.<\/p>\n<p>Potrivit unui comunicat de pres\u0103 transmis de Ministerul Afacerilor Externe (MAE), oficialii \u021b\u0103rilor UE au avut discu\u021bii privind agresiunea Rusiei \u00eempotriva Ucrainei, evolu\u021biile din Orientul Mijlociu \u0219i Siria, rela\u021biile UE &#8211; Africa, precum \u0219i Balcanii de Vest. La punctul afaceri curente au fost discutate rela\u021biile Armenia &#8211; Azerbaidjan.<\/p>\n<p>Cu privire la agresiunea Rusiei \u00eempotriva Ucrainei, ministrul rom\u00e2n de Externe a reiterat &#8216;sprijinul ferm pentru o pace just\u0103 \u0219i durabil\u0103, sus\u021binut\u0103 de garan\u021bii de securitate solide, cu sprijinul SUA \u0219i cu implicarea statelor europene&#8217; \u0219i a &#8216;a subliniat necesitatea continu\u0103rii \u0219i consolid\u0103rii sprijinului multidimensional pentru Ucraina, exprim\u00e2nd sus\u021binere pentru ini\u021biativa \u00cenaltului Reprezentant Kallas de sprijin militar pentru Ucraina&#8217;.<\/p>\n<p>&#8216;\u0218eful diploma\u021biei rom\u00e2ne a pledat at\u00e2t pentru continuarea presiunii asupra Rusiei prin adoptarea unui nou pachet de m\u0103suri restrictive, c\u00e2t \u0219i pentru consolidarea regimului de sanc\u021biuni privind ac\u021biunile hibride ale Rusiei. De asemenea, a reiterat sprijinul pentru avansarea negocierilor de aderare a Ucrainei \u0219i Republicii Moldova la UE \u00een timpul Pre\u0219edin\u021biei poloneze a Consiliului UE&#8217;, men\u021bioneaz\u0103 comunicatul MAE.<\/p>\n<p><\/p>\n<p>Referitor la situa\u021bia din Orientul Mijlociu, ministrul Emil Hurezeanu a exprimat \u00eengrijorare cu privire la deteriorarea situa\u021biei umanitare din Gaza \u0219i a subliniat importan\u021ba continu\u0103rii negocierilor \u00een vederea implement\u0103rii integrale a acordului de \u00eencetare a focului \u00een F\u00e2\u0219ia Gaza. El a men\u021bionat, de asemenea, rolul important al Rom\u00e2niei \u00een opera\u021biunile de evacuare medical\u0103 din Gaza, \u00een cadrul Mecanismului de Protec\u021bie Civil\u0103 a UE, \u0219i tratarea \u00een spitalele rom\u00e2ne\u0219ti a unor pacien\u021bi pediatrici palestinieni. Oficialul rom\u00e2n a reiterat sus\u021binerea pentru solu\u021bia celor dou\u0103 state ca singur\u0103 op\u021biune durabil\u0103 pentru rezolvarea conflictului \u0219i a salutat ini\u021biativa arab\u0103 cu privire la reconstruc\u021bia \u00een F\u00e2\u0219ia Gaza \u0219i identificarea unei solu\u021bii de securitate regionale.<\/p>\n<p>&#8216;Discu\u021bia privind rela\u021biile UE &#8211; Africa a avut loc \u00een preg\u0103tirea reuniunii ministeriale Uniunea European\u0103 &#8211; Uniunea African\u0103, care se va desf\u0103\u0219ura la Bruxelles, la 21 mai 2025. Mini\u0219trii de externe au eviden\u021biat importan\u021ba parteneriatului UE &#8211; Africa, apreciind c\u0103 viitoarea reuniune ministerial\u0103 va oferi oportunitatea ca, \u00een actualul context politic, UE s\u0103 fie perceput\u0103 drept un partener de \u00eencredere \u0219i predictibil. Totodat\u0103, va fi un bun prilej pentru reafirmarea angajamentului comun pentru multilateralism \u0219i ordinea interna\u021bional\u0103 baz\u0103 pe reguli, Carta ONU \u0219i principiile suveranit\u0103\u021bii \u0219i integrit\u0103\u021bii teritoriale&#8217;, relateaz\u0103 comunicatul MAE.<\/p>\n<p>Cu privire la Balcanii de Vest, mini\u0219trii europeni de externe au exprimat \u00eengrijorarea cu privire la contextul regional marcat de instabilitate \u0219i au subliniat necesitatea unui mesaj coerent din partea UE \u0219i a partenerilor interna\u021bionali. A fost eviden\u021biat\u0103 importan\u021ba strategic\u0103 a politicii de extindere a UE, precum \u0219i necesitatea consolid\u0103rii comunic\u0103rii strategice pentru combaterea amenin\u021b\u0103rilor hibride \u0219i a dezinform\u0103rii \u00een regiune. De asemenea, mini\u0219trii au subliniat importan\u021ba alinierii complete a partenerilor din Balcani la Politica Extern\u0103 \u0219i de Securitate Comun\u0103 a UE, pentru a pune \u00een practic\u0103 valorile europene.<\/p>\n<p>\u00cen marja reuniunii CAE, ministrul Afacerilor Externe a participat \u0219i la Dialogul Politic la nivel \u00eenalt UE &#8211; Palestina, g\u0103zduit \u00een Luxemburg. &#8216;\u00cen cadrul interven\u021biei sale, ministrul Emil Hurezeanu a subliniat sprijinul Rom\u00e2niei pentru implementarea integral\u0103 a acordului de \u00eencetare a focului \u00een F\u00e2\u0219ia Gaza, eliberarea imediat\u0103 a tuturor ostaticilor \u0219i reluarea rapid\u0103 a accesului asisten\u021bei umanitare pentru popula\u021bia civil\u0103. Ministrul rom\u00e2n a reiterat disponibilitatea \u021b\u0103rii noastre pentru continuarea evacu\u0103rilor medicale din F\u00e2\u0219ia Gaza, \u00een vederea asigur\u0103rii unui tratament adecvat civililor afla\u021bi \u00een situa\u021bii critice. \u00cen plan regional, a fost reiterat angajamentul ferm al Rom\u00e2niei \u00een sprijinul unei reglement\u0103ri negociate a conflictului palestiniano-israelian, \u00een baza solu\u021biei celor dou\u0103 state, care s\u0103 coexiste \u00een pace \u0219i securitate&#8217;, se arat\u0103 \u00een comunicatul men\u021bionat.<\/p>\n<p>Totodat\u0103, duminic\u0103, 13 aprilie, ministrul rom\u00e2n a participat la reuniunea informal\u0103 organizat\u0103 de \u00cenaltul Reprezentant Kaja Kallas cu partenerii din Balcanii de Vest. Discu\u021biile s-au axat pe modalit\u0103\u021bile de \u00eent\u0103rire a cooper\u0103rii dintre UE \u0219i Balcanii de Vest, \u00een special \u00een domeniul securit\u0103\u021bii, mai ales \u00een contextul geopolitic complex actual, de la nivel regional \u0219i global. \u00cen acest context, ministrul Hurezeanu a reiterat angajamentul puternic al Rom\u00e2niei fa\u021b\u0103 de perspectiva european\u0103 a Balcanilor de Vest, al\u0103turi de cea a Republicii Moldova \u0219i Ucrainei, \u0219i a reiterat disponibilitatea de a oferi expertiz\u0103 \u00een procesul de preg\u0103tire. Totodat\u0103, ministrul rom\u00e2n s-a referit la importan\u021ba men\u021binerii unui mediu de securitate stabil \u00een regiune \u0219i a reamintit de contribu\u021bia consistent\u0103 oferit\u0103 de Rom\u00e2nia \u00een acest context, prin participarea cu trupe \u0219i tehnic\u0103 militar\u0103 la misiunile KFOR \u0219i EUFOR-Althea, la aceasta din urm\u0103 Rom\u00e2nia asigur\u00e2nd comanda for\u021belor \u00eencep\u00e2nd cu ianuarie 2025, se mai men\u021bioneaz\u0103 \u00een comunicatul MAE. AGERPRES\/(AS &#8211; redactor: Marius Fr\u0103\u021bil\u0103, editor: George Onea, editor online: Alexandru Cojocaru)<br \/>\n<br \/>\nSursa articolului:<a href=\"https:\/\/agerpres.ro\/politic\/2025\/04\/14\/mae-hurezeanu-a-cerut-la-reuniunea-cae-consolidarea-regimului-de-sanctiuni-privind-actiunile-hibride--1440569\" target=\"_blank\" rel=\"noopener\" title=\"\">https:\/\/agerpres.ro\/politic\/2025\/04\/14\/mae-hurezeanu-a-cerut-la-reuniunea-cae-consolidarea-regimului-de-sanctiuni-privind-actiunile-hibride&#8211;1440569\/a><\/p>","protected":false},"excerpt":{"rendered":"<p>\u0218eful diploma\u021biei rom\u00e2ne, Emil Hurezeanu, a participat luni, la Luxemburg, la reuniunea mini\u0219trilor afacerilor externe (CAE) din statele membre ale UE, ocazie cu care a pledat at\u00e2t pentru continuarea presiunii asupra Rusiei prin adoptarea unui nou pachet de m\u0103suri restrictive, c\u00e2t \u0219i pentru consolidarea regimului de sanc\u021biuni privind ac\u021biunile hibride ale Rusiei. Potrivit unui comunicat&#8230;<\/p>","protected":false},"author":4,"featured_media":2028,"comment_status":"open","ping_status":"open","sticky":false,"template":"","format":"standard","meta":{"footnotes":""},"categories":[1],"tags":[],"class_list":["post-2192","post","type-post","status-publish","format-standard","has-post-thumbnail","hentry","category-uncategorized"],"yoast_head":"<!-- This site is optimized with the Yoast SEO plugin v26.1.1 - https:\/\/yoast.com\/wordpress\/plugins\/seo\/ -->\n<title>MAE: Hurezeanu a cerut, la reuniunea CAE, consolidarea regimului de sanc\u021biuni privind ac\u021biunile hibride ale Rusiei - Carpathia Center Romania<\/title>\n<meta name=\"robots\" content=\"index, follow, max-snippet:-1, max-image-preview:large, max-video-preview:-1\" \/>\n<link rel=\"canonical\" href=\"https:\/\/carpathiacenter.ro\/en\/mae-hurezeanu-a-cerut-la-reuniunea-cae-consolidarea-regimului-de-sanctiuni-privind-actiunile-hibride-ale-rusiei\/\" \/>\n<meta property=\"og:locale\" content=\"en_GB\" \/>\n<meta property=\"og:type\" content=\"article\" \/>\n<meta property=\"og:title\" content=\"MAE: Hurezeanu a cerut, la reuniunea CAE, consolidarea regimului de sanc\u021biuni privind ac\u021biunile hibride ale Rusiei - Carpathia Center Romania\" \/>\n<meta property=\"og:description\" content=\"\u0218eful diploma\u021biei rom\u00e2ne, Emil Hurezeanu, a participat luni, la Luxemburg, la reuniunea mini\u0219trilor afacerilor externe (CAE) din statele membre ale UE, ocazie cu care a pledat at\u00e2t pentru continuarea presiunii asupra Rusiei prin adoptarea unui nou pachet de m\u0103suri restrictive, c\u00e2t \u0219i pentru consolidarea regimului de sanc\u021biuni privind ac\u021biunile hibride ale Rusiei. Potrivit unui comunicat...\" \/>\n<meta property=\"og:url\" content=\"https:\/\/carpathiacenter.ro\/en\/mae-hurezeanu-a-cerut-la-reuniunea-cae-consolidarea-regimului-de-sanctiuni-privind-actiunile-hibride-ale-rusiei\/\" \/>\n<meta property=\"og:site_name\" content=\"Carpathia Center Romania\" \/>\n<meta property=\"article:publisher\" content=\"https:\/\/www.facebook.com\/fdpscarpathia\/\" \/>\n<meta property=\"article:published_time\" content=\"2025-04-15T09:18:52+00:00\" \/>\n<meta property=\"article:modified_time\" content=\"2025-04-15T09:19:24+00:00\" \/>\n<meta property=\"og:image\" content=\"https:\/\/carpathiacenter.ro\/wp-content\/uploads\/2025\/03\/Emil_Hurezeanu.webp\" \/>\n\t<meta property=\"og:image:width\" content=\"1200\" \/>\n\t<meta property=\"og:image:height\" content=\"801\" \/>\n\t<meta property=\"og:image:type\" content=\"image\/webp\" \/>\n<meta name=\"author\" content=\"creativebitsolutions\" \/>\n<meta name=\"twitter:card\" content=\"summary_large_image\" \/>\n<meta name=\"twitter:label1\" content=\"Written by\" \/>\n\t<meta name=\"twitter:data1\" content=\"creativebitsolutions\" \/>\n\t<meta name=\"twitter:label2\" content=\"Estimated reading time\" \/>\n\t<meta name=\"twitter:data2\" content=\"5 minutes\" \/>\n<script type=\"application\/ld+json\" class=\"yoast-schema-graph\">{\"@context\":\"https:\/\/schema.org\",\"@graph\":[{\"@type\":\"Article\",\"@id\":\"https:\/\/carpathiacenter.ro\/mae-hurezeanu-a-cerut-la-reuniunea-cae-consolidarea-regimului-de-sanctiuni-privind-actiunile-hibride-ale-rusiei\/#article\",\"isPartOf\":{\"@id\":\"https:\/\/carpathiacenter.ro\/mae-hurezeanu-a-cerut-la-reuniunea-cae-consolidarea-regimului-de-sanctiuni-privind-actiunile-hibride-ale-rusiei\/\"},\"author\":{\"name\":\"creativebitsolutions\",\"@id\":\"https:\/\/carpathiacenter.ro\/#\/schema\/person\/03d9f58202fee8379268f34afa195006\"},\"headline\":\"MAE: Hurezeanu a cerut, la reuniunea CAE, consolidarea regimului de sanc\u021biuni privind ac\u021biunile hibride ale Rusiei\",\"datePublished\":\"2025-04-15T09:18:52+00:00\",\"dateModified\":\"2025-04-15T09:19:24+00:00\",\"mainEntityOfPage\":{\"@id\":\"https:\/\/carpathiacenter.ro\/mae-hurezeanu-a-cerut-la-reuniunea-cae-consolidarea-regimului-de-sanctiuni-privind-actiunile-hibride-ale-rusiei\/\"},\"wordCount\":921,\"commentCount\":0,\"publisher\":{\"@id\":\"https:\/\/carpathiacenter.ro\/#organization\"},\"image\":{\"@id\":\"https:\/\/carpathiacenter.ro\/mae-hurezeanu-a-cerut-la-reuniunea-cae-consolidarea-regimului-de-sanctiuni-privind-actiunile-hibride-ale-rusiei\/#primaryimage\"},\"thumbnailUrl\":\"https:\/\/carpathiacenter.ro\/wp-content\/uploads\/2025\/03\/Emil_Hurezeanu.webp\",\"articleSection\":[\"Uncategorized\"],\"inLanguage\":\"en-GB\",\"potentialAction\":[{\"@type\":\"CommentAction\",\"name\":\"Comment\",\"target\":[\"https:\/\/carpathiacenter.ro\/mae-hurezeanu-a-cerut-la-reuniunea-cae-consolidarea-regimului-de-sanctiuni-privind-actiunile-hibride-ale-rusiei\/#respond\"]}]},{\"@type\":\"WebPage\",\"@id\":\"https:\/\/carpathiacenter.ro\/mae-hurezeanu-a-cerut-la-reuniunea-cae-consolidarea-regimului-de-sanctiuni-privind-actiunile-hibride-ale-rusiei\/\",\"url\":\"https:\/\/carpathiacenter.ro\/mae-hurezeanu-a-cerut-la-reuniunea-cae-consolidarea-regimului-de-sanctiuni-privind-actiunile-hibride-ale-rusiei\/\",\"name\":\"MAE: Hurezeanu a cerut, la reuniunea CAE, consolidarea regimului de sanc\u021biuni privind ac\u021biunile hibride ale Rusiei - Carpathia Center Romania\",\"isPartOf\":{\"@id\":\"https:\/\/carpathiacenter.ro\/#website\"},\"primaryImageOfPage\":{\"@id\":\"https:\/\/carpathiacenter.ro\/mae-hurezeanu-a-cerut-la-reuniunea-cae-consolidarea-regimului-de-sanctiuni-privind-actiunile-hibride-ale-rusiei\/#primaryimage\"},\"image\":{\"@id\":\"https:\/\/carpathiacenter.ro\/mae-hurezeanu-a-cerut-la-reuniunea-cae-consolidarea-regimului-de-sanctiuni-privind-actiunile-hibride-ale-rusiei\/#primaryimage\"},\"thumbnailUrl\":\"https:\/\/carpathiacenter.ro\/wp-content\/uploads\/2025\/03\/Emil_Hurezeanu.webp\",\"datePublished\":\"2025-04-15T09:18:52+00:00\",\"dateModified\":\"2025-04-15T09:19:24+00:00\",\"breadcrumb\":{\"@id\":\"https:\/\/carpathiacenter.ro\/mae-hurezeanu-a-cerut-la-reuniunea-cae-consolidarea-regimului-de-sanctiuni-privind-actiunile-hibride-ale-rusiei\/#breadcrumb\"},\"inLanguage\":\"en-GB\",\"potentialAction\":[{\"@type\":\"ReadAction\",\"target\":[\"https:\/\/carpathiacenter.ro\/mae-hurezeanu-a-cerut-la-reuniunea-cae-consolidarea-regimului-de-sanctiuni-privind-actiunile-hibride-ale-rusiei\/\"]}]},{\"@type\":\"ImageObject\",\"inLanguage\":\"en-GB\",\"@id\":\"https:\/\/carpathiacenter.ro\/mae-hurezeanu-a-cerut-la-reuniunea-cae-consolidarea-regimului-de-sanctiuni-privind-actiunile-hibride-ale-rusiei\/#primaryimage\",\"url\":\"https:\/\/carpathiacenter.ro\/wp-content\/uploads\/2025\/03\/Emil_Hurezeanu.webp\",\"contentUrl\":\"https:\/\/carpathiacenter.ro\/wp-content\/uploads\/2025\/03\/Emil_Hurezeanu.webp\",\"width\":1200,\"height\":801},{\"@type\":\"BreadcrumbList\",\"@id\":\"https:\/\/carpathiacenter.ro\/mae-hurezeanu-a-cerut-la-reuniunea-cae-consolidarea-regimului-de-sanctiuni-privind-actiunile-hibride-ale-rusiei\/#breadcrumb\",\"itemListElement\":[{\"@type\":\"ListItem\",\"position\":1,\"name\":\"Prima pagin\u0103\",\"item\":\"https:\/\/carpathiacenter.ro\/\"},{\"@type\":\"ListItem\",\"position\":2,\"name\":\"MAE: Hurezeanu a cerut, la reuniunea CAE, consolidarea regimului de sanc\u021biuni privind ac\u021biunile hibride ale Rusiei\"}]},{\"@type\":\"WebSite\",\"@id\":\"https:\/\/carpathiacenter.ro\/#website\",\"url\":\"https:\/\/carpathiacenter.ro\/\",\"name\":\"Carpathia Center Romania\",\"description\":\"Impossible made possible!\",\"publisher\":{\"@id\":\"https:\/\/carpathiacenter.ro\/#organization\"},\"potentialAction\":[{\"@type\":\"SearchAction\",\"target\":{\"@type\":\"EntryPoint\",\"urlTemplate\":\"https:\/\/carpathiacenter.ro\/?s={search_term_string}\"},\"query-input\":{\"@type\":\"PropertyValueSpecification\",\"valueRequired\":true,\"valueName\":\"search_term_string\"}}],\"inLanguage\":\"en-GB\"},{\"@type\":\"Organization\",\"@id\":\"https:\/\/carpathiacenter.ro\/#organization\",\"name\":\"Carpathia Center Romania\",\"url\":\"https:\/\/carpathiacenter.ro\/\",\"logo\":{\"@type\":\"ImageObject\",\"inLanguage\":\"en-GB\",\"@id\":\"https:\/\/carpathiacenter.ro\/#\/schema\/logo\/image\/\",\"url\":\"https:\/\/carpathiacenter.ro\/wp-content\/uploads\/2024\/07\/logo-carpathia_bg_white-1024x941.png\",\"contentUrl\":\"https:\/\/carpathiacenter.ro\/wp-content\/uploads\/2024\/07\/logo-carpathia_bg_white-1024x941.png\",\"width\":1024,\"height\":941,\"caption\":\"Carpathia Center Romania\"},\"image\":{\"@id\":\"https:\/\/carpathiacenter.ro\/#\/schema\/logo\/image\/\"},\"sameAs\":[\"https:\/\/www.facebook.com\/fdpscarpathia\/\"]},{\"@type\":\"Person\",\"@id\":\"https:\/\/carpathiacenter.ro\/#\/schema\/person\/03d9f58202fee8379268f34afa195006\",\"name\":\"creativebitsolutions\",\"image\":{\"@type\":\"ImageObject\",\"inLanguage\":\"en-GB\",\"@id\":\"https:\/\/carpathiacenter.ro\/#\/schema\/person\/image\/\",\"url\":\"https:\/\/secure.gravatar.com\/avatar\/1b1a13e37f847c635dab78348f1dff2f07651ee2a3d77a5c355a4b8c75f9165a?s=96&d=mm&r=g\",\"contentUrl\":\"https:\/\/secure.gravatar.com\/avatar\/1b1a13e37f847c635dab78348f1dff2f07651ee2a3d77a5c355a4b8c75f9165a?s=96&d=mm&r=g\",\"caption\":\"creativebitsolutions\"},\"url\":\"https:\/\/carpathiacenter.ro\/en\/author\/creativebitsolutions\/\"}]}<\/script>\n<!-- \/ Yoast SEO plugin. -->","yoast_head_json":{"title":"MAE: Hurezeanu a cerut, la reuniunea CAE, consolidarea regimului de sanc\u021biuni privind ac\u021biunile hibride ale Rusiei - Carpathia Center Romania","robots":{"index":"index","follow":"follow","max-snippet":"max-snippet:-1","max-image-preview":"max-image-preview:large","max-video-preview":"max-video-preview:-1"},"canonical":"https:\/\/carpathiacenter.ro\/en\/mae-hurezeanu-a-cerut-la-reuniunea-cae-consolidarea-regimului-de-sanctiuni-privind-actiunile-hibride-ale-rusiei\/","og_locale":"en_GB","og_type":"article","og_title":"MAE: Hurezeanu a cerut, la reuniunea CAE, consolidarea regimului de sanc\u021biuni privind ac\u021biunile hibride ale Rusiei - Carpathia Center Romania","og_description":"\u0218eful diploma\u021biei rom\u00e2ne, Emil Hurezeanu, a participat luni, la Luxemburg, la reuniunea mini\u0219trilor afacerilor externe (CAE) din statele membre ale UE, ocazie cu care a pledat at\u00e2t pentru continuarea presiunii asupra Rusiei prin adoptarea unui nou pachet de m\u0103suri restrictive, c\u00e2t \u0219i pentru consolidarea regimului de sanc\u021biuni privind ac\u021biunile hibride ale Rusiei. Potrivit unui comunicat...","og_url":"https:\/\/carpathiacenter.ro\/en\/mae-hurezeanu-a-cerut-la-reuniunea-cae-consolidarea-regimului-de-sanctiuni-privind-actiunile-hibride-ale-rusiei\/","og_site_name":"Carpathia Center Romania","article_publisher":"https:\/\/www.facebook.com\/fdpscarpathia\/","article_published_time":"2025-04-15T09:18:52+00:00","article_modified_time":"2025-04-15T09:19:24+00:00","og_image":[{"width":1200,"height":801,"url":"https:\/\/carpathiacenter.ro\/wp-content\/uploads\/2025\/03\/Emil_Hurezeanu.webp","type":"image\/webp"}],"author":"creativebitsolutions","twitter_card":"summary_large_image","twitter_misc":{"Written by":"creativebitsolutions","Estimated reading time":"5 minutes"},"schema":{"@context":"https:\/\/schema.org","@graph":[{"@type":"Article","@id":"https:\/\/carpathiacenter.ro\/mae-hurezeanu-a-cerut-la-reuniunea-cae-consolidarea-regimului-de-sanctiuni-privind-actiunile-hibride-ale-rusiei\/#article","isPartOf":{"@id":"https:\/\/carpathiacenter.ro\/mae-hurezeanu-a-cerut-la-reuniunea-cae-consolidarea-regimului-de-sanctiuni-privind-actiunile-hibride-ale-rusiei\/"},"author":{"name":"creativebitsolutions","@id":"https:\/\/carpathiacenter.ro\/#\/schema\/person\/03d9f58202fee8379268f34afa195006"},"headline":"MAE: Hurezeanu a cerut, la reuniunea CAE, consolidarea regimului de sanc\u021biuni privind ac\u021biunile hibride ale Rusiei","datePublished":"2025-04-15T09:18:52+00:00","dateModified":"2025-04-15T09:19:24+00:00","mainEntityOfPage":{"@id":"https:\/\/carpathiacenter.ro\/mae-hurezeanu-a-cerut-la-reuniunea-cae-consolidarea-regimului-de-sanctiuni-privind-actiunile-hibride-ale-rusiei\/"},"wordCount":921,"commentCount":0,"publisher":{"@id":"https:\/\/carpathiacenter.ro\/#organization"},"image":{"@id":"https:\/\/carpathiacenter.ro\/mae-hurezeanu-a-cerut-la-reuniunea-cae-consolidarea-regimului-de-sanctiuni-privind-actiunile-hibride-ale-rusiei\/#primaryimage"},"thumbnailUrl":"https:\/\/carpathiacenter.ro\/wp-content\/uploads\/2025\/03\/Emil_Hurezeanu.webp","articleSection":["Uncategorized"],"inLanguage":"en-GB","potentialAction":[{"@type":"CommentAction","name":"Comment","target":["https:\/\/carpathiacenter.ro\/mae-hurezeanu-a-cerut-la-reuniunea-cae-consolidarea-regimului-de-sanctiuni-privind-actiunile-hibride-ale-rusiei\/#respond"]}]},{"@type":"WebPage","@id":"https:\/\/carpathiacenter.ro\/mae-hurezeanu-a-cerut-la-reuniunea-cae-consolidarea-regimului-de-sanctiuni-privind-actiunile-hibride-ale-rusiei\/","url":"https:\/\/carpathiacenter.ro\/mae-hurezeanu-a-cerut-la-reuniunea-cae-consolidarea-regimului-de-sanctiuni-privind-actiunile-hibride-ale-rusiei\/","name":"MAE: Hurezeanu a cerut, la reuniunea CAE, consolidarea regimului de sanc\u021biuni privind ac\u021biunile hibride ale Rusiei - Carpathia Center Romania","isPartOf":{"@id":"https:\/\/carpathiacenter.ro\/#website"},"primaryImageOfPage":{"@id":"https:\/\/carpathiacenter.ro\/mae-hurezeanu-a-cerut-la-reuniunea-cae-consolidarea-regimului-de-sanctiuni-privind-actiunile-hibride-ale-rusiei\/#primaryimage"},"image":{"@id":"https:\/\/carpathiacenter.ro\/mae-hurezeanu-a-cerut-la-reuniunea-cae-consolidarea-regimului-de-sanctiuni-privind-actiunile-hibride-ale-rusiei\/#primaryimage"},"thumbnailUrl":"https:\/\/carpathiacenter.ro\/wp-content\/uploads\/2025\/03\/Emil_Hurezeanu.webp","datePublished":"2025-04-15T09:18:52+00:00","dateModified":"2025-04-15T09:19:24+00:00","breadcrumb":{"@id":"https:\/\/carpathiacenter.ro\/mae-hurezeanu-a-cerut-la-reuniunea-cae-consolidarea-regimului-de-sanctiuni-privind-actiunile-hibride-ale-rusiei\/#breadcrumb"},"inLanguage":"en-GB","potentialAction":[{"@type":"ReadAction","target":["https:\/\/carpathiacenter.ro\/mae-hurezeanu-a-cerut-la-reuniunea-cae-consolidarea-regimului-de-sanctiuni-privind-actiunile-hibride-ale-rusiei\/"]}]},{"@type":"ImageObject","inLanguage":"en-GB","@id":"https:\/\/carpathiacenter.ro\/mae-hurezeanu-a-cerut-la-reuniunea-cae-consolidarea-regimului-de-sanctiuni-privind-actiunile-hibride-ale-rusiei\/#primaryimage","url":"https:\/\/carpathiacenter.ro\/wp-content\/uploads\/2025\/03\/Emil_Hurezeanu.webp","contentUrl":"https:\/\/carpathiacenter.ro\/wp-content\/uploads\/2025\/03\/Emil_Hurezeanu.webp","width":1200,"height":801},{"@type":"BreadcrumbList","@id":"https:\/\/carpathiacenter.ro\/mae-hurezeanu-a-cerut-la-reuniunea-cae-consolidarea-regimului-de-sanctiuni-privind-actiunile-hibride-ale-rusiei\/#breadcrumb","itemListElement":[{"@type":"ListItem","position":1,"name":"Prima pagin\u0103","item":"https:\/\/carpathiacenter.ro\/"},{"@type":"ListItem","position":2,"name":"MAE: Hurezeanu a cerut, la reuniunea CAE, consolidarea regimului de sanc\u021biuni privind ac\u021biunile hibride ale Rusiei"}]},{"@type":"WebSite","@id":"https:\/\/carpathiacenter.ro\/#website","url":"https:\/\/carpathiacenter.ro\/","name":"Carpathia Center Romania","description":"Impossible made possible!","publisher":{"@id":"https:\/\/carpathiacenter.ro\/#organization"},"potentialAction":[{"@type":"SearchAction","target":{"@type":"EntryPoint","urlTemplate":"https:\/\/carpathiacenter.ro\/?s={search_term_string}"},"query-input":{"@type":"PropertyValueSpecification","valueRequired":true,"valueName":"search_term_string"}}],"inLanguage":"en-GB"},{"@type":"Organization","@id":"https:\/\/carpathiacenter.ro\/#organization","name":"Carpathia Center Romania","url":"https:\/\/carpathiacenter.ro\/","logo":{"@type":"ImageObject","inLanguage":"en-GB","@id":"https:\/\/carpathiacenter.ro\/#\/schema\/logo\/image\/","url":"https:\/\/carpathiacenter.ro\/wp-content\/uploads\/2024\/07\/logo-carpathia_bg_white-1024x941.png","contentUrl":"https:\/\/carpathiacenter.ro\/wp-content\/uploads\/2024\/07\/logo-carpathia_bg_white-1024x941.png","width":1024,"height":941,"caption":"Carpathia Center Romania"},"image":{"@id":"https:\/\/carpathiacenter.ro\/#\/schema\/logo\/image\/"},"sameAs":["https:\/\/www.facebook.com\/fdpscarpathia\/"]},{"@type":"Person","@id":"https:\/\/carpathiacenter.ro\/#\/schema\/person\/03d9f58202fee8379268f34afa195006","name":"creativebitsolutions","image":{"@type":"ImageObject","inLanguage":"en-GB","@id":"https:\/\/carpathiacenter.ro\/#\/schema\/person\/image\/","url":"https:\/\/secure.gravatar.com\/avatar\/1b1a13e37f847c635dab78348f1dff2f07651ee2a3d77a5c355a4b8c75f9165a?s=96&d=mm&r=g","contentUrl":"https:\/\/secure.gravatar.com\/avatar\/1b1a13e37f847c635dab78348f1dff2f07651ee2a3d77a5c355a4b8c75f9165a?s=96&d=mm&r=g","caption":"creativebitsolutions"},"url":"https:\/\/carpathiacenter.ro\/en\/author\/creativebitsolutions\/"}]}},"_links":{"self":[{"href":"https:\/\/carpathiacenter.ro\/en\/wp-json\/wp\/v2\/posts\/2192","targetHints":{"allow":["GET"]}}],"collection":[{"href":"https:\/\/carpathiacenter.ro\/en\/wp-json\/wp\/v2\/posts"}],"about":[{"href":"https:\/\/carpathiacenter.ro\/en\/wp-json\/wp\/v2\/types\/post"}],"author":[{"embeddable":true,"href":"https:\/\/carpathiacenter.ro\/en\/wp-json\/wp\/v2\/users\/4"}],"replies":[{"embeddable":true,"href":"https:\/\/carpathiacenter.ro\/en\/wp-json\/wp\/v2\/comments?post=2192"}],"version-history":[{"count":2,"href":"https:\/\/carpathiacenter.ro\/en\/wp-json\/wp\/v2\/posts\/2192\/revisions"}],"predecessor-version":[{"id":2194,"href":"https:\/\/carpathiacenter.ro\/en\/wp-json\/wp\/v2\/posts\/2192\/revisions\/2194"}],"wp:featuredmedia":[{"embeddable":true,"href":"https:\/\/carpathiacenter.ro\/en\/wp-json\/wp\/v2\/media\/2028"}],"wp:attachment":[{"href":"https:\/\/carpathiacenter.ro\/en\/wp-json\/wp\/v2\/media?parent=2192"}],"wp:term":[{"taxonomy":"category","embeddable":true,"href":"https:\/\/carpathiacenter.ro\/en\/wp-json\/wp\/v2\/categories?post=2192"},{"taxonomy":"post_tag","embeddable":true,"href":"https:\/\/carpathiacenter.ro\/en\/wp-json\/wp\/v2\/tags?post=2192"}],"curies":[{"name":"wp","href":"https:\/\/api.w.org\/{rel}","templated":true}]}}