{"id":2189,"date":"2025-04-15T09:16:23","date_gmt":"2025-04-15T09:16:23","guid":{"rendered":"https:\/\/carpathiacenter.ro\/?p=2189"},"modified":"2025-04-15T09:16:23","modified_gmt":"2025-04-15T09:16:23","slug":"delegatia-congresului-sua-intalniri-cu-bolojan-ciolacu-si-parlamentari-romani","status":"publish","type":"post","link":"https:\/\/carpathiacenter.ro\/en\/delegatia-congresului-sua-intalniri-cu-bolojan-ciolacu-si-parlamentari-romani\/","title":{"rendered":"Delega\u021bia Congresului SUA &#8211; \u00eent\u00e2lniri cu Bolojan, Ciolacu \u0219i parlamentari rom\u00e2ni"},"content":{"rendered":"<p><strong>O delega\u021bie format\u0103 din opt membri ai Congresului SUA, democra\u021bi \u0219i republicani, condus\u0103 de Vern Buchanan, se va \u00eent\u00e2lni mar\u021bi la Bucure\u0219ti cu pre\u0219edintele interimar Ilie Bolojan, cu premierul Marcel Ciolacu, dar \u0219i cu parlamentari rom\u00e2ni.<\/strong><\/p>\n<p>Delega\u021bia SUA a ajuns luni seara \u00een Rom\u00e2nia.<\/p>\n<p>Potrivit programului anun\u021bat oficial, reprezentan\u021bii Congresului SUA vor fi primi\u021bi de pre\u0219edintele interimar, Ilie Bolojan, la ora 11:00, la Palatul Cotroceni.<\/p>\n<p>La ora 16:00 vor avea discu\u021bii cu premierul Marcel Ciolacu, la Palatul Victoria.<\/p>\n<p>Congresmenii americani se vor \u00eent\u00e2lni \u0219i cu parlamentari rom\u00e2ni.<\/p>\n<p>Vicepre\u0219edintele Senatului Robert Cazanciuc a declarat, luni, c\u0103 vizita \u00een Rom\u00e2nia a unei delega\u021bii a Congresului SUA reprezint\u0103 un mesaj de &#8216;parteneriat strategic&#8217; \u00eentre cele dou\u0103 \u021b\u0103ri.<\/p>\n<p>&#8216;Voi participa \u0219i eu m\u00e2ine la aceast\u0103 \u00eent\u00e2lnire, este o delega\u021bie mixt\u0103 de republicani \u0219i democra\u021bi. Am fost acum un an, acum doi ani, \u00een mai multe vizite \u00een Statele Unite, am fost la Congres, am fost la Senat. De fiecare dat\u0103, \u00eent\u00e2lnirea a fost cu republicanii \u0219i democra\u021bii. Nu am mers niciodat\u0103 doar la republicani sau doar la democra\u021bi. Am c\u0103utat s\u0103 \u021binem aceast\u0103 balan\u021b\u0103, pentru c\u0103 a\u0219a este \u00een Statele Unite. Este un mesaj, p\u00e2n\u0103 la urm\u0103, de parteneriat strategic \u00eentre Rom\u00e2nia \u0219i Statele Unite. Sunt doi piloni \u00een Europa pe care s-au bazat \u00eentotdeauna Statele Unite &#8211; unul \u00een nord, care se nume\u0219te Polonia, \u0219i unul \u00een sud, care se nume\u0219te Rom\u00e2nia&#8217;, a afirmat senatorul social-democrat, la Palatul Parlamentului.<\/p>\n<p>La r\u00e2ndul s\u0103u, liderul senatorilor PNL, Daniel Fenechiu, a eviden\u021biat rela\u021biile &#8216;foarte bune&#8217; ale parlamentarilor rom\u00e2ni cu congresmeni americani.<\/p>\n<p>&#8216;Lumea rezum\u0103 rela\u021biile rom\u00e2no-americane strict la intrarea la Trump. Este incorect. Foarte mul\u021bi parlamentari din Rom\u00e2nia au rela\u021bii foarte bune cu congresmeni din Statele Unite, exist\u0103 rela\u021bii bilaterale, exist\u0103 rela\u021bii prietene\u0219ti. Eu cred c\u0103, \u00een ultim\u0103 instan\u021b\u0103, rela\u021biile rom\u00e2no-americane sunt pe un trend ascendent, se vor discuta cu delega\u021bia american\u0103 lucrurile care \u00eei intereseaz\u0103 pe ei de principiu. Noi to\u021bi vom face lobby \u00een sensul c\u0103 Rom\u00e2nia este un stat democratic \u0219i c\u0103 deciziile Cur\u021bii Constitu\u021bionale se respect\u0103. Ei probabil c\u0103 vor avea curiozit\u0103\u021bi, ne vor \u00eentreba, o s\u0103-i l\u0103murim \u0219i cu siguran\u021b\u0103 din acest dialog va ie\u0219i o mai bun\u0103 pozi\u021bie a Rom\u00e2niei \u00een zon\u0103&#8217;, a transmis Daniel Fenechiu. AGERPRES \/ (AS &#8211; redactor: Georgiana T\u0103n\u0103sescu, editor: Marius Fr\u0103\u021bil\u0103, editor online: Alexandru Cojocaru)<br \/>\n<br \/>\nSursa articolului:<a href=\"https:\/\/agerpres.ro\/politic\/2025\/04\/15\/delegatia-congresului-sua---intalniri-cu-bolojan-ciolacu-si-parlamentari-romani--1440588\" target=\"_blank\" rel=\"noopener\" title=\"\">https:\/\/agerpres.ro\/politic\/2025\/04\/15\/delegatia-congresului-sua&#8212;intalniri-cu-bolojan-ciolacu-si-parlamentari-romani&#8211;1440588<\/a><\/p>","protected":false},"excerpt":{"rendered":"<p>O delega\u021bie format\u0103 din opt membri ai Congresului SUA, democra\u021bi \u0219i republicani, condus\u0103 de Vern Buchanan, se va \u00eent\u00e2lni mar\u021bi la Bucure\u0219ti cu pre\u0219edintele interimar Ilie Bolojan, cu premierul Marcel Ciolacu, dar \u0219i cu parlamentari rom\u00e2ni. Delega\u021bia SUA a ajuns luni seara \u00een Rom\u00e2nia. Potrivit programului anun\u021bat oficial, reprezentan\u021bii Congresului SUA vor fi primi\u021bi de&#8230;<\/p>","protected":false},"author":4,"featured_media":2059,"comment_status":"open","ping_status":"open","sticky":false,"template":"","format":"standard","meta":{"footnotes":""},"categories":[1],"tags":[],"class_list":["post-2189","post","type-post","status-publish","format-standard","has-post-thumbnail","hentry","category-uncategorized"],"yoast_head":"<!-- This site is optimized with the Yoast SEO plugin v26.1.1 - https:\/\/yoast.com\/wordpress\/plugins\/seo\/ -->\n<title>Delega\u021bia Congresului SUA - \u00eent\u00e2lniri cu Bolojan, Ciolacu \u0219i parlamentari rom\u00e2ni - Carpathia Center Romania<\/title>\n<meta name=\"robots\" content=\"index, follow, max-snippet:-1, max-image-preview:large, max-video-preview:-1\" \/>\n<link rel=\"canonical\" href=\"https:\/\/carpathiacenter.ro\/en\/delegatia-congresului-sua-intalniri-cu-bolojan-ciolacu-si-parlamentari-romani\/\" \/>\n<meta property=\"og:locale\" content=\"en_GB\" \/>\n<meta property=\"og:type\" content=\"article\" \/>\n<meta property=\"og:title\" content=\"Delega\u021bia Congresului SUA - \u00eent\u00e2lniri cu Bolojan, Ciolacu \u0219i parlamentari rom\u00e2ni - Carpathia Center Romania\" \/>\n<meta property=\"og:description\" content=\"O delega\u021bie format\u0103 din opt membri ai Congresului SUA, democra\u021bi \u0219i republicani, condus\u0103 de Vern Buchanan, se va \u00eent\u00e2lni mar\u021bi la Bucure\u0219ti cu pre\u0219edintele interimar Ilie Bolojan, cu premierul Marcel Ciolacu, dar \u0219i cu parlamentari rom\u00e2ni. Delega\u021bia SUA a ajuns luni seara \u00een Rom\u00e2nia. Potrivit programului anun\u021bat oficial, reprezentan\u021bii Congresului SUA vor fi primi\u021bi de...\" \/>\n<meta property=\"og:url\" content=\"https:\/\/carpathiacenter.ro\/en\/delegatia-congresului-sua-intalniri-cu-bolojan-ciolacu-si-parlamentari-romani\/\" \/>\n<meta property=\"og:site_name\" content=\"Carpathia Center Romania\" \/>\n<meta property=\"article:publisher\" content=\"https:\/\/www.facebook.com\/fdpscarpathia\/\" \/>\n<meta property=\"article:published_time\" content=\"2025-04-15T09:16:23+00:00\" \/>\n<meta property=\"og:image\" content=\"https:\/\/carpathiacenter.ro\/wp-content\/uploads\/2025\/03\/ilie-bolojan.jpg\" \/>\n\t<meta property=\"og:image:width\" content=\"1620\" \/>\n\t<meta property=\"og:image:height\" content=\"1080\" \/>\n\t<meta property=\"og:image:type\" content=\"image\/jpeg\" \/>\n<meta name=\"author\" content=\"creativebitsolutions\" \/>\n<meta name=\"twitter:card\" content=\"summary_large_image\" \/>\n<meta name=\"twitter:label1\" content=\"Written by\" \/>\n\t<meta name=\"twitter:data1\" content=\"creativebitsolutions\" \/>\n\t<meta name=\"twitter:label2\" content=\"Estimated reading time\" \/>\n\t<meta name=\"twitter:data2\" content=\"2 minutes\" \/>\n<script type=\"application\/ld+json\" class=\"yoast-schema-graph\">{\"@context\":\"https:\/\/schema.org\",\"@graph\":[{\"@type\":\"Article\",\"@id\":\"https:\/\/carpathiacenter.ro\/delegatia-congresului-sua-intalniri-cu-bolojan-ciolacu-si-parlamentari-romani\/#article\",\"isPartOf\":{\"@id\":\"https:\/\/carpathiacenter.ro\/delegatia-congresului-sua-intalniri-cu-bolojan-ciolacu-si-parlamentari-romani\/\"},\"author\":{\"name\":\"creativebitsolutions\",\"@id\":\"https:\/\/carpathiacenter.ro\/#\/schema\/person\/03d9f58202fee8379268f34afa195006\"},\"headline\":\"Delega\u021bia Congresului SUA &#8211; \u00eent\u00e2lniri cu Bolojan, Ciolacu \u0219i parlamentari rom\u00e2ni\",\"datePublished\":\"2025-04-15T09:16:23+00:00\",\"mainEntityOfPage\":{\"@id\":\"https:\/\/carpathiacenter.ro\/delegatia-congresului-sua-intalniri-cu-bolojan-ciolacu-si-parlamentari-romani\/\"},\"wordCount\":459,\"commentCount\":0,\"publisher\":{\"@id\":\"https:\/\/carpathiacenter.ro\/#organization\"},\"image\":{\"@id\":\"https:\/\/carpathiacenter.ro\/delegatia-congresului-sua-intalniri-cu-bolojan-ciolacu-si-parlamentari-romani\/#primaryimage\"},\"thumbnailUrl\":\"https:\/\/carpathiacenter.ro\/wp-content\/uploads\/2025\/03\/ilie-bolojan.jpg\",\"articleSection\":[\"Uncategorized\"],\"inLanguage\":\"en-GB\",\"potentialAction\":[{\"@type\":\"CommentAction\",\"name\":\"Comment\",\"target\":[\"https:\/\/carpathiacenter.ro\/delegatia-congresului-sua-intalniri-cu-bolojan-ciolacu-si-parlamentari-romani\/#respond\"]}]},{\"@type\":\"WebPage\",\"@id\":\"https:\/\/carpathiacenter.ro\/delegatia-congresului-sua-intalniri-cu-bolojan-ciolacu-si-parlamentari-romani\/\",\"url\":\"https:\/\/carpathiacenter.ro\/delegatia-congresului-sua-intalniri-cu-bolojan-ciolacu-si-parlamentari-romani\/\",\"name\":\"Delega\u021bia Congresului SUA - \u00eent\u00e2lniri cu Bolojan, Ciolacu \u0219i parlamentari rom\u00e2ni - Carpathia Center Romania\",\"isPartOf\":{\"@id\":\"https:\/\/carpathiacenter.ro\/#website\"},\"primaryImageOfPage\":{\"@id\":\"https:\/\/carpathiacenter.ro\/delegatia-congresului-sua-intalniri-cu-bolojan-ciolacu-si-parlamentari-romani\/#primaryimage\"},\"image\":{\"@id\":\"https:\/\/carpathiacenter.ro\/delegatia-congresului-sua-intalniri-cu-bolojan-ciolacu-si-parlamentari-romani\/#primaryimage\"},\"thumbnailUrl\":\"https:\/\/carpathiacenter.ro\/wp-content\/uploads\/2025\/03\/ilie-bolojan.jpg\",\"datePublished\":\"2025-04-15T09:16:23+00:00\",\"breadcrumb\":{\"@id\":\"https:\/\/carpathiacenter.ro\/delegatia-congresului-sua-intalniri-cu-bolojan-ciolacu-si-parlamentari-romani\/#breadcrumb\"},\"inLanguage\":\"en-GB\",\"potentialAction\":[{\"@type\":\"ReadAction\",\"target\":[\"https:\/\/carpathiacenter.ro\/delegatia-congresului-sua-intalniri-cu-bolojan-ciolacu-si-parlamentari-romani\/\"]}]},{\"@type\":\"ImageObject\",\"inLanguage\":\"en-GB\",\"@id\":\"https:\/\/carpathiacenter.ro\/delegatia-congresului-sua-intalniri-cu-bolojan-ciolacu-si-parlamentari-romani\/#primaryimage\",\"url\":\"https:\/\/carpathiacenter.ro\/wp-content\/uploads\/2025\/03\/ilie-bolojan.jpg\",\"contentUrl\":\"https:\/\/carpathiacenter.ro\/wp-content\/uploads\/2025\/03\/ilie-bolojan.jpg\",\"width\":1620,\"height\":1080},{\"@type\":\"BreadcrumbList\",\"@id\":\"https:\/\/carpathiacenter.ro\/delegatia-congresului-sua-intalniri-cu-bolojan-ciolacu-si-parlamentari-romani\/#breadcrumb\",\"itemListElement\":[{\"@type\":\"ListItem\",\"position\":1,\"name\":\"Prima pagin\u0103\",\"item\":\"https:\/\/carpathiacenter.ro\/\"},{\"@type\":\"ListItem\",\"position\":2,\"name\":\"Delega\u021bia Congresului SUA &#8211; \u00eent\u00e2lniri cu Bolojan, Ciolacu \u0219i parlamentari rom\u00e2ni\"}]},{\"@type\":\"WebSite\",\"@id\":\"https:\/\/carpathiacenter.ro\/#website\",\"url\":\"https:\/\/carpathiacenter.ro\/\",\"name\":\"Carpathia Center Romania\",\"description\":\"Impossible made possible!\",\"publisher\":{\"@id\":\"https:\/\/carpathiacenter.ro\/#organization\"},\"potentialAction\":[{\"@type\":\"SearchAction\",\"target\":{\"@type\":\"EntryPoint\",\"urlTemplate\":\"https:\/\/carpathiacenter.ro\/?s={search_term_string}\"},\"query-input\":{\"@type\":\"PropertyValueSpecification\",\"valueRequired\":true,\"valueName\":\"search_term_string\"}}],\"inLanguage\":\"en-GB\"},{\"@type\":\"Organization\",\"@id\":\"https:\/\/carpathiacenter.ro\/#organization\",\"name\":\"Carpathia Center Romania\",\"url\":\"https:\/\/carpathiacenter.ro\/\",\"logo\":{\"@type\":\"ImageObject\",\"inLanguage\":\"en-GB\",\"@id\":\"https:\/\/carpathiacenter.ro\/#\/schema\/logo\/image\/\",\"url\":\"https:\/\/carpathiacenter.ro\/wp-content\/uploads\/2024\/07\/logo-carpathia_bg_white-1024x941.png\",\"contentUrl\":\"https:\/\/carpathiacenter.ro\/wp-content\/uploads\/2024\/07\/logo-carpathia_bg_white-1024x941.png\",\"width\":1024,\"height\":941,\"caption\":\"Carpathia Center Romania\"},\"image\":{\"@id\":\"https:\/\/carpathiacenter.ro\/#\/schema\/logo\/image\/\"},\"sameAs\":[\"https:\/\/www.facebook.com\/fdpscarpathia\/\"]},{\"@type\":\"Person\",\"@id\":\"https:\/\/carpathiacenter.ro\/#\/schema\/person\/03d9f58202fee8379268f34afa195006\",\"name\":\"creativebitsolutions\",\"image\":{\"@type\":\"ImageObject\",\"inLanguage\":\"en-GB\",\"@id\":\"https:\/\/carpathiacenter.ro\/#\/schema\/person\/image\/\",\"url\":\"https:\/\/secure.gravatar.com\/avatar\/1b1a13e37f847c635dab78348f1dff2f07651ee2a3d77a5c355a4b8c75f9165a?s=96&d=mm&r=g\",\"contentUrl\":\"https:\/\/secure.gravatar.com\/avatar\/1b1a13e37f847c635dab78348f1dff2f07651ee2a3d77a5c355a4b8c75f9165a?s=96&d=mm&r=g\",\"caption\":\"creativebitsolutions\"},\"url\":\"https:\/\/carpathiacenter.ro\/en\/author\/creativebitsolutions\/\"}]}<\/script>\n<!-- \/ Yoast SEO plugin. -->","yoast_head_json":{"title":"Delega\u021bia Congresului SUA - \u00eent\u00e2lniri cu Bolojan, Ciolacu \u0219i parlamentari rom\u00e2ni - Carpathia Center Romania","robots":{"index":"index","follow":"follow","max-snippet":"max-snippet:-1","max-image-preview":"max-image-preview:large","max-video-preview":"max-video-preview:-1"},"canonical":"https:\/\/carpathiacenter.ro\/en\/delegatia-congresului-sua-intalniri-cu-bolojan-ciolacu-si-parlamentari-romani\/","og_locale":"en_GB","og_type":"article","og_title":"Delega\u021bia Congresului SUA - \u00eent\u00e2lniri cu Bolojan, Ciolacu \u0219i parlamentari rom\u00e2ni - Carpathia Center Romania","og_description":"O delega\u021bie format\u0103 din opt membri ai Congresului SUA, democra\u021bi \u0219i republicani, condus\u0103 de Vern Buchanan, se va \u00eent\u00e2lni mar\u021bi la Bucure\u0219ti cu pre\u0219edintele interimar Ilie Bolojan, cu premierul Marcel Ciolacu, dar \u0219i cu parlamentari rom\u00e2ni. Delega\u021bia SUA a ajuns luni seara \u00een Rom\u00e2nia. Potrivit programului anun\u021bat oficial, reprezentan\u021bii Congresului SUA vor fi primi\u021bi de...","og_url":"https:\/\/carpathiacenter.ro\/en\/delegatia-congresului-sua-intalniri-cu-bolojan-ciolacu-si-parlamentari-romani\/","og_site_name":"Carpathia Center Romania","article_publisher":"https:\/\/www.facebook.com\/fdpscarpathia\/","article_published_time":"2025-04-15T09:16:23+00:00","og_image":[{"width":1620,"height":1080,"url":"https:\/\/carpathiacenter.ro\/wp-content\/uploads\/2025\/03\/ilie-bolojan.jpg","type":"image\/jpeg"}],"author":"creativebitsolutions","twitter_card":"summary_large_image","twitter_misc":{"Written by":"creativebitsolutions","Estimated reading time":"2 minutes"},"schema":{"@context":"https:\/\/schema.org","@graph":[{"@type":"Article","@id":"https:\/\/carpathiacenter.ro\/delegatia-congresului-sua-intalniri-cu-bolojan-ciolacu-si-parlamentari-romani\/#article","isPartOf":{"@id":"https:\/\/carpathiacenter.ro\/delegatia-congresului-sua-intalniri-cu-bolojan-ciolacu-si-parlamentari-romani\/"},"author":{"name":"creativebitsolutions","@id":"https:\/\/carpathiacenter.ro\/#\/schema\/person\/03d9f58202fee8379268f34afa195006"},"headline":"Delega\u021bia Congresului SUA &#8211; \u00eent\u00e2lniri cu Bolojan, Ciolacu \u0219i parlamentari rom\u00e2ni","datePublished":"2025-04-15T09:16:23+00:00","mainEntityOfPage":{"@id":"https:\/\/carpathiacenter.ro\/delegatia-congresului-sua-intalniri-cu-bolojan-ciolacu-si-parlamentari-romani\/"},"wordCount":459,"commentCount":0,"publisher":{"@id":"https:\/\/carpathiacenter.ro\/#organization"},"image":{"@id":"https:\/\/carpathiacenter.ro\/delegatia-congresului-sua-intalniri-cu-bolojan-ciolacu-si-parlamentari-romani\/#primaryimage"},"thumbnailUrl":"https:\/\/carpathiacenter.ro\/wp-content\/uploads\/2025\/03\/ilie-bolojan.jpg","articleSection":["Uncategorized"],"inLanguage":"en-GB","potentialAction":[{"@type":"CommentAction","name":"Comment","target":["https:\/\/carpathiacenter.ro\/delegatia-congresului-sua-intalniri-cu-bolojan-ciolacu-si-parlamentari-romani\/#respond"]}]},{"@type":"WebPage","@id":"https:\/\/carpathiacenter.ro\/delegatia-congresului-sua-intalniri-cu-bolojan-ciolacu-si-parlamentari-romani\/","url":"https:\/\/carpathiacenter.ro\/delegatia-congresului-sua-intalniri-cu-bolojan-ciolacu-si-parlamentari-romani\/","name":"Delega\u021bia Congresului SUA - \u00eent\u00e2lniri cu Bolojan, Ciolacu \u0219i parlamentari rom\u00e2ni - Carpathia Center Romania","isPartOf":{"@id":"https:\/\/carpathiacenter.ro\/#website"},"primaryImageOfPage":{"@id":"https:\/\/carpathiacenter.ro\/delegatia-congresului-sua-intalniri-cu-bolojan-ciolacu-si-parlamentari-romani\/#primaryimage"},"image":{"@id":"https:\/\/carpathiacenter.ro\/delegatia-congresului-sua-intalniri-cu-bolojan-ciolacu-si-parlamentari-romani\/#primaryimage"},"thumbnailUrl":"https:\/\/carpathiacenter.ro\/wp-content\/uploads\/2025\/03\/ilie-bolojan.jpg","datePublished":"2025-04-15T09:16:23+00:00","breadcrumb":{"@id":"https:\/\/carpathiacenter.ro\/delegatia-congresului-sua-intalniri-cu-bolojan-ciolacu-si-parlamentari-romani\/#breadcrumb"},"inLanguage":"en-GB","potentialAction":[{"@type":"ReadAction","target":["https:\/\/carpathiacenter.ro\/delegatia-congresului-sua-intalniri-cu-bolojan-ciolacu-si-parlamentari-romani\/"]}]},{"@type":"ImageObject","inLanguage":"en-GB","@id":"https:\/\/carpathiacenter.ro\/delegatia-congresului-sua-intalniri-cu-bolojan-ciolacu-si-parlamentari-romani\/#primaryimage","url":"https:\/\/carpathiacenter.ro\/wp-content\/uploads\/2025\/03\/ilie-bolojan.jpg","contentUrl":"https:\/\/carpathiacenter.ro\/wp-content\/uploads\/2025\/03\/ilie-bolojan.jpg","width":1620,"height":1080},{"@type":"BreadcrumbList","@id":"https:\/\/carpathiacenter.ro\/delegatia-congresului-sua-intalniri-cu-bolojan-ciolacu-si-parlamentari-romani\/#breadcrumb","itemListElement":[{"@type":"ListItem","position":1,"name":"Prima pagin\u0103","item":"https:\/\/carpathiacenter.ro\/"},{"@type":"ListItem","position":2,"name":"Delega\u021bia Congresului SUA &#8211; \u00eent\u00e2lniri cu Bolojan, Ciolacu \u0219i parlamentari rom\u00e2ni"}]},{"@type":"WebSite","@id":"https:\/\/carpathiacenter.ro\/#website","url":"https:\/\/carpathiacenter.ro\/","name":"Carpathia Center Romania","description":"Impossible made possible!","publisher":{"@id":"https:\/\/carpathiacenter.ro\/#organization"},"potentialAction":[{"@type":"SearchAction","target":{"@type":"EntryPoint","urlTemplate":"https:\/\/carpathiacenter.ro\/?s={search_term_string}"},"query-input":{"@type":"PropertyValueSpecification","valueRequired":true,"valueName":"search_term_string"}}],"inLanguage":"en-GB"},{"@type":"Organization","@id":"https:\/\/carpathiacenter.ro\/#organization","name":"Carpathia Center Romania","url":"https:\/\/carpathiacenter.ro\/","logo":{"@type":"ImageObject","inLanguage":"en-GB","@id":"https:\/\/carpathiacenter.ro\/#\/schema\/logo\/image\/","url":"https:\/\/carpathiacenter.ro\/wp-content\/uploads\/2024\/07\/logo-carpathia_bg_white-1024x941.png","contentUrl":"https:\/\/carpathiacenter.ro\/wp-content\/uploads\/2024\/07\/logo-carpathia_bg_white-1024x941.png","width":1024,"height":941,"caption":"Carpathia Center Romania"},"image":{"@id":"https:\/\/carpathiacenter.ro\/#\/schema\/logo\/image\/"},"sameAs":["https:\/\/www.facebook.com\/fdpscarpathia\/"]},{"@type":"Person","@id":"https:\/\/carpathiacenter.ro\/#\/schema\/person\/03d9f58202fee8379268f34afa195006","name":"creativebitsolutions","image":{"@type":"ImageObject","inLanguage":"en-GB","@id":"https:\/\/carpathiacenter.ro\/#\/schema\/person\/image\/","url":"https:\/\/secure.gravatar.com\/avatar\/1b1a13e37f847c635dab78348f1dff2f07651ee2a3d77a5c355a4b8c75f9165a?s=96&d=mm&r=g","contentUrl":"https:\/\/secure.gravatar.com\/avatar\/1b1a13e37f847c635dab78348f1dff2f07651ee2a3d77a5c355a4b8c75f9165a?s=96&d=mm&r=g","caption":"creativebitsolutions"},"url":"https:\/\/carpathiacenter.ro\/en\/author\/creativebitsolutions\/"}]}},"_links":{"self":[{"href":"https:\/\/carpathiacenter.ro\/en\/wp-json\/wp\/v2\/posts\/2189","targetHints":{"allow":["GET"]}}],"collection":[{"href":"https:\/\/carpathiacenter.ro\/en\/wp-json\/wp\/v2\/posts"}],"about":[{"href":"https:\/\/carpathiacenter.ro\/en\/wp-json\/wp\/v2\/types\/post"}],"author":[{"embeddable":true,"href":"https:\/\/carpathiacenter.ro\/en\/wp-json\/wp\/v2\/users\/4"}],"replies":[{"embeddable":true,"href":"https:\/\/carpathiacenter.ro\/en\/wp-json\/wp\/v2\/comments?post=2189"}],"version-history":[{"count":1,"href":"https:\/\/carpathiacenter.ro\/en\/wp-json\/wp\/v2\/posts\/2189\/revisions"}],"predecessor-version":[{"id":2191,"href":"https:\/\/carpathiacenter.ro\/en\/wp-json\/wp\/v2\/posts\/2189\/revisions\/2191"}],"wp:featuredmedia":[{"embeddable":true,"href":"https:\/\/carpathiacenter.ro\/en\/wp-json\/wp\/v2\/media\/2059"}],"wp:attachment":[{"href":"https:\/\/carpathiacenter.ro\/en\/wp-json\/wp\/v2\/media?parent=2189"}],"wp:term":[{"taxonomy":"category","embeddable":true,"href":"https:\/\/carpathiacenter.ro\/en\/wp-json\/wp\/v2\/categories?post=2189"},{"taxonomy":"post_tag","embeddable":true,"href":"https:\/\/carpathiacenter.ro\/en\/wp-json\/wp\/v2\/tags?post=2189"}],"curies":[{"name":"wp","href":"https:\/\/api.w.org\/{rel}","templated":true}]}}