{"id":2179,"date":"2025-04-11T07:25:19","date_gmt":"2025-04-11T07:25:19","guid":{"rendered":"https:\/\/carpathiacenter.ro\/?p=2179"},"modified":"2025-04-11T07:25:19","modified_gmt":"2025-04-11T07:25:19","slug":"tanczos-dupa-rezultatele-studiului-privind-numarul-de-ursi-sper-ca-ministerul-mediului-va-lua-masurile-necesare","status":"publish","type":"post","link":"https:\/\/carpathiacenter.ro\/en\/tanczos-dupa-rezultatele-studiului-privind-numarul-de-ursi-sper-ca-ministerul-mediului-va-lua-masurile-necesare\/","title":{"rendered":"Tanczos, dup\u0103 rezultatele studiului privind num\u0103rul de ur\u0219i: Sper c\u0103 Ministerul Mediului va lua m\u0103surile necesare"},"content":{"rendered":"<p>Ministrul Finan\u021belor, Tanczos Barna, fost ministru al Mediului, <strong>a declarat joi seara, pentru AGERPRES<\/strong>, c\u0103 \u00een urm\u0103 cu zece ani a afirmat pentru prima dat\u0103 c\u0103 \u00een Rom\u00e2nia tr\u0103iesc peste zece mii de ur\u0219i \u0219i sper\u0103 c\u0103, dup\u0103 ce acest lucru a fost confirmat printr-un studiu \u0219tiin\u021bific, s\u0103 fie luate m\u0103surile necesare pentru a proteja vie\u021bile oamenilor \u0219i culturile fermierilor.<\/p>\n<p>&#8216;Unii speciali\u0219ti \u0219i mul\u021bi de la ONG-uri au avut nevoie de zece ani \u0219i de 10 milioane de euro ca s\u0103 se conving\u0103 c\u0103 este adev\u0103rat ceea ce spuneam noi (UDMR &#8211; n.red.). Acum zece ani, am afirmat pentru prima dat\u0103 c\u0103 \u00een Rom\u00e2nia tr\u0103iesc peste 10.000 de ur\u0219i. C\u00e2nd am ajuns ministru, noi am fost, cei de la UDMR, cei care am propus interven\u021bia imediat\u0103 pentru a proteja vie\u021bile oamenilor \u0219i noi am fost cei care am depus proiectul de lege de reintroducere a v\u00e2n\u0103torii. Acum s-au convins at\u00e2t Ministerul Mediului, c\u00e2t \u0219i cei din ONG-uri, c\u0103 este nevoie de m\u0103suri suplimentare pentru a proteja via\u021ba uman\u0103 \u0219i pentru a proteja culturile fermierilor. Sper c\u0103, \u00een sf\u00e2r\u0219it, ministerul va lua m\u0103surile necesare&#8217;, a declarat Tanczos Barna.<\/p>\n<p>El a punctat faptul c\u0103 aceast\u0103 confirmare \u0219tiin\u021bific\u0103 va ajuta Ministerul Mediului s\u0103 implementeze m\u0103surile care s\u0103 protejeze via\u021ba oamenilor \u0219i s\u0103 finalizeze pachetul de m\u0103suri care s\u0103 protejeze culturile fermierilor.<\/p>\n<p>&#8216;Confirmarea celor spuse de noi, aceast\u0103 confirmare \u0219tiin\u021bific\u0103 va ajuta foarte mult Ministerul Mediului \u00een fundamentarea urm\u0103toarelor m\u0103suri prin care trebuie protejat\u0103 via\u021ba uman\u0103 \u0219i va ajuta foarte mult Ministerul Mediului s\u0103 finalizeze pachetul de m\u0103suri prin care s\u0103 protejeze culturile fermierilor \u0219i s\u0103 previn\u0103 generalizarea fenomenului de ur\u0219i habitua\u021bi, ur\u0219i prezen\u021bi \u00een zona rural\u0103 \u0219i urban\u0103&#8217;, a mai ar\u0103tat Tanczos Barna.<\/p>\n<p>El a mai subliniat c\u0103 exist\u0103 \u0219i exemple pozitive, cum ar fi cel de la B\u0103ile Tu\u0219nad, dar c\u0103 trebuie continuate m\u0103surile de preven\u021bie.<\/p>\n<p>&#8216;Sunt c\u00e2teva exemple pozitive. Dac\u0103 ne g\u00e2ndim la B\u0103ile Tu\u0219nad, acolo avem clar un exemplu pozitiv cu privire la m\u0103surile care trebuie luate de primari pentru a preveni atacurile de genul atacului care a avut loc la Predeal. De asemenea, trebuie continuate m\u0103surile de preven\u021bie, prin cote de preven\u021bie aplicate prin v\u00e2n\u0103toare, \u0219i acest lucru va produce rezultate probabil \u00een c\u00e2\u021biva ani, pentru c\u0103 timpul pierdut este foarte greu de recuperat. Trebuie fermitate \u0219i curaj politic acolo unde deciziile sunt necesare \u0219i trebuie luate imediat&#8217;, a mai afirmat Tanczos Barna.<\/p>\n<p><a href=\"https:\/\/agerpres.ro\/2025\/04\/10\/mircea-fechet-in-romania-sunt-intre-10-419-si-12-770-de-ursi-bruni-numarul-optim-este-de-4-000--1439444\" target=\"_blank\">Ministrul Mediului, Apelor \u0219i P\u0103durilor, Mircea Fechet, a anun\u021bat, joi, c\u0103 \u00een Rom\u00e2nia se afl\u0103 \u00eentre 10.419 \u0219i 12.770 de ur\u0219i bruni, 95% fiind probabilitatea de acoperire a intervalului&nbsp;estimat, \u00een timp ce num\u0103rul optim de exemplare este de 4.000<\/a>.<\/p>\n<p>Mircea Fechet a participat la o conferin\u021b\u0103 de pres\u0103 dedicat\u0103 prezent\u0103rii, \u00een premier\u0103, a rezultatelor preliminare privind popula\u021bia de urs brun din Rom\u00e2nia \u00een cadrul proiectului &#8216;Implementarea Planului na\u021bional de ac\u021biune pentru conservarea popula\u021biei de urs brun din Rom\u00e2nia cod SMIS 136899\/319056&#8217;.<\/p>\n<p>&#8216;Dup\u0103 analizarea a peste 24.000 de probe recoltate din 25 de jude\u021be, realizatorii acestui studiu estimeaz\u0103 c\u0103 \u00een Rom\u00e2nia tr\u0103iesc \u00eentre 10.419 \u0219i 12.770 de ur\u0219i bruni, evaluarea maxim\u0103 estimat\u0103 de speciali\u0219ti. Nivelul de \u00eencredere pentru aceste cifre, conform metodologiei, este de 95%. A\u0219adar, putem afirma, pentru prima dat\u0103 \u00een istoria Rom\u00e2niei, cu o baz\u0103 \u0219tiin\u021bific\u0103 solid\u0103, c\u00e2\u021bi ur\u0219i avem \u00een p\u0103dure. P\u00e2n\u0103 acum am lucrat cu estim\u0103ri mai mult sau mai pu\u021bin controversate. Acestea erau bazate pe observa\u021bii vizuale sau alte metode indirecte, \u00eens\u0103 ast\u0103zi avem o imagine clar\u0103, pe baza ADN-ului pe care l-am verificat \u00een fiecare prob\u0103&#8217;, a spus ministrul Fechet. AGERPRES \/ (A, AS, redactor: Gina \u0218tefan, editor: Marius Fr\u0103\u021bil\u0103, editor online: Adrian D\u0103d\u00e2rlat)<br \/>\n<br \/>\nSursa articolului:<a href=\"https:\/\/agerpres.ro\/politic\/2025\/04\/10\/tanczos-dupa-rezultatele-studiului-privind-numarul-de-ursi-sper-ca-ministerul-mediului-va-lua-masuri--1439594\" target=\"_blank\" rel=\"noopener\" title=\"\">https:\/\/agerpres.ro\/politic\/2025\/04\/10\/tanczos-dupa-rezultatele-studiului-privind-numarul-de-ursi-sper-ca-ministerul-mediului-va-lua-masuri&#8211;1439594<\/a><\/p>","protected":false},"excerpt":{"rendered":"<p>Ministrul Finan\u021belor, Tanczos Barna, fost ministru al Mediului, a declarat joi seara, pentru AGERPRES, c\u0103 \u00een urm\u0103 cu zece ani a afirmat pentru prima dat\u0103 c\u0103 \u00een Rom\u00e2nia tr\u0103iesc peste zece mii de ur\u0219i \u0219i sper\u0103 c\u0103, dup\u0103 ce acest lucru a fost confirmat printr-un studiu \u0219tiin\u021bific, s\u0103 fie luate m\u0103surile necesare pentru a proteja&#8230;<\/p>","protected":false},"author":4,"featured_media":2180,"comment_status":"open","ping_status":"open","sticky":false,"template":"","format":"standard","meta":{"footnotes":""},"categories":[1],"tags":[],"class_list":["post-2179","post","type-post","status-publish","format-standard","has-post-thumbnail","hentry","category-uncategorized"],"yoast_head":"<!-- This site is optimized with the Yoast SEO plugin v26.1.1 - https:\/\/yoast.com\/wordpress\/plugins\/seo\/ -->\n<title>Tanczos, dup\u0103 rezultatele studiului privind num\u0103rul de ur\u0219i: Sper c\u0103 Ministerul Mediului va lua m\u0103surile necesare - Carpathia Center Romania<\/title>\n<meta name=\"robots\" content=\"index, follow, max-snippet:-1, max-image-preview:large, max-video-preview:-1\" \/>\n<link rel=\"canonical\" href=\"https:\/\/carpathiacenter.ro\/en\/tanczos-dupa-rezultatele-studiului-privind-numarul-de-ursi-sper-ca-ministerul-mediului-va-lua-masurile-necesare\/\" \/>\n<meta property=\"og:locale\" content=\"en_GB\" \/>\n<meta property=\"og:type\" content=\"article\" \/>\n<meta property=\"og:title\" content=\"Tanczos, dup\u0103 rezultatele studiului privind num\u0103rul de ur\u0219i: Sper c\u0103 Ministerul Mediului va lua m\u0103surile necesare - Carpathia Center Romania\" \/>\n<meta property=\"og:description\" content=\"Ministrul Finan\u021belor, Tanczos Barna, fost ministru al Mediului, a declarat joi seara, pentru AGERPRES, c\u0103 \u00een urm\u0103 cu zece ani a afirmat pentru prima dat\u0103 c\u0103 \u00een Rom\u00e2nia tr\u0103iesc peste zece mii de ur\u0219i \u0219i sper\u0103 c\u0103, dup\u0103 ce acest lucru a fost confirmat printr-un studiu \u0219tiin\u021bific, s\u0103 fie luate m\u0103surile necesare pentru a proteja...\" \/>\n<meta property=\"og:url\" content=\"https:\/\/carpathiacenter.ro\/en\/tanczos-dupa-rezultatele-studiului-privind-numarul-de-ursi-sper-ca-ministerul-mediului-va-lua-masurile-necesare\/\" \/>\n<meta property=\"og:site_name\" content=\"Carpathia Center Romania\" \/>\n<meta property=\"article:publisher\" content=\"https:\/\/www.facebook.com\/fdpscarpathia\/\" \/>\n<meta property=\"article:published_time\" content=\"2025-04-11T07:25:19+00:00\" \/>\n<meta property=\"og:image\" content=\"https:\/\/carpathiacenter.ro\/wp-content\/uploads\/2025\/04\/tanczos-barna.jpg\" \/>\n\t<meta property=\"og:image:width\" content=\"780\" \/>\n\t<meta property=\"og:image:height\" content=\"440\" \/>\n\t<meta property=\"og:image:type\" content=\"image\/jpeg\" \/>\n<meta name=\"author\" content=\"creativebitsolutions\" \/>\n<meta name=\"twitter:card\" content=\"summary_large_image\" \/>\n<meta name=\"twitter:label1\" content=\"Written by\" \/>\n\t<meta name=\"twitter:data1\" content=\"creativebitsolutions\" \/>\n\t<meta name=\"twitter:label2\" content=\"Estimated reading time\" \/>\n\t<meta name=\"twitter:data2\" content=\"3 minutes\" \/>\n<script type=\"application\/ld+json\" class=\"yoast-schema-graph\">{\"@context\":\"https:\/\/schema.org\",\"@graph\":[{\"@type\":\"Article\",\"@id\":\"https:\/\/carpathiacenter.ro\/tanczos-dupa-rezultatele-studiului-privind-numarul-de-ursi-sper-ca-ministerul-mediului-va-lua-masurile-necesare\/#article\",\"isPartOf\":{\"@id\":\"https:\/\/carpathiacenter.ro\/tanczos-dupa-rezultatele-studiului-privind-numarul-de-ursi-sper-ca-ministerul-mediului-va-lua-masurile-necesare\/\"},\"author\":{\"name\":\"creativebitsolutions\",\"@id\":\"https:\/\/carpathiacenter.ro\/#\/schema\/person\/03d9f58202fee8379268f34afa195006\"},\"headline\":\"Tanczos, dup\u0103 rezultatele studiului privind num\u0103rul de ur\u0219i: Sper c\u0103 Ministerul Mediului va lua m\u0103surile necesare\",\"datePublished\":\"2025-04-11T07:25:19+00:00\",\"mainEntityOfPage\":{\"@id\":\"https:\/\/carpathiacenter.ro\/tanczos-dupa-rezultatele-studiului-privind-numarul-de-ursi-sper-ca-ministerul-mediului-va-lua-masurile-necesare\/\"},\"wordCount\":694,\"commentCount\":0,\"publisher\":{\"@id\":\"https:\/\/carpathiacenter.ro\/#organization\"},\"image\":{\"@id\":\"https:\/\/carpathiacenter.ro\/tanczos-dupa-rezultatele-studiului-privind-numarul-de-ursi-sper-ca-ministerul-mediului-va-lua-masurile-necesare\/#primaryimage\"},\"thumbnailUrl\":\"https:\/\/carpathiacenter.ro\/wp-content\/uploads\/2025\/04\/tanczos-barna.jpg\",\"articleSection\":[\"Uncategorized\"],\"inLanguage\":\"en-GB\",\"potentialAction\":[{\"@type\":\"CommentAction\",\"name\":\"Comment\",\"target\":[\"https:\/\/carpathiacenter.ro\/tanczos-dupa-rezultatele-studiului-privind-numarul-de-ursi-sper-ca-ministerul-mediului-va-lua-masurile-necesare\/#respond\"]}]},{\"@type\":\"WebPage\",\"@id\":\"https:\/\/carpathiacenter.ro\/tanczos-dupa-rezultatele-studiului-privind-numarul-de-ursi-sper-ca-ministerul-mediului-va-lua-masurile-necesare\/\",\"url\":\"https:\/\/carpathiacenter.ro\/tanczos-dupa-rezultatele-studiului-privind-numarul-de-ursi-sper-ca-ministerul-mediului-va-lua-masurile-necesare\/\",\"name\":\"Tanczos, dup\u0103 rezultatele studiului privind num\u0103rul de ur\u0219i: Sper c\u0103 Ministerul Mediului va lua m\u0103surile necesare - Carpathia Center Romania\",\"isPartOf\":{\"@id\":\"https:\/\/carpathiacenter.ro\/#website\"},\"primaryImageOfPage\":{\"@id\":\"https:\/\/carpathiacenter.ro\/tanczos-dupa-rezultatele-studiului-privind-numarul-de-ursi-sper-ca-ministerul-mediului-va-lua-masurile-necesare\/#primaryimage\"},\"image\":{\"@id\":\"https:\/\/carpathiacenter.ro\/tanczos-dupa-rezultatele-studiului-privind-numarul-de-ursi-sper-ca-ministerul-mediului-va-lua-masurile-necesare\/#primaryimage\"},\"thumbnailUrl\":\"https:\/\/carpathiacenter.ro\/wp-content\/uploads\/2025\/04\/tanczos-barna.jpg\",\"datePublished\":\"2025-04-11T07:25:19+00:00\",\"breadcrumb\":{\"@id\":\"https:\/\/carpathiacenter.ro\/tanczos-dupa-rezultatele-studiului-privind-numarul-de-ursi-sper-ca-ministerul-mediului-va-lua-masurile-necesare\/#breadcrumb\"},\"inLanguage\":\"en-GB\",\"potentialAction\":[{\"@type\":\"ReadAction\",\"target\":[\"https:\/\/carpathiacenter.ro\/tanczos-dupa-rezultatele-studiului-privind-numarul-de-ursi-sper-ca-ministerul-mediului-va-lua-masurile-necesare\/\"]}]},{\"@type\":\"ImageObject\",\"inLanguage\":\"en-GB\",\"@id\":\"https:\/\/carpathiacenter.ro\/tanczos-dupa-rezultatele-studiului-privind-numarul-de-ursi-sper-ca-ministerul-mediului-va-lua-masurile-necesare\/#primaryimage\",\"url\":\"https:\/\/carpathiacenter.ro\/wp-content\/uploads\/2025\/04\/tanczos-barna.jpg\",\"contentUrl\":\"https:\/\/carpathiacenter.ro\/wp-content\/uploads\/2025\/04\/tanczos-barna.jpg\",\"width\":780,\"height\":440},{\"@type\":\"BreadcrumbList\",\"@id\":\"https:\/\/carpathiacenter.ro\/tanczos-dupa-rezultatele-studiului-privind-numarul-de-ursi-sper-ca-ministerul-mediului-va-lua-masurile-necesare\/#breadcrumb\",\"itemListElement\":[{\"@type\":\"ListItem\",\"position\":1,\"name\":\"Prima pagin\u0103\",\"item\":\"https:\/\/carpathiacenter.ro\/\"},{\"@type\":\"ListItem\",\"position\":2,\"name\":\"Tanczos, dup\u0103 rezultatele studiului privind num\u0103rul de ur\u0219i: Sper c\u0103 Ministerul Mediului va lua m\u0103surile necesare\"}]},{\"@type\":\"WebSite\",\"@id\":\"https:\/\/carpathiacenter.ro\/#website\",\"url\":\"https:\/\/carpathiacenter.ro\/\",\"name\":\"Carpathia Center Romania\",\"description\":\"Impossible made possible!\",\"publisher\":{\"@id\":\"https:\/\/carpathiacenter.ro\/#organization\"},\"potentialAction\":[{\"@type\":\"SearchAction\",\"target\":{\"@type\":\"EntryPoint\",\"urlTemplate\":\"https:\/\/carpathiacenter.ro\/?s={search_term_string}\"},\"query-input\":{\"@type\":\"PropertyValueSpecification\",\"valueRequired\":true,\"valueName\":\"search_term_string\"}}],\"inLanguage\":\"en-GB\"},{\"@type\":\"Organization\",\"@id\":\"https:\/\/carpathiacenter.ro\/#organization\",\"name\":\"Carpathia Center Romania\",\"url\":\"https:\/\/carpathiacenter.ro\/\",\"logo\":{\"@type\":\"ImageObject\",\"inLanguage\":\"en-GB\",\"@id\":\"https:\/\/carpathiacenter.ro\/#\/schema\/logo\/image\/\",\"url\":\"https:\/\/carpathiacenter.ro\/wp-content\/uploads\/2024\/07\/logo-carpathia_bg_white-1024x941.png\",\"contentUrl\":\"https:\/\/carpathiacenter.ro\/wp-content\/uploads\/2024\/07\/logo-carpathia_bg_white-1024x941.png\",\"width\":1024,\"height\":941,\"caption\":\"Carpathia Center Romania\"},\"image\":{\"@id\":\"https:\/\/carpathiacenter.ro\/#\/schema\/logo\/image\/\"},\"sameAs\":[\"https:\/\/www.facebook.com\/fdpscarpathia\/\"]},{\"@type\":\"Person\",\"@id\":\"https:\/\/carpathiacenter.ro\/#\/schema\/person\/03d9f58202fee8379268f34afa195006\",\"name\":\"creativebitsolutions\",\"image\":{\"@type\":\"ImageObject\",\"inLanguage\":\"en-GB\",\"@id\":\"https:\/\/carpathiacenter.ro\/#\/schema\/person\/image\/\",\"url\":\"https:\/\/secure.gravatar.com\/avatar\/1b1a13e37f847c635dab78348f1dff2f07651ee2a3d77a5c355a4b8c75f9165a?s=96&d=mm&r=g\",\"contentUrl\":\"https:\/\/secure.gravatar.com\/avatar\/1b1a13e37f847c635dab78348f1dff2f07651ee2a3d77a5c355a4b8c75f9165a?s=96&d=mm&r=g\",\"caption\":\"creativebitsolutions\"},\"url\":\"https:\/\/carpathiacenter.ro\/en\/author\/creativebitsolutions\/\"}]}<\/script>\n<!-- \/ Yoast SEO plugin. -->","yoast_head_json":{"title":"Tanczos, dup\u0103 rezultatele studiului privind num\u0103rul de ur\u0219i: Sper c\u0103 Ministerul Mediului va lua m\u0103surile necesare - Carpathia Center Romania","robots":{"index":"index","follow":"follow","max-snippet":"max-snippet:-1","max-image-preview":"max-image-preview:large","max-video-preview":"max-video-preview:-1"},"canonical":"https:\/\/carpathiacenter.ro\/en\/tanczos-dupa-rezultatele-studiului-privind-numarul-de-ursi-sper-ca-ministerul-mediului-va-lua-masurile-necesare\/","og_locale":"en_GB","og_type":"article","og_title":"Tanczos, dup\u0103 rezultatele studiului privind num\u0103rul de ur\u0219i: Sper c\u0103 Ministerul Mediului va lua m\u0103surile necesare - Carpathia Center Romania","og_description":"Ministrul Finan\u021belor, Tanczos Barna, fost ministru al Mediului, a declarat joi seara, pentru AGERPRES, c\u0103 \u00een urm\u0103 cu zece ani a afirmat pentru prima dat\u0103 c\u0103 \u00een Rom\u00e2nia tr\u0103iesc peste zece mii de ur\u0219i \u0219i sper\u0103 c\u0103, dup\u0103 ce acest lucru a fost confirmat printr-un studiu \u0219tiin\u021bific, s\u0103 fie luate m\u0103surile necesare pentru a proteja...","og_url":"https:\/\/carpathiacenter.ro\/en\/tanczos-dupa-rezultatele-studiului-privind-numarul-de-ursi-sper-ca-ministerul-mediului-va-lua-masurile-necesare\/","og_site_name":"Carpathia Center Romania","article_publisher":"https:\/\/www.facebook.com\/fdpscarpathia\/","article_published_time":"2025-04-11T07:25:19+00:00","og_image":[{"width":780,"height":440,"url":"https:\/\/carpathiacenter.ro\/wp-content\/uploads\/2025\/04\/tanczos-barna.jpg","type":"image\/jpeg"}],"author":"creativebitsolutions","twitter_card":"summary_large_image","twitter_misc":{"Written by":"creativebitsolutions","Estimated reading time":"3 minutes"},"schema":{"@context":"https:\/\/schema.org","@graph":[{"@type":"Article","@id":"https:\/\/carpathiacenter.ro\/tanczos-dupa-rezultatele-studiului-privind-numarul-de-ursi-sper-ca-ministerul-mediului-va-lua-masurile-necesare\/#article","isPartOf":{"@id":"https:\/\/carpathiacenter.ro\/tanczos-dupa-rezultatele-studiului-privind-numarul-de-ursi-sper-ca-ministerul-mediului-va-lua-masurile-necesare\/"},"author":{"name":"creativebitsolutions","@id":"https:\/\/carpathiacenter.ro\/#\/schema\/person\/03d9f58202fee8379268f34afa195006"},"headline":"Tanczos, dup\u0103 rezultatele studiului privind num\u0103rul de ur\u0219i: Sper c\u0103 Ministerul Mediului va lua m\u0103surile necesare","datePublished":"2025-04-11T07:25:19+00:00","mainEntityOfPage":{"@id":"https:\/\/carpathiacenter.ro\/tanczos-dupa-rezultatele-studiului-privind-numarul-de-ursi-sper-ca-ministerul-mediului-va-lua-masurile-necesare\/"},"wordCount":694,"commentCount":0,"publisher":{"@id":"https:\/\/carpathiacenter.ro\/#organization"},"image":{"@id":"https:\/\/carpathiacenter.ro\/tanczos-dupa-rezultatele-studiului-privind-numarul-de-ursi-sper-ca-ministerul-mediului-va-lua-masurile-necesare\/#primaryimage"},"thumbnailUrl":"https:\/\/carpathiacenter.ro\/wp-content\/uploads\/2025\/04\/tanczos-barna.jpg","articleSection":["Uncategorized"],"inLanguage":"en-GB","potentialAction":[{"@type":"CommentAction","name":"Comment","target":["https:\/\/carpathiacenter.ro\/tanczos-dupa-rezultatele-studiului-privind-numarul-de-ursi-sper-ca-ministerul-mediului-va-lua-masurile-necesare\/#respond"]}]},{"@type":"WebPage","@id":"https:\/\/carpathiacenter.ro\/tanczos-dupa-rezultatele-studiului-privind-numarul-de-ursi-sper-ca-ministerul-mediului-va-lua-masurile-necesare\/","url":"https:\/\/carpathiacenter.ro\/tanczos-dupa-rezultatele-studiului-privind-numarul-de-ursi-sper-ca-ministerul-mediului-va-lua-masurile-necesare\/","name":"Tanczos, dup\u0103 rezultatele studiului privind num\u0103rul de ur\u0219i: Sper c\u0103 Ministerul Mediului va lua m\u0103surile necesare - Carpathia Center Romania","isPartOf":{"@id":"https:\/\/carpathiacenter.ro\/#website"},"primaryImageOfPage":{"@id":"https:\/\/carpathiacenter.ro\/tanczos-dupa-rezultatele-studiului-privind-numarul-de-ursi-sper-ca-ministerul-mediului-va-lua-masurile-necesare\/#primaryimage"},"image":{"@id":"https:\/\/carpathiacenter.ro\/tanczos-dupa-rezultatele-studiului-privind-numarul-de-ursi-sper-ca-ministerul-mediului-va-lua-masurile-necesare\/#primaryimage"},"thumbnailUrl":"https:\/\/carpathiacenter.ro\/wp-content\/uploads\/2025\/04\/tanczos-barna.jpg","datePublished":"2025-04-11T07:25:19+00:00","breadcrumb":{"@id":"https:\/\/carpathiacenter.ro\/tanczos-dupa-rezultatele-studiului-privind-numarul-de-ursi-sper-ca-ministerul-mediului-va-lua-masurile-necesare\/#breadcrumb"},"inLanguage":"en-GB","potentialAction":[{"@type":"ReadAction","target":["https:\/\/carpathiacenter.ro\/tanczos-dupa-rezultatele-studiului-privind-numarul-de-ursi-sper-ca-ministerul-mediului-va-lua-masurile-necesare\/"]}]},{"@type":"ImageObject","inLanguage":"en-GB","@id":"https:\/\/carpathiacenter.ro\/tanczos-dupa-rezultatele-studiului-privind-numarul-de-ursi-sper-ca-ministerul-mediului-va-lua-masurile-necesare\/#primaryimage","url":"https:\/\/carpathiacenter.ro\/wp-content\/uploads\/2025\/04\/tanczos-barna.jpg","contentUrl":"https:\/\/carpathiacenter.ro\/wp-content\/uploads\/2025\/04\/tanczos-barna.jpg","width":780,"height":440},{"@type":"BreadcrumbList","@id":"https:\/\/carpathiacenter.ro\/tanczos-dupa-rezultatele-studiului-privind-numarul-de-ursi-sper-ca-ministerul-mediului-va-lua-masurile-necesare\/#breadcrumb","itemListElement":[{"@type":"ListItem","position":1,"name":"Prima pagin\u0103","item":"https:\/\/carpathiacenter.ro\/"},{"@type":"ListItem","position":2,"name":"Tanczos, dup\u0103 rezultatele studiului privind num\u0103rul de ur\u0219i: Sper c\u0103 Ministerul Mediului va lua m\u0103surile necesare"}]},{"@type":"WebSite","@id":"https:\/\/carpathiacenter.ro\/#website","url":"https:\/\/carpathiacenter.ro\/","name":"Carpathia Center Romania","description":"Impossible made possible!","publisher":{"@id":"https:\/\/carpathiacenter.ro\/#organization"},"potentialAction":[{"@type":"SearchAction","target":{"@type":"EntryPoint","urlTemplate":"https:\/\/carpathiacenter.ro\/?s={search_term_string}"},"query-input":{"@type":"PropertyValueSpecification","valueRequired":true,"valueName":"search_term_string"}}],"inLanguage":"en-GB"},{"@type":"Organization","@id":"https:\/\/carpathiacenter.ro\/#organization","name":"Carpathia Center Romania","url":"https:\/\/carpathiacenter.ro\/","logo":{"@type":"ImageObject","inLanguage":"en-GB","@id":"https:\/\/carpathiacenter.ro\/#\/schema\/logo\/image\/","url":"https:\/\/carpathiacenter.ro\/wp-content\/uploads\/2024\/07\/logo-carpathia_bg_white-1024x941.png","contentUrl":"https:\/\/carpathiacenter.ro\/wp-content\/uploads\/2024\/07\/logo-carpathia_bg_white-1024x941.png","width":1024,"height":941,"caption":"Carpathia Center Romania"},"image":{"@id":"https:\/\/carpathiacenter.ro\/#\/schema\/logo\/image\/"},"sameAs":["https:\/\/www.facebook.com\/fdpscarpathia\/"]},{"@type":"Person","@id":"https:\/\/carpathiacenter.ro\/#\/schema\/person\/03d9f58202fee8379268f34afa195006","name":"creativebitsolutions","image":{"@type":"ImageObject","inLanguage":"en-GB","@id":"https:\/\/carpathiacenter.ro\/#\/schema\/person\/image\/","url":"https:\/\/secure.gravatar.com\/avatar\/1b1a13e37f847c635dab78348f1dff2f07651ee2a3d77a5c355a4b8c75f9165a?s=96&d=mm&r=g","contentUrl":"https:\/\/secure.gravatar.com\/avatar\/1b1a13e37f847c635dab78348f1dff2f07651ee2a3d77a5c355a4b8c75f9165a?s=96&d=mm&r=g","caption":"creativebitsolutions"},"url":"https:\/\/carpathiacenter.ro\/en\/author\/creativebitsolutions\/"}]}},"_links":{"self":[{"href":"https:\/\/carpathiacenter.ro\/en\/wp-json\/wp\/v2\/posts\/2179","targetHints":{"allow":["GET"]}}],"collection":[{"href":"https:\/\/carpathiacenter.ro\/en\/wp-json\/wp\/v2\/posts"}],"about":[{"href":"https:\/\/carpathiacenter.ro\/en\/wp-json\/wp\/v2\/types\/post"}],"author":[{"embeddable":true,"href":"https:\/\/carpathiacenter.ro\/en\/wp-json\/wp\/v2\/users\/4"}],"replies":[{"embeddable":true,"href":"https:\/\/carpathiacenter.ro\/en\/wp-json\/wp\/v2\/comments?post=2179"}],"version-history":[{"count":1,"href":"https:\/\/carpathiacenter.ro\/en\/wp-json\/wp\/v2\/posts\/2179\/revisions"}],"predecessor-version":[{"id":2181,"href":"https:\/\/carpathiacenter.ro\/en\/wp-json\/wp\/v2\/posts\/2179\/revisions\/2181"}],"wp:featuredmedia":[{"embeddable":true,"href":"https:\/\/carpathiacenter.ro\/en\/wp-json\/wp\/v2\/media\/2180"}],"wp:attachment":[{"href":"https:\/\/carpathiacenter.ro\/en\/wp-json\/wp\/v2\/media?parent=2179"}],"wp:term":[{"taxonomy":"category","embeddable":true,"href":"https:\/\/carpathiacenter.ro\/en\/wp-json\/wp\/v2\/categories?post=2179"},{"taxonomy":"post_tag","embeddable":true,"href":"https:\/\/carpathiacenter.ro\/en\/wp-json\/wp\/v2\/tags?post=2179"}],"curies":[{"name":"wp","href":"https:\/\/api.w.org\/{rel}","templated":true}]}}