{"id":2172,"date":"2025-04-10T07:33:06","date_gmt":"2025-04-10T07:33:06","guid":{"rendered":"https:\/\/carpathiacenter.ro\/?p=2172"},"modified":"2025-04-10T07:33:06","modified_gmt":"2025-04-10T07:33:06","slug":"burduja-inca-20-mw-pentru-energia-romaniei-din-pnrr-o-confirmare-ca-banii-europeni-pot-fi-folositi-cu-cap","status":"publish","type":"post","link":"https:\/\/carpathiacenter.ro\/en\/burduja-inca-20-mw-pentru-energia-romaniei-din-pnrr-o-confirmare-ca-banii-europeni-pot-fi-folositi-cu-cap\/","title":{"rendered":"Burduja: \u00cenc\u0103 20 MW pentru energia Rom\u00e2niei, din PNRR; o confirmare c\u0103 banii europeni pot fi folosi\u021bi cu cap"},"content":{"rendered":"<div class=\"mx-auto pt-3\">\n<p><strong>Fondurile din PNRR energizeaz\u0103 Rom\u00e2nia, peste 600 MW noi pentru produc\u021bia de energie verde fiind deja finaliza\u021bi \u0219i pu\u0219i \u00een func\u021biune pentru sistemul energetic rom\u00e2nesc, a anun\u021bat, miercuri, ministrul Energiei, Sebastian Burduja.<\/strong><\/p>\n<p>&#8216;Ast\u0103zi a fost inaugurat unul dintre aceste proiecte, cu totul \u0219i cu totul special: un nume rom\u00e2nesc mare, de tradi\u021bie, devine mai competitiv printr-un proiect nou-nou\u021b finan\u021bat de Ministerul Energiei. TenarisSilcotub, liderul na\u021bional \u00een produc\u021bia de \u021bevi f\u0103r\u0103 sudur\u0103 de diametre mici, a finalizat construc\u021bia primului s\u0103u parc fotovoltaic, cu o capacitate instalat\u0103 de 20 MW. Investi\u021bia total\u0103 este de 19,5 milioane euro, din care aproape 6 milioane euro reprezint\u0103 finan\u021barea nerambursabil\u0103 acordat\u0103 de Ministerul Energiei din PNRR. O confirmare c\u0103 banii europeni pot fi folosi\u021bi cu cap, pentru a construi capacit\u0103\u021bi noi de producere a energiei, \u00een sprijinul economiei reale&#8217;, a scris Burduja pe propria pagin\u0103 de Facebook.<\/p>\n<p>&nbsp;<\/p>\n<p><iframe src=\"https:\/\/www.facebook.com\/plugins\/post.php?href=https%3A%2F%2Fwww.facebook.com%2Ftianu%2Fposts%2Fpfbid02vfozQKiiUHTqEVjatB9p3oEznMSQb9az8TMBSTcKmrD5xSpV6g3b8G5z5689uUGZl&amp;show_text=true&amp;width=500\" width=\"500\" height=\"786\" style=\"border:none;overflow:hidden\" scrolling=\"no\" frameborder=\"0\" allowfullscreen=\"true\" allow=\"autoplay; clipboard-write; encrypted-media; picture-in-picture; web-share\"><\/iframe><\/p>\n<p>Acesta a subliniat c\u0103 Ministerul Energiei sus\u021bine &#8216;cu toat\u0103 convingerea&#8217; industria rom\u00e2neasc\u0103, \u00een special pe cei care fac eforturi concrete pentru a fi competitivi, iar acest proiect spune multe despre direc\u021bia \u00een care se \u00eendreapt\u0103 industria rom\u00e2neasc\u0103.<\/p>\n<p>&#8216;Este un proiect care spune multe despre direc\u021bia \u00een care se \u00eendreapt\u0103 industria rom\u00e2neasc\u0103 &#8211; de la consumator mare de energie spre produc\u0103tor responsabil \u0219i parte activ\u0103 din siguran\u021ba sistemului energetic na\u021bional. O parte important\u0103 din energia produs\u0103 \u00een acest parc solar va fi folosit\u0103 pentru consumul propriu al o\u021bel\u0103riei, reduc\u00e2nd costurile cu energia, ceea ce ajut\u0103 \u0219i la cre\u0219terea competitivit\u0103\u021bii produc\u0103torului industrial, dar \u0219i la sc\u0103derea presiunii pe sistemul energetic na\u021bional. La Ministerul Energiei, sus\u021binem cu toat\u0103 convingerea industria rom\u00e2neasc\u0103, \u00een special pe cei care fac eforturi concrete pentru a fi competitivi.Ne-am angajat s\u0103 folosim toate instrumentele disponibile &#8211; de la finan\u021b\u0103ri nerambursabile p\u00e2n\u0103 la reforme &#8211; pentru ca mediul economic s\u0103 aib\u0103 stabilitate, predictibilitate \u0219i acces la energie la un pre\u021b corect&#8217;, a punctat \u0219eful de la Energie.<\/p>\n<p>Nu \u00een ultimul r\u00e2nd, Burduja sus\u021bine c\u0103 avem tot ceea ce ne trebuie ca s\u0103 reindustrializ\u0103m Rom\u00e2nia \u00een mod inteligent: &#8216;idei bune, companii ambi\u021bioase \u0219i fonduri europene pe care le atragem \u0219i le punem la treab\u0103&#8217;. &#8216;\u0218i, cel mai important, avem voin\u021b\u0103. Felicit\u0103ri, TenarisSilcotub, \u0219i mul\u021bumiri tuturor celor care au f\u0103cut acest proiect posibil! Industria rom\u00e2neasc\u0103 are viitor. Iar acest viitor este, din ce \u00een ce mai mult, \u00een str\u00e2ns\u0103 leg\u0103tur\u0103 cu modul \u00een care juc\u0103m \u00een sectorul energetic&#8217;, a mai scris ministrul Energiei pe pagina de socializare.AGERPRES\/(AS &#8211; editor: Mariana Nica, editor online: Ady Iva\u015fcu)<br \/>\n<br \/>\nSursa articolului:<a href=\"https:\/\/agerpres.ro\/economic\/2025\/04\/09\/burduja-inca-20-mw-pentru-energia-romaniei-din-pnrr-o-confirmare-ca-banii-europeni-pot-fi-folositi-c--1439177\" target=\"_blank\" rel=\"noopener\" title=\"\">https:\/\/agerpres.ro\/economic\/2025\/04\/09\/burduja-inca-20-mw-pentru-energia-romaniei-din-pnrr-o-confirmare-ca-banii-europeni-pot-fi-folositi-c&#8211;1439177<\/a>\n<\/p>\n<\/p><\/div>","protected":false},"excerpt":{"rendered":"<p>Fondurile din PNRR energizeaz\u0103 Rom\u00e2nia, peste 600 MW noi pentru produc\u021bia de energie verde fiind deja finaliza\u021bi \u0219i pu\u0219i \u00een func\u021biune pentru sistemul energetic rom\u00e2nesc, a anun\u021bat, miercuri, ministrul Energiei, Sebastian Burduja. &#8216;Ast\u0103zi a fost inaugurat unul dintre aceste proiecte, cu totul \u0219i cu totul special: un nume rom\u00e2nesc mare, de tradi\u021bie, devine mai competitiv&#8230;<\/p>","protected":false},"author":4,"featured_media":2173,"comment_status":"open","ping_status":"open","sticky":false,"template":"","format":"standard","meta":{"footnotes":""},"categories":[1],"tags":[],"class_list":["post-2172","post","type-post","status-publish","format-standard","has-post-thumbnail","hentry","category-uncategorized"],"yoast_head":"<!-- This site is optimized with the Yoast SEO plugin v26.1.1 - https:\/\/yoast.com\/wordpress\/plugins\/seo\/ -->\n<title>Burduja: \u00cenc\u0103 20 MW pentru energia Rom\u00e2niei, din PNRR; o confirmare c\u0103 banii europeni pot fi folosi\u021bi cu cap - Carpathia Center Romania<\/title>\n<meta name=\"robots\" content=\"index, follow, max-snippet:-1, max-image-preview:large, max-video-preview:-1\" \/>\n<link rel=\"canonical\" href=\"https:\/\/carpathiacenter.ro\/en\/burduja-inca-20-mw-pentru-energia-romaniei-din-pnrr-o-confirmare-ca-banii-europeni-pot-fi-folositi-cu-cap\/\" \/>\n<meta property=\"og:locale\" content=\"en_GB\" \/>\n<meta property=\"og:type\" content=\"article\" \/>\n<meta property=\"og:title\" content=\"Burduja: \u00cenc\u0103 20 MW pentru energia Rom\u00e2niei, din PNRR; o confirmare c\u0103 banii europeni pot fi folosi\u021bi cu cap - Carpathia Center Romania\" \/>\n<meta property=\"og:description\" content=\"Fondurile din PNRR energizeaz\u0103 Rom\u00e2nia, peste 600 MW noi pentru produc\u021bia de energie verde fiind deja finaliza\u021bi \u0219i pu\u0219i \u00een func\u021biune pentru sistemul energetic rom\u00e2nesc, a anun\u021bat, miercuri, ministrul Energiei, Sebastian Burduja. &#8216;Ast\u0103zi a fost inaugurat unul dintre aceste proiecte, cu totul \u0219i cu totul special: un nume rom\u00e2nesc mare, de tradi\u021bie, devine mai competitiv...\" \/>\n<meta property=\"og:url\" content=\"https:\/\/carpathiacenter.ro\/en\/burduja-inca-20-mw-pentru-energia-romaniei-din-pnrr-o-confirmare-ca-banii-europeni-pot-fi-folositi-cu-cap\/\" \/>\n<meta property=\"og:site_name\" content=\"Carpathia Center Romania\" \/>\n<meta property=\"article:publisher\" content=\"https:\/\/www.facebook.com\/fdpscarpathia\/\" \/>\n<meta property=\"article:published_time\" content=\"2025-04-10T07:33:06+00:00\" \/>\n<meta property=\"og:image\" content=\"https:\/\/carpathiacenter.ro\/wp-content\/uploads\/2025\/04\/parc-fotovoltaic.jpg\" \/>\n\t<meta property=\"og:image:width\" content=\"640\" \/>\n\t<meta property=\"og:image:height\" content=\"360\" \/>\n\t<meta property=\"og:image:type\" content=\"image\/jpeg\" \/>\n<meta name=\"author\" content=\"creativebitsolutions\" \/>\n<meta name=\"twitter:card\" content=\"summary_large_image\" \/>\n<meta name=\"twitter:label1\" content=\"Written by\" \/>\n\t<meta name=\"twitter:data1\" content=\"creativebitsolutions\" \/>\n\t<meta name=\"twitter:label2\" content=\"Estimated reading time\" \/>\n\t<meta name=\"twitter:data2\" content=\"2 minutes\" \/>\n<script type=\"application\/ld+json\" class=\"yoast-schema-graph\">{\"@context\":\"https:\/\/schema.org\",\"@graph\":[{\"@type\":\"Article\",\"@id\":\"https:\/\/carpathiacenter.ro\/burduja-inca-20-mw-pentru-energia-romaniei-din-pnrr-o-confirmare-ca-banii-europeni-pot-fi-folositi-cu-cap\/#article\",\"isPartOf\":{\"@id\":\"https:\/\/carpathiacenter.ro\/burduja-inca-20-mw-pentru-energia-romaniei-din-pnrr-o-confirmare-ca-banii-europeni-pot-fi-folositi-cu-cap\/\"},\"author\":{\"name\":\"creativebitsolutions\",\"@id\":\"https:\/\/carpathiacenter.ro\/#\/schema\/person\/03d9f58202fee8379268f34afa195006\"},\"headline\":\"Burduja: \u00cenc\u0103 20 MW pentru energia Rom\u00e2niei, din PNRR; o confirmare c\u0103 banii europeni pot fi folosi\u021bi cu cap\",\"datePublished\":\"2025-04-10T07:33:06+00:00\",\"mainEntityOfPage\":{\"@id\":\"https:\/\/carpathiacenter.ro\/burduja-inca-20-mw-pentru-energia-romaniei-din-pnrr-o-confirmare-ca-banii-europeni-pot-fi-folositi-cu-cap\/\"},\"wordCount\":486,\"commentCount\":0,\"publisher\":{\"@id\":\"https:\/\/carpathiacenter.ro\/#organization\"},\"image\":{\"@id\":\"https:\/\/carpathiacenter.ro\/burduja-inca-20-mw-pentru-energia-romaniei-din-pnrr-o-confirmare-ca-banii-europeni-pot-fi-folositi-cu-cap\/#primaryimage\"},\"thumbnailUrl\":\"https:\/\/carpathiacenter.ro\/wp-content\/uploads\/2025\/04\/parc-fotovoltaic.jpg\",\"articleSection\":[\"Uncategorized\"],\"inLanguage\":\"en-GB\",\"potentialAction\":[{\"@type\":\"CommentAction\",\"name\":\"Comment\",\"target\":[\"https:\/\/carpathiacenter.ro\/burduja-inca-20-mw-pentru-energia-romaniei-din-pnrr-o-confirmare-ca-banii-europeni-pot-fi-folositi-cu-cap\/#respond\"]}]},{\"@type\":\"WebPage\",\"@id\":\"https:\/\/carpathiacenter.ro\/burduja-inca-20-mw-pentru-energia-romaniei-din-pnrr-o-confirmare-ca-banii-europeni-pot-fi-folositi-cu-cap\/\",\"url\":\"https:\/\/carpathiacenter.ro\/burduja-inca-20-mw-pentru-energia-romaniei-din-pnrr-o-confirmare-ca-banii-europeni-pot-fi-folositi-cu-cap\/\",\"name\":\"Burduja: \u00cenc\u0103 20 MW pentru energia Rom\u00e2niei, din PNRR; o confirmare c\u0103 banii europeni pot fi folosi\u021bi cu cap - Carpathia Center Romania\",\"isPartOf\":{\"@id\":\"https:\/\/carpathiacenter.ro\/#website\"},\"primaryImageOfPage\":{\"@id\":\"https:\/\/carpathiacenter.ro\/burduja-inca-20-mw-pentru-energia-romaniei-din-pnrr-o-confirmare-ca-banii-europeni-pot-fi-folositi-cu-cap\/#primaryimage\"},\"image\":{\"@id\":\"https:\/\/carpathiacenter.ro\/burduja-inca-20-mw-pentru-energia-romaniei-din-pnrr-o-confirmare-ca-banii-europeni-pot-fi-folositi-cu-cap\/#primaryimage\"},\"thumbnailUrl\":\"https:\/\/carpathiacenter.ro\/wp-content\/uploads\/2025\/04\/parc-fotovoltaic.jpg\",\"datePublished\":\"2025-04-10T07:33:06+00:00\",\"breadcrumb\":{\"@id\":\"https:\/\/carpathiacenter.ro\/burduja-inca-20-mw-pentru-energia-romaniei-din-pnrr-o-confirmare-ca-banii-europeni-pot-fi-folositi-cu-cap\/#breadcrumb\"},\"inLanguage\":\"en-GB\",\"potentialAction\":[{\"@type\":\"ReadAction\",\"target\":[\"https:\/\/carpathiacenter.ro\/burduja-inca-20-mw-pentru-energia-romaniei-din-pnrr-o-confirmare-ca-banii-europeni-pot-fi-folositi-cu-cap\/\"]}]},{\"@type\":\"ImageObject\",\"inLanguage\":\"en-GB\",\"@id\":\"https:\/\/carpathiacenter.ro\/burduja-inca-20-mw-pentru-energia-romaniei-din-pnrr-o-confirmare-ca-banii-europeni-pot-fi-folositi-cu-cap\/#primaryimage\",\"url\":\"https:\/\/carpathiacenter.ro\/wp-content\/uploads\/2025\/04\/parc-fotovoltaic.jpg\",\"contentUrl\":\"https:\/\/carpathiacenter.ro\/wp-content\/uploads\/2025\/04\/parc-fotovoltaic.jpg\",\"width\":640,\"height\":360},{\"@type\":\"BreadcrumbList\",\"@id\":\"https:\/\/carpathiacenter.ro\/burduja-inca-20-mw-pentru-energia-romaniei-din-pnrr-o-confirmare-ca-banii-europeni-pot-fi-folositi-cu-cap\/#breadcrumb\",\"itemListElement\":[{\"@type\":\"ListItem\",\"position\":1,\"name\":\"Prima pagin\u0103\",\"item\":\"https:\/\/carpathiacenter.ro\/\"},{\"@type\":\"ListItem\",\"position\":2,\"name\":\"Burduja: \u00cenc\u0103 20 MW pentru energia Rom\u00e2niei, din PNRR; o confirmare c\u0103 banii europeni pot fi folosi\u021bi cu cap\"}]},{\"@type\":\"WebSite\",\"@id\":\"https:\/\/carpathiacenter.ro\/#website\",\"url\":\"https:\/\/carpathiacenter.ro\/\",\"name\":\"Carpathia Center Romania\",\"description\":\"Impossible made possible!\",\"publisher\":{\"@id\":\"https:\/\/carpathiacenter.ro\/#organization\"},\"potentialAction\":[{\"@type\":\"SearchAction\",\"target\":{\"@type\":\"EntryPoint\",\"urlTemplate\":\"https:\/\/carpathiacenter.ro\/?s={search_term_string}\"},\"query-input\":{\"@type\":\"PropertyValueSpecification\",\"valueRequired\":true,\"valueName\":\"search_term_string\"}}],\"inLanguage\":\"en-GB\"},{\"@type\":\"Organization\",\"@id\":\"https:\/\/carpathiacenter.ro\/#organization\",\"name\":\"Carpathia Center Romania\",\"url\":\"https:\/\/carpathiacenter.ro\/\",\"logo\":{\"@type\":\"ImageObject\",\"inLanguage\":\"en-GB\",\"@id\":\"https:\/\/carpathiacenter.ro\/#\/schema\/logo\/image\/\",\"url\":\"https:\/\/carpathiacenter.ro\/wp-content\/uploads\/2024\/07\/logo-carpathia_bg_white-1024x941.png\",\"contentUrl\":\"https:\/\/carpathiacenter.ro\/wp-content\/uploads\/2024\/07\/logo-carpathia_bg_white-1024x941.png\",\"width\":1024,\"height\":941,\"caption\":\"Carpathia Center Romania\"},\"image\":{\"@id\":\"https:\/\/carpathiacenter.ro\/#\/schema\/logo\/image\/\"},\"sameAs\":[\"https:\/\/www.facebook.com\/fdpscarpathia\/\"]},{\"@type\":\"Person\",\"@id\":\"https:\/\/carpathiacenter.ro\/#\/schema\/person\/03d9f58202fee8379268f34afa195006\",\"name\":\"creativebitsolutions\",\"image\":{\"@type\":\"ImageObject\",\"inLanguage\":\"en-GB\",\"@id\":\"https:\/\/carpathiacenter.ro\/#\/schema\/person\/image\/\",\"url\":\"https:\/\/secure.gravatar.com\/avatar\/1b1a13e37f847c635dab78348f1dff2f07651ee2a3d77a5c355a4b8c75f9165a?s=96&d=mm&r=g\",\"contentUrl\":\"https:\/\/secure.gravatar.com\/avatar\/1b1a13e37f847c635dab78348f1dff2f07651ee2a3d77a5c355a4b8c75f9165a?s=96&d=mm&r=g\",\"caption\":\"creativebitsolutions\"},\"url\":\"https:\/\/carpathiacenter.ro\/en\/author\/creativebitsolutions\/\"}]}<\/script>\n<!-- \/ Yoast SEO plugin. -->","yoast_head_json":{"title":"Burduja: \u00cenc\u0103 20 MW pentru energia Rom\u00e2niei, din PNRR; o confirmare c\u0103 banii europeni pot fi folosi\u021bi cu cap - Carpathia Center Romania","robots":{"index":"index","follow":"follow","max-snippet":"max-snippet:-1","max-image-preview":"max-image-preview:large","max-video-preview":"max-video-preview:-1"},"canonical":"https:\/\/carpathiacenter.ro\/en\/burduja-inca-20-mw-pentru-energia-romaniei-din-pnrr-o-confirmare-ca-banii-europeni-pot-fi-folositi-cu-cap\/","og_locale":"en_GB","og_type":"article","og_title":"Burduja: \u00cenc\u0103 20 MW pentru energia Rom\u00e2niei, din PNRR; o confirmare c\u0103 banii europeni pot fi folosi\u021bi cu cap - Carpathia Center Romania","og_description":"Fondurile din PNRR energizeaz\u0103 Rom\u00e2nia, peste 600 MW noi pentru produc\u021bia de energie verde fiind deja finaliza\u021bi \u0219i pu\u0219i \u00een func\u021biune pentru sistemul energetic rom\u00e2nesc, a anun\u021bat, miercuri, ministrul Energiei, Sebastian Burduja. &#8216;Ast\u0103zi a fost inaugurat unul dintre aceste proiecte, cu totul \u0219i cu totul special: un nume rom\u00e2nesc mare, de tradi\u021bie, devine mai competitiv...","og_url":"https:\/\/carpathiacenter.ro\/en\/burduja-inca-20-mw-pentru-energia-romaniei-din-pnrr-o-confirmare-ca-banii-europeni-pot-fi-folositi-cu-cap\/","og_site_name":"Carpathia Center Romania","article_publisher":"https:\/\/www.facebook.com\/fdpscarpathia\/","article_published_time":"2025-04-10T07:33:06+00:00","og_image":[{"width":640,"height":360,"url":"https:\/\/carpathiacenter.ro\/wp-content\/uploads\/2025\/04\/parc-fotovoltaic.jpg","type":"image\/jpeg"}],"author":"creativebitsolutions","twitter_card":"summary_large_image","twitter_misc":{"Written by":"creativebitsolutions","Estimated reading time":"2 minutes"},"schema":{"@context":"https:\/\/schema.org","@graph":[{"@type":"Article","@id":"https:\/\/carpathiacenter.ro\/burduja-inca-20-mw-pentru-energia-romaniei-din-pnrr-o-confirmare-ca-banii-europeni-pot-fi-folositi-cu-cap\/#article","isPartOf":{"@id":"https:\/\/carpathiacenter.ro\/burduja-inca-20-mw-pentru-energia-romaniei-din-pnrr-o-confirmare-ca-banii-europeni-pot-fi-folositi-cu-cap\/"},"author":{"name":"creativebitsolutions","@id":"https:\/\/carpathiacenter.ro\/#\/schema\/person\/03d9f58202fee8379268f34afa195006"},"headline":"Burduja: \u00cenc\u0103 20 MW pentru energia Rom\u00e2niei, din PNRR; o confirmare c\u0103 banii europeni pot fi folosi\u021bi cu cap","datePublished":"2025-04-10T07:33:06+00:00","mainEntityOfPage":{"@id":"https:\/\/carpathiacenter.ro\/burduja-inca-20-mw-pentru-energia-romaniei-din-pnrr-o-confirmare-ca-banii-europeni-pot-fi-folositi-cu-cap\/"},"wordCount":486,"commentCount":0,"publisher":{"@id":"https:\/\/carpathiacenter.ro\/#organization"},"image":{"@id":"https:\/\/carpathiacenter.ro\/burduja-inca-20-mw-pentru-energia-romaniei-din-pnrr-o-confirmare-ca-banii-europeni-pot-fi-folositi-cu-cap\/#primaryimage"},"thumbnailUrl":"https:\/\/carpathiacenter.ro\/wp-content\/uploads\/2025\/04\/parc-fotovoltaic.jpg","articleSection":["Uncategorized"],"inLanguage":"en-GB","potentialAction":[{"@type":"CommentAction","name":"Comment","target":["https:\/\/carpathiacenter.ro\/burduja-inca-20-mw-pentru-energia-romaniei-din-pnrr-o-confirmare-ca-banii-europeni-pot-fi-folositi-cu-cap\/#respond"]}]},{"@type":"WebPage","@id":"https:\/\/carpathiacenter.ro\/burduja-inca-20-mw-pentru-energia-romaniei-din-pnrr-o-confirmare-ca-banii-europeni-pot-fi-folositi-cu-cap\/","url":"https:\/\/carpathiacenter.ro\/burduja-inca-20-mw-pentru-energia-romaniei-din-pnrr-o-confirmare-ca-banii-europeni-pot-fi-folositi-cu-cap\/","name":"Burduja: \u00cenc\u0103 20 MW pentru energia Rom\u00e2niei, din PNRR; o confirmare c\u0103 banii europeni pot fi folosi\u021bi cu cap - Carpathia Center Romania","isPartOf":{"@id":"https:\/\/carpathiacenter.ro\/#website"},"primaryImageOfPage":{"@id":"https:\/\/carpathiacenter.ro\/burduja-inca-20-mw-pentru-energia-romaniei-din-pnrr-o-confirmare-ca-banii-europeni-pot-fi-folositi-cu-cap\/#primaryimage"},"image":{"@id":"https:\/\/carpathiacenter.ro\/burduja-inca-20-mw-pentru-energia-romaniei-din-pnrr-o-confirmare-ca-banii-europeni-pot-fi-folositi-cu-cap\/#primaryimage"},"thumbnailUrl":"https:\/\/carpathiacenter.ro\/wp-content\/uploads\/2025\/04\/parc-fotovoltaic.jpg","datePublished":"2025-04-10T07:33:06+00:00","breadcrumb":{"@id":"https:\/\/carpathiacenter.ro\/burduja-inca-20-mw-pentru-energia-romaniei-din-pnrr-o-confirmare-ca-banii-europeni-pot-fi-folositi-cu-cap\/#breadcrumb"},"inLanguage":"en-GB","potentialAction":[{"@type":"ReadAction","target":["https:\/\/carpathiacenter.ro\/burduja-inca-20-mw-pentru-energia-romaniei-din-pnrr-o-confirmare-ca-banii-europeni-pot-fi-folositi-cu-cap\/"]}]},{"@type":"ImageObject","inLanguage":"en-GB","@id":"https:\/\/carpathiacenter.ro\/burduja-inca-20-mw-pentru-energia-romaniei-din-pnrr-o-confirmare-ca-banii-europeni-pot-fi-folositi-cu-cap\/#primaryimage","url":"https:\/\/carpathiacenter.ro\/wp-content\/uploads\/2025\/04\/parc-fotovoltaic.jpg","contentUrl":"https:\/\/carpathiacenter.ro\/wp-content\/uploads\/2025\/04\/parc-fotovoltaic.jpg","width":640,"height":360},{"@type":"BreadcrumbList","@id":"https:\/\/carpathiacenter.ro\/burduja-inca-20-mw-pentru-energia-romaniei-din-pnrr-o-confirmare-ca-banii-europeni-pot-fi-folositi-cu-cap\/#breadcrumb","itemListElement":[{"@type":"ListItem","position":1,"name":"Prima pagin\u0103","item":"https:\/\/carpathiacenter.ro\/"},{"@type":"ListItem","position":2,"name":"Burduja: \u00cenc\u0103 20 MW pentru energia Rom\u00e2niei, din PNRR; o confirmare c\u0103 banii europeni pot fi folosi\u021bi cu cap"}]},{"@type":"WebSite","@id":"https:\/\/carpathiacenter.ro\/#website","url":"https:\/\/carpathiacenter.ro\/","name":"Carpathia Center Romania","description":"Impossible made possible!","publisher":{"@id":"https:\/\/carpathiacenter.ro\/#organization"},"potentialAction":[{"@type":"SearchAction","target":{"@type":"EntryPoint","urlTemplate":"https:\/\/carpathiacenter.ro\/?s={search_term_string}"},"query-input":{"@type":"PropertyValueSpecification","valueRequired":true,"valueName":"search_term_string"}}],"inLanguage":"en-GB"},{"@type":"Organization","@id":"https:\/\/carpathiacenter.ro\/#organization","name":"Carpathia Center Romania","url":"https:\/\/carpathiacenter.ro\/","logo":{"@type":"ImageObject","inLanguage":"en-GB","@id":"https:\/\/carpathiacenter.ro\/#\/schema\/logo\/image\/","url":"https:\/\/carpathiacenter.ro\/wp-content\/uploads\/2024\/07\/logo-carpathia_bg_white-1024x941.png","contentUrl":"https:\/\/carpathiacenter.ro\/wp-content\/uploads\/2024\/07\/logo-carpathia_bg_white-1024x941.png","width":1024,"height":941,"caption":"Carpathia Center Romania"},"image":{"@id":"https:\/\/carpathiacenter.ro\/#\/schema\/logo\/image\/"},"sameAs":["https:\/\/www.facebook.com\/fdpscarpathia\/"]},{"@type":"Person","@id":"https:\/\/carpathiacenter.ro\/#\/schema\/person\/03d9f58202fee8379268f34afa195006","name":"creativebitsolutions","image":{"@type":"ImageObject","inLanguage":"en-GB","@id":"https:\/\/carpathiacenter.ro\/#\/schema\/person\/image\/","url":"https:\/\/secure.gravatar.com\/avatar\/1b1a13e37f847c635dab78348f1dff2f07651ee2a3d77a5c355a4b8c75f9165a?s=96&d=mm&r=g","contentUrl":"https:\/\/secure.gravatar.com\/avatar\/1b1a13e37f847c635dab78348f1dff2f07651ee2a3d77a5c355a4b8c75f9165a?s=96&d=mm&r=g","caption":"creativebitsolutions"},"url":"https:\/\/carpathiacenter.ro\/en\/author\/creativebitsolutions\/"}]}},"_links":{"self":[{"href":"https:\/\/carpathiacenter.ro\/en\/wp-json\/wp\/v2\/posts\/2172","targetHints":{"allow":["GET"]}}],"collection":[{"href":"https:\/\/carpathiacenter.ro\/en\/wp-json\/wp\/v2\/posts"}],"about":[{"href":"https:\/\/carpathiacenter.ro\/en\/wp-json\/wp\/v2\/types\/post"}],"author":[{"embeddable":true,"href":"https:\/\/carpathiacenter.ro\/en\/wp-json\/wp\/v2\/users\/4"}],"replies":[{"embeddable":true,"href":"https:\/\/carpathiacenter.ro\/en\/wp-json\/wp\/v2\/comments?post=2172"}],"version-history":[{"count":1,"href":"https:\/\/carpathiacenter.ro\/en\/wp-json\/wp\/v2\/posts\/2172\/revisions"}],"predecessor-version":[{"id":2174,"href":"https:\/\/carpathiacenter.ro\/en\/wp-json\/wp\/v2\/posts\/2172\/revisions\/2174"}],"wp:featuredmedia":[{"embeddable":true,"href":"https:\/\/carpathiacenter.ro\/en\/wp-json\/wp\/v2\/media\/2173"}],"wp:attachment":[{"href":"https:\/\/carpathiacenter.ro\/en\/wp-json\/wp\/v2\/media?parent=2172"}],"wp:term":[{"taxonomy":"category","embeddable":true,"href":"https:\/\/carpathiacenter.ro\/en\/wp-json\/wp\/v2\/categories?post=2172"},{"taxonomy":"post_tag","embeddable":true,"href":"https:\/\/carpathiacenter.ro\/en\/wp-json\/wp\/v2\/tags?post=2172"}],"curies":[{"name":"wp","href":"https:\/\/api.w.org\/{rel}","templated":true}]}}