{"id":2167,"date":"2025-04-10T07:28:13","date_gmt":"2025-04-10T07:28:13","guid":{"rendered":"https:\/\/carpathiacenter.ro\/?p=2167"},"modified":"2025-04-10T07:30:42","modified_gmt":"2025-04-10T07:30:42","slug":"fechet-arderi-deseuri-in-cazuri-precum-sintesti-nu-e-suficienta-plangerea-penala-cred-in-reintegrarea-comunitatilor-vulnerabile","status":"publish","type":"post","link":"https:\/\/carpathiacenter.ro\/en\/fechet-arderi-deseuri-in-cazuri-precum-sintesti-nu-e-suficienta-plangerea-penala-cred-in-reintegrarea-comunitatilor-vulnerabile\/","title":{"rendered":"Fechet &#8211; arderi de\u0219euri: \u00cen cazuri precum Sinte\u0219ti nu e suficient\u0103 pl\u00e2ngerea penal\u0103; cred \u00een reintegrarea comunit\u0103\u021bilor vulnerabile"},"content":{"rendered":"<div class=\"mx-auto pt-3\">\n<p>Ministrul Mediului, Mircea Fechet, a afirmat miercuri c\u0103 \u00een cazul comunit\u0103\u021bilor vulnerabile \u00een care se ard de\u0219euri nu este suficient\u0103 o pl\u00e2ngere penal\u0103, ci sunt necesare &#8216;solu\u021bii serioase&#8217;, inclusiv m\u0103suri de reintegrare.<\/p>\n<p>&#8216;Eu cred c\u0103, cel pu\u021bin \u00een leg\u0103tur\u0103 cu ceea ce se \u00eent\u00e2mpl\u0103 \u00een vecin\u0103tatea Bucure\u0219tiului, la Sinte\u0219ti, mai exact, unde am participat la vreo dou\u0103 ac\u021biuni de combatere a acelui fenomen, cred c\u0103 nu e suficient\u0103 pl\u00e2ngerea penal\u0103 \u0219i nu e suficient dosarul penal. De altfel, Garda de Mediu a f\u0103cut un alt lucru nemaiauzit sau nemai\u00eent\u00e2mplat \u00een Rom\u00e2nia, a f\u0103cut pl\u00e2ngere penal\u0103 pentru toat\u0103 comunitatea. Cu alte cuvinte, nu mai conta dac\u0103 are sau nu de\u0219euri \u00een propria ograd\u0103, era &#8216;beneficiarul&#8217; unei astfel de pl\u00e2ngeri penale. Nu m\u0103 mir c\u0103 nu s-a mai \u00eent\u00e2mplat nimic cu acea pl\u00e2ngere penal\u0103, \u00eens\u0103 eu cred \u00een solu\u021bii serioase&#8217;, a declarat ministrul, \u00een cadrul unei conferin\u021be de pres\u0103, la Palatul Victoria.<\/p>\n<p>&nbsp;<\/p>\n<p><iframe src=\"https:\/\/www.facebook.com\/plugins\/video.php?height=314&amp;href=https%3A%2F%2Fwww.facebook.com%2FMediu.Romania%2Fvideos%2F1427308874819326%2F&amp;show_text=false&amp;width=560&amp;t=0\" width=\"560\" height=\"314\" style=\"border:none;overflow:hidden\" scrolling=\"no\" frameborder=\"0\" allowfullscreen=\"true\" allow=\"autoplay; clipboard-write; encrypted-media; picture-in-picture; web-share\"><\/iframe><\/p>\n<p>El a pledat pentru reintegrarea comunit\u0103\u021bilor vulnerabile \u0219i o bun\u0103 coordonare a institu\u021biilor statului rom\u00e2n, men\u021bion\u00e2nd c\u0103 \u00een acele comunit\u0103\u021bi nu se \u00eent\u00e2lnesc doar probleme de mediu, ci \u0219i de crim\u0103 organizat\u0103 sau de exploatare de minori.<\/p>\n<p>&#8216;Cred \u00een reintegrarea acelor comunit\u0103\u021bi vulnerabile. Cred \u00eentr-o bun\u0103 coordonare a institu\u021biilor statului rom\u00e2n, pentru c\u0103 acolo nu e doar o problem\u0103 de mediu, e o problem\u0103 de crim\u0103 organizat\u0103, e o problem\u0103 de exploatare de minori, e o problem\u0103 de evaziune fiscal\u0103 \u0219i probabil a\u0219 mai putea \u00een\u0219ira alte fapte extrem de grave ce nu au nevoie de noi prevederi \u00een Codul penal. Cred c\u0103 sunt arhisuficiente cele existente. \u00cens\u0103, \u00een calitate de ministru al Mediului, orice \u00een\u0103sprire a pedepselor \u00een leg\u0103tur\u0103 cu poluarea aerului, apei sau a solului nu poate dec\u00e2t s\u0103 m\u0103 bucure&#8217;, a transmis Fechet.<\/p>\n<p>Potrivit ministrului, fenomenul arderilor ilegale se \u00eent\u00e2lne\u0219te nu doar \u00een jurul Bucure\u0219tiului, ci &#8216;\u00een multe alte locuri&#8217; din \u021bar\u0103.<\/p>\n<p>&#8216;Nu doar \u00een jurul Bucure\u0219tiului, ci \u00een multe alte locuri din Rom\u00e2nia, fie c\u0103 ne referim la jude\u021bul Dolj, fie c\u0103 ne referim la jude\u021bul Giurgiu, fie la jude\u021bul C\u0103l\u0103ra\u0219i \u0219i \u00een multe jude\u021be, nici nu a\u0219 exemplifica, exist\u0103 \u00een continuare acest fenomen al arderilor ilegale. Am \u00eencercat \u0219i \u00een trecut cu pl\u00e2ngeri penale, cu dosare penale. Nu am cuno\u0219tin\u021b\u0103 de vreun astfel de proces penal care s\u0103 se fi finalizat cu o eventual\u0103 condamnare&#8217;, a precizat Mircea Fechet. AGERPRES\/(A &#8211; redactor: Irinela Vi\u0219an, editor: Claudia St\u0103nescu, editor online: Adrian D\u0103d\u00e2rlat)<br \/>\n<br \/>\nSursa articolului:<a href=\"https:\/\/agerpres.ro\/social\/2025\/04\/09\/fechet---arderi-deseuri-in-cazuri-precum-sintesti-nu-e-suficienta-plangerea-penala-cred-in-reintegra--1439174\" target=\"_blank\" rel=\"noopener\" title=\"\">https:\/\/agerpres.ro\/social\/2025\/04\/09\/fechet&#8212;arderi-deseuri-in-cazuri-precum-sintesti-nu-e-suficienta-plangerea-penala-cred-in-reintegra&#8211;1439174<\/a>\n<\/p>\n<\/p><\/div>","protected":false},"excerpt":{"rendered":"<p>Ministrul Mediului, Mircea Fechet, a afirmat miercuri c\u0103 \u00een cazul comunit\u0103\u021bilor vulnerabile \u00een care se ard de\u0219euri nu este suficient\u0103 o pl\u00e2ngere penal\u0103, ci sunt necesare &#8216;solu\u021bii serioase&#8217;, inclusiv m\u0103suri de reintegrare. &#8216;Eu cred c\u0103, cel pu\u021bin \u00een leg\u0103tur\u0103 cu ceea ce se \u00eent\u00e2mpl\u0103 \u00een vecin\u0103tatea Bucure\u0219tiului, la Sinte\u0219ti, mai exact, unde am participat la&#8230;<\/p>","protected":false},"author":4,"featured_media":2169,"comment_status":"open","ping_status":"open","sticky":false,"template":"","format":"standard","meta":{"footnotes":""},"categories":[1],"tags":[],"class_list":["post-2167","post","type-post","status-publish","format-standard","has-post-thumbnail","hentry","category-uncategorized"],"yoast_head":"<!-- This site is optimized with the Yoast SEO plugin v26.1.1 - https:\/\/yoast.com\/wordpress\/plugins\/seo\/ -->\n<title>Fechet - arderi de\u0219euri: \u00cen cazuri precum Sinte\u0219ti nu e suficient\u0103 pl\u00e2ngerea penal\u0103; cred \u00een reintegrarea comunit\u0103\u021bilor vulnerabile - Carpathia Center Romania<\/title>\n<meta name=\"robots\" content=\"index, follow, max-snippet:-1, max-image-preview:large, max-video-preview:-1\" \/>\n<link rel=\"canonical\" href=\"https:\/\/carpathiacenter.ro\/en\/fechet-arderi-deseuri-in-cazuri-precum-sintesti-nu-e-suficienta-plangerea-penala-cred-in-reintegrarea-comunitatilor-vulnerabile\/\" \/>\n<meta property=\"og:locale\" content=\"en_GB\" \/>\n<meta property=\"og:type\" content=\"article\" \/>\n<meta property=\"og:title\" content=\"Fechet - arderi de\u0219euri: \u00cen cazuri precum Sinte\u0219ti nu e suficient\u0103 pl\u00e2ngerea penal\u0103; cred \u00een reintegrarea comunit\u0103\u021bilor vulnerabile - Carpathia Center Romania\" \/>\n<meta property=\"og:description\" content=\"Ministrul Mediului, Mircea Fechet, a afirmat miercuri c\u0103 \u00een cazul comunit\u0103\u021bilor vulnerabile \u00een care se ard de\u0219euri nu este suficient\u0103 o pl\u00e2ngere penal\u0103, ci sunt necesare &#8216;solu\u021bii serioase&#8217;, inclusiv m\u0103suri de reintegrare. &#8216;Eu cred c\u0103, cel pu\u021bin \u00een leg\u0103tur\u0103 cu ceea ce se \u00eent\u00e2mpl\u0103 \u00een vecin\u0103tatea Bucure\u0219tiului, la Sinte\u0219ti, mai exact, unde am participat la...\" \/>\n<meta property=\"og:url\" content=\"https:\/\/carpathiacenter.ro\/en\/fechet-arderi-deseuri-in-cazuri-precum-sintesti-nu-e-suficienta-plangerea-penala-cred-in-reintegrarea-comunitatilor-vulnerabile\/\" \/>\n<meta property=\"og:site_name\" content=\"Carpathia Center Romania\" \/>\n<meta property=\"article:publisher\" content=\"https:\/\/www.facebook.com\/fdpscarpathia\/\" \/>\n<meta property=\"article:published_time\" content=\"2025-04-10T07:28:13+00:00\" \/>\n<meta property=\"article:modified_time\" content=\"2025-04-10T07:30:42+00:00\" \/>\n<meta property=\"og:image\" content=\"https:\/\/carpathiacenter.ro\/wp-content\/uploads\/2025\/04\/Mircea-fechet.jpg\" \/>\n\t<meta property=\"og:image:width\" content=\"600\" \/>\n\t<meta property=\"og:image:height\" content=\"400\" \/>\n\t<meta property=\"og:image:type\" content=\"image\/jpeg\" \/>\n<meta name=\"author\" content=\"creativebitsolutions\" \/>\n<meta name=\"twitter:card\" content=\"summary_large_image\" \/>\n<meta name=\"twitter:label1\" content=\"Written by\" \/>\n\t<meta name=\"twitter:data1\" content=\"creativebitsolutions\" \/>\n\t<meta name=\"twitter:label2\" content=\"Estimated reading time\" \/>\n\t<meta name=\"twitter:data2\" content=\"2 minutes\" \/>\n<script type=\"application\/ld+json\" class=\"yoast-schema-graph\">{\"@context\":\"https:\/\/schema.org\",\"@graph\":[{\"@type\":\"Article\",\"@id\":\"https:\/\/carpathiacenter.ro\/fechet-arderi-deseuri-in-cazuri-precum-sintesti-nu-e-suficienta-plangerea-penala-cred-in-reintegrarea-comunitatilor-vulnerabile\/#article\",\"isPartOf\":{\"@id\":\"https:\/\/carpathiacenter.ro\/fechet-arderi-deseuri-in-cazuri-precum-sintesti-nu-e-suficienta-plangerea-penala-cred-in-reintegrarea-comunitatilor-vulnerabile\/\"},\"author\":{\"name\":\"creativebitsolutions\",\"@id\":\"https:\/\/carpathiacenter.ro\/#\/schema\/person\/03d9f58202fee8379268f34afa195006\"},\"headline\":\"Fechet &#8211; arderi de\u0219euri: \u00cen cazuri precum Sinte\u0219ti nu e suficient\u0103 pl\u00e2ngerea penal\u0103; cred \u00een reintegrarea comunit\u0103\u021bilor vulnerabile\",\"datePublished\":\"2025-04-10T07:28:13+00:00\",\"dateModified\":\"2025-04-10T07:30:42+00:00\",\"mainEntityOfPage\":{\"@id\":\"https:\/\/carpathiacenter.ro\/fechet-arderi-deseuri-in-cazuri-precum-sintesti-nu-e-suficienta-plangerea-penala-cred-in-reintegrarea-comunitatilor-vulnerabile\/\"},\"wordCount\":484,\"commentCount\":0,\"publisher\":{\"@id\":\"https:\/\/carpathiacenter.ro\/#organization\"},\"image\":{\"@id\":\"https:\/\/carpathiacenter.ro\/fechet-arderi-deseuri-in-cazuri-precum-sintesti-nu-e-suficienta-plangerea-penala-cred-in-reintegrarea-comunitatilor-vulnerabile\/#primaryimage\"},\"thumbnailUrl\":\"https:\/\/carpathiacenter.ro\/wp-content\/uploads\/2025\/04\/Mircea-fechet.jpg\",\"articleSection\":[\"Uncategorized\"],\"inLanguage\":\"en-GB\",\"potentialAction\":[{\"@type\":\"CommentAction\",\"name\":\"Comment\",\"target\":[\"https:\/\/carpathiacenter.ro\/fechet-arderi-deseuri-in-cazuri-precum-sintesti-nu-e-suficienta-plangerea-penala-cred-in-reintegrarea-comunitatilor-vulnerabile\/#respond\"]}]},{\"@type\":\"WebPage\",\"@id\":\"https:\/\/carpathiacenter.ro\/fechet-arderi-deseuri-in-cazuri-precum-sintesti-nu-e-suficienta-plangerea-penala-cred-in-reintegrarea-comunitatilor-vulnerabile\/\",\"url\":\"https:\/\/carpathiacenter.ro\/fechet-arderi-deseuri-in-cazuri-precum-sintesti-nu-e-suficienta-plangerea-penala-cred-in-reintegrarea-comunitatilor-vulnerabile\/\",\"name\":\"Fechet - arderi de\u0219euri: \u00cen cazuri precum Sinte\u0219ti nu e suficient\u0103 pl\u00e2ngerea penal\u0103; cred \u00een reintegrarea comunit\u0103\u021bilor vulnerabile - Carpathia Center Romania\",\"isPartOf\":{\"@id\":\"https:\/\/carpathiacenter.ro\/#website\"},\"primaryImageOfPage\":{\"@id\":\"https:\/\/carpathiacenter.ro\/fechet-arderi-deseuri-in-cazuri-precum-sintesti-nu-e-suficienta-plangerea-penala-cred-in-reintegrarea-comunitatilor-vulnerabile\/#primaryimage\"},\"image\":{\"@id\":\"https:\/\/carpathiacenter.ro\/fechet-arderi-deseuri-in-cazuri-precum-sintesti-nu-e-suficienta-plangerea-penala-cred-in-reintegrarea-comunitatilor-vulnerabile\/#primaryimage\"},\"thumbnailUrl\":\"https:\/\/carpathiacenter.ro\/wp-content\/uploads\/2025\/04\/Mircea-fechet.jpg\",\"datePublished\":\"2025-04-10T07:28:13+00:00\",\"dateModified\":\"2025-04-10T07:30:42+00:00\",\"breadcrumb\":{\"@id\":\"https:\/\/carpathiacenter.ro\/fechet-arderi-deseuri-in-cazuri-precum-sintesti-nu-e-suficienta-plangerea-penala-cred-in-reintegrarea-comunitatilor-vulnerabile\/#breadcrumb\"},\"inLanguage\":\"en-GB\",\"potentialAction\":[{\"@type\":\"ReadAction\",\"target\":[\"https:\/\/carpathiacenter.ro\/fechet-arderi-deseuri-in-cazuri-precum-sintesti-nu-e-suficienta-plangerea-penala-cred-in-reintegrarea-comunitatilor-vulnerabile\/\"]}]},{\"@type\":\"ImageObject\",\"inLanguage\":\"en-GB\",\"@id\":\"https:\/\/carpathiacenter.ro\/fechet-arderi-deseuri-in-cazuri-precum-sintesti-nu-e-suficienta-plangerea-penala-cred-in-reintegrarea-comunitatilor-vulnerabile\/#primaryimage\",\"url\":\"https:\/\/carpathiacenter.ro\/wp-content\/uploads\/2025\/04\/Mircea-fechet.jpg\",\"contentUrl\":\"https:\/\/carpathiacenter.ro\/wp-content\/uploads\/2025\/04\/Mircea-fechet.jpg\",\"width\":600,\"height\":400},{\"@type\":\"BreadcrumbList\",\"@id\":\"https:\/\/carpathiacenter.ro\/fechet-arderi-deseuri-in-cazuri-precum-sintesti-nu-e-suficienta-plangerea-penala-cred-in-reintegrarea-comunitatilor-vulnerabile\/#breadcrumb\",\"itemListElement\":[{\"@type\":\"ListItem\",\"position\":1,\"name\":\"Prima pagin\u0103\",\"item\":\"https:\/\/carpathiacenter.ro\/\"},{\"@type\":\"ListItem\",\"position\":2,\"name\":\"Fechet &#8211; arderi de\u0219euri: \u00cen cazuri precum Sinte\u0219ti nu e suficient\u0103 pl\u00e2ngerea penal\u0103; cred \u00een reintegrarea comunit\u0103\u021bilor vulnerabile\"}]},{\"@type\":\"WebSite\",\"@id\":\"https:\/\/carpathiacenter.ro\/#website\",\"url\":\"https:\/\/carpathiacenter.ro\/\",\"name\":\"Carpathia Center Romania\",\"description\":\"Impossible made possible!\",\"publisher\":{\"@id\":\"https:\/\/carpathiacenter.ro\/#organization\"},\"potentialAction\":[{\"@type\":\"SearchAction\",\"target\":{\"@type\":\"EntryPoint\",\"urlTemplate\":\"https:\/\/carpathiacenter.ro\/?s={search_term_string}\"},\"query-input\":{\"@type\":\"PropertyValueSpecification\",\"valueRequired\":true,\"valueName\":\"search_term_string\"}}],\"inLanguage\":\"en-GB\"},{\"@type\":\"Organization\",\"@id\":\"https:\/\/carpathiacenter.ro\/#organization\",\"name\":\"Carpathia Center Romania\",\"url\":\"https:\/\/carpathiacenter.ro\/\",\"logo\":{\"@type\":\"ImageObject\",\"inLanguage\":\"en-GB\",\"@id\":\"https:\/\/carpathiacenter.ro\/#\/schema\/logo\/image\/\",\"url\":\"https:\/\/carpathiacenter.ro\/wp-content\/uploads\/2024\/07\/logo-carpathia_bg_white-1024x941.png\",\"contentUrl\":\"https:\/\/carpathiacenter.ro\/wp-content\/uploads\/2024\/07\/logo-carpathia_bg_white-1024x941.png\",\"width\":1024,\"height\":941,\"caption\":\"Carpathia Center Romania\"},\"image\":{\"@id\":\"https:\/\/carpathiacenter.ro\/#\/schema\/logo\/image\/\"},\"sameAs\":[\"https:\/\/www.facebook.com\/fdpscarpathia\/\"]},{\"@type\":\"Person\",\"@id\":\"https:\/\/carpathiacenter.ro\/#\/schema\/person\/03d9f58202fee8379268f34afa195006\",\"name\":\"creativebitsolutions\",\"image\":{\"@type\":\"ImageObject\",\"inLanguage\":\"en-GB\",\"@id\":\"https:\/\/carpathiacenter.ro\/#\/schema\/person\/image\/\",\"url\":\"https:\/\/secure.gravatar.com\/avatar\/1b1a13e37f847c635dab78348f1dff2f07651ee2a3d77a5c355a4b8c75f9165a?s=96&d=mm&r=g\",\"contentUrl\":\"https:\/\/secure.gravatar.com\/avatar\/1b1a13e37f847c635dab78348f1dff2f07651ee2a3d77a5c355a4b8c75f9165a?s=96&d=mm&r=g\",\"caption\":\"creativebitsolutions\"},\"url\":\"https:\/\/carpathiacenter.ro\/en\/author\/creativebitsolutions\/\"}]}<\/script>\n<!-- \/ Yoast SEO plugin. -->","yoast_head_json":{"title":"Fechet - arderi de\u0219euri: \u00cen cazuri precum Sinte\u0219ti nu e suficient\u0103 pl\u00e2ngerea penal\u0103; cred \u00een reintegrarea comunit\u0103\u021bilor vulnerabile - Carpathia Center Romania","robots":{"index":"index","follow":"follow","max-snippet":"max-snippet:-1","max-image-preview":"max-image-preview:large","max-video-preview":"max-video-preview:-1"},"canonical":"https:\/\/carpathiacenter.ro\/en\/fechet-arderi-deseuri-in-cazuri-precum-sintesti-nu-e-suficienta-plangerea-penala-cred-in-reintegrarea-comunitatilor-vulnerabile\/","og_locale":"en_GB","og_type":"article","og_title":"Fechet - arderi de\u0219euri: \u00cen cazuri precum Sinte\u0219ti nu e suficient\u0103 pl\u00e2ngerea penal\u0103; cred \u00een reintegrarea comunit\u0103\u021bilor vulnerabile - Carpathia Center Romania","og_description":"Ministrul Mediului, Mircea Fechet, a afirmat miercuri c\u0103 \u00een cazul comunit\u0103\u021bilor vulnerabile \u00een care se ard de\u0219euri nu este suficient\u0103 o pl\u00e2ngere penal\u0103, ci sunt necesare &#8216;solu\u021bii serioase&#8217;, inclusiv m\u0103suri de reintegrare. &#8216;Eu cred c\u0103, cel pu\u021bin \u00een leg\u0103tur\u0103 cu ceea ce se \u00eent\u00e2mpl\u0103 \u00een vecin\u0103tatea Bucure\u0219tiului, la Sinte\u0219ti, mai exact, unde am participat la...","og_url":"https:\/\/carpathiacenter.ro\/en\/fechet-arderi-deseuri-in-cazuri-precum-sintesti-nu-e-suficienta-plangerea-penala-cred-in-reintegrarea-comunitatilor-vulnerabile\/","og_site_name":"Carpathia Center Romania","article_publisher":"https:\/\/www.facebook.com\/fdpscarpathia\/","article_published_time":"2025-04-10T07:28:13+00:00","article_modified_time":"2025-04-10T07:30:42+00:00","og_image":[{"width":600,"height":400,"url":"https:\/\/carpathiacenter.ro\/wp-content\/uploads\/2025\/04\/Mircea-fechet.jpg","type":"image\/jpeg"}],"author":"creativebitsolutions","twitter_card":"summary_large_image","twitter_misc":{"Written by":"creativebitsolutions","Estimated reading time":"2 minutes"},"schema":{"@context":"https:\/\/schema.org","@graph":[{"@type":"Article","@id":"https:\/\/carpathiacenter.ro\/fechet-arderi-deseuri-in-cazuri-precum-sintesti-nu-e-suficienta-plangerea-penala-cred-in-reintegrarea-comunitatilor-vulnerabile\/#article","isPartOf":{"@id":"https:\/\/carpathiacenter.ro\/fechet-arderi-deseuri-in-cazuri-precum-sintesti-nu-e-suficienta-plangerea-penala-cred-in-reintegrarea-comunitatilor-vulnerabile\/"},"author":{"name":"creativebitsolutions","@id":"https:\/\/carpathiacenter.ro\/#\/schema\/person\/03d9f58202fee8379268f34afa195006"},"headline":"Fechet &#8211; arderi de\u0219euri: \u00cen cazuri precum Sinte\u0219ti nu e suficient\u0103 pl\u00e2ngerea penal\u0103; cred \u00een reintegrarea comunit\u0103\u021bilor vulnerabile","datePublished":"2025-04-10T07:28:13+00:00","dateModified":"2025-04-10T07:30:42+00:00","mainEntityOfPage":{"@id":"https:\/\/carpathiacenter.ro\/fechet-arderi-deseuri-in-cazuri-precum-sintesti-nu-e-suficienta-plangerea-penala-cred-in-reintegrarea-comunitatilor-vulnerabile\/"},"wordCount":484,"commentCount":0,"publisher":{"@id":"https:\/\/carpathiacenter.ro\/#organization"},"image":{"@id":"https:\/\/carpathiacenter.ro\/fechet-arderi-deseuri-in-cazuri-precum-sintesti-nu-e-suficienta-plangerea-penala-cred-in-reintegrarea-comunitatilor-vulnerabile\/#primaryimage"},"thumbnailUrl":"https:\/\/carpathiacenter.ro\/wp-content\/uploads\/2025\/04\/Mircea-fechet.jpg","articleSection":["Uncategorized"],"inLanguage":"en-GB","potentialAction":[{"@type":"CommentAction","name":"Comment","target":["https:\/\/carpathiacenter.ro\/fechet-arderi-deseuri-in-cazuri-precum-sintesti-nu-e-suficienta-plangerea-penala-cred-in-reintegrarea-comunitatilor-vulnerabile\/#respond"]}]},{"@type":"WebPage","@id":"https:\/\/carpathiacenter.ro\/fechet-arderi-deseuri-in-cazuri-precum-sintesti-nu-e-suficienta-plangerea-penala-cred-in-reintegrarea-comunitatilor-vulnerabile\/","url":"https:\/\/carpathiacenter.ro\/fechet-arderi-deseuri-in-cazuri-precum-sintesti-nu-e-suficienta-plangerea-penala-cred-in-reintegrarea-comunitatilor-vulnerabile\/","name":"Fechet - arderi de\u0219euri: \u00cen cazuri precum Sinte\u0219ti nu e suficient\u0103 pl\u00e2ngerea penal\u0103; cred \u00een reintegrarea comunit\u0103\u021bilor vulnerabile - Carpathia Center Romania","isPartOf":{"@id":"https:\/\/carpathiacenter.ro\/#website"},"primaryImageOfPage":{"@id":"https:\/\/carpathiacenter.ro\/fechet-arderi-deseuri-in-cazuri-precum-sintesti-nu-e-suficienta-plangerea-penala-cred-in-reintegrarea-comunitatilor-vulnerabile\/#primaryimage"},"image":{"@id":"https:\/\/carpathiacenter.ro\/fechet-arderi-deseuri-in-cazuri-precum-sintesti-nu-e-suficienta-plangerea-penala-cred-in-reintegrarea-comunitatilor-vulnerabile\/#primaryimage"},"thumbnailUrl":"https:\/\/carpathiacenter.ro\/wp-content\/uploads\/2025\/04\/Mircea-fechet.jpg","datePublished":"2025-04-10T07:28:13+00:00","dateModified":"2025-04-10T07:30:42+00:00","breadcrumb":{"@id":"https:\/\/carpathiacenter.ro\/fechet-arderi-deseuri-in-cazuri-precum-sintesti-nu-e-suficienta-plangerea-penala-cred-in-reintegrarea-comunitatilor-vulnerabile\/#breadcrumb"},"inLanguage":"en-GB","potentialAction":[{"@type":"ReadAction","target":["https:\/\/carpathiacenter.ro\/fechet-arderi-deseuri-in-cazuri-precum-sintesti-nu-e-suficienta-plangerea-penala-cred-in-reintegrarea-comunitatilor-vulnerabile\/"]}]},{"@type":"ImageObject","inLanguage":"en-GB","@id":"https:\/\/carpathiacenter.ro\/fechet-arderi-deseuri-in-cazuri-precum-sintesti-nu-e-suficienta-plangerea-penala-cred-in-reintegrarea-comunitatilor-vulnerabile\/#primaryimage","url":"https:\/\/carpathiacenter.ro\/wp-content\/uploads\/2025\/04\/Mircea-fechet.jpg","contentUrl":"https:\/\/carpathiacenter.ro\/wp-content\/uploads\/2025\/04\/Mircea-fechet.jpg","width":600,"height":400},{"@type":"BreadcrumbList","@id":"https:\/\/carpathiacenter.ro\/fechet-arderi-deseuri-in-cazuri-precum-sintesti-nu-e-suficienta-plangerea-penala-cred-in-reintegrarea-comunitatilor-vulnerabile\/#breadcrumb","itemListElement":[{"@type":"ListItem","position":1,"name":"Prima pagin\u0103","item":"https:\/\/carpathiacenter.ro\/"},{"@type":"ListItem","position":2,"name":"Fechet &#8211; arderi de\u0219euri: \u00cen cazuri precum Sinte\u0219ti nu e suficient\u0103 pl\u00e2ngerea penal\u0103; cred \u00een reintegrarea comunit\u0103\u021bilor vulnerabile"}]},{"@type":"WebSite","@id":"https:\/\/carpathiacenter.ro\/#website","url":"https:\/\/carpathiacenter.ro\/","name":"Carpathia Center Romania","description":"Impossible made possible!","publisher":{"@id":"https:\/\/carpathiacenter.ro\/#organization"},"potentialAction":[{"@type":"SearchAction","target":{"@type":"EntryPoint","urlTemplate":"https:\/\/carpathiacenter.ro\/?s={search_term_string}"},"query-input":{"@type":"PropertyValueSpecification","valueRequired":true,"valueName":"search_term_string"}}],"inLanguage":"en-GB"},{"@type":"Organization","@id":"https:\/\/carpathiacenter.ro\/#organization","name":"Carpathia Center Romania","url":"https:\/\/carpathiacenter.ro\/","logo":{"@type":"ImageObject","inLanguage":"en-GB","@id":"https:\/\/carpathiacenter.ro\/#\/schema\/logo\/image\/","url":"https:\/\/carpathiacenter.ro\/wp-content\/uploads\/2024\/07\/logo-carpathia_bg_white-1024x941.png","contentUrl":"https:\/\/carpathiacenter.ro\/wp-content\/uploads\/2024\/07\/logo-carpathia_bg_white-1024x941.png","width":1024,"height":941,"caption":"Carpathia Center Romania"},"image":{"@id":"https:\/\/carpathiacenter.ro\/#\/schema\/logo\/image\/"},"sameAs":["https:\/\/www.facebook.com\/fdpscarpathia\/"]},{"@type":"Person","@id":"https:\/\/carpathiacenter.ro\/#\/schema\/person\/03d9f58202fee8379268f34afa195006","name":"creativebitsolutions","image":{"@type":"ImageObject","inLanguage":"en-GB","@id":"https:\/\/carpathiacenter.ro\/#\/schema\/person\/image\/","url":"https:\/\/secure.gravatar.com\/avatar\/1b1a13e37f847c635dab78348f1dff2f07651ee2a3d77a5c355a4b8c75f9165a?s=96&d=mm&r=g","contentUrl":"https:\/\/secure.gravatar.com\/avatar\/1b1a13e37f847c635dab78348f1dff2f07651ee2a3d77a5c355a4b8c75f9165a?s=96&d=mm&r=g","caption":"creativebitsolutions"},"url":"https:\/\/carpathiacenter.ro\/en\/author\/creativebitsolutions\/"}]}},"_links":{"self":[{"href":"https:\/\/carpathiacenter.ro\/en\/wp-json\/wp\/v2\/posts\/2167","targetHints":{"allow":["GET"]}}],"collection":[{"href":"https:\/\/carpathiacenter.ro\/en\/wp-json\/wp\/v2\/posts"}],"about":[{"href":"https:\/\/carpathiacenter.ro\/en\/wp-json\/wp\/v2\/types\/post"}],"author":[{"embeddable":true,"href":"https:\/\/carpathiacenter.ro\/en\/wp-json\/wp\/v2\/users\/4"}],"replies":[{"embeddable":true,"href":"https:\/\/carpathiacenter.ro\/en\/wp-json\/wp\/v2\/comments?post=2167"}],"version-history":[{"count":1,"href":"https:\/\/carpathiacenter.ro\/en\/wp-json\/wp\/v2\/posts\/2167\/revisions"}],"predecessor-version":[{"id":2170,"href":"https:\/\/carpathiacenter.ro\/en\/wp-json\/wp\/v2\/posts\/2167\/revisions\/2170"}],"wp:featuredmedia":[{"embeddable":true,"href":"https:\/\/carpathiacenter.ro\/en\/wp-json\/wp\/v2\/media\/2169"}],"wp:attachment":[{"href":"https:\/\/carpathiacenter.ro\/en\/wp-json\/wp\/v2\/media?parent=2167"}],"wp:term":[{"taxonomy":"category","embeddable":true,"href":"https:\/\/carpathiacenter.ro\/en\/wp-json\/wp\/v2\/categories?post=2167"},{"taxonomy":"post_tag","embeddable":true,"href":"https:\/\/carpathiacenter.ro\/en\/wp-json\/wp\/v2\/tags?post=2167"}],"curies":[{"name":"wp","href":"https:\/\/api.w.org\/{rel}","templated":true}]}}