{"id":2163,"date":"2025-04-09T11:16:57","date_gmt":"2025-04-09T11:16:57","guid":{"rendered":"https:\/\/carpathiacenter.ro\/?p=2163"},"modified":"2025-04-09T11:16:57","modified_gmt":"2025-04-09T11:16:57","slug":"prefectul-barabasi-antal-szabolcs-indicatorii-tehnico-economici-pentru-varianta-ocolitoare-a-targu-muresului-in-curs-de-aprobare","status":"publish","type":"post","link":"https:\/\/carpathiacenter.ro\/en\/prefectul-barabasi-antal-szabolcs-indicatorii-tehnico-economici-pentru-varianta-ocolitoare-a-targu-muresului-in-curs-de-aprobare\/","title":{"rendered":"Prefectul Barab\u00e1si Antal-Szabolcs: Indicatorii tehnico-economici pentru varianta ocolitoare a T\u00e2rgu Mure\u0219ului, \u00een curs de aprobare"},"content":{"rendered":"<p><strong>Prefectul jude\u021bului Mure\u0219, Barab\u00e1si Antal-Szabolcs, a declarat miercuri, \u00eentr-o conferin\u021b\u0103 de pres\u0103, c\u0103 indicatorii tehnico-economici pentru varianta ocolitoare a T\u00e2rgu Mure\u0219ului, pe rela\u021bia Corunca-Ernei, sunt \u00een curs de aprobare, iar p\u00e2n\u0103 la sf\u00e2r\u0219itul anului ar putea fi dat ordinul de \u00eencepere a lucr\u0103rilor.<\/strong><\/p>\n<p>&#8216;Am discutat, \u00eenainte s\u0103 fiu prefect, cu foarte mul\u021bi dintre cet\u0103\u021beni. Chiar este nevoie de varianta asta ocolitoare \u0219i trebuie s\u0103 v\u0103 spun c\u0103 la varianta T\u00e2rgu Mure\u0219, respectiv Corunca-Ernei, indicatorii tehnico-economici sunt \u00een curs de aprobare. Termenul estimat pentru Hot\u0103r\u00e2rea de Guvern va fi undeva \u00een iulie 2025. Tot a\u0219a, lansarea licita\u021biei de execu\u021bie, undeva \u00een august 2025, iar aici trebuie s\u0103 spun, dac\u0103 nu vor fi contesta\u021bii sau, m\u0103 rog, alte probleme, se semneaz\u0103 contractul undeva \u00een noiembrie 2025. Iar dac\u0103 totul decurge bine, p\u00e2n\u0103 la sf\u00e2r\u0219itul anului trebuie s\u0103 d\u0103m drumul la ordinul de \u00eencepere a lucr\u0103rilor&#8217;, a declarat Barab\u00e1si Antal-Szabolcs.<\/p>\n<p>Prefectul jude\u021bului Mure\u0219 a f\u0103cut referire la faptul c\u0103, \u00een luna octombrie 2024, Ministerul Transporturilor \u0219i Infrastructurii, \u00een calitate de autoritate de management pentru Programul Transport 2021-2027, \u0219i Compania Na\u021bional\u0103 de Administrare a Infrastructurii Rutiere (CNAIR) S.A., \u00een calitate de beneficiar al finan\u021b\u0103rii, au \u00eencheiat Contractului de Finan\u021bare nr. 49\/2024 pentru proiectul etapizat &#8216;Construc\u021bia Variantei de Ocolire T\u00e2rgu Mure\u0219&#8217;, proiectul cofinan\u021bat de Uniunea European\u0103 prin Fondul European de Dezvoltare Regional\u0103.<\/p>\n<p>Proiectul respectiv include construirea unei variante de ocolire cu o lungime de 11,643 kilometri, care va conecta drumurile na\u021bionale DN 13 \u0219i DN 15 pe varianta Corunca &#8211; Ernei, fiind prev\u0103zute dou\u0103 etape financiare, una \u00een valoarea total\u0103 de 86.262.879,02 lei \u0219i una cu valoarea de 257.397.934,82 lei. Termenul de finalizare este p\u00e2n\u0103 la 31 decembrie 2029.<\/p>\n<p>\u00cen cadrul primei conferin\u021be de pres\u0103 sus\u021binut\u0103 \u00een calitate de prefect al jude\u021bului Mure\u0219, Barab\u00e1si Antal-Szabolcs \u0219i-a prezentat principalele priorit\u0103\u021bi pe termen scurt, mediu \u0219i lung pentru dezvoltarea jude\u021bului.<\/p>\n<p>&#8216;Dup\u0103 o lun\u0103 de mandat, \u00een care am organizat echipa \u0219i fluxurile interne, am \u00eenceput s\u0103 centralizez principalele probleme \u0219i propuneri din jude\u021b, av\u00e2nd \u00eent\u00e2lniri cu primarii, \u0219efii de institu\u021bii \u0219i parteneri locali pentru a stabili priorit\u0103\u021bile. \u00cen acest scop am avut aproape 80 de \u00eent\u00e2lniri de lucru, \u00een medie 3-4 pe zi, pentru a ob\u021bine o imagine clar\u0103 asupra provoc\u0103rilor jude\u021bului. Pe termen scurt, prioritatea r\u0103m\u00e2ne buna desf\u0103\u0219urare a proceselor electorale \u0219i men\u021binerea ordinii publice. Printre planurile concrete pentru urm\u0103toarea perioad\u0103 se num\u0103r\u0103: mutarea Serviciului de Pa\u0219apoarte \u0219i \u00cenmatricul\u0103ri Auto \u00een cl\u0103direa Liceului de Chimie din T\u00e2rgu Mure\u0219; extinderea serviciilor de \u00eenmatriculare auto \u0219i eliberare permise \u00een Sighi\u0219oara \u0219i cre\u0219terea num\u0103rului de zile de func\u021bionare la Reghin; asigurarea transparen\u021bei \u00een activitatea Comisiei de Fond Funciar \u0219i clarificarea deciziilor privind retroced\u0103rile&#8217;, a ar\u0103tat prefectul jude\u021bului Mure\u0219.<\/p>\n<p>El a ar\u0103tat c\u0103, pe termen mediu, obiectivul mandatului s\u0103u este implementarea eficient\u0103 a proiectelor din programul de guvernare, cu prioritate pentru cele deja finan\u021bate, cum ar fi urm\u0103rirea realiz\u0103rii variantelor ocolitoare din Sighi\u0219oara, T\u00e2rgu Mure\u0219 \u0219i Reghin, supravegherea progresului autostr\u0103zii Unirii (A8) \u0219i monitorizarea programelor na\u021bionale de infrastructur\u0103 \u0219i asigurarea unei implement\u0103ri eficiente a proiectelor de dezvoltare local\u0103, inclusiv \u00een domeniul educa\u021bional \u0219i sportiv.<\/p>\n<p>Pe termen lung, a afirmat Barab\u00e1si Antal-Szabolcs, \u00ee\u0219i propune consolidarea coeziunii \u00eentre comunit\u0103\u021bile locale \u0219i promovarea dezvolt\u0103rii durabile, prin \u00eembun\u0103t\u0103\u021birea calit\u0103\u021bii serviciilor publice \u0219i crearea unui jude\u021b dinamic, competitiv \u0219i durabil, capabil s\u0103 fac\u0103 fa\u021b\u0103 provoc\u0103rilor economice \u0219i sociale.<\/p>\n<p>&#8216;\u00cen primele zile ale mandatului, am lucrat intens pentru analiza situa\u021biei administrative \u0219i pentru prioritizarea problemelor jude\u021bene. De asemenea, am men\u021binut un dialog constant cu autorit\u0103\u021bile locale \u0219i centrale, dar \u0219i cu actorii economici pentru a sprijini dezvoltarea jude\u021bului&#8217;, a mai spus prefectul Barab\u00e1si Antal-Szabolcs. AGERPRES \/ (A &#8211; redactor: Dorina Mati\u0219, editor: Marius Fr\u0103\u021bil\u0103, editor online: Simona Aru\u015ftei)<br \/>\nSursa articolului:<a href=\"https:\/\/agerpres.ro\/administratie\/2025\/04\/09\/prefectul-barab-si-antal-szabolcs-indicatorii-tehnico-economici-pentru-varianta-ocolitoare-a-targu-m--1438988\" target=\"_blank\" rel=\"noopener\" title=\"\">https:\/\/agerpres.ro\/administratie\/2025\/04\/09\/prefectul-barab-si-antal-szabolcs-indicatorii-tehnico-economici-pentru-varianta-ocolitoare-a-targu-m&#8211;1438988<\/a><\/p>","protected":false},"excerpt":{"rendered":"<p>Prefectul jude\u021bului Mure\u0219, Barab\u00e1si Antal-Szabolcs, a declarat miercuri, \u00eentr-o conferin\u021b\u0103 de pres\u0103, c\u0103 indicatorii tehnico-economici pentru varianta ocolitoare a T\u00e2rgu Mure\u0219ului, pe rela\u021bia Corunca-Ernei, sunt \u00een curs de aprobare, iar p\u00e2n\u0103 la sf\u00e2r\u0219itul anului ar putea fi dat ordinul de \u00eencepere a lucr\u0103rilor. &#8216;Am discutat, \u00eenainte s\u0103 fiu prefect, cu foarte mul\u021bi dintre cet\u0103\u021beni. Chiar&#8230;<\/p>","protected":false},"author":4,"featured_media":2164,"comment_status":"open","ping_status":"open","sticky":false,"template":"","format":"standard","meta":{"footnotes":""},"categories":[1],"tags":[],"class_list":["post-2163","post","type-post","status-publish","format-standard","has-post-thumbnail","hentry","category-uncategorized"],"yoast_head":"<!-- This site is optimized with the Yoast SEO plugin v26.1.1 - https:\/\/yoast.com\/wordpress\/plugins\/seo\/ -->\n<title>Prefectul Barab\u00e1si Antal-Szabolcs: Indicatorii tehnico-economici pentru varianta ocolitoare a T\u00e2rgu Mure\u0219ului, \u00een curs de aprobare - Carpathia Center Romania<\/title>\n<meta name=\"robots\" content=\"index, follow, max-snippet:-1, max-image-preview:large, max-video-preview:-1\" \/>\n<link rel=\"canonical\" href=\"https:\/\/carpathiacenter.ro\/en\/prefectul-barabasi-antal-szabolcs-indicatorii-tehnico-economici-pentru-varianta-ocolitoare-a-targu-muresului-in-curs-de-aprobare\/\" \/>\n<meta property=\"og:locale\" content=\"en_GB\" \/>\n<meta property=\"og:type\" content=\"article\" \/>\n<meta property=\"og:title\" content=\"Prefectul Barab\u00e1si Antal-Szabolcs: Indicatorii tehnico-economici pentru varianta ocolitoare a T\u00e2rgu Mure\u0219ului, \u00een curs de aprobare - Carpathia Center Romania\" \/>\n<meta property=\"og:description\" content=\"Prefectul jude\u021bului Mure\u0219, Barab\u00e1si Antal-Szabolcs, a declarat miercuri, \u00eentr-o conferin\u021b\u0103 de pres\u0103, c\u0103 indicatorii tehnico-economici pentru varianta ocolitoare a T\u00e2rgu Mure\u0219ului, pe rela\u021bia Corunca-Ernei, sunt \u00een curs de aprobare, iar p\u00e2n\u0103 la sf\u00e2r\u0219itul anului ar putea fi dat ordinul de \u00eencepere a lucr\u0103rilor. &#8216;Am discutat, \u00eenainte s\u0103 fiu prefect, cu foarte mul\u021bi dintre cet\u0103\u021beni. Chiar...\" \/>\n<meta property=\"og:url\" content=\"https:\/\/carpathiacenter.ro\/en\/prefectul-barabasi-antal-szabolcs-indicatorii-tehnico-economici-pentru-varianta-ocolitoare-a-targu-muresului-in-curs-de-aprobare\/\" \/>\n<meta property=\"og:site_name\" content=\"Carpathia Center Romania\" \/>\n<meta property=\"article:publisher\" content=\"https:\/\/www.facebook.com\/fdpscarpathia\/\" \/>\n<meta property=\"article:published_time\" content=\"2025-04-09T11:16:57+00:00\" \/>\n<meta property=\"og:image\" content=\"https:\/\/carpathiacenter.ro\/wp-content\/uploads\/2025\/04\/Barabasi-Antal-Szabolcs.jpg\" \/>\n\t<meta property=\"og:image:width\" content=\"800\" \/>\n\t<meta property=\"og:image:height\" content=\"450\" \/>\n\t<meta property=\"og:image:type\" content=\"image\/jpeg\" \/>\n<meta name=\"author\" content=\"creativebitsolutions\" \/>\n<meta name=\"twitter:card\" content=\"summary_large_image\" \/>\n<meta name=\"twitter:label1\" content=\"Written by\" \/>\n\t<meta name=\"twitter:data1\" content=\"creativebitsolutions\" \/>\n\t<meta name=\"twitter:label2\" content=\"Estimated reading time\" \/>\n\t<meta name=\"twitter:data2\" content=\"3 minutes\" \/>\n<script type=\"application\/ld+json\" class=\"yoast-schema-graph\">{\"@context\":\"https:\/\/schema.org\",\"@graph\":[{\"@type\":\"Article\",\"@id\":\"https:\/\/carpathiacenter.ro\/prefectul-barabasi-antal-szabolcs-indicatorii-tehnico-economici-pentru-varianta-ocolitoare-a-targu-muresului-in-curs-de-aprobare\/#article\",\"isPartOf\":{\"@id\":\"https:\/\/carpathiacenter.ro\/prefectul-barabasi-antal-szabolcs-indicatorii-tehnico-economici-pentru-varianta-ocolitoare-a-targu-muresului-in-curs-de-aprobare\/\"},\"author\":{\"name\":\"creativebitsolutions\",\"@id\":\"https:\/\/carpathiacenter.ro\/#\/schema\/person\/03d9f58202fee8379268f34afa195006\"},\"headline\":\"Prefectul Barab\u00e1si Antal-Szabolcs: Indicatorii tehnico-economici pentru varianta ocolitoare a T\u00e2rgu Mure\u0219ului, \u00een curs de aprobare\",\"datePublished\":\"2025-04-09T11:16:57+00:00\",\"mainEntityOfPage\":{\"@id\":\"https:\/\/carpathiacenter.ro\/prefectul-barabasi-antal-szabolcs-indicatorii-tehnico-economici-pentru-varianta-ocolitoare-a-targu-muresului-in-curs-de-aprobare\/\"},\"wordCount\":707,\"commentCount\":0,\"publisher\":{\"@id\":\"https:\/\/carpathiacenter.ro\/#organization\"},\"image\":{\"@id\":\"https:\/\/carpathiacenter.ro\/prefectul-barabasi-antal-szabolcs-indicatorii-tehnico-economici-pentru-varianta-ocolitoare-a-targu-muresului-in-curs-de-aprobare\/#primaryimage\"},\"thumbnailUrl\":\"https:\/\/carpathiacenter.ro\/wp-content\/uploads\/2025\/04\/Barabasi-Antal-Szabolcs.jpg\",\"articleSection\":[\"Uncategorized\"],\"inLanguage\":\"en-GB\",\"potentialAction\":[{\"@type\":\"CommentAction\",\"name\":\"Comment\",\"target\":[\"https:\/\/carpathiacenter.ro\/prefectul-barabasi-antal-szabolcs-indicatorii-tehnico-economici-pentru-varianta-ocolitoare-a-targu-muresului-in-curs-de-aprobare\/#respond\"]}]},{\"@type\":\"WebPage\",\"@id\":\"https:\/\/carpathiacenter.ro\/prefectul-barabasi-antal-szabolcs-indicatorii-tehnico-economici-pentru-varianta-ocolitoare-a-targu-muresului-in-curs-de-aprobare\/\",\"url\":\"https:\/\/carpathiacenter.ro\/prefectul-barabasi-antal-szabolcs-indicatorii-tehnico-economici-pentru-varianta-ocolitoare-a-targu-muresului-in-curs-de-aprobare\/\",\"name\":\"Prefectul Barab\u00e1si Antal-Szabolcs: Indicatorii tehnico-economici pentru varianta ocolitoare a T\u00e2rgu Mure\u0219ului, \u00een curs de aprobare - Carpathia Center Romania\",\"isPartOf\":{\"@id\":\"https:\/\/carpathiacenter.ro\/#website\"},\"primaryImageOfPage\":{\"@id\":\"https:\/\/carpathiacenter.ro\/prefectul-barabasi-antal-szabolcs-indicatorii-tehnico-economici-pentru-varianta-ocolitoare-a-targu-muresului-in-curs-de-aprobare\/#primaryimage\"},\"image\":{\"@id\":\"https:\/\/carpathiacenter.ro\/prefectul-barabasi-antal-szabolcs-indicatorii-tehnico-economici-pentru-varianta-ocolitoare-a-targu-muresului-in-curs-de-aprobare\/#primaryimage\"},\"thumbnailUrl\":\"https:\/\/carpathiacenter.ro\/wp-content\/uploads\/2025\/04\/Barabasi-Antal-Szabolcs.jpg\",\"datePublished\":\"2025-04-09T11:16:57+00:00\",\"breadcrumb\":{\"@id\":\"https:\/\/carpathiacenter.ro\/prefectul-barabasi-antal-szabolcs-indicatorii-tehnico-economici-pentru-varianta-ocolitoare-a-targu-muresului-in-curs-de-aprobare\/#breadcrumb\"},\"inLanguage\":\"en-GB\",\"potentialAction\":[{\"@type\":\"ReadAction\",\"target\":[\"https:\/\/carpathiacenter.ro\/prefectul-barabasi-antal-szabolcs-indicatorii-tehnico-economici-pentru-varianta-ocolitoare-a-targu-muresului-in-curs-de-aprobare\/\"]}]},{\"@type\":\"ImageObject\",\"inLanguage\":\"en-GB\",\"@id\":\"https:\/\/carpathiacenter.ro\/prefectul-barabasi-antal-szabolcs-indicatorii-tehnico-economici-pentru-varianta-ocolitoare-a-targu-muresului-in-curs-de-aprobare\/#primaryimage\",\"url\":\"https:\/\/carpathiacenter.ro\/wp-content\/uploads\/2025\/04\/Barabasi-Antal-Szabolcs.jpg\",\"contentUrl\":\"https:\/\/carpathiacenter.ro\/wp-content\/uploads\/2025\/04\/Barabasi-Antal-Szabolcs.jpg\",\"width\":800,\"height\":450},{\"@type\":\"BreadcrumbList\",\"@id\":\"https:\/\/carpathiacenter.ro\/prefectul-barabasi-antal-szabolcs-indicatorii-tehnico-economici-pentru-varianta-ocolitoare-a-targu-muresului-in-curs-de-aprobare\/#breadcrumb\",\"itemListElement\":[{\"@type\":\"ListItem\",\"position\":1,\"name\":\"Prima pagin\u0103\",\"item\":\"https:\/\/carpathiacenter.ro\/\"},{\"@type\":\"ListItem\",\"position\":2,\"name\":\"Prefectul Barab\u00e1si Antal-Szabolcs: Indicatorii tehnico-economici pentru varianta ocolitoare a T\u00e2rgu Mure\u0219ului, \u00een curs de aprobare\"}]},{\"@type\":\"WebSite\",\"@id\":\"https:\/\/carpathiacenter.ro\/#website\",\"url\":\"https:\/\/carpathiacenter.ro\/\",\"name\":\"Carpathia Center Romania\",\"description\":\"Impossible made possible!\",\"publisher\":{\"@id\":\"https:\/\/carpathiacenter.ro\/#organization\"},\"potentialAction\":[{\"@type\":\"SearchAction\",\"target\":{\"@type\":\"EntryPoint\",\"urlTemplate\":\"https:\/\/carpathiacenter.ro\/?s={search_term_string}\"},\"query-input\":{\"@type\":\"PropertyValueSpecification\",\"valueRequired\":true,\"valueName\":\"search_term_string\"}}],\"inLanguage\":\"en-GB\"},{\"@type\":\"Organization\",\"@id\":\"https:\/\/carpathiacenter.ro\/#organization\",\"name\":\"Carpathia Center Romania\",\"url\":\"https:\/\/carpathiacenter.ro\/\",\"logo\":{\"@type\":\"ImageObject\",\"inLanguage\":\"en-GB\",\"@id\":\"https:\/\/carpathiacenter.ro\/#\/schema\/logo\/image\/\",\"url\":\"https:\/\/carpathiacenter.ro\/wp-content\/uploads\/2024\/07\/logo-carpathia_bg_white-1024x941.png\",\"contentUrl\":\"https:\/\/carpathiacenter.ro\/wp-content\/uploads\/2024\/07\/logo-carpathia_bg_white-1024x941.png\",\"width\":1024,\"height\":941,\"caption\":\"Carpathia Center Romania\"},\"image\":{\"@id\":\"https:\/\/carpathiacenter.ro\/#\/schema\/logo\/image\/\"},\"sameAs\":[\"https:\/\/www.facebook.com\/fdpscarpathia\/\"]},{\"@type\":\"Person\",\"@id\":\"https:\/\/carpathiacenter.ro\/#\/schema\/person\/03d9f58202fee8379268f34afa195006\",\"name\":\"creativebitsolutions\",\"image\":{\"@type\":\"ImageObject\",\"inLanguage\":\"en-GB\",\"@id\":\"https:\/\/carpathiacenter.ro\/#\/schema\/person\/image\/\",\"url\":\"https:\/\/secure.gravatar.com\/avatar\/1b1a13e37f847c635dab78348f1dff2f07651ee2a3d77a5c355a4b8c75f9165a?s=96&d=mm&r=g\",\"contentUrl\":\"https:\/\/secure.gravatar.com\/avatar\/1b1a13e37f847c635dab78348f1dff2f07651ee2a3d77a5c355a4b8c75f9165a?s=96&d=mm&r=g\",\"caption\":\"creativebitsolutions\"},\"url\":\"https:\/\/carpathiacenter.ro\/en\/author\/creativebitsolutions\/\"}]}<\/script>\n<!-- \/ Yoast SEO plugin. -->","yoast_head_json":{"title":"Prefectul Barab\u00e1si Antal-Szabolcs: Indicatorii tehnico-economici pentru varianta ocolitoare a T\u00e2rgu Mure\u0219ului, \u00een curs de aprobare - Carpathia Center Romania","robots":{"index":"index","follow":"follow","max-snippet":"max-snippet:-1","max-image-preview":"max-image-preview:large","max-video-preview":"max-video-preview:-1"},"canonical":"https:\/\/carpathiacenter.ro\/en\/prefectul-barabasi-antal-szabolcs-indicatorii-tehnico-economici-pentru-varianta-ocolitoare-a-targu-muresului-in-curs-de-aprobare\/","og_locale":"en_GB","og_type":"article","og_title":"Prefectul Barab\u00e1si Antal-Szabolcs: Indicatorii tehnico-economici pentru varianta ocolitoare a T\u00e2rgu Mure\u0219ului, \u00een curs de aprobare - Carpathia Center Romania","og_description":"Prefectul jude\u021bului Mure\u0219, Barab\u00e1si Antal-Szabolcs, a declarat miercuri, \u00eentr-o conferin\u021b\u0103 de pres\u0103, c\u0103 indicatorii tehnico-economici pentru varianta ocolitoare a T\u00e2rgu Mure\u0219ului, pe rela\u021bia Corunca-Ernei, sunt \u00een curs de aprobare, iar p\u00e2n\u0103 la sf\u00e2r\u0219itul anului ar putea fi dat ordinul de \u00eencepere a lucr\u0103rilor. &#8216;Am discutat, \u00eenainte s\u0103 fiu prefect, cu foarte mul\u021bi dintre cet\u0103\u021beni. Chiar...","og_url":"https:\/\/carpathiacenter.ro\/en\/prefectul-barabasi-antal-szabolcs-indicatorii-tehnico-economici-pentru-varianta-ocolitoare-a-targu-muresului-in-curs-de-aprobare\/","og_site_name":"Carpathia Center Romania","article_publisher":"https:\/\/www.facebook.com\/fdpscarpathia\/","article_published_time":"2025-04-09T11:16:57+00:00","og_image":[{"width":800,"height":450,"url":"https:\/\/carpathiacenter.ro\/wp-content\/uploads\/2025\/04\/Barabasi-Antal-Szabolcs.jpg","type":"image\/jpeg"}],"author":"creativebitsolutions","twitter_card":"summary_large_image","twitter_misc":{"Written by":"creativebitsolutions","Estimated reading time":"3 minutes"},"schema":{"@context":"https:\/\/schema.org","@graph":[{"@type":"Article","@id":"https:\/\/carpathiacenter.ro\/prefectul-barabasi-antal-szabolcs-indicatorii-tehnico-economici-pentru-varianta-ocolitoare-a-targu-muresului-in-curs-de-aprobare\/#article","isPartOf":{"@id":"https:\/\/carpathiacenter.ro\/prefectul-barabasi-antal-szabolcs-indicatorii-tehnico-economici-pentru-varianta-ocolitoare-a-targu-muresului-in-curs-de-aprobare\/"},"author":{"name":"creativebitsolutions","@id":"https:\/\/carpathiacenter.ro\/#\/schema\/person\/03d9f58202fee8379268f34afa195006"},"headline":"Prefectul Barab\u00e1si Antal-Szabolcs: Indicatorii tehnico-economici pentru varianta ocolitoare a T\u00e2rgu Mure\u0219ului, \u00een curs de aprobare","datePublished":"2025-04-09T11:16:57+00:00","mainEntityOfPage":{"@id":"https:\/\/carpathiacenter.ro\/prefectul-barabasi-antal-szabolcs-indicatorii-tehnico-economici-pentru-varianta-ocolitoare-a-targu-muresului-in-curs-de-aprobare\/"},"wordCount":707,"commentCount":0,"publisher":{"@id":"https:\/\/carpathiacenter.ro\/#organization"},"image":{"@id":"https:\/\/carpathiacenter.ro\/prefectul-barabasi-antal-szabolcs-indicatorii-tehnico-economici-pentru-varianta-ocolitoare-a-targu-muresului-in-curs-de-aprobare\/#primaryimage"},"thumbnailUrl":"https:\/\/carpathiacenter.ro\/wp-content\/uploads\/2025\/04\/Barabasi-Antal-Szabolcs.jpg","articleSection":["Uncategorized"],"inLanguage":"en-GB","potentialAction":[{"@type":"CommentAction","name":"Comment","target":["https:\/\/carpathiacenter.ro\/prefectul-barabasi-antal-szabolcs-indicatorii-tehnico-economici-pentru-varianta-ocolitoare-a-targu-muresului-in-curs-de-aprobare\/#respond"]}]},{"@type":"WebPage","@id":"https:\/\/carpathiacenter.ro\/prefectul-barabasi-antal-szabolcs-indicatorii-tehnico-economici-pentru-varianta-ocolitoare-a-targu-muresului-in-curs-de-aprobare\/","url":"https:\/\/carpathiacenter.ro\/prefectul-barabasi-antal-szabolcs-indicatorii-tehnico-economici-pentru-varianta-ocolitoare-a-targu-muresului-in-curs-de-aprobare\/","name":"Prefectul Barab\u00e1si Antal-Szabolcs: Indicatorii tehnico-economici pentru varianta ocolitoare a T\u00e2rgu Mure\u0219ului, \u00een curs de aprobare - Carpathia Center Romania","isPartOf":{"@id":"https:\/\/carpathiacenter.ro\/#website"},"primaryImageOfPage":{"@id":"https:\/\/carpathiacenter.ro\/prefectul-barabasi-antal-szabolcs-indicatorii-tehnico-economici-pentru-varianta-ocolitoare-a-targu-muresului-in-curs-de-aprobare\/#primaryimage"},"image":{"@id":"https:\/\/carpathiacenter.ro\/prefectul-barabasi-antal-szabolcs-indicatorii-tehnico-economici-pentru-varianta-ocolitoare-a-targu-muresului-in-curs-de-aprobare\/#primaryimage"},"thumbnailUrl":"https:\/\/carpathiacenter.ro\/wp-content\/uploads\/2025\/04\/Barabasi-Antal-Szabolcs.jpg","datePublished":"2025-04-09T11:16:57+00:00","breadcrumb":{"@id":"https:\/\/carpathiacenter.ro\/prefectul-barabasi-antal-szabolcs-indicatorii-tehnico-economici-pentru-varianta-ocolitoare-a-targu-muresului-in-curs-de-aprobare\/#breadcrumb"},"inLanguage":"en-GB","potentialAction":[{"@type":"ReadAction","target":["https:\/\/carpathiacenter.ro\/prefectul-barabasi-antal-szabolcs-indicatorii-tehnico-economici-pentru-varianta-ocolitoare-a-targu-muresului-in-curs-de-aprobare\/"]}]},{"@type":"ImageObject","inLanguage":"en-GB","@id":"https:\/\/carpathiacenter.ro\/prefectul-barabasi-antal-szabolcs-indicatorii-tehnico-economici-pentru-varianta-ocolitoare-a-targu-muresului-in-curs-de-aprobare\/#primaryimage","url":"https:\/\/carpathiacenter.ro\/wp-content\/uploads\/2025\/04\/Barabasi-Antal-Szabolcs.jpg","contentUrl":"https:\/\/carpathiacenter.ro\/wp-content\/uploads\/2025\/04\/Barabasi-Antal-Szabolcs.jpg","width":800,"height":450},{"@type":"BreadcrumbList","@id":"https:\/\/carpathiacenter.ro\/prefectul-barabasi-antal-szabolcs-indicatorii-tehnico-economici-pentru-varianta-ocolitoare-a-targu-muresului-in-curs-de-aprobare\/#breadcrumb","itemListElement":[{"@type":"ListItem","position":1,"name":"Prima pagin\u0103","item":"https:\/\/carpathiacenter.ro\/"},{"@type":"ListItem","position":2,"name":"Prefectul Barab\u00e1si Antal-Szabolcs: Indicatorii tehnico-economici pentru varianta ocolitoare a T\u00e2rgu Mure\u0219ului, \u00een curs de aprobare"}]},{"@type":"WebSite","@id":"https:\/\/carpathiacenter.ro\/#website","url":"https:\/\/carpathiacenter.ro\/","name":"Carpathia Center Romania","description":"Impossible made possible!","publisher":{"@id":"https:\/\/carpathiacenter.ro\/#organization"},"potentialAction":[{"@type":"SearchAction","target":{"@type":"EntryPoint","urlTemplate":"https:\/\/carpathiacenter.ro\/?s={search_term_string}"},"query-input":{"@type":"PropertyValueSpecification","valueRequired":true,"valueName":"search_term_string"}}],"inLanguage":"en-GB"},{"@type":"Organization","@id":"https:\/\/carpathiacenter.ro\/#organization","name":"Carpathia Center Romania","url":"https:\/\/carpathiacenter.ro\/","logo":{"@type":"ImageObject","inLanguage":"en-GB","@id":"https:\/\/carpathiacenter.ro\/#\/schema\/logo\/image\/","url":"https:\/\/carpathiacenter.ro\/wp-content\/uploads\/2024\/07\/logo-carpathia_bg_white-1024x941.png","contentUrl":"https:\/\/carpathiacenter.ro\/wp-content\/uploads\/2024\/07\/logo-carpathia_bg_white-1024x941.png","width":1024,"height":941,"caption":"Carpathia Center Romania"},"image":{"@id":"https:\/\/carpathiacenter.ro\/#\/schema\/logo\/image\/"},"sameAs":["https:\/\/www.facebook.com\/fdpscarpathia\/"]},{"@type":"Person","@id":"https:\/\/carpathiacenter.ro\/#\/schema\/person\/03d9f58202fee8379268f34afa195006","name":"creativebitsolutions","image":{"@type":"ImageObject","inLanguage":"en-GB","@id":"https:\/\/carpathiacenter.ro\/#\/schema\/person\/image\/","url":"https:\/\/secure.gravatar.com\/avatar\/1b1a13e37f847c635dab78348f1dff2f07651ee2a3d77a5c355a4b8c75f9165a?s=96&d=mm&r=g","contentUrl":"https:\/\/secure.gravatar.com\/avatar\/1b1a13e37f847c635dab78348f1dff2f07651ee2a3d77a5c355a4b8c75f9165a?s=96&d=mm&r=g","caption":"creativebitsolutions"},"url":"https:\/\/carpathiacenter.ro\/en\/author\/creativebitsolutions\/"}]}},"_links":{"self":[{"href":"https:\/\/carpathiacenter.ro\/en\/wp-json\/wp\/v2\/posts\/2163","targetHints":{"allow":["GET"]}}],"collection":[{"href":"https:\/\/carpathiacenter.ro\/en\/wp-json\/wp\/v2\/posts"}],"about":[{"href":"https:\/\/carpathiacenter.ro\/en\/wp-json\/wp\/v2\/types\/post"}],"author":[{"embeddable":true,"href":"https:\/\/carpathiacenter.ro\/en\/wp-json\/wp\/v2\/users\/4"}],"replies":[{"embeddable":true,"href":"https:\/\/carpathiacenter.ro\/en\/wp-json\/wp\/v2\/comments?post=2163"}],"version-history":[{"count":1,"href":"https:\/\/carpathiacenter.ro\/en\/wp-json\/wp\/v2\/posts\/2163\/revisions"}],"predecessor-version":[{"id":2165,"href":"https:\/\/carpathiacenter.ro\/en\/wp-json\/wp\/v2\/posts\/2163\/revisions\/2165"}],"wp:featuredmedia":[{"embeddable":true,"href":"https:\/\/carpathiacenter.ro\/en\/wp-json\/wp\/v2\/media\/2164"}],"wp:attachment":[{"href":"https:\/\/carpathiacenter.ro\/en\/wp-json\/wp\/v2\/media?parent=2163"}],"wp:term":[{"taxonomy":"category","embeddable":true,"href":"https:\/\/carpathiacenter.ro\/en\/wp-json\/wp\/v2\/categories?post=2163"},{"taxonomy":"post_tag","embeddable":true,"href":"https:\/\/carpathiacenter.ro\/en\/wp-json\/wp\/v2\/tags?post=2163"}],"curies":[{"name":"wp","href":"https:\/\/api.w.org\/{rel}","templated":true}]}}