{"id":2159,"date":"2025-04-09T11:13:36","date_gmt":"2025-04-09T11:13:36","guid":{"rendered":"https:\/\/carpathiacenter.ro\/?p=2159"},"modified":"2025-04-09T11:14:15","modified_gmt":"2025-04-09T11:14:15","slug":"borbely-vom-avea-un-centru-de-excelenta-pentru-administratia-publica-in-domeniul-dezvoltarii-durabile-in-a-doua-jumatate-a-anului","status":"publish","type":"post","link":"https:\/\/carpathiacenter.ro\/en\/borbely-vom-avea-un-centru-de-excelenta-pentru-administratia-publica-in-domeniul-dezvoltarii-durabile-in-a-doua-jumatate-a-anului\/","title":{"rendered":"Borbely: Vom avea un centru de excelen\u021b\u0103 pentru administra\u021bia public\u0103 \u00een domeniul dezvolt\u0103rii durabile, \u00een a doua jum\u0103tate a anului"},"content":{"rendered":"<p><strong>Un centru de excelen\u021b\u0103 pentru administra\u021bia public\u0103 \u00een domeniul dezvolt\u0103rii durabile va fi \u00eenfiin\u021bat \u00een a doua jum\u0103tate a acestui an, a anun\u021bat miercuri Laszlo Borbely, consilier de stat \u00een cadrul Departamentului pentru Dezvoltare Durabil\u0103, la deschiderea expozi\u021biei Green Energy Expo &amp; Romenvirotec.<\/strong><\/p>\n<p>&#8216;Vom avea un centru de excelen\u021b\u0103 pentru administra\u021bia public\u0103, \u00eel vom \u00eenfiin\u021ba \u00een a doua jum\u0103tate anului, pentru c\u0103 ministerele nu au capacitatea, de multe ori, s\u0103 fac\u0103 un studiu de impact. Acest centru va fi, sper, o m\u00e2n\u0103 \u00eentins\u0103 \u0219i o expertiz\u0103 cu universit\u0103\u021bile, cu cei care ne pot ajuta \u0219i cu proiecte europene. Dac\u0103 vorbim de digitalizare, avem un agregator care func\u021bioneaz\u0103 dar, la sf\u00e2r\u0219itul anului, vom avea un one stop-shop, un fel de ghi\u0219eu unic \u0219i cine va dori s\u0103 afle ceva despre dezvoltare durabil\u0103, atunci foarte simplu, foarte accesibil, acest one-stop-shop va asigura, sper, o rela\u021bie pozitiv\u0103 cu inteligen\u021ba artificial\u0103. Dar cel mai important este omul, s\u0103 nu uit\u0103m. Noi trebuie s\u0103 protej\u0103m aceast\u0103 \u021bar\u0103, cea mai frumoas\u0103, dup\u0103 p\u0103rerea mea din zona aceasta a Europei, cu cinci ecosisteme, cu biodiversitate, cu tot ce avem mai bun \u0219i cu oameni minuna\u021bi&#8217;, a precizat joi Laszlo Borbely, consilier de stat \u00een cadrul Departamentului pentru Dezvoltare Durabil\u0103.<\/p>\n<p>Legea privind \u00eenfiin\u021barea Centrului de excelen\u021b\u0103 pentru administra\u021bia public\u0103 \u00een domeniul dezvolt\u0103rii durabile a fost promulgat\u0103 \u00een decembrie 2024.<\/p>\n<p>Actul normativ prevede c\u0103 CExDD va func\u021biona ca institu\u021bie public\u0103 de interes na\u021bional, cu personalitate juridic\u0103, \u00een subordinea Executivului \u0219i sub coordonarea Secretariatului General al Guvernului, prin Departamentul pentru Dezvoltare Durabil\u0103.<\/p>\n<p>Centrul va facilita implementarea Strategiei Na\u021bionale pentru Dezvoltarea Durabil\u0103 a Rom\u00e2niei 2030 \u0219i va sus\u021bine \u00eentregul demers guvernamental pentru elaborarea de politici coerente \u0219i inovatoare.<\/p>\n<p>De asemenea, CExDD va asigura integrarea obiectivelor de dezvoltare durabil\u0103 (ODD) \u00een politicile publice \u0219i instrumentele administrative. AGERPRES\/(AS &#8211; redactor: Nicoleta B\u0103nciulea, editor: Andreea Marinescu, editor online: Irina Giurgiu)<br \/>\n<br \/>\nSursa articolului:<a href=\"https:\/\/agerpres.ro\/economic\/2025\/04\/09\/borbely-vom-avea-un-centru-de-excelenta-pentru-administratia-publica-in-domeniul-dezvoltarii-durabil--1438990\" target=\"_blank\" rel=\"noopener\" title=\"\">https:\/\/agerpres.ro\/economic\/2025\/04\/09\/borbely-vom-avea-un-centru-de-excelenta-pentru-administratia-publica-in-domeniul-dezvoltarii-durabil&#8211;1438990<\/a><\/p>","protected":false},"excerpt":{"rendered":"<p>Un centru de excelen\u021b\u0103 pentru administra\u021bia public\u0103 \u00een domeniul dezvolt\u0103rii durabile va fi \u00eenfiin\u021bat \u00een a doua jum\u0103tate a acestui an, a anun\u021bat miercuri Laszlo Borbely, consilier de stat \u00een cadrul Departamentului pentru Dezvoltare Durabil\u0103, la deschiderea expozi\u021biei Green Energy Expo &amp; Romenvirotec. &#8216;Vom avea un centru de excelen\u021b\u0103 pentru administra\u021bia public\u0103, \u00eel vom \u00eenfiin\u021ba&#8230;<\/p>","protected":false},"author":4,"featured_media":2162,"comment_status":"open","ping_status":"open","sticky":false,"template":"","format":"standard","meta":{"footnotes":""},"categories":[1],"tags":[],"class_list":["post-2159","post","type-post","status-publish","format-standard","has-post-thumbnail","hentry","category-uncategorized"],"yoast_head":"<!-- This site is optimized with the Yoast SEO plugin v26.1.1 - https:\/\/yoast.com\/wordpress\/plugins\/seo\/ -->\n<title>Borbely: Vom avea un centru de excelen\u021b\u0103 pentru administra\u021bia public\u0103 \u00een domeniul dezvolt\u0103rii durabile, \u00een a doua jum\u0103tate a anului - Carpathia Center Romania<\/title>\n<meta name=\"robots\" content=\"index, follow, max-snippet:-1, max-image-preview:large, max-video-preview:-1\" \/>\n<link rel=\"canonical\" href=\"https:\/\/carpathiacenter.ro\/en\/borbely-vom-avea-un-centru-de-excelenta-pentru-administratia-publica-in-domeniul-dezvoltarii-durabile-in-a-doua-jumatate-a-anului\/\" \/>\n<meta property=\"og:locale\" content=\"en_GB\" \/>\n<meta property=\"og:type\" content=\"article\" \/>\n<meta property=\"og:title\" content=\"Borbely: Vom avea un centru de excelen\u021b\u0103 pentru administra\u021bia public\u0103 \u00een domeniul dezvolt\u0103rii durabile, \u00een a doua jum\u0103tate a anului - Carpathia Center Romania\" \/>\n<meta property=\"og:description\" content=\"Un centru de excelen\u021b\u0103 pentru administra\u021bia public\u0103 \u00een domeniul dezvolt\u0103rii durabile va fi \u00eenfiin\u021bat \u00een a doua jum\u0103tate a acestui an, a anun\u021bat miercuri Laszlo Borbely, consilier de stat \u00een cadrul Departamentului pentru Dezvoltare Durabil\u0103, la deschiderea expozi\u021biei Green Energy Expo &amp; Romenvirotec. &#8216;Vom avea un centru de excelen\u021b\u0103 pentru administra\u021bia public\u0103, \u00eel vom \u00eenfiin\u021ba...\" \/>\n<meta property=\"og:url\" content=\"https:\/\/carpathiacenter.ro\/en\/borbely-vom-avea-un-centru-de-excelenta-pentru-administratia-publica-in-domeniul-dezvoltarii-durabile-in-a-doua-jumatate-a-anului\/\" \/>\n<meta property=\"og:site_name\" content=\"Carpathia Center Romania\" \/>\n<meta property=\"article:publisher\" content=\"https:\/\/www.facebook.com\/fdpscarpathia\/\" \/>\n<meta property=\"article:published_time\" content=\"2025-04-09T11:13:36+00:00\" \/>\n<meta property=\"article:modified_time\" content=\"2025-04-09T11:14:15+00:00\" \/>\n<meta property=\"og:image\" content=\"https:\/\/carpathiacenter.ro\/wp-content\/uploads\/2025\/04\/articol_071_001.jpg\" \/>\n\t<meta property=\"og:image:width\" content=\"800\" \/>\n\t<meta property=\"og:image:height\" content=\"500\" \/>\n\t<meta property=\"og:image:type\" content=\"image\/jpeg\" \/>\n<meta name=\"author\" content=\"creativebitsolutions\" \/>\n<meta name=\"twitter:card\" content=\"summary_large_image\" \/>\n<meta name=\"twitter:label1\" content=\"Written by\" \/>\n\t<meta name=\"twitter:data1\" content=\"creativebitsolutions\" \/>\n\t<meta name=\"twitter:label2\" content=\"Estimated reading time\" \/>\n\t<meta name=\"twitter:data2\" content=\"2 minutes\" \/>\n<script type=\"application\/ld+json\" class=\"yoast-schema-graph\">{\"@context\":\"https:\/\/schema.org\",\"@graph\":[{\"@type\":\"Article\",\"@id\":\"https:\/\/carpathiacenter.ro\/borbely-vom-avea-un-centru-de-excelenta-pentru-administratia-publica-in-domeniul-dezvoltarii-durabile-in-a-doua-jumatate-a-anului\/#article\",\"isPartOf\":{\"@id\":\"https:\/\/carpathiacenter.ro\/borbely-vom-avea-un-centru-de-excelenta-pentru-administratia-publica-in-domeniul-dezvoltarii-durabile-in-a-doua-jumatate-a-anului\/\"},\"author\":{\"name\":\"creativebitsolutions\",\"@id\":\"https:\/\/carpathiacenter.ro\/#\/schema\/person\/03d9f58202fee8379268f34afa195006\"},\"headline\":\"Borbely: Vom avea un centru de excelen\u021b\u0103 pentru administra\u021bia public\u0103 \u00een domeniul dezvolt\u0103rii durabile, \u00een a doua jum\u0103tate a anului\",\"datePublished\":\"2025-04-09T11:13:36+00:00\",\"dateModified\":\"2025-04-09T11:14:15+00:00\",\"mainEntityOfPage\":{\"@id\":\"https:\/\/carpathiacenter.ro\/borbely-vom-avea-un-centru-de-excelenta-pentru-administratia-publica-in-domeniul-dezvoltarii-durabile-in-a-doua-jumatate-a-anului\/\"},\"wordCount\":366,\"commentCount\":0,\"publisher\":{\"@id\":\"https:\/\/carpathiacenter.ro\/#organization\"},\"image\":{\"@id\":\"https:\/\/carpathiacenter.ro\/borbely-vom-avea-un-centru-de-excelenta-pentru-administratia-publica-in-domeniul-dezvoltarii-durabile-in-a-doua-jumatate-a-anului\/#primaryimage\"},\"thumbnailUrl\":\"https:\/\/carpathiacenter.ro\/wp-content\/uploads\/2025\/04\/articol_071_001.jpg\",\"articleSection\":[\"Uncategorized\"],\"inLanguage\":\"en-GB\",\"potentialAction\":[{\"@type\":\"CommentAction\",\"name\":\"Comment\",\"target\":[\"https:\/\/carpathiacenter.ro\/borbely-vom-avea-un-centru-de-excelenta-pentru-administratia-publica-in-domeniul-dezvoltarii-durabile-in-a-doua-jumatate-a-anului\/#respond\"]}]},{\"@type\":\"WebPage\",\"@id\":\"https:\/\/carpathiacenter.ro\/borbely-vom-avea-un-centru-de-excelenta-pentru-administratia-publica-in-domeniul-dezvoltarii-durabile-in-a-doua-jumatate-a-anului\/\",\"url\":\"https:\/\/carpathiacenter.ro\/borbely-vom-avea-un-centru-de-excelenta-pentru-administratia-publica-in-domeniul-dezvoltarii-durabile-in-a-doua-jumatate-a-anului\/\",\"name\":\"Borbely: Vom avea un centru de excelen\u021b\u0103 pentru administra\u021bia public\u0103 \u00een domeniul dezvolt\u0103rii durabile, \u00een a doua jum\u0103tate a anului - Carpathia Center Romania\",\"isPartOf\":{\"@id\":\"https:\/\/carpathiacenter.ro\/#website\"},\"primaryImageOfPage\":{\"@id\":\"https:\/\/carpathiacenter.ro\/borbely-vom-avea-un-centru-de-excelenta-pentru-administratia-publica-in-domeniul-dezvoltarii-durabile-in-a-doua-jumatate-a-anului\/#primaryimage\"},\"image\":{\"@id\":\"https:\/\/carpathiacenter.ro\/borbely-vom-avea-un-centru-de-excelenta-pentru-administratia-publica-in-domeniul-dezvoltarii-durabile-in-a-doua-jumatate-a-anului\/#primaryimage\"},\"thumbnailUrl\":\"https:\/\/carpathiacenter.ro\/wp-content\/uploads\/2025\/04\/articol_071_001.jpg\",\"datePublished\":\"2025-04-09T11:13:36+00:00\",\"dateModified\":\"2025-04-09T11:14:15+00:00\",\"breadcrumb\":{\"@id\":\"https:\/\/carpathiacenter.ro\/borbely-vom-avea-un-centru-de-excelenta-pentru-administratia-publica-in-domeniul-dezvoltarii-durabile-in-a-doua-jumatate-a-anului\/#breadcrumb\"},\"inLanguage\":\"en-GB\",\"potentialAction\":[{\"@type\":\"ReadAction\",\"target\":[\"https:\/\/carpathiacenter.ro\/borbely-vom-avea-un-centru-de-excelenta-pentru-administratia-publica-in-domeniul-dezvoltarii-durabile-in-a-doua-jumatate-a-anului\/\"]}]},{\"@type\":\"ImageObject\",\"inLanguage\":\"en-GB\",\"@id\":\"https:\/\/carpathiacenter.ro\/borbely-vom-avea-un-centru-de-excelenta-pentru-administratia-publica-in-domeniul-dezvoltarii-durabile-in-a-doua-jumatate-a-anului\/#primaryimage\",\"url\":\"https:\/\/carpathiacenter.ro\/wp-content\/uploads\/2025\/04\/articol_071_001.jpg\",\"contentUrl\":\"https:\/\/carpathiacenter.ro\/wp-content\/uploads\/2025\/04\/articol_071_001.jpg\",\"width\":800,\"height\":500},{\"@type\":\"BreadcrumbList\",\"@id\":\"https:\/\/carpathiacenter.ro\/borbely-vom-avea-un-centru-de-excelenta-pentru-administratia-publica-in-domeniul-dezvoltarii-durabile-in-a-doua-jumatate-a-anului\/#breadcrumb\",\"itemListElement\":[{\"@type\":\"ListItem\",\"position\":1,\"name\":\"Prima pagin\u0103\",\"item\":\"https:\/\/carpathiacenter.ro\/\"},{\"@type\":\"ListItem\",\"position\":2,\"name\":\"Borbely: Vom avea un centru de excelen\u021b\u0103 pentru administra\u021bia public\u0103 \u00een domeniul dezvolt\u0103rii durabile, \u00een a doua jum\u0103tate a anului\"}]},{\"@type\":\"WebSite\",\"@id\":\"https:\/\/carpathiacenter.ro\/#website\",\"url\":\"https:\/\/carpathiacenter.ro\/\",\"name\":\"Carpathia Center Romania\",\"description\":\"Impossible made possible!\",\"publisher\":{\"@id\":\"https:\/\/carpathiacenter.ro\/#organization\"},\"potentialAction\":[{\"@type\":\"SearchAction\",\"target\":{\"@type\":\"EntryPoint\",\"urlTemplate\":\"https:\/\/carpathiacenter.ro\/?s={search_term_string}\"},\"query-input\":{\"@type\":\"PropertyValueSpecification\",\"valueRequired\":true,\"valueName\":\"search_term_string\"}}],\"inLanguage\":\"en-GB\"},{\"@type\":\"Organization\",\"@id\":\"https:\/\/carpathiacenter.ro\/#organization\",\"name\":\"Carpathia Center Romania\",\"url\":\"https:\/\/carpathiacenter.ro\/\",\"logo\":{\"@type\":\"ImageObject\",\"inLanguage\":\"en-GB\",\"@id\":\"https:\/\/carpathiacenter.ro\/#\/schema\/logo\/image\/\",\"url\":\"https:\/\/carpathiacenter.ro\/wp-content\/uploads\/2024\/07\/logo-carpathia_bg_white-1024x941.png\",\"contentUrl\":\"https:\/\/carpathiacenter.ro\/wp-content\/uploads\/2024\/07\/logo-carpathia_bg_white-1024x941.png\",\"width\":1024,\"height\":941,\"caption\":\"Carpathia Center Romania\"},\"image\":{\"@id\":\"https:\/\/carpathiacenter.ro\/#\/schema\/logo\/image\/\"},\"sameAs\":[\"https:\/\/www.facebook.com\/fdpscarpathia\/\"]},{\"@type\":\"Person\",\"@id\":\"https:\/\/carpathiacenter.ro\/#\/schema\/person\/03d9f58202fee8379268f34afa195006\",\"name\":\"creativebitsolutions\",\"image\":{\"@type\":\"ImageObject\",\"inLanguage\":\"en-GB\",\"@id\":\"https:\/\/carpathiacenter.ro\/#\/schema\/person\/image\/\",\"url\":\"https:\/\/secure.gravatar.com\/avatar\/1b1a13e37f847c635dab78348f1dff2f07651ee2a3d77a5c355a4b8c75f9165a?s=96&d=mm&r=g\",\"contentUrl\":\"https:\/\/secure.gravatar.com\/avatar\/1b1a13e37f847c635dab78348f1dff2f07651ee2a3d77a5c355a4b8c75f9165a?s=96&d=mm&r=g\",\"caption\":\"creativebitsolutions\"},\"url\":\"https:\/\/carpathiacenter.ro\/en\/author\/creativebitsolutions\/\"}]}<\/script>\n<!-- \/ Yoast SEO plugin. -->","yoast_head_json":{"title":"Borbely: Vom avea un centru de excelen\u021b\u0103 pentru administra\u021bia public\u0103 \u00een domeniul dezvolt\u0103rii durabile, \u00een a doua jum\u0103tate a anului - Carpathia Center Romania","robots":{"index":"index","follow":"follow","max-snippet":"max-snippet:-1","max-image-preview":"max-image-preview:large","max-video-preview":"max-video-preview:-1"},"canonical":"https:\/\/carpathiacenter.ro\/en\/borbely-vom-avea-un-centru-de-excelenta-pentru-administratia-publica-in-domeniul-dezvoltarii-durabile-in-a-doua-jumatate-a-anului\/","og_locale":"en_GB","og_type":"article","og_title":"Borbely: Vom avea un centru de excelen\u021b\u0103 pentru administra\u021bia public\u0103 \u00een domeniul dezvolt\u0103rii durabile, \u00een a doua jum\u0103tate a anului - Carpathia Center Romania","og_description":"Un centru de excelen\u021b\u0103 pentru administra\u021bia public\u0103 \u00een domeniul dezvolt\u0103rii durabile va fi \u00eenfiin\u021bat \u00een a doua jum\u0103tate a acestui an, a anun\u021bat miercuri Laszlo Borbely, consilier de stat \u00een cadrul Departamentului pentru Dezvoltare Durabil\u0103, la deschiderea expozi\u021biei Green Energy Expo &amp; Romenvirotec. &#8216;Vom avea un centru de excelen\u021b\u0103 pentru administra\u021bia public\u0103, \u00eel vom \u00eenfiin\u021ba...","og_url":"https:\/\/carpathiacenter.ro\/en\/borbely-vom-avea-un-centru-de-excelenta-pentru-administratia-publica-in-domeniul-dezvoltarii-durabile-in-a-doua-jumatate-a-anului\/","og_site_name":"Carpathia Center Romania","article_publisher":"https:\/\/www.facebook.com\/fdpscarpathia\/","article_published_time":"2025-04-09T11:13:36+00:00","article_modified_time":"2025-04-09T11:14:15+00:00","og_image":[{"width":800,"height":500,"url":"https:\/\/carpathiacenter.ro\/wp-content\/uploads\/2025\/04\/articol_071_001.jpg","type":"image\/jpeg"}],"author":"creativebitsolutions","twitter_card":"summary_large_image","twitter_misc":{"Written by":"creativebitsolutions","Estimated reading time":"2 minutes"},"schema":{"@context":"https:\/\/schema.org","@graph":[{"@type":"Article","@id":"https:\/\/carpathiacenter.ro\/borbely-vom-avea-un-centru-de-excelenta-pentru-administratia-publica-in-domeniul-dezvoltarii-durabile-in-a-doua-jumatate-a-anului\/#article","isPartOf":{"@id":"https:\/\/carpathiacenter.ro\/borbely-vom-avea-un-centru-de-excelenta-pentru-administratia-publica-in-domeniul-dezvoltarii-durabile-in-a-doua-jumatate-a-anului\/"},"author":{"name":"creativebitsolutions","@id":"https:\/\/carpathiacenter.ro\/#\/schema\/person\/03d9f58202fee8379268f34afa195006"},"headline":"Borbely: Vom avea un centru de excelen\u021b\u0103 pentru administra\u021bia public\u0103 \u00een domeniul dezvolt\u0103rii durabile, \u00een a doua jum\u0103tate a anului","datePublished":"2025-04-09T11:13:36+00:00","dateModified":"2025-04-09T11:14:15+00:00","mainEntityOfPage":{"@id":"https:\/\/carpathiacenter.ro\/borbely-vom-avea-un-centru-de-excelenta-pentru-administratia-publica-in-domeniul-dezvoltarii-durabile-in-a-doua-jumatate-a-anului\/"},"wordCount":366,"commentCount":0,"publisher":{"@id":"https:\/\/carpathiacenter.ro\/#organization"},"image":{"@id":"https:\/\/carpathiacenter.ro\/borbely-vom-avea-un-centru-de-excelenta-pentru-administratia-publica-in-domeniul-dezvoltarii-durabile-in-a-doua-jumatate-a-anului\/#primaryimage"},"thumbnailUrl":"https:\/\/carpathiacenter.ro\/wp-content\/uploads\/2025\/04\/articol_071_001.jpg","articleSection":["Uncategorized"],"inLanguage":"en-GB","potentialAction":[{"@type":"CommentAction","name":"Comment","target":["https:\/\/carpathiacenter.ro\/borbely-vom-avea-un-centru-de-excelenta-pentru-administratia-publica-in-domeniul-dezvoltarii-durabile-in-a-doua-jumatate-a-anului\/#respond"]}]},{"@type":"WebPage","@id":"https:\/\/carpathiacenter.ro\/borbely-vom-avea-un-centru-de-excelenta-pentru-administratia-publica-in-domeniul-dezvoltarii-durabile-in-a-doua-jumatate-a-anului\/","url":"https:\/\/carpathiacenter.ro\/borbely-vom-avea-un-centru-de-excelenta-pentru-administratia-publica-in-domeniul-dezvoltarii-durabile-in-a-doua-jumatate-a-anului\/","name":"Borbely: Vom avea un centru de excelen\u021b\u0103 pentru administra\u021bia public\u0103 \u00een domeniul dezvolt\u0103rii durabile, \u00een a doua jum\u0103tate a anului - Carpathia Center Romania","isPartOf":{"@id":"https:\/\/carpathiacenter.ro\/#website"},"primaryImageOfPage":{"@id":"https:\/\/carpathiacenter.ro\/borbely-vom-avea-un-centru-de-excelenta-pentru-administratia-publica-in-domeniul-dezvoltarii-durabile-in-a-doua-jumatate-a-anului\/#primaryimage"},"image":{"@id":"https:\/\/carpathiacenter.ro\/borbely-vom-avea-un-centru-de-excelenta-pentru-administratia-publica-in-domeniul-dezvoltarii-durabile-in-a-doua-jumatate-a-anului\/#primaryimage"},"thumbnailUrl":"https:\/\/carpathiacenter.ro\/wp-content\/uploads\/2025\/04\/articol_071_001.jpg","datePublished":"2025-04-09T11:13:36+00:00","dateModified":"2025-04-09T11:14:15+00:00","breadcrumb":{"@id":"https:\/\/carpathiacenter.ro\/borbely-vom-avea-un-centru-de-excelenta-pentru-administratia-publica-in-domeniul-dezvoltarii-durabile-in-a-doua-jumatate-a-anului\/#breadcrumb"},"inLanguage":"en-GB","potentialAction":[{"@type":"ReadAction","target":["https:\/\/carpathiacenter.ro\/borbely-vom-avea-un-centru-de-excelenta-pentru-administratia-publica-in-domeniul-dezvoltarii-durabile-in-a-doua-jumatate-a-anului\/"]}]},{"@type":"ImageObject","inLanguage":"en-GB","@id":"https:\/\/carpathiacenter.ro\/borbely-vom-avea-un-centru-de-excelenta-pentru-administratia-publica-in-domeniul-dezvoltarii-durabile-in-a-doua-jumatate-a-anului\/#primaryimage","url":"https:\/\/carpathiacenter.ro\/wp-content\/uploads\/2025\/04\/articol_071_001.jpg","contentUrl":"https:\/\/carpathiacenter.ro\/wp-content\/uploads\/2025\/04\/articol_071_001.jpg","width":800,"height":500},{"@type":"BreadcrumbList","@id":"https:\/\/carpathiacenter.ro\/borbely-vom-avea-un-centru-de-excelenta-pentru-administratia-publica-in-domeniul-dezvoltarii-durabile-in-a-doua-jumatate-a-anului\/#breadcrumb","itemListElement":[{"@type":"ListItem","position":1,"name":"Prima pagin\u0103","item":"https:\/\/carpathiacenter.ro\/"},{"@type":"ListItem","position":2,"name":"Borbely: Vom avea un centru de excelen\u021b\u0103 pentru administra\u021bia public\u0103 \u00een domeniul dezvolt\u0103rii durabile, \u00een a doua jum\u0103tate a anului"}]},{"@type":"WebSite","@id":"https:\/\/carpathiacenter.ro\/#website","url":"https:\/\/carpathiacenter.ro\/","name":"Carpathia Center Romania","description":"Impossible made possible!","publisher":{"@id":"https:\/\/carpathiacenter.ro\/#organization"},"potentialAction":[{"@type":"SearchAction","target":{"@type":"EntryPoint","urlTemplate":"https:\/\/carpathiacenter.ro\/?s={search_term_string}"},"query-input":{"@type":"PropertyValueSpecification","valueRequired":true,"valueName":"search_term_string"}}],"inLanguage":"en-GB"},{"@type":"Organization","@id":"https:\/\/carpathiacenter.ro\/#organization","name":"Carpathia Center Romania","url":"https:\/\/carpathiacenter.ro\/","logo":{"@type":"ImageObject","inLanguage":"en-GB","@id":"https:\/\/carpathiacenter.ro\/#\/schema\/logo\/image\/","url":"https:\/\/carpathiacenter.ro\/wp-content\/uploads\/2024\/07\/logo-carpathia_bg_white-1024x941.png","contentUrl":"https:\/\/carpathiacenter.ro\/wp-content\/uploads\/2024\/07\/logo-carpathia_bg_white-1024x941.png","width":1024,"height":941,"caption":"Carpathia Center Romania"},"image":{"@id":"https:\/\/carpathiacenter.ro\/#\/schema\/logo\/image\/"},"sameAs":["https:\/\/www.facebook.com\/fdpscarpathia\/"]},{"@type":"Person","@id":"https:\/\/carpathiacenter.ro\/#\/schema\/person\/03d9f58202fee8379268f34afa195006","name":"creativebitsolutions","image":{"@type":"ImageObject","inLanguage":"en-GB","@id":"https:\/\/carpathiacenter.ro\/#\/schema\/person\/image\/","url":"https:\/\/secure.gravatar.com\/avatar\/1b1a13e37f847c635dab78348f1dff2f07651ee2a3d77a5c355a4b8c75f9165a?s=96&d=mm&r=g","contentUrl":"https:\/\/secure.gravatar.com\/avatar\/1b1a13e37f847c635dab78348f1dff2f07651ee2a3d77a5c355a4b8c75f9165a?s=96&d=mm&r=g","caption":"creativebitsolutions"},"url":"https:\/\/carpathiacenter.ro\/en\/author\/creativebitsolutions\/"}]}},"_links":{"self":[{"href":"https:\/\/carpathiacenter.ro\/en\/wp-json\/wp\/v2\/posts\/2159","targetHints":{"allow":["GET"]}}],"collection":[{"href":"https:\/\/carpathiacenter.ro\/en\/wp-json\/wp\/v2\/posts"}],"about":[{"href":"https:\/\/carpathiacenter.ro\/en\/wp-json\/wp\/v2\/types\/post"}],"author":[{"embeddable":true,"href":"https:\/\/carpathiacenter.ro\/en\/wp-json\/wp\/v2\/users\/4"}],"replies":[{"embeddable":true,"href":"https:\/\/carpathiacenter.ro\/en\/wp-json\/wp\/v2\/comments?post=2159"}],"version-history":[{"count":1,"href":"https:\/\/carpathiacenter.ro\/en\/wp-json\/wp\/v2\/posts\/2159\/revisions"}],"predecessor-version":[{"id":2161,"href":"https:\/\/carpathiacenter.ro\/en\/wp-json\/wp\/v2\/posts\/2159\/revisions\/2161"}],"wp:featuredmedia":[{"embeddable":true,"href":"https:\/\/carpathiacenter.ro\/en\/wp-json\/wp\/v2\/media\/2162"}],"wp:attachment":[{"href":"https:\/\/carpathiacenter.ro\/en\/wp-json\/wp\/v2\/media?parent=2159"}],"wp:term":[{"taxonomy":"category","embeddable":true,"href":"https:\/\/carpathiacenter.ro\/en\/wp-json\/wp\/v2\/categories?post=2159"},{"taxonomy":"post_tag","embeddable":true,"href":"https:\/\/carpathiacenter.ro\/en\/wp-json\/wp\/v2\/tags?post=2159"}],"curies":[{"name":"wp","href":"https:\/\/api.w.org\/{rel}","templated":true}]}}