{"id":2154,"date":"2025-04-08T08:16:12","date_gmt":"2025-04-08T08:16:12","guid":{"rendered":"https:\/\/carpathiacenter.ro\/?p=2154"},"modified":"2025-04-08T08:16:12","modified_gmt":"2025-04-08T08:16:12","slug":"laurentiu-alexandru-pastinaru-numit-vicepresedinte-al-agentiei-nationale-pentru-mediu-si-arii-protejate","status":"publish","type":"post","link":"https:\/\/carpathiacenter.ro\/en\/laurentiu-alexandru-pastinaru-numit-vicepresedinte-al-agentiei-nationale-pentru-mediu-si-arii-protejate\/","title":{"rendered":"Lauren\u021biu-Alexandru P\u0103\u0219tinaru &#8211; numit vicepre\u0219edinte al Agen\u021biei Na\u021bionale pentru Mediu \u0219i Arii Protejate"},"content":{"rendered":"<p><strong>Lauren\u021biu-Alexandru P\u0103\u0219tinaru a fost numit vicepre\u0219edinte, cu rang de subsecretar de stat, al Agen\u021biei Na\u021bionale pentru Mediu \u0219i Arii Protejate, potrivit unei decizii semnate de premierul Marcel Ciolacu.<\/strong><\/p>\n<p>Decizia de numire a fost publicat\u0103 luni \u00een Monitorul Oficial.<\/p>\n<p>P\u0103\u0219tinaru a fost pre\u0219edinte al Agen\u021biei Na\u021bionale pentru Protec\u021bia Mediului.<\/p>\n<p>S\u0103pt\u0103m\u00e2na trecut\u0103, Guvernul a decis \u00eenfiin\u021barea Agen\u021biei Na\u021bionale pentru Mediu \u0219i Arii Protejate, prin fuzionarea Agen\u021biei Na\u021bionale pentru Protec\u021bia Mediului cu Agen\u021bia Na\u021bional\u0103 pentru Arii Naturale Protejate. AGERPRES\/(AS &#8211; redactor: Georgiana T\u0103n\u0103sescu, editor: Antonia Ni\u021b\u0103, editor online: Andreea Preda)<br \/>\n<br \/>\nSursa articolului:<a href=\"https:\/\/agerpres.ro\/politic\/2025\/04\/07\/laurentiu-alexandru-pastinaru---numit-vicepresedinte-al-agentiei-nationale-pentru-mediu-si-arii-prot--1438347\" target=\"_blank\" rel=\"noopener\" title=\"\">https:\/\/agerpres.ro\/politic\/2025\/04\/07\/laurentiu-alexandru-pastinaru&#8212;numit-vicepresedinte-al-agentiei-nationale-pentru-mediu-si-arii-prot&#8211;1438347<\/a><\/p>","protected":false},"excerpt":{"rendered":"<p>Lauren\u021biu-Alexandru P\u0103\u0219tinaru a fost numit vicepre\u0219edinte, cu rang de subsecretar de stat, al Agen\u021biei Na\u021bionale pentru Mediu \u0219i Arii Protejate, potrivit unei decizii semnate de premierul Marcel Ciolacu. Decizia de numire a fost publicat\u0103 luni \u00een Monitorul Oficial. P\u0103\u0219tinaru a fost pre\u0219edinte al Agen\u021biei Na\u021bionale pentru Protec\u021bia Mediului. S\u0103pt\u0103m\u00e2na trecut\u0103, Guvernul a decis \u00eenfiin\u021barea Agen\u021biei&#8230;<\/p>","protected":false},"author":4,"featured_media":2155,"comment_status":"open","ping_status":"open","sticky":false,"template":"","format":"standard","meta":{"footnotes":""},"categories":[1],"tags":[],"class_list":["post-2154","post","type-post","status-publish","format-standard","has-post-thumbnail","hentry","category-uncategorized"],"yoast_head":"<!-- This site is optimized with the Yoast SEO plugin v26.1.1 - https:\/\/yoast.com\/wordpress\/plugins\/seo\/ -->\n<title>Lauren\u021biu-Alexandru P\u0103\u0219tinaru - numit vicepre\u0219edinte al Agen\u021biei Na\u021bionale pentru Mediu \u0219i Arii Protejate - Carpathia Center Romania<\/title>\n<meta name=\"robots\" content=\"index, follow, max-snippet:-1, max-image-preview:large, max-video-preview:-1\" \/>\n<link rel=\"canonical\" href=\"https:\/\/carpathiacenter.ro\/en\/laurentiu-alexandru-pastinaru-numit-vicepresedinte-al-agentiei-nationale-pentru-mediu-si-arii-protejate\/\" \/>\n<meta property=\"og:locale\" content=\"en_GB\" \/>\n<meta property=\"og:type\" content=\"article\" \/>\n<meta property=\"og:title\" content=\"Lauren\u021biu-Alexandru P\u0103\u0219tinaru - numit vicepre\u0219edinte al Agen\u021biei Na\u021bionale pentru Mediu \u0219i Arii Protejate - Carpathia Center Romania\" \/>\n<meta property=\"og:description\" content=\"Lauren\u021biu-Alexandru P\u0103\u0219tinaru a fost numit vicepre\u0219edinte, cu rang de subsecretar de stat, al Agen\u021biei Na\u021bionale pentru Mediu \u0219i Arii Protejate, potrivit unei decizii semnate de premierul Marcel Ciolacu. Decizia de numire a fost publicat\u0103 luni \u00een Monitorul Oficial. P\u0103\u0219tinaru a fost pre\u0219edinte al Agen\u021biei Na\u021bionale pentru Protec\u021bia Mediului. S\u0103pt\u0103m\u00e2na trecut\u0103, Guvernul a decis \u00eenfiin\u021barea Agen\u021biei...\" \/>\n<meta property=\"og:url\" content=\"https:\/\/carpathiacenter.ro\/en\/laurentiu-alexandru-pastinaru-numit-vicepresedinte-al-agentiei-nationale-pentru-mediu-si-arii-protejate\/\" \/>\n<meta property=\"og:site_name\" content=\"Carpathia Center Romania\" \/>\n<meta property=\"article:publisher\" content=\"https:\/\/www.facebook.com\/fdpscarpathia\/\" \/>\n<meta property=\"article:published_time\" content=\"2025-04-08T08:16:12+00:00\" \/>\n<meta property=\"og:image\" content=\"https:\/\/carpathiacenter.ro\/wp-content\/uploads\/2025\/04\/Alexandru_Pastinaru.jpg\" \/>\n\t<meta property=\"og:image:width\" content=\"1200\" \/>\n\t<meta property=\"og:image:height\" content=\"675\" \/>\n\t<meta property=\"og:image:type\" content=\"image\/jpeg\" \/>\n<meta name=\"author\" content=\"creativebitsolutions\" \/>\n<meta name=\"twitter:card\" content=\"summary_large_image\" \/>\n<meta name=\"twitter:label1\" content=\"Written by\" \/>\n\t<meta name=\"twitter:data1\" content=\"creativebitsolutions\" \/>\n\t<meta name=\"twitter:label2\" content=\"Estimated reading time\" \/>\n\t<meta name=\"twitter:data2\" content=\"1 minute\" \/>\n<script type=\"application\/ld+json\" class=\"yoast-schema-graph\">{\"@context\":\"https:\/\/schema.org\",\"@graph\":[{\"@type\":\"Article\",\"@id\":\"https:\/\/carpathiacenter.ro\/laurentiu-alexandru-pastinaru-numit-vicepresedinte-al-agentiei-nationale-pentru-mediu-si-arii-protejate\/#article\",\"isPartOf\":{\"@id\":\"https:\/\/carpathiacenter.ro\/laurentiu-alexandru-pastinaru-numit-vicepresedinte-al-agentiei-nationale-pentru-mediu-si-arii-protejate\/\"},\"author\":{\"name\":\"creativebitsolutions\",\"@id\":\"https:\/\/carpathiacenter.ro\/#\/schema\/person\/03d9f58202fee8379268f34afa195006\"},\"headline\":\"Lauren\u021biu-Alexandru P\u0103\u0219tinaru &#8211; numit vicepre\u0219edinte al Agen\u021biei Na\u021bionale pentru Mediu \u0219i Arii Protejate\",\"datePublished\":\"2025-04-08T08:16:12+00:00\",\"mainEntityOfPage\":{\"@id\":\"https:\/\/carpathiacenter.ro\/laurentiu-alexandru-pastinaru-numit-vicepresedinte-al-agentiei-nationale-pentru-mediu-si-arii-protejate\/\"},\"wordCount\":136,\"commentCount\":0,\"publisher\":{\"@id\":\"https:\/\/carpathiacenter.ro\/#organization\"},\"image\":{\"@id\":\"https:\/\/carpathiacenter.ro\/laurentiu-alexandru-pastinaru-numit-vicepresedinte-al-agentiei-nationale-pentru-mediu-si-arii-protejate\/#primaryimage\"},\"thumbnailUrl\":\"https:\/\/carpathiacenter.ro\/wp-content\/uploads\/2025\/04\/Alexandru_Pastinaru.jpg\",\"articleSection\":[\"Uncategorized\"],\"inLanguage\":\"en-GB\",\"potentialAction\":[{\"@type\":\"CommentAction\",\"name\":\"Comment\",\"target\":[\"https:\/\/carpathiacenter.ro\/laurentiu-alexandru-pastinaru-numit-vicepresedinte-al-agentiei-nationale-pentru-mediu-si-arii-protejate\/#respond\"]}]},{\"@type\":\"WebPage\",\"@id\":\"https:\/\/carpathiacenter.ro\/laurentiu-alexandru-pastinaru-numit-vicepresedinte-al-agentiei-nationale-pentru-mediu-si-arii-protejate\/\",\"url\":\"https:\/\/carpathiacenter.ro\/laurentiu-alexandru-pastinaru-numit-vicepresedinte-al-agentiei-nationale-pentru-mediu-si-arii-protejate\/\",\"name\":\"Lauren\u021biu-Alexandru P\u0103\u0219tinaru - numit vicepre\u0219edinte al Agen\u021biei Na\u021bionale pentru Mediu \u0219i Arii Protejate - Carpathia Center Romania\",\"isPartOf\":{\"@id\":\"https:\/\/carpathiacenter.ro\/#website\"},\"primaryImageOfPage\":{\"@id\":\"https:\/\/carpathiacenter.ro\/laurentiu-alexandru-pastinaru-numit-vicepresedinte-al-agentiei-nationale-pentru-mediu-si-arii-protejate\/#primaryimage\"},\"image\":{\"@id\":\"https:\/\/carpathiacenter.ro\/laurentiu-alexandru-pastinaru-numit-vicepresedinte-al-agentiei-nationale-pentru-mediu-si-arii-protejate\/#primaryimage\"},\"thumbnailUrl\":\"https:\/\/carpathiacenter.ro\/wp-content\/uploads\/2025\/04\/Alexandru_Pastinaru.jpg\",\"datePublished\":\"2025-04-08T08:16:12+00:00\",\"breadcrumb\":{\"@id\":\"https:\/\/carpathiacenter.ro\/laurentiu-alexandru-pastinaru-numit-vicepresedinte-al-agentiei-nationale-pentru-mediu-si-arii-protejate\/#breadcrumb\"},\"inLanguage\":\"en-GB\",\"potentialAction\":[{\"@type\":\"ReadAction\",\"target\":[\"https:\/\/carpathiacenter.ro\/laurentiu-alexandru-pastinaru-numit-vicepresedinte-al-agentiei-nationale-pentru-mediu-si-arii-protejate\/\"]}]},{\"@type\":\"ImageObject\",\"inLanguage\":\"en-GB\",\"@id\":\"https:\/\/carpathiacenter.ro\/laurentiu-alexandru-pastinaru-numit-vicepresedinte-al-agentiei-nationale-pentru-mediu-si-arii-protejate\/#primaryimage\",\"url\":\"https:\/\/carpathiacenter.ro\/wp-content\/uploads\/2025\/04\/Alexandru_Pastinaru.jpg\",\"contentUrl\":\"https:\/\/carpathiacenter.ro\/wp-content\/uploads\/2025\/04\/Alexandru_Pastinaru.jpg\",\"width\":1200,\"height\":675},{\"@type\":\"BreadcrumbList\",\"@id\":\"https:\/\/carpathiacenter.ro\/laurentiu-alexandru-pastinaru-numit-vicepresedinte-al-agentiei-nationale-pentru-mediu-si-arii-protejate\/#breadcrumb\",\"itemListElement\":[{\"@type\":\"ListItem\",\"position\":1,\"name\":\"Prima pagin\u0103\",\"item\":\"https:\/\/carpathiacenter.ro\/\"},{\"@type\":\"ListItem\",\"position\":2,\"name\":\"Lauren\u021biu-Alexandru P\u0103\u0219tinaru &#8211; numit vicepre\u0219edinte al Agen\u021biei Na\u021bionale pentru Mediu \u0219i Arii Protejate\"}]},{\"@type\":\"WebSite\",\"@id\":\"https:\/\/carpathiacenter.ro\/#website\",\"url\":\"https:\/\/carpathiacenter.ro\/\",\"name\":\"Carpathia Center Romania\",\"description\":\"Impossible made possible!\",\"publisher\":{\"@id\":\"https:\/\/carpathiacenter.ro\/#organization\"},\"potentialAction\":[{\"@type\":\"SearchAction\",\"target\":{\"@type\":\"EntryPoint\",\"urlTemplate\":\"https:\/\/carpathiacenter.ro\/?s={search_term_string}\"},\"query-input\":{\"@type\":\"PropertyValueSpecification\",\"valueRequired\":true,\"valueName\":\"search_term_string\"}}],\"inLanguage\":\"en-GB\"},{\"@type\":\"Organization\",\"@id\":\"https:\/\/carpathiacenter.ro\/#organization\",\"name\":\"Carpathia Center Romania\",\"url\":\"https:\/\/carpathiacenter.ro\/\",\"logo\":{\"@type\":\"ImageObject\",\"inLanguage\":\"en-GB\",\"@id\":\"https:\/\/carpathiacenter.ro\/#\/schema\/logo\/image\/\",\"url\":\"https:\/\/carpathiacenter.ro\/wp-content\/uploads\/2024\/07\/logo-carpathia_bg_white-1024x941.png\",\"contentUrl\":\"https:\/\/carpathiacenter.ro\/wp-content\/uploads\/2024\/07\/logo-carpathia_bg_white-1024x941.png\",\"width\":1024,\"height\":941,\"caption\":\"Carpathia Center Romania\"},\"image\":{\"@id\":\"https:\/\/carpathiacenter.ro\/#\/schema\/logo\/image\/\"},\"sameAs\":[\"https:\/\/www.facebook.com\/fdpscarpathia\/\"]},{\"@type\":\"Person\",\"@id\":\"https:\/\/carpathiacenter.ro\/#\/schema\/person\/03d9f58202fee8379268f34afa195006\",\"name\":\"creativebitsolutions\",\"image\":{\"@type\":\"ImageObject\",\"inLanguage\":\"en-GB\",\"@id\":\"https:\/\/carpathiacenter.ro\/#\/schema\/person\/image\/\",\"url\":\"https:\/\/secure.gravatar.com\/avatar\/1b1a13e37f847c635dab78348f1dff2f07651ee2a3d77a5c355a4b8c75f9165a?s=96&d=mm&r=g\",\"contentUrl\":\"https:\/\/secure.gravatar.com\/avatar\/1b1a13e37f847c635dab78348f1dff2f07651ee2a3d77a5c355a4b8c75f9165a?s=96&d=mm&r=g\",\"caption\":\"creativebitsolutions\"},\"url\":\"https:\/\/carpathiacenter.ro\/en\/author\/creativebitsolutions\/\"}]}<\/script>\n<!-- \/ Yoast SEO plugin. -->","yoast_head_json":{"title":"Lauren\u021biu-Alexandru P\u0103\u0219tinaru - numit vicepre\u0219edinte al Agen\u021biei Na\u021bionale pentru Mediu \u0219i Arii Protejate - Carpathia Center Romania","robots":{"index":"index","follow":"follow","max-snippet":"max-snippet:-1","max-image-preview":"max-image-preview:large","max-video-preview":"max-video-preview:-1"},"canonical":"https:\/\/carpathiacenter.ro\/en\/laurentiu-alexandru-pastinaru-numit-vicepresedinte-al-agentiei-nationale-pentru-mediu-si-arii-protejate\/","og_locale":"en_GB","og_type":"article","og_title":"Lauren\u021biu-Alexandru P\u0103\u0219tinaru - numit vicepre\u0219edinte al Agen\u021biei Na\u021bionale pentru Mediu \u0219i Arii Protejate - Carpathia Center Romania","og_description":"Lauren\u021biu-Alexandru P\u0103\u0219tinaru a fost numit vicepre\u0219edinte, cu rang de subsecretar de stat, al Agen\u021biei Na\u021bionale pentru Mediu \u0219i Arii Protejate, potrivit unei decizii semnate de premierul Marcel Ciolacu. Decizia de numire a fost publicat\u0103 luni \u00een Monitorul Oficial. P\u0103\u0219tinaru a fost pre\u0219edinte al Agen\u021biei Na\u021bionale pentru Protec\u021bia Mediului. S\u0103pt\u0103m\u00e2na trecut\u0103, Guvernul a decis \u00eenfiin\u021barea Agen\u021biei...","og_url":"https:\/\/carpathiacenter.ro\/en\/laurentiu-alexandru-pastinaru-numit-vicepresedinte-al-agentiei-nationale-pentru-mediu-si-arii-protejate\/","og_site_name":"Carpathia Center Romania","article_publisher":"https:\/\/www.facebook.com\/fdpscarpathia\/","article_published_time":"2025-04-08T08:16:12+00:00","og_image":[{"width":1200,"height":675,"url":"https:\/\/carpathiacenter.ro\/wp-content\/uploads\/2025\/04\/Alexandru_Pastinaru.jpg","type":"image\/jpeg"}],"author":"creativebitsolutions","twitter_card":"summary_large_image","twitter_misc":{"Written by":"creativebitsolutions","Estimated reading time":"1 minute"},"schema":{"@context":"https:\/\/schema.org","@graph":[{"@type":"Article","@id":"https:\/\/carpathiacenter.ro\/laurentiu-alexandru-pastinaru-numit-vicepresedinte-al-agentiei-nationale-pentru-mediu-si-arii-protejate\/#article","isPartOf":{"@id":"https:\/\/carpathiacenter.ro\/laurentiu-alexandru-pastinaru-numit-vicepresedinte-al-agentiei-nationale-pentru-mediu-si-arii-protejate\/"},"author":{"name":"creativebitsolutions","@id":"https:\/\/carpathiacenter.ro\/#\/schema\/person\/03d9f58202fee8379268f34afa195006"},"headline":"Lauren\u021biu-Alexandru P\u0103\u0219tinaru &#8211; numit vicepre\u0219edinte al Agen\u021biei Na\u021bionale pentru Mediu \u0219i Arii Protejate","datePublished":"2025-04-08T08:16:12+00:00","mainEntityOfPage":{"@id":"https:\/\/carpathiacenter.ro\/laurentiu-alexandru-pastinaru-numit-vicepresedinte-al-agentiei-nationale-pentru-mediu-si-arii-protejate\/"},"wordCount":136,"commentCount":0,"publisher":{"@id":"https:\/\/carpathiacenter.ro\/#organization"},"image":{"@id":"https:\/\/carpathiacenter.ro\/laurentiu-alexandru-pastinaru-numit-vicepresedinte-al-agentiei-nationale-pentru-mediu-si-arii-protejate\/#primaryimage"},"thumbnailUrl":"https:\/\/carpathiacenter.ro\/wp-content\/uploads\/2025\/04\/Alexandru_Pastinaru.jpg","articleSection":["Uncategorized"],"inLanguage":"en-GB","potentialAction":[{"@type":"CommentAction","name":"Comment","target":["https:\/\/carpathiacenter.ro\/laurentiu-alexandru-pastinaru-numit-vicepresedinte-al-agentiei-nationale-pentru-mediu-si-arii-protejate\/#respond"]}]},{"@type":"WebPage","@id":"https:\/\/carpathiacenter.ro\/laurentiu-alexandru-pastinaru-numit-vicepresedinte-al-agentiei-nationale-pentru-mediu-si-arii-protejate\/","url":"https:\/\/carpathiacenter.ro\/laurentiu-alexandru-pastinaru-numit-vicepresedinte-al-agentiei-nationale-pentru-mediu-si-arii-protejate\/","name":"Lauren\u021biu-Alexandru P\u0103\u0219tinaru - numit vicepre\u0219edinte al Agen\u021biei Na\u021bionale pentru Mediu \u0219i Arii Protejate - Carpathia Center Romania","isPartOf":{"@id":"https:\/\/carpathiacenter.ro\/#website"},"primaryImageOfPage":{"@id":"https:\/\/carpathiacenter.ro\/laurentiu-alexandru-pastinaru-numit-vicepresedinte-al-agentiei-nationale-pentru-mediu-si-arii-protejate\/#primaryimage"},"image":{"@id":"https:\/\/carpathiacenter.ro\/laurentiu-alexandru-pastinaru-numit-vicepresedinte-al-agentiei-nationale-pentru-mediu-si-arii-protejate\/#primaryimage"},"thumbnailUrl":"https:\/\/carpathiacenter.ro\/wp-content\/uploads\/2025\/04\/Alexandru_Pastinaru.jpg","datePublished":"2025-04-08T08:16:12+00:00","breadcrumb":{"@id":"https:\/\/carpathiacenter.ro\/laurentiu-alexandru-pastinaru-numit-vicepresedinte-al-agentiei-nationale-pentru-mediu-si-arii-protejate\/#breadcrumb"},"inLanguage":"en-GB","potentialAction":[{"@type":"ReadAction","target":["https:\/\/carpathiacenter.ro\/laurentiu-alexandru-pastinaru-numit-vicepresedinte-al-agentiei-nationale-pentru-mediu-si-arii-protejate\/"]}]},{"@type":"ImageObject","inLanguage":"en-GB","@id":"https:\/\/carpathiacenter.ro\/laurentiu-alexandru-pastinaru-numit-vicepresedinte-al-agentiei-nationale-pentru-mediu-si-arii-protejate\/#primaryimage","url":"https:\/\/carpathiacenter.ro\/wp-content\/uploads\/2025\/04\/Alexandru_Pastinaru.jpg","contentUrl":"https:\/\/carpathiacenter.ro\/wp-content\/uploads\/2025\/04\/Alexandru_Pastinaru.jpg","width":1200,"height":675},{"@type":"BreadcrumbList","@id":"https:\/\/carpathiacenter.ro\/laurentiu-alexandru-pastinaru-numit-vicepresedinte-al-agentiei-nationale-pentru-mediu-si-arii-protejate\/#breadcrumb","itemListElement":[{"@type":"ListItem","position":1,"name":"Prima pagin\u0103","item":"https:\/\/carpathiacenter.ro\/"},{"@type":"ListItem","position":2,"name":"Lauren\u021biu-Alexandru P\u0103\u0219tinaru &#8211; numit vicepre\u0219edinte al Agen\u021biei Na\u021bionale pentru Mediu \u0219i Arii Protejate"}]},{"@type":"WebSite","@id":"https:\/\/carpathiacenter.ro\/#website","url":"https:\/\/carpathiacenter.ro\/","name":"Carpathia Center Romania","description":"Impossible made possible!","publisher":{"@id":"https:\/\/carpathiacenter.ro\/#organization"},"potentialAction":[{"@type":"SearchAction","target":{"@type":"EntryPoint","urlTemplate":"https:\/\/carpathiacenter.ro\/?s={search_term_string}"},"query-input":{"@type":"PropertyValueSpecification","valueRequired":true,"valueName":"search_term_string"}}],"inLanguage":"en-GB"},{"@type":"Organization","@id":"https:\/\/carpathiacenter.ro\/#organization","name":"Carpathia Center Romania","url":"https:\/\/carpathiacenter.ro\/","logo":{"@type":"ImageObject","inLanguage":"en-GB","@id":"https:\/\/carpathiacenter.ro\/#\/schema\/logo\/image\/","url":"https:\/\/carpathiacenter.ro\/wp-content\/uploads\/2024\/07\/logo-carpathia_bg_white-1024x941.png","contentUrl":"https:\/\/carpathiacenter.ro\/wp-content\/uploads\/2024\/07\/logo-carpathia_bg_white-1024x941.png","width":1024,"height":941,"caption":"Carpathia Center Romania"},"image":{"@id":"https:\/\/carpathiacenter.ro\/#\/schema\/logo\/image\/"},"sameAs":["https:\/\/www.facebook.com\/fdpscarpathia\/"]},{"@type":"Person","@id":"https:\/\/carpathiacenter.ro\/#\/schema\/person\/03d9f58202fee8379268f34afa195006","name":"creativebitsolutions","image":{"@type":"ImageObject","inLanguage":"en-GB","@id":"https:\/\/carpathiacenter.ro\/#\/schema\/person\/image\/","url":"https:\/\/secure.gravatar.com\/avatar\/1b1a13e37f847c635dab78348f1dff2f07651ee2a3d77a5c355a4b8c75f9165a?s=96&d=mm&r=g","contentUrl":"https:\/\/secure.gravatar.com\/avatar\/1b1a13e37f847c635dab78348f1dff2f07651ee2a3d77a5c355a4b8c75f9165a?s=96&d=mm&r=g","caption":"creativebitsolutions"},"url":"https:\/\/carpathiacenter.ro\/en\/author\/creativebitsolutions\/"}]}},"_links":{"self":[{"href":"https:\/\/carpathiacenter.ro\/en\/wp-json\/wp\/v2\/posts\/2154","targetHints":{"allow":["GET"]}}],"collection":[{"href":"https:\/\/carpathiacenter.ro\/en\/wp-json\/wp\/v2\/posts"}],"about":[{"href":"https:\/\/carpathiacenter.ro\/en\/wp-json\/wp\/v2\/types\/post"}],"author":[{"embeddable":true,"href":"https:\/\/carpathiacenter.ro\/en\/wp-json\/wp\/v2\/users\/4"}],"replies":[{"embeddable":true,"href":"https:\/\/carpathiacenter.ro\/en\/wp-json\/wp\/v2\/comments?post=2154"}],"version-history":[{"count":1,"href":"https:\/\/carpathiacenter.ro\/en\/wp-json\/wp\/v2\/posts\/2154\/revisions"}],"predecessor-version":[{"id":2156,"href":"https:\/\/carpathiacenter.ro\/en\/wp-json\/wp\/v2\/posts\/2154\/revisions\/2156"}],"wp:featuredmedia":[{"embeddable":true,"href":"https:\/\/carpathiacenter.ro\/en\/wp-json\/wp\/v2\/media\/2155"}],"wp:attachment":[{"href":"https:\/\/carpathiacenter.ro\/en\/wp-json\/wp\/v2\/media?parent=2154"}],"wp:term":[{"taxonomy":"category","embeddable":true,"href":"https:\/\/carpathiacenter.ro\/en\/wp-json\/wp\/v2\/categories?post=2154"},{"taxonomy":"post_tag","embeddable":true,"href":"https:\/\/carpathiacenter.ro\/en\/wp-json\/wp\/v2\/tags?post=2154"}],"curies":[{"name":"wp","href":"https:\/\/api.w.org\/{rel}","templated":true}]}}