{"id":2145,"date":"2025-04-07T10:43:06","date_gmt":"2025-04-07T10:43:06","guid":{"rendered":"https:\/\/carpathiacenter.ro\/?p=2145"},"modified":"2025-04-07T10:43:06","modified_gmt":"2025-04-07T10:43:06","slug":"ministerul-muncii-proiect-de-33-milioane-de-euro-pentru-incluziune-sociala-si-reducerea-marginalizarii-grupurilor-vulnerabile","status":"publish","type":"post","link":"https:\/\/carpathiacenter.ro\/en\/ministerul-muncii-proiect-de-33-milioane-de-euro-pentru-incluziune-sociala-si-reducerea-marginalizarii-grupurilor-vulnerabile\/","title":{"rendered":"Ministerul Muncii: Proiect de 3,3 milioane de euro pentru incluziune social\u0103 \u0219i reducerea marginaliz\u0103rii grupurilor vulnerabile"},"content":{"rendered":"<p><strong>Ministerul Muncii, Familiei, Tineretului \u0219i Solidarit\u0103\u021bii Sociale (MMFTSS) a semnat un contract de finan\u021bare pentru implementarea proiectului &#8216;Promovarea, monitorizarea \u0219i evaluarea evolu\u021biei economiei sociale \u0219i a antreprenoriatului social \u00een Rom\u00e2nia&#8217;, cu scopul de a sprijini incluziunea social\u0103 \u0219i pentru reducerea marginaliz\u0103rii grupurilor vulnerabile.<\/strong><\/p>\n<p>&#8216;Rom\u00e2nia a avut o tradi\u021bie puternic\u0103 \u00een economia social\u0103, iar acum este momentul s\u0103-l redres\u0103m \u0219i s\u0103-l facem un instrument eficient de creare a locurilor de munc\u0103 \u0219i de incluziune social\u0103. Persoanele din medii vulnerabile vor s\u0103 munceasc\u0103, iar angajatorii trebuie sprijini\u021bi prin m\u0103suri concrete! \u00cemi doresc ca \u0219i \u00een Rom\u00e2nia economia social\u0103 s\u0103 se dezvolte a\u0219a cum se \u00eent\u00e2mpl\u0103 deja \u00een Fran\u021ba, Spania sau Italia&#8217;, a declarat ministrul Muncii, Simona Bucura Oprescu, \u00eentr-o <a href=\"https:\/\/www.facebook.com\/Ministerul.Muncii.Romania\/posts\/pfbid021zmPXBqzjvUHKQxwD386pDfd7S3Th5nAaxrsdyqZgRrt5JJWvzFaAPWz7A5aYb1ol\" target=\"_blank\">postare<\/a> publicat\u0103, luni, pe pagina oficial\u0103 de Facebook a ministerului de resort.<\/p>\n<p>Prin intermediul noului proiect se urm\u0103resc obiective precum: crearea de instrumente moderne pentru colectarea \u0219i analiza datelor despre \u00eentreprinderile sociale, inclusiv \u00een contextul tranzi\u021biei verzi \u0219i digitale; elaborarea Strategiei Na\u021bionale \u00een domeniul economiei sociale, cu un plan de ac\u021biune clar \u0219i bazat pe cercet\u0103ri de teren; crearea unei platforme digitale cu incubatoare virtuale, pie\u021be online pentru produse \u0219i servicii sociale, centre \u0219i re\u021bele de ambasadori ai antreprenoriatului social; campanii de promovare \u0219i recunoa\u0219tere public\u0103, evenimente pentru cre\u0219terea vizibilit\u0103\u021bii sectorului; sprijin pentru entit\u0103\u021bile de economie social\u0103 &#8211; cooperare, schimb de bune practici, conectare cu sectoarele public \u0219i privat.<\/p>\n<p>Potrivit Ministerului Muncii, durata proiectului se \u00eentinde pe 57 de luni, iar bugetul alocat se ridica la valoarea de 3,3 milioane de euro (20,5 milioane de lei).<\/p>\n<p>Finan\u021barea este realizat\u0103 prin PEO &#8211; Prioritatea 4.1, parteneri \u00een proiect fiind Institutul Na\u021bional de Cercetare \u0218tiin\u021bific\u0103 \u00een Domeniul Muncii \u0219i Protec\u021biei Sociale (INCSMPS) \u0219i Agen\u021bia Na\u021bional\u0103 pentru Ocuparea For\u021bei de Munc\u0103 (ANOFM).<\/p>\n<p>Datele oficiale relev\u0103 faptul c\u0103, la ora actual\u0103, economia social\u0103 european\u0103 asigur\u0103 este 13,6 milioane de locuri de munc\u0103 remunerate \u00een Europa, echivalentul a aproximativ 6,3% din popula\u021bia activ\u0103 a UE-28, respectiv locuri de munc\u0103 pentru peste 19,1 milioane de persoane. AGERPRES\/(AS &#8211; redactor: Daniel Badea, editor: Mariana Nica, editor online: Simona Aru\u015ftei)<br \/>\n<br \/>\nSursa articolului:<a href=\"https:\/\/agerpres.ro\/economic\/2025\/04\/07\/ministerul-muncii-proiect-de-3-3-milioane-de-euro-pentru-incluziune-sociala-si-reducerea-marginaliza--1437989\" target=\"_blank\" rel=\"noopener\" title=\"\">https:\/\/agerpres.ro\/economic\/2025\/04\/07\/ministerul-muncii-proiect-de-3-3-milioane-de-euro-pentru-incluziune-sociala-si-reducerea-marginaliza&#8211;1437989<\/a><\/p>","protected":false},"excerpt":{"rendered":"<p>Ministerul Muncii, Familiei, Tineretului \u0219i Solidarit\u0103\u021bii Sociale (MMFTSS) a semnat un contract de finan\u021bare pentru implementarea proiectului &#8216;Promovarea, monitorizarea \u0219i evaluarea evolu\u021biei economiei sociale \u0219i a antreprenoriatului social \u00een Rom\u00e2nia&#8217;, cu scopul de a sprijini incluziunea social\u0103 \u0219i pentru reducerea marginaliz\u0103rii grupurilor vulnerabile. &#8216;Rom\u00e2nia a avut o tradi\u021bie puternic\u0103 \u00een economia social\u0103, iar acum este&#8230;<\/p>","protected":false},"author":4,"featured_media":2147,"comment_status":"open","ping_status":"open","sticky":false,"template":"","format":"standard","meta":{"footnotes":""},"categories":[1],"tags":[],"class_list":["post-2145","post","type-post","status-publish","format-standard","has-post-thumbnail","hentry","category-uncategorized"],"yoast_head":"<!-- This site is optimized with the Yoast SEO plugin v26.1.1 - https:\/\/yoast.com\/wordpress\/plugins\/seo\/ -->\n<title>Ministerul Muncii: Proiect de 3,3 milioane de euro pentru incluziune social\u0103 \u0219i reducerea marginaliz\u0103rii grupurilor vulnerabile - Carpathia Center Romania<\/title>\n<meta name=\"robots\" content=\"index, follow, max-snippet:-1, max-image-preview:large, max-video-preview:-1\" \/>\n<link rel=\"canonical\" href=\"https:\/\/carpathiacenter.ro\/en\/ministerul-muncii-proiect-de-33-milioane-de-euro-pentru-incluziune-sociala-si-reducerea-marginalizarii-grupurilor-vulnerabile\/\" \/>\n<meta property=\"og:locale\" content=\"en_GB\" \/>\n<meta property=\"og:type\" content=\"article\" \/>\n<meta property=\"og:title\" content=\"Ministerul Muncii: Proiect de 3,3 milioane de euro pentru incluziune social\u0103 \u0219i reducerea marginaliz\u0103rii grupurilor vulnerabile - Carpathia Center Romania\" \/>\n<meta property=\"og:description\" content=\"Ministerul Muncii, Familiei, Tineretului \u0219i Solidarit\u0103\u021bii Sociale (MMFTSS) a semnat un contract de finan\u021bare pentru implementarea proiectului &#8216;Promovarea, monitorizarea \u0219i evaluarea evolu\u021biei economiei sociale \u0219i a antreprenoriatului social \u00een Rom\u00e2nia&#8217;, cu scopul de a sprijini incluziunea social\u0103 \u0219i pentru reducerea marginaliz\u0103rii grupurilor vulnerabile. &#8216;Rom\u00e2nia a avut o tradi\u021bie puternic\u0103 \u00een economia social\u0103, iar acum este...\" \/>\n<meta property=\"og:url\" content=\"https:\/\/carpathiacenter.ro\/en\/ministerul-muncii-proiect-de-33-milioane-de-euro-pentru-incluziune-sociala-si-reducerea-marginalizarii-grupurilor-vulnerabile\/\" \/>\n<meta property=\"og:site_name\" content=\"Carpathia Center Romania\" \/>\n<meta property=\"article:publisher\" content=\"https:\/\/www.facebook.com\/fdpscarpathia\/\" \/>\n<meta property=\"article:published_time\" content=\"2025-04-07T10:43:06+00:00\" \/>\n<meta property=\"og:image\" content=\"https:\/\/carpathiacenter.ro\/wp-content\/uploads\/2025\/04\/team-glassblowers-with-arms-crossed-scaled.jpg\" \/>\n\t<meta property=\"og:image:width\" content=\"2560\" \/>\n\t<meta property=\"og:image:height\" content=\"1707\" \/>\n\t<meta property=\"og:image:type\" content=\"image\/jpeg\" \/>\n<meta name=\"author\" content=\"creativebitsolutions\" \/>\n<meta name=\"twitter:card\" content=\"summary_large_image\" \/>\n<meta name=\"twitter:label1\" content=\"Written by\" \/>\n\t<meta name=\"twitter:data1\" content=\"creativebitsolutions\" \/>\n\t<meta name=\"twitter:label2\" content=\"Estimated reading time\" \/>\n\t<meta name=\"twitter:data2\" content=\"2 minutes\" \/>\n<script type=\"application\/ld+json\" class=\"yoast-schema-graph\">{\"@context\":\"https:\/\/schema.org\",\"@graph\":[{\"@type\":\"Article\",\"@id\":\"https:\/\/carpathiacenter.ro\/ministerul-muncii-proiect-de-33-milioane-de-euro-pentru-incluziune-sociala-si-reducerea-marginalizarii-grupurilor-vulnerabile\/#article\",\"isPartOf\":{\"@id\":\"https:\/\/carpathiacenter.ro\/ministerul-muncii-proiect-de-33-milioane-de-euro-pentru-incluziune-sociala-si-reducerea-marginalizarii-grupurilor-vulnerabile\/\"},\"author\":{\"name\":\"creativebitsolutions\",\"@id\":\"https:\/\/carpathiacenter.ro\/#\/schema\/person\/03d9f58202fee8379268f34afa195006\"},\"headline\":\"Ministerul Muncii: Proiect de 3,3 milioane de euro pentru incluziune social\u0103 \u0219i reducerea marginaliz\u0103rii grupurilor vulnerabile\",\"datePublished\":\"2025-04-07T10:43:06+00:00\",\"mainEntityOfPage\":{\"@id\":\"https:\/\/carpathiacenter.ro\/ministerul-muncii-proiect-de-33-milioane-de-euro-pentru-incluziune-sociala-si-reducerea-marginalizarii-grupurilor-vulnerabile\/\"},\"wordCount\":394,\"commentCount\":0,\"publisher\":{\"@id\":\"https:\/\/carpathiacenter.ro\/#organization\"},\"image\":{\"@id\":\"https:\/\/carpathiacenter.ro\/ministerul-muncii-proiect-de-33-milioane-de-euro-pentru-incluziune-sociala-si-reducerea-marginalizarii-grupurilor-vulnerabile\/#primaryimage\"},\"thumbnailUrl\":\"https:\/\/carpathiacenter.ro\/wp-content\/uploads\/2025\/04\/team-glassblowers-with-arms-crossed-scaled.jpg\",\"articleSection\":[\"Uncategorized\"],\"inLanguage\":\"en-GB\",\"potentialAction\":[{\"@type\":\"CommentAction\",\"name\":\"Comment\",\"target\":[\"https:\/\/carpathiacenter.ro\/ministerul-muncii-proiect-de-33-milioane-de-euro-pentru-incluziune-sociala-si-reducerea-marginalizarii-grupurilor-vulnerabile\/#respond\"]}]},{\"@type\":\"WebPage\",\"@id\":\"https:\/\/carpathiacenter.ro\/ministerul-muncii-proiect-de-33-milioane-de-euro-pentru-incluziune-sociala-si-reducerea-marginalizarii-grupurilor-vulnerabile\/\",\"url\":\"https:\/\/carpathiacenter.ro\/ministerul-muncii-proiect-de-33-milioane-de-euro-pentru-incluziune-sociala-si-reducerea-marginalizarii-grupurilor-vulnerabile\/\",\"name\":\"Ministerul Muncii: Proiect de 3,3 milioane de euro pentru incluziune social\u0103 \u0219i reducerea marginaliz\u0103rii grupurilor vulnerabile - Carpathia Center Romania\",\"isPartOf\":{\"@id\":\"https:\/\/carpathiacenter.ro\/#website\"},\"primaryImageOfPage\":{\"@id\":\"https:\/\/carpathiacenter.ro\/ministerul-muncii-proiect-de-33-milioane-de-euro-pentru-incluziune-sociala-si-reducerea-marginalizarii-grupurilor-vulnerabile\/#primaryimage\"},\"image\":{\"@id\":\"https:\/\/carpathiacenter.ro\/ministerul-muncii-proiect-de-33-milioane-de-euro-pentru-incluziune-sociala-si-reducerea-marginalizarii-grupurilor-vulnerabile\/#primaryimage\"},\"thumbnailUrl\":\"https:\/\/carpathiacenter.ro\/wp-content\/uploads\/2025\/04\/team-glassblowers-with-arms-crossed-scaled.jpg\",\"datePublished\":\"2025-04-07T10:43:06+00:00\",\"breadcrumb\":{\"@id\":\"https:\/\/carpathiacenter.ro\/ministerul-muncii-proiect-de-33-milioane-de-euro-pentru-incluziune-sociala-si-reducerea-marginalizarii-grupurilor-vulnerabile\/#breadcrumb\"},\"inLanguage\":\"en-GB\",\"potentialAction\":[{\"@type\":\"ReadAction\",\"target\":[\"https:\/\/carpathiacenter.ro\/ministerul-muncii-proiect-de-33-milioane-de-euro-pentru-incluziune-sociala-si-reducerea-marginalizarii-grupurilor-vulnerabile\/\"]}]},{\"@type\":\"ImageObject\",\"inLanguage\":\"en-GB\",\"@id\":\"https:\/\/carpathiacenter.ro\/ministerul-muncii-proiect-de-33-milioane-de-euro-pentru-incluziune-sociala-si-reducerea-marginalizarii-grupurilor-vulnerabile\/#primaryimage\",\"url\":\"https:\/\/carpathiacenter.ro\/wp-content\/uploads\/2025\/04\/team-glassblowers-with-arms-crossed-scaled.jpg\",\"contentUrl\":\"https:\/\/carpathiacenter.ro\/wp-content\/uploads\/2025\/04\/team-glassblowers-with-arms-crossed-scaled.jpg\",\"width\":2560,\"height\":1707},{\"@type\":\"BreadcrumbList\",\"@id\":\"https:\/\/carpathiacenter.ro\/ministerul-muncii-proiect-de-33-milioane-de-euro-pentru-incluziune-sociala-si-reducerea-marginalizarii-grupurilor-vulnerabile\/#breadcrumb\",\"itemListElement\":[{\"@type\":\"ListItem\",\"position\":1,\"name\":\"Prima pagin\u0103\",\"item\":\"https:\/\/carpathiacenter.ro\/\"},{\"@type\":\"ListItem\",\"position\":2,\"name\":\"Ministerul Muncii: Proiect de 3,3 milioane de euro pentru incluziune social\u0103 \u0219i reducerea marginaliz\u0103rii grupurilor vulnerabile\"}]},{\"@type\":\"WebSite\",\"@id\":\"https:\/\/carpathiacenter.ro\/#website\",\"url\":\"https:\/\/carpathiacenter.ro\/\",\"name\":\"Carpathia Center Romania\",\"description\":\"Impossible made possible!\",\"publisher\":{\"@id\":\"https:\/\/carpathiacenter.ro\/#organization\"},\"potentialAction\":[{\"@type\":\"SearchAction\",\"target\":{\"@type\":\"EntryPoint\",\"urlTemplate\":\"https:\/\/carpathiacenter.ro\/?s={search_term_string}\"},\"query-input\":{\"@type\":\"PropertyValueSpecification\",\"valueRequired\":true,\"valueName\":\"search_term_string\"}}],\"inLanguage\":\"en-GB\"},{\"@type\":\"Organization\",\"@id\":\"https:\/\/carpathiacenter.ro\/#organization\",\"name\":\"Carpathia Center Romania\",\"url\":\"https:\/\/carpathiacenter.ro\/\",\"logo\":{\"@type\":\"ImageObject\",\"inLanguage\":\"en-GB\",\"@id\":\"https:\/\/carpathiacenter.ro\/#\/schema\/logo\/image\/\",\"url\":\"https:\/\/carpathiacenter.ro\/wp-content\/uploads\/2024\/07\/logo-carpathia_bg_white-1024x941.png\",\"contentUrl\":\"https:\/\/carpathiacenter.ro\/wp-content\/uploads\/2024\/07\/logo-carpathia_bg_white-1024x941.png\",\"width\":1024,\"height\":941,\"caption\":\"Carpathia Center Romania\"},\"image\":{\"@id\":\"https:\/\/carpathiacenter.ro\/#\/schema\/logo\/image\/\"},\"sameAs\":[\"https:\/\/www.facebook.com\/fdpscarpathia\/\"]},{\"@type\":\"Person\",\"@id\":\"https:\/\/carpathiacenter.ro\/#\/schema\/person\/03d9f58202fee8379268f34afa195006\",\"name\":\"creativebitsolutions\",\"image\":{\"@type\":\"ImageObject\",\"inLanguage\":\"en-GB\",\"@id\":\"https:\/\/carpathiacenter.ro\/#\/schema\/person\/image\/\",\"url\":\"https:\/\/secure.gravatar.com\/avatar\/1b1a13e37f847c635dab78348f1dff2f07651ee2a3d77a5c355a4b8c75f9165a?s=96&d=mm&r=g\",\"contentUrl\":\"https:\/\/secure.gravatar.com\/avatar\/1b1a13e37f847c635dab78348f1dff2f07651ee2a3d77a5c355a4b8c75f9165a?s=96&d=mm&r=g\",\"caption\":\"creativebitsolutions\"},\"url\":\"https:\/\/carpathiacenter.ro\/en\/author\/creativebitsolutions\/\"}]}<\/script>\n<!-- \/ Yoast SEO plugin. -->","yoast_head_json":{"title":"Ministerul Muncii: Proiect de 3,3 milioane de euro pentru incluziune social\u0103 \u0219i reducerea marginaliz\u0103rii grupurilor vulnerabile - Carpathia Center Romania","robots":{"index":"index","follow":"follow","max-snippet":"max-snippet:-1","max-image-preview":"max-image-preview:large","max-video-preview":"max-video-preview:-1"},"canonical":"https:\/\/carpathiacenter.ro\/en\/ministerul-muncii-proiect-de-33-milioane-de-euro-pentru-incluziune-sociala-si-reducerea-marginalizarii-grupurilor-vulnerabile\/","og_locale":"en_GB","og_type":"article","og_title":"Ministerul Muncii: Proiect de 3,3 milioane de euro pentru incluziune social\u0103 \u0219i reducerea marginaliz\u0103rii grupurilor vulnerabile - Carpathia Center Romania","og_description":"Ministerul Muncii, Familiei, Tineretului \u0219i Solidarit\u0103\u021bii Sociale (MMFTSS) a semnat un contract de finan\u021bare pentru implementarea proiectului &#8216;Promovarea, monitorizarea \u0219i evaluarea evolu\u021biei economiei sociale \u0219i a antreprenoriatului social \u00een Rom\u00e2nia&#8217;, cu scopul de a sprijini incluziunea social\u0103 \u0219i pentru reducerea marginaliz\u0103rii grupurilor vulnerabile. &#8216;Rom\u00e2nia a avut o tradi\u021bie puternic\u0103 \u00een economia social\u0103, iar acum este...","og_url":"https:\/\/carpathiacenter.ro\/en\/ministerul-muncii-proiect-de-33-milioane-de-euro-pentru-incluziune-sociala-si-reducerea-marginalizarii-grupurilor-vulnerabile\/","og_site_name":"Carpathia Center Romania","article_publisher":"https:\/\/www.facebook.com\/fdpscarpathia\/","article_published_time":"2025-04-07T10:43:06+00:00","og_image":[{"width":2560,"height":1707,"url":"https:\/\/carpathiacenter.ro\/wp-content\/uploads\/2025\/04\/team-glassblowers-with-arms-crossed-scaled.jpg","type":"image\/jpeg"}],"author":"creativebitsolutions","twitter_card":"summary_large_image","twitter_misc":{"Written by":"creativebitsolutions","Estimated reading time":"2 minutes"},"schema":{"@context":"https:\/\/schema.org","@graph":[{"@type":"Article","@id":"https:\/\/carpathiacenter.ro\/ministerul-muncii-proiect-de-33-milioane-de-euro-pentru-incluziune-sociala-si-reducerea-marginalizarii-grupurilor-vulnerabile\/#article","isPartOf":{"@id":"https:\/\/carpathiacenter.ro\/ministerul-muncii-proiect-de-33-milioane-de-euro-pentru-incluziune-sociala-si-reducerea-marginalizarii-grupurilor-vulnerabile\/"},"author":{"name":"creativebitsolutions","@id":"https:\/\/carpathiacenter.ro\/#\/schema\/person\/03d9f58202fee8379268f34afa195006"},"headline":"Ministerul Muncii: Proiect de 3,3 milioane de euro pentru incluziune social\u0103 \u0219i reducerea marginaliz\u0103rii grupurilor vulnerabile","datePublished":"2025-04-07T10:43:06+00:00","mainEntityOfPage":{"@id":"https:\/\/carpathiacenter.ro\/ministerul-muncii-proiect-de-33-milioane-de-euro-pentru-incluziune-sociala-si-reducerea-marginalizarii-grupurilor-vulnerabile\/"},"wordCount":394,"commentCount":0,"publisher":{"@id":"https:\/\/carpathiacenter.ro\/#organization"},"image":{"@id":"https:\/\/carpathiacenter.ro\/ministerul-muncii-proiect-de-33-milioane-de-euro-pentru-incluziune-sociala-si-reducerea-marginalizarii-grupurilor-vulnerabile\/#primaryimage"},"thumbnailUrl":"https:\/\/carpathiacenter.ro\/wp-content\/uploads\/2025\/04\/team-glassblowers-with-arms-crossed-scaled.jpg","articleSection":["Uncategorized"],"inLanguage":"en-GB","potentialAction":[{"@type":"CommentAction","name":"Comment","target":["https:\/\/carpathiacenter.ro\/ministerul-muncii-proiect-de-33-milioane-de-euro-pentru-incluziune-sociala-si-reducerea-marginalizarii-grupurilor-vulnerabile\/#respond"]}]},{"@type":"WebPage","@id":"https:\/\/carpathiacenter.ro\/ministerul-muncii-proiect-de-33-milioane-de-euro-pentru-incluziune-sociala-si-reducerea-marginalizarii-grupurilor-vulnerabile\/","url":"https:\/\/carpathiacenter.ro\/ministerul-muncii-proiect-de-33-milioane-de-euro-pentru-incluziune-sociala-si-reducerea-marginalizarii-grupurilor-vulnerabile\/","name":"Ministerul Muncii: Proiect de 3,3 milioane de euro pentru incluziune social\u0103 \u0219i reducerea marginaliz\u0103rii grupurilor vulnerabile - Carpathia Center Romania","isPartOf":{"@id":"https:\/\/carpathiacenter.ro\/#website"},"primaryImageOfPage":{"@id":"https:\/\/carpathiacenter.ro\/ministerul-muncii-proiect-de-33-milioane-de-euro-pentru-incluziune-sociala-si-reducerea-marginalizarii-grupurilor-vulnerabile\/#primaryimage"},"image":{"@id":"https:\/\/carpathiacenter.ro\/ministerul-muncii-proiect-de-33-milioane-de-euro-pentru-incluziune-sociala-si-reducerea-marginalizarii-grupurilor-vulnerabile\/#primaryimage"},"thumbnailUrl":"https:\/\/carpathiacenter.ro\/wp-content\/uploads\/2025\/04\/team-glassblowers-with-arms-crossed-scaled.jpg","datePublished":"2025-04-07T10:43:06+00:00","breadcrumb":{"@id":"https:\/\/carpathiacenter.ro\/ministerul-muncii-proiect-de-33-milioane-de-euro-pentru-incluziune-sociala-si-reducerea-marginalizarii-grupurilor-vulnerabile\/#breadcrumb"},"inLanguage":"en-GB","potentialAction":[{"@type":"ReadAction","target":["https:\/\/carpathiacenter.ro\/ministerul-muncii-proiect-de-33-milioane-de-euro-pentru-incluziune-sociala-si-reducerea-marginalizarii-grupurilor-vulnerabile\/"]}]},{"@type":"ImageObject","inLanguage":"en-GB","@id":"https:\/\/carpathiacenter.ro\/ministerul-muncii-proiect-de-33-milioane-de-euro-pentru-incluziune-sociala-si-reducerea-marginalizarii-grupurilor-vulnerabile\/#primaryimage","url":"https:\/\/carpathiacenter.ro\/wp-content\/uploads\/2025\/04\/team-glassblowers-with-arms-crossed-scaled.jpg","contentUrl":"https:\/\/carpathiacenter.ro\/wp-content\/uploads\/2025\/04\/team-glassblowers-with-arms-crossed-scaled.jpg","width":2560,"height":1707},{"@type":"BreadcrumbList","@id":"https:\/\/carpathiacenter.ro\/ministerul-muncii-proiect-de-33-milioane-de-euro-pentru-incluziune-sociala-si-reducerea-marginalizarii-grupurilor-vulnerabile\/#breadcrumb","itemListElement":[{"@type":"ListItem","position":1,"name":"Prima pagin\u0103","item":"https:\/\/carpathiacenter.ro\/"},{"@type":"ListItem","position":2,"name":"Ministerul Muncii: Proiect de 3,3 milioane de euro pentru incluziune social\u0103 \u0219i reducerea marginaliz\u0103rii grupurilor vulnerabile"}]},{"@type":"WebSite","@id":"https:\/\/carpathiacenter.ro\/#website","url":"https:\/\/carpathiacenter.ro\/","name":"Carpathia Center Romania","description":"Impossible made possible!","publisher":{"@id":"https:\/\/carpathiacenter.ro\/#organization"},"potentialAction":[{"@type":"SearchAction","target":{"@type":"EntryPoint","urlTemplate":"https:\/\/carpathiacenter.ro\/?s={search_term_string}"},"query-input":{"@type":"PropertyValueSpecification","valueRequired":true,"valueName":"search_term_string"}}],"inLanguage":"en-GB"},{"@type":"Organization","@id":"https:\/\/carpathiacenter.ro\/#organization","name":"Carpathia Center Romania","url":"https:\/\/carpathiacenter.ro\/","logo":{"@type":"ImageObject","inLanguage":"en-GB","@id":"https:\/\/carpathiacenter.ro\/#\/schema\/logo\/image\/","url":"https:\/\/carpathiacenter.ro\/wp-content\/uploads\/2024\/07\/logo-carpathia_bg_white-1024x941.png","contentUrl":"https:\/\/carpathiacenter.ro\/wp-content\/uploads\/2024\/07\/logo-carpathia_bg_white-1024x941.png","width":1024,"height":941,"caption":"Carpathia Center Romania"},"image":{"@id":"https:\/\/carpathiacenter.ro\/#\/schema\/logo\/image\/"},"sameAs":["https:\/\/www.facebook.com\/fdpscarpathia\/"]},{"@type":"Person","@id":"https:\/\/carpathiacenter.ro\/#\/schema\/person\/03d9f58202fee8379268f34afa195006","name":"creativebitsolutions","image":{"@type":"ImageObject","inLanguage":"en-GB","@id":"https:\/\/carpathiacenter.ro\/#\/schema\/person\/image\/","url":"https:\/\/secure.gravatar.com\/avatar\/1b1a13e37f847c635dab78348f1dff2f07651ee2a3d77a5c355a4b8c75f9165a?s=96&d=mm&r=g","contentUrl":"https:\/\/secure.gravatar.com\/avatar\/1b1a13e37f847c635dab78348f1dff2f07651ee2a3d77a5c355a4b8c75f9165a?s=96&d=mm&r=g","caption":"creativebitsolutions"},"url":"https:\/\/carpathiacenter.ro\/en\/author\/creativebitsolutions\/"}]}},"_links":{"self":[{"href":"https:\/\/carpathiacenter.ro\/en\/wp-json\/wp\/v2\/posts\/2145","targetHints":{"allow":["GET"]}}],"collection":[{"href":"https:\/\/carpathiacenter.ro\/en\/wp-json\/wp\/v2\/posts"}],"about":[{"href":"https:\/\/carpathiacenter.ro\/en\/wp-json\/wp\/v2\/types\/post"}],"author":[{"embeddable":true,"href":"https:\/\/carpathiacenter.ro\/en\/wp-json\/wp\/v2\/users\/4"}],"replies":[{"embeddable":true,"href":"https:\/\/carpathiacenter.ro\/en\/wp-json\/wp\/v2\/comments?post=2145"}],"version-history":[{"count":2,"href":"https:\/\/carpathiacenter.ro\/en\/wp-json\/wp\/v2\/posts\/2145\/revisions"}],"predecessor-version":[{"id":2149,"href":"https:\/\/carpathiacenter.ro\/en\/wp-json\/wp\/v2\/posts\/2145\/revisions\/2149"}],"wp:featuredmedia":[{"embeddable":true,"href":"https:\/\/carpathiacenter.ro\/en\/wp-json\/wp\/v2\/media\/2147"}],"wp:attachment":[{"href":"https:\/\/carpathiacenter.ro\/en\/wp-json\/wp\/v2\/media?parent=2145"}],"wp:term":[{"taxonomy":"category","embeddable":true,"href":"https:\/\/carpathiacenter.ro\/en\/wp-json\/wp\/v2\/categories?post=2145"},{"taxonomy":"post_tag","embeddable":true,"href":"https:\/\/carpathiacenter.ro\/en\/wp-json\/wp\/v2\/tags?post=2145"}],"curies":[{"name":"wp","href":"https:\/\/api.w.org\/{rel}","templated":true}]}}