{"id":2138,"date":"2025-04-04T09:54:20","date_gmt":"2025-04-04T09:54:20","guid":{"rendered":"https:\/\/carpathiacenter.ro\/?p=2138"},"modified":"2025-04-04T09:54:20","modified_gmt":"2025-04-04T09:54:20","slug":"daraban-ccir-pietele-din-caraibe-o-regiune-cu-un-potential-semnificativ-pentru-antreprenorii-romani","status":"publish","type":"post","link":"https:\/\/carpathiacenter.ro\/en\/daraban-ccir-pietele-din-caraibe-o-regiune-cu-un-potential-semnificativ-pentru-antreprenorii-romani\/","title":{"rendered":"Daraban (CCIR): Pie\u021bele din Caraibe, o regiune cu un poten\u021bial semnificativ pentru antreprenorii rom\u00e2ni"},"content":{"rendered":"<p><strong>Pie\u021bele din Caraibe este o regiune cu un poten\u021bial semnificativ pentru antreprenorii rom\u00e2ni care desf\u0103\u0219oar\u0103 activit\u0103\u021bi \u00een turism, investi\u021bii \u00een infrastructur\u0103, industria alimentar\u0103 \u0219i procesarea produselor agricole, pescuit \u0219i acvacultur\u0103, sus\u021bine pre\u0219edintele Camerei de Comer\u021b \u0219i Industrie a Rom\u00e2niei (CCIR), Mihai Daraban.<\/strong><\/p>\n<p>Potrivit unui comunicat remis joi AGERPRES, CCIR a g\u0103zduit joi, 3 aprilie, o \u00eent\u00e2lnire la nivel \u00eenalt \u00eentre pre\u0219edintele institu\u021biei, Mihai Daraban, \u0219i prim-ministrul guvernului statului St. Vincent \u0219i Grenadine, Ralph Gonsalves, aflat \u00een vizit\u0103 oficial\u0103 \u00een Rom\u00e2nia.<\/p>\n<p>&#8216;Prim-ministrul Dr. Ralph Gonsalves este unul dintre cei mai longevivi \u0219i mai influen\u021bi lideri politici din regiunea Caraibelor, postur\u0103 din care s-a impus ca o figur\u0103 emblematic\u0103 pentru \u00eentreaga comunitate a Americii Latine \u0219i zona caraibian\u0103.&#8217;, se men\u021bioneaz\u0103 \u00een comunicat.<\/p>\n<p>\u00cen anul 1973, Dr. Ralph Gonsalves s-a implicat \u00een fondarea organiza\u021biei economice zonale CARICOM (Comunitatea Caraibelor), desf\u0103\u0219ur\u00e2nd \u00een paralel o activitate politic\u0103 intens\u0103 \u00een cadrul Oranzia\u021biei Na\u021biunilor Unite (ONU), ca mediator al conflictului dintre Venezuela \u0219i Guyana, precizeaz\u0103 sursa citat\u0103.<\/p>\n<p>Pre\u0219edintele CCIR a subliniat faptul c\u0103 &#8216;\u00eent\u00e2lnirea de ast\u0103zi deschide noi oportunit\u0103\u021bi pentru mediul de afaceri rom\u00e2nesc&#8217;.<\/p>\n<p>&#8216;St. Vincent \u0219i Grenadine reprezint\u0103 o poart\u0103 de acces strategic\u0103 c\u0103tre pie\u021bele din Caraibe, o regiune cu un poten\u021bial semnificativ pentru antreprenorii rom\u00e2ni care desf\u0103\u0219oar\u0103 activit\u0103\u021bi \u00een turism, investi\u021bii \u00een infrastructur\u0103, industria alimentar\u0103 \u0219i procesarea produselor agricole, pescuit \u0219i acvacultur\u0103. \u00cen acest context, devine foarte important\u0103 invita\u021bia dlui prim-ministru adresat\u0103 mediului de afaceri rom\u00e2nesc de a stabili \u00een viitor o baz\u0103 opera\u021bional\u0103 comercial\u0103 \u00een aceast\u0103 \u021bar\u0103, care s\u0103 faciliteze accesul firmelor rom\u00e2ne\u0219ti la \u00eentreaga pia\u021b\u0103 caraibian\u0103&#8217;, a men\u021bionat Mihai Daraban.<\/p>\n<p>La r\u00e2ndul s\u0103u, Ralph Gonsalves a eviden\u021biat faptul c\u0103 &#8216;peste 95% din produsele consumate local provin din import, ceea ce \u00eenseamn\u0103 c\u0103 exist\u0103 un poten\u021bial considerabil pentru companiile rom\u00e2ne\u0219ti de a p\u0103trunde pe aceast\u0103 pia\u021b\u0103&#8217;.<\/p>\n<p>&#8216;La nivel na\u021bional, ne propunem s\u0103 dezvolt\u0103m infrastructura \u021b\u0103rii \u0219i, \u00een acela\u0219i timp, s\u0103 construim rela\u021bii economice \u0219i diplomatice cu parteneri din \u00eentreaga lume, dar mai ales cu statele din Estul Europei care fac parte din Uniunea European\u0103, precum Rom\u00e2nia&#8217;, a afirmat Ralph Gonsalves. AGERPRES\/(AS &#8211; redactor: Nicoleta B\u0103nciulea, editor: Mariana Nica, editor online: Irina Giurgiu)<\/p>\n<p>Sursa articolului:<a href=\"https:\/\/agerpres.ro\/economic\/2025\/04\/03\/daraban-ccir-pietele-din-caraibe-o-regiune-cu-un-potential-semnificativ-pentru-antreprenorii-romani--1437319\" target=\"_blank\" rel=\"noopener\" title=\"\">https:\/\/agerpres.ro\/economic\/2025\/04\/03\/daraban-ccir-pietele-din-caraibe-o-regiune-cu-un-potential-semnificativ-pentru-antreprenorii-romani&#8211;1437319<\/a><\/p>","protected":false},"excerpt":{"rendered":"<p>Pie\u021bele din Caraibe este o regiune cu un poten\u021bial semnificativ pentru antreprenorii rom\u00e2ni care desf\u0103\u0219oar\u0103 activit\u0103\u021bi \u00een turism, investi\u021bii \u00een infrastructur\u0103, industria alimentar\u0103 \u0219i procesarea produselor agricole, pescuit \u0219i acvacultur\u0103, sus\u021bine pre\u0219edintele Camerei de Comer\u021b \u0219i Industrie a Rom\u00e2niei (CCIR), Mihai Daraban. Potrivit unui comunicat remis joi AGERPRES, CCIR a g\u0103zduit joi, 3 aprilie, o&#8230;<\/p>","protected":false},"author":4,"featured_media":2139,"comment_status":"open","ping_status":"open","sticky":false,"template":"","format":"standard","meta":{"footnotes":""},"categories":[1],"tags":[],"class_list":["post-2138","post","type-post","status-publish","format-standard","has-post-thumbnail","hentry","category-uncategorized"],"yoast_head":"<!-- This site is optimized with the Yoast SEO plugin v26.1.1 - https:\/\/yoast.com\/wordpress\/plugins\/seo\/ -->\n<title>Daraban (CCIR): Pie\u021bele din Caraibe, o regiune cu un poten\u021bial semnificativ pentru antreprenorii rom\u00e2ni - Carpathia Center Romania<\/title>\n<meta name=\"robots\" content=\"index, follow, max-snippet:-1, max-image-preview:large, max-video-preview:-1\" \/>\n<link rel=\"canonical\" href=\"https:\/\/carpathiacenter.ro\/en\/daraban-ccir-pietele-din-caraibe-o-regiune-cu-un-potential-semnificativ-pentru-antreprenorii-romani\/\" \/>\n<meta property=\"og:locale\" content=\"en_GB\" \/>\n<meta property=\"og:type\" content=\"article\" \/>\n<meta property=\"og:title\" content=\"Daraban (CCIR): Pie\u021bele din Caraibe, o regiune cu un poten\u021bial semnificativ pentru antreprenorii rom\u00e2ni - Carpathia Center Romania\" \/>\n<meta property=\"og:description\" content=\"Pie\u021bele din Caraibe este o regiune cu un poten\u021bial semnificativ pentru antreprenorii rom\u00e2ni care desf\u0103\u0219oar\u0103 activit\u0103\u021bi \u00een turism, investi\u021bii \u00een infrastructur\u0103, industria alimentar\u0103 \u0219i procesarea produselor agricole, pescuit \u0219i acvacultur\u0103, sus\u021bine pre\u0219edintele Camerei de Comer\u021b \u0219i Industrie a Rom\u00e2niei (CCIR), Mihai Daraban. Potrivit unui comunicat remis joi AGERPRES, CCIR a g\u0103zduit joi, 3 aprilie, o...\" \/>\n<meta property=\"og:url\" content=\"https:\/\/carpathiacenter.ro\/en\/daraban-ccir-pietele-din-caraibe-o-regiune-cu-un-potential-semnificativ-pentru-antreprenorii-romani\/\" \/>\n<meta property=\"og:site_name\" content=\"Carpathia Center Romania\" \/>\n<meta property=\"article:publisher\" content=\"https:\/\/www.facebook.com\/fdpscarpathia\/\" \/>\n<meta property=\"article:published_time\" content=\"2025-04-04T09:54:20+00:00\" \/>\n<meta property=\"og:image\" content=\"https:\/\/carpathiacenter.ro\/wp-content\/uploads\/2025\/04\/Mihai-Daraban-scaled.jpg\" \/>\n\t<meta property=\"og:image:width\" content=\"2560\" \/>\n\t<meta property=\"og:image:height\" content=\"1706\" \/>\n\t<meta property=\"og:image:type\" content=\"image\/jpeg\" \/>\n<meta name=\"author\" content=\"creativebitsolutions\" \/>\n<meta name=\"twitter:card\" content=\"summary_large_image\" \/>\n<meta name=\"twitter:label1\" content=\"Written by\" \/>\n\t<meta name=\"twitter:data1\" content=\"creativebitsolutions\" \/>\n\t<meta name=\"twitter:label2\" content=\"Estimated reading time\" \/>\n\t<meta name=\"twitter:data2\" content=\"2 minutes\" \/>\n<script type=\"application\/ld+json\" class=\"yoast-schema-graph\">{\"@context\":\"https:\/\/schema.org\",\"@graph\":[{\"@type\":\"Article\",\"@id\":\"https:\/\/carpathiacenter.ro\/daraban-ccir-pietele-din-caraibe-o-regiune-cu-un-potential-semnificativ-pentru-antreprenorii-romani\/#article\",\"isPartOf\":{\"@id\":\"https:\/\/carpathiacenter.ro\/daraban-ccir-pietele-din-caraibe-o-regiune-cu-un-potential-semnificativ-pentru-antreprenorii-romani\/\"},\"author\":{\"name\":\"creativebitsolutions\",\"@id\":\"https:\/\/carpathiacenter.ro\/#\/schema\/person\/03d9f58202fee8379268f34afa195006\"},\"headline\":\"Daraban (CCIR): Pie\u021bele din Caraibe, o regiune cu un poten\u021bial semnificativ pentru antreprenorii rom\u00e2ni\",\"datePublished\":\"2025-04-04T09:54:20+00:00\",\"mainEntityOfPage\":{\"@id\":\"https:\/\/carpathiacenter.ro\/daraban-ccir-pietele-din-caraibe-o-regiune-cu-un-potential-semnificativ-pentru-antreprenorii-romani\/\"},\"wordCount\":422,\"commentCount\":0,\"publisher\":{\"@id\":\"https:\/\/carpathiacenter.ro\/#organization\"},\"image\":{\"@id\":\"https:\/\/carpathiacenter.ro\/daraban-ccir-pietele-din-caraibe-o-regiune-cu-un-potential-semnificativ-pentru-antreprenorii-romani\/#primaryimage\"},\"thumbnailUrl\":\"https:\/\/carpathiacenter.ro\/wp-content\/uploads\/2025\/04\/Mihai-Daraban-scaled.jpg\",\"articleSection\":[\"Uncategorized\"],\"inLanguage\":\"en-GB\",\"potentialAction\":[{\"@type\":\"CommentAction\",\"name\":\"Comment\",\"target\":[\"https:\/\/carpathiacenter.ro\/daraban-ccir-pietele-din-caraibe-o-regiune-cu-un-potential-semnificativ-pentru-antreprenorii-romani\/#respond\"]}]},{\"@type\":\"WebPage\",\"@id\":\"https:\/\/carpathiacenter.ro\/daraban-ccir-pietele-din-caraibe-o-regiune-cu-un-potential-semnificativ-pentru-antreprenorii-romani\/\",\"url\":\"https:\/\/carpathiacenter.ro\/daraban-ccir-pietele-din-caraibe-o-regiune-cu-un-potential-semnificativ-pentru-antreprenorii-romani\/\",\"name\":\"Daraban (CCIR): Pie\u021bele din Caraibe, o regiune cu un poten\u021bial semnificativ pentru antreprenorii rom\u00e2ni - Carpathia Center Romania\",\"isPartOf\":{\"@id\":\"https:\/\/carpathiacenter.ro\/#website\"},\"primaryImageOfPage\":{\"@id\":\"https:\/\/carpathiacenter.ro\/daraban-ccir-pietele-din-caraibe-o-regiune-cu-un-potential-semnificativ-pentru-antreprenorii-romani\/#primaryimage\"},\"image\":{\"@id\":\"https:\/\/carpathiacenter.ro\/daraban-ccir-pietele-din-caraibe-o-regiune-cu-un-potential-semnificativ-pentru-antreprenorii-romani\/#primaryimage\"},\"thumbnailUrl\":\"https:\/\/carpathiacenter.ro\/wp-content\/uploads\/2025\/04\/Mihai-Daraban-scaled.jpg\",\"datePublished\":\"2025-04-04T09:54:20+00:00\",\"breadcrumb\":{\"@id\":\"https:\/\/carpathiacenter.ro\/daraban-ccir-pietele-din-caraibe-o-regiune-cu-un-potential-semnificativ-pentru-antreprenorii-romani\/#breadcrumb\"},\"inLanguage\":\"en-GB\",\"potentialAction\":[{\"@type\":\"ReadAction\",\"target\":[\"https:\/\/carpathiacenter.ro\/daraban-ccir-pietele-din-caraibe-o-regiune-cu-un-potential-semnificativ-pentru-antreprenorii-romani\/\"]}]},{\"@type\":\"ImageObject\",\"inLanguage\":\"en-GB\",\"@id\":\"https:\/\/carpathiacenter.ro\/daraban-ccir-pietele-din-caraibe-o-regiune-cu-un-potential-semnificativ-pentru-antreprenorii-romani\/#primaryimage\",\"url\":\"https:\/\/carpathiacenter.ro\/wp-content\/uploads\/2025\/04\/Mihai-Daraban-scaled.jpg\",\"contentUrl\":\"https:\/\/carpathiacenter.ro\/wp-content\/uploads\/2025\/04\/Mihai-Daraban-scaled.jpg\",\"width\":2560,\"height\":1706},{\"@type\":\"BreadcrumbList\",\"@id\":\"https:\/\/carpathiacenter.ro\/daraban-ccir-pietele-din-caraibe-o-regiune-cu-un-potential-semnificativ-pentru-antreprenorii-romani\/#breadcrumb\",\"itemListElement\":[{\"@type\":\"ListItem\",\"position\":1,\"name\":\"Prima pagin\u0103\",\"item\":\"https:\/\/carpathiacenter.ro\/\"},{\"@type\":\"ListItem\",\"position\":2,\"name\":\"Daraban (CCIR): Pie\u021bele din Caraibe, o regiune cu un poten\u021bial semnificativ pentru antreprenorii rom\u00e2ni\"}]},{\"@type\":\"WebSite\",\"@id\":\"https:\/\/carpathiacenter.ro\/#website\",\"url\":\"https:\/\/carpathiacenter.ro\/\",\"name\":\"Carpathia Center Romania\",\"description\":\"Impossible made possible!\",\"publisher\":{\"@id\":\"https:\/\/carpathiacenter.ro\/#organization\"},\"potentialAction\":[{\"@type\":\"SearchAction\",\"target\":{\"@type\":\"EntryPoint\",\"urlTemplate\":\"https:\/\/carpathiacenter.ro\/?s={search_term_string}\"},\"query-input\":{\"@type\":\"PropertyValueSpecification\",\"valueRequired\":true,\"valueName\":\"search_term_string\"}}],\"inLanguage\":\"en-GB\"},{\"@type\":\"Organization\",\"@id\":\"https:\/\/carpathiacenter.ro\/#organization\",\"name\":\"Carpathia Center Romania\",\"url\":\"https:\/\/carpathiacenter.ro\/\",\"logo\":{\"@type\":\"ImageObject\",\"inLanguage\":\"en-GB\",\"@id\":\"https:\/\/carpathiacenter.ro\/#\/schema\/logo\/image\/\",\"url\":\"https:\/\/carpathiacenter.ro\/wp-content\/uploads\/2024\/07\/logo-carpathia_bg_white-1024x941.png\",\"contentUrl\":\"https:\/\/carpathiacenter.ro\/wp-content\/uploads\/2024\/07\/logo-carpathia_bg_white-1024x941.png\",\"width\":1024,\"height\":941,\"caption\":\"Carpathia Center Romania\"},\"image\":{\"@id\":\"https:\/\/carpathiacenter.ro\/#\/schema\/logo\/image\/\"},\"sameAs\":[\"https:\/\/www.facebook.com\/fdpscarpathia\/\"]},{\"@type\":\"Person\",\"@id\":\"https:\/\/carpathiacenter.ro\/#\/schema\/person\/03d9f58202fee8379268f34afa195006\",\"name\":\"creativebitsolutions\",\"image\":{\"@type\":\"ImageObject\",\"inLanguage\":\"en-GB\",\"@id\":\"https:\/\/carpathiacenter.ro\/#\/schema\/person\/image\/\",\"url\":\"https:\/\/secure.gravatar.com\/avatar\/1b1a13e37f847c635dab78348f1dff2f07651ee2a3d77a5c355a4b8c75f9165a?s=96&d=mm&r=g\",\"contentUrl\":\"https:\/\/secure.gravatar.com\/avatar\/1b1a13e37f847c635dab78348f1dff2f07651ee2a3d77a5c355a4b8c75f9165a?s=96&d=mm&r=g\",\"caption\":\"creativebitsolutions\"},\"url\":\"https:\/\/carpathiacenter.ro\/en\/author\/creativebitsolutions\/\"}]}<\/script>\n<!-- \/ Yoast SEO plugin. -->","yoast_head_json":{"title":"Daraban (CCIR): Pie\u021bele din Caraibe, o regiune cu un poten\u021bial semnificativ pentru antreprenorii rom\u00e2ni - Carpathia Center Romania","robots":{"index":"index","follow":"follow","max-snippet":"max-snippet:-1","max-image-preview":"max-image-preview:large","max-video-preview":"max-video-preview:-1"},"canonical":"https:\/\/carpathiacenter.ro\/en\/daraban-ccir-pietele-din-caraibe-o-regiune-cu-un-potential-semnificativ-pentru-antreprenorii-romani\/","og_locale":"en_GB","og_type":"article","og_title":"Daraban (CCIR): Pie\u021bele din Caraibe, o regiune cu un poten\u021bial semnificativ pentru antreprenorii rom\u00e2ni - Carpathia Center Romania","og_description":"Pie\u021bele din Caraibe este o regiune cu un poten\u021bial semnificativ pentru antreprenorii rom\u00e2ni care desf\u0103\u0219oar\u0103 activit\u0103\u021bi \u00een turism, investi\u021bii \u00een infrastructur\u0103, industria alimentar\u0103 \u0219i procesarea produselor agricole, pescuit \u0219i acvacultur\u0103, sus\u021bine pre\u0219edintele Camerei de Comer\u021b \u0219i Industrie a Rom\u00e2niei (CCIR), Mihai Daraban. Potrivit unui comunicat remis joi AGERPRES, CCIR a g\u0103zduit joi, 3 aprilie, o...","og_url":"https:\/\/carpathiacenter.ro\/en\/daraban-ccir-pietele-din-caraibe-o-regiune-cu-un-potential-semnificativ-pentru-antreprenorii-romani\/","og_site_name":"Carpathia Center Romania","article_publisher":"https:\/\/www.facebook.com\/fdpscarpathia\/","article_published_time":"2025-04-04T09:54:20+00:00","og_image":[{"width":2560,"height":1706,"url":"https:\/\/carpathiacenter.ro\/wp-content\/uploads\/2025\/04\/Mihai-Daraban-scaled.jpg","type":"image\/jpeg"}],"author":"creativebitsolutions","twitter_card":"summary_large_image","twitter_misc":{"Written by":"creativebitsolutions","Estimated reading time":"2 minutes"},"schema":{"@context":"https:\/\/schema.org","@graph":[{"@type":"Article","@id":"https:\/\/carpathiacenter.ro\/daraban-ccir-pietele-din-caraibe-o-regiune-cu-un-potential-semnificativ-pentru-antreprenorii-romani\/#article","isPartOf":{"@id":"https:\/\/carpathiacenter.ro\/daraban-ccir-pietele-din-caraibe-o-regiune-cu-un-potential-semnificativ-pentru-antreprenorii-romani\/"},"author":{"name":"creativebitsolutions","@id":"https:\/\/carpathiacenter.ro\/#\/schema\/person\/03d9f58202fee8379268f34afa195006"},"headline":"Daraban (CCIR): Pie\u021bele din Caraibe, o regiune cu un poten\u021bial semnificativ pentru antreprenorii rom\u00e2ni","datePublished":"2025-04-04T09:54:20+00:00","mainEntityOfPage":{"@id":"https:\/\/carpathiacenter.ro\/daraban-ccir-pietele-din-caraibe-o-regiune-cu-un-potential-semnificativ-pentru-antreprenorii-romani\/"},"wordCount":422,"commentCount":0,"publisher":{"@id":"https:\/\/carpathiacenter.ro\/#organization"},"image":{"@id":"https:\/\/carpathiacenter.ro\/daraban-ccir-pietele-din-caraibe-o-regiune-cu-un-potential-semnificativ-pentru-antreprenorii-romani\/#primaryimage"},"thumbnailUrl":"https:\/\/carpathiacenter.ro\/wp-content\/uploads\/2025\/04\/Mihai-Daraban-scaled.jpg","articleSection":["Uncategorized"],"inLanguage":"en-GB","potentialAction":[{"@type":"CommentAction","name":"Comment","target":["https:\/\/carpathiacenter.ro\/daraban-ccir-pietele-din-caraibe-o-regiune-cu-un-potential-semnificativ-pentru-antreprenorii-romani\/#respond"]}]},{"@type":"WebPage","@id":"https:\/\/carpathiacenter.ro\/daraban-ccir-pietele-din-caraibe-o-regiune-cu-un-potential-semnificativ-pentru-antreprenorii-romani\/","url":"https:\/\/carpathiacenter.ro\/daraban-ccir-pietele-din-caraibe-o-regiune-cu-un-potential-semnificativ-pentru-antreprenorii-romani\/","name":"Daraban (CCIR): Pie\u021bele din Caraibe, o regiune cu un poten\u021bial semnificativ pentru antreprenorii rom\u00e2ni - Carpathia Center Romania","isPartOf":{"@id":"https:\/\/carpathiacenter.ro\/#website"},"primaryImageOfPage":{"@id":"https:\/\/carpathiacenter.ro\/daraban-ccir-pietele-din-caraibe-o-regiune-cu-un-potential-semnificativ-pentru-antreprenorii-romani\/#primaryimage"},"image":{"@id":"https:\/\/carpathiacenter.ro\/daraban-ccir-pietele-din-caraibe-o-regiune-cu-un-potential-semnificativ-pentru-antreprenorii-romani\/#primaryimage"},"thumbnailUrl":"https:\/\/carpathiacenter.ro\/wp-content\/uploads\/2025\/04\/Mihai-Daraban-scaled.jpg","datePublished":"2025-04-04T09:54:20+00:00","breadcrumb":{"@id":"https:\/\/carpathiacenter.ro\/daraban-ccir-pietele-din-caraibe-o-regiune-cu-un-potential-semnificativ-pentru-antreprenorii-romani\/#breadcrumb"},"inLanguage":"en-GB","potentialAction":[{"@type":"ReadAction","target":["https:\/\/carpathiacenter.ro\/daraban-ccir-pietele-din-caraibe-o-regiune-cu-un-potential-semnificativ-pentru-antreprenorii-romani\/"]}]},{"@type":"ImageObject","inLanguage":"en-GB","@id":"https:\/\/carpathiacenter.ro\/daraban-ccir-pietele-din-caraibe-o-regiune-cu-un-potential-semnificativ-pentru-antreprenorii-romani\/#primaryimage","url":"https:\/\/carpathiacenter.ro\/wp-content\/uploads\/2025\/04\/Mihai-Daraban-scaled.jpg","contentUrl":"https:\/\/carpathiacenter.ro\/wp-content\/uploads\/2025\/04\/Mihai-Daraban-scaled.jpg","width":2560,"height":1706},{"@type":"BreadcrumbList","@id":"https:\/\/carpathiacenter.ro\/daraban-ccir-pietele-din-caraibe-o-regiune-cu-un-potential-semnificativ-pentru-antreprenorii-romani\/#breadcrumb","itemListElement":[{"@type":"ListItem","position":1,"name":"Prima pagin\u0103","item":"https:\/\/carpathiacenter.ro\/"},{"@type":"ListItem","position":2,"name":"Daraban (CCIR): Pie\u021bele din Caraibe, o regiune cu un poten\u021bial semnificativ pentru antreprenorii rom\u00e2ni"}]},{"@type":"WebSite","@id":"https:\/\/carpathiacenter.ro\/#website","url":"https:\/\/carpathiacenter.ro\/","name":"Carpathia Center Romania","description":"Impossible made possible!","publisher":{"@id":"https:\/\/carpathiacenter.ro\/#organization"},"potentialAction":[{"@type":"SearchAction","target":{"@type":"EntryPoint","urlTemplate":"https:\/\/carpathiacenter.ro\/?s={search_term_string}"},"query-input":{"@type":"PropertyValueSpecification","valueRequired":true,"valueName":"search_term_string"}}],"inLanguage":"en-GB"},{"@type":"Organization","@id":"https:\/\/carpathiacenter.ro\/#organization","name":"Carpathia Center Romania","url":"https:\/\/carpathiacenter.ro\/","logo":{"@type":"ImageObject","inLanguage":"en-GB","@id":"https:\/\/carpathiacenter.ro\/#\/schema\/logo\/image\/","url":"https:\/\/carpathiacenter.ro\/wp-content\/uploads\/2024\/07\/logo-carpathia_bg_white-1024x941.png","contentUrl":"https:\/\/carpathiacenter.ro\/wp-content\/uploads\/2024\/07\/logo-carpathia_bg_white-1024x941.png","width":1024,"height":941,"caption":"Carpathia Center Romania"},"image":{"@id":"https:\/\/carpathiacenter.ro\/#\/schema\/logo\/image\/"},"sameAs":["https:\/\/www.facebook.com\/fdpscarpathia\/"]},{"@type":"Person","@id":"https:\/\/carpathiacenter.ro\/#\/schema\/person\/03d9f58202fee8379268f34afa195006","name":"creativebitsolutions","image":{"@type":"ImageObject","inLanguage":"en-GB","@id":"https:\/\/carpathiacenter.ro\/#\/schema\/person\/image\/","url":"https:\/\/secure.gravatar.com\/avatar\/1b1a13e37f847c635dab78348f1dff2f07651ee2a3d77a5c355a4b8c75f9165a?s=96&d=mm&r=g","contentUrl":"https:\/\/secure.gravatar.com\/avatar\/1b1a13e37f847c635dab78348f1dff2f07651ee2a3d77a5c355a4b8c75f9165a?s=96&d=mm&r=g","caption":"creativebitsolutions"},"url":"https:\/\/carpathiacenter.ro\/en\/author\/creativebitsolutions\/"}]}},"_links":{"self":[{"href":"https:\/\/carpathiacenter.ro\/en\/wp-json\/wp\/v2\/posts\/2138","targetHints":{"allow":["GET"]}}],"collection":[{"href":"https:\/\/carpathiacenter.ro\/en\/wp-json\/wp\/v2\/posts"}],"about":[{"href":"https:\/\/carpathiacenter.ro\/en\/wp-json\/wp\/v2\/types\/post"}],"author":[{"embeddable":true,"href":"https:\/\/carpathiacenter.ro\/en\/wp-json\/wp\/v2\/users\/4"}],"replies":[{"embeddable":true,"href":"https:\/\/carpathiacenter.ro\/en\/wp-json\/wp\/v2\/comments?post=2138"}],"version-history":[{"count":1,"href":"https:\/\/carpathiacenter.ro\/en\/wp-json\/wp\/v2\/posts\/2138\/revisions"}],"predecessor-version":[{"id":2140,"href":"https:\/\/carpathiacenter.ro\/en\/wp-json\/wp\/v2\/posts\/2138\/revisions\/2140"}],"wp:featuredmedia":[{"embeddable":true,"href":"https:\/\/carpathiacenter.ro\/en\/wp-json\/wp\/v2\/media\/2139"}],"wp:attachment":[{"href":"https:\/\/carpathiacenter.ro\/en\/wp-json\/wp\/v2\/media?parent=2138"}],"wp:term":[{"taxonomy":"category","embeddable":true,"href":"https:\/\/carpathiacenter.ro\/en\/wp-json\/wp\/v2\/categories?post=2138"},{"taxonomy":"post_tag","embeddable":true,"href":"https:\/\/carpathiacenter.ro\/en\/wp-json\/wp\/v2\/tags?post=2138"}],"curies":[{"name":"wp","href":"https:\/\/api.w.org\/{rel}","templated":true}]}}