{"id":2116,"date":"2025-04-02T10:41:27","date_gmt":"2025-04-02T10:41:27","guid":{"rendered":"https:\/\/carpathiacenter.ro\/?p=2116"},"modified":"2025-04-02T10:51:49","modified_gmt":"2025-04-02T10:51:49","slug":"ministrul-agriculturii-programul-pentru-independenta-energetica-a-fermelor-prelungit-cu-o-luna","status":"publish","type":"post","link":"https:\/\/carpathiacenter.ro\/en\/ministrul-agriculturii-programul-pentru-independenta-energetica-a-fermelor-prelungit-cu-o-luna\/","title":{"rendered":"Ministrul Agriculturii: Programul pentru independen\u021ba energetic\u0103 a fermelor, prelungit cu o lun\u0103"},"content":{"rendered":"<p>Ministrul Agriculturii \u0219i Dezvolt\u0103rii Rurale, Florin-Ionu\u021b Barbu, a declarat miercuri, la T\u00e2rgu Mure\u0219, \u00een cadrul unei \u00eent\u00e2lniri cu membrii Federa\u021biei Cresc\u0103torilor de Bovine din Rom\u00e2nia, c\u0103 programul de independen\u021b\u0103 energetic\u0103 pentru instalarea unor sisteme fotovoltaice \u00een ferme \u0219i unit\u0103\u021bi de procesare a fost prelungit cu o lun\u0103.<\/p>\n<p>&#8216;Pe independen\u021ba energetic\u0103, \u00een momentul de fa\u021b\u0103 avem aloca\u021bi prin AFIR, iar\u0103\u0219i, 300 de milioane de euro pentru ca fermierii s\u0103 \u00ee\u0219i doteze fermele cu panouri fotovoltaice (&#8230;). Din p\u0103cate, am prelungit cu \u00eenc\u0103 o lun\u0103 acest program pentru c\u0103 depunerile nu au fost a\u0219a mari, undeva la 20 de milioane de euro. Eu sper \u00een continuare s\u0103 finaliza\u021bi aceste proiecte \u0219i s\u0103 depunem proiecte pentru a \u00eencerca s\u0103 sc\u0103dem costurile cu energia electric\u0103 \u00een fermele din Rom\u00e2nia \u0219i \u00een unit\u0103\u021bile de procesare&#8217;, a declarat ministrul Agriculturii. AGERPRES\/(A &#8211; redactor: Dorina Mati\u0219, editor: Irina Poenaru, editor online: Anda Badea)<\/p>\n<p>Sursa articolui:<a href=\"https:\/\/agerpres.ro\/social\/2025\/04\/02\/ministrul-agriculturii-programul-pentru-independenta-energetica-a-fermelor-prelungit-cu-o-luna--1436664\" target=\"_blank\" rel=\"noopener\" title=\"\">https:\/\/agerpres.ro\/social\/2025\/04\/02\/ministrul-agriculturii-programul-pentru-independenta-energetica-a-fermelor-prelungit-cu-o-luna&#8211;1436664<\/a><\/p>","protected":false},"excerpt":{"rendered":"<p>Ministrul Agriculturii \u0219i Dezvolt\u0103rii Rurale, Florin-Ionu\u021b Barbu, a declarat miercuri, la T\u00e2rgu Mure\u0219, \u00een cadrul unei \u00eent\u00e2lniri cu membrii Federa\u021biei Cresc\u0103torilor de Bovine din Rom\u00e2nia, c\u0103 programul de independen\u021b\u0103 energetic\u0103 pentru instalarea unor sisteme fotovoltaice \u00een ferme \u0219i unit\u0103\u021bi de procesare a fost prelungit cu o lun\u0103. &#8216;Pe independen\u021ba energetic\u0103, \u00een momentul de fa\u021b\u0103 avem&#8230;<\/p>","protected":false},"author":4,"featured_media":2117,"comment_status":"open","ping_status":"open","sticky":false,"template":"","format":"standard","meta":{"footnotes":""},"categories":[1],"tags":[],"class_list":["post-2116","post","type-post","status-publish","format-standard","has-post-thumbnail","hentry","category-uncategorized"],"yoast_head":"<!-- This site is optimized with the Yoast SEO plugin v26.1.1 - https:\/\/yoast.com\/wordpress\/plugins\/seo\/ -->\n<title>Ministrul Agriculturii: Programul pentru independen\u021ba energetic\u0103 a fermelor, prelungit cu o lun\u0103 - Carpathia Center Romania<\/title>\n<meta name=\"robots\" content=\"index, follow, max-snippet:-1, max-image-preview:large, max-video-preview:-1\" \/>\n<link rel=\"canonical\" href=\"https:\/\/carpathiacenter.ro\/en\/ministrul-agriculturii-programul-pentru-independenta-energetica-a-fermelor-prelungit-cu-o-luna\/\" \/>\n<meta property=\"og:locale\" content=\"en_GB\" \/>\n<meta property=\"og:type\" content=\"article\" \/>\n<meta property=\"og:title\" content=\"Ministrul Agriculturii: Programul pentru independen\u021ba energetic\u0103 a fermelor, prelungit cu o lun\u0103 - Carpathia Center Romania\" \/>\n<meta property=\"og:description\" content=\"Ministrul Agriculturii \u0219i Dezvolt\u0103rii Rurale, Florin-Ionu\u021b Barbu, a declarat miercuri, la T\u00e2rgu Mure\u0219, \u00een cadrul unei \u00eent\u00e2lniri cu membrii Federa\u021biei Cresc\u0103torilor de Bovine din Rom\u00e2nia, c\u0103 programul de independen\u021b\u0103 energetic\u0103 pentru instalarea unor sisteme fotovoltaice \u00een ferme \u0219i unit\u0103\u021bi de procesare a fost prelungit cu o lun\u0103. &#8216;Pe independen\u021ba energetic\u0103, \u00een momentul de fa\u021b\u0103 avem...\" \/>\n<meta property=\"og:url\" content=\"https:\/\/carpathiacenter.ro\/en\/ministrul-agriculturii-programul-pentru-independenta-energetica-a-fermelor-prelungit-cu-o-luna\/\" \/>\n<meta property=\"og:site_name\" content=\"Carpathia Center Romania\" \/>\n<meta property=\"article:publisher\" content=\"https:\/\/www.facebook.com\/fdpscarpathia\/\" \/>\n<meta property=\"article:published_time\" content=\"2025-04-02T10:41:27+00:00\" \/>\n<meta property=\"article:modified_time\" content=\"2025-04-02T10:51:49+00:00\" \/>\n<meta property=\"og:image\" content=\"https:\/\/carpathiacenter.ro\/wp-content\/uploads\/2025\/04\/Florin-Barbu.jpg\" \/>\n\t<meta property=\"og:image:width\" content=\"600\" \/>\n\t<meta property=\"og:image:height\" content=\"400\" \/>\n\t<meta property=\"og:image:type\" content=\"image\/jpeg\" \/>\n<meta name=\"author\" content=\"creativebitsolutions\" \/>\n<meta name=\"twitter:card\" content=\"summary_large_image\" \/>\n<meta name=\"twitter:label1\" content=\"Written by\" \/>\n\t<meta name=\"twitter:data1\" content=\"creativebitsolutions\" \/>\n\t<meta name=\"twitter:label2\" content=\"Estimated reading time\" \/>\n\t<meta name=\"twitter:data2\" content=\"1 minute\" \/>\n<script type=\"application\/ld+json\" class=\"yoast-schema-graph\">{\"@context\":\"https:\/\/schema.org\",\"@graph\":[{\"@type\":\"Article\",\"@id\":\"https:\/\/carpathiacenter.ro\/ministrul-agriculturii-programul-pentru-independenta-energetica-a-fermelor-prelungit-cu-o-luna\/#article\",\"isPartOf\":{\"@id\":\"https:\/\/carpathiacenter.ro\/ministrul-agriculturii-programul-pentru-independenta-energetica-a-fermelor-prelungit-cu-o-luna\/\"},\"author\":{\"name\":\"creativebitsolutions\",\"@id\":\"https:\/\/carpathiacenter.ro\/#\/schema\/person\/03d9f58202fee8379268f34afa195006\"},\"headline\":\"Ministrul Agriculturii: Programul pentru independen\u021ba energetic\u0103 a fermelor, prelungit cu o lun\u0103\",\"datePublished\":\"2025-04-02T10:41:27+00:00\",\"dateModified\":\"2025-04-02T10:51:49+00:00\",\"mainEntityOfPage\":{\"@id\":\"https:\/\/carpathiacenter.ro\/ministrul-agriculturii-programul-pentru-independenta-energetica-a-fermelor-prelungit-cu-o-luna\/\"},\"wordCount\":180,\"commentCount\":0,\"publisher\":{\"@id\":\"https:\/\/carpathiacenter.ro\/#organization\"},\"image\":{\"@id\":\"https:\/\/carpathiacenter.ro\/ministrul-agriculturii-programul-pentru-independenta-energetica-a-fermelor-prelungit-cu-o-luna\/#primaryimage\"},\"thumbnailUrl\":\"https:\/\/carpathiacenter.ro\/wp-content\/uploads\/2025\/04\/Florin-Barbu.jpg\",\"articleSection\":[\"Uncategorized\"],\"inLanguage\":\"en-GB\",\"potentialAction\":[{\"@type\":\"CommentAction\",\"name\":\"Comment\",\"target\":[\"https:\/\/carpathiacenter.ro\/ministrul-agriculturii-programul-pentru-independenta-energetica-a-fermelor-prelungit-cu-o-luna\/#respond\"]}]},{\"@type\":\"WebPage\",\"@id\":\"https:\/\/carpathiacenter.ro\/ministrul-agriculturii-programul-pentru-independenta-energetica-a-fermelor-prelungit-cu-o-luna\/\",\"url\":\"https:\/\/carpathiacenter.ro\/ministrul-agriculturii-programul-pentru-independenta-energetica-a-fermelor-prelungit-cu-o-luna\/\",\"name\":\"Ministrul Agriculturii: Programul pentru independen\u021ba energetic\u0103 a fermelor, prelungit cu o lun\u0103 - Carpathia Center Romania\",\"isPartOf\":{\"@id\":\"https:\/\/carpathiacenter.ro\/#website\"},\"primaryImageOfPage\":{\"@id\":\"https:\/\/carpathiacenter.ro\/ministrul-agriculturii-programul-pentru-independenta-energetica-a-fermelor-prelungit-cu-o-luna\/#primaryimage\"},\"image\":{\"@id\":\"https:\/\/carpathiacenter.ro\/ministrul-agriculturii-programul-pentru-independenta-energetica-a-fermelor-prelungit-cu-o-luna\/#primaryimage\"},\"thumbnailUrl\":\"https:\/\/carpathiacenter.ro\/wp-content\/uploads\/2025\/04\/Florin-Barbu.jpg\",\"datePublished\":\"2025-04-02T10:41:27+00:00\",\"dateModified\":\"2025-04-02T10:51:49+00:00\",\"breadcrumb\":{\"@id\":\"https:\/\/carpathiacenter.ro\/ministrul-agriculturii-programul-pentru-independenta-energetica-a-fermelor-prelungit-cu-o-luna\/#breadcrumb\"},\"inLanguage\":\"en-GB\",\"potentialAction\":[{\"@type\":\"ReadAction\",\"target\":[\"https:\/\/carpathiacenter.ro\/ministrul-agriculturii-programul-pentru-independenta-energetica-a-fermelor-prelungit-cu-o-luna\/\"]}]},{\"@type\":\"ImageObject\",\"inLanguage\":\"en-GB\",\"@id\":\"https:\/\/carpathiacenter.ro\/ministrul-agriculturii-programul-pentru-independenta-energetica-a-fermelor-prelungit-cu-o-luna\/#primaryimage\",\"url\":\"https:\/\/carpathiacenter.ro\/wp-content\/uploads\/2025\/04\/Florin-Barbu.jpg\",\"contentUrl\":\"https:\/\/carpathiacenter.ro\/wp-content\/uploads\/2025\/04\/Florin-Barbu.jpg\",\"width\":600,\"height\":400},{\"@type\":\"BreadcrumbList\",\"@id\":\"https:\/\/carpathiacenter.ro\/ministrul-agriculturii-programul-pentru-independenta-energetica-a-fermelor-prelungit-cu-o-luna\/#breadcrumb\",\"itemListElement\":[{\"@type\":\"ListItem\",\"position\":1,\"name\":\"Prima pagin\u0103\",\"item\":\"https:\/\/carpathiacenter.ro\/\"},{\"@type\":\"ListItem\",\"position\":2,\"name\":\"Ministrul Agriculturii: Programul pentru independen\u021ba energetic\u0103 a fermelor, prelungit cu o lun\u0103\"}]},{\"@type\":\"WebSite\",\"@id\":\"https:\/\/carpathiacenter.ro\/#website\",\"url\":\"https:\/\/carpathiacenter.ro\/\",\"name\":\"Carpathia Center Romania\",\"description\":\"Impossible made possible!\",\"publisher\":{\"@id\":\"https:\/\/carpathiacenter.ro\/#organization\"},\"potentialAction\":[{\"@type\":\"SearchAction\",\"target\":{\"@type\":\"EntryPoint\",\"urlTemplate\":\"https:\/\/carpathiacenter.ro\/?s={search_term_string}\"},\"query-input\":{\"@type\":\"PropertyValueSpecification\",\"valueRequired\":true,\"valueName\":\"search_term_string\"}}],\"inLanguage\":\"en-GB\"},{\"@type\":\"Organization\",\"@id\":\"https:\/\/carpathiacenter.ro\/#organization\",\"name\":\"Carpathia Center Romania\",\"url\":\"https:\/\/carpathiacenter.ro\/\",\"logo\":{\"@type\":\"ImageObject\",\"inLanguage\":\"en-GB\",\"@id\":\"https:\/\/carpathiacenter.ro\/#\/schema\/logo\/image\/\",\"url\":\"https:\/\/carpathiacenter.ro\/wp-content\/uploads\/2024\/07\/logo-carpathia_bg_white-1024x941.png\",\"contentUrl\":\"https:\/\/carpathiacenter.ro\/wp-content\/uploads\/2024\/07\/logo-carpathia_bg_white-1024x941.png\",\"width\":1024,\"height\":941,\"caption\":\"Carpathia Center Romania\"},\"image\":{\"@id\":\"https:\/\/carpathiacenter.ro\/#\/schema\/logo\/image\/\"},\"sameAs\":[\"https:\/\/www.facebook.com\/fdpscarpathia\/\"]},{\"@type\":\"Person\",\"@id\":\"https:\/\/carpathiacenter.ro\/#\/schema\/person\/03d9f58202fee8379268f34afa195006\",\"name\":\"creativebitsolutions\",\"image\":{\"@type\":\"ImageObject\",\"inLanguage\":\"en-GB\",\"@id\":\"https:\/\/carpathiacenter.ro\/#\/schema\/person\/image\/\",\"url\":\"https:\/\/secure.gravatar.com\/avatar\/1b1a13e37f847c635dab78348f1dff2f07651ee2a3d77a5c355a4b8c75f9165a?s=96&d=mm&r=g\",\"contentUrl\":\"https:\/\/secure.gravatar.com\/avatar\/1b1a13e37f847c635dab78348f1dff2f07651ee2a3d77a5c355a4b8c75f9165a?s=96&d=mm&r=g\",\"caption\":\"creativebitsolutions\"},\"url\":\"https:\/\/carpathiacenter.ro\/en\/author\/creativebitsolutions\/\"}]}<\/script>\n<!-- \/ Yoast SEO plugin. -->","yoast_head_json":{"title":"Ministrul Agriculturii: Programul pentru independen\u021ba energetic\u0103 a fermelor, prelungit cu o lun\u0103 - Carpathia Center Romania","robots":{"index":"index","follow":"follow","max-snippet":"max-snippet:-1","max-image-preview":"max-image-preview:large","max-video-preview":"max-video-preview:-1"},"canonical":"https:\/\/carpathiacenter.ro\/en\/ministrul-agriculturii-programul-pentru-independenta-energetica-a-fermelor-prelungit-cu-o-luna\/","og_locale":"en_GB","og_type":"article","og_title":"Ministrul Agriculturii: Programul pentru independen\u021ba energetic\u0103 a fermelor, prelungit cu o lun\u0103 - Carpathia Center Romania","og_description":"Ministrul Agriculturii \u0219i Dezvolt\u0103rii Rurale, Florin-Ionu\u021b Barbu, a declarat miercuri, la T\u00e2rgu Mure\u0219, \u00een cadrul unei \u00eent\u00e2lniri cu membrii Federa\u021biei Cresc\u0103torilor de Bovine din Rom\u00e2nia, c\u0103 programul de independen\u021b\u0103 energetic\u0103 pentru instalarea unor sisteme fotovoltaice \u00een ferme \u0219i unit\u0103\u021bi de procesare a fost prelungit cu o lun\u0103. &#8216;Pe independen\u021ba energetic\u0103, \u00een momentul de fa\u021b\u0103 avem...","og_url":"https:\/\/carpathiacenter.ro\/en\/ministrul-agriculturii-programul-pentru-independenta-energetica-a-fermelor-prelungit-cu-o-luna\/","og_site_name":"Carpathia Center Romania","article_publisher":"https:\/\/www.facebook.com\/fdpscarpathia\/","article_published_time":"2025-04-02T10:41:27+00:00","article_modified_time":"2025-04-02T10:51:49+00:00","og_image":[{"width":600,"height":400,"url":"https:\/\/carpathiacenter.ro\/wp-content\/uploads\/2025\/04\/Florin-Barbu.jpg","type":"image\/jpeg"}],"author":"creativebitsolutions","twitter_card":"summary_large_image","twitter_misc":{"Written by":"creativebitsolutions","Estimated reading time":"1 minute"},"schema":{"@context":"https:\/\/schema.org","@graph":[{"@type":"Article","@id":"https:\/\/carpathiacenter.ro\/ministrul-agriculturii-programul-pentru-independenta-energetica-a-fermelor-prelungit-cu-o-luna\/#article","isPartOf":{"@id":"https:\/\/carpathiacenter.ro\/ministrul-agriculturii-programul-pentru-independenta-energetica-a-fermelor-prelungit-cu-o-luna\/"},"author":{"name":"creativebitsolutions","@id":"https:\/\/carpathiacenter.ro\/#\/schema\/person\/03d9f58202fee8379268f34afa195006"},"headline":"Ministrul Agriculturii: Programul pentru independen\u021ba energetic\u0103 a fermelor, prelungit cu o lun\u0103","datePublished":"2025-04-02T10:41:27+00:00","dateModified":"2025-04-02T10:51:49+00:00","mainEntityOfPage":{"@id":"https:\/\/carpathiacenter.ro\/ministrul-agriculturii-programul-pentru-independenta-energetica-a-fermelor-prelungit-cu-o-luna\/"},"wordCount":180,"commentCount":0,"publisher":{"@id":"https:\/\/carpathiacenter.ro\/#organization"},"image":{"@id":"https:\/\/carpathiacenter.ro\/ministrul-agriculturii-programul-pentru-independenta-energetica-a-fermelor-prelungit-cu-o-luna\/#primaryimage"},"thumbnailUrl":"https:\/\/carpathiacenter.ro\/wp-content\/uploads\/2025\/04\/Florin-Barbu.jpg","articleSection":["Uncategorized"],"inLanguage":"en-GB","potentialAction":[{"@type":"CommentAction","name":"Comment","target":["https:\/\/carpathiacenter.ro\/ministrul-agriculturii-programul-pentru-independenta-energetica-a-fermelor-prelungit-cu-o-luna\/#respond"]}]},{"@type":"WebPage","@id":"https:\/\/carpathiacenter.ro\/ministrul-agriculturii-programul-pentru-independenta-energetica-a-fermelor-prelungit-cu-o-luna\/","url":"https:\/\/carpathiacenter.ro\/ministrul-agriculturii-programul-pentru-independenta-energetica-a-fermelor-prelungit-cu-o-luna\/","name":"Ministrul Agriculturii: Programul pentru independen\u021ba energetic\u0103 a fermelor, prelungit cu o lun\u0103 - Carpathia Center Romania","isPartOf":{"@id":"https:\/\/carpathiacenter.ro\/#website"},"primaryImageOfPage":{"@id":"https:\/\/carpathiacenter.ro\/ministrul-agriculturii-programul-pentru-independenta-energetica-a-fermelor-prelungit-cu-o-luna\/#primaryimage"},"image":{"@id":"https:\/\/carpathiacenter.ro\/ministrul-agriculturii-programul-pentru-independenta-energetica-a-fermelor-prelungit-cu-o-luna\/#primaryimage"},"thumbnailUrl":"https:\/\/carpathiacenter.ro\/wp-content\/uploads\/2025\/04\/Florin-Barbu.jpg","datePublished":"2025-04-02T10:41:27+00:00","dateModified":"2025-04-02T10:51:49+00:00","breadcrumb":{"@id":"https:\/\/carpathiacenter.ro\/ministrul-agriculturii-programul-pentru-independenta-energetica-a-fermelor-prelungit-cu-o-luna\/#breadcrumb"},"inLanguage":"en-GB","potentialAction":[{"@type":"ReadAction","target":["https:\/\/carpathiacenter.ro\/ministrul-agriculturii-programul-pentru-independenta-energetica-a-fermelor-prelungit-cu-o-luna\/"]}]},{"@type":"ImageObject","inLanguage":"en-GB","@id":"https:\/\/carpathiacenter.ro\/ministrul-agriculturii-programul-pentru-independenta-energetica-a-fermelor-prelungit-cu-o-luna\/#primaryimage","url":"https:\/\/carpathiacenter.ro\/wp-content\/uploads\/2025\/04\/Florin-Barbu.jpg","contentUrl":"https:\/\/carpathiacenter.ro\/wp-content\/uploads\/2025\/04\/Florin-Barbu.jpg","width":600,"height":400},{"@type":"BreadcrumbList","@id":"https:\/\/carpathiacenter.ro\/ministrul-agriculturii-programul-pentru-independenta-energetica-a-fermelor-prelungit-cu-o-luna\/#breadcrumb","itemListElement":[{"@type":"ListItem","position":1,"name":"Prima pagin\u0103","item":"https:\/\/carpathiacenter.ro\/"},{"@type":"ListItem","position":2,"name":"Ministrul Agriculturii: Programul pentru independen\u021ba energetic\u0103 a fermelor, prelungit cu o lun\u0103"}]},{"@type":"WebSite","@id":"https:\/\/carpathiacenter.ro\/#website","url":"https:\/\/carpathiacenter.ro\/","name":"Carpathia Center Romania","description":"Impossible made possible!","publisher":{"@id":"https:\/\/carpathiacenter.ro\/#organization"},"potentialAction":[{"@type":"SearchAction","target":{"@type":"EntryPoint","urlTemplate":"https:\/\/carpathiacenter.ro\/?s={search_term_string}"},"query-input":{"@type":"PropertyValueSpecification","valueRequired":true,"valueName":"search_term_string"}}],"inLanguage":"en-GB"},{"@type":"Organization","@id":"https:\/\/carpathiacenter.ro\/#organization","name":"Carpathia Center Romania","url":"https:\/\/carpathiacenter.ro\/","logo":{"@type":"ImageObject","inLanguage":"en-GB","@id":"https:\/\/carpathiacenter.ro\/#\/schema\/logo\/image\/","url":"https:\/\/carpathiacenter.ro\/wp-content\/uploads\/2024\/07\/logo-carpathia_bg_white-1024x941.png","contentUrl":"https:\/\/carpathiacenter.ro\/wp-content\/uploads\/2024\/07\/logo-carpathia_bg_white-1024x941.png","width":1024,"height":941,"caption":"Carpathia Center Romania"},"image":{"@id":"https:\/\/carpathiacenter.ro\/#\/schema\/logo\/image\/"},"sameAs":["https:\/\/www.facebook.com\/fdpscarpathia\/"]},{"@type":"Person","@id":"https:\/\/carpathiacenter.ro\/#\/schema\/person\/03d9f58202fee8379268f34afa195006","name":"creativebitsolutions","image":{"@type":"ImageObject","inLanguage":"en-GB","@id":"https:\/\/carpathiacenter.ro\/#\/schema\/person\/image\/","url":"https:\/\/secure.gravatar.com\/avatar\/1b1a13e37f847c635dab78348f1dff2f07651ee2a3d77a5c355a4b8c75f9165a?s=96&d=mm&r=g","contentUrl":"https:\/\/secure.gravatar.com\/avatar\/1b1a13e37f847c635dab78348f1dff2f07651ee2a3d77a5c355a4b8c75f9165a?s=96&d=mm&r=g","caption":"creativebitsolutions"},"url":"https:\/\/carpathiacenter.ro\/en\/author\/creativebitsolutions\/"}]}},"_links":{"self":[{"href":"https:\/\/carpathiacenter.ro\/en\/wp-json\/wp\/v2\/posts\/2116","targetHints":{"allow":["GET"]}}],"collection":[{"href":"https:\/\/carpathiacenter.ro\/en\/wp-json\/wp\/v2\/posts"}],"about":[{"href":"https:\/\/carpathiacenter.ro\/en\/wp-json\/wp\/v2\/types\/post"}],"author":[{"embeddable":true,"href":"https:\/\/carpathiacenter.ro\/en\/wp-json\/wp\/v2\/users\/4"}],"replies":[{"embeddable":true,"href":"https:\/\/carpathiacenter.ro\/en\/wp-json\/wp\/v2\/comments?post=2116"}],"version-history":[{"count":2,"href":"https:\/\/carpathiacenter.ro\/en\/wp-json\/wp\/v2\/posts\/2116\/revisions"}],"predecessor-version":[{"id":2125,"href":"https:\/\/carpathiacenter.ro\/en\/wp-json\/wp\/v2\/posts\/2116\/revisions\/2125"}],"wp:featuredmedia":[{"embeddable":true,"href":"https:\/\/carpathiacenter.ro\/en\/wp-json\/wp\/v2\/media\/2117"}],"wp:attachment":[{"href":"https:\/\/carpathiacenter.ro\/en\/wp-json\/wp\/v2\/media?parent=2116"}],"wp:term":[{"taxonomy":"category","embeddable":true,"href":"https:\/\/carpathiacenter.ro\/en\/wp-json\/wp\/v2\/categories?post=2116"},{"taxonomy":"post_tag","embeddable":true,"href":"https:\/\/carpathiacenter.ro\/en\/wp-json\/wp\/v2\/tags?post=2116"}],"curies":[{"name":"wp","href":"https:\/\/api.w.org\/{rel}","templated":true}]}}