{"id":2111,"date":"2025-04-01T08:30:13","date_gmt":"2025-04-01T08:30:13","guid":{"rendered":"https:\/\/carpathiacenter.ro\/?p=2111"},"modified":"2025-04-01T08:30:13","modified_gmt":"2025-04-01T08:30:13","slug":"burduja-despre-facturile-la-energie-dupa-1-iulie-suntem-pregatiti-sa-ii-protejam-pe-romanii-care-au-cu-adevarat-nevoie","status":"publish","type":"post","link":"https:\/\/carpathiacenter.ro\/en\/burduja-despre-facturile-la-energie-dupa-1-iulie-suntem-pregatiti-sa-ii-protejam-pe-romanii-care-au-cu-adevarat-nevoie\/","title":{"rendered":"Burduja, despre facturile la energie dup\u0103 1 iulie: Suntem preg\u0103ti\u021bi s\u0103 \u00eei protej\u0103m pe rom\u00e2nii care au cu adev\u0103rat nevoie"},"content":{"rendered":"<p><strong>Ministerul Muncii \u0219i-a asumat ca, p\u00e2n\u0103 la 15 iunie, s\u0103 vin\u0103 cu un mecanism de protec\u021bie pentru rom\u00e2nii care &#8216;au cu adev\u0103rat o greutate&#8217; pentru plata facturilor la energie electric\u0103, a afirmat, luni, ministrul Energiei, Sebastian Burduja, dup\u0103 respingerea, \u00een plenul Senatului, a mo\u021biunii simple \u00eempotriva sa.<\/strong><\/p>\n<p>&#8216;La energie electric\u0103, pia\u021ba este \u00eentr-o alt\u0103 dinamic\u0103. La nivel european, pre\u021burile au crescut destul de mult, 25 &#8211; 30%, de aceea am \u0219i luat m\u0103sura prelungirii schemei de plafonare &#8211; compensare (n.r. p\u00e2n\u0103 la 1 iulie a.c.). Se pot \u00eent\u00e2mpla multe p\u00e2n\u0103 \u00een 1 iulie, suntem preg\u0103ti\u021bi pe diverse scenarii. Scenariul de baz\u0103 pe care mergem acum este s\u0103 \u00eei protej\u0103m pe rom\u00e2nii care au cu adev\u0103rat nevoie de sprijinul statului printr-un mecanism de tip voucher sau card pentru energie. Prin Ordonan\u021ba 6, cea care a prelungit aceste scheme, Ministerul Muncii \u0219i-a asumat ca, p\u00e2n\u0103 la 15 iunie, s\u0103 vin\u0103 cu aceast\u0103 propunere de mecanism \u0219i, practic, s\u0103 avem o protec\u021bie care cei cu adev\u0103rat au o greutate pentru plata facturilor&#8217;, a precizat Burduja.<\/p>\n<p>El a ad\u0103ugat c\u0103 rom\u00e2nii ar trebui s\u0103 intre pe site-ul ANRE \u0219i s\u0103-\u0219i aleag\u0103, din timp, oferte de furnizare competitive.<\/p>\n<p>&#8216;Nu se sus\u021bine scenariul acesta al exploziei (&#8230;). Pentru rom\u00e2nii care au un consum de peste 300 de kW pe lun\u0103, cel mai probabil pre\u021burile vor sc\u0103dea. Sunt rom\u00e2ni \u00een mediul urban care au consum mai mare, familie mai numeroas\u0103 \u0219i sunt la 1,3 lei kWh, exist\u0103 oferte mai mici pe pia\u021b\u0103 \u00een momentul \u0103sta \u0219i dup\u0103 perioada dup\u0103 1 iulie. E important ca rom\u00e2nii s\u0103 intre pe site-ul ANRE \u0219i s\u0103-\u0219i aleag\u0103 oferte de furnizare competitiv\u0103, foarte bun\u0103, cea care le convine cel mai mult. Cu c\u00e2t mai din timp, cu at\u00e2t mai bine. Dar mesajul cel mai important e pentru rom\u00e2nii care sunt \u00een nevoie, cei care sunt \u00een s\u0103r\u0103cie energetic\u0103, cei vulnerabili, cei care au poate un aparat medical acas\u0103 \u0219i au un consum mare de energie electric\u0103. Pe ei, statul \u00eei va proteja \u00een continuare printr-un mecanism dedicat \u0219i cred c\u0103 a\u0219a este cel mai corect, ca sprijinul statului s\u0103 mearg\u0103 cu prioritate c\u0103tre rom\u00e2nii care au cea mai nevoie&#8217;, a transmis Burduja.<\/p>\n<p>El a ad\u0103ugat c\u0103 remediul pe termen mediu \u0219i lung este ca Rom\u00e2nia s\u0103-\u0219i creasc\u0103 capacitatea de produc\u021bie.<\/p>\n<p>&#8216;Asta \u00eenseamn\u0103 s\u0103 nu mai depindem de al\u021bii, s\u0103 nu mai apel\u0103m la importuri atunci c\u00e2nd este secet\u0103, nu bate v\u00e2ntul \u0219i asta va asigura un pre\u021b mult mai bun \u00een facturi. De aceea, am lansat cel mai important program de investi\u021bii \u00een sectorul energetic dup\u0103 Revolu\u021bie. Sunt 14 miliarde de euro doar fonduri nerambursabile, uita\u021bi-v\u0103 pe cifre, roadele deja \u00eencep s\u0103 se vad\u0103. Anul trecut, 1.251 de megawa\u021bi noi \u00een sistem, \u00eenseamn\u0103 c\u00e2t opt ani la un loc \u00eenainte. Anul acesta ne dorim s\u0103 dubl\u0103m aceast\u0103 performan\u021b\u0103 \u0219i o s\u0103 vede\u021bi un trend ascendent \u0219i \u00een anii urm\u0103tori. E adev\u0103rat c\u0103 lucrurile nu o s\u0103 se simt\u0103 de azi pe m\u00e2ine, dar mesajul important \u0219i pentru rom\u00e2ni \u0219i pentru mediul economic este c\u0103 nu departe de ziua de ast\u0103zi \u021bara asta va fi un mare produc\u0103tor de energie \u0219i trebuie s\u0103 avem \u00eencredere c\u0103 aceste investi\u021bii la care lucr\u0103m, multe dintre ele sunt \u00een \u0219antier, se vor termina \u0219i asta va \u00eensemna pentru to\u021bi o pia\u021b\u0103 mai bun\u0103&#8217;, a detaliat Burduja.<\/p>\n<p>\u00cen ceea ce prive\u0219te facturile pentru gaz, el a spus c\u0103 &#8216;nu avem emo\u021bii&#8217;, subliniind c\u0103 Rom\u00e2nia are &#8216;al patrulea&#8217; cel mai ieftin gaz din UE.<\/p>\n<p>&#8216;\u00cen acest moment, schema de compensare &#8211; plafonare a fost prelungit\u0103 de la 1 aprilie p\u00e2n\u0103 la 1 iulie, pentru energie electric\u0103 \u0219i p\u00e2n\u0103 la 1 aprilie, anul viitor, pentru gaz. La gaz nu avem emo\u021bii, pentru c\u0103, av\u00e2nd \u00een vedere modul \u00een care este structurat\u0103 schema, cu o plafonare de la produc\u0103tor, pe tot lan\u021bul p\u00e2n\u0103 la clientul final, nu ne a\u0219tept\u0103m nici la sume pentru compensare, nici modific\u0103ri \u00een facturi, deci Rom\u00e2nia va avea \u00een continuare, cred, al patrulea cel mai ieftin gaz din UE&#8217;, a conchis Burduja. AGERPRES \/(A &#8211; redactor: Sorinel Pene\u0219, editor: Mihai Simionescu, editor online: Ada V\u00eelceanu)&nbsp;<\/p>\n<p>Sursa articolului:<a href=\"https:\/\/agerpres.ro\/politic\/2025\/03\/31\/burduja-despre-facturile-la-energie-dupa-1-iulie-suntem-pregatiti-sa-ii-protejam-pe-romanii-care-au---1436121\" target=\"_blank\" rel=\"noopener\" title=\"\">https:\/\/agerpres.ro\/politic\/2025\/03\/31\/burduja-despre-facturile-la-energie-dupa-1-iulie-suntem-pregatiti-sa-ii-protejam-pe-romanii-care-au&#8212;1436121<\/a><\/p>","protected":false},"excerpt":{"rendered":"<p>Ministerul Muncii \u0219i-a asumat ca, p\u00e2n\u0103 la 15 iunie, s\u0103 vin\u0103 cu un mecanism de protec\u021bie pentru rom\u00e2nii care &#8216;au cu adev\u0103rat o greutate&#8217; pentru plata facturilor la energie electric\u0103, a afirmat, luni, ministrul Energiei, Sebastian Burduja, dup\u0103 respingerea, \u00een plenul Senatului, a mo\u021biunii simple \u00eempotriva sa. &#8216;La energie electric\u0103, pia\u021ba este \u00eentr-o alt\u0103 dinamic\u0103&#8230;.<\/p>","protected":false},"author":4,"featured_media":2112,"comment_status":"open","ping_status":"open","sticky":false,"template":"","format":"standard","meta":{"footnotes":""},"categories":[1],"tags":[],"class_list":["post-2111","post","type-post","status-publish","format-standard","has-post-thumbnail","hentry","category-uncategorized"],"yoast_head":"<!-- This site is optimized with the Yoast SEO plugin v26.1.1 - https:\/\/yoast.com\/wordpress\/plugins\/seo\/ -->\n<title>Burduja, despre facturile la energie dup\u0103 1 iulie: Suntem preg\u0103ti\u021bi s\u0103 \u00eei protej\u0103m pe rom\u00e2nii care au cu adev\u0103rat nevoie - Carpathia Center Romania<\/title>\n<meta name=\"robots\" content=\"index, follow, max-snippet:-1, max-image-preview:large, max-video-preview:-1\" \/>\n<link rel=\"canonical\" href=\"https:\/\/carpathiacenter.ro\/en\/burduja-despre-facturile-la-energie-dupa-1-iulie-suntem-pregatiti-sa-ii-protejam-pe-romanii-care-au-cu-adevarat-nevoie\/\" \/>\n<meta property=\"og:locale\" content=\"en_GB\" \/>\n<meta property=\"og:type\" content=\"article\" \/>\n<meta property=\"og:title\" content=\"Burduja, despre facturile la energie dup\u0103 1 iulie: Suntem preg\u0103ti\u021bi s\u0103 \u00eei protej\u0103m pe rom\u00e2nii care au cu adev\u0103rat nevoie - Carpathia Center Romania\" \/>\n<meta property=\"og:description\" content=\"Ministerul Muncii \u0219i-a asumat ca, p\u00e2n\u0103 la 15 iunie, s\u0103 vin\u0103 cu un mecanism de protec\u021bie pentru rom\u00e2nii care &#8216;au cu adev\u0103rat o greutate&#8217; pentru plata facturilor la energie electric\u0103, a afirmat, luni, ministrul Energiei, Sebastian Burduja, dup\u0103 respingerea, \u00een plenul Senatului, a mo\u021biunii simple \u00eempotriva sa. &#8216;La energie electric\u0103, pia\u021ba este \u00eentr-o alt\u0103 dinamic\u0103....\" \/>\n<meta property=\"og:url\" content=\"https:\/\/carpathiacenter.ro\/en\/burduja-despre-facturile-la-energie-dupa-1-iulie-suntem-pregatiti-sa-ii-protejam-pe-romanii-care-au-cu-adevarat-nevoie\/\" \/>\n<meta property=\"og:site_name\" content=\"Carpathia Center Romania\" \/>\n<meta property=\"article:publisher\" content=\"https:\/\/www.facebook.com\/fdpscarpathia\/\" \/>\n<meta property=\"article:published_time\" content=\"2025-04-01T08:30:13+00:00\" \/>\n<meta property=\"og:image\" content=\"https:\/\/carpathiacenter.ro\/wp-content\/uploads\/2025\/04\/Sebastian_burduja1.jpg\" \/>\n\t<meta property=\"og:image:width\" content=\"780\" \/>\n\t<meta property=\"og:image:height\" content=\"440\" \/>\n\t<meta property=\"og:image:type\" content=\"image\/jpeg\" \/>\n<meta name=\"author\" content=\"creativebitsolutions\" \/>\n<meta name=\"twitter:card\" content=\"summary_large_image\" \/>\n<meta name=\"twitter:label1\" content=\"Written by\" \/>\n\t<meta name=\"twitter:data1\" content=\"creativebitsolutions\" \/>\n\t<meta name=\"twitter:label2\" content=\"Estimated reading time\" \/>\n\t<meta name=\"twitter:data2\" content=\"4 minutes\" \/>\n<script type=\"application\/ld+json\" class=\"yoast-schema-graph\">{\"@context\":\"https:\/\/schema.org\",\"@graph\":[{\"@type\":\"Article\",\"@id\":\"https:\/\/carpathiacenter.ro\/burduja-despre-facturile-la-energie-dupa-1-iulie-suntem-pregatiti-sa-ii-protejam-pe-romanii-care-au-cu-adevarat-nevoie\/#article\",\"isPartOf\":{\"@id\":\"https:\/\/carpathiacenter.ro\/burduja-despre-facturile-la-energie-dupa-1-iulie-suntem-pregatiti-sa-ii-protejam-pe-romanii-care-au-cu-adevarat-nevoie\/\"},\"author\":{\"name\":\"creativebitsolutions\",\"@id\":\"https:\/\/carpathiacenter.ro\/#\/schema\/person\/03d9f58202fee8379268f34afa195006\"},\"headline\":\"Burduja, despre facturile la energie dup\u0103 1 iulie: Suntem preg\u0103ti\u021bi s\u0103 \u00eei protej\u0103m pe rom\u00e2nii care au cu adev\u0103rat nevoie\",\"datePublished\":\"2025-04-01T08:30:13+00:00\",\"mainEntityOfPage\":{\"@id\":\"https:\/\/carpathiacenter.ro\/burduja-despre-facturile-la-energie-dupa-1-iulie-suntem-pregatiti-sa-ii-protejam-pe-romanii-care-au-cu-adevarat-nevoie\/\"},\"wordCount\":778,\"commentCount\":0,\"publisher\":{\"@id\":\"https:\/\/carpathiacenter.ro\/#organization\"},\"image\":{\"@id\":\"https:\/\/carpathiacenter.ro\/burduja-despre-facturile-la-energie-dupa-1-iulie-suntem-pregatiti-sa-ii-protejam-pe-romanii-care-au-cu-adevarat-nevoie\/#primaryimage\"},\"thumbnailUrl\":\"https:\/\/carpathiacenter.ro\/wp-content\/uploads\/2025\/04\/Sebastian_burduja1.jpg\",\"articleSection\":[\"Uncategorized\"],\"inLanguage\":\"en-GB\",\"potentialAction\":[{\"@type\":\"CommentAction\",\"name\":\"Comment\",\"target\":[\"https:\/\/carpathiacenter.ro\/burduja-despre-facturile-la-energie-dupa-1-iulie-suntem-pregatiti-sa-ii-protejam-pe-romanii-care-au-cu-adevarat-nevoie\/#respond\"]}]},{\"@type\":\"WebPage\",\"@id\":\"https:\/\/carpathiacenter.ro\/burduja-despre-facturile-la-energie-dupa-1-iulie-suntem-pregatiti-sa-ii-protejam-pe-romanii-care-au-cu-adevarat-nevoie\/\",\"url\":\"https:\/\/carpathiacenter.ro\/burduja-despre-facturile-la-energie-dupa-1-iulie-suntem-pregatiti-sa-ii-protejam-pe-romanii-care-au-cu-adevarat-nevoie\/\",\"name\":\"Burduja, despre facturile la energie dup\u0103 1 iulie: Suntem preg\u0103ti\u021bi s\u0103 \u00eei protej\u0103m pe rom\u00e2nii care au cu adev\u0103rat nevoie - Carpathia Center Romania\",\"isPartOf\":{\"@id\":\"https:\/\/carpathiacenter.ro\/#website\"},\"primaryImageOfPage\":{\"@id\":\"https:\/\/carpathiacenter.ro\/burduja-despre-facturile-la-energie-dupa-1-iulie-suntem-pregatiti-sa-ii-protejam-pe-romanii-care-au-cu-adevarat-nevoie\/#primaryimage\"},\"image\":{\"@id\":\"https:\/\/carpathiacenter.ro\/burduja-despre-facturile-la-energie-dupa-1-iulie-suntem-pregatiti-sa-ii-protejam-pe-romanii-care-au-cu-adevarat-nevoie\/#primaryimage\"},\"thumbnailUrl\":\"https:\/\/carpathiacenter.ro\/wp-content\/uploads\/2025\/04\/Sebastian_burduja1.jpg\",\"datePublished\":\"2025-04-01T08:30:13+00:00\",\"breadcrumb\":{\"@id\":\"https:\/\/carpathiacenter.ro\/burduja-despre-facturile-la-energie-dupa-1-iulie-suntem-pregatiti-sa-ii-protejam-pe-romanii-care-au-cu-adevarat-nevoie\/#breadcrumb\"},\"inLanguage\":\"en-GB\",\"potentialAction\":[{\"@type\":\"ReadAction\",\"target\":[\"https:\/\/carpathiacenter.ro\/burduja-despre-facturile-la-energie-dupa-1-iulie-suntem-pregatiti-sa-ii-protejam-pe-romanii-care-au-cu-adevarat-nevoie\/\"]}]},{\"@type\":\"ImageObject\",\"inLanguage\":\"en-GB\",\"@id\":\"https:\/\/carpathiacenter.ro\/burduja-despre-facturile-la-energie-dupa-1-iulie-suntem-pregatiti-sa-ii-protejam-pe-romanii-care-au-cu-adevarat-nevoie\/#primaryimage\",\"url\":\"https:\/\/carpathiacenter.ro\/wp-content\/uploads\/2025\/04\/Sebastian_burduja1.jpg\",\"contentUrl\":\"https:\/\/carpathiacenter.ro\/wp-content\/uploads\/2025\/04\/Sebastian_burduja1.jpg\",\"width\":780,\"height\":440},{\"@type\":\"BreadcrumbList\",\"@id\":\"https:\/\/carpathiacenter.ro\/burduja-despre-facturile-la-energie-dupa-1-iulie-suntem-pregatiti-sa-ii-protejam-pe-romanii-care-au-cu-adevarat-nevoie\/#breadcrumb\",\"itemListElement\":[{\"@type\":\"ListItem\",\"position\":1,\"name\":\"Prima pagin\u0103\",\"item\":\"https:\/\/carpathiacenter.ro\/\"},{\"@type\":\"ListItem\",\"position\":2,\"name\":\"Burduja, despre facturile la energie dup\u0103 1 iulie: Suntem preg\u0103ti\u021bi s\u0103 \u00eei protej\u0103m pe rom\u00e2nii care au cu adev\u0103rat nevoie\"}]},{\"@type\":\"WebSite\",\"@id\":\"https:\/\/carpathiacenter.ro\/#website\",\"url\":\"https:\/\/carpathiacenter.ro\/\",\"name\":\"Carpathia Center Romania\",\"description\":\"Impossible made possible!\",\"publisher\":{\"@id\":\"https:\/\/carpathiacenter.ro\/#organization\"},\"potentialAction\":[{\"@type\":\"SearchAction\",\"target\":{\"@type\":\"EntryPoint\",\"urlTemplate\":\"https:\/\/carpathiacenter.ro\/?s={search_term_string}\"},\"query-input\":{\"@type\":\"PropertyValueSpecification\",\"valueRequired\":true,\"valueName\":\"search_term_string\"}}],\"inLanguage\":\"en-GB\"},{\"@type\":\"Organization\",\"@id\":\"https:\/\/carpathiacenter.ro\/#organization\",\"name\":\"Carpathia Center Romania\",\"url\":\"https:\/\/carpathiacenter.ro\/\",\"logo\":{\"@type\":\"ImageObject\",\"inLanguage\":\"en-GB\",\"@id\":\"https:\/\/carpathiacenter.ro\/#\/schema\/logo\/image\/\",\"url\":\"https:\/\/carpathiacenter.ro\/wp-content\/uploads\/2024\/07\/logo-carpathia_bg_white-1024x941.png\",\"contentUrl\":\"https:\/\/carpathiacenter.ro\/wp-content\/uploads\/2024\/07\/logo-carpathia_bg_white-1024x941.png\",\"width\":1024,\"height\":941,\"caption\":\"Carpathia Center Romania\"},\"image\":{\"@id\":\"https:\/\/carpathiacenter.ro\/#\/schema\/logo\/image\/\"},\"sameAs\":[\"https:\/\/www.facebook.com\/fdpscarpathia\/\"]},{\"@type\":\"Person\",\"@id\":\"https:\/\/carpathiacenter.ro\/#\/schema\/person\/03d9f58202fee8379268f34afa195006\",\"name\":\"creativebitsolutions\",\"image\":{\"@type\":\"ImageObject\",\"inLanguage\":\"en-GB\",\"@id\":\"https:\/\/carpathiacenter.ro\/#\/schema\/person\/image\/\",\"url\":\"https:\/\/secure.gravatar.com\/avatar\/1b1a13e37f847c635dab78348f1dff2f07651ee2a3d77a5c355a4b8c75f9165a?s=96&d=mm&r=g\",\"contentUrl\":\"https:\/\/secure.gravatar.com\/avatar\/1b1a13e37f847c635dab78348f1dff2f07651ee2a3d77a5c355a4b8c75f9165a?s=96&d=mm&r=g\",\"caption\":\"creativebitsolutions\"},\"url\":\"https:\/\/carpathiacenter.ro\/en\/author\/creativebitsolutions\/\"}]}<\/script>\n<!-- \/ Yoast SEO plugin. -->","yoast_head_json":{"title":"Burduja, despre facturile la energie dup\u0103 1 iulie: Suntem preg\u0103ti\u021bi s\u0103 \u00eei protej\u0103m pe rom\u00e2nii care au cu adev\u0103rat nevoie - Carpathia Center Romania","robots":{"index":"index","follow":"follow","max-snippet":"max-snippet:-1","max-image-preview":"max-image-preview:large","max-video-preview":"max-video-preview:-1"},"canonical":"https:\/\/carpathiacenter.ro\/en\/burduja-despre-facturile-la-energie-dupa-1-iulie-suntem-pregatiti-sa-ii-protejam-pe-romanii-care-au-cu-adevarat-nevoie\/","og_locale":"en_GB","og_type":"article","og_title":"Burduja, despre facturile la energie dup\u0103 1 iulie: Suntem preg\u0103ti\u021bi s\u0103 \u00eei protej\u0103m pe rom\u00e2nii care au cu adev\u0103rat nevoie - Carpathia Center Romania","og_description":"Ministerul Muncii \u0219i-a asumat ca, p\u00e2n\u0103 la 15 iunie, s\u0103 vin\u0103 cu un mecanism de protec\u021bie pentru rom\u00e2nii care &#8216;au cu adev\u0103rat o greutate&#8217; pentru plata facturilor la energie electric\u0103, a afirmat, luni, ministrul Energiei, Sebastian Burduja, dup\u0103 respingerea, \u00een plenul Senatului, a mo\u021biunii simple \u00eempotriva sa. &#8216;La energie electric\u0103, pia\u021ba este \u00eentr-o alt\u0103 dinamic\u0103....","og_url":"https:\/\/carpathiacenter.ro\/en\/burduja-despre-facturile-la-energie-dupa-1-iulie-suntem-pregatiti-sa-ii-protejam-pe-romanii-care-au-cu-adevarat-nevoie\/","og_site_name":"Carpathia Center Romania","article_publisher":"https:\/\/www.facebook.com\/fdpscarpathia\/","article_published_time":"2025-04-01T08:30:13+00:00","og_image":[{"width":780,"height":440,"url":"https:\/\/carpathiacenter.ro\/wp-content\/uploads\/2025\/04\/Sebastian_burduja1.jpg","type":"image\/jpeg"}],"author":"creativebitsolutions","twitter_card":"summary_large_image","twitter_misc":{"Written by":"creativebitsolutions","Estimated reading time":"4 minutes"},"schema":{"@context":"https:\/\/schema.org","@graph":[{"@type":"Article","@id":"https:\/\/carpathiacenter.ro\/burduja-despre-facturile-la-energie-dupa-1-iulie-suntem-pregatiti-sa-ii-protejam-pe-romanii-care-au-cu-adevarat-nevoie\/#article","isPartOf":{"@id":"https:\/\/carpathiacenter.ro\/burduja-despre-facturile-la-energie-dupa-1-iulie-suntem-pregatiti-sa-ii-protejam-pe-romanii-care-au-cu-adevarat-nevoie\/"},"author":{"name":"creativebitsolutions","@id":"https:\/\/carpathiacenter.ro\/#\/schema\/person\/03d9f58202fee8379268f34afa195006"},"headline":"Burduja, despre facturile la energie dup\u0103 1 iulie: Suntem preg\u0103ti\u021bi s\u0103 \u00eei protej\u0103m pe rom\u00e2nii care au cu adev\u0103rat nevoie","datePublished":"2025-04-01T08:30:13+00:00","mainEntityOfPage":{"@id":"https:\/\/carpathiacenter.ro\/burduja-despre-facturile-la-energie-dupa-1-iulie-suntem-pregatiti-sa-ii-protejam-pe-romanii-care-au-cu-adevarat-nevoie\/"},"wordCount":778,"commentCount":0,"publisher":{"@id":"https:\/\/carpathiacenter.ro\/#organization"},"image":{"@id":"https:\/\/carpathiacenter.ro\/burduja-despre-facturile-la-energie-dupa-1-iulie-suntem-pregatiti-sa-ii-protejam-pe-romanii-care-au-cu-adevarat-nevoie\/#primaryimage"},"thumbnailUrl":"https:\/\/carpathiacenter.ro\/wp-content\/uploads\/2025\/04\/Sebastian_burduja1.jpg","articleSection":["Uncategorized"],"inLanguage":"en-GB","potentialAction":[{"@type":"CommentAction","name":"Comment","target":["https:\/\/carpathiacenter.ro\/burduja-despre-facturile-la-energie-dupa-1-iulie-suntem-pregatiti-sa-ii-protejam-pe-romanii-care-au-cu-adevarat-nevoie\/#respond"]}]},{"@type":"WebPage","@id":"https:\/\/carpathiacenter.ro\/burduja-despre-facturile-la-energie-dupa-1-iulie-suntem-pregatiti-sa-ii-protejam-pe-romanii-care-au-cu-adevarat-nevoie\/","url":"https:\/\/carpathiacenter.ro\/burduja-despre-facturile-la-energie-dupa-1-iulie-suntem-pregatiti-sa-ii-protejam-pe-romanii-care-au-cu-adevarat-nevoie\/","name":"Burduja, despre facturile la energie dup\u0103 1 iulie: Suntem preg\u0103ti\u021bi s\u0103 \u00eei protej\u0103m pe rom\u00e2nii care au cu adev\u0103rat nevoie - Carpathia Center Romania","isPartOf":{"@id":"https:\/\/carpathiacenter.ro\/#website"},"primaryImageOfPage":{"@id":"https:\/\/carpathiacenter.ro\/burduja-despre-facturile-la-energie-dupa-1-iulie-suntem-pregatiti-sa-ii-protejam-pe-romanii-care-au-cu-adevarat-nevoie\/#primaryimage"},"image":{"@id":"https:\/\/carpathiacenter.ro\/burduja-despre-facturile-la-energie-dupa-1-iulie-suntem-pregatiti-sa-ii-protejam-pe-romanii-care-au-cu-adevarat-nevoie\/#primaryimage"},"thumbnailUrl":"https:\/\/carpathiacenter.ro\/wp-content\/uploads\/2025\/04\/Sebastian_burduja1.jpg","datePublished":"2025-04-01T08:30:13+00:00","breadcrumb":{"@id":"https:\/\/carpathiacenter.ro\/burduja-despre-facturile-la-energie-dupa-1-iulie-suntem-pregatiti-sa-ii-protejam-pe-romanii-care-au-cu-adevarat-nevoie\/#breadcrumb"},"inLanguage":"en-GB","potentialAction":[{"@type":"ReadAction","target":["https:\/\/carpathiacenter.ro\/burduja-despre-facturile-la-energie-dupa-1-iulie-suntem-pregatiti-sa-ii-protejam-pe-romanii-care-au-cu-adevarat-nevoie\/"]}]},{"@type":"ImageObject","inLanguage":"en-GB","@id":"https:\/\/carpathiacenter.ro\/burduja-despre-facturile-la-energie-dupa-1-iulie-suntem-pregatiti-sa-ii-protejam-pe-romanii-care-au-cu-adevarat-nevoie\/#primaryimage","url":"https:\/\/carpathiacenter.ro\/wp-content\/uploads\/2025\/04\/Sebastian_burduja1.jpg","contentUrl":"https:\/\/carpathiacenter.ro\/wp-content\/uploads\/2025\/04\/Sebastian_burduja1.jpg","width":780,"height":440},{"@type":"BreadcrumbList","@id":"https:\/\/carpathiacenter.ro\/burduja-despre-facturile-la-energie-dupa-1-iulie-suntem-pregatiti-sa-ii-protejam-pe-romanii-care-au-cu-adevarat-nevoie\/#breadcrumb","itemListElement":[{"@type":"ListItem","position":1,"name":"Prima pagin\u0103","item":"https:\/\/carpathiacenter.ro\/"},{"@type":"ListItem","position":2,"name":"Burduja, despre facturile la energie dup\u0103 1 iulie: Suntem preg\u0103ti\u021bi s\u0103 \u00eei protej\u0103m pe rom\u00e2nii care au cu adev\u0103rat nevoie"}]},{"@type":"WebSite","@id":"https:\/\/carpathiacenter.ro\/#website","url":"https:\/\/carpathiacenter.ro\/","name":"Carpathia Center Romania","description":"Impossible made possible!","publisher":{"@id":"https:\/\/carpathiacenter.ro\/#organization"},"potentialAction":[{"@type":"SearchAction","target":{"@type":"EntryPoint","urlTemplate":"https:\/\/carpathiacenter.ro\/?s={search_term_string}"},"query-input":{"@type":"PropertyValueSpecification","valueRequired":true,"valueName":"search_term_string"}}],"inLanguage":"en-GB"},{"@type":"Organization","@id":"https:\/\/carpathiacenter.ro\/#organization","name":"Carpathia Center Romania","url":"https:\/\/carpathiacenter.ro\/","logo":{"@type":"ImageObject","inLanguage":"en-GB","@id":"https:\/\/carpathiacenter.ro\/#\/schema\/logo\/image\/","url":"https:\/\/carpathiacenter.ro\/wp-content\/uploads\/2024\/07\/logo-carpathia_bg_white-1024x941.png","contentUrl":"https:\/\/carpathiacenter.ro\/wp-content\/uploads\/2024\/07\/logo-carpathia_bg_white-1024x941.png","width":1024,"height":941,"caption":"Carpathia Center Romania"},"image":{"@id":"https:\/\/carpathiacenter.ro\/#\/schema\/logo\/image\/"},"sameAs":["https:\/\/www.facebook.com\/fdpscarpathia\/"]},{"@type":"Person","@id":"https:\/\/carpathiacenter.ro\/#\/schema\/person\/03d9f58202fee8379268f34afa195006","name":"creativebitsolutions","image":{"@type":"ImageObject","inLanguage":"en-GB","@id":"https:\/\/carpathiacenter.ro\/#\/schema\/person\/image\/","url":"https:\/\/secure.gravatar.com\/avatar\/1b1a13e37f847c635dab78348f1dff2f07651ee2a3d77a5c355a4b8c75f9165a?s=96&d=mm&r=g","contentUrl":"https:\/\/secure.gravatar.com\/avatar\/1b1a13e37f847c635dab78348f1dff2f07651ee2a3d77a5c355a4b8c75f9165a?s=96&d=mm&r=g","caption":"creativebitsolutions"},"url":"https:\/\/carpathiacenter.ro\/en\/author\/creativebitsolutions\/"}]}},"_links":{"self":[{"href":"https:\/\/carpathiacenter.ro\/en\/wp-json\/wp\/v2\/posts\/2111","targetHints":{"allow":["GET"]}}],"collection":[{"href":"https:\/\/carpathiacenter.ro\/en\/wp-json\/wp\/v2\/posts"}],"about":[{"href":"https:\/\/carpathiacenter.ro\/en\/wp-json\/wp\/v2\/types\/post"}],"author":[{"embeddable":true,"href":"https:\/\/carpathiacenter.ro\/en\/wp-json\/wp\/v2\/users\/4"}],"replies":[{"embeddable":true,"href":"https:\/\/carpathiacenter.ro\/en\/wp-json\/wp\/v2\/comments?post=2111"}],"version-history":[{"count":1,"href":"https:\/\/carpathiacenter.ro\/en\/wp-json\/wp\/v2\/posts\/2111\/revisions"}],"predecessor-version":[{"id":2113,"href":"https:\/\/carpathiacenter.ro\/en\/wp-json\/wp\/v2\/posts\/2111\/revisions\/2113"}],"wp:featuredmedia":[{"embeddable":true,"href":"https:\/\/carpathiacenter.ro\/en\/wp-json\/wp\/v2\/media\/2112"}],"wp:attachment":[{"href":"https:\/\/carpathiacenter.ro\/en\/wp-json\/wp\/v2\/media?parent=2111"}],"wp:term":[{"taxonomy":"category","embeddable":true,"href":"https:\/\/carpathiacenter.ro\/en\/wp-json\/wp\/v2\/categories?post=2111"},{"taxonomy":"post_tag","embeddable":true,"href":"https:\/\/carpathiacenter.ro\/en\/wp-json\/wp\/v2\/tags?post=2111"}],"curies":[{"name":"wp","href":"https:\/\/api.w.org\/{rel}","templated":true}]}}