{"id":2104,"date":"2025-03-31T08:50:40","date_gmt":"2025-03-31T08:50:40","guid":{"rendered":"https:\/\/carpathiacenter.ro\/?p=2104"},"modified":"2025-03-31T08:50:40","modified_gmt":"2025-03-31T08:50:40","slug":"conferinta-romania-si-ocde-principalul-proiect-de-tara-dupa-nato-ue-si-schengen-miercuri-la-palatul-cotroceni","status":"publish","type":"post","link":"https:\/\/carpathiacenter.ro\/en\/conferinta-romania-si-ocde-principalul-proiect-de-tara-dupa-nato-ue-si-schengen-miercuri-la-palatul-cotroceni\/","title":{"rendered":"Conferin\u021ba &#8216;Rom\u00e2nia \u0219i OCDE &#8211; Principalul proiect de \u021bar\u0103 dup\u0103 NATO, UE \u0219i Schengen&#8217;, miercuri, la Palatul Cotroceni"},"content":{"rendered":"<p>Administra\u021bia Preziden\u021bial\u0103 anun\u021b\u0103 organizarea conferin\u021bei &#8216;Rom\u00e2nia \u0219i OCDE &#8211; Principalul proiect de \u021bar\u0103 dup\u0103 NATO, UE \u0219i Schengen&#8217;, sub \u00cenaltul Patronaj al Pre\u0219edintelui Rom\u00e2niei, miercuri, la Palatul Cotroceni.<\/p>\n<p>Potrivit Administra\u021biei Preziden\u021biale, aceast\u0103 reuniune de importan\u021b\u0103 strategic\u0103 este organizat\u0103 \u00een parteneriat cu mediul de afaceri din Rom\u00e2nia \u0219i va aduce \u00eempreun\u0103 oficiali de rang \u00eenalt, reprezentan\u021bi ai Organiza\u021biei pentru Cooperare \u0219i Dezvoltare Economic\u0103 (OCDE), lideri din sectorul privat \u0219i exper\u021bi \u00een domeniu. Dezbaterile vor aborda progresul \u0219i provoc\u0103rile procesului de aderare a Rom\u00e2niei la OCDE, beneficiile acestei integr\u0103ri \u0219i impactul asupra economiei na\u021bionale.<\/p>\n<p>Pre\u0219edintele interimar Ilie Bolojan va deschide lucr\u0103rile conferin\u021bei, care va \u00eencepe la ora 11:00, al\u0103turi de prim-ministrul Marcel Ciolacu \u0219i de secretarul general al OCDE, Mathias Cormann. Evenimentul va include sesiuni de discu\u021bii tematice privind alinierea Rom\u00e2niei la standardele OCDE \u0219i reformele necesare pentru finalizarea procesului de aderare.<\/p>\n<p>&#8216;Aderarea la OCDE reprezint\u0103 un obiectiv strategic major pentru Rom\u00e2nia, consolid\u00e2nd statutul s\u0103u de partener economic de \u00eencredere la nivel interna\u021bional. Administra\u021bia Preziden\u021bial\u0103 sus\u021bine acest demers \u0219i sprijin\u0103 reformele necesare pentru ca \u021bara noastr\u0103 s\u0103 devin\u0103 membru cu drepturi depline al organiza\u021biei&#8217;, arat\u0103 sursa citat\u0103. AGERPRES\/(AS &#8211; redactor: Florentina Peia, editor: Florin Marin, editor online: Andreea L\u0103z\u0103roiu)<br \/>\n<br \/>\nSursa articolului:<a href=\"https:\/\/agerpres.ro\/politic\/2025\/03\/31\/conferinta-romania-si-ocde---principalul-proiect-de-tara-dupa-nato-ue-si-schengen-miercuri-la-palatu--1435814\" target=\"_blank\" rel=\"noopener\" title=\"\">https:\/\/agerpres.ro\/politic\/2025\/03\/31\/conferinta-romania-si-ocde&#8212;principalul-proiect-de-tara-dupa-nato-ue-si-schengen-miercuri-la-palatu&#8211;1435814<\/a><\/p>","protected":false},"excerpt":{"rendered":"<p>Administra\u021bia Preziden\u021bial\u0103 anun\u021b\u0103 organizarea conferin\u021bei &#8216;Rom\u00e2nia \u0219i OCDE &#8211; Principalul proiect de \u021bar\u0103 dup\u0103 NATO, UE \u0219i Schengen&#8217;, sub \u00cenaltul Patronaj al Pre\u0219edintelui Rom\u00e2niei, miercuri, la Palatul Cotroceni. Potrivit Administra\u021biei Preziden\u021biale, aceast\u0103 reuniune de importan\u021b\u0103 strategic\u0103 este organizat\u0103 \u00een parteneriat cu mediul de afaceri din Rom\u00e2nia \u0219i va aduce \u00eempreun\u0103 oficiali de rang \u00eenalt, reprezentan\u021bi&#8230;<\/p>","protected":false},"author":4,"featured_media":2105,"comment_status":"open","ping_status":"open","sticky":false,"template":"","format":"standard","meta":{"footnotes":""},"categories":[1],"tags":[],"class_list":["post-2104","post","type-post","status-publish","format-standard","has-post-thumbnail","hentry","category-uncategorized"],"yoast_head":"<!-- This site is optimized with the Yoast SEO plugin v26.1.1 - https:\/\/yoast.com\/wordpress\/plugins\/seo\/ -->\n<title>Conferin\u021ba &#039;Rom\u00e2nia \u0219i OCDE - Principalul proiect de \u021bar\u0103 dup\u0103 NATO, UE \u0219i Schengen&#039;, miercuri, la Palatul Cotroceni - Carpathia Center Romania<\/title>\n<meta name=\"robots\" content=\"index, follow, max-snippet:-1, max-image-preview:large, max-video-preview:-1\" \/>\n<link rel=\"canonical\" href=\"https:\/\/carpathiacenter.ro\/en\/conferinta-romania-si-ocde-principalul-proiect-de-tara-dupa-nato-ue-si-schengen-miercuri-la-palatul-cotroceni\/\" \/>\n<meta property=\"og:locale\" content=\"en_GB\" \/>\n<meta property=\"og:type\" content=\"article\" \/>\n<meta property=\"og:title\" content=\"Conferin\u021ba &#039;Rom\u00e2nia \u0219i OCDE - Principalul proiect de \u021bar\u0103 dup\u0103 NATO, UE \u0219i Schengen&#039;, miercuri, la Palatul Cotroceni - Carpathia Center Romania\" \/>\n<meta property=\"og:description\" content=\"Administra\u021bia Preziden\u021bial\u0103 anun\u021b\u0103 organizarea conferin\u021bei &#8216;Rom\u00e2nia \u0219i OCDE &#8211; Principalul proiect de \u021bar\u0103 dup\u0103 NATO, UE \u0219i Schengen&#8217;, sub \u00cenaltul Patronaj al Pre\u0219edintelui Rom\u00e2niei, miercuri, la Palatul Cotroceni. Potrivit Administra\u021biei Preziden\u021biale, aceast\u0103 reuniune de importan\u021b\u0103 strategic\u0103 este organizat\u0103 \u00een parteneriat cu mediul de afaceri din Rom\u00e2nia \u0219i va aduce \u00eempreun\u0103 oficiali de rang \u00eenalt, reprezentan\u021bi...\" \/>\n<meta property=\"og:url\" content=\"https:\/\/carpathiacenter.ro\/en\/conferinta-romania-si-ocde-principalul-proiect-de-tara-dupa-nato-ue-si-schengen-miercuri-la-palatul-cotroceni\/\" \/>\n<meta property=\"og:site_name\" content=\"Carpathia Center Romania\" \/>\n<meta property=\"article:publisher\" content=\"https:\/\/www.facebook.com\/fdpscarpathia\/\" \/>\n<meta property=\"article:published_time\" content=\"2025-03-31T08:50:40+00:00\" \/>\n<meta property=\"og:image\" content=\"https:\/\/carpathiacenter.ro\/wp-content\/uploads\/2025\/03\/oecd.jpg\" \/>\n\t<meta property=\"og:image:width\" content=\"780\" \/>\n\t<meta property=\"og:image:height\" content=\"440\" \/>\n\t<meta property=\"og:image:type\" content=\"image\/jpeg\" \/>\n<meta name=\"author\" content=\"creativebitsolutions\" \/>\n<meta name=\"twitter:card\" content=\"summary_large_image\" \/>\n<meta name=\"twitter:label1\" content=\"Written by\" \/>\n\t<meta name=\"twitter:data1\" content=\"creativebitsolutions\" \/>\n\t<meta name=\"twitter:label2\" content=\"Estimated reading time\" \/>\n\t<meta name=\"twitter:data2\" content=\"1 minute\" \/>\n<script type=\"application\/ld+json\" class=\"yoast-schema-graph\">{\"@context\":\"https:\/\/schema.org\",\"@graph\":[{\"@type\":\"Article\",\"@id\":\"https:\/\/carpathiacenter.ro\/conferinta-romania-si-ocde-principalul-proiect-de-tara-dupa-nato-ue-si-schengen-miercuri-la-palatul-cotroceni\/#article\",\"isPartOf\":{\"@id\":\"https:\/\/carpathiacenter.ro\/conferinta-romania-si-ocde-principalul-proiect-de-tara-dupa-nato-ue-si-schengen-miercuri-la-palatul-cotroceni\/\"},\"author\":{\"name\":\"creativebitsolutions\",\"@id\":\"https:\/\/carpathiacenter.ro\/#\/schema\/person\/03d9f58202fee8379268f34afa195006\"},\"headline\":\"Conferin\u021ba &#8216;Rom\u00e2nia \u0219i OCDE &#8211; Principalul proiect de \u021bar\u0103 dup\u0103 NATO, UE \u0219i Schengen&#8217;, miercuri, la Palatul Cotroceni\",\"datePublished\":\"2025-03-31T08:50:40+00:00\",\"mainEntityOfPage\":{\"@id\":\"https:\/\/carpathiacenter.ro\/conferinta-romania-si-ocde-principalul-proiect-de-tara-dupa-nato-ue-si-schengen-miercuri-la-palatul-cotroceni\/\"},\"wordCount\":256,\"commentCount\":0,\"publisher\":{\"@id\":\"https:\/\/carpathiacenter.ro\/#organization\"},\"image\":{\"@id\":\"https:\/\/carpathiacenter.ro\/conferinta-romania-si-ocde-principalul-proiect-de-tara-dupa-nato-ue-si-schengen-miercuri-la-palatul-cotroceni\/#primaryimage\"},\"thumbnailUrl\":\"https:\/\/carpathiacenter.ro\/wp-content\/uploads\/2025\/03\/oecd.jpg\",\"articleSection\":[\"Uncategorized\"],\"inLanguage\":\"en-GB\",\"potentialAction\":[{\"@type\":\"CommentAction\",\"name\":\"Comment\",\"target\":[\"https:\/\/carpathiacenter.ro\/conferinta-romania-si-ocde-principalul-proiect-de-tara-dupa-nato-ue-si-schengen-miercuri-la-palatul-cotroceni\/#respond\"]}]},{\"@type\":\"WebPage\",\"@id\":\"https:\/\/carpathiacenter.ro\/conferinta-romania-si-ocde-principalul-proiect-de-tara-dupa-nato-ue-si-schengen-miercuri-la-palatul-cotroceni\/\",\"url\":\"https:\/\/carpathiacenter.ro\/conferinta-romania-si-ocde-principalul-proiect-de-tara-dupa-nato-ue-si-schengen-miercuri-la-palatul-cotroceni\/\",\"name\":\"Conferin\u021ba 'Rom\u00e2nia \u0219i OCDE - Principalul proiect de \u021bar\u0103 dup\u0103 NATO, UE \u0219i Schengen', miercuri, la Palatul Cotroceni - Carpathia Center Romania\",\"isPartOf\":{\"@id\":\"https:\/\/carpathiacenter.ro\/#website\"},\"primaryImageOfPage\":{\"@id\":\"https:\/\/carpathiacenter.ro\/conferinta-romania-si-ocde-principalul-proiect-de-tara-dupa-nato-ue-si-schengen-miercuri-la-palatul-cotroceni\/#primaryimage\"},\"image\":{\"@id\":\"https:\/\/carpathiacenter.ro\/conferinta-romania-si-ocde-principalul-proiect-de-tara-dupa-nato-ue-si-schengen-miercuri-la-palatul-cotroceni\/#primaryimage\"},\"thumbnailUrl\":\"https:\/\/carpathiacenter.ro\/wp-content\/uploads\/2025\/03\/oecd.jpg\",\"datePublished\":\"2025-03-31T08:50:40+00:00\",\"breadcrumb\":{\"@id\":\"https:\/\/carpathiacenter.ro\/conferinta-romania-si-ocde-principalul-proiect-de-tara-dupa-nato-ue-si-schengen-miercuri-la-palatul-cotroceni\/#breadcrumb\"},\"inLanguage\":\"en-GB\",\"potentialAction\":[{\"@type\":\"ReadAction\",\"target\":[\"https:\/\/carpathiacenter.ro\/conferinta-romania-si-ocde-principalul-proiect-de-tara-dupa-nato-ue-si-schengen-miercuri-la-palatul-cotroceni\/\"]}]},{\"@type\":\"ImageObject\",\"inLanguage\":\"en-GB\",\"@id\":\"https:\/\/carpathiacenter.ro\/conferinta-romania-si-ocde-principalul-proiect-de-tara-dupa-nato-ue-si-schengen-miercuri-la-palatul-cotroceni\/#primaryimage\",\"url\":\"https:\/\/carpathiacenter.ro\/wp-content\/uploads\/2025\/03\/oecd.jpg\",\"contentUrl\":\"https:\/\/carpathiacenter.ro\/wp-content\/uploads\/2025\/03\/oecd.jpg\",\"width\":780,\"height\":440},{\"@type\":\"BreadcrumbList\",\"@id\":\"https:\/\/carpathiacenter.ro\/conferinta-romania-si-ocde-principalul-proiect-de-tara-dupa-nato-ue-si-schengen-miercuri-la-palatul-cotroceni\/#breadcrumb\",\"itemListElement\":[{\"@type\":\"ListItem\",\"position\":1,\"name\":\"Prima pagin\u0103\",\"item\":\"https:\/\/carpathiacenter.ro\/\"},{\"@type\":\"ListItem\",\"position\":2,\"name\":\"Conferin\u021ba &#8216;Rom\u00e2nia \u0219i OCDE &#8211; Principalul proiect de \u021bar\u0103 dup\u0103 NATO, UE \u0219i Schengen&#8217;, miercuri, la Palatul Cotroceni\"}]},{\"@type\":\"WebSite\",\"@id\":\"https:\/\/carpathiacenter.ro\/#website\",\"url\":\"https:\/\/carpathiacenter.ro\/\",\"name\":\"Carpathia Center Romania\",\"description\":\"Impossible made possible!\",\"publisher\":{\"@id\":\"https:\/\/carpathiacenter.ro\/#organization\"},\"potentialAction\":[{\"@type\":\"SearchAction\",\"target\":{\"@type\":\"EntryPoint\",\"urlTemplate\":\"https:\/\/carpathiacenter.ro\/?s={search_term_string}\"},\"query-input\":{\"@type\":\"PropertyValueSpecification\",\"valueRequired\":true,\"valueName\":\"search_term_string\"}}],\"inLanguage\":\"en-GB\"},{\"@type\":\"Organization\",\"@id\":\"https:\/\/carpathiacenter.ro\/#organization\",\"name\":\"Carpathia Center Romania\",\"url\":\"https:\/\/carpathiacenter.ro\/\",\"logo\":{\"@type\":\"ImageObject\",\"inLanguage\":\"en-GB\",\"@id\":\"https:\/\/carpathiacenter.ro\/#\/schema\/logo\/image\/\",\"url\":\"https:\/\/carpathiacenter.ro\/wp-content\/uploads\/2024\/07\/logo-carpathia_bg_white-1024x941.png\",\"contentUrl\":\"https:\/\/carpathiacenter.ro\/wp-content\/uploads\/2024\/07\/logo-carpathia_bg_white-1024x941.png\",\"width\":1024,\"height\":941,\"caption\":\"Carpathia Center Romania\"},\"image\":{\"@id\":\"https:\/\/carpathiacenter.ro\/#\/schema\/logo\/image\/\"},\"sameAs\":[\"https:\/\/www.facebook.com\/fdpscarpathia\/\"]},{\"@type\":\"Person\",\"@id\":\"https:\/\/carpathiacenter.ro\/#\/schema\/person\/03d9f58202fee8379268f34afa195006\",\"name\":\"creativebitsolutions\",\"image\":{\"@type\":\"ImageObject\",\"inLanguage\":\"en-GB\",\"@id\":\"https:\/\/carpathiacenter.ro\/#\/schema\/person\/image\/\",\"url\":\"https:\/\/secure.gravatar.com\/avatar\/1b1a13e37f847c635dab78348f1dff2f07651ee2a3d77a5c355a4b8c75f9165a?s=96&d=mm&r=g\",\"contentUrl\":\"https:\/\/secure.gravatar.com\/avatar\/1b1a13e37f847c635dab78348f1dff2f07651ee2a3d77a5c355a4b8c75f9165a?s=96&d=mm&r=g\",\"caption\":\"creativebitsolutions\"},\"url\":\"https:\/\/carpathiacenter.ro\/en\/author\/creativebitsolutions\/\"}]}<\/script>\n<!-- \/ Yoast SEO plugin. -->","yoast_head_json":{"title":"Conferin\u021ba 'Rom\u00e2nia \u0219i OCDE - Principalul proiect de \u021bar\u0103 dup\u0103 NATO, UE \u0219i Schengen', miercuri, la Palatul Cotroceni - Carpathia Center Romania","robots":{"index":"index","follow":"follow","max-snippet":"max-snippet:-1","max-image-preview":"max-image-preview:large","max-video-preview":"max-video-preview:-1"},"canonical":"https:\/\/carpathiacenter.ro\/en\/conferinta-romania-si-ocde-principalul-proiect-de-tara-dupa-nato-ue-si-schengen-miercuri-la-palatul-cotroceni\/","og_locale":"en_GB","og_type":"article","og_title":"Conferin\u021ba 'Rom\u00e2nia \u0219i OCDE - Principalul proiect de \u021bar\u0103 dup\u0103 NATO, UE \u0219i Schengen', miercuri, la Palatul Cotroceni - Carpathia Center Romania","og_description":"Administra\u021bia Preziden\u021bial\u0103 anun\u021b\u0103 organizarea conferin\u021bei &#8216;Rom\u00e2nia \u0219i OCDE &#8211; Principalul proiect de \u021bar\u0103 dup\u0103 NATO, UE \u0219i Schengen&#8217;, sub \u00cenaltul Patronaj al Pre\u0219edintelui Rom\u00e2niei, miercuri, la Palatul Cotroceni. Potrivit Administra\u021biei Preziden\u021biale, aceast\u0103 reuniune de importan\u021b\u0103 strategic\u0103 este organizat\u0103 \u00een parteneriat cu mediul de afaceri din Rom\u00e2nia \u0219i va aduce \u00eempreun\u0103 oficiali de rang \u00eenalt, reprezentan\u021bi...","og_url":"https:\/\/carpathiacenter.ro\/en\/conferinta-romania-si-ocde-principalul-proiect-de-tara-dupa-nato-ue-si-schengen-miercuri-la-palatul-cotroceni\/","og_site_name":"Carpathia Center Romania","article_publisher":"https:\/\/www.facebook.com\/fdpscarpathia\/","article_published_time":"2025-03-31T08:50:40+00:00","og_image":[{"width":780,"height":440,"url":"https:\/\/carpathiacenter.ro\/wp-content\/uploads\/2025\/03\/oecd.jpg","type":"image\/jpeg"}],"author":"creativebitsolutions","twitter_card":"summary_large_image","twitter_misc":{"Written by":"creativebitsolutions","Estimated reading time":"1 minute"},"schema":{"@context":"https:\/\/schema.org","@graph":[{"@type":"Article","@id":"https:\/\/carpathiacenter.ro\/conferinta-romania-si-ocde-principalul-proiect-de-tara-dupa-nato-ue-si-schengen-miercuri-la-palatul-cotroceni\/#article","isPartOf":{"@id":"https:\/\/carpathiacenter.ro\/conferinta-romania-si-ocde-principalul-proiect-de-tara-dupa-nato-ue-si-schengen-miercuri-la-palatul-cotroceni\/"},"author":{"name":"creativebitsolutions","@id":"https:\/\/carpathiacenter.ro\/#\/schema\/person\/03d9f58202fee8379268f34afa195006"},"headline":"Conferin\u021ba &#8216;Rom\u00e2nia \u0219i OCDE &#8211; Principalul proiect de \u021bar\u0103 dup\u0103 NATO, UE \u0219i Schengen&#8217;, miercuri, la Palatul Cotroceni","datePublished":"2025-03-31T08:50:40+00:00","mainEntityOfPage":{"@id":"https:\/\/carpathiacenter.ro\/conferinta-romania-si-ocde-principalul-proiect-de-tara-dupa-nato-ue-si-schengen-miercuri-la-palatul-cotroceni\/"},"wordCount":256,"commentCount":0,"publisher":{"@id":"https:\/\/carpathiacenter.ro\/#organization"},"image":{"@id":"https:\/\/carpathiacenter.ro\/conferinta-romania-si-ocde-principalul-proiect-de-tara-dupa-nato-ue-si-schengen-miercuri-la-palatul-cotroceni\/#primaryimage"},"thumbnailUrl":"https:\/\/carpathiacenter.ro\/wp-content\/uploads\/2025\/03\/oecd.jpg","articleSection":["Uncategorized"],"inLanguage":"en-GB","potentialAction":[{"@type":"CommentAction","name":"Comment","target":["https:\/\/carpathiacenter.ro\/conferinta-romania-si-ocde-principalul-proiect-de-tara-dupa-nato-ue-si-schengen-miercuri-la-palatul-cotroceni\/#respond"]}]},{"@type":"WebPage","@id":"https:\/\/carpathiacenter.ro\/conferinta-romania-si-ocde-principalul-proiect-de-tara-dupa-nato-ue-si-schengen-miercuri-la-palatul-cotroceni\/","url":"https:\/\/carpathiacenter.ro\/conferinta-romania-si-ocde-principalul-proiect-de-tara-dupa-nato-ue-si-schengen-miercuri-la-palatul-cotroceni\/","name":"Conferin\u021ba 'Rom\u00e2nia \u0219i OCDE - Principalul proiect de \u021bar\u0103 dup\u0103 NATO, UE \u0219i Schengen', miercuri, la Palatul Cotroceni - Carpathia Center Romania","isPartOf":{"@id":"https:\/\/carpathiacenter.ro\/#website"},"primaryImageOfPage":{"@id":"https:\/\/carpathiacenter.ro\/conferinta-romania-si-ocde-principalul-proiect-de-tara-dupa-nato-ue-si-schengen-miercuri-la-palatul-cotroceni\/#primaryimage"},"image":{"@id":"https:\/\/carpathiacenter.ro\/conferinta-romania-si-ocde-principalul-proiect-de-tara-dupa-nato-ue-si-schengen-miercuri-la-palatul-cotroceni\/#primaryimage"},"thumbnailUrl":"https:\/\/carpathiacenter.ro\/wp-content\/uploads\/2025\/03\/oecd.jpg","datePublished":"2025-03-31T08:50:40+00:00","breadcrumb":{"@id":"https:\/\/carpathiacenter.ro\/conferinta-romania-si-ocde-principalul-proiect-de-tara-dupa-nato-ue-si-schengen-miercuri-la-palatul-cotroceni\/#breadcrumb"},"inLanguage":"en-GB","potentialAction":[{"@type":"ReadAction","target":["https:\/\/carpathiacenter.ro\/conferinta-romania-si-ocde-principalul-proiect-de-tara-dupa-nato-ue-si-schengen-miercuri-la-palatul-cotroceni\/"]}]},{"@type":"ImageObject","inLanguage":"en-GB","@id":"https:\/\/carpathiacenter.ro\/conferinta-romania-si-ocde-principalul-proiect-de-tara-dupa-nato-ue-si-schengen-miercuri-la-palatul-cotroceni\/#primaryimage","url":"https:\/\/carpathiacenter.ro\/wp-content\/uploads\/2025\/03\/oecd.jpg","contentUrl":"https:\/\/carpathiacenter.ro\/wp-content\/uploads\/2025\/03\/oecd.jpg","width":780,"height":440},{"@type":"BreadcrumbList","@id":"https:\/\/carpathiacenter.ro\/conferinta-romania-si-ocde-principalul-proiect-de-tara-dupa-nato-ue-si-schengen-miercuri-la-palatul-cotroceni\/#breadcrumb","itemListElement":[{"@type":"ListItem","position":1,"name":"Prima pagin\u0103","item":"https:\/\/carpathiacenter.ro\/"},{"@type":"ListItem","position":2,"name":"Conferin\u021ba &#8216;Rom\u00e2nia \u0219i OCDE &#8211; Principalul proiect de \u021bar\u0103 dup\u0103 NATO, UE \u0219i Schengen&#8217;, miercuri, la Palatul Cotroceni"}]},{"@type":"WebSite","@id":"https:\/\/carpathiacenter.ro\/#website","url":"https:\/\/carpathiacenter.ro\/","name":"Carpathia Center Romania","description":"Impossible made possible!","publisher":{"@id":"https:\/\/carpathiacenter.ro\/#organization"},"potentialAction":[{"@type":"SearchAction","target":{"@type":"EntryPoint","urlTemplate":"https:\/\/carpathiacenter.ro\/?s={search_term_string}"},"query-input":{"@type":"PropertyValueSpecification","valueRequired":true,"valueName":"search_term_string"}}],"inLanguage":"en-GB"},{"@type":"Organization","@id":"https:\/\/carpathiacenter.ro\/#organization","name":"Carpathia Center Romania","url":"https:\/\/carpathiacenter.ro\/","logo":{"@type":"ImageObject","inLanguage":"en-GB","@id":"https:\/\/carpathiacenter.ro\/#\/schema\/logo\/image\/","url":"https:\/\/carpathiacenter.ro\/wp-content\/uploads\/2024\/07\/logo-carpathia_bg_white-1024x941.png","contentUrl":"https:\/\/carpathiacenter.ro\/wp-content\/uploads\/2024\/07\/logo-carpathia_bg_white-1024x941.png","width":1024,"height":941,"caption":"Carpathia Center Romania"},"image":{"@id":"https:\/\/carpathiacenter.ro\/#\/schema\/logo\/image\/"},"sameAs":["https:\/\/www.facebook.com\/fdpscarpathia\/"]},{"@type":"Person","@id":"https:\/\/carpathiacenter.ro\/#\/schema\/person\/03d9f58202fee8379268f34afa195006","name":"creativebitsolutions","image":{"@type":"ImageObject","inLanguage":"en-GB","@id":"https:\/\/carpathiacenter.ro\/#\/schema\/person\/image\/","url":"https:\/\/secure.gravatar.com\/avatar\/1b1a13e37f847c635dab78348f1dff2f07651ee2a3d77a5c355a4b8c75f9165a?s=96&d=mm&r=g","contentUrl":"https:\/\/secure.gravatar.com\/avatar\/1b1a13e37f847c635dab78348f1dff2f07651ee2a3d77a5c355a4b8c75f9165a?s=96&d=mm&r=g","caption":"creativebitsolutions"},"url":"https:\/\/carpathiacenter.ro\/en\/author\/creativebitsolutions\/"}]}},"_links":{"self":[{"href":"https:\/\/carpathiacenter.ro\/en\/wp-json\/wp\/v2\/posts\/2104","targetHints":{"allow":["GET"]}}],"collection":[{"href":"https:\/\/carpathiacenter.ro\/en\/wp-json\/wp\/v2\/posts"}],"about":[{"href":"https:\/\/carpathiacenter.ro\/en\/wp-json\/wp\/v2\/types\/post"}],"author":[{"embeddable":true,"href":"https:\/\/carpathiacenter.ro\/en\/wp-json\/wp\/v2\/users\/4"}],"replies":[{"embeddable":true,"href":"https:\/\/carpathiacenter.ro\/en\/wp-json\/wp\/v2\/comments?post=2104"}],"version-history":[{"count":1,"href":"https:\/\/carpathiacenter.ro\/en\/wp-json\/wp\/v2\/posts\/2104\/revisions"}],"predecessor-version":[{"id":2106,"href":"https:\/\/carpathiacenter.ro\/en\/wp-json\/wp\/v2\/posts\/2104\/revisions\/2106"}],"wp:featuredmedia":[{"embeddable":true,"href":"https:\/\/carpathiacenter.ro\/en\/wp-json\/wp\/v2\/media\/2105"}],"wp:attachment":[{"href":"https:\/\/carpathiacenter.ro\/en\/wp-json\/wp\/v2\/media?parent=2104"}],"wp:term":[{"taxonomy":"category","embeddable":true,"href":"https:\/\/carpathiacenter.ro\/en\/wp-json\/wp\/v2\/categories?post=2104"},{"taxonomy":"post_tag","embeddable":true,"href":"https:\/\/carpathiacenter.ro\/en\/wp-json\/wp\/v2\/tags?post=2104"}],"curies":[{"name":"wp","href":"https:\/\/api.w.org\/{rel}","templated":true}]}}