{"id":2085,"date":"2025-03-26T10:12:59","date_gmt":"2025-03-26T10:12:59","guid":{"rendered":"https:\/\/carpathiacenter.ro\/?p=2085"},"modified":"2025-03-26T10:12:59","modified_gmt":"2025-03-26T10:12:59","slug":"ministerul-culturii-anunta-ca-a-fost-aprobat-planul-urbanistic-zonal-al-muzeului-revolutiei-din-timisoara","status":"publish","type":"post","link":"https:\/\/carpathiacenter.ro\/en\/ministerul-culturii-anunta-ca-a-fost-aprobat-planul-urbanistic-zonal-al-muzeului-revolutiei-din-timisoara\/","title":{"rendered":"Ministerul Culturii anun\u021b\u0103 c\u0103 a fost aprobat Planul Urbanistic Zonal al Muzeului Revolu\u021biei din Timi\u0219oara"},"content":{"rendered":"<p>Ministerul Culturii a anun\u021bat, mar\u021bi, c\u0103 Planul Urbanistic Zonal pentru Muzeul Revolu\u021biei din Timi\u0219oara a fost aprobat de administra\u021bia local\u0103.<\/p>\n<p>&#8216;Muzeul va fi amenajat \u00een curtea fostei Comenduiri a Garnizoanei Militare din Pia\u021ba Libert\u0103\u021bii, locul \u00een care au fost trase primele focuri de arm\u0103 \u00een timpul reprim\u0103rii violente a manifesta\u021biei anticomuniste din 17 decembrie 1989. Valoarea total\u0103 a proiectului, \u00een baza Acordului-Cadru de \u00eemprumut dintre Rom\u00e2nia \u0219i Banca de Dezvoltare a Consiliului Europei, este de aproximativ 17 milioane de euro&#8217;, se arat\u0103 \u00eentr-un comunicat transmis de Ministerul Culturii.<\/p>\n<p>Conform aceleia\u0219i surse, proiectul intr\u0103 \u00eentr-o nou\u0103 etap\u0103 de dezvoltare, urm\u00e2nd elaborarea studiului de fezabilitate \u0219i a documenta\u021biei de avizare a lucr\u0103rilor de interven\u021bii, pentru a determina fezabilitatea \u0219i necesitatea interven\u021biei.<\/p>\n<p>&#8216;\u00cen continuare, va fi \u00eentocmit\u0103 Documenta\u021bia Tehnic\u0103 pentru ob\u021binerea Autoriza\u021biei de Construire (DTAC), obligatorie pentru avizarea proiectului. Ultima etap\u0103 va fi elaborarea Proiectului Tehnic (PT), care detaliaz\u0103 solu\u021biile constructive. Dup\u0103 finalizarea acestor etape, va fi lansat\u0103 licita\u021bia public\u0103 pentru atribuirea contractului de execu\u021bie a lucr\u0103rilor&#8217;, se mai men\u021bioneaz\u0103 \u00een comunicat.<\/p>\n<p>Muzeul Na\u021bional al Revolu\u021biei Anticomuniste din Decembrie 1989, \u00eenfiin\u021bat prin lege \u00een iunie 2022, va func\u021biona sub autoritatea Ministerului Culturii, \u00een administrarea c\u0103ruia a trecut de la Ministerul Ap\u0103r\u0103rii Na\u021bionale. Cl\u0103direa, situat\u0103 \u00eentr-o zon\u0103 central\u0103 recent modernizat\u0103, beneficiaz\u0103 de acces facil \u0219i de vizibilitate sporit\u0103.<\/p>\n<p>Ministerul Culturii reaminte\u0219te c\u0103 \u00een noiembrie 2021 a fost semnat contractul de proiectare, \u00eens\u0103 prima etap\u0103 a fost \u00eent\u00e2rziat\u0103 aproape doi ani din cauza cercet\u0103rilor arheologice \u0219i a dificult\u0103\u021bilor \u00een ob\u021binerea avizelor. Astfel, \u00een perioada 2022-2023, speciali\u0219ti de la Muzeul Na\u021bional de Istorie a Transilvaniei au efectuat s\u0103p\u0103turi la Timi\u0219oara, descoperind r\u0103m\u0103\u0219i\u021be ale unor structuri din secolul al XVIII-lea. \u00cen ianuarie 2024, Comisia Na\u021bional\u0103 de Arheologie a aprobat integrarea par\u021bial\u0103 a acestora \u00een conceptul muzeului. AGERPRES\/(AS &#8211; redactor: George Onea, editor: Antonia Ni\u021b\u0103, editor online: Andreea L\u00e3z\u00e3roiu)<br \/>\n<br \/>\nSursa articolului:<a href=\"https:\/\/agerpres.ro\/cultura-media\/2025\/03\/25\/ministerul-culturii-anunta-ca-a-fost-aprobat-planul-urbanistic-zonal-al-muzeului-revolutiei-din-timi--1434323\" target=\"_blank\" rel=\"noopener\" title=\"\">https:\/\/agerpres.ro\/cultura-media\/2025\/03\/25\/ministerul-culturii-anunta-ca-a-fost-aprobat-planul-urbanistic-zonal-al-muzeului-revolutiei-din-timi&#8211;1434323<\/a><\/p>","protected":false},"excerpt":{"rendered":"<p>Ministerul Culturii a anun\u021bat, mar\u021bi, c\u0103 Planul Urbanistic Zonal pentru Muzeul Revolu\u021biei din Timi\u0219oara a fost aprobat de administra\u021bia local\u0103. &#8216;Muzeul va fi amenajat \u00een curtea fostei Comenduiri a Garnizoanei Militare din Pia\u021ba Libert\u0103\u021bii, locul \u00een care au fost trase primele focuri de arm\u0103 \u00een timpul reprim\u0103rii violente a manifesta\u021biei anticomuniste din 17 decembrie 1989&#8230;.<\/p>","protected":false},"author":4,"featured_media":2086,"comment_status":"open","ping_status":"open","sticky":false,"template":"","format":"standard","meta":{"footnotes":""},"categories":[1],"tags":[],"class_list":["post-2085","post","type-post","status-publish","format-standard","has-post-thumbnail","hentry","category-uncategorized"],"yoast_head":"<!-- This site is optimized with the Yoast SEO plugin v26.1.1 - https:\/\/yoast.com\/wordpress\/plugins\/seo\/ -->\n<title>Ministerul Culturii anun\u021b\u0103 c\u0103 a fost aprobat Planul Urbanistic Zonal al Muzeului Revolu\u021biei din Timi\u0219oara - Carpathia Center Romania<\/title>\n<meta name=\"robots\" content=\"index, follow, max-snippet:-1, max-image-preview:large, max-video-preview:-1\" \/>\n<link rel=\"canonical\" href=\"https:\/\/carpathiacenter.ro\/en\/ministerul-culturii-anunta-ca-a-fost-aprobat-planul-urbanistic-zonal-al-muzeului-revolutiei-din-timisoara\/\" \/>\n<meta property=\"og:locale\" content=\"en_GB\" \/>\n<meta property=\"og:type\" content=\"article\" \/>\n<meta property=\"og:title\" content=\"Ministerul Culturii anun\u021b\u0103 c\u0103 a fost aprobat Planul Urbanistic Zonal al Muzeului Revolu\u021biei din Timi\u0219oara - Carpathia Center Romania\" \/>\n<meta property=\"og:description\" content=\"Ministerul Culturii a anun\u021bat, mar\u021bi, c\u0103 Planul Urbanistic Zonal pentru Muzeul Revolu\u021biei din Timi\u0219oara a fost aprobat de administra\u021bia local\u0103. &#8216;Muzeul va fi amenajat \u00een curtea fostei Comenduiri a Garnizoanei Militare din Pia\u021ba Libert\u0103\u021bii, locul \u00een care au fost trase primele focuri de arm\u0103 \u00een timpul reprim\u0103rii violente a manifesta\u021biei anticomuniste din 17 decembrie 1989....\" \/>\n<meta property=\"og:url\" content=\"https:\/\/carpathiacenter.ro\/en\/ministerul-culturii-anunta-ca-a-fost-aprobat-planul-urbanistic-zonal-al-muzeului-revolutiei-din-timisoara\/\" \/>\n<meta property=\"og:site_name\" content=\"Carpathia Center Romania\" \/>\n<meta property=\"article:publisher\" content=\"https:\/\/www.facebook.com\/fdpscarpathia\/\" \/>\n<meta property=\"article:published_time\" content=\"2025-03-26T10:12:59+00:00\" \/>\n<meta property=\"og:image\" content=\"https:\/\/carpathiacenter.ro\/wp-content\/uploads\/2025\/03\/Muzeul-Revolutiei-Timisoara.png\" \/>\n\t<meta property=\"og:image:width\" content=\"670\" \/>\n\t<meta property=\"og:image:height\" content=\"450\" \/>\n\t<meta property=\"og:image:type\" content=\"image\/png\" \/>\n<meta name=\"author\" content=\"creativebitsolutions\" \/>\n<meta name=\"twitter:card\" content=\"summary_large_image\" \/>\n<meta name=\"twitter:label1\" content=\"Written by\" \/>\n\t<meta name=\"twitter:data1\" content=\"creativebitsolutions\" \/>\n\t<meta name=\"twitter:label2\" content=\"Estimated reading time\" \/>\n\t<meta name=\"twitter:data2\" content=\"2 minutes\" \/>\n<script type=\"application\/ld+json\" class=\"yoast-schema-graph\">{\"@context\":\"https:\/\/schema.org\",\"@graph\":[{\"@type\":\"Article\",\"@id\":\"https:\/\/carpathiacenter.ro\/ministerul-culturii-anunta-ca-a-fost-aprobat-planul-urbanistic-zonal-al-muzeului-revolutiei-din-timisoara\/#article\",\"isPartOf\":{\"@id\":\"https:\/\/carpathiacenter.ro\/ministerul-culturii-anunta-ca-a-fost-aprobat-planul-urbanistic-zonal-al-muzeului-revolutiei-din-timisoara\/\"},\"author\":{\"name\":\"creativebitsolutions\",\"@id\":\"https:\/\/carpathiacenter.ro\/#\/schema\/person\/03d9f58202fee8379268f34afa195006\"},\"headline\":\"Ministerul Culturii anun\u021b\u0103 c\u0103 a fost aprobat Planul Urbanistic Zonal al Muzeului Revolu\u021biei din Timi\u0219oara\",\"datePublished\":\"2025-03-26T10:12:59+00:00\",\"mainEntityOfPage\":{\"@id\":\"https:\/\/carpathiacenter.ro\/ministerul-culturii-anunta-ca-a-fost-aprobat-planul-urbanistic-zonal-al-muzeului-revolutiei-din-timisoara\/\"},\"wordCount\":369,\"commentCount\":0,\"publisher\":{\"@id\":\"https:\/\/carpathiacenter.ro\/#organization\"},\"image\":{\"@id\":\"https:\/\/carpathiacenter.ro\/ministerul-culturii-anunta-ca-a-fost-aprobat-planul-urbanistic-zonal-al-muzeului-revolutiei-din-timisoara\/#primaryimage\"},\"thumbnailUrl\":\"https:\/\/carpathiacenter.ro\/wp-content\/uploads\/2025\/03\/Muzeul-Revolutiei-Timisoara.png\",\"articleSection\":[\"Uncategorized\"],\"inLanguage\":\"en-GB\",\"potentialAction\":[{\"@type\":\"CommentAction\",\"name\":\"Comment\",\"target\":[\"https:\/\/carpathiacenter.ro\/ministerul-culturii-anunta-ca-a-fost-aprobat-planul-urbanistic-zonal-al-muzeului-revolutiei-din-timisoara\/#respond\"]}]},{\"@type\":\"WebPage\",\"@id\":\"https:\/\/carpathiacenter.ro\/ministerul-culturii-anunta-ca-a-fost-aprobat-planul-urbanistic-zonal-al-muzeului-revolutiei-din-timisoara\/\",\"url\":\"https:\/\/carpathiacenter.ro\/ministerul-culturii-anunta-ca-a-fost-aprobat-planul-urbanistic-zonal-al-muzeului-revolutiei-din-timisoara\/\",\"name\":\"Ministerul Culturii anun\u021b\u0103 c\u0103 a fost aprobat Planul Urbanistic Zonal al Muzeului Revolu\u021biei din Timi\u0219oara - Carpathia Center Romania\",\"isPartOf\":{\"@id\":\"https:\/\/carpathiacenter.ro\/#website\"},\"primaryImageOfPage\":{\"@id\":\"https:\/\/carpathiacenter.ro\/ministerul-culturii-anunta-ca-a-fost-aprobat-planul-urbanistic-zonal-al-muzeului-revolutiei-din-timisoara\/#primaryimage\"},\"image\":{\"@id\":\"https:\/\/carpathiacenter.ro\/ministerul-culturii-anunta-ca-a-fost-aprobat-planul-urbanistic-zonal-al-muzeului-revolutiei-din-timisoara\/#primaryimage\"},\"thumbnailUrl\":\"https:\/\/carpathiacenter.ro\/wp-content\/uploads\/2025\/03\/Muzeul-Revolutiei-Timisoara.png\",\"datePublished\":\"2025-03-26T10:12:59+00:00\",\"breadcrumb\":{\"@id\":\"https:\/\/carpathiacenter.ro\/ministerul-culturii-anunta-ca-a-fost-aprobat-planul-urbanistic-zonal-al-muzeului-revolutiei-din-timisoara\/#breadcrumb\"},\"inLanguage\":\"en-GB\",\"potentialAction\":[{\"@type\":\"ReadAction\",\"target\":[\"https:\/\/carpathiacenter.ro\/ministerul-culturii-anunta-ca-a-fost-aprobat-planul-urbanistic-zonal-al-muzeului-revolutiei-din-timisoara\/\"]}]},{\"@type\":\"ImageObject\",\"inLanguage\":\"en-GB\",\"@id\":\"https:\/\/carpathiacenter.ro\/ministerul-culturii-anunta-ca-a-fost-aprobat-planul-urbanistic-zonal-al-muzeului-revolutiei-din-timisoara\/#primaryimage\",\"url\":\"https:\/\/carpathiacenter.ro\/wp-content\/uploads\/2025\/03\/Muzeul-Revolutiei-Timisoara.png\",\"contentUrl\":\"https:\/\/carpathiacenter.ro\/wp-content\/uploads\/2025\/03\/Muzeul-Revolutiei-Timisoara.png\",\"width\":670,\"height\":450},{\"@type\":\"BreadcrumbList\",\"@id\":\"https:\/\/carpathiacenter.ro\/ministerul-culturii-anunta-ca-a-fost-aprobat-planul-urbanistic-zonal-al-muzeului-revolutiei-din-timisoara\/#breadcrumb\",\"itemListElement\":[{\"@type\":\"ListItem\",\"position\":1,\"name\":\"Prima pagin\u0103\",\"item\":\"https:\/\/carpathiacenter.ro\/\"},{\"@type\":\"ListItem\",\"position\":2,\"name\":\"Ministerul Culturii anun\u021b\u0103 c\u0103 a fost aprobat Planul Urbanistic Zonal al Muzeului Revolu\u021biei din Timi\u0219oara\"}]},{\"@type\":\"WebSite\",\"@id\":\"https:\/\/carpathiacenter.ro\/#website\",\"url\":\"https:\/\/carpathiacenter.ro\/\",\"name\":\"Carpathia Center Romania\",\"description\":\"Impossible made possible!\",\"publisher\":{\"@id\":\"https:\/\/carpathiacenter.ro\/#organization\"},\"potentialAction\":[{\"@type\":\"SearchAction\",\"target\":{\"@type\":\"EntryPoint\",\"urlTemplate\":\"https:\/\/carpathiacenter.ro\/?s={search_term_string}\"},\"query-input\":{\"@type\":\"PropertyValueSpecification\",\"valueRequired\":true,\"valueName\":\"search_term_string\"}}],\"inLanguage\":\"en-GB\"},{\"@type\":\"Organization\",\"@id\":\"https:\/\/carpathiacenter.ro\/#organization\",\"name\":\"Carpathia Center Romania\",\"url\":\"https:\/\/carpathiacenter.ro\/\",\"logo\":{\"@type\":\"ImageObject\",\"inLanguage\":\"en-GB\",\"@id\":\"https:\/\/carpathiacenter.ro\/#\/schema\/logo\/image\/\",\"url\":\"https:\/\/carpathiacenter.ro\/wp-content\/uploads\/2024\/07\/logo-carpathia_bg_white-1024x941.png\",\"contentUrl\":\"https:\/\/carpathiacenter.ro\/wp-content\/uploads\/2024\/07\/logo-carpathia_bg_white-1024x941.png\",\"width\":1024,\"height\":941,\"caption\":\"Carpathia Center Romania\"},\"image\":{\"@id\":\"https:\/\/carpathiacenter.ro\/#\/schema\/logo\/image\/\"},\"sameAs\":[\"https:\/\/www.facebook.com\/fdpscarpathia\/\"]},{\"@type\":\"Person\",\"@id\":\"https:\/\/carpathiacenter.ro\/#\/schema\/person\/03d9f58202fee8379268f34afa195006\",\"name\":\"creativebitsolutions\",\"image\":{\"@type\":\"ImageObject\",\"inLanguage\":\"en-GB\",\"@id\":\"https:\/\/carpathiacenter.ro\/#\/schema\/person\/image\/\",\"url\":\"https:\/\/secure.gravatar.com\/avatar\/1b1a13e37f847c635dab78348f1dff2f07651ee2a3d77a5c355a4b8c75f9165a?s=96&d=mm&r=g\",\"contentUrl\":\"https:\/\/secure.gravatar.com\/avatar\/1b1a13e37f847c635dab78348f1dff2f07651ee2a3d77a5c355a4b8c75f9165a?s=96&d=mm&r=g\",\"caption\":\"creativebitsolutions\"},\"url\":\"https:\/\/carpathiacenter.ro\/en\/author\/creativebitsolutions\/\"}]}<\/script>\n<!-- \/ Yoast SEO plugin. -->","yoast_head_json":{"title":"Ministerul Culturii anun\u021b\u0103 c\u0103 a fost aprobat Planul Urbanistic Zonal al Muzeului Revolu\u021biei din Timi\u0219oara - Carpathia Center Romania","robots":{"index":"index","follow":"follow","max-snippet":"max-snippet:-1","max-image-preview":"max-image-preview:large","max-video-preview":"max-video-preview:-1"},"canonical":"https:\/\/carpathiacenter.ro\/en\/ministerul-culturii-anunta-ca-a-fost-aprobat-planul-urbanistic-zonal-al-muzeului-revolutiei-din-timisoara\/","og_locale":"en_GB","og_type":"article","og_title":"Ministerul Culturii anun\u021b\u0103 c\u0103 a fost aprobat Planul Urbanistic Zonal al Muzeului Revolu\u021biei din Timi\u0219oara - Carpathia Center Romania","og_description":"Ministerul Culturii a anun\u021bat, mar\u021bi, c\u0103 Planul Urbanistic Zonal pentru Muzeul Revolu\u021biei din Timi\u0219oara a fost aprobat de administra\u021bia local\u0103. &#8216;Muzeul va fi amenajat \u00een curtea fostei Comenduiri a Garnizoanei Militare din Pia\u021ba Libert\u0103\u021bii, locul \u00een care au fost trase primele focuri de arm\u0103 \u00een timpul reprim\u0103rii violente a manifesta\u021biei anticomuniste din 17 decembrie 1989....","og_url":"https:\/\/carpathiacenter.ro\/en\/ministerul-culturii-anunta-ca-a-fost-aprobat-planul-urbanistic-zonal-al-muzeului-revolutiei-din-timisoara\/","og_site_name":"Carpathia Center Romania","article_publisher":"https:\/\/www.facebook.com\/fdpscarpathia\/","article_published_time":"2025-03-26T10:12:59+00:00","og_image":[{"width":670,"height":450,"url":"https:\/\/carpathiacenter.ro\/wp-content\/uploads\/2025\/03\/Muzeul-Revolutiei-Timisoara.png","type":"image\/png"}],"author":"creativebitsolutions","twitter_card":"summary_large_image","twitter_misc":{"Written by":"creativebitsolutions","Estimated reading time":"2 minutes"},"schema":{"@context":"https:\/\/schema.org","@graph":[{"@type":"Article","@id":"https:\/\/carpathiacenter.ro\/ministerul-culturii-anunta-ca-a-fost-aprobat-planul-urbanistic-zonal-al-muzeului-revolutiei-din-timisoara\/#article","isPartOf":{"@id":"https:\/\/carpathiacenter.ro\/ministerul-culturii-anunta-ca-a-fost-aprobat-planul-urbanistic-zonal-al-muzeului-revolutiei-din-timisoara\/"},"author":{"name":"creativebitsolutions","@id":"https:\/\/carpathiacenter.ro\/#\/schema\/person\/03d9f58202fee8379268f34afa195006"},"headline":"Ministerul Culturii anun\u021b\u0103 c\u0103 a fost aprobat Planul Urbanistic Zonal al Muzeului Revolu\u021biei din Timi\u0219oara","datePublished":"2025-03-26T10:12:59+00:00","mainEntityOfPage":{"@id":"https:\/\/carpathiacenter.ro\/ministerul-culturii-anunta-ca-a-fost-aprobat-planul-urbanistic-zonal-al-muzeului-revolutiei-din-timisoara\/"},"wordCount":369,"commentCount":0,"publisher":{"@id":"https:\/\/carpathiacenter.ro\/#organization"},"image":{"@id":"https:\/\/carpathiacenter.ro\/ministerul-culturii-anunta-ca-a-fost-aprobat-planul-urbanistic-zonal-al-muzeului-revolutiei-din-timisoara\/#primaryimage"},"thumbnailUrl":"https:\/\/carpathiacenter.ro\/wp-content\/uploads\/2025\/03\/Muzeul-Revolutiei-Timisoara.png","articleSection":["Uncategorized"],"inLanguage":"en-GB","potentialAction":[{"@type":"CommentAction","name":"Comment","target":["https:\/\/carpathiacenter.ro\/ministerul-culturii-anunta-ca-a-fost-aprobat-planul-urbanistic-zonal-al-muzeului-revolutiei-din-timisoara\/#respond"]}]},{"@type":"WebPage","@id":"https:\/\/carpathiacenter.ro\/ministerul-culturii-anunta-ca-a-fost-aprobat-planul-urbanistic-zonal-al-muzeului-revolutiei-din-timisoara\/","url":"https:\/\/carpathiacenter.ro\/ministerul-culturii-anunta-ca-a-fost-aprobat-planul-urbanistic-zonal-al-muzeului-revolutiei-din-timisoara\/","name":"Ministerul Culturii anun\u021b\u0103 c\u0103 a fost aprobat Planul Urbanistic Zonal al Muzeului Revolu\u021biei din Timi\u0219oara - Carpathia Center Romania","isPartOf":{"@id":"https:\/\/carpathiacenter.ro\/#website"},"primaryImageOfPage":{"@id":"https:\/\/carpathiacenter.ro\/ministerul-culturii-anunta-ca-a-fost-aprobat-planul-urbanistic-zonal-al-muzeului-revolutiei-din-timisoara\/#primaryimage"},"image":{"@id":"https:\/\/carpathiacenter.ro\/ministerul-culturii-anunta-ca-a-fost-aprobat-planul-urbanistic-zonal-al-muzeului-revolutiei-din-timisoara\/#primaryimage"},"thumbnailUrl":"https:\/\/carpathiacenter.ro\/wp-content\/uploads\/2025\/03\/Muzeul-Revolutiei-Timisoara.png","datePublished":"2025-03-26T10:12:59+00:00","breadcrumb":{"@id":"https:\/\/carpathiacenter.ro\/ministerul-culturii-anunta-ca-a-fost-aprobat-planul-urbanistic-zonal-al-muzeului-revolutiei-din-timisoara\/#breadcrumb"},"inLanguage":"en-GB","potentialAction":[{"@type":"ReadAction","target":["https:\/\/carpathiacenter.ro\/ministerul-culturii-anunta-ca-a-fost-aprobat-planul-urbanistic-zonal-al-muzeului-revolutiei-din-timisoara\/"]}]},{"@type":"ImageObject","inLanguage":"en-GB","@id":"https:\/\/carpathiacenter.ro\/ministerul-culturii-anunta-ca-a-fost-aprobat-planul-urbanistic-zonal-al-muzeului-revolutiei-din-timisoara\/#primaryimage","url":"https:\/\/carpathiacenter.ro\/wp-content\/uploads\/2025\/03\/Muzeul-Revolutiei-Timisoara.png","contentUrl":"https:\/\/carpathiacenter.ro\/wp-content\/uploads\/2025\/03\/Muzeul-Revolutiei-Timisoara.png","width":670,"height":450},{"@type":"BreadcrumbList","@id":"https:\/\/carpathiacenter.ro\/ministerul-culturii-anunta-ca-a-fost-aprobat-planul-urbanistic-zonal-al-muzeului-revolutiei-din-timisoara\/#breadcrumb","itemListElement":[{"@type":"ListItem","position":1,"name":"Prima pagin\u0103","item":"https:\/\/carpathiacenter.ro\/"},{"@type":"ListItem","position":2,"name":"Ministerul Culturii anun\u021b\u0103 c\u0103 a fost aprobat Planul Urbanistic Zonal al Muzeului Revolu\u021biei din Timi\u0219oara"}]},{"@type":"WebSite","@id":"https:\/\/carpathiacenter.ro\/#website","url":"https:\/\/carpathiacenter.ro\/","name":"Carpathia Center Romania","description":"Impossible made possible!","publisher":{"@id":"https:\/\/carpathiacenter.ro\/#organization"},"potentialAction":[{"@type":"SearchAction","target":{"@type":"EntryPoint","urlTemplate":"https:\/\/carpathiacenter.ro\/?s={search_term_string}"},"query-input":{"@type":"PropertyValueSpecification","valueRequired":true,"valueName":"search_term_string"}}],"inLanguage":"en-GB"},{"@type":"Organization","@id":"https:\/\/carpathiacenter.ro\/#organization","name":"Carpathia Center Romania","url":"https:\/\/carpathiacenter.ro\/","logo":{"@type":"ImageObject","inLanguage":"en-GB","@id":"https:\/\/carpathiacenter.ro\/#\/schema\/logo\/image\/","url":"https:\/\/carpathiacenter.ro\/wp-content\/uploads\/2024\/07\/logo-carpathia_bg_white-1024x941.png","contentUrl":"https:\/\/carpathiacenter.ro\/wp-content\/uploads\/2024\/07\/logo-carpathia_bg_white-1024x941.png","width":1024,"height":941,"caption":"Carpathia Center Romania"},"image":{"@id":"https:\/\/carpathiacenter.ro\/#\/schema\/logo\/image\/"},"sameAs":["https:\/\/www.facebook.com\/fdpscarpathia\/"]},{"@type":"Person","@id":"https:\/\/carpathiacenter.ro\/#\/schema\/person\/03d9f58202fee8379268f34afa195006","name":"creativebitsolutions","image":{"@type":"ImageObject","inLanguage":"en-GB","@id":"https:\/\/carpathiacenter.ro\/#\/schema\/person\/image\/","url":"https:\/\/secure.gravatar.com\/avatar\/1b1a13e37f847c635dab78348f1dff2f07651ee2a3d77a5c355a4b8c75f9165a?s=96&d=mm&r=g","contentUrl":"https:\/\/secure.gravatar.com\/avatar\/1b1a13e37f847c635dab78348f1dff2f07651ee2a3d77a5c355a4b8c75f9165a?s=96&d=mm&r=g","caption":"creativebitsolutions"},"url":"https:\/\/carpathiacenter.ro\/en\/author\/creativebitsolutions\/"}]}},"_links":{"self":[{"href":"https:\/\/carpathiacenter.ro\/en\/wp-json\/wp\/v2\/posts\/2085","targetHints":{"allow":["GET"]}}],"collection":[{"href":"https:\/\/carpathiacenter.ro\/en\/wp-json\/wp\/v2\/posts"}],"about":[{"href":"https:\/\/carpathiacenter.ro\/en\/wp-json\/wp\/v2\/types\/post"}],"author":[{"embeddable":true,"href":"https:\/\/carpathiacenter.ro\/en\/wp-json\/wp\/v2\/users\/4"}],"replies":[{"embeddable":true,"href":"https:\/\/carpathiacenter.ro\/en\/wp-json\/wp\/v2\/comments?post=2085"}],"version-history":[{"count":1,"href":"https:\/\/carpathiacenter.ro\/en\/wp-json\/wp\/v2\/posts\/2085\/revisions"}],"predecessor-version":[{"id":2087,"href":"https:\/\/carpathiacenter.ro\/en\/wp-json\/wp\/v2\/posts\/2085\/revisions\/2087"}],"wp:featuredmedia":[{"embeddable":true,"href":"https:\/\/carpathiacenter.ro\/en\/wp-json\/wp\/v2\/media\/2086"}],"wp:attachment":[{"href":"https:\/\/carpathiacenter.ro\/en\/wp-json\/wp\/v2\/media?parent=2085"}],"wp:term":[{"taxonomy":"category","embeddable":true,"href":"https:\/\/carpathiacenter.ro\/en\/wp-json\/wp\/v2\/categories?post=2085"},{"taxonomy":"post_tag","embeddable":true,"href":"https:\/\/carpathiacenter.ro\/en\/wp-json\/wp\/v2\/tags?post=2085"}],"curies":[{"name":"wp","href":"https:\/\/api.w.org\/{rel}","templated":true}]}}