{"id":2065,"date":"2025-03-24T09:19:40","date_gmt":"2025-03-24T09:19:40","guid":{"rendered":"https:\/\/carpathiacenter.ro\/?p=2065"},"modified":"2025-03-24T09:19:40","modified_gmt":"2025-03-24T09:19:40","slug":"24-martie-ziua-mondiala-de-lupta-impotriva-tuberculozei-oms","status":"publish","type":"post","link":"https:\/\/carpathiacenter.ro\/en\/24-martie-ziua-mondiala-de-lupta-impotriva-tuberculozei-oms\/","title":{"rendered":"24 martie &#8211; Ziua mondial\u0103 de lupt\u0103 \u00eempotriva tuberculozei (OMS)"},"content":{"rendered":"<p>Ziua mondial\u0103 de lupt\u0103 \u00eempotriva tuberculozei (TBC) este marcat\u0103 la 24 martie, \u00een fiecare an, pentru a atrage aten\u021bia asupra cauzelor acestei boli \u0219i pentru a transmite informa\u021bii referitoare la preven\u021bia \u0219i tratamentul acesteia.<\/p>\n<p>Data a fost aleas\u0103 de Uniunea Interna\u021bional\u0103 \u00cempotriva Tuberculozei \u0219i reprezint\u0103 ziua \u00een care, \u00een anul 1882, bacteriologul german Robert Koch a informat oficial comunitatea \u0219tiin\u021bific\u0103 interna\u021bional\u0103 c\u0103 a descoperit bacilul TBC, fapt ce a deschis calea spre diagnosticarea \u0219i vindecarea tuberculozei.<\/p>\n<p>A fost recunoscut\u0103 oficial \u00een 1995, c\u00e2nd Organiza\u021bia Mondial\u0103 a S\u0103n\u0103t\u0103\u021bii (OMS) \u0219i Funda\u021bia Regal\u0103 Olandez\u0103 \u00cempotriva Tuberculozei au organizat un eveniment de amploare \u00een Haga, potrivit <a href=\"https:\/\/www.who.int\/\" target=\"_blank\" rel=\"noopener\">www.who.int<\/a>.<\/p>\n<p>Tuberculoza, una dintre cele mai infec\u021bioase boli din lume, este cauzat\u0103 de bacterii care afecteaz\u0103 cel mai adesea pl\u0103m\u00e2nii. Se r\u0103sp\u00e2nde\u0219te prin aer atunci c\u00e2nd persoanele cu TBC tu\u0219esc, str\u0103nut\u0103 sau scuip\u0103. Din cauza acestei afec\u021biuni mor zilnic peste 4.100 de oameni, iar aproape 28.000 o dob\u00e2ndesc. Num\u0103rul deceselor din cauza tuberculozei a crescut \u00een 2020, pentru prima dat\u0103 \u00een peste un deceniu, \u00een contextul pandemiei de COVID-19, potrivit sursei amintite.<\/p>\n<p>\u00cen 2023, se estimeaz\u0103 c\u0103 10,9 milioane de oameni s-au \u00eemboln\u0103vit \u00een \u00eentreaga lume &#8211; 6 milioane de b\u0103rba\u021bi, 3,6 milioane de femei \u0219i 1,3 milioane de copii -, boala fiind prezent\u0103 \u00een toate \u021b\u0103rile \u0219i la toate grupele de v\u00e2rst\u0103, potrivit <a href=\"https:\/\/www.who.int\/news-room\" target=\"_blank\" rel=\"noopener\">https:\/\/www.who.int\/news-room<\/a>.<\/p>\n<p>De\u0219i continu\u0103 s\u0103 devasteze milioane de oameni la nivel global, av\u00e2nd consecin\u021be grave asupra s\u0103n\u0103t\u0103\u021bii, dar \u0219i sociale \u0219i economice, tuberculoza poate fi prevenit\u0103 \u0219i vindecat\u0103. Eforturile globale de combatere a tuberculozei au salvat aproximativ 79 de milioane de vie\u021bi \u00eencep\u00e2nd cu anul 2000. Cu toate acestea, reducerile drastice \u0219i bru\u0219te ale finan\u021b\u0103rii globale a s\u0103n\u0103t\u0103\u021bii amenin\u021b\u0103 s\u0103 inverseze aceste c\u00e2\u0219tiguri. Cre\u0219terea rezisten\u021bei la medicamente, \u00een special \u00een Europa, \u0219i conflictele \u00een curs din Orientul Mijlociu, Africa \u0219i Europa de Est exacerbeaz\u0103 \u0219i mai mult situa\u021bia celor mai vulnerabili.<\/p>\n<p>\u00cen 2025, tema Zilei mondiale de lupt\u0103 \u00eempotriva tuberculozei este &#8216;Da! Putem pune cap\u0103t tuberculozei: Angajament, Investi\u021bie, Livrare&#8217; (&#8216;Yes! We Can End TB: Commit, Invest, Deliver&#8217;), fiind un apel la responsabilitate. Tema din acest an reaminte\u0219te tuturor \u0219efilor de stat \u0219i de guvern care, la Reuniunea la nivel \u00eenalt a Na\u021biunilor Unite din 2023, s-au angajat s\u0103 pun\u0103 cap\u0103t tuberculozei, c\u0103 sunt necesare ac\u021biuni concrete, finan\u021bare, strategii \u0219i politici na\u021bionale de investi\u021bii pentru a accelera eforturile de a pune cap\u0103t tuberculozei p\u00e2n\u0103 \u00een 2030. Angajamentele \u0219i investi\u021biile, pentru a avea rezultate tangibile de care s\u0103 beneficieze direct persoanele afectate de TBC, presupun extinderea interven\u021biilor, identificarea activ\u0103 a cazurilor, diagnosticul precoce \u0219i precis, extinderea tratamentului preventiv \u0219i \u00eengrijirea de \u00eenalt\u0103 calitate. \u00cen acest sens, implicarea comunit\u0103\u021bilor, a societ\u0103\u021bii civile \u0219i colaborarea multisectorial\u0103 sunt esen\u021biale, iar OMS se angajeaz\u0103 s\u0103 lucreze cu to\u021bi donatorii, partenerii \u0219i \u021b\u0103rile afectate pentru a atenua impactul reducerilor de finan\u021bare \u0219i pentru a g\u0103si solu\u021bii inovatoare.<\/p>\n<p>Tuberculoza constituie o problem\u0103 prioritar\u0103 de s\u0103n\u0103tate public\u0103 \u0219i \u00een \u021bara noastr\u0103. Cea mai important\u0103 unitate medical\u0103 din Rom\u00e2nia cu specializare \u00een depistarea \u0219i tratarea bolilor pulmonare, inclusiv tuberculoz\u0103, este Institutul de Pneumoftiziologie Marius Nasta din Bucure\u0219ti. Prin intermediul acestuia, Ministerul S\u0103n\u0103t\u0103\u021bii a derulat (martie 2018 &#8211; decembrie 2023) cel mai amplu proiect de depistare precoce &#8211; screening, diagnostic \u0219i tratament precoce al tuberculozei, inclusiv al tuberculozei latente, intitulat &#8216;Organizarea de programe de depistare precoce (screening), diagnostic \u0219i tratament precoce al tuberculozei, inclusiv al tuberculozei latente&#8217;, program ce a beneficiat de cofinan\u021bare din fonduri europene nerambursabile \u00een valoare de peste 60 de milioane lei, potrivit <a href=\"https:\/\/screeningtb.ro\/\" target=\"_blank\" rel=\"noopener\">https:\/\/screeningtb.ro\/<\/a>.<\/p>\n<p>Proiectul a fost axat pe prevenirea, screeningul \u0219i diagnosticul tuberculozei, inclusiv al tuberculozei latente, la persoane selectate din grupuri vulnerabile: din comunit\u0103\u021bi rurale; f\u0103r\u0103 ad\u0103post; cu dependen\u021be de alcool, droguri sau alte substan\u021be toxice; private de libertate sau aflate sub control judiciar. Astfel, caravane mobile de radiologie \u0219i analize conexe pentru depistarea precoce a tuberculozei au circulat \u00een toate cele 41 de jude\u021bele \u021b\u0103rii, fiind evaluate aproape 100.000 de persoane: 84.503 persoane din zonele rurale ale Rom\u00e2niei cu acces dificil sau deficitar la servicii medicale; 6.794 de persoane private de libertate sau \u00een arest preventiv din sistemul na\u021bional de penitenciare; 1.627 de persoane f\u0103r\u0103 ad\u0103post din Bucure\u0219ti; 1.114 consumatori de droguri injectabile din Bucure\u0219ti.<\/p>\n<p>Inciden\u021ba identificat\u0103 a fost de 250,83 de cazuri la suta de mii de persoane. Rata cea mai mare de inciden\u021b\u0103 a fost \u00eenregistrat\u0103 la\u00a0popula\u021bia f\u0103r\u0103 ad\u0103post &#8211;\u00a01113,76\u00a0la suta de mii de locuitori, urmat\u0103 de persoane care utilizeaz\u0103\u00a0droguri injectabile &#8211;\u00a0576,37\u00a0la suta de mii de locuitori.\u00a0Evaluarea acestor categorii de persoane a fost realizat\u0103 exclusiv pentru regiunea Bucure\u0219ti &#8211; Ilfov. \u00cen ceea ce prive\u0219te reparti\u021bia pe regiuni a tuberculozei, cel mai mare num\u0103r de cazuri a fost depistat \u00een Regiunea Nord-Est, \u00een vreme ce Regiunile Centru \u0219i Vest au \u00eenregistrat cele mai pu\u021bine cazuri, potrivit <a href=\"https:\/\/screeningtb.ro\/\" target=\"_blank\" rel=\"noopener\">https:\/\/screeningtb.ro\/<\/a>.<\/p>\n<p>Institutul de Pneumofiziologie Marius Nasta Bucure\u0219ti organizeaz\u0103 pe 24 martie 2025, la ora 11.00, o conferin\u021b\u0103 de pres\u0103 dedicat\u0103 Zilei mondiale de lupt\u0103 \u00eempotriva tuberculozei. AGERPRES\/(Documentare &#8211; Cerasela B\u0103di\u021b\u0103, editor: Doina Lecea, editor online: Alexandru Cojocaru)<\/p>\n<p>Sursa articolui:<a title=\"\" href=\"https:\/\/agerpres.ro\/documentare\/2025\/03\/24\/24-martie---ziua-mondiala-de-lupta-impotriva-tuberculozei-oms--1433584\" target=\"_blank\" rel=\"noopener\">https:\/\/agerpres.ro\/documentare\/2025\/03\/24\/24-martie&#8212;ziua-mondiala-de-lupta-impotriva-tuberculozei-oms&#8211;1433584<\/a><\/p>","protected":false},"excerpt":{"rendered":"<p>Ziua mondial\u0103 de lupt\u0103 \u00eempotriva tuberculozei (TBC) este marcat\u0103 la 24 martie, \u00een fiecare an, pentru a atrage aten\u021bia asupra cauzelor acestei boli \u0219i pentru a transmite informa\u021bii referitoare la preven\u021bia \u0219i tratamentul acesteia. Data a fost aleas\u0103 de Uniunea Interna\u021bional\u0103 \u00cempotriva Tuberculozei \u0219i reprezint\u0103 ziua \u00een care, \u00een anul 1882, bacteriologul german Robert Koch&#8230;<\/p>","protected":false},"author":4,"featured_media":2066,"comment_status":"open","ping_status":"open","sticky":false,"template":"","format":"standard","meta":{"footnotes":""},"categories":[1],"tags":[],"class_list":["post-2065","post","type-post","status-publish","format-standard","has-post-thumbnail","hentry","category-uncategorized"],"yoast_head":"<!-- This site is optimized with the Yoast SEO plugin v26.1.1 - https:\/\/yoast.com\/wordpress\/plugins\/seo\/ -->\n<title>24 martie - Ziua mondial\u0103 de lupt\u0103 \u00eempotriva tuberculozei (OMS) - Carpathia Center Romania<\/title>\n<meta name=\"robots\" content=\"index, follow, max-snippet:-1, max-image-preview:large, max-video-preview:-1\" \/>\n<link rel=\"canonical\" href=\"https:\/\/carpathiacenter.ro\/en\/24-martie-ziua-mondiala-de-lupta-impotriva-tuberculozei-oms\/\" \/>\n<meta property=\"og:locale\" content=\"en_GB\" \/>\n<meta property=\"og:type\" content=\"article\" \/>\n<meta property=\"og:title\" content=\"24 martie - Ziua mondial\u0103 de lupt\u0103 \u00eempotriva tuberculozei (OMS) - Carpathia Center Romania\" \/>\n<meta property=\"og:description\" content=\"Ziua mondial\u0103 de lupt\u0103 \u00eempotriva tuberculozei (TBC) este marcat\u0103 la 24 martie, \u00een fiecare an, pentru a atrage aten\u021bia asupra cauzelor acestei boli \u0219i pentru a transmite informa\u021bii referitoare la preven\u021bia \u0219i tratamentul acesteia. Data a fost aleas\u0103 de Uniunea Interna\u021bional\u0103 \u00cempotriva Tuberculozei \u0219i reprezint\u0103 ziua \u00een care, \u00een anul 1882, bacteriologul german Robert Koch...\" \/>\n<meta property=\"og:url\" content=\"https:\/\/carpathiacenter.ro\/en\/24-martie-ziua-mondiala-de-lupta-impotriva-tuberculozei-oms\/\" \/>\n<meta property=\"og:site_name\" content=\"Carpathia Center Romania\" \/>\n<meta property=\"article:publisher\" content=\"https:\/\/www.facebook.com\/fdpscarpathia\/\" \/>\n<meta property=\"article:published_time\" content=\"2025-03-24T09:19:40+00:00\" \/>\n<meta property=\"og:image\" content=\"https:\/\/carpathiacenter.ro\/wp-content\/uploads\/2025\/03\/worldtbday-tuberculoza-problema-sanatate-publica-mondiala-2024.png\" \/>\n\t<meta property=\"og:image:width\" content=\"1200\" \/>\n\t<meta property=\"og:image:height\" content=\"630\" \/>\n\t<meta property=\"og:image:type\" content=\"image\/png\" \/>\n<meta name=\"author\" content=\"creativebitsolutions\" \/>\n<meta name=\"twitter:card\" content=\"summary_large_image\" \/>\n<meta name=\"twitter:label1\" content=\"Written by\" \/>\n\t<meta name=\"twitter:data1\" content=\"creativebitsolutions\" \/>\n\t<meta name=\"twitter:label2\" content=\"Estimated reading time\" \/>\n\t<meta name=\"twitter:data2\" content=\"5 minutes\" \/>\n<script type=\"application\/ld+json\" class=\"yoast-schema-graph\">{\"@context\":\"https:\/\/schema.org\",\"@graph\":[{\"@type\":\"Article\",\"@id\":\"https:\/\/carpathiacenter.ro\/24-martie-ziua-mondiala-de-lupta-impotriva-tuberculozei-oms\/#article\",\"isPartOf\":{\"@id\":\"https:\/\/carpathiacenter.ro\/24-martie-ziua-mondiala-de-lupta-impotriva-tuberculozei-oms\/\"},\"author\":{\"name\":\"creativebitsolutions\",\"@id\":\"https:\/\/carpathiacenter.ro\/#\/schema\/person\/03d9f58202fee8379268f34afa195006\"},\"headline\":\"24 martie &#8211; Ziua mondial\u0103 de lupt\u0103 \u00eempotriva tuberculozei (OMS)\",\"datePublished\":\"2025-03-24T09:19:40+00:00\",\"mainEntityOfPage\":{\"@id\":\"https:\/\/carpathiacenter.ro\/24-martie-ziua-mondiala-de-lupta-impotriva-tuberculozei-oms\/\"},\"wordCount\":914,\"commentCount\":0,\"publisher\":{\"@id\":\"https:\/\/carpathiacenter.ro\/#organization\"},\"image\":{\"@id\":\"https:\/\/carpathiacenter.ro\/24-martie-ziua-mondiala-de-lupta-impotriva-tuberculozei-oms\/#primaryimage\"},\"thumbnailUrl\":\"https:\/\/carpathiacenter.ro\/wp-content\/uploads\/2025\/03\/worldtbday-tuberculoza-problema-sanatate-publica-mondiala-2024.png\",\"articleSection\":[\"Uncategorized\"],\"inLanguage\":\"en-GB\",\"potentialAction\":[{\"@type\":\"CommentAction\",\"name\":\"Comment\",\"target\":[\"https:\/\/carpathiacenter.ro\/24-martie-ziua-mondiala-de-lupta-impotriva-tuberculozei-oms\/#respond\"]}]},{\"@type\":\"WebPage\",\"@id\":\"https:\/\/carpathiacenter.ro\/24-martie-ziua-mondiala-de-lupta-impotriva-tuberculozei-oms\/\",\"url\":\"https:\/\/carpathiacenter.ro\/24-martie-ziua-mondiala-de-lupta-impotriva-tuberculozei-oms\/\",\"name\":\"24 martie - Ziua mondial\u0103 de lupt\u0103 \u00eempotriva tuberculozei (OMS) - Carpathia Center Romania\",\"isPartOf\":{\"@id\":\"https:\/\/carpathiacenter.ro\/#website\"},\"primaryImageOfPage\":{\"@id\":\"https:\/\/carpathiacenter.ro\/24-martie-ziua-mondiala-de-lupta-impotriva-tuberculozei-oms\/#primaryimage\"},\"image\":{\"@id\":\"https:\/\/carpathiacenter.ro\/24-martie-ziua-mondiala-de-lupta-impotriva-tuberculozei-oms\/#primaryimage\"},\"thumbnailUrl\":\"https:\/\/carpathiacenter.ro\/wp-content\/uploads\/2025\/03\/worldtbday-tuberculoza-problema-sanatate-publica-mondiala-2024.png\",\"datePublished\":\"2025-03-24T09:19:40+00:00\",\"breadcrumb\":{\"@id\":\"https:\/\/carpathiacenter.ro\/24-martie-ziua-mondiala-de-lupta-impotriva-tuberculozei-oms\/#breadcrumb\"},\"inLanguage\":\"en-GB\",\"potentialAction\":[{\"@type\":\"ReadAction\",\"target\":[\"https:\/\/carpathiacenter.ro\/24-martie-ziua-mondiala-de-lupta-impotriva-tuberculozei-oms\/\"]}]},{\"@type\":\"ImageObject\",\"inLanguage\":\"en-GB\",\"@id\":\"https:\/\/carpathiacenter.ro\/24-martie-ziua-mondiala-de-lupta-impotriva-tuberculozei-oms\/#primaryimage\",\"url\":\"https:\/\/carpathiacenter.ro\/wp-content\/uploads\/2025\/03\/worldtbday-tuberculoza-problema-sanatate-publica-mondiala-2024.png\",\"contentUrl\":\"https:\/\/carpathiacenter.ro\/wp-content\/uploads\/2025\/03\/worldtbday-tuberculoza-problema-sanatate-publica-mondiala-2024.png\",\"width\":1200,\"height\":630},{\"@type\":\"BreadcrumbList\",\"@id\":\"https:\/\/carpathiacenter.ro\/24-martie-ziua-mondiala-de-lupta-impotriva-tuberculozei-oms\/#breadcrumb\",\"itemListElement\":[{\"@type\":\"ListItem\",\"position\":1,\"name\":\"Prima pagin\u0103\",\"item\":\"https:\/\/carpathiacenter.ro\/\"},{\"@type\":\"ListItem\",\"position\":2,\"name\":\"24 martie &#8211; Ziua mondial\u0103 de lupt\u0103 \u00eempotriva tuberculozei (OMS)\"}]},{\"@type\":\"WebSite\",\"@id\":\"https:\/\/carpathiacenter.ro\/#website\",\"url\":\"https:\/\/carpathiacenter.ro\/\",\"name\":\"Carpathia Center Romania\",\"description\":\"Impossible made possible!\",\"publisher\":{\"@id\":\"https:\/\/carpathiacenter.ro\/#organization\"},\"potentialAction\":[{\"@type\":\"SearchAction\",\"target\":{\"@type\":\"EntryPoint\",\"urlTemplate\":\"https:\/\/carpathiacenter.ro\/?s={search_term_string}\"},\"query-input\":{\"@type\":\"PropertyValueSpecification\",\"valueRequired\":true,\"valueName\":\"search_term_string\"}}],\"inLanguage\":\"en-GB\"},{\"@type\":\"Organization\",\"@id\":\"https:\/\/carpathiacenter.ro\/#organization\",\"name\":\"Carpathia Center Romania\",\"url\":\"https:\/\/carpathiacenter.ro\/\",\"logo\":{\"@type\":\"ImageObject\",\"inLanguage\":\"en-GB\",\"@id\":\"https:\/\/carpathiacenter.ro\/#\/schema\/logo\/image\/\",\"url\":\"https:\/\/carpathiacenter.ro\/wp-content\/uploads\/2024\/07\/logo-carpathia_bg_white-1024x941.png\",\"contentUrl\":\"https:\/\/carpathiacenter.ro\/wp-content\/uploads\/2024\/07\/logo-carpathia_bg_white-1024x941.png\",\"width\":1024,\"height\":941,\"caption\":\"Carpathia Center Romania\"},\"image\":{\"@id\":\"https:\/\/carpathiacenter.ro\/#\/schema\/logo\/image\/\"},\"sameAs\":[\"https:\/\/www.facebook.com\/fdpscarpathia\/\"]},{\"@type\":\"Person\",\"@id\":\"https:\/\/carpathiacenter.ro\/#\/schema\/person\/03d9f58202fee8379268f34afa195006\",\"name\":\"creativebitsolutions\",\"image\":{\"@type\":\"ImageObject\",\"inLanguage\":\"en-GB\",\"@id\":\"https:\/\/carpathiacenter.ro\/#\/schema\/person\/image\/\",\"url\":\"https:\/\/secure.gravatar.com\/avatar\/1b1a13e37f847c635dab78348f1dff2f07651ee2a3d77a5c355a4b8c75f9165a?s=96&d=mm&r=g\",\"contentUrl\":\"https:\/\/secure.gravatar.com\/avatar\/1b1a13e37f847c635dab78348f1dff2f07651ee2a3d77a5c355a4b8c75f9165a?s=96&d=mm&r=g\",\"caption\":\"creativebitsolutions\"},\"url\":\"https:\/\/carpathiacenter.ro\/en\/author\/creativebitsolutions\/\"}]}<\/script>\n<!-- \/ Yoast SEO plugin. -->","yoast_head_json":{"title":"24 martie - Ziua mondial\u0103 de lupt\u0103 \u00eempotriva tuberculozei (OMS) - Carpathia Center Romania","robots":{"index":"index","follow":"follow","max-snippet":"max-snippet:-1","max-image-preview":"max-image-preview:large","max-video-preview":"max-video-preview:-1"},"canonical":"https:\/\/carpathiacenter.ro\/en\/24-martie-ziua-mondiala-de-lupta-impotriva-tuberculozei-oms\/","og_locale":"en_GB","og_type":"article","og_title":"24 martie - Ziua mondial\u0103 de lupt\u0103 \u00eempotriva tuberculozei (OMS) - Carpathia Center Romania","og_description":"Ziua mondial\u0103 de lupt\u0103 \u00eempotriva tuberculozei (TBC) este marcat\u0103 la 24 martie, \u00een fiecare an, pentru a atrage aten\u021bia asupra cauzelor acestei boli \u0219i pentru a transmite informa\u021bii referitoare la preven\u021bia \u0219i tratamentul acesteia. Data a fost aleas\u0103 de Uniunea Interna\u021bional\u0103 \u00cempotriva Tuberculozei \u0219i reprezint\u0103 ziua \u00een care, \u00een anul 1882, bacteriologul german Robert Koch...","og_url":"https:\/\/carpathiacenter.ro\/en\/24-martie-ziua-mondiala-de-lupta-impotriva-tuberculozei-oms\/","og_site_name":"Carpathia Center Romania","article_publisher":"https:\/\/www.facebook.com\/fdpscarpathia\/","article_published_time":"2025-03-24T09:19:40+00:00","og_image":[{"width":1200,"height":630,"url":"https:\/\/carpathiacenter.ro\/wp-content\/uploads\/2025\/03\/worldtbday-tuberculoza-problema-sanatate-publica-mondiala-2024.png","type":"image\/png"}],"author":"creativebitsolutions","twitter_card":"summary_large_image","twitter_misc":{"Written by":"creativebitsolutions","Estimated reading time":"5 minutes"},"schema":{"@context":"https:\/\/schema.org","@graph":[{"@type":"Article","@id":"https:\/\/carpathiacenter.ro\/24-martie-ziua-mondiala-de-lupta-impotriva-tuberculozei-oms\/#article","isPartOf":{"@id":"https:\/\/carpathiacenter.ro\/24-martie-ziua-mondiala-de-lupta-impotriva-tuberculozei-oms\/"},"author":{"name":"creativebitsolutions","@id":"https:\/\/carpathiacenter.ro\/#\/schema\/person\/03d9f58202fee8379268f34afa195006"},"headline":"24 martie &#8211; Ziua mondial\u0103 de lupt\u0103 \u00eempotriva tuberculozei (OMS)","datePublished":"2025-03-24T09:19:40+00:00","mainEntityOfPage":{"@id":"https:\/\/carpathiacenter.ro\/24-martie-ziua-mondiala-de-lupta-impotriva-tuberculozei-oms\/"},"wordCount":914,"commentCount":0,"publisher":{"@id":"https:\/\/carpathiacenter.ro\/#organization"},"image":{"@id":"https:\/\/carpathiacenter.ro\/24-martie-ziua-mondiala-de-lupta-impotriva-tuberculozei-oms\/#primaryimage"},"thumbnailUrl":"https:\/\/carpathiacenter.ro\/wp-content\/uploads\/2025\/03\/worldtbday-tuberculoza-problema-sanatate-publica-mondiala-2024.png","articleSection":["Uncategorized"],"inLanguage":"en-GB","potentialAction":[{"@type":"CommentAction","name":"Comment","target":["https:\/\/carpathiacenter.ro\/24-martie-ziua-mondiala-de-lupta-impotriva-tuberculozei-oms\/#respond"]}]},{"@type":"WebPage","@id":"https:\/\/carpathiacenter.ro\/24-martie-ziua-mondiala-de-lupta-impotriva-tuberculozei-oms\/","url":"https:\/\/carpathiacenter.ro\/24-martie-ziua-mondiala-de-lupta-impotriva-tuberculozei-oms\/","name":"24 martie - Ziua mondial\u0103 de lupt\u0103 \u00eempotriva tuberculozei (OMS) - Carpathia Center Romania","isPartOf":{"@id":"https:\/\/carpathiacenter.ro\/#website"},"primaryImageOfPage":{"@id":"https:\/\/carpathiacenter.ro\/24-martie-ziua-mondiala-de-lupta-impotriva-tuberculozei-oms\/#primaryimage"},"image":{"@id":"https:\/\/carpathiacenter.ro\/24-martie-ziua-mondiala-de-lupta-impotriva-tuberculozei-oms\/#primaryimage"},"thumbnailUrl":"https:\/\/carpathiacenter.ro\/wp-content\/uploads\/2025\/03\/worldtbday-tuberculoza-problema-sanatate-publica-mondiala-2024.png","datePublished":"2025-03-24T09:19:40+00:00","breadcrumb":{"@id":"https:\/\/carpathiacenter.ro\/24-martie-ziua-mondiala-de-lupta-impotriva-tuberculozei-oms\/#breadcrumb"},"inLanguage":"en-GB","potentialAction":[{"@type":"ReadAction","target":["https:\/\/carpathiacenter.ro\/24-martie-ziua-mondiala-de-lupta-impotriva-tuberculozei-oms\/"]}]},{"@type":"ImageObject","inLanguage":"en-GB","@id":"https:\/\/carpathiacenter.ro\/24-martie-ziua-mondiala-de-lupta-impotriva-tuberculozei-oms\/#primaryimage","url":"https:\/\/carpathiacenter.ro\/wp-content\/uploads\/2025\/03\/worldtbday-tuberculoza-problema-sanatate-publica-mondiala-2024.png","contentUrl":"https:\/\/carpathiacenter.ro\/wp-content\/uploads\/2025\/03\/worldtbday-tuberculoza-problema-sanatate-publica-mondiala-2024.png","width":1200,"height":630},{"@type":"BreadcrumbList","@id":"https:\/\/carpathiacenter.ro\/24-martie-ziua-mondiala-de-lupta-impotriva-tuberculozei-oms\/#breadcrumb","itemListElement":[{"@type":"ListItem","position":1,"name":"Prima pagin\u0103","item":"https:\/\/carpathiacenter.ro\/"},{"@type":"ListItem","position":2,"name":"24 martie &#8211; Ziua mondial\u0103 de lupt\u0103 \u00eempotriva tuberculozei (OMS)"}]},{"@type":"WebSite","@id":"https:\/\/carpathiacenter.ro\/#website","url":"https:\/\/carpathiacenter.ro\/","name":"Carpathia Center Romania","description":"Impossible made possible!","publisher":{"@id":"https:\/\/carpathiacenter.ro\/#organization"},"potentialAction":[{"@type":"SearchAction","target":{"@type":"EntryPoint","urlTemplate":"https:\/\/carpathiacenter.ro\/?s={search_term_string}"},"query-input":{"@type":"PropertyValueSpecification","valueRequired":true,"valueName":"search_term_string"}}],"inLanguage":"en-GB"},{"@type":"Organization","@id":"https:\/\/carpathiacenter.ro\/#organization","name":"Carpathia Center Romania","url":"https:\/\/carpathiacenter.ro\/","logo":{"@type":"ImageObject","inLanguage":"en-GB","@id":"https:\/\/carpathiacenter.ro\/#\/schema\/logo\/image\/","url":"https:\/\/carpathiacenter.ro\/wp-content\/uploads\/2024\/07\/logo-carpathia_bg_white-1024x941.png","contentUrl":"https:\/\/carpathiacenter.ro\/wp-content\/uploads\/2024\/07\/logo-carpathia_bg_white-1024x941.png","width":1024,"height":941,"caption":"Carpathia Center Romania"},"image":{"@id":"https:\/\/carpathiacenter.ro\/#\/schema\/logo\/image\/"},"sameAs":["https:\/\/www.facebook.com\/fdpscarpathia\/"]},{"@type":"Person","@id":"https:\/\/carpathiacenter.ro\/#\/schema\/person\/03d9f58202fee8379268f34afa195006","name":"creativebitsolutions","image":{"@type":"ImageObject","inLanguage":"en-GB","@id":"https:\/\/carpathiacenter.ro\/#\/schema\/person\/image\/","url":"https:\/\/secure.gravatar.com\/avatar\/1b1a13e37f847c635dab78348f1dff2f07651ee2a3d77a5c355a4b8c75f9165a?s=96&d=mm&r=g","contentUrl":"https:\/\/secure.gravatar.com\/avatar\/1b1a13e37f847c635dab78348f1dff2f07651ee2a3d77a5c355a4b8c75f9165a?s=96&d=mm&r=g","caption":"creativebitsolutions"},"url":"https:\/\/carpathiacenter.ro\/en\/author\/creativebitsolutions\/"}]}},"_links":{"self":[{"href":"https:\/\/carpathiacenter.ro\/en\/wp-json\/wp\/v2\/posts\/2065","targetHints":{"allow":["GET"]}}],"collection":[{"href":"https:\/\/carpathiacenter.ro\/en\/wp-json\/wp\/v2\/posts"}],"about":[{"href":"https:\/\/carpathiacenter.ro\/en\/wp-json\/wp\/v2\/types\/post"}],"author":[{"embeddable":true,"href":"https:\/\/carpathiacenter.ro\/en\/wp-json\/wp\/v2\/users\/4"}],"replies":[{"embeddable":true,"href":"https:\/\/carpathiacenter.ro\/en\/wp-json\/wp\/v2\/comments?post=2065"}],"version-history":[{"count":1,"href":"https:\/\/carpathiacenter.ro\/en\/wp-json\/wp\/v2\/posts\/2065\/revisions"}],"predecessor-version":[{"id":2067,"href":"https:\/\/carpathiacenter.ro\/en\/wp-json\/wp\/v2\/posts\/2065\/revisions\/2067"}],"wp:featuredmedia":[{"embeddable":true,"href":"https:\/\/carpathiacenter.ro\/en\/wp-json\/wp\/v2\/media\/2066"}],"wp:attachment":[{"href":"https:\/\/carpathiacenter.ro\/en\/wp-json\/wp\/v2\/media?parent=2065"}],"wp:term":[{"taxonomy":"category","embeddable":true,"href":"https:\/\/carpathiacenter.ro\/en\/wp-json\/wp\/v2\/categories?post=2065"},{"taxonomy":"post_tag","embeddable":true,"href":"https:\/\/carpathiacenter.ro\/en\/wp-json\/wp\/v2\/tags?post=2065"}],"curies":[{"name":"wp","href":"https:\/\/api.w.org\/{rel}","templated":true}]}}