{"id":2060,"date":"2025-03-21T11:04:11","date_gmt":"2025-03-21T11:04:11","guid":{"rendered":"https:\/\/carpathiacenter.ro\/?p=2060"},"modified":"2025-03-21T11:04:11","modified_gmt":"2025-03-21T11:04:11","slug":"porti-deschise-la-palatul-cotroceni-gradina-si-interiorul-complexului-accesibile-pentru-public-in-weekend","status":"publish","type":"post","link":"https:\/\/carpathiacenter.ro\/en\/porti-deschise-la-palatul-cotroceni-gradina-si-interiorul-complexului-accesibile-pentru-public-in-weekend\/","title":{"rendered":"Por\u021bi deschise la Palatul Cotroceni; gr\u0103dina \u0219i interiorul complexului &#8211; accesibile pentru public \u00een weekend"},"content":{"rendered":"<p><strong>Palatul Cotroceni se deschide pentru publicul larg \u00eencep\u00e2nd cu acest weekend.<\/strong><\/p>\n<p>A\u0219a cum a anun\u021bat, la sf\u00e2r\u0219itul s\u0103pt\u0103m\u00e2nii trecute, pre\u0219edintele interimar Ilie Bolojan, de vineri p\u00e2n\u0103 duminic\u0103, \u00een fiecare weekend, vor fi &#8216;Por\u021bi Deschise la Palatul Cotroceni&#8217;.<\/p>\n<p>&#8216;La fiecare final de s\u0103pt\u0103m\u00e2n\u0103, de vineri p\u00e2n\u0103 duminic\u0103, toat\u0103 aceast\u0103 suprafa\u021b\u0103, inclusiv interioarele, vor fi deschise cet\u0103\u021benilor. Va fi un acces liber at\u00e2t \u00een gr\u0103dini, \u00een curtea interioar\u0103, la Biseric\u0103. Palatul propriu-zis va fi integrat \u00een circuitul Muzeului Cotroceni. Este un semn de respect fa\u021b\u0103 de cet\u0103\u021benii Rom\u00e2niei \u0219i un semn de deschidere din partea Administra\u021biei Preziden\u021biale&#8217;, declara Ilie Bolojan, \u00eentr-o conferin\u021b\u0103 de pres\u0103 sus\u021binut\u0103 pe Platoul Marinescu al Palatului Cotroceni.<\/p>\n<p>Urm\u0103toarele zone din incinta Complexului &#8216;Palat Cotroceni&#8217; se pot vizita \u00een regim de gratuitate: Platoul de ceremonii, Gr\u0103dina Palatului Cotroceni &#8211; aflat\u0103 pe latura nordic\u0103 a complexului, Platoul Baroc, Biserica Palatului Cotroceni \u0219i cur\u021bile interioare adiacente cl\u0103dirilor Administra\u021biei Preziden\u021biale \u0219i Muzeului Na\u021bional Cotroceni.<\/p>\n<p>Vineri, s\u00e2mb\u0103t\u0103 \u0219i duminic\u0103, accesul vizitatorilor se va face exclusiv prin poarta principal\u0103 din Bulevardul Profesor Doctor Gheorghe Marinescu, iar pentru ie\u0219ire se va utiliza poarta situat\u0103 la intersec\u021bia dintre Bulevardul Geniului \u0219i \u0218oseaua Cotroceni.<\/p>\n<p>\u0218i pentru c\u0103 pe 25 martie 2025, Poli\u021bia Rom\u00e2n\u0103 marcheaz\u0103 203 ani de atestare documentar\u0103, \u00een acest weekend Ziua Poli\u021biei Rom\u00e2ne este s\u0103rb\u0103torit\u0103 tot la Palatul Cotroceni, printr-o serie de activit\u0103\u021bi captivante at\u00e2t pentru cei mici, c\u00e2t \u0219i pentru cei mari. AGERPRES\/(AS &#8211; redactor: Andreea Rotaru, editor: Claudia St\u0103nescu, editor online: Andreea Preda)<br \/>\nSursa articolui:<a href=\"https:\/\/agerpres.ro\/politic\/2025\/03\/21\/porti-deschise-la-palatul-cotroceni-gradina-si-interiorul-complexului---accesibile-pentru-public-in---1433041\" target=\"_blank\" rel=\"noopener\" title=\"\">https:\/\/agerpres.ro\/politic\/2025\/03\/21\/porti-deschise-la-palatul-cotroceni-gradina-si-interiorul-complexului&#8212;accesibile-pentru-public-in&#8212;1433041<\/a><\/p>","protected":false},"excerpt":{"rendered":"<p>Palatul Cotroceni se deschide pentru publicul larg \u00eencep\u00e2nd cu acest weekend. A\u0219a cum a anun\u021bat, la sf\u00e2r\u0219itul s\u0103pt\u0103m\u00e2nii trecute, pre\u0219edintele interimar Ilie Bolojan, de vineri p\u00e2n\u0103 duminic\u0103, \u00een fiecare weekend, vor fi &#8216;Por\u021bi Deschise la Palatul Cotroceni&#8217;. &#8216;La fiecare final de s\u0103pt\u0103m\u00e2n\u0103, de vineri p\u00e2n\u0103 duminic\u0103, toat\u0103 aceast\u0103 suprafa\u021b\u0103, inclusiv interioarele, vor fi deschise cet\u0103\u021benilor&#8230;.<\/p>","protected":false},"author":4,"featured_media":2061,"comment_status":"open","ping_status":"open","sticky":false,"template":"","format":"standard","meta":{"footnotes":""},"categories":[1],"tags":[],"class_list":["post-2060","post","type-post","status-publish","format-standard","has-post-thumbnail","hentry","category-uncategorized"],"yoast_head":"<!-- This site is optimized with the Yoast SEO plugin v26.1.1 - https:\/\/yoast.com\/wordpress\/plugins\/seo\/ -->\n<title>Por\u021bi deschise la Palatul Cotroceni; gr\u0103dina \u0219i interiorul complexului - accesibile pentru public \u00een weekend - Carpathia Center Romania<\/title>\n<meta name=\"robots\" content=\"index, follow, max-snippet:-1, max-image-preview:large, max-video-preview:-1\" \/>\n<link rel=\"canonical\" href=\"https:\/\/carpathiacenter.ro\/en\/porti-deschise-la-palatul-cotroceni-gradina-si-interiorul-complexului-accesibile-pentru-public-in-weekend\/\" \/>\n<meta property=\"og:locale\" content=\"en_GB\" \/>\n<meta property=\"og:type\" content=\"article\" \/>\n<meta property=\"og:title\" content=\"Por\u021bi deschise la Palatul Cotroceni; gr\u0103dina \u0219i interiorul complexului - accesibile pentru public \u00een weekend - Carpathia Center Romania\" \/>\n<meta property=\"og:description\" content=\"Palatul Cotroceni se deschide pentru publicul larg \u00eencep\u00e2nd cu acest weekend. A\u0219a cum a anun\u021bat, la sf\u00e2r\u0219itul s\u0103pt\u0103m\u00e2nii trecute, pre\u0219edintele interimar Ilie Bolojan, de vineri p\u00e2n\u0103 duminic\u0103, \u00een fiecare weekend, vor fi &#8216;Por\u021bi Deschise la Palatul Cotroceni&#8217;. &#8216;La fiecare final de s\u0103pt\u0103m\u00e2n\u0103, de vineri p\u00e2n\u0103 duminic\u0103, toat\u0103 aceast\u0103 suprafa\u021b\u0103, inclusiv interioarele, vor fi deschise cet\u0103\u021benilor....\" \/>\n<meta property=\"og:url\" content=\"https:\/\/carpathiacenter.ro\/en\/porti-deschise-la-palatul-cotroceni-gradina-si-interiorul-complexului-accesibile-pentru-public-in-weekend\/\" \/>\n<meta property=\"og:site_name\" content=\"Carpathia Center Romania\" \/>\n<meta property=\"article:publisher\" content=\"https:\/\/www.facebook.com\/fdpscarpathia\/\" \/>\n<meta property=\"article:published_time\" content=\"2025-03-21T11:04:11+00:00\" \/>\n<meta property=\"og:image\" content=\"https:\/\/carpathiacenter.ro\/wp-content\/uploads\/2025\/03\/exterior-palatul-cotroceni-scaled.jpg\" \/>\n\t<meta property=\"og:image:width\" content=\"2560\" \/>\n\t<meta property=\"og:image:height\" content=\"1707\" \/>\n\t<meta property=\"og:image:type\" content=\"image\/jpeg\" \/>\n<meta name=\"author\" content=\"creativebitsolutions\" \/>\n<meta name=\"twitter:card\" content=\"summary_large_image\" \/>\n<meta name=\"twitter:label1\" content=\"Written by\" \/>\n\t<meta name=\"twitter:data1\" content=\"creativebitsolutions\" \/>\n\t<meta name=\"twitter:label2\" content=\"Estimated reading time\" \/>\n\t<meta name=\"twitter:data2\" content=\"1 minute\" \/>\n<script type=\"application\/ld+json\" class=\"yoast-schema-graph\">{\"@context\":\"https:\/\/schema.org\",\"@graph\":[{\"@type\":\"Article\",\"@id\":\"https:\/\/carpathiacenter.ro\/porti-deschise-la-palatul-cotroceni-gradina-si-interiorul-complexului-accesibile-pentru-public-in-weekend\/#article\",\"isPartOf\":{\"@id\":\"https:\/\/carpathiacenter.ro\/porti-deschise-la-palatul-cotroceni-gradina-si-interiorul-complexului-accesibile-pentru-public-in-weekend\/\"},\"author\":{\"name\":\"creativebitsolutions\",\"@id\":\"https:\/\/carpathiacenter.ro\/#\/schema\/person\/03d9f58202fee8379268f34afa195006\"},\"headline\":\"Por\u021bi deschise la Palatul Cotroceni; gr\u0103dina \u0219i interiorul complexului &#8211; accesibile pentru public \u00een weekend\",\"datePublished\":\"2025-03-21T11:04:11+00:00\",\"mainEntityOfPage\":{\"@id\":\"https:\/\/carpathiacenter.ro\/porti-deschise-la-palatul-cotroceni-gradina-si-interiorul-complexului-accesibile-pentru-public-in-weekend\/\"},\"wordCount\":306,\"commentCount\":0,\"publisher\":{\"@id\":\"https:\/\/carpathiacenter.ro\/#organization\"},\"image\":{\"@id\":\"https:\/\/carpathiacenter.ro\/porti-deschise-la-palatul-cotroceni-gradina-si-interiorul-complexului-accesibile-pentru-public-in-weekend\/#primaryimage\"},\"thumbnailUrl\":\"https:\/\/carpathiacenter.ro\/wp-content\/uploads\/2025\/03\/exterior-palatul-cotroceni-scaled.jpg\",\"articleSection\":[\"Uncategorized\"],\"inLanguage\":\"en-GB\",\"potentialAction\":[{\"@type\":\"CommentAction\",\"name\":\"Comment\",\"target\":[\"https:\/\/carpathiacenter.ro\/porti-deschise-la-palatul-cotroceni-gradina-si-interiorul-complexului-accesibile-pentru-public-in-weekend\/#respond\"]}]},{\"@type\":\"WebPage\",\"@id\":\"https:\/\/carpathiacenter.ro\/porti-deschise-la-palatul-cotroceni-gradina-si-interiorul-complexului-accesibile-pentru-public-in-weekend\/\",\"url\":\"https:\/\/carpathiacenter.ro\/porti-deschise-la-palatul-cotroceni-gradina-si-interiorul-complexului-accesibile-pentru-public-in-weekend\/\",\"name\":\"Por\u021bi deschise la Palatul Cotroceni; gr\u0103dina \u0219i interiorul complexului - accesibile pentru public \u00een weekend - Carpathia Center Romania\",\"isPartOf\":{\"@id\":\"https:\/\/carpathiacenter.ro\/#website\"},\"primaryImageOfPage\":{\"@id\":\"https:\/\/carpathiacenter.ro\/porti-deschise-la-palatul-cotroceni-gradina-si-interiorul-complexului-accesibile-pentru-public-in-weekend\/#primaryimage\"},\"image\":{\"@id\":\"https:\/\/carpathiacenter.ro\/porti-deschise-la-palatul-cotroceni-gradina-si-interiorul-complexului-accesibile-pentru-public-in-weekend\/#primaryimage\"},\"thumbnailUrl\":\"https:\/\/carpathiacenter.ro\/wp-content\/uploads\/2025\/03\/exterior-palatul-cotroceni-scaled.jpg\",\"datePublished\":\"2025-03-21T11:04:11+00:00\",\"breadcrumb\":{\"@id\":\"https:\/\/carpathiacenter.ro\/porti-deschise-la-palatul-cotroceni-gradina-si-interiorul-complexului-accesibile-pentru-public-in-weekend\/#breadcrumb\"},\"inLanguage\":\"en-GB\",\"potentialAction\":[{\"@type\":\"ReadAction\",\"target\":[\"https:\/\/carpathiacenter.ro\/porti-deschise-la-palatul-cotroceni-gradina-si-interiorul-complexului-accesibile-pentru-public-in-weekend\/\"]}]},{\"@type\":\"ImageObject\",\"inLanguage\":\"en-GB\",\"@id\":\"https:\/\/carpathiacenter.ro\/porti-deschise-la-palatul-cotroceni-gradina-si-interiorul-complexului-accesibile-pentru-public-in-weekend\/#primaryimage\",\"url\":\"https:\/\/carpathiacenter.ro\/wp-content\/uploads\/2025\/03\/exterior-palatul-cotroceni-scaled.jpg\",\"contentUrl\":\"https:\/\/carpathiacenter.ro\/wp-content\/uploads\/2025\/03\/exterior-palatul-cotroceni-scaled.jpg\",\"width\":2560,\"height\":1707},{\"@type\":\"BreadcrumbList\",\"@id\":\"https:\/\/carpathiacenter.ro\/porti-deschise-la-palatul-cotroceni-gradina-si-interiorul-complexului-accesibile-pentru-public-in-weekend\/#breadcrumb\",\"itemListElement\":[{\"@type\":\"ListItem\",\"position\":1,\"name\":\"Prima pagin\u0103\",\"item\":\"https:\/\/carpathiacenter.ro\/\"},{\"@type\":\"ListItem\",\"position\":2,\"name\":\"Por\u021bi deschise la Palatul Cotroceni; gr\u0103dina \u0219i interiorul complexului &#8211; accesibile pentru public \u00een weekend\"}]},{\"@type\":\"WebSite\",\"@id\":\"https:\/\/carpathiacenter.ro\/#website\",\"url\":\"https:\/\/carpathiacenter.ro\/\",\"name\":\"Carpathia Center Romania\",\"description\":\"Impossible made possible!\",\"publisher\":{\"@id\":\"https:\/\/carpathiacenter.ro\/#organization\"},\"potentialAction\":[{\"@type\":\"SearchAction\",\"target\":{\"@type\":\"EntryPoint\",\"urlTemplate\":\"https:\/\/carpathiacenter.ro\/?s={search_term_string}\"},\"query-input\":{\"@type\":\"PropertyValueSpecification\",\"valueRequired\":true,\"valueName\":\"search_term_string\"}}],\"inLanguage\":\"en-GB\"},{\"@type\":\"Organization\",\"@id\":\"https:\/\/carpathiacenter.ro\/#organization\",\"name\":\"Carpathia Center Romania\",\"url\":\"https:\/\/carpathiacenter.ro\/\",\"logo\":{\"@type\":\"ImageObject\",\"inLanguage\":\"en-GB\",\"@id\":\"https:\/\/carpathiacenter.ro\/#\/schema\/logo\/image\/\",\"url\":\"https:\/\/carpathiacenter.ro\/wp-content\/uploads\/2024\/07\/logo-carpathia_bg_white-1024x941.png\",\"contentUrl\":\"https:\/\/carpathiacenter.ro\/wp-content\/uploads\/2024\/07\/logo-carpathia_bg_white-1024x941.png\",\"width\":1024,\"height\":941,\"caption\":\"Carpathia Center Romania\"},\"image\":{\"@id\":\"https:\/\/carpathiacenter.ro\/#\/schema\/logo\/image\/\"},\"sameAs\":[\"https:\/\/www.facebook.com\/fdpscarpathia\/\"]},{\"@type\":\"Person\",\"@id\":\"https:\/\/carpathiacenter.ro\/#\/schema\/person\/03d9f58202fee8379268f34afa195006\",\"name\":\"creativebitsolutions\",\"image\":{\"@type\":\"ImageObject\",\"inLanguage\":\"en-GB\",\"@id\":\"https:\/\/carpathiacenter.ro\/#\/schema\/person\/image\/\",\"url\":\"https:\/\/secure.gravatar.com\/avatar\/1b1a13e37f847c635dab78348f1dff2f07651ee2a3d77a5c355a4b8c75f9165a?s=96&d=mm&r=g\",\"contentUrl\":\"https:\/\/secure.gravatar.com\/avatar\/1b1a13e37f847c635dab78348f1dff2f07651ee2a3d77a5c355a4b8c75f9165a?s=96&d=mm&r=g\",\"caption\":\"creativebitsolutions\"},\"url\":\"https:\/\/carpathiacenter.ro\/en\/author\/creativebitsolutions\/\"}]}<\/script>\n<!-- \/ Yoast SEO plugin. -->","yoast_head_json":{"title":"Por\u021bi deschise la Palatul Cotroceni; gr\u0103dina \u0219i interiorul complexului - accesibile pentru public \u00een weekend - Carpathia Center Romania","robots":{"index":"index","follow":"follow","max-snippet":"max-snippet:-1","max-image-preview":"max-image-preview:large","max-video-preview":"max-video-preview:-1"},"canonical":"https:\/\/carpathiacenter.ro\/en\/porti-deschise-la-palatul-cotroceni-gradina-si-interiorul-complexului-accesibile-pentru-public-in-weekend\/","og_locale":"en_GB","og_type":"article","og_title":"Por\u021bi deschise la Palatul Cotroceni; gr\u0103dina \u0219i interiorul complexului - accesibile pentru public \u00een weekend - Carpathia Center Romania","og_description":"Palatul Cotroceni se deschide pentru publicul larg \u00eencep\u00e2nd cu acest weekend. A\u0219a cum a anun\u021bat, la sf\u00e2r\u0219itul s\u0103pt\u0103m\u00e2nii trecute, pre\u0219edintele interimar Ilie Bolojan, de vineri p\u00e2n\u0103 duminic\u0103, \u00een fiecare weekend, vor fi &#8216;Por\u021bi Deschise la Palatul Cotroceni&#8217;. &#8216;La fiecare final de s\u0103pt\u0103m\u00e2n\u0103, de vineri p\u00e2n\u0103 duminic\u0103, toat\u0103 aceast\u0103 suprafa\u021b\u0103, inclusiv interioarele, vor fi deschise cet\u0103\u021benilor....","og_url":"https:\/\/carpathiacenter.ro\/en\/porti-deschise-la-palatul-cotroceni-gradina-si-interiorul-complexului-accesibile-pentru-public-in-weekend\/","og_site_name":"Carpathia Center Romania","article_publisher":"https:\/\/www.facebook.com\/fdpscarpathia\/","article_published_time":"2025-03-21T11:04:11+00:00","og_image":[{"width":2560,"height":1707,"url":"https:\/\/carpathiacenter.ro\/wp-content\/uploads\/2025\/03\/exterior-palatul-cotroceni-scaled.jpg","type":"image\/jpeg"}],"author":"creativebitsolutions","twitter_card":"summary_large_image","twitter_misc":{"Written by":"creativebitsolutions","Estimated reading time":"1 minute"},"schema":{"@context":"https:\/\/schema.org","@graph":[{"@type":"Article","@id":"https:\/\/carpathiacenter.ro\/porti-deschise-la-palatul-cotroceni-gradina-si-interiorul-complexului-accesibile-pentru-public-in-weekend\/#article","isPartOf":{"@id":"https:\/\/carpathiacenter.ro\/porti-deschise-la-palatul-cotroceni-gradina-si-interiorul-complexului-accesibile-pentru-public-in-weekend\/"},"author":{"name":"creativebitsolutions","@id":"https:\/\/carpathiacenter.ro\/#\/schema\/person\/03d9f58202fee8379268f34afa195006"},"headline":"Por\u021bi deschise la Palatul Cotroceni; gr\u0103dina \u0219i interiorul complexului &#8211; accesibile pentru public \u00een weekend","datePublished":"2025-03-21T11:04:11+00:00","mainEntityOfPage":{"@id":"https:\/\/carpathiacenter.ro\/porti-deschise-la-palatul-cotroceni-gradina-si-interiorul-complexului-accesibile-pentru-public-in-weekend\/"},"wordCount":306,"commentCount":0,"publisher":{"@id":"https:\/\/carpathiacenter.ro\/#organization"},"image":{"@id":"https:\/\/carpathiacenter.ro\/porti-deschise-la-palatul-cotroceni-gradina-si-interiorul-complexului-accesibile-pentru-public-in-weekend\/#primaryimage"},"thumbnailUrl":"https:\/\/carpathiacenter.ro\/wp-content\/uploads\/2025\/03\/exterior-palatul-cotroceni-scaled.jpg","articleSection":["Uncategorized"],"inLanguage":"en-GB","potentialAction":[{"@type":"CommentAction","name":"Comment","target":["https:\/\/carpathiacenter.ro\/porti-deschise-la-palatul-cotroceni-gradina-si-interiorul-complexului-accesibile-pentru-public-in-weekend\/#respond"]}]},{"@type":"WebPage","@id":"https:\/\/carpathiacenter.ro\/porti-deschise-la-palatul-cotroceni-gradina-si-interiorul-complexului-accesibile-pentru-public-in-weekend\/","url":"https:\/\/carpathiacenter.ro\/porti-deschise-la-palatul-cotroceni-gradina-si-interiorul-complexului-accesibile-pentru-public-in-weekend\/","name":"Por\u021bi deschise la Palatul Cotroceni; gr\u0103dina \u0219i interiorul complexului - accesibile pentru public \u00een weekend - Carpathia Center Romania","isPartOf":{"@id":"https:\/\/carpathiacenter.ro\/#website"},"primaryImageOfPage":{"@id":"https:\/\/carpathiacenter.ro\/porti-deschise-la-palatul-cotroceni-gradina-si-interiorul-complexului-accesibile-pentru-public-in-weekend\/#primaryimage"},"image":{"@id":"https:\/\/carpathiacenter.ro\/porti-deschise-la-palatul-cotroceni-gradina-si-interiorul-complexului-accesibile-pentru-public-in-weekend\/#primaryimage"},"thumbnailUrl":"https:\/\/carpathiacenter.ro\/wp-content\/uploads\/2025\/03\/exterior-palatul-cotroceni-scaled.jpg","datePublished":"2025-03-21T11:04:11+00:00","breadcrumb":{"@id":"https:\/\/carpathiacenter.ro\/porti-deschise-la-palatul-cotroceni-gradina-si-interiorul-complexului-accesibile-pentru-public-in-weekend\/#breadcrumb"},"inLanguage":"en-GB","potentialAction":[{"@type":"ReadAction","target":["https:\/\/carpathiacenter.ro\/porti-deschise-la-palatul-cotroceni-gradina-si-interiorul-complexului-accesibile-pentru-public-in-weekend\/"]}]},{"@type":"ImageObject","inLanguage":"en-GB","@id":"https:\/\/carpathiacenter.ro\/porti-deschise-la-palatul-cotroceni-gradina-si-interiorul-complexului-accesibile-pentru-public-in-weekend\/#primaryimage","url":"https:\/\/carpathiacenter.ro\/wp-content\/uploads\/2025\/03\/exterior-palatul-cotroceni-scaled.jpg","contentUrl":"https:\/\/carpathiacenter.ro\/wp-content\/uploads\/2025\/03\/exterior-palatul-cotroceni-scaled.jpg","width":2560,"height":1707},{"@type":"BreadcrumbList","@id":"https:\/\/carpathiacenter.ro\/porti-deschise-la-palatul-cotroceni-gradina-si-interiorul-complexului-accesibile-pentru-public-in-weekend\/#breadcrumb","itemListElement":[{"@type":"ListItem","position":1,"name":"Prima pagin\u0103","item":"https:\/\/carpathiacenter.ro\/"},{"@type":"ListItem","position":2,"name":"Por\u021bi deschise la Palatul Cotroceni; gr\u0103dina \u0219i interiorul complexului &#8211; accesibile pentru public \u00een weekend"}]},{"@type":"WebSite","@id":"https:\/\/carpathiacenter.ro\/#website","url":"https:\/\/carpathiacenter.ro\/","name":"Carpathia Center Romania","description":"Impossible made possible!","publisher":{"@id":"https:\/\/carpathiacenter.ro\/#organization"},"potentialAction":[{"@type":"SearchAction","target":{"@type":"EntryPoint","urlTemplate":"https:\/\/carpathiacenter.ro\/?s={search_term_string}"},"query-input":{"@type":"PropertyValueSpecification","valueRequired":true,"valueName":"search_term_string"}}],"inLanguage":"en-GB"},{"@type":"Organization","@id":"https:\/\/carpathiacenter.ro\/#organization","name":"Carpathia Center Romania","url":"https:\/\/carpathiacenter.ro\/","logo":{"@type":"ImageObject","inLanguage":"en-GB","@id":"https:\/\/carpathiacenter.ro\/#\/schema\/logo\/image\/","url":"https:\/\/carpathiacenter.ro\/wp-content\/uploads\/2024\/07\/logo-carpathia_bg_white-1024x941.png","contentUrl":"https:\/\/carpathiacenter.ro\/wp-content\/uploads\/2024\/07\/logo-carpathia_bg_white-1024x941.png","width":1024,"height":941,"caption":"Carpathia Center Romania"},"image":{"@id":"https:\/\/carpathiacenter.ro\/#\/schema\/logo\/image\/"},"sameAs":["https:\/\/www.facebook.com\/fdpscarpathia\/"]},{"@type":"Person","@id":"https:\/\/carpathiacenter.ro\/#\/schema\/person\/03d9f58202fee8379268f34afa195006","name":"creativebitsolutions","image":{"@type":"ImageObject","inLanguage":"en-GB","@id":"https:\/\/carpathiacenter.ro\/#\/schema\/person\/image\/","url":"https:\/\/secure.gravatar.com\/avatar\/1b1a13e37f847c635dab78348f1dff2f07651ee2a3d77a5c355a4b8c75f9165a?s=96&d=mm&r=g","contentUrl":"https:\/\/secure.gravatar.com\/avatar\/1b1a13e37f847c635dab78348f1dff2f07651ee2a3d77a5c355a4b8c75f9165a?s=96&d=mm&r=g","caption":"creativebitsolutions"},"url":"https:\/\/carpathiacenter.ro\/en\/author\/creativebitsolutions\/"}]}},"_links":{"self":[{"href":"https:\/\/carpathiacenter.ro\/en\/wp-json\/wp\/v2\/posts\/2060","targetHints":{"allow":["GET"]}}],"collection":[{"href":"https:\/\/carpathiacenter.ro\/en\/wp-json\/wp\/v2\/posts"}],"about":[{"href":"https:\/\/carpathiacenter.ro\/en\/wp-json\/wp\/v2\/types\/post"}],"author":[{"embeddable":true,"href":"https:\/\/carpathiacenter.ro\/en\/wp-json\/wp\/v2\/users\/4"}],"replies":[{"embeddable":true,"href":"https:\/\/carpathiacenter.ro\/en\/wp-json\/wp\/v2\/comments?post=2060"}],"version-history":[{"count":1,"href":"https:\/\/carpathiacenter.ro\/en\/wp-json\/wp\/v2\/posts\/2060\/revisions"}],"predecessor-version":[{"id":2062,"href":"https:\/\/carpathiacenter.ro\/en\/wp-json\/wp\/v2\/posts\/2060\/revisions\/2062"}],"wp:featuredmedia":[{"embeddable":true,"href":"https:\/\/carpathiacenter.ro\/en\/wp-json\/wp\/v2\/media\/2061"}],"wp:attachment":[{"href":"https:\/\/carpathiacenter.ro\/en\/wp-json\/wp\/v2\/media?parent=2060"}],"wp:term":[{"taxonomy":"category","embeddable":true,"href":"https:\/\/carpathiacenter.ro\/en\/wp-json\/wp\/v2\/categories?post=2060"},{"taxonomy":"post_tag","embeddable":true,"href":"https:\/\/carpathiacenter.ro\/en\/wp-json\/wp\/v2\/tags?post=2060"}],"curies":[{"name":"wp","href":"https:\/\/api.w.org\/{rel}","templated":true}]}}