{"id":2038,"date":"2025-03-18T09:42:24","date_gmt":"2025-03-18T09:42:24","guid":{"rendered":"https:\/\/carpathiacenter.ro\/?p=2038"},"modified":"2025-03-18T09:42:24","modified_gmt":"2025-03-18T09:42:24","slug":"ministrul-energiei-da-startul-solar-energy-bucharest-summit-la-palatul-parlamentului","status":"publish","type":"post","link":"https:\/\/carpathiacenter.ro\/en\/ministrul-energiei-da-startul-solar-energy-bucharest-summit-la-palatul-parlamentului\/","title":{"rendered":"Ministrul Energiei d\u0103 startul Solar Energy Bucharest Summit, la Palatul Parlamentului"},"content":{"rendered":"<div class=\"mx-auto pt-3\">\n<p><strong>O mie de reprezentan\u021bi ai companiilor de produc\u021bie, dezvoltare \u0219i investi\u021bii \u00een energie solar\u0103 particip\u0103, la Bucure\u0219ti, pe 18 \u0219i 19 martie, la Solar Energy Bucharest Summit, expozi\u021bie tehnologic\u0103 \u0219i de business dedicat\u0103 industriei solare, domeniu \u00een care se estimeaz\u0103 c\u0103 investi\u021biile vor ajunge la 2,5 miliarde de euro p\u00e2n\u0103 \u00een 2030.<\/strong><\/p>\n<p>Potrivit unui comunicat al organizatorilor evenimentului, \u0192\u02dcSolar Energy Bucharest Summit se va desf\u0103\u0219ura sub \u00cenaltul Patronaj al Ministerului Energiei, iar expozi\u021bia va fi deschis\u0103 de ministrul de resort, Sebastian Burduja, care va da startul unui maraton de discu\u021bii sus\u021binute de 40 de speakeri, desf\u0103\u0219urat pe parcursul celor dou\u0103 zile.<\/p>\n<p>Astfel, autorit\u0103\u021bi, exper\u021bi, asocia\u021bii din industrie, dezvoltatori de proiecte \u0219i produc\u0103tori de echipamente vor analiza \u00een detaliu sectorul energiei solare \u0219i al surselor regenerabile, identific\u00e2nd direc\u021biile necesare pentru accelerarea dezvolt\u0103rii energiei solare \u00een Rom\u00e2nia.<\/p>\n<p><iframe src=\"https:\/\/www.facebook.com\/plugins\/video.php?height=476&amp;href=https%3A%2F%2Fwww.facebook.com%2Fsolarenergysummit%2Fvideos%2F2076459302804434%2F%3Fidorvanity%3D913013447672938&amp;show_text=false&amp;width=267&amp;t=0\" width=\"267\" height=\"476\" style=\"border:none;overflow:hidden\" scrolling=\"no\" frameborder=\"0\" allowfullscreen=\"true\" allow=\"autoplay; clipboard-write; encrypted-media; picture-in-picture; web-share\"><\/iframe><\/p>\n<p>La standurile celor 50 de companii expozante, participan\u021bii vor putea interac\u021biona cu reprezentan\u021bi ai acestora, av\u00e2nd oportunitatea de a stabili rela\u021bii de colaborare \u0219i de a discuta pe larg despre cele mai recente produse \u0219i servicii din acest sector aflat \u00een plin\u0103 expansiune.<\/p>\n<p>Rom\u00e2nia dispune \u00een prezent de o capacitate de aproximativ 4.500 MW de panouri solare \u0219i, conform planurilor guvernamentale, aceasta ar trebui s\u0103 ajung\u0103 la circa 8.500 MW p\u00e2n\u0103 \u00een 2030, ceea ce presupune investi\u021bii totale de aproape 2,5 miliarde de euro. Acest obiectiv va necesita investi\u021bii anuale de aproximativ 500 de milioane de euro pentru dezvoltarea parcurilor solare, instalarea panourilor solare \u00een ferme, fabrici, depozite sau pe cl\u0103diri reziden\u021biale. Practic, este vorba de investi\u021bii de peste 1 milion de euro pe zi p\u00e2n\u0103 \u00een 2030. \u00cen prezent, costul dezvolt\u0103rii unui MW de panouri solare este de aproximativ 600.000 de euro.<\/p>\n<p>Pe m\u0103sur\u0103 ce \u00een Rom\u00e2nia se construiesc c\u00e2t mai multe capacit\u0103\u021bi de produc\u021bie din surse regenerabile, stocarea energiei reprezint\u0103 o component\u0103 esen\u021bial\u0103 a tranzi\u021biei energetice, juc\u00e2nd un rol crucial \u00een echilibrarea Sistemului Energetic Na\u021bional. Solu\u021biile de stocare devin indispensabile pentru asigurarea unei re\u021bele stabile \u0219i eficiente.<\/p>\n<p>\u00cen acest context, investi\u021biile \u00een capacit\u0103\u021bi de stocare a energiei vor cre\u0219te semnificativ \u00een urm\u0103torii ani, av\u00e2nd \u00een vedere angajamentele Rom\u00e2niei de a atinge neutralitatea carbonului p\u00e2n\u0103 \u00een 2050 \u0219i de a spori ponderea energiei regenerabile \u00een mixul s\u0103u energetic.<\/p>\n<p>\u0192\u02dcProduc\u0103tori globali de panouri fotovoltaice, invertoare \u0219i baterii de stocare vor expune la Palatul Parlamentului cele mai noi tehnologii pentru producerea de energie regenerabil\u0103. De asemenea, dezvoltatori \u0219i constructori de parcuri fotovoltaice vor participa la dezbateri \u00een cadrul conferin\u021bei \u0219i vor fi prezen\u021bi cu standuri de prezentare, dedicate \u00eent\u00e2lnirilor de afaceri.<\/p>\n<p>\u00cen plus, investitori \u0219i finan\u021batori vor prezenta solu\u021bii de finan\u021bare \u0219i modele de business pentru sectorul solar, unul dintre cele mai dinamice domenii ale economiei rom\u00e2ne\u0219ti.<\/p>\n<p>De asemenea, la eveniment vor fi prezen\u021bi \u0219i furnizori de solu\u021bii pentru dezvoltarea \u0219i managementul parcurilor solare, asiguratori, firme de leasing, firme de software dedicate energiei regenerabile.<\/p>\n<p>Expozi\u021bia de la Palatul Parlamentului aduce \u00een premier\u0103 inova\u021bii \u0219i anun\u021buri esen\u021biale, oferind participan\u021bilor oportunitatea de a descoperi cele mai noi tehnologii \u0219i tendin\u021be din domeniu. Astfel, Simai Technology va expune primele panouri fotovoltaice produse la fabrica din Olteni\u021ba, Alps Solar; SolaX Power, lider global \u00een solu\u021bii de stocare a energiei \u0219i companie cotat\u0103 la bursa din Shanghai, va prezenta cel mai recent proiect de stocare destinat sectorului comercial \u0219i industrial, precum \u0219i solu\u021bii de finan\u021bare, iar Prime Batteries Technology, cel mai mare produc\u0103tor de baterii din Estul Europei, anun\u021b\u0103 continuarea extinderii facilit\u0103\u021bilor de produc\u021bie vertical integrat\u0103 \u0219i atingerea unei capacit\u0103\u021bi de 2,3 GWh \u00een 2025, consolid\u00e2ndu-\u0219i astfel pozi\u021bia de lider european \u00een solu\u021bii de stocare a energiei electrice (BESS).<\/p>\n<p>Compania va prezenta un concept de fabrica\u021bie personalizat, bazat pe o chimie adaptabil\u0103, care permite dezvoltarea \u0219i produc\u021bia unor tipologii diverse de celule, adaptate specific nevoilor variate ale clien\u021bilor. Aceast\u0103 flexibilitate chimic\u0103 asigur\u0103 un r\u0103spuns precis la cerin\u021bele de performan\u021b\u0103, durabilitate \u0219i cost, adres\u00e2nd at\u00e2t marile sisteme de echilibrare a re\u021belei, c\u00e2t \u0219i aplica\u021biile industriale specifice.<\/p>\n<p>Totodat\u0103, Huawei Technologies, unul dintre cei mai mari produc\u0103tori de tehnologie din lume, va prezenta singura solu\u021bie de baterii care a ob\u021binut certificarea &#8216;Safety Prime Level 3&#8217; UL9540A din partea TUV, atest\u00e2nd cele mai \u00eenalte standarde de siguran\u021b\u0103. Aceasta respect\u0103 unele dintre cele mai stricte cerin\u021be de racordare la re\u021beaua electric\u0103 din Rom\u00e2nia, \u00eentr-un context \u00een care siguran\u021ba la incendiu \u0219i gestionarea riscurilor devin o prioritate absolut\u0103 pentru investitori. AGERPRES\/(AS &#8211; redactor: Oana Tilic\u0103, editor: Mariana Nica, editor online: Ady Iva\u015fcu)<br \/>\n<a href=\"https:\/\/agerpres.ro\/economic\/2025\/03\/18\/ministrul-energiei-da-startul-solar-energy-bucharest-summit-la-palatul-parlamentului--1431842\" target=\"_blank\" rel=\"noopener\" title=\"\">https:\/\/agerpres.ro\/economic\/2025\/03\/18\/ministrul-energiei-da-startul-solar-energy-bucharest-summit-la-palatul-parlamentului&#8211;1431842<\/a>\n<\/p>\n<\/p><\/div>","protected":false},"excerpt":{"rendered":"<p>O mie de reprezentan\u021bi ai companiilor de produc\u021bie, dezvoltare \u0219i investi\u021bii \u00een energie solar\u0103 particip\u0103, la Bucure\u0219ti, pe 18 \u0219i 19 martie, la Solar Energy Bucharest Summit, expozi\u021bie tehnologic\u0103 \u0219i de business dedicat\u0103 industriei solare, domeniu \u00een care se estimeaz\u0103 c\u0103 investi\u021biile vor ajunge la 2,5 miliarde de euro p\u00e2n\u0103 \u00een 2030. Potrivit unui comunicat&#8230;<\/p>","protected":false},"author":4,"featured_media":2039,"comment_status":"open","ping_status":"open","sticky":false,"template":"","format":"standard","meta":{"footnotes":""},"categories":[1],"tags":[],"class_list":["post-2038","post","type-post","status-publish","format-standard","has-post-thumbnail","hentry","category-uncategorized"],"yoast_head":"<!-- This site is optimized with the Yoast SEO plugin v26.1.1 - https:\/\/yoast.com\/wordpress\/plugins\/seo\/ -->\n<title>Ministrul Energiei d\u0103 startul Solar Energy Bucharest Summit, la Palatul Parlamentului - Carpathia Center Romania<\/title>\n<meta name=\"robots\" content=\"index, follow, max-snippet:-1, max-image-preview:large, max-video-preview:-1\" \/>\n<link rel=\"canonical\" href=\"https:\/\/carpathiacenter.ro\/en\/ministrul-energiei-da-startul-solar-energy-bucharest-summit-la-palatul-parlamentului\/\" \/>\n<meta property=\"og:locale\" content=\"en_GB\" \/>\n<meta property=\"og:type\" content=\"article\" \/>\n<meta property=\"og:title\" content=\"Ministrul Energiei d\u0103 startul Solar Energy Bucharest Summit, la Palatul Parlamentului - Carpathia Center Romania\" \/>\n<meta property=\"og:description\" content=\"O mie de reprezentan\u021bi ai companiilor de produc\u021bie, dezvoltare \u0219i investi\u021bii \u00een energie solar\u0103 particip\u0103, la Bucure\u0219ti, pe 18 \u0219i 19 martie, la Solar Energy Bucharest Summit, expozi\u021bie tehnologic\u0103 \u0219i de business dedicat\u0103 industriei solare, domeniu \u00een care se estimeaz\u0103 c\u0103 investi\u021biile vor ajunge la 2,5 miliarde de euro p\u00e2n\u0103 \u00een 2030. Potrivit unui comunicat...\" \/>\n<meta property=\"og:url\" content=\"https:\/\/carpathiacenter.ro\/en\/ministrul-energiei-da-startul-solar-energy-bucharest-summit-la-palatul-parlamentului\/\" \/>\n<meta property=\"og:site_name\" content=\"Carpathia Center Romania\" \/>\n<meta property=\"article:publisher\" content=\"https:\/\/www.facebook.com\/fdpscarpathia\/\" \/>\n<meta property=\"article:published_time\" content=\"2025-03-18T09:42:24+00:00\" \/>\n<meta property=\"og:image\" content=\"https:\/\/carpathiacenter.ro\/wp-content\/uploads\/2025\/03\/Sebastian-Burduja.jpg\" \/>\n\t<meta property=\"og:image:width\" content=\"780\" \/>\n\t<meta property=\"og:image:height\" content=\"440\" \/>\n\t<meta property=\"og:image:type\" content=\"image\/jpeg\" \/>\n<meta name=\"author\" content=\"creativebitsolutions\" \/>\n<meta name=\"twitter:card\" content=\"summary_large_image\" \/>\n<meta name=\"twitter:label1\" content=\"Written by\" \/>\n\t<meta name=\"twitter:data1\" content=\"creativebitsolutions\" \/>\n\t<meta name=\"twitter:label2\" content=\"Estimated reading time\" \/>\n\t<meta name=\"twitter:data2\" content=\"4 minutes\" \/>\n<script type=\"application\/ld+json\" class=\"yoast-schema-graph\">{\"@context\":\"https:\/\/schema.org\",\"@graph\":[{\"@type\":\"Article\",\"@id\":\"https:\/\/carpathiacenter.ro\/ministrul-energiei-da-startul-solar-energy-bucharest-summit-la-palatul-parlamentului\/#article\",\"isPartOf\":{\"@id\":\"https:\/\/carpathiacenter.ro\/ministrul-energiei-da-startul-solar-energy-bucharest-summit-la-palatul-parlamentului\/\"},\"author\":{\"name\":\"creativebitsolutions\",\"@id\":\"https:\/\/carpathiacenter.ro\/#\/schema\/person\/03d9f58202fee8379268f34afa195006\"},\"headline\":\"Ministrul Energiei d\u0103 startul Solar Energy Bucharest Summit, la Palatul Parlamentului\",\"datePublished\":\"2025-03-18T09:42:24+00:00\",\"mainEntityOfPage\":{\"@id\":\"https:\/\/carpathiacenter.ro\/ministrul-energiei-da-startul-solar-energy-bucharest-summit-la-palatul-parlamentului\/\"},\"wordCount\":826,\"commentCount\":0,\"publisher\":{\"@id\":\"https:\/\/carpathiacenter.ro\/#organization\"},\"image\":{\"@id\":\"https:\/\/carpathiacenter.ro\/ministrul-energiei-da-startul-solar-energy-bucharest-summit-la-palatul-parlamentului\/#primaryimage\"},\"thumbnailUrl\":\"https:\/\/carpathiacenter.ro\/wp-content\/uploads\/2025\/03\/Sebastian-Burduja.jpg\",\"articleSection\":[\"Uncategorized\"],\"inLanguage\":\"en-GB\",\"potentialAction\":[{\"@type\":\"CommentAction\",\"name\":\"Comment\",\"target\":[\"https:\/\/carpathiacenter.ro\/ministrul-energiei-da-startul-solar-energy-bucharest-summit-la-palatul-parlamentului\/#respond\"]}]},{\"@type\":\"WebPage\",\"@id\":\"https:\/\/carpathiacenter.ro\/ministrul-energiei-da-startul-solar-energy-bucharest-summit-la-palatul-parlamentului\/\",\"url\":\"https:\/\/carpathiacenter.ro\/ministrul-energiei-da-startul-solar-energy-bucharest-summit-la-palatul-parlamentului\/\",\"name\":\"Ministrul Energiei d\u0103 startul Solar Energy Bucharest Summit, la Palatul Parlamentului - Carpathia Center Romania\",\"isPartOf\":{\"@id\":\"https:\/\/carpathiacenter.ro\/#website\"},\"primaryImageOfPage\":{\"@id\":\"https:\/\/carpathiacenter.ro\/ministrul-energiei-da-startul-solar-energy-bucharest-summit-la-palatul-parlamentului\/#primaryimage\"},\"image\":{\"@id\":\"https:\/\/carpathiacenter.ro\/ministrul-energiei-da-startul-solar-energy-bucharest-summit-la-palatul-parlamentului\/#primaryimage\"},\"thumbnailUrl\":\"https:\/\/carpathiacenter.ro\/wp-content\/uploads\/2025\/03\/Sebastian-Burduja.jpg\",\"datePublished\":\"2025-03-18T09:42:24+00:00\",\"breadcrumb\":{\"@id\":\"https:\/\/carpathiacenter.ro\/ministrul-energiei-da-startul-solar-energy-bucharest-summit-la-palatul-parlamentului\/#breadcrumb\"},\"inLanguage\":\"en-GB\",\"potentialAction\":[{\"@type\":\"ReadAction\",\"target\":[\"https:\/\/carpathiacenter.ro\/ministrul-energiei-da-startul-solar-energy-bucharest-summit-la-palatul-parlamentului\/\"]}]},{\"@type\":\"ImageObject\",\"inLanguage\":\"en-GB\",\"@id\":\"https:\/\/carpathiacenter.ro\/ministrul-energiei-da-startul-solar-energy-bucharest-summit-la-palatul-parlamentului\/#primaryimage\",\"url\":\"https:\/\/carpathiacenter.ro\/wp-content\/uploads\/2025\/03\/Sebastian-Burduja.jpg\",\"contentUrl\":\"https:\/\/carpathiacenter.ro\/wp-content\/uploads\/2025\/03\/Sebastian-Burduja.jpg\",\"width\":780,\"height\":440},{\"@type\":\"BreadcrumbList\",\"@id\":\"https:\/\/carpathiacenter.ro\/ministrul-energiei-da-startul-solar-energy-bucharest-summit-la-palatul-parlamentului\/#breadcrumb\",\"itemListElement\":[{\"@type\":\"ListItem\",\"position\":1,\"name\":\"Prima pagin\u0103\",\"item\":\"https:\/\/carpathiacenter.ro\/\"},{\"@type\":\"ListItem\",\"position\":2,\"name\":\"Ministrul Energiei d\u0103 startul Solar Energy Bucharest Summit, la Palatul Parlamentului\"}]},{\"@type\":\"WebSite\",\"@id\":\"https:\/\/carpathiacenter.ro\/#website\",\"url\":\"https:\/\/carpathiacenter.ro\/\",\"name\":\"Carpathia Center Romania\",\"description\":\"Impossible made possible!\",\"publisher\":{\"@id\":\"https:\/\/carpathiacenter.ro\/#organization\"},\"potentialAction\":[{\"@type\":\"SearchAction\",\"target\":{\"@type\":\"EntryPoint\",\"urlTemplate\":\"https:\/\/carpathiacenter.ro\/?s={search_term_string}\"},\"query-input\":{\"@type\":\"PropertyValueSpecification\",\"valueRequired\":true,\"valueName\":\"search_term_string\"}}],\"inLanguage\":\"en-GB\"},{\"@type\":\"Organization\",\"@id\":\"https:\/\/carpathiacenter.ro\/#organization\",\"name\":\"Carpathia Center Romania\",\"url\":\"https:\/\/carpathiacenter.ro\/\",\"logo\":{\"@type\":\"ImageObject\",\"inLanguage\":\"en-GB\",\"@id\":\"https:\/\/carpathiacenter.ro\/#\/schema\/logo\/image\/\",\"url\":\"https:\/\/carpathiacenter.ro\/wp-content\/uploads\/2024\/07\/logo-carpathia_bg_white-1024x941.png\",\"contentUrl\":\"https:\/\/carpathiacenter.ro\/wp-content\/uploads\/2024\/07\/logo-carpathia_bg_white-1024x941.png\",\"width\":1024,\"height\":941,\"caption\":\"Carpathia Center Romania\"},\"image\":{\"@id\":\"https:\/\/carpathiacenter.ro\/#\/schema\/logo\/image\/\"},\"sameAs\":[\"https:\/\/www.facebook.com\/fdpscarpathia\/\"]},{\"@type\":\"Person\",\"@id\":\"https:\/\/carpathiacenter.ro\/#\/schema\/person\/03d9f58202fee8379268f34afa195006\",\"name\":\"creativebitsolutions\",\"image\":{\"@type\":\"ImageObject\",\"inLanguage\":\"en-GB\",\"@id\":\"https:\/\/carpathiacenter.ro\/#\/schema\/person\/image\/\",\"url\":\"https:\/\/secure.gravatar.com\/avatar\/1b1a13e37f847c635dab78348f1dff2f07651ee2a3d77a5c355a4b8c75f9165a?s=96&d=mm&r=g\",\"contentUrl\":\"https:\/\/secure.gravatar.com\/avatar\/1b1a13e37f847c635dab78348f1dff2f07651ee2a3d77a5c355a4b8c75f9165a?s=96&d=mm&r=g\",\"caption\":\"creativebitsolutions\"},\"url\":\"https:\/\/carpathiacenter.ro\/en\/author\/creativebitsolutions\/\"}]}<\/script>\n<!-- \/ Yoast SEO plugin. -->","yoast_head_json":{"title":"Ministrul Energiei d\u0103 startul Solar Energy Bucharest Summit, la Palatul Parlamentului - Carpathia Center Romania","robots":{"index":"index","follow":"follow","max-snippet":"max-snippet:-1","max-image-preview":"max-image-preview:large","max-video-preview":"max-video-preview:-1"},"canonical":"https:\/\/carpathiacenter.ro\/en\/ministrul-energiei-da-startul-solar-energy-bucharest-summit-la-palatul-parlamentului\/","og_locale":"en_GB","og_type":"article","og_title":"Ministrul Energiei d\u0103 startul Solar Energy Bucharest Summit, la Palatul Parlamentului - Carpathia Center Romania","og_description":"O mie de reprezentan\u021bi ai companiilor de produc\u021bie, dezvoltare \u0219i investi\u021bii \u00een energie solar\u0103 particip\u0103, la Bucure\u0219ti, pe 18 \u0219i 19 martie, la Solar Energy Bucharest Summit, expozi\u021bie tehnologic\u0103 \u0219i de business dedicat\u0103 industriei solare, domeniu \u00een care se estimeaz\u0103 c\u0103 investi\u021biile vor ajunge la 2,5 miliarde de euro p\u00e2n\u0103 \u00een 2030. Potrivit unui comunicat...","og_url":"https:\/\/carpathiacenter.ro\/en\/ministrul-energiei-da-startul-solar-energy-bucharest-summit-la-palatul-parlamentului\/","og_site_name":"Carpathia Center Romania","article_publisher":"https:\/\/www.facebook.com\/fdpscarpathia\/","article_published_time":"2025-03-18T09:42:24+00:00","og_image":[{"width":780,"height":440,"url":"https:\/\/carpathiacenter.ro\/wp-content\/uploads\/2025\/03\/Sebastian-Burduja.jpg","type":"image\/jpeg"}],"author":"creativebitsolutions","twitter_card":"summary_large_image","twitter_misc":{"Written by":"creativebitsolutions","Estimated reading time":"4 minutes"},"schema":{"@context":"https:\/\/schema.org","@graph":[{"@type":"Article","@id":"https:\/\/carpathiacenter.ro\/ministrul-energiei-da-startul-solar-energy-bucharest-summit-la-palatul-parlamentului\/#article","isPartOf":{"@id":"https:\/\/carpathiacenter.ro\/ministrul-energiei-da-startul-solar-energy-bucharest-summit-la-palatul-parlamentului\/"},"author":{"name":"creativebitsolutions","@id":"https:\/\/carpathiacenter.ro\/#\/schema\/person\/03d9f58202fee8379268f34afa195006"},"headline":"Ministrul Energiei d\u0103 startul Solar Energy Bucharest Summit, la Palatul Parlamentului","datePublished":"2025-03-18T09:42:24+00:00","mainEntityOfPage":{"@id":"https:\/\/carpathiacenter.ro\/ministrul-energiei-da-startul-solar-energy-bucharest-summit-la-palatul-parlamentului\/"},"wordCount":826,"commentCount":0,"publisher":{"@id":"https:\/\/carpathiacenter.ro\/#organization"},"image":{"@id":"https:\/\/carpathiacenter.ro\/ministrul-energiei-da-startul-solar-energy-bucharest-summit-la-palatul-parlamentului\/#primaryimage"},"thumbnailUrl":"https:\/\/carpathiacenter.ro\/wp-content\/uploads\/2025\/03\/Sebastian-Burduja.jpg","articleSection":["Uncategorized"],"inLanguage":"en-GB","potentialAction":[{"@type":"CommentAction","name":"Comment","target":["https:\/\/carpathiacenter.ro\/ministrul-energiei-da-startul-solar-energy-bucharest-summit-la-palatul-parlamentului\/#respond"]}]},{"@type":"WebPage","@id":"https:\/\/carpathiacenter.ro\/ministrul-energiei-da-startul-solar-energy-bucharest-summit-la-palatul-parlamentului\/","url":"https:\/\/carpathiacenter.ro\/ministrul-energiei-da-startul-solar-energy-bucharest-summit-la-palatul-parlamentului\/","name":"Ministrul Energiei d\u0103 startul Solar Energy Bucharest Summit, la Palatul Parlamentului - Carpathia Center Romania","isPartOf":{"@id":"https:\/\/carpathiacenter.ro\/#website"},"primaryImageOfPage":{"@id":"https:\/\/carpathiacenter.ro\/ministrul-energiei-da-startul-solar-energy-bucharest-summit-la-palatul-parlamentului\/#primaryimage"},"image":{"@id":"https:\/\/carpathiacenter.ro\/ministrul-energiei-da-startul-solar-energy-bucharest-summit-la-palatul-parlamentului\/#primaryimage"},"thumbnailUrl":"https:\/\/carpathiacenter.ro\/wp-content\/uploads\/2025\/03\/Sebastian-Burduja.jpg","datePublished":"2025-03-18T09:42:24+00:00","breadcrumb":{"@id":"https:\/\/carpathiacenter.ro\/ministrul-energiei-da-startul-solar-energy-bucharest-summit-la-palatul-parlamentului\/#breadcrumb"},"inLanguage":"en-GB","potentialAction":[{"@type":"ReadAction","target":["https:\/\/carpathiacenter.ro\/ministrul-energiei-da-startul-solar-energy-bucharest-summit-la-palatul-parlamentului\/"]}]},{"@type":"ImageObject","inLanguage":"en-GB","@id":"https:\/\/carpathiacenter.ro\/ministrul-energiei-da-startul-solar-energy-bucharest-summit-la-palatul-parlamentului\/#primaryimage","url":"https:\/\/carpathiacenter.ro\/wp-content\/uploads\/2025\/03\/Sebastian-Burduja.jpg","contentUrl":"https:\/\/carpathiacenter.ro\/wp-content\/uploads\/2025\/03\/Sebastian-Burduja.jpg","width":780,"height":440},{"@type":"BreadcrumbList","@id":"https:\/\/carpathiacenter.ro\/ministrul-energiei-da-startul-solar-energy-bucharest-summit-la-palatul-parlamentului\/#breadcrumb","itemListElement":[{"@type":"ListItem","position":1,"name":"Prima pagin\u0103","item":"https:\/\/carpathiacenter.ro\/"},{"@type":"ListItem","position":2,"name":"Ministrul Energiei d\u0103 startul Solar Energy Bucharest Summit, la Palatul Parlamentului"}]},{"@type":"WebSite","@id":"https:\/\/carpathiacenter.ro\/#website","url":"https:\/\/carpathiacenter.ro\/","name":"Carpathia Center Romania","description":"Impossible made possible!","publisher":{"@id":"https:\/\/carpathiacenter.ro\/#organization"},"potentialAction":[{"@type":"SearchAction","target":{"@type":"EntryPoint","urlTemplate":"https:\/\/carpathiacenter.ro\/?s={search_term_string}"},"query-input":{"@type":"PropertyValueSpecification","valueRequired":true,"valueName":"search_term_string"}}],"inLanguage":"en-GB"},{"@type":"Organization","@id":"https:\/\/carpathiacenter.ro\/#organization","name":"Carpathia Center Romania","url":"https:\/\/carpathiacenter.ro\/","logo":{"@type":"ImageObject","inLanguage":"en-GB","@id":"https:\/\/carpathiacenter.ro\/#\/schema\/logo\/image\/","url":"https:\/\/carpathiacenter.ro\/wp-content\/uploads\/2024\/07\/logo-carpathia_bg_white-1024x941.png","contentUrl":"https:\/\/carpathiacenter.ro\/wp-content\/uploads\/2024\/07\/logo-carpathia_bg_white-1024x941.png","width":1024,"height":941,"caption":"Carpathia Center Romania"},"image":{"@id":"https:\/\/carpathiacenter.ro\/#\/schema\/logo\/image\/"},"sameAs":["https:\/\/www.facebook.com\/fdpscarpathia\/"]},{"@type":"Person","@id":"https:\/\/carpathiacenter.ro\/#\/schema\/person\/03d9f58202fee8379268f34afa195006","name":"creativebitsolutions","image":{"@type":"ImageObject","inLanguage":"en-GB","@id":"https:\/\/carpathiacenter.ro\/#\/schema\/person\/image\/","url":"https:\/\/secure.gravatar.com\/avatar\/1b1a13e37f847c635dab78348f1dff2f07651ee2a3d77a5c355a4b8c75f9165a?s=96&d=mm&r=g","contentUrl":"https:\/\/secure.gravatar.com\/avatar\/1b1a13e37f847c635dab78348f1dff2f07651ee2a3d77a5c355a4b8c75f9165a?s=96&d=mm&r=g","caption":"creativebitsolutions"},"url":"https:\/\/carpathiacenter.ro\/en\/author\/creativebitsolutions\/"}]}},"_links":{"self":[{"href":"https:\/\/carpathiacenter.ro\/en\/wp-json\/wp\/v2\/posts\/2038","targetHints":{"allow":["GET"]}}],"collection":[{"href":"https:\/\/carpathiacenter.ro\/en\/wp-json\/wp\/v2\/posts"}],"about":[{"href":"https:\/\/carpathiacenter.ro\/en\/wp-json\/wp\/v2\/types\/post"}],"author":[{"embeddable":true,"href":"https:\/\/carpathiacenter.ro\/en\/wp-json\/wp\/v2\/users\/4"}],"replies":[{"embeddable":true,"href":"https:\/\/carpathiacenter.ro\/en\/wp-json\/wp\/v2\/comments?post=2038"}],"version-history":[{"count":1,"href":"https:\/\/carpathiacenter.ro\/en\/wp-json\/wp\/v2\/posts\/2038\/revisions"}],"predecessor-version":[{"id":2040,"href":"https:\/\/carpathiacenter.ro\/en\/wp-json\/wp\/v2\/posts\/2038\/revisions\/2040"}],"wp:featuredmedia":[{"embeddable":true,"href":"https:\/\/carpathiacenter.ro\/en\/wp-json\/wp\/v2\/media\/2039"}],"wp:attachment":[{"href":"https:\/\/carpathiacenter.ro\/en\/wp-json\/wp\/v2\/media?parent=2038"}],"wp:term":[{"taxonomy":"category","embeddable":true,"href":"https:\/\/carpathiacenter.ro\/en\/wp-json\/wp\/v2\/categories?post=2038"},{"taxonomy":"post_tag","embeddable":true,"href":"https:\/\/carpathiacenter.ro\/en\/wp-json\/wp\/v2\/tags?post=2038"}],"curies":[{"name":"wp","href":"https:\/\/api.w.org\/{rel}","templated":true}]}}