{"id":2026,"date":"2025-03-17T10:27:27","date_gmt":"2025-03-17T10:27:27","guid":{"rendered":"https:\/\/carpathiacenter.ro\/?p=2026"},"modified":"2025-03-17T10:27:27","modified_gmt":"2025-03-17T10:27:27","slug":"ministrul-emil-hurezeanu-luni-la-consiliul-afaceri-externe","status":"publish","type":"post","link":"https:\/\/carpathiacenter.ro\/en\/ministrul-emil-hurezeanu-luni-la-consiliul-afaceri-externe\/","title":{"rendered":"Ministrul Emil Hurezeanu &#8211; luni, la Consiliul Afaceri Externe"},"content":{"rendered":"<p>Ministrul Emil Hurezeanu va participa luni la reuniunea mini\u0219trilor afacerilor externe din statele membre ale Uniunii Europene (Consiliul Afaceri Externe), care se va desf\u0103\u0219ura la Bruxelles.<\/p>\n<p>Potrivit unui comunicat al MAE, transmis AGERPRES, agenda reuniunii include agresiunea Rusiei \u00eempotriva Ucrainei, evolu\u021biile din Iran, Orientul Mijlociu, Siria \u0219i rela\u021biile UE &#8211; SUA.<\/p>\n<p>Discu\u021bia privind agresiunea Rusiei \u00eempotriva Ucrainei se va concentra pe modul \u00een care va fi men\u021binut sprijinul multidimensional al UE c\u0103tre Ucraina, \u00een special asisten\u021ba militar\u0103 \u0219i financiar\u0103, \u00een contextul ultimelor evolu\u021bii de pe front \u0219i \u021bin\u00e2nd cont de dinamica \u00eenregistrat\u0103 \u00een perspectiva unor negocieri de pace, precizeaz\u0103 MAE.<\/p>\n<p>Referitor la situa\u021bia din Orientul Mijlociu, vor fi abordate evolu\u021biile din Israel \u0219i Gaza, cu accent pe importan\u021ba continu\u0103rii implement\u0103rii acordului de \u00eencetare a focului, precum \u0219i evolu\u021biile recente din Siria.<\/p>\n<p>\u00cen ceea ce prive\u0219te rela\u021biile UE &#8211; SUA, discu\u021bia se va concentra pe impactul asupra Uniunii Europene al deciziilor recente ale administra\u021biei de la Washington \u0219i modalit\u0103\u021bile de r\u0103spuns din partea UE.<\/p>\n<p>\u00cen marja CAE, ministrul Emil Hurezeanu va participa la cea de-a IX-a Conferin\u021b\u0103 ministerial\u0103 dedicat\u0103 Siriei \u0219i regiunii, intitulat\u0103 &#8216;Al\u0103turi de Siria: asigurarea celor necesare pentru o tranzi\u021bie de succes&#8217;, mai informeaz\u0103 MAE. AGERPRES\/(AS &#8211; editor: Andreea Rotaru, editor online: Anda Badea)<br \/>\n<br \/>\n<a href=\"https:\/\/agerpres.ro\/politic\/2025\/03\/17\/ministrul-emil-hurezeanu---luni-la-consiliul-afaceri-externe--1431465\" target=\"_blank\" rel=\"noopener\" title=\"\">https:\/\/agerpres.ro\/politic\/2025\/03\/17\/ministrul-emil-hurezeanu&#8212;luni-la-consiliul-afaceri-externe&#8211;1431465<\/a><\/p>","protected":false},"excerpt":{"rendered":"<p>Ministrul Emil Hurezeanu va participa luni la reuniunea mini\u0219trilor afacerilor externe din statele membre ale Uniunii Europene (Consiliul Afaceri Externe), care se va desf\u0103\u0219ura la Bruxelles. Potrivit unui comunicat al MAE, transmis AGERPRES, agenda reuniunii include agresiunea Rusiei \u00eempotriva Ucrainei, evolu\u021biile din Iran, Orientul Mijlociu, Siria \u0219i rela\u021biile UE &#8211; SUA. Discu\u021bia privind agresiunea Rusiei&#8230;<\/p>","protected":false},"author":4,"featured_media":2028,"comment_status":"open","ping_status":"open","sticky":false,"template":"","format":"standard","meta":{"footnotes":""},"categories":[1],"tags":[],"class_list":["post-2026","post","type-post","status-publish","format-standard","has-post-thumbnail","hentry","category-uncategorized"],"yoast_head":"<!-- This site is optimized with the Yoast SEO plugin v26.1.1 - https:\/\/yoast.com\/wordpress\/plugins\/seo\/ -->\n<title>Ministrul Emil Hurezeanu - luni, la Consiliul Afaceri Externe - Carpathia Center Romania<\/title>\n<meta name=\"robots\" content=\"index, follow, max-snippet:-1, max-image-preview:large, max-video-preview:-1\" \/>\n<link rel=\"canonical\" href=\"https:\/\/carpathiacenter.ro\/en\/ministrul-emil-hurezeanu-luni-la-consiliul-afaceri-externe\/\" \/>\n<meta property=\"og:locale\" content=\"en_GB\" \/>\n<meta property=\"og:type\" content=\"article\" \/>\n<meta property=\"og:title\" content=\"Ministrul Emil Hurezeanu - luni, la Consiliul Afaceri Externe - Carpathia Center Romania\" \/>\n<meta property=\"og:description\" content=\"Ministrul Emil Hurezeanu va participa luni la reuniunea mini\u0219trilor afacerilor externe din statele membre ale Uniunii Europene (Consiliul Afaceri Externe), care se va desf\u0103\u0219ura la Bruxelles. Potrivit unui comunicat al MAE, transmis AGERPRES, agenda reuniunii include agresiunea Rusiei \u00eempotriva Ucrainei, evolu\u021biile din Iran, Orientul Mijlociu, Siria \u0219i rela\u021biile UE &#8211; SUA. Discu\u021bia privind agresiunea Rusiei...\" \/>\n<meta property=\"og:url\" content=\"https:\/\/carpathiacenter.ro\/en\/ministrul-emil-hurezeanu-luni-la-consiliul-afaceri-externe\/\" \/>\n<meta property=\"og:site_name\" content=\"Carpathia Center Romania\" \/>\n<meta property=\"article:publisher\" content=\"https:\/\/www.facebook.com\/fdpscarpathia\/\" \/>\n<meta property=\"article:published_time\" content=\"2025-03-17T10:27:27+00:00\" \/>\n<meta property=\"og:image\" content=\"https:\/\/carpathiacenter.ro\/wp-content\/uploads\/2025\/03\/Emil_Hurezeanu.webp\" \/>\n\t<meta property=\"og:image:width\" content=\"1200\" \/>\n\t<meta property=\"og:image:height\" content=\"801\" \/>\n\t<meta property=\"og:image:type\" content=\"image\/webp\" \/>\n<meta name=\"author\" content=\"creativebitsolutions\" \/>\n<meta name=\"twitter:card\" content=\"summary_large_image\" \/>\n<meta name=\"twitter:label1\" content=\"Written by\" \/>\n\t<meta name=\"twitter:data1\" content=\"creativebitsolutions\" \/>\n\t<meta name=\"twitter:label2\" content=\"Estimated reading time\" \/>\n\t<meta name=\"twitter:data2\" content=\"1 minute\" \/>\n<script type=\"application\/ld+json\" class=\"yoast-schema-graph\">{\"@context\":\"https:\/\/schema.org\",\"@graph\":[{\"@type\":\"Article\",\"@id\":\"https:\/\/carpathiacenter.ro\/ministrul-emil-hurezeanu-luni-la-consiliul-afaceri-externe\/#article\",\"isPartOf\":{\"@id\":\"https:\/\/carpathiacenter.ro\/ministrul-emil-hurezeanu-luni-la-consiliul-afaceri-externe\/\"},\"author\":{\"name\":\"creativebitsolutions\",\"@id\":\"https:\/\/carpathiacenter.ro\/#\/schema\/person\/03d9f58202fee8379268f34afa195006\"},\"headline\":\"Ministrul Emil Hurezeanu &#8211; luni, la Consiliul Afaceri Externe\",\"datePublished\":\"2025-03-17T10:27:27+00:00\",\"mainEntityOfPage\":{\"@id\":\"https:\/\/carpathiacenter.ro\/ministrul-emil-hurezeanu-luni-la-consiliul-afaceri-externe\/\"},\"wordCount\":244,\"commentCount\":0,\"publisher\":{\"@id\":\"https:\/\/carpathiacenter.ro\/#organization\"},\"image\":{\"@id\":\"https:\/\/carpathiacenter.ro\/ministrul-emil-hurezeanu-luni-la-consiliul-afaceri-externe\/#primaryimage\"},\"thumbnailUrl\":\"https:\/\/carpathiacenter.ro\/wp-content\/uploads\/2025\/03\/Emil_Hurezeanu.webp\",\"articleSection\":[\"Uncategorized\"],\"inLanguage\":\"en-GB\",\"potentialAction\":[{\"@type\":\"CommentAction\",\"name\":\"Comment\",\"target\":[\"https:\/\/carpathiacenter.ro\/ministrul-emil-hurezeanu-luni-la-consiliul-afaceri-externe\/#respond\"]}]},{\"@type\":\"WebPage\",\"@id\":\"https:\/\/carpathiacenter.ro\/ministrul-emil-hurezeanu-luni-la-consiliul-afaceri-externe\/\",\"url\":\"https:\/\/carpathiacenter.ro\/ministrul-emil-hurezeanu-luni-la-consiliul-afaceri-externe\/\",\"name\":\"Ministrul Emil Hurezeanu - luni, la Consiliul Afaceri Externe - Carpathia Center Romania\",\"isPartOf\":{\"@id\":\"https:\/\/carpathiacenter.ro\/#website\"},\"primaryImageOfPage\":{\"@id\":\"https:\/\/carpathiacenter.ro\/ministrul-emil-hurezeanu-luni-la-consiliul-afaceri-externe\/#primaryimage\"},\"image\":{\"@id\":\"https:\/\/carpathiacenter.ro\/ministrul-emil-hurezeanu-luni-la-consiliul-afaceri-externe\/#primaryimage\"},\"thumbnailUrl\":\"https:\/\/carpathiacenter.ro\/wp-content\/uploads\/2025\/03\/Emil_Hurezeanu.webp\",\"datePublished\":\"2025-03-17T10:27:27+00:00\",\"breadcrumb\":{\"@id\":\"https:\/\/carpathiacenter.ro\/ministrul-emil-hurezeanu-luni-la-consiliul-afaceri-externe\/#breadcrumb\"},\"inLanguage\":\"en-GB\",\"potentialAction\":[{\"@type\":\"ReadAction\",\"target\":[\"https:\/\/carpathiacenter.ro\/ministrul-emil-hurezeanu-luni-la-consiliul-afaceri-externe\/\"]}]},{\"@type\":\"ImageObject\",\"inLanguage\":\"en-GB\",\"@id\":\"https:\/\/carpathiacenter.ro\/ministrul-emil-hurezeanu-luni-la-consiliul-afaceri-externe\/#primaryimage\",\"url\":\"https:\/\/carpathiacenter.ro\/wp-content\/uploads\/2025\/03\/Emil_Hurezeanu.webp\",\"contentUrl\":\"https:\/\/carpathiacenter.ro\/wp-content\/uploads\/2025\/03\/Emil_Hurezeanu.webp\",\"width\":1200,\"height\":801},{\"@type\":\"BreadcrumbList\",\"@id\":\"https:\/\/carpathiacenter.ro\/ministrul-emil-hurezeanu-luni-la-consiliul-afaceri-externe\/#breadcrumb\",\"itemListElement\":[{\"@type\":\"ListItem\",\"position\":1,\"name\":\"Prima pagin\u0103\",\"item\":\"https:\/\/carpathiacenter.ro\/\"},{\"@type\":\"ListItem\",\"position\":2,\"name\":\"Ministrul Emil Hurezeanu &#8211; luni, la Consiliul Afaceri Externe\"}]},{\"@type\":\"WebSite\",\"@id\":\"https:\/\/carpathiacenter.ro\/#website\",\"url\":\"https:\/\/carpathiacenter.ro\/\",\"name\":\"Carpathia Center Romania\",\"description\":\"Impossible made possible!\",\"publisher\":{\"@id\":\"https:\/\/carpathiacenter.ro\/#organization\"},\"potentialAction\":[{\"@type\":\"SearchAction\",\"target\":{\"@type\":\"EntryPoint\",\"urlTemplate\":\"https:\/\/carpathiacenter.ro\/?s={search_term_string}\"},\"query-input\":{\"@type\":\"PropertyValueSpecification\",\"valueRequired\":true,\"valueName\":\"search_term_string\"}}],\"inLanguage\":\"en-GB\"},{\"@type\":\"Organization\",\"@id\":\"https:\/\/carpathiacenter.ro\/#organization\",\"name\":\"Carpathia Center Romania\",\"url\":\"https:\/\/carpathiacenter.ro\/\",\"logo\":{\"@type\":\"ImageObject\",\"inLanguage\":\"en-GB\",\"@id\":\"https:\/\/carpathiacenter.ro\/#\/schema\/logo\/image\/\",\"url\":\"https:\/\/carpathiacenter.ro\/wp-content\/uploads\/2024\/07\/logo-carpathia_bg_white-1024x941.png\",\"contentUrl\":\"https:\/\/carpathiacenter.ro\/wp-content\/uploads\/2024\/07\/logo-carpathia_bg_white-1024x941.png\",\"width\":1024,\"height\":941,\"caption\":\"Carpathia Center Romania\"},\"image\":{\"@id\":\"https:\/\/carpathiacenter.ro\/#\/schema\/logo\/image\/\"},\"sameAs\":[\"https:\/\/www.facebook.com\/fdpscarpathia\/\"]},{\"@type\":\"Person\",\"@id\":\"https:\/\/carpathiacenter.ro\/#\/schema\/person\/03d9f58202fee8379268f34afa195006\",\"name\":\"creativebitsolutions\",\"image\":{\"@type\":\"ImageObject\",\"inLanguage\":\"en-GB\",\"@id\":\"https:\/\/carpathiacenter.ro\/#\/schema\/person\/image\/\",\"url\":\"https:\/\/secure.gravatar.com\/avatar\/1b1a13e37f847c635dab78348f1dff2f07651ee2a3d77a5c355a4b8c75f9165a?s=96&d=mm&r=g\",\"contentUrl\":\"https:\/\/secure.gravatar.com\/avatar\/1b1a13e37f847c635dab78348f1dff2f07651ee2a3d77a5c355a4b8c75f9165a?s=96&d=mm&r=g\",\"caption\":\"creativebitsolutions\"},\"url\":\"https:\/\/carpathiacenter.ro\/en\/author\/creativebitsolutions\/\"}]}<\/script>\n<!-- \/ Yoast SEO plugin. -->","yoast_head_json":{"title":"Ministrul Emil Hurezeanu - luni, la Consiliul Afaceri Externe - Carpathia Center Romania","robots":{"index":"index","follow":"follow","max-snippet":"max-snippet:-1","max-image-preview":"max-image-preview:large","max-video-preview":"max-video-preview:-1"},"canonical":"https:\/\/carpathiacenter.ro\/en\/ministrul-emil-hurezeanu-luni-la-consiliul-afaceri-externe\/","og_locale":"en_GB","og_type":"article","og_title":"Ministrul Emil Hurezeanu - luni, la Consiliul Afaceri Externe - Carpathia Center Romania","og_description":"Ministrul Emil Hurezeanu va participa luni la reuniunea mini\u0219trilor afacerilor externe din statele membre ale Uniunii Europene (Consiliul Afaceri Externe), care se va desf\u0103\u0219ura la Bruxelles. Potrivit unui comunicat al MAE, transmis AGERPRES, agenda reuniunii include agresiunea Rusiei \u00eempotriva Ucrainei, evolu\u021biile din Iran, Orientul Mijlociu, Siria \u0219i rela\u021biile UE &#8211; SUA. Discu\u021bia privind agresiunea Rusiei...","og_url":"https:\/\/carpathiacenter.ro\/en\/ministrul-emil-hurezeanu-luni-la-consiliul-afaceri-externe\/","og_site_name":"Carpathia Center Romania","article_publisher":"https:\/\/www.facebook.com\/fdpscarpathia\/","article_published_time":"2025-03-17T10:27:27+00:00","og_image":[{"width":1200,"height":801,"url":"https:\/\/carpathiacenter.ro\/wp-content\/uploads\/2025\/03\/Emil_Hurezeanu.webp","type":"image\/webp"}],"author":"creativebitsolutions","twitter_card":"summary_large_image","twitter_misc":{"Written by":"creativebitsolutions","Estimated reading time":"1 minute"},"schema":{"@context":"https:\/\/schema.org","@graph":[{"@type":"Article","@id":"https:\/\/carpathiacenter.ro\/ministrul-emil-hurezeanu-luni-la-consiliul-afaceri-externe\/#article","isPartOf":{"@id":"https:\/\/carpathiacenter.ro\/ministrul-emil-hurezeanu-luni-la-consiliul-afaceri-externe\/"},"author":{"name":"creativebitsolutions","@id":"https:\/\/carpathiacenter.ro\/#\/schema\/person\/03d9f58202fee8379268f34afa195006"},"headline":"Ministrul Emil Hurezeanu &#8211; luni, la Consiliul Afaceri Externe","datePublished":"2025-03-17T10:27:27+00:00","mainEntityOfPage":{"@id":"https:\/\/carpathiacenter.ro\/ministrul-emil-hurezeanu-luni-la-consiliul-afaceri-externe\/"},"wordCount":244,"commentCount":0,"publisher":{"@id":"https:\/\/carpathiacenter.ro\/#organization"},"image":{"@id":"https:\/\/carpathiacenter.ro\/ministrul-emil-hurezeanu-luni-la-consiliul-afaceri-externe\/#primaryimage"},"thumbnailUrl":"https:\/\/carpathiacenter.ro\/wp-content\/uploads\/2025\/03\/Emil_Hurezeanu.webp","articleSection":["Uncategorized"],"inLanguage":"en-GB","potentialAction":[{"@type":"CommentAction","name":"Comment","target":["https:\/\/carpathiacenter.ro\/ministrul-emil-hurezeanu-luni-la-consiliul-afaceri-externe\/#respond"]}]},{"@type":"WebPage","@id":"https:\/\/carpathiacenter.ro\/ministrul-emil-hurezeanu-luni-la-consiliul-afaceri-externe\/","url":"https:\/\/carpathiacenter.ro\/ministrul-emil-hurezeanu-luni-la-consiliul-afaceri-externe\/","name":"Ministrul Emil Hurezeanu - luni, la Consiliul Afaceri Externe - Carpathia Center Romania","isPartOf":{"@id":"https:\/\/carpathiacenter.ro\/#website"},"primaryImageOfPage":{"@id":"https:\/\/carpathiacenter.ro\/ministrul-emil-hurezeanu-luni-la-consiliul-afaceri-externe\/#primaryimage"},"image":{"@id":"https:\/\/carpathiacenter.ro\/ministrul-emil-hurezeanu-luni-la-consiliul-afaceri-externe\/#primaryimage"},"thumbnailUrl":"https:\/\/carpathiacenter.ro\/wp-content\/uploads\/2025\/03\/Emil_Hurezeanu.webp","datePublished":"2025-03-17T10:27:27+00:00","breadcrumb":{"@id":"https:\/\/carpathiacenter.ro\/ministrul-emil-hurezeanu-luni-la-consiliul-afaceri-externe\/#breadcrumb"},"inLanguage":"en-GB","potentialAction":[{"@type":"ReadAction","target":["https:\/\/carpathiacenter.ro\/ministrul-emil-hurezeanu-luni-la-consiliul-afaceri-externe\/"]}]},{"@type":"ImageObject","inLanguage":"en-GB","@id":"https:\/\/carpathiacenter.ro\/ministrul-emil-hurezeanu-luni-la-consiliul-afaceri-externe\/#primaryimage","url":"https:\/\/carpathiacenter.ro\/wp-content\/uploads\/2025\/03\/Emil_Hurezeanu.webp","contentUrl":"https:\/\/carpathiacenter.ro\/wp-content\/uploads\/2025\/03\/Emil_Hurezeanu.webp","width":1200,"height":801},{"@type":"BreadcrumbList","@id":"https:\/\/carpathiacenter.ro\/ministrul-emil-hurezeanu-luni-la-consiliul-afaceri-externe\/#breadcrumb","itemListElement":[{"@type":"ListItem","position":1,"name":"Prima pagin\u0103","item":"https:\/\/carpathiacenter.ro\/"},{"@type":"ListItem","position":2,"name":"Ministrul Emil Hurezeanu &#8211; luni, la Consiliul Afaceri Externe"}]},{"@type":"WebSite","@id":"https:\/\/carpathiacenter.ro\/#website","url":"https:\/\/carpathiacenter.ro\/","name":"Carpathia Center Romania","description":"Impossible made possible!","publisher":{"@id":"https:\/\/carpathiacenter.ro\/#organization"},"potentialAction":[{"@type":"SearchAction","target":{"@type":"EntryPoint","urlTemplate":"https:\/\/carpathiacenter.ro\/?s={search_term_string}"},"query-input":{"@type":"PropertyValueSpecification","valueRequired":true,"valueName":"search_term_string"}}],"inLanguage":"en-GB"},{"@type":"Organization","@id":"https:\/\/carpathiacenter.ro\/#organization","name":"Carpathia Center Romania","url":"https:\/\/carpathiacenter.ro\/","logo":{"@type":"ImageObject","inLanguage":"en-GB","@id":"https:\/\/carpathiacenter.ro\/#\/schema\/logo\/image\/","url":"https:\/\/carpathiacenter.ro\/wp-content\/uploads\/2024\/07\/logo-carpathia_bg_white-1024x941.png","contentUrl":"https:\/\/carpathiacenter.ro\/wp-content\/uploads\/2024\/07\/logo-carpathia_bg_white-1024x941.png","width":1024,"height":941,"caption":"Carpathia Center Romania"},"image":{"@id":"https:\/\/carpathiacenter.ro\/#\/schema\/logo\/image\/"},"sameAs":["https:\/\/www.facebook.com\/fdpscarpathia\/"]},{"@type":"Person","@id":"https:\/\/carpathiacenter.ro\/#\/schema\/person\/03d9f58202fee8379268f34afa195006","name":"creativebitsolutions","image":{"@type":"ImageObject","inLanguage":"en-GB","@id":"https:\/\/carpathiacenter.ro\/#\/schema\/person\/image\/","url":"https:\/\/secure.gravatar.com\/avatar\/1b1a13e37f847c635dab78348f1dff2f07651ee2a3d77a5c355a4b8c75f9165a?s=96&d=mm&r=g","contentUrl":"https:\/\/secure.gravatar.com\/avatar\/1b1a13e37f847c635dab78348f1dff2f07651ee2a3d77a5c355a4b8c75f9165a?s=96&d=mm&r=g","caption":"creativebitsolutions"},"url":"https:\/\/carpathiacenter.ro\/en\/author\/creativebitsolutions\/"}]}},"_links":{"self":[{"href":"https:\/\/carpathiacenter.ro\/en\/wp-json\/wp\/v2\/posts\/2026","targetHints":{"allow":["GET"]}}],"collection":[{"href":"https:\/\/carpathiacenter.ro\/en\/wp-json\/wp\/v2\/posts"}],"about":[{"href":"https:\/\/carpathiacenter.ro\/en\/wp-json\/wp\/v2\/types\/post"}],"author":[{"embeddable":true,"href":"https:\/\/carpathiacenter.ro\/en\/wp-json\/wp\/v2\/users\/4"}],"replies":[{"embeddable":true,"href":"https:\/\/carpathiacenter.ro\/en\/wp-json\/wp\/v2\/comments?post=2026"}],"version-history":[{"count":1,"href":"https:\/\/carpathiacenter.ro\/en\/wp-json\/wp\/v2\/posts\/2026\/revisions"}],"predecessor-version":[{"id":2029,"href":"https:\/\/carpathiacenter.ro\/en\/wp-json\/wp\/v2\/posts\/2026\/revisions\/2029"}],"wp:featuredmedia":[{"embeddable":true,"href":"https:\/\/carpathiacenter.ro\/en\/wp-json\/wp\/v2\/media\/2028"}],"wp:attachment":[{"href":"https:\/\/carpathiacenter.ro\/en\/wp-json\/wp\/v2\/media?parent=2026"}],"wp:term":[{"taxonomy":"category","embeddable":true,"href":"https:\/\/carpathiacenter.ro\/en\/wp-json\/wp\/v2\/categories?post=2026"},{"taxonomy":"post_tag","embeddable":true,"href":"https:\/\/carpathiacenter.ro\/en\/wp-json\/wp\/v2\/tags?post=2026"}],"curies":[{"name":"wp","href":"https:\/\/api.w.org\/{rel}","templated":true}]}}