{"id":2022,"date":"2025-03-14T10:13:33","date_gmt":"2025-03-14T10:13:33","guid":{"rendered":"https:\/\/carpathiacenter.ro\/?p=2022"},"modified":"2025-03-14T10:13:33","modified_gmt":"2025-03-14T10:13:33","slug":"buzau-o-ferma-avicola-de-39-milioane-de-euro-a-fost-realizata-in-comuna-tintesti-va-genera-300-000-de-pui-pe-angalerie-foto","status":"publish","type":"post","link":"https:\/\/carpathiacenter.ro\/en\/buzau-o-ferma-avicola-de-39-milioane-de-euro-a-fost-realizata-in-comuna-tintesti-va-genera-300-000-de-pui-pe-angalerie-foto\/","title":{"rendered":"Buz\u0103u: O ferm\u0103 avicol\u0103 de 3,9 milioane de euro a fost realizat\u0103 \u00een comuna \u021ainte\u0219ti; va genera 300.000 de pui pe an(GALERIE FOTO)"},"content":{"rendered":"<div class=\"mx-auto pt-3\">\n<p><strong>Direc\u021bia Jude\u021bean\u0103 pentru Agricultur\u0103 (DAJ) Buz\u0103u anun\u021b\u0103 c\u0103 a fost finalizat\u0103 \u00een comuna \u021ainte\u0219ti o ferm\u0103 avicol\u0103, investi\u021bie \u00een valoare de 3,9 milioane de euro \u00een cadrul Programului de sus\u021binere pentru activitatea de reproduc\u021bie, incuba\u021bie \u0219i de cre\u0219tere \u00een sectorul avicol, ce va genera 300.000 de pui pe an.\u00a0<\/strong><\/p>\n<p><img fetchpriority=\"high\" decoding=\"async\" src=\"https:\/\/agerpres.ro\/data\/202503\/20250314063005_376549.jpeg\" alt=\"\" width=\"1600\" height=\"1107\" \/><\/p>\n<p>Foto: (c)\u00a0DAJ Buz\u0103u<\/p>\n<hr \/>\n<p>Potrivit reprezentan\u021bilor DAJ Buz\u0103u, investi\u021bia va avea un impact major asupra pie\u021bei locale \u0219i na\u021bionale, contribuind la sc\u0103derea importurilor.<\/p>\n<p><img decoding=\"async\" src=\"https:\/\/agerpres.ro\/data\/202503\/20250314063015_441800.jpeg\" alt=\"\" width=\"1200\" height=\"1600\" \/><\/p>\n<p>Foto: (c)\u00a0DAJ Buz\u0103u<\/p>\n<hr \/>\n<p>&#8221;Investi\u021bie de 3.908.858,80 euro finalizat\u0103 \u00een jude\u021bul Buz\u0103u. Valoarea total\u0103 a ajutorului de stat este de 3.127.087,04 euro \u0219i reprezint\u0103 80% din valoarea investi\u021biei. Ajutorul de stat a fost asigurat de la bugetul de stat, prin bugetul Ministerului Agriculturii \u0219i Dezvolt\u0103rii Rurale. Investi\u021bia vizeaz\u0103 crearea a 218.372 locuri noi \u00een ferme de cre\u0219tere a p\u0103s\u0103rilor prin construc\u021bia fermelor de cre\u0219tere, achizi\u021bionarea de utilaje \u0219i echipamente pentru furajare \u0219i ad\u0103pare, microclimat, depozitare, evacuare \u0219i tratarea dejec\u021biilor, beneficiar fiind SC Avis Muntenia Total SRL. Investi\u021bia realizat\u0103 va avea un impact pozitiv asupra sectorului agricol local \u0219i al siguran\u021bei alimentare, oferind produse proaspete \u0219i de calitate superioar\u0103, consolid\u00e2nd competitivitatea agriculturii buzoiene pe pie\u021bele na\u021bionale \u0219i interna\u021bionale&#8221;, a transmis DAJ Buz\u0103u.<\/p>\n<p><img decoding=\"async\" src=\"https:\/\/agerpres.ro\/data\/202503\/20250314063026_279928.jpeg\" alt=\"\" width=\"1600\" height=\"1200\" \/><\/p>\n<p>Foto: (c)\u00a0DAJ Buz\u0103u<\/p>\n<hr \/>\n<p>Totodat\u0103, speciali\u0219tii \u00een agricultur\u0103 apreciaz\u0103 c\u0103 investi\u021biile \u00een fermele de pui au un efect direct asupra produc\u0103torilor de cereale \u0219i furaje.<\/p>\n<p><img loading=\"lazy\" decoding=\"async\" src=\"https:\/\/agerpres.ro\/data\/202503\/20250314063035_566942.jpeg\" alt=\"\" width=\"1600\" height=\"1200\" \/><\/p>\n<p>Foto: (c)\u00a0DAJ Buz\u0103u<\/p>\n<hr \/>\n<p>&#8221;Este un mare c\u00e2\u0219tig pentru c\u0103 cerealele nu vor mai merge \u00eentr-o propor\u021bie mare la export \u00een form\u0103 brut\u0103, furajele vor r\u0103m\u00e2ne aici \u00een zootehnie. Economia va avea o cre\u0219tere foarte important\u0103, se vor importa mai pu\u021bini pui de o zi pentru c\u0103 vorbim de fermele de pui, de sta\u021biile de incuba\u021bie. Se vor produce \u00een jur de 300.000 de pui pe an. Va cre\u0219te produc\u021bia local\u0103 \u0219i na\u021bional\u0103. \u00cen momentul \u00een care se vor finaliza cele 10 proiecte pe care le derul\u0103m la pas\u0103re \u0219i porc, aproximativ 50% din produc\u021bia de cereale generat\u0103 \u00een jude\u021b va fi dat\u0103 c\u0103tre aceste ferme locale&#8221;, <strong>a declarat, pentru AGERPRES, directorul DAJ Buz\u0103u, Cosmin Florea<\/strong>.<\/p>\n<p>DAJ Buz\u0103u deruleaz\u0103 opt investi\u021bii \u00een sectorul cre\u0219terii suinelor \u0219i p\u0103s\u0103rilor, jude\u021bul situ\u00e2ndu-se pe primul loc la nivel na\u021bional ca num\u0103r de proiecte \u0219i fonduri atrase \u00een cadrul Programului de sus\u021binere pentru activitatea de reproduc\u021bie la porc \u0219i pas\u0103re. AGERPRES\/(A, AS &#8211; redactor: Florin Zafiu, editor: Irina Poenaru, editor online: Gabriela Badea)<br \/>\n<br \/>\nSursa articolului: <a href=\"http:\/\/agerpres.ro\/social\/2025\/03\/14\/buzau-o-ferma-avicola-de-3-9-milioane-de-euro-a-fost-realizata-in-comuna-tintesti-va-genera-300-000---1430758\" target=\"_blank\"><br \/>\nhttp:\/\/agerpres.ro\/social\/2025\/03\/14\/buzau-o-ferma-avicola-de-3-9-milioane-de-euro-a-fost-realizata-in-comuna-tintesti-va-genera-300-000&#8212;1430758<\/a>\n<\/div>","protected":false},"excerpt":{"rendered":"<p>Direc\u021bia Jude\u021bean\u0103 pentru Agricultur\u0103 (DAJ) Buz\u0103u anun\u021b\u0103 c\u0103 a fost finalizat\u0103 \u00een comuna \u021ainte\u0219ti o ferm\u0103 avicol\u0103, investi\u021bie \u00een valoare de 3,9 milioane de euro \u00een cadrul Programului de sus\u021binere pentru activitatea de reproduc\u021bie, incuba\u021bie \u0219i de cre\u0219tere \u00een sectorul avicol, ce va genera 300.000 de pui pe an.\u00a0 Foto: (c)\u00a0DAJ Buz\u0103u Potrivit reprezentan\u021bilor DAJ&#8230;<\/p>","protected":false},"author":4,"featured_media":2023,"comment_status":"open","ping_status":"open","sticky":false,"template":"","format":"standard","meta":{"footnotes":""},"categories":[1],"tags":[],"class_list":["post-2022","post","type-post","status-publish","format-standard","has-post-thumbnail","hentry","category-uncategorized"],"yoast_head":"<!-- This site is optimized with the Yoast SEO plugin v26.1.1 - https:\/\/yoast.com\/wordpress\/plugins\/seo\/ -->\n<title>Buz\u0103u: O ferm\u0103 avicol\u0103 de 3,9 milioane de euro a fost realizat\u0103 \u00een comuna \u021ainte\u0219ti; va genera 300.000 de pui pe an(GALERIE FOTO) - Carpathia Center Romania<\/title>\n<meta name=\"robots\" content=\"index, follow, max-snippet:-1, max-image-preview:large, max-video-preview:-1\" \/>\n<link rel=\"canonical\" href=\"https:\/\/carpathiacenter.ro\/en\/buzau-o-ferma-avicola-de-39-milioane-de-euro-a-fost-realizata-in-comuna-tintesti-va-genera-300-000-de-pui-pe-angalerie-foto\/\" \/>\n<meta property=\"og:locale\" content=\"en_GB\" \/>\n<meta property=\"og:type\" content=\"article\" \/>\n<meta property=\"og:title\" content=\"Buz\u0103u: O ferm\u0103 avicol\u0103 de 3,9 milioane de euro a fost realizat\u0103 \u00een comuna \u021ainte\u0219ti; va genera 300.000 de pui pe an(GALERIE FOTO) - Carpathia Center Romania\" \/>\n<meta property=\"og:description\" content=\"Direc\u021bia Jude\u021bean\u0103 pentru Agricultur\u0103 (DAJ) Buz\u0103u anun\u021b\u0103 c\u0103 a fost finalizat\u0103 \u00een comuna \u021ainte\u0219ti o ferm\u0103 avicol\u0103, investi\u021bie \u00een valoare de 3,9 milioane de euro \u00een cadrul Programului de sus\u021binere pentru activitatea de reproduc\u021bie, incuba\u021bie \u0219i de cre\u0219tere \u00een sectorul avicol, ce va genera 300.000 de pui pe an.\u00a0 Foto: (c)\u00a0DAJ Buz\u0103u Potrivit reprezentan\u021bilor DAJ...\" \/>\n<meta property=\"og:url\" content=\"https:\/\/carpathiacenter.ro\/en\/buzau-o-ferma-avicola-de-39-milioane-de-euro-a-fost-realizata-in-comuna-tintesti-va-genera-300-000-de-pui-pe-angalerie-foto\/\" \/>\n<meta property=\"og:site_name\" content=\"Carpathia Center Romania\" \/>\n<meta property=\"article:publisher\" content=\"https:\/\/www.facebook.com\/fdpscarpathia\/\" \/>\n<meta property=\"article:published_time\" content=\"2025-03-14T10:13:33+00:00\" \/>\n<meta name=\"author\" content=\"creativebitsolutions\" \/>\n<meta name=\"twitter:card\" content=\"summary_large_image\" \/>\n<meta name=\"twitter:label1\" content=\"Written by\" \/>\n\t<meta name=\"twitter:data1\" content=\"creativebitsolutions\" \/>\n\t<meta name=\"twitter:label2\" content=\"Estimated reading time\" \/>\n\t<meta name=\"twitter:data2\" content=\"2 minutes\" \/>\n<script type=\"application\/ld+json\" class=\"yoast-schema-graph\">{\"@context\":\"https:\/\/schema.org\",\"@graph\":[{\"@type\":\"Article\",\"@id\":\"https:\/\/carpathiacenter.ro\/buzau-o-ferma-avicola-de-39-milioane-de-euro-a-fost-realizata-in-comuna-tintesti-va-genera-300-000-de-pui-pe-angalerie-foto\/#article\",\"isPartOf\":{\"@id\":\"https:\/\/carpathiacenter.ro\/buzau-o-ferma-avicola-de-39-milioane-de-euro-a-fost-realizata-in-comuna-tintesti-va-genera-300-000-de-pui-pe-angalerie-foto\/\"},\"author\":{\"name\":\"creativebitsolutions\",\"@id\":\"https:\/\/carpathiacenter.ro\/#\/schema\/person\/03d9f58202fee8379268f34afa195006\"},\"headline\":\"Buz\u0103u: O ferm\u0103 avicol\u0103 de 3,9 milioane de euro a fost realizat\u0103 \u00een comuna \u021ainte\u0219ti; va genera 300.000 de pui pe an(GALERIE FOTO)\",\"datePublished\":\"2025-03-14T10:13:33+00:00\",\"mainEntityOfPage\":{\"@id\":\"https:\/\/carpathiacenter.ro\/buzau-o-ferma-avicola-de-39-milioane-de-euro-a-fost-realizata-in-comuna-tintesti-va-genera-300-000-de-pui-pe-angalerie-foto\/\"},\"wordCount\":484,\"commentCount\":0,\"publisher\":{\"@id\":\"https:\/\/carpathiacenter.ro\/#organization\"},\"image\":{\"@id\":\"https:\/\/carpathiacenter.ro\/buzau-o-ferma-avicola-de-39-milioane-de-euro-a-fost-realizata-in-comuna-tintesti-va-genera-300-000-de-pui-pe-angalerie-foto\/#primaryimage\"},\"thumbnailUrl\":\"https:\/\/carpathiacenter.ro\/wp-content\/uploads\/2025\/03\/white-chicken-farm.avif\",\"articleSection\":[\"Uncategorized\"],\"inLanguage\":\"en-GB\",\"potentialAction\":[{\"@type\":\"CommentAction\",\"name\":\"Comment\",\"target\":[\"https:\/\/carpathiacenter.ro\/buzau-o-ferma-avicola-de-39-milioane-de-euro-a-fost-realizata-in-comuna-tintesti-va-genera-300-000-de-pui-pe-angalerie-foto\/#respond\"]}]},{\"@type\":\"WebPage\",\"@id\":\"https:\/\/carpathiacenter.ro\/buzau-o-ferma-avicola-de-39-milioane-de-euro-a-fost-realizata-in-comuna-tintesti-va-genera-300-000-de-pui-pe-angalerie-foto\/\",\"url\":\"https:\/\/carpathiacenter.ro\/buzau-o-ferma-avicola-de-39-milioane-de-euro-a-fost-realizata-in-comuna-tintesti-va-genera-300-000-de-pui-pe-angalerie-foto\/\",\"name\":\"Buz\u0103u: O ferm\u0103 avicol\u0103 de 3,9 milioane de euro a fost realizat\u0103 \u00een comuna \u021ainte\u0219ti; va genera 300.000 de pui pe an(GALERIE FOTO) - Carpathia Center Romania\",\"isPartOf\":{\"@id\":\"https:\/\/carpathiacenter.ro\/#website\"},\"primaryImageOfPage\":{\"@id\":\"https:\/\/carpathiacenter.ro\/buzau-o-ferma-avicola-de-39-milioane-de-euro-a-fost-realizata-in-comuna-tintesti-va-genera-300-000-de-pui-pe-angalerie-foto\/#primaryimage\"},\"image\":{\"@id\":\"https:\/\/carpathiacenter.ro\/buzau-o-ferma-avicola-de-39-milioane-de-euro-a-fost-realizata-in-comuna-tintesti-va-genera-300-000-de-pui-pe-angalerie-foto\/#primaryimage\"},\"thumbnailUrl\":\"https:\/\/carpathiacenter.ro\/wp-content\/uploads\/2025\/03\/white-chicken-farm.avif\",\"datePublished\":\"2025-03-14T10:13:33+00:00\",\"breadcrumb\":{\"@id\":\"https:\/\/carpathiacenter.ro\/buzau-o-ferma-avicola-de-39-milioane-de-euro-a-fost-realizata-in-comuna-tintesti-va-genera-300-000-de-pui-pe-angalerie-foto\/#breadcrumb\"},\"inLanguage\":\"en-GB\",\"potentialAction\":[{\"@type\":\"ReadAction\",\"target\":[\"https:\/\/carpathiacenter.ro\/buzau-o-ferma-avicola-de-39-milioane-de-euro-a-fost-realizata-in-comuna-tintesti-va-genera-300-000-de-pui-pe-angalerie-foto\/\"]}]},{\"@type\":\"ImageObject\",\"inLanguage\":\"en-GB\",\"@id\":\"https:\/\/carpathiacenter.ro\/buzau-o-ferma-avicola-de-39-milioane-de-euro-a-fost-realizata-in-comuna-tintesti-va-genera-300-000-de-pui-pe-angalerie-foto\/#primaryimage\",\"url\":\"https:\/\/carpathiacenter.ro\/wp-content\/uploads\/2025\/03\/white-chicken-farm.avif\",\"contentUrl\":\"https:\/\/carpathiacenter.ro\/wp-content\/uploads\/2025\/03\/white-chicken-farm.avif\",\"width\":1380,\"height\":920},{\"@type\":\"BreadcrumbList\",\"@id\":\"https:\/\/carpathiacenter.ro\/buzau-o-ferma-avicola-de-39-milioane-de-euro-a-fost-realizata-in-comuna-tintesti-va-genera-300-000-de-pui-pe-angalerie-foto\/#breadcrumb\",\"itemListElement\":[{\"@type\":\"ListItem\",\"position\":1,\"name\":\"Prima pagin\u0103\",\"item\":\"https:\/\/carpathiacenter.ro\/\"},{\"@type\":\"ListItem\",\"position\":2,\"name\":\"Buz\u0103u: O ferm\u0103 avicol\u0103 de 3,9 milioane de euro a fost realizat\u0103 \u00een comuna \u021ainte\u0219ti; va genera 300.000 de pui pe an(GALERIE FOTO)\"}]},{\"@type\":\"WebSite\",\"@id\":\"https:\/\/carpathiacenter.ro\/#website\",\"url\":\"https:\/\/carpathiacenter.ro\/\",\"name\":\"Carpathia Center Romania\",\"description\":\"Impossible made possible!\",\"publisher\":{\"@id\":\"https:\/\/carpathiacenter.ro\/#organization\"},\"potentialAction\":[{\"@type\":\"SearchAction\",\"target\":{\"@type\":\"EntryPoint\",\"urlTemplate\":\"https:\/\/carpathiacenter.ro\/?s={search_term_string}\"},\"query-input\":{\"@type\":\"PropertyValueSpecification\",\"valueRequired\":true,\"valueName\":\"search_term_string\"}}],\"inLanguage\":\"en-GB\"},{\"@type\":\"Organization\",\"@id\":\"https:\/\/carpathiacenter.ro\/#organization\",\"name\":\"Carpathia Center Romania\",\"url\":\"https:\/\/carpathiacenter.ro\/\",\"logo\":{\"@type\":\"ImageObject\",\"inLanguage\":\"en-GB\",\"@id\":\"https:\/\/carpathiacenter.ro\/#\/schema\/logo\/image\/\",\"url\":\"https:\/\/carpathiacenter.ro\/wp-content\/uploads\/2024\/07\/logo-carpathia_bg_white-1024x941.png\",\"contentUrl\":\"https:\/\/carpathiacenter.ro\/wp-content\/uploads\/2024\/07\/logo-carpathia_bg_white-1024x941.png\",\"width\":1024,\"height\":941,\"caption\":\"Carpathia Center Romania\"},\"image\":{\"@id\":\"https:\/\/carpathiacenter.ro\/#\/schema\/logo\/image\/\"},\"sameAs\":[\"https:\/\/www.facebook.com\/fdpscarpathia\/\"]},{\"@type\":\"Person\",\"@id\":\"https:\/\/carpathiacenter.ro\/#\/schema\/person\/03d9f58202fee8379268f34afa195006\",\"name\":\"creativebitsolutions\",\"image\":{\"@type\":\"ImageObject\",\"inLanguage\":\"en-GB\",\"@id\":\"https:\/\/carpathiacenter.ro\/#\/schema\/person\/image\/\",\"url\":\"https:\/\/secure.gravatar.com\/avatar\/1b1a13e37f847c635dab78348f1dff2f07651ee2a3d77a5c355a4b8c75f9165a?s=96&d=mm&r=g\",\"contentUrl\":\"https:\/\/secure.gravatar.com\/avatar\/1b1a13e37f847c635dab78348f1dff2f07651ee2a3d77a5c355a4b8c75f9165a?s=96&d=mm&r=g\",\"caption\":\"creativebitsolutions\"},\"url\":\"https:\/\/carpathiacenter.ro\/en\/author\/creativebitsolutions\/\"}]}<\/script>\n<!-- \/ Yoast SEO plugin. -->","yoast_head_json":{"title":"Buz\u0103u: O ferm\u0103 avicol\u0103 de 3,9 milioane de euro a fost realizat\u0103 \u00een comuna \u021ainte\u0219ti; va genera 300.000 de pui pe an(GALERIE FOTO) - Carpathia Center Romania","robots":{"index":"index","follow":"follow","max-snippet":"max-snippet:-1","max-image-preview":"max-image-preview:large","max-video-preview":"max-video-preview:-1"},"canonical":"https:\/\/carpathiacenter.ro\/en\/buzau-o-ferma-avicola-de-39-milioane-de-euro-a-fost-realizata-in-comuna-tintesti-va-genera-300-000-de-pui-pe-angalerie-foto\/","og_locale":"en_GB","og_type":"article","og_title":"Buz\u0103u: O ferm\u0103 avicol\u0103 de 3,9 milioane de euro a fost realizat\u0103 \u00een comuna \u021ainte\u0219ti; va genera 300.000 de pui pe an(GALERIE FOTO) - Carpathia Center Romania","og_description":"Direc\u021bia Jude\u021bean\u0103 pentru Agricultur\u0103 (DAJ) Buz\u0103u anun\u021b\u0103 c\u0103 a fost finalizat\u0103 \u00een comuna \u021ainte\u0219ti o ferm\u0103 avicol\u0103, investi\u021bie \u00een valoare de 3,9 milioane de euro \u00een cadrul Programului de sus\u021binere pentru activitatea de reproduc\u021bie, incuba\u021bie \u0219i de cre\u0219tere \u00een sectorul avicol, ce va genera 300.000 de pui pe an.\u00a0 Foto: (c)\u00a0DAJ Buz\u0103u Potrivit reprezentan\u021bilor DAJ...","og_url":"https:\/\/carpathiacenter.ro\/en\/buzau-o-ferma-avicola-de-39-milioane-de-euro-a-fost-realizata-in-comuna-tintesti-va-genera-300-000-de-pui-pe-angalerie-foto\/","og_site_name":"Carpathia Center Romania","article_publisher":"https:\/\/www.facebook.com\/fdpscarpathia\/","article_published_time":"2025-03-14T10:13:33+00:00","author":"creativebitsolutions","twitter_card":"summary_large_image","twitter_misc":{"Written by":"creativebitsolutions","Estimated reading time":"2 minutes"},"schema":{"@context":"https:\/\/schema.org","@graph":[{"@type":"Article","@id":"https:\/\/carpathiacenter.ro\/buzau-o-ferma-avicola-de-39-milioane-de-euro-a-fost-realizata-in-comuna-tintesti-va-genera-300-000-de-pui-pe-angalerie-foto\/#article","isPartOf":{"@id":"https:\/\/carpathiacenter.ro\/buzau-o-ferma-avicola-de-39-milioane-de-euro-a-fost-realizata-in-comuna-tintesti-va-genera-300-000-de-pui-pe-angalerie-foto\/"},"author":{"name":"creativebitsolutions","@id":"https:\/\/carpathiacenter.ro\/#\/schema\/person\/03d9f58202fee8379268f34afa195006"},"headline":"Buz\u0103u: O ferm\u0103 avicol\u0103 de 3,9 milioane de euro a fost realizat\u0103 \u00een comuna \u021ainte\u0219ti; va genera 300.000 de pui pe an(GALERIE FOTO)","datePublished":"2025-03-14T10:13:33+00:00","mainEntityOfPage":{"@id":"https:\/\/carpathiacenter.ro\/buzau-o-ferma-avicola-de-39-milioane-de-euro-a-fost-realizata-in-comuna-tintesti-va-genera-300-000-de-pui-pe-angalerie-foto\/"},"wordCount":484,"commentCount":0,"publisher":{"@id":"https:\/\/carpathiacenter.ro\/#organization"},"image":{"@id":"https:\/\/carpathiacenter.ro\/buzau-o-ferma-avicola-de-39-milioane-de-euro-a-fost-realizata-in-comuna-tintesti-va-genera-300-000-de-pui-pe-angalerie-foto\/#primaryimage"},"thumbnailUrl":"https:\/\/carpathiacenter.ro\/wp-content\/uploads\/2025\/03\/white-chicken-farm.avif","articleSection":["Uncategorized"],"inLanguage":"en-GB","potentialAction":[{"@type":"CommentAction","name":"Comment","target":["https:\/\/carpathiacenter.ro\/buzau-o-ferma-avicola-de-39-milioane-de-euro-a-fost-realizata-in-comuna-tintesti-va-genera-300-000-de-pui-pe-angalerie-foto\/#respond"]}]},{"@type":"WebPage","@id":"https:\/\/carpathiacenter.ro\/buzau-o-ferma-avicola-de-39-milioane-de-euro-a-fost-realizata-in-comuna-tintesti-va-genera-300-000-de-pui-pe-angalerie-foto\/","url":"https:\/\/carpathiacenter.ro\/buzau-o-ferma-avicola-de-39-milioane-de-euro-a-fost-realizata-in-comuna-tintesti-va-genera-300-000-de-pui-pe-angalerie-foto\/","name":"Buz\u0103u: O ferm\u0103 avicol\u0103 de 3,9 milioane de euro a fost realizat\u0103 \u00een comuna \u021ainte\u0219ti; va genera 300.000 de pui pe an(GALERIE FOTO) - Carpathia Center Romania","isPartOf":{"@id":"https:\/\/carpathiacenter.ro\/#website"},"primaryImageOfPage":{"@id":"https:\/\/carpathiacenter.ro\/buzau-o-ferma-avicola-de-39-milioane-de-euro-a-fost-realizata-in-comuna-tintesti-va-genera-300-000-de-pui-pe-angalerie-foto\/#primaryimage"},"image":{"@id":"https:\/\/carpathiacenter.ro\/buzau-o-ferma-avicola-de-39-milioane-de-euro-a-fost-realizata-in-comuna-tintesti-va-genera-300-000-de-pui-pe-angalerie-foto\/#primaryimage"},"thumbnailUrl":"https:\/\/carpathiacenter.ro\/wp-content\/uploads\/2025\/03\/white-chicken-farm.avif","datePublished":"2025-03-14T10:13:33+00:00","breadcrumb":{"@id":"https:\/\/carpathiacenter.ro\/buzau-o-ferma-avicola-de-39-milioane-de-euro-a-fost-realizata-in-comuna-tintesti-va-genera-300-000-de-pui-pe-angalerie-foto\/#breadcrumb"},"inLanguage":"en-GB","potentialAction":[{"@type":"ReadAction","target":["https:\/\/carpathiacenter.ro\/buzau-o-ferma-avicola-de-39-milioane-de-euro-a-fost-realizata-in-comuna-tintesti-va-genera-300-000-de-pui-pe-angalerie-foto\/"]}]},{"@type":"ImageObject","inLanguage":"en-GB","@id":"https:\/\/carpathiacenter.ro\/buzau-o-ferma-avicola-de-39-milioane-de-euro-a-fost-realizata-in-comuna-tintesti-va-genera-300-000-de-pui-pe-angalerie-foto\/#primaryimage","url":"https:\/\/carpathiacenter.ro\/wp-content\/uploads\/2025\/03\/white-chicken-farm.avif","contentUrl":"https:\/\/carpathiacenter.ro\/wp-content\/uploads\/2025\/03\/white-chicken-farm.avif","width":1380,"height":920},{"@type":"BreadcrumbList","@id":"https:\/\/carpathiacenter.ro\/buzau-o-ferma-avicola-de-39-milioane-de-euro-a-fost-realizata-in-comuna-tintesti-va-genera-300-000-de-pui-pe-angalerie-foto\/#breadcrumb","itemListElement":[{"@type":"ListItem","position":1,"name":"Prima pagin\u0103","item":"https:\/\/carpathiacenter.ro\/"},{"@type":"ListItem","position":2,"name":"Buz\u0103u: O ferm\u0103 avicol\u0103 de 3,9 milioane de euro a fost realizat\u0103 \u00een comuna \u021ainte\u0219ti; va genera 300.000 de pui pe an(GALERIE FOTO)"}]},{"@type":"WebSite","@id":"https:\/\/carpathiacenter.ro\/#website","url":"https:\/\/carpathiacenter.ro\/","name":"Carpathia Center Romania","description":"Impossible made possible!","publisher":{"@id":"https:\/\/carpathiacenter.ro\/#organization"},"potentialAction":[{"@type":"SearchAction","target":{"@type":"EntryPoint","urlTemplate":"https:\/\/carpathiacenter.ro\/?s={search_term_string}"},"query-input":{"@type":"PropertyValueSpecification","valueRequired":true,"valueName":"search_term_string"}}],"inLanguage":"en-GB"},{"@type":"Organization","@id":"https:\/\/carpathiacenter.ro\/#organization","name":"Carpathia Center Romania","url":"https:\/\/carpathiacenter.ro\/","logo":{"@type":"ImageObject","inLanguage":"en-GB","@id":"https:\/\/carpathiacenter.ro\/#\/schema\/logo\/image\/","url":"https:\/\/carpathiacenter.ro\/wp-content\/uploads\/2024\/07\/logo-carpathia_bg_white-1024x941.png","contentUrl":"https:\/\/carpathiacenter.ro\/wp-content\/uploads\/2024\/07\/logo-carpathia_bg_white-1024x941.png","width":1024,"height":941,"caption":"Carpathia Center Romania"},"image":{"@id":"https:\/\/carpathiacenter.ro\/#\/schema\/logo\/image\/"},"sameAs":["https:\/\/www.facebook.com\/fdpscarpathia\/"]},{"@type":"Person","@id":"https:\/\/carpathiacenter.ro\/#\/schema\/person\/03d9f58202fee8379268f34afa195006","name":"creativebitsolutions","image":{"@type":"ImageObject","inLanguage":"en-GB","@id":"https:\/\/carpathiacenter.ro\/#\/schema\/person\/image\/","url":"https:\/\/secure.gravatar.com\/avatar\/1b1a13e37f847c635dab78348f1dff2f07651ee2a3d77a5c355a4b8c75f9165a?s=96&d=mm&r=g","contentUrl":"https:\/\/secure.gravatar.com\/avatar\/1b1a13e37f847c635dab78348f1dff2f07651ee2a3d77a5c355a4b8c75f9165a?s=96&d=mm&r=g","caption":"creativebitsolutions"},"url":"https:\/\/carpathiacenter.ro\/en\/author\/creativebitsolutions\/"}]}},"_links":{"self":[{"href":"https:\/\/carpathiacenter.ro\/en\/wp-json\/wp\/v2\/posts\/2022","targetHints":{"allow":["GET"]}}],"collection":[{"href":"https:\/\/carpathiacenter.ro\/en\/wp-json\/wp\/v2\/posts"}],"about":[{"href":"https:\/\/carpathiacenter.ro\/en\/wp-json\/wp\/v2\/types\/post"}],"author":[{"embeddable":true,"href":"https:\/\/carpathiacenter.ro\/en\/wp-json\/wp\/v2\/users\/4"}],"replies":[{"embeddable":true,"href":"https:\/\/carpathiacenter.ro\/en\/wp-json\/wp\/v2\/comments?post=2022"}],"version-history":[{"count":1,"href":"https:\/\/carpathiacenter.ro\/en\/wp-json\/wp\/v2\/posts\/2022\/revisions"}],"predecessor-version":[{"id":2024,"href":"https:\/\/carpathiacenter.ro\/en\/wp-json\/wp\/v2\/posts\/2022\/revisions\/2024"}],"wp:featuredmedia":[{"embeddable":true,"href":"https:\/\/carpathiacenter.ro\/en\/wp-json\/wp\/v2\/media\/2023"}],"wp:attachment":[{"href":"https:\/\/carpathiacenter.ro\/en\/wp-json\/wp\/v2\/media?parent=2022"}],"wp:term":[{"taxonomy":"category","embeddable":true,"href":"https:\/\/carpathiacenter.ro\/en\/wp-json\/wp\/v2\/categories?post=2022"},{"taxonomy":"post_tag","embeddable":true,"href":"https:\/\/carpathiacenter.ro\/en\/wp-json\/wp\/v2\/tags?post=2022"}],"curies":[{"name":"wp","href":"https:\/\/api.w.org\/{rel}","templated":true}]}}