{"id":2015,"date":"2025-03-13T10:02:14","date_gmt":"2025-03-13T10:02:14","guid":{"rendered":"https:\/\/carpathiacenter.ro\/?p=2015"},"modified":"2025-03-14T10:02:25","modified_gmt":"2025-03-14T10:02:25","slug":"ministrul-mediului-romania-exporta-mai-mult-lemn-decat-importa-cu-precadere-lemn-procesat","status":"publish","type":"post","link":"https:\/\/carpathiacenter.ro\/en\/ministrul-mediului-romania-exporta-mai-mult-lemn-decat-importa-cu-precadere-lemn-procesat\/","title":{"rendered":"Ministrul Mediului: Rom\u00e2nia export\u0103 mai mult lemn dec\u00e2t import\u0103, cu prec\u0103dere lemn procesat"},"content":{"rendered":"<p><strong>Rom\u00e2nia export\u0103 mai mult lemn dec\u00e2t import\u0103, cu prec\u0103dere lemn procesat, ceea ce dovede\u0219te c\u0103 \u00eei d\u0103m valoare ad\u0103ugat\u0103 produsului, iar statul rom\u00e2n c\u00e2\u0219tig\u0103 bani \u00eentr-o industrie orizontal\u0103, a declarat, joi, ministrul Mediului, Apelor \u0219i P\u0103durilor, Mircea Fechet, la evenimentul &#8216;Balan\u021ba Lemnului \u00een Rom\u00e2nia&#8217;.<\/strong><\/p>\n<p>&#8216;Balan\u021ba (Lemnului din Rom\u00e2nia &#8211; n. r.) ne \u00eenva\u021b\u0103 c\u00e2teva lucruri. Peste jum\u0103tate din lemnul exploatat \u00een Rom\u00e2nia ajunge pe foc. E un lucru care ne \u00eenva\u021b\u0103 c\u0103 trebuie s\u0103 acceler\u0103m investi\u021biile \u00een re\u021beaua na\u021bional\u0103 de gaze naturale. La fel de bine ne \u00eenva\u021b\u0103 c\u0103 trebuie s\u0103 acceler\u0103m investi\u021biile \u00een sobe eficiente din punct de vedere energetic. Am demarat, de altfel, anul acesta &#8216;Rabla pentru sobe&#8217; \u0219i m\u0103rim randamentul sobelor rom\u00e2nilor de la 25% la 75%. Asta \u00eenseamn\u0103 c\u0103, \u00een loc de trei c\u0103ru\u021be de lemn, vei folosi o singur\u0103 c\u0103ru\u021b\u0103. (&#8230;) Tot balan\u021ba va demonta un mit, mai bine zis mitul exportului de lemn. Export\u0103m mai mult dec\u00e2t import\u0103m. Asta \u00eenseamn\u0103 c\u0103 toate acele transporturi de mas\u0103 lemnoas\u0103, c\u0103 vin pe ro\u021bi sau c\u0103 vin cu transport feroviar, nu \u00eenseamn\u0103 c\u0103 export\u0103m lemnul, pentru c\u0103 diferen\u021ba \u00eentre exporturi \u0219i importuri este una semnificativ\u0103. Un lucru mai important dec\u00e2t aceast\u0103 balan\u021b\u0103 comercial\u0103 este legat de faptul c\u0103 export\u0103m cu prec\u0103dere lemn procesat. Asta dovede\u0219te c\u0103 \u00eei d\u0103m valoare ad\u0103ugat\u0103 lemnului prin procesare. Statul rom\u00e2n c\u00e2\u0219tig\u0103 bani \u00eentr-o industrie orizontal\u0103 \u0219i ne dorim s\u0103 avem o industrie din ce \u00een ce mai competitiv\u0103&#8217;, a spus Fechet.<\/p>\n<p>Ministrul a ad\u0103ugat c\u0103 o cantitate de opt milioane de metri cubi de lemn ajunge \u00een industrie, \u00een fiecare an.<\/p>\n<p>&#8216;\u00cens\u0103, \u00een continuare, industria folose\u0219te mult lemn de import. \u0218i aici, \u00een primul r\u00e2nd cu Romsilva, ne vom asigura c\u0103 vom modifica regulamentul de punere \u00een v\u00e2nzare a masei lemnoase, \u00een sensul \u00een care lemnul rom\u00e2nesc s\u0103 fie mai accesibil, s\u0103 fie cu un pre\u021b predictibil, s\u0103 poat\u0103 exista contracte de furnizare pe termen lung \u0219i s\u0103 putem asigura cantit\u0103\u021bi suficiente pentru industrie. Tot Balan\u021ba ne mai spune c\u0103, \u00een anul 2024, am exploatat mai pu\u021bin dec\u00e2t am fi putut din punct de vedere legal. Dac\u0103 amenajamentele silvice ne permiteau s\u0103 exploat\u0103m 22 de milioane de metri cubi de lemn, am exploatat aproximativ 18 milioane. Acest lucru se datoreaz\u0103 \u0219i lipsei infrastructurii adecvate. Rom\u00e2nia are printre cele mai pu\u021bine drumuri forestiere din Uniunea European\u0103, respectiv aproximativ \u0219ase metri la fiecare hectar de p\u0103dure, cifr\u0103 foarte mic\u0103, cel pu\u021bin comparat\u0103 cu alte cifre din alte \u021b\u0103ri&#8217;, a punctat Mircea Fechet.<\/p>\n<p>Conform datelor centralizate de Ministerul Mediului, Apelor \u0219i P\u0103durilor (MMSAP), cuprinse \u00een &#8216;Balan\u021ba Lemnului \u00een Rom\u00e2nia&#8217;, pentru anii 2023 \u0219i 2024, o pondere de 91% din lemnul exploatat \u00een \u021bar\u0103 provine din p\u0103duri amenajate din fondul forestier na\u021bional, iar 58% din p\u0103duri publice, \u00een timp ce 32% din p\u0103duri private. \u00cen acela\u0219i timp, 30% din lemnul exploatat a fost expediat ca fiind certificat \u00een sistemul FSC (Forest Stewardship Council &#8211; n. r.).<\/p>\n<p>Totodat\u0103, 90% dintre persoanele fizice care au pus \u00een valoare masa lemnoas\u0103 \u00een 2023 \u0219i 2024 au propriet\u0103\u021bi de p\u0103dure de sub 5 hectare, din care 50% de\u021bin propriet\u0103\u021bi forestiere de sub un hectar.<\/p>\n<p>Potrivit sursei citate, 55% dintre persoanele juridice care au pus \u00een valoare masa lemnoas\u0103, \u00een perioada de referin\u021b\u0103, au propriet\u0103\u021bi de sub 30 de hectare. De asemenea, 55% din volumul extras, \u00een 2024, s-a exploatat pe distan\u021be de scos &#8211; apropiat de peste 500 de metri.<\/p>\n<p>Grupul pentru Dialog Forestier a organizat, joi, conferin\u021ba cu tema &#8216;Balan\u021ba Lemnului \u00een Rom\u00e2nia&#8217;, un proiect implementat \u00een parteneriat cu Ministerul Mediului. AGERPRES\/(A &#8211; redactor: Daniel Badea, editor: Oana Tilic\u0103, editor online: Simona Aru\u015ftei)<br \/>\n<br \/>\nSursa articolului:<a href=\"https:\/\/agerpres.ro\/economic\/2025\/03\/13\/ministrul-mediului-romania-exporta-mai-mult-lemn-decat-importa-cu-precadere-lemn-procesat--1430443\" target=\"_blank\" rel=\"noopener\">https:\/\/agerpres.ro\/economic\/2025\/03\/13\/ministrul-mediului-romania-exporta-mai-mult-lemn-decat-importa-cu-precadere-lemn-procesat&#8211;1430443<\/a><\/p>","protected":false},"excerpt":{"rendered":"<p>Rom\u00e2nia export\u0103 mai mult lemn dec\u00e2t import\u0103, cu prec\u0103dere lemn procesat, ceea ce dovede\u0219te c\u0103 \u00eei d\u0103m valoare ad\u0103ugat\u0103 produsului, iar statul rom\u00e2n c\u00e2\u0219tig\u0103 bani \u00eentr-o industrie orizontal\u0103, a declarat, joi, ministrul Mediului, Apelor \u0219i P\u0103durilor, Mircea Fechet, la evenimentul &#8216;Balan\u021ba Lemnului \u00een Rom\u00e2nia&#8217;. &#8216;Balan\u021ba (Lemnului din Rom\u00e2nia &#8211; n. r.) ne \u00eenva\u021b\u0103 c\u00e2teva lucruri&#8230;.<\/p>","protected":false},"author":4,"featured_media":2018,"comment_status":"open","ping_status":"open","sticky":false,"template":"","format":"standard","meta":{"footnotes":""},"categories":[1],"tags":[],"class_list":["post-2015","post","type-post","status-publish","format-standard","has-post-thumbnail","hentry","category-uncategorized"],"yoast_head":"<!-- This site is optimized with the Yoast SEO plugin v26.1.1 - https:\/\/yoast.com\/wordpress\/plugins\/seo\/ -->\n<title>Ministrul Mediului: Rom\u00e2nia export\u0103 mai mult lemn dec\u00e2t import\u0103, cu prec\u0103dere lemn procesat - Carpathia Center Romania<\/title>\n<meta name=\"robots\" content=\"index, follow, max-snippet:-1, max-image-preview:large, max-video-preview:-1\" \/>\n<link rel=\"canonical\" href=\"https:\/\/carpathiacenter.ro\/en\/ministrul-mediului-romania-exporta-mai-mult-lemn-decat-importa-cu-precadere-lemn-procesat\/\" \/>\n<meta property=\"og:locale\" content=\"en_GB\" \/>\n<meta property=\"og:type\" content=\"article\" \/>\n<meta property=\"og:title\" content=\"Ministrul Mediului: Rom\u00e2nia export\u0103 mai mult lemn dec\u00e2t import\u0103, cu prec\u0103dere lemn procesat - Carpathia Center Romania\" \/>\n<meta property=\"og:description\" content=\"Rom\u00e2nia export\u0103 mai mult lemn dec\u00e2t import\u0103, cu prec\u0103dere lemn procesat, ceea ce dovede\u0219te c\u0103 \u00eei d\u0103m valoare ad\u0103ugat\u0103 produsului, iar statul rom\u00e2n c\u00e2\u0219tig\u0103 bani \u00eentr-o industrie orizontal\u0103, a declarat, joi, ministrul Mediului, Apelor \u0219i P\u0103durilor, Mircea Fechet, la evenimentul &#8216;Balan\u021ba Lemnului \u00een Rom\u00e2nia&#8217;. &#8216;Balan\u021ba (Lemnului din Rom\u00e2nia &#8211; n. r.) ne \u00eenva\u021b\u0103 c\u00e2teva lucruri....\" \/>\n<meta property=\"og:url\" content=\"https:\/\/carpathiacenter.ro\/en\/ministrul-mediului-romania-exporta-mai-mult-lemn-decat-importa-cu-precadere-lemn-procesat\/\" \/>\n<meta property=\"og:site_name\" content=\"Carpathia Center Romania\" \/>\n<meta property=\"article:publisher\" content=\"https:\/\/www.facebook.com\/fdpscarpathia\/\" \/>\n<meta property=\"article:published_time\" content=\"2025-03-13T10:02:14+00:00\" \/>\n<meta property=\"article:modified_time\" content=\"2025-03-14T10:02:25+00:00\" \/>\n<meta property=\"og:image\" content=\"https:\/\/carpathiacenter.ro\/wp-content\/uploads\/2025\/03\/Mircea_Fechet_PNL__CJ_Bacau-jpg.webp\" \/>\n\t<meta property=\"og:image:width\" content=\"1351\" \/>\n\t<meta property=\"og:image:height\" content=\"900\" \/>\n\t<meta property=\"og:image:type\" content=\"image\/webp\" \/>\n<meta name=\"author\" content=\"creativebitsolutions\" \/>\n<meta name=\"twitter:card\" content=\"summary_large_image\" \/>\n<meta name=\"twitter:label1\" content=\"Written by\" \/>\n\t<meta name=\"twitter:data1\" content=\"creativebitsolutions\" \/>\n\t<meta name=\"twitter:label2\" content=\"Estimated reading time\" \/>\n\t<meta name=\"twitter:data2\" content=\"3 minutes\" \/>\n<script type=\"application\/ld+json\" class=\"yoast-schema-graph\">{\"@context\":\"https:\/\/schema.org\",\"@graph\":[{\"@type\":\"Article\",\"@id\":\"https:\/\/carpathiacenter.ro\/ministrul-mediului-romania-exporta-mai-mult-lemn-decat-importa-cu-precadere-lemn-procesat\/#article\",\"isPartOf\":{\"@id\":\"https:\/\/carpathiacenter.ro\/ministrul-mediului-romania-exporta-mai-mult-lemn-decat-importa-cu-precadere-lemn-procesat\/\"},\"author\":{\"name\":\"creativebitsolutions\",\"@id\":\"https:\/\/carpathiacenter.ro\/#\/schema\/person\/03d9f58202fee8379268f34afa195006\"},\"headline\":\"Ministrul Mediului: Rom\u00e2nia export\u0103 mai mult lemn dec\u00e2t import\u0103, cu prec\u0103dere lemn procesat\",\"datePublished\":\"2025-03-13T10:02:14+00:00\",\"dateModified\":\"2025-03-14T10:02:25+00:00\",\"mainEntityOfPage\":{\"@id\":\"https:\/\/carpathiacenter.ro\/ministrul-mediului-romania-exporta-mai-mult-lemn-decat-importa-cu-precadere-lemn-procesat\/\"},\"wordCount\":670,\"commentCount\":0,\"publisher\":{\"@id\":\"https:\/\/carpathiacenter.ro\/#organization\"},\"image\":{\"@id\":\"https:\/\/carpathiacenter.ro\/ministrul-mediului-romania-exporta-mai-mult-lemn-decat-importa-cu-precadere-lemn-procesat\/#primaryimage\"},\"thumbnailUrl\":\"https:\/\/carpathiacenter.ro\/wp-content\/uploads\/2025\/03\/Mircea_Fechet_PNL__CJ_Bacau-jpg.webp\",\"articleSection\":[\"Uncategorized\"],\"inLanguage\":\"en-GB\",\"potentialAction\":[{\"@type\":\"CommentAction\",\"name\":\"Comment\",\"target\":[\"https:\/\/carpathiacenter.ro\/ministrul-mediului-romania-exporta-mai-mult-lemn-decat-importa-cu-precadere-lemn-procesat\/#respond\"]}]},{\"@type\":\"WebPage\",\"@id\":\"https:\/\/carpathiacenter.ro\/ministrul-mediului-romania-exporta-mai-mult-lemn-decat-importa-cu-precadere-lemn-procesat\/\",\"url\":\"https:\/\/carpathiacenter.ro\/ministrul-mediului-romania-exporta-mai-mult-lemn-decat-importa-cu-precadere-lemn-procesat\/\",\"name\":\"Ministrul Mediului: Rom\u00e2nia export\u0103 mai mult lemn dec\u00e2t import\u0103, cu prec\u0103dere lemn procesat - Carpathia Center Romania\",\"isPartOf\":{\"@id\":\"https:\/\/carpathiacenter.ro\/#website\"},\"primaryImageOfPage\":{\"@id\":\"https:\/\/carpathiacenter.ro\/ministrul-mediului-romania-exporta-mai-mult-lemn-decat-importa-cu-precadere-lemn-procesat\/#primaryimage\"},\"image\":{\"@id\":\"https:\/\/carpathiacenter.ro\/ministrul-mediului-romania-exporta-mai-mult-lemn-decat-importa-cu-precadere-lemn-procesat\/#primaryimage\"},\"thumbnailUrl\":\"https:\/\/carpathiacenter.ro\/wp-content\/uploads\/2025\/03\/Mircea_Fechet_PNL__CJ_Bacau-jpg.webp\",\"datePublished\":\"2025-03-13T10:02:14+00:00\",\"dateModified\":\"2025-03-14T10:02:25+00:00\",\"breadcrumb\":{\"@id\":\"https:\/\/carpathiacenter.ro\/ministrul-mediului-romania-exporta-mai-mult-lemn-decat-importa-cu-precadere-lemn-procesat\/#breadcrumb\"},\"inLanguage\":\"en-GB\",\"potentialAction\":[{\"@type\":\"ReadAction\",\"target\":[\"https:\/\/carpathiacenter.ro\/ministrul-mediului-romania-exporta-mai-mult-lemn-decat-importa-cu-precadere-lemn-procesat\/\"]}]},{\"@type\":\"ImageObject\",\"inLanguage\":\"en-GB\",\"@id\":\"https:\/\/carpathiacenter.ro\/ministrul-mediului-romania-exporta-mai-mult-lemn-decat-importa-cu-precadere-lemn-procesat\/#primaryimage\",\"url\":\"https:\/\/carpathiacenter.ro\/wp-content\/uploads\/2025\/03\/Mircea_Fechet_PNL__CJ_Bacau-jpg.webp\",\"contentUrl\":\"https:\/\/carpathiacenter.ro\/wp-content\/uploads\/2025\/03\/Mircea_Fechet_PNL__CJ_Bacau-jpg.webp\",\"width\":1351,\"height\":900},{\"@type\":\"BreadcrumbList\",\"@id\":\"https:\/\/carpathiacenter.ro\/ministrul-mediului-romania-exporta-mai-mult-lemn-decat-importa-cu-precadere-lemn-procesat\/#breadcrumb\",\"itemListElement\":[{\"@type\":\"ListItem\",\"position\":1,\"name\":\"Prima pagin\u0103\",\"item\":\"https:\/\/carpathiacenter.ro\/\"},{\"@type\":\"ListItem\",\"position\":2,\"name\":\"Ministrul Mediului: Rom\u00e2nia export\u0103 mai mult lemn dec\u00e2t import\u0103, cu prec\u0103dere lemn procesat\"}]},{\"@type\":\"WebSite\",\"@id\":\"https:\/\/carpathiacenter.ro\/#website\",\"url\":\"https:\/\/carpathiacenter.ro\/\",\"name\":\"Carpathia Center Romania\",\"description\":\"Impossible made possible!\",\"publisher\":{\"@id\":\"https:\/\/carpathiacenter.ro\/#organization\"},\"potentialAction\":[{\"@type\":\"SearchAction\",\"target\":{\"@type\":\"EntryPoint\",\"urlTemplate\":\"https:\/\/carpathiacenter.ro\/?s={search_term_string}\"},\"query-input\":{\"@type\":\"PropertyValueSpecification\",\"valueRequired\":true,\"valueName\":\"search_term_string\"}}],\"inLanguage\":\"en-GB\"},{\"@type\":\"Organization\",\"@id\":\"https:\/\/carpathiacenter.ro\/#organization\",\"name\":\"Carpathia Center Romania\",\"url\":\"https:\/\/carpathiacenter.ro\/\",\"logo\":{\"@type\":\"ImageObject\",\"inLanguage\":\"en-GB\",\"@id\":\"https:\/\/carpathiacenter.ro\/#\/schema\/logo\/image\/\",\"url\":\"https:\/\/carpathiacenter.ro\/wp-content\/uploads\/2024\/07\/logo-carpathia_bg_white-1024x941.png\",\"contentUrl\":\"https:\/\/carpathiacenter.ro\/wp-content\/uploads\/2024\/07\/logo-carpathia_bg_white-1024x941.png\",\"width\":1024,\"height\":941,\"caption\":\"Carpathia Center Romania\"},\"image\":{\"@id\":\"https:\/\/carpathiacenter.ro\/#\/schema\/logo\/image\/\"},\"sameAs\":[\"https:\/\/www.facebook.com\/fdpscarpathia\/\"]},{\"@type\":\"Person\",\"@id\":\"https:\/\/carpathiacenter.ro\/#\/schema\/person\/03d9f58202fee8379268f34afa195006\",\"name\":\"creativebitsolutions\",\"image\":{\"@type\":\"ImageObject\",\"inLanguage\":\"en-GB\",\"@id\":\"https:\/\/carpathiacenter.ro\/#\/schema\/person\/image\/\",\"url\":\"https:\/\/secure.gravatar.com\/avatar\/1b1a13e37f847c635dab78348f1dff2f07651ee2a3d77a5c355a4b8c75f9165a?s=96&d=mm&r=g\",\"contentUrl\":\"https:\/\/secure.gravatar.com\/avatar\/1b1a13e37f847c635dab78348f1dff2f07651ee2a3d77a5c355a4b8c75f9165a?s=96&d=mm&r=g\",\"caption\":\"creativebitsolutions\"},\"url\":\"https:\/\/carpathiacenter.ro\/en\/author\/creativebitsolutions\/\"}]}<\/script>\n<!-- \/ Yoast SEO plugin. -->","yoast_head_json":{"title":"Ministrul Mediului: Rom\u00e2nia export\u0103 mai mult lemn dec\u00e2t import\u0103, cu prec\u0103dere lemn procesat - Carpathia Center Romania","robots":{"index":"index","follow":"follow","max-snippet":"max-snippet:-1","max-image-preview":"max-image-preview:large","max-video-preview":"max-video-preview:-1"},"canonical":"https:\/\/carpathiacenter.ro\/en\/ministrul-mediului-romania-exporta-mai-mult-lemn-decat-importa-cu-precadere-lemn-procesat\/","og_locale":"en_GB","og_type":"article","og_title":"Ministrul Mediului: Rom\u00e2nia export\u0103 mai mult lemn dec\u00e2t import\u0103, cu prec\u0103dere lemn procesat - Carpathia Center Romania","og_description":"Rom\u00e2nia export\u0103 mai mult lemn dec\u00e2t import\u0103, cu prec\u0103dere lemn procesat, ceea ce dovede\u0219te c\u0103 \u00eei d\u0103m valoare ad\u0103ugat\u0103 produsului, iar statul rom\u00e2n c\u00e2\u0219tig\u0103 bani \u00eentr-o industrie orizontal\u0103, a declarat, joi, ministrul Mediului, Apelor \u0219i P\u0103durilor, Mircea Fechet, la evenimentul &#8216;Balan\u021ba Lemnului \u00een Rom\u00e2nia&#8217;. &#8216;Balan\u021ba (Lemnului din Rom\u00e2nia &#8211; n. r.) ne \u00eenva\u021b\u0103 c\u00e2teva lucruri....","og_url":"https:\/\/carpathiacenter.ro\/en\/ministrul-mediului-romania-exporta-mai-mult-lemn-decat-importa-cu-precadere-lemn-procesat\/","og_site_name":"Carpathia Center Romania","article_publisher":"https:\/\/www.facebook.com\/fdpscarpathia\/","article_published_time":"2025-03-13T10:02:14+00:00","article_modified_time":"2025-03-14T10:02:25+00:00","og_image":[{"width":1351,"height":900,"url":"https:\/\/carpathiacenter.ro\/wp-content\/uploads\/2025\/03\/Mircea_Fechet_PNL__CJ_Bacau-jpg.webp","type":"image\/webp"}],"author":"creativebitsolutions","twitter_card":"summary_large_image","twitter_misc":{"Written by":"creativebitsolutions","Estimated reading time":"3 minutes"},"schema":{"@context":"https:\/\/schema.org","@graph":[{"@type":"Article","@id":"https:\/\/carpathiacenter.ro\/ministrul-mediului-romania-exporta-mai-mult-lemn-decat-importa-cu-precadere-lemn-procesat\/#article","isPartOf":{"@id":"https:\/\/carpathiacenter.ro\/ministrul-mediului-romania-exporta-mai-mult-lemn-decat-importa-cu-precadere-lemn-procesat\/"},"author":{"name":"creativebitsolutions","@id":"https:\/\/carpathiacenter.ro\/#\/schema\/person\/03d9f58202fee8379268f34afa195006"},"headline":"Ministrul Mediului: Rom\u00e2nia export\u0103 mai mult lemn dec\u00e2t import\u0103, cu prec\u0103dere lemn procesat","datePublished":"2025-03-13T10:02:14+00:00","dateModified":"2025-03-14T10:02:25+00:00","mainEntityOfPage":{"@id":"https:\/\/carpathiacenter.ro\/ministrul-mediului-romania-exporta-mai-mult-lemn-decat-importa-cu-precadere-lemn-procesat\/"},"wordCount":670,"commentCount":0,"publisher":{"@id":"https:\/\/carpathiacenter.ro\/#organization"},"image":{"@id":"https:\/\/carpathiacenter.ro\/ministrul-mediului-romania-exporta-mai-mult-lemn-decat-importa-cu-precadere-lemn-procesat\/#primaryimage"},"thumbnailUrl":"https:\/\/carpathiacenter.ro\/wp-content\/uploads\/2025\/03\/Mircea_Fechet_PNL__CJ_Bacau-jpg.webp","articleSection":["Uncategorized"],"inLanguage":"en-GB","potentialAction":[{"@type":"CommentAction","name":"Comment","target":["https:\/\/carpathiacenter.ro\/ministrul-mediului-romania-exporta-mai-mult-lemn-decat-importa-cu-precadere-lemn-procesat\/#respond"]}]},{"@type":"WebPage","@id":"https:\/\/carpathiacenter.ro\/ministrul-mediului-romania-exporta-mai-mult-lemn-decat-importa-cu-precadere-lemn-procesat\/","url":"https:\/\/carpathiacenter.ro\/ministrul-mediului-romania-exporta-mai-mult-lemn-decat-importa-cu-precadere-lemn-procesat\/","name":"Ministrul Mediului: Rom\u00e2nia export\u0103 mai mult lemn dec\u00e2t import\u0103, cu prec\u0103dere lemn procesat - Carpathia Center Romania","isPartOf":{"@id":"https:\/\/carpathiacenter.ro\/#website"},"primaryImageOfPage":{"@id":"https:\/\/carpathiacenter.ro\/ministrul-mediului-romania-exporta-mai-mult-lemn-decat-importa-cu-precadere-lemn-procesat\/#primaryimage"},"image":{"@id":"https:\/\/carpathiacenter.ro\/ministrul-mediului-romania-exporta-mai-mult-lemn-decat-importa-cu-precadere-lemn-procesat\/#primaryimage"},"thumbnailUrl":"https:\/\/carpathiacenter.ro\/wp-content\/uploads\/2025\/03\/Mircea_Fechet_PNL__CJ_Bacau-jpg.webp","datePublished":"2025-03-13T10:02:14+00:00","dateModified":"2025-03-14T10:02:25+00:00","breadcrumb":{"@id":"https:\/\/carpathiacenter.ro\/ministrul-mediului-romania-exporta-mai-mult-lemn-decat-importa-cu-precadere-lemn-procesat\/#breadcrumb"},"inLanguage":"en-GB","potentialAction":[{"@type":"ReadAction","target":["https:\/\/carpathiacenter.ro\/ministrul-mediului-romania-exporta-mai-mult-lemn-decat-importa-cu-precadere-lemn-procesat\/"]}]},{"@type":"ImageObject","inLanguage":"en-GB","@id":"https:\/\/carpathiacenter.ro\/ministrul-mediului-romania-exporta-mai-mult-lemn-decat-importa-cu-precadere-lemn-procesat\/#primaryimage","url":"https:\/\/carpathiacenter.ro\/wp-content\/uploads\/2025\/03\/Mircea_Fechet_PNL__CJ_Bacau-jpg.webp","contentUrl":"https:\/\/carpathiacenter.ro\/wp-content\/uploads\/2025\/03\/Mircea_Fechet_PNL__CJ_Bacau-jpg.webp","width":1351,"height":900},{"@type":"BreadcrumbList","@id":"https:\/\/carpathiacenter.ro\/ministrul-mediului-romania-exporta-mai-mult-lemn-decat-importa-cu-precadere-lemn-procesat\/#breadcrumb","itemListElement":[{"@type":"ListItem","position":1,"name":"Prima pagin\u0103","item":"https:\/\/carpathiacenter.ro\/"},{"@type":"ListItem","position":2,"name":"Ministrul Mediului: Rom\u00e2nia export\u0103 mai mult lemn dec\u00e2t import\u0103, cu prec\u0103dere lemn procesat"}]},{"@type":"WebSite","@id":"https:\/\/carpathiacenter.ro\/#website","url":"https:\/\/carpathiacenter.ro\/","name":"Carpathia Center Romania","description":"Impossible made possible!","publisher":{"@id":"https:\/\/carpathiacenter.ro\/#organization"},"potentialAction":[{"@type":"SearchAction","target":{"@type":"EntryPoint","urlTemplate":"https:\/\/carpathiacenter.ro\/?s={search_term_string}"},"query-input":{"@type":"PropertyValueSpecification","valueRequired":true,"valueName":"search_term_string"}}],"inLanguage":"en-GB"},{"@type":"Organization","@id":"https:\/\/carpathiacenter.ro\/#organization","name":"Carpathia Center Romania","url":"https:\/\/carpathiacenter.ro\/","logo":{"@type":"ImageObject","inLanguage":"en-GB","@id":"https:\/\/carpathiacenter.ro\/#\/schema\/logo\/image\/","url":"https:\/\/carpathiacenter.ro\/wp-content\/uploads\/2024\/07\/logo-carpathia_bg_white-1024x941.png","contentUrl":"https:\/\/carpathiacenter.ro\/wp-content\/uploads\/2024\/07\/logo-carpathia_bg_white-1024x941.png","width":1024,"height":941,"caption":"Carpathia Center Romania"},"image":{"@id":"https:\/\/carpathiacenter.ro\/#\/schema\/logo\/image\/"},"sameAs":["https:\/\/www.facebook.com\/fdpscarpathia\/"]},{"@type":"Person","@id":"https:\/\/carpathiacenter.ro\/#\/schema\/person\/03d9f58202fee8379268f34afa195006","name":"creativebitsolutions","image":{"@type":"ImageObject","inLanguage":"en-GB","@id":"https:\/\/carpathiacenter.ro\/#\/schema\/person\/image\/","url":"https:\/\/secure.gravatar.com\/avatar\/1b1a13e37f847c635dab78348f1dff2f07651ee2a3d77a5c355a4b8c75f9165a?s=96&d=mm&r=g","contentUrl":"https:\/\/secure.gravatar.com\/avatar\/1b1a13e37f847c635dab78348f1dff2f07651ee2a3d77a5c355a4b8c75f9165a?s=96&d=mm&r=g","caption":"creativebitsolutions"},"url":"https:\/\/carpathiacenter.ro\/en\/author\/creativebitsolutions\/"}]}},"_links":{"self":[{"href":"https:\/\/carpathiacenter.ro\/en\/wp-json\/wp\/v2\/posts\/2015","targetHints":{"allow":["GET"]}}],"collection":[{"href":"https:\/\/carpathiacenter.ro\/en\/wp-json\/wp\/v2\/posts"}],"about":[{"href":"https:\/\/carpathiacenter.ro\/en\/wp-json\/wp\/v2\/types\/post"}],"author":[{"embeddable":true,"href":"https:\/\/carpathiacenter.ro\/en\/wp-json\/wp\/v2\/users\/4"}],"replies":[{"embeddable":true,"href":"https:\/\/carpathiacenter.ro\/en\/wp-json\/wp\/v2\/comments?post=2015"}],"version-history":[{"count":1,"href":"https:\/\/carpathiacenter.ro\/en\/wp-json\/wp\/v2\/posts\/2015\/revisions"}],"predecessor-version":[{"id":2017,"href":"https:\/\/carpathiacenter.ro\/en\/wp-json\/wp\/v2\/posts\/2015\/revisions\/2017"}],"wp:featuredmedia":[{"embeddable":true,"href":"https:\/\/carpathiacenter.ro\/en\/wp-json\/wp\/v2\/media\/2018"}],"wp:attachment":[{"href":"https:\/\/carpathiacenter.ro\/en\/wp-json\/wp\/v2\/media?parent=2015"}],"wp:term":[{"taxonomy":"category","embeddable":true,"href":"https:\/\/carpathiacenter.ro\/en\/wp-json\/wp\/v2\/categories?post=2015"},{"taxonomy":"post_tag","embeddable":true,"href":"https:\/\/carpathiacenter.ro\/en\/wp-json\/wp\/v2\/tags?post=2015"}],"curies":[{"name":"wp","href":"https:\/\/api.w.org\/{rel}","templated":true}]}}