{"id":1987,"date":"2025-03-07T09:25:57","date_gmt":"2025-03-07T09:25:57","guid":{"rendered":"https:\/\/carpathiacenter.ro\/?p=1987"},"modified":"2025-03-07T09:25:57","modified_gmt":"2025-03-07T09:25:57","slug":"trump-afirma-ca-va-merge-in-arabia-saudita","status":"publish","type":"post","link":"https:\/\/carpathiacenter.ro\/en\/trump-afirma-ca-va-merge-in-arabia-saudita\/","title":{"rendered":"Trump afirm\u0103 c\u0103 va merge \u00een Arabia Saudit\u0103"},"content":{"rendered":"<p><strong>Pre\u0219edintele american Donald Trump a afirmat joi c\u0103 va vizita Arabia Saudit\u0103, \u021bar\u0103 cu care spune c\u0103 \u00eentre\u021bine &#8216;rela\u021bii excelente&#8217; \u0219i care, \u00een opinia sa, va investi masiv \u00een Statele Unite, noteaz\u0103 AFP.<\/strong><\/p>\n<p>Cu toate acestea, el nu a men\u021bionat nicio dat\u0103 exact\u0103.<\/p>\n<p>\u00centrebat de un jurnalist dac\u0103 inten\u021bioneaz\u0103 s\u0103 mearg\u0103 \u00een Arabia Saudit\u0103 pentru a se \u00eent\u00e2lni acolo cu omologul s\u0103u rus Vladimir Putin, el a r\u0103spuns: &#8216;Nu \u0219tiu. Nu pot s\u0103 v\u0103 spun. Voi merge \u00een Arabia Saudit\u0103&#8217;.<\/p>\n<p><strong>Pre\u0219edintele american anun\u021base pe 12 februarie, ziua convorbirii sale telefonice cu Vladimir Putin, c\u0103 se va \u00eent\u00e2lni cu omologul s\u0103u rus \u00een Arabia Saudit\u0103.<\/strong><\/p>\n<p>Nu a fost stabilit\u0103 o dat\u0103 pentru aceast\u0103 \u00eent\u00e2lnire.<\/p>\n<p>Apoi el a explicat c\u0103 le-a spus saudi\u021bilor c\u0103 va merge \u00een regat &#8216;dac\u0103 ei pl\u0103tesc 1.000 de miliarde de dolari companiilor americane (&#8230;) pe o perioad\u0103 de patru ani, iar ei au fost de acord s\u0103 fac\u0103 asta, a\u0219a c\u0103 voi merge acolo&#8217;.<\/p>\n<p>&#8216;Am rela\u021bii excelente cu ei. Au fost foarte dr\u0103gu\u021bi, dar vor cheltui mul\u021bi bani cu companiile americane pe echipamente militare \u0219i multe alte lucruri&#8217;, a mai spus el.<\/p>\n<p>Donald Trump a vizitat Arabia Saudit\u0103 \u00een mai 2017, prima deplasare interna\u021bional\u0103 din primul s\u0103u mandat, reaminte\u0219te AFP. AGERPRES\/(AS &#8211; redactor: Alic M\u00eerza, editor online: Andreea Preda)<br \/>\nSursa articolului:<a href=\"https:\/\/agerpres.ro\/politic-extern\/2025\/03\/07\/trump-afirma-ca-va-merge-in-arabia-saudita--1428633\" target=\"_blank\" rel=\"noopener\">https:\/\/agerpres.ro\/politic-extern\/2025\/03\/07\/trump-afirma-ca-va-merge-in-arabia-saudita&#8211;1428633<\/a><\/p>","protected":false},"excerpt":{"rendered":"<p>Pre\u0219edintele american Donald Trump a afirmat joi c\u0103 va vizita Arabia Saudit\u0103, \u021bar\u0103 cu care spune c\u0103 \u00eentre\u021bine &#8216;rela\u021bii excelente&#8217; \u0219i care, \u00een opinia sa, va investi masiv \u00een Statele Unite, noteaz\u0103 AFP. Cu toate acestea, el nu a men\u021bionat nicio dat\u0103 exact\u0103. \u00centrebat de un jurnalist dac\u0103 inten\u021bioneaz\u0103 s\u0103 mearg\u0103 \u00een Arabia Saudit\u0103 pentru&#8230;<\/p>","protected":false},"author":4,"featured_media":1776,"comment_status":"open","ping_status":"open","sticky":false,"template":"","format":"standard","meta":{"footnotes":""},"categories":[1],"tags":[],"class_list":["post-1987","post","type-post","status-publish","format-standard","has-post-thumbnail","hentry","category-uncategorized"],"yoast_head":"<!-- This site is optimized with the Yoast SEO plugin v26.1.1 - https:\/\/yoast.com\/wordpress\/plugins\/seo\/ -->\n<title>Trump afirm\u0103 c\u0103 va merge \u00een Arabia Saudit\u0103 - Carpathia Center Romania<\/title>\n<meta name=\"robots\" content=\"index, follow, max-snippet:-1, max-image-preview:large, max-video-preview:-1\" \/>\n<link rel=\"canonical\" href=\"https:\/\/carpathiacenter.ro\/en\/trump-afirma-ca-va-merge-in-arabia-saudita\/\" \/>\n<meta property=\"og:locale\" content=\"en_GB\" \/>\n<meta property=\"og:type\" content=\"article\" \/>\n<meta property=\"og:title\" content=\"Trump afirm\u0103 c\u0103 va merge \u00een Arabia Saudit\u0103 - Carpathia Center Romania\" \/>\n<meta property=\"og:description\" content=\"Pre\u0219edintele american Donald Trump a afirmat joi c\u0103 va vizita Arabia Saudit\u0103, \u021bar\u0103 cu care spune c\u0103 \u00eentre\u021bine &#8216;rela\u021bii excelente&#8217; \u0219i care, \u00een opinia sa, va investi masiv \u00een Statele Unite, noteaz\u0103 AFP. Cu toate acestea, el nu a men\u021bionat nicio dat\u0103 exact\u0103. \u00centrebat de un jurnalist dac\u0103 inten\u021bioneaz\u0103 s\u0103 mearg\u0103 \u00een Arabia Saudit\u0103 pentru...\" \/>\n<meta property=\"og:url\" content=\"https:\/\/carpathiacenter.ro\/en\/trump-afirma-ca-va-merge-in-arabia-saudita\/\" \/>\n<meta property=\"og:site_name\" content=\"Carpathia Center Romania\" \/>\n<meta property=\"article:publisher\" content=\"https:\/\/www.facebook.com\/fdpscarpathia\/\" \/>\n<meta property=\"article:published_time\" content=\"2025-03-07T09:25:57+00:00\" \/>\n<meta property=\"og:image\" content=\"https:\/\/carpathiacenter.ro\/wp-content\/uploads\/2025\/01\/donald-trump-tari-nato-buget-aparare-pib-18935285.jpg\" \/>\n\t<meta property=\"og:image:width\" content=\"820\" \/>\n\t<meta property=\"og:image:height\" content=\"546\" \/>\n\t<meta property=\"og:image:type\" content=\"image\/jpeg\" \/>\n<meta name=\"author\" content=\"creativebitsolutions\" \/>\n<meta name=\"twitter:card\" content=\"summary_large_image\" \/>\n<meta name=\"twitter:label1\" content=\"Written by\" \/>\n\t<meta name=\"twitter:data1\" content=\"creativebitsolutions\" \/>\n\t<meta name=\"twitter:label2\" content=\"Estimated reading time\" \/>\n\t<meta name=\"twitter:data2\" content=\"1 minute\" \/>\n<script type=\"application\/ld+json\" class=\"yoast-schema-graph\">{\"@context\":\"https:\/\/schema.org\",\"@graph\":[{\"@type\":\"Article\",\"@id\":\"https:\/\/carpathiacenter.ro\/trump-afirma-ca-va-merge-in-arabia-saudita\/#article\",\"isPartOf\":{\"@id\":\"https:\/\/carpathiacenter.ro\/trump-afirma-ca-va-merge-in-arabia-saudita\/\"},\"author\":{\"name\":\"creativebitsolutions\",\"@id\":\"https:\/\/carpathiacenter.ro\/#\/schema\/person\/03d9f58202fee8379268f34afa195006\"},\"headline\":\"Trump afirm\u0103 c\u0103 va merge \u00een Arabia Saudit\u0103\",\"datePublished\":\"2025-03-07T09:25:57+00:00\",\"mainEntityOfPage\":{\"@id\":\"https:\/\/carpathiacenter.ro\/trump-afirma-ca-va-merge-in-arabia-saudita\/\"},\"wordCount\":248,\"commentCount\":0,\"publisher\":{\"@id\":\"https:\/\/carpathiacenter.ro\/#organization\"},\"image\":{\"@id\":\"https:\/\/carpathiacenter.ro\/trump-afirma-ca-va-merge-in-arabia-saudita\/#primaryimage\"},\"thumbnailUrl\":\"https:\/\/carpathiacenter.ro\/wp-content\/uploads\/2025\/01\/donald-trump-tari-nato-buget-aparare-pib-18935285.jpg\",\"articleSection\":[\"Uncategorized\"],\"inLanguage\":\"en-GB\",\"potentialAction\":[{\"@type\":\"CommentAction\",\"name\":\"Comment\",\"target\":[\"https:\/\/carpathiacenter.ro\/trump-afirma-ca-va-merge-in-arabia-saudita\/#respond\"]}]},{\"@type\":\"WebPage\",\"@id\":\"https:\/\/carpathiacenter.ro\/trump-afirma-ca-va-merge-in-arabia-saudita\/\",\"url\":\"https:\/\/carpathiacenter.ro\/trump-afirma-ca-va-merge-in-arabia-saudita\/\",\"name\":\"Trump afirm\u0103 c\u0103 va merge \u00een Arabia Saudit\u0103 - Carpathia Center Romania\",\"isPartOf\":{\"@id\":\"https:\/\/carpathiacenter.ro\/#website\"},\"primaryImageOfPage\":{\"@id\":\"https:\/\/carpathiacenter.ro\/trump-afirma-ca-va-merge-in-arabia-saudita\/#primaryimage\"},\"image\":{\"@id\":\"https:\/\/carpathiacenter.ro\/trump-afirma-ca-va-merge-in-arabia-saudita\/#primaryimage\"},\"thumbnailUrl\":\"https:\/\/carpathiacenter.ro\/wp-content\/uploads\/2025\/01\/donald-trump-tari-nato-buget-aparare-pib-18935285.jpg\",\"datePublished\":\"2025-03-07T09:25:57+00:00\",\"breadcrumb\":{\"@id\":\"https:\/\/carpathiacenter.ro\/trump-afirma-ca-va-merge-in-arabia-saudita\/#breadcrumb\"},\"inLanguage\":\"en-GB\",\"potentialAction\":[{\"@type\":\"ReadAction\",\"target\":[\"https:\/\/carpathiacenter.ro\/trump-afirma-ca-va-merge-in-arabia-saudita\/\"]}]},{\"@type\":\"ImageObject\",\"inLanguage\":\"en-GB\",\"@id\":\"https:\/\/carpathiacenter.ro\/trump-afirma-ca-va-merge-in-arabia-saudita\/#primaryimage\",\"url\":\"https:\/\/carpathiacenter.ro\/wp-content\/uploads\/2025\/01\/donald-trump-tari-nato-buget-aparare-pib-18935285.jpg\",\"contentUrl\":\"https:\/\/carpathiacenter.ro\/wp-content\/uploads\/2025\/01\/donald-trump-tari-nato-buget-aparare-pib-18935285.jpg\",\"width\":820,\"height\":546},{\"@type\":\"BreadcrumbList\",\"@id\":\"https:\/\/carpathiacenter.ro\/trump-afirma-ca-va-merge-in-arabia-saudita\/#breadcrumb\",\"itemListElement\":[{\"@type\":\"ListItem\",\"position\":1,\"name\":\"Prima pagin\u0103\",\"item\":\"https:\/\/carpathiacenter.ro\/\"},{\"@type\":\"ListItem\",\"position\":2,\"name\":\"Trump afirm\u0103 c\u0103 va merge \u00een Arabia Saudit\u0103\"}]},{\"@type\":\"WebSite\",\"@id\":\"https:\/\/carpathiacenter.ro\/#website\",\"url\":\"https:\/\/carpathiacenter.ro\/\",\"name\":\"Carpathia Center Romania\",\"description\":\"Impossible made possible!\",\"publisher\":{\"@id\":\"https:\/\/carpathiacenter.ro\/#organization\"},\"potentialAction\":[{\"@type\":\"SearchAction\",\"target\":{\"@type\":\"EntryPoint\",\"urlTemplate\":\"https:\/\/carpathiacenter.ro\/?s={search_term_string}\"},\"query-input\":{\"@type\":\"PropertyValueSpecification\",\"valueRequired\":true,\"valueName\":\"search_term_string\"}}],\"inLanguage\":\"en-GB\"},{\"@type\":\"Organization\",\"@id\":\"https:\/\/carpathiacenter.ro\/#organization\",\"name\":\"Carpathia Center Romania\",\"url\":\"https:\/\/carpathiacenter.ro\/\",\"logo\":{\"@type\":\"ImageObject\",\"inLanguage\":\"en-GB\",\"@id\":\"https:\/\/carpathiacenter.ro\/#\/schema\/logo\/image\/\",\"url\":\"https:\/\/carpathiacenter.ro\/wp-content\/uploads\/2024\/07\/logo-carpathia_bg_white-1024x941.png\",\"contentUrl\":\"https:\/\/carpathiacenter.ro\/wp-content\/uploads\/2024\/07\/logo-carpathia_bg_white-1024x941.png\",\"width\":1024,\"height\":941,\"caption\":\"Carpathia Center Romania\"},\"image\":{\"@id\":\"https:\/\/carpathiacenter.ro\/#\/schema\/logo\/image\/\"},\"sameAs\":[\"https:\/\/www.facebook.com\/fdpscarpathia\/\"]},{\"@type\":\"Person\",\"@id\":\"https:\/\/carpathiacenter.ro\/#\/schema\/person\/03d9f58202fee8379268f34afa195006\",\"name\":\"creativebitsolutions\",\"image\":{\"@type\":\"ImageObject\",\"inLanguage\":\"en-GB\",\"@id\":\"https:\/\/carpathiacenter.ro\/#\/schema\/person\/image\/\",\"url\":\"https:\/\/secure.gravatar.com\/avatar\/1b1a13e37f847c635dab78348f1dff2f07651ee2a3d77a5c355a4b8c75f9165a?s=96&d=mm&r=g\",\"contentUrl\":\"https:\/\/secure.gravatar.com\/avatar\/1b1a13e37f847c635dab78348f1dff2f07651ee2a3d77a5c355a4b8c75f9165a?s=96&d=mm&r=g\",\"caption\":\"creativebitsolutions\"},\"url\":\"https:\/\/carpathiacenter.ro\/en\/author\/creativebitsolutions\/\"}]}<\/script>\n<!-- \/ Yoast SEO plugin. -->","yoast_head_json":{"title":"Trump afirm\u0103 c\u0103 va merge \u00een Arabia Saudit\u0103 - Carpathia Center Romania","robots":{"index":"index","follow":"follow","max-snippet":"max-snippet:-1","max-image-preview":"max-image-preview:large","max-video-preview":"max-video-preview:-1"},"canonical":"https:\/\/carpathiacenter.ro\/en\/trump-afirma-ca-va-merge-in-arabia-saudita\/","og_locale":"en_GB","og_type":"article","og_title":"Trump afirm\u0103 c\u0103 va merge \u00een Arabia Saudit\u0103 - Carpathia Center Romania","og_description":"Pre\u0219edintele american Donald Trump a afirmat joi c\u0103 va vizita Arabia Saudit\u0103, \u021bar\u0103 cu care spune c\u0103 \u00eentre\u021bine &#8216;rela\u021bii excelente&#8217; \u0219i care, \u00een opinia sa, va investi masiv \u00een Statele Unite, noteaz\u0103 AFP. Cu toate acestea, el nu a men\u021bionat nicio dat\u0103 exact\u0103. \u00centrebat de un jurnalist dac\u0103 inten\u021bioneaz\u0103 s\u0103 mearg\u0103 \u00een Arabia Saudit\u0103 pentru...","og_url":"https:\/\/carpathiacenter.ro\/en\/trump-afirma-ca-va-merge-in-arabia-saudita\/","og_site_name":"Carpathia Center Romania","article_publisher":"https:\/\/www.facebook.com\/fdpscarpathia\/","article_published_time":"2025-03-07T09:25:57+00:00","og_image":[{"width":820,"height":546,"url":"https:\/\/carpathiacenter.ro\/wp-content\/uploads\/2025\/01\/donald-trump-tari-nato-buget-aparare-pib-18935285.jpg","type":"image\/jpeg"}],"author":"creativebitsolutions","twitter_card":"summary_large_image","twitter_misc":{"Written by":"creativebitsolutions","Estimated reading time":"1 minute"},"schema":{"@context":"https:\/\/schema.org","@graph":[{"@type":"Article","@id":"https:\/\/carpathiacenter.ro\/trump-afirma-ca-va-merge-in-arabia-saudita\/#article","isPartOf":{"@id":"https:\/\/carpathiacenter.ro\/trump-afirma-ca-va-merge-in-arabia-saudita\/"},"author":{"name":"creativebitsolutions","@id":"https:\/\/carpathiacenter.ro\/#\/schema\/person\/03d9f58202fee8379268f34afa195006"},"headline":"Trump afirm\u0103 c\u0103 va merge \u00een Arabia Saudit\u0103","datePublished":"2025-03-07T09:25:57+00:00","mainEntityOfPage":{"@id":"https:\/\/carpathiacenter.ro\/trump-afirma-ca-va-merge-in-arabia-saudita\/"},"wordCount":248,"commentCount":0,"publisher":{"@id":"https:\/\/carpathiacenter.ro\/#organization"},"image":{"@id":"https:\/\/carpathiacenter.ro\/trump-afirma-ca-va-merge-in-arabia-saudita\/#primaryimage"},"thumbnailUrl":"https:\/\/carpathiacenter.ro\/wp-content\/uploads\/2025\/01\/donald-trump-tari-nato-buget-aparare-pib-18935285.jpg","articleSection":["Uncategorized"],"inLanguage":"en-GB","potentialAction":[{"@type":"CommentAction","name":"Comment","target":["https:\/\/carpathiacenter.ro\/trump-afirma-ca-va-merge-in-arabia-saudita\/#respond"]}]},{"@type":"WebPage","@id":"https:\/\/carpathiacenter.ro\/trump-afirma-ca-va-merge-in-arabia-saudita\/","url":"https:\/\/carpathiacenter.ro\/trump-afirma-ca-va-merge-in-arabia-saudita\/","name":"Trump afirm\u0103 c\u0103 va merge \u00een Arabia Saudit\u0103 - Carpathia Center Romania","isPartOf":{"@id":"https:\/\/carpathiacenter.ro\/#website"},"primaryImageOfPage":{"@id":"https:\/\/carpathiacenter.ro\/trump-afirma-ca-va-merge-in-arabia-saudita\/#primaryimage"},"image":{"@id":"https:\/\/carpathiacenter.ro\/trump-afirma-ca-va-merge-in-arabia-saudita\/#primaryimage"},"thumbnailUrl":"https:\/\/carpathiacenter.ro\/wp-content\/uploads\/2025\/01\/donald-trump-tari-nato-buget-aparare-pib-18935285.jpg","datePublished":"2025-03-07T09:25:57+00:00","breadcrumb":{"@id":"https:\/\/carpathiacenter.ro\/trump-afirma-ca-va-merge-in-arabia-saudita\/#breadcrumb"},"inLanguage":"en-GB","potentialAction":[{"@type":"ReadAction","target":["https:\/\/carpathiacenter.ro\/trump-afirma-ca-va-merge-in-arabia-saudita\/"]}]},{"@type":"ImageObject","inLanguage":"en-GB","@id":"https:\/\/carpathiacenter.ro\/trump-afirma-ca-va-merge-in-arabia-saudita\/#primaryimage","url":"https:\/\/carpathiacenter.ro\/wp-content\/uploads\/2025\/01\/donald-trump-tari-nato-buget-aparare-pib-18935285.jpg","contentUrl":"https:\/\/carpathiacenter.ro\/wp-content\/uploads\/2025\/01\/donald-trump-tari-nato-buget-aparare-pib-18935285.jpg","width":820,"height":546},{"@type":"BreadcrumbList","@id":"https:\/\/carpathiacenter.ro\/trump-afirma-ca-va-merge-in-arabia-saudita\/#breadcrumb","itemListElement":[{"@type":"ListItem","position":1,"name":"Prima pagin\u0103","item":"https:\/\/carpathiacenter.ro\/"},{"@type":"ListItem","position":2,"name":"Trump afirm\u0103 c\u0103 va merge \u00een Arabia Saudit\u0103"}]},{"@type":"WebSite","@id":"https:\/\/carpathiacenter.ro\/#website","url":"https:\/\/carpathiacenter.ro\/","name":"Carpathia Center Romania","description":"Impossible made possible!","publisher":{"@id":"https:\/\/carpathiacenter.ro\/#organization"},"potentialAction":[{"@type":"SearchAction","target":{"@type":"EntryPoint","urlTemplate":"https:\/\/carpathiacenter.ro\/?s={search_term_string}"},"query-input":{"@type":"PropertyValueSpecification","valueRequired":true,"valueName":"search_term_string"}}],"inLanguage":"en-GB"},{"@type":"Organization","@id":"https:\/\/carpathiacenter.ro\/#organization","name":"Carpathia Center Romania","url":"https:\/\/carpathiacenter.ro\/","logo":{"@type":"ImageObject","inLanguage":"en-GB","@id":"https:\/\/carpathiacenter.ro\/#\/schema\/logo\/image\/","url":"https:\/\/carpathiacenter.ro\/wp-content\/uploads\/2024\/07\/logo-carpathia_bg_white-1024x941.png","contentUrl":"https:\/\/carpathiacenter.ro\/wp-content\/uploads\/2024\/07\/logo-carpathia_bg_white-1024x941.png","width":1024,"height":941,"caption":"Carpathia Center Romania"},"image":{"@id":"https:\/\/carpathiacenter.ro\/#\/schema\/logo\/image\/"},"sameAs":["https:\/\/www.facebook.com\/fdpscarpathia\/"]},{"@type":"Person","@id":"https:\/\/carpathiacenter.ro\/#\/schema\/person\/03d9f58202fee8379268f34afa195006","name":"creativebitsolutions","image":{"@type":"ImageObject","inLanguage":"en-GB","@id":"https:\/\/carpathiacenter.ro\/#\/schema\/person\/image\/","url":"https:\/\/secure.gravatar.com\/avatar\/1b1a13e37f847c635dab78348f1dff2f07651ee2a3d77a5c355a4b8c75f9165a?s=96&d=mm&r=g","contentUrl":"https:\/\/secure.gravatar.com\/avatar\/1b1a13e37f847c635dab78348f1dff2f07651ee2a3d77a5c355a4b8c75f9165a?s=96&d=mm&r=g","caption":"creativebitsolutions"},"url":"https:\/\/carpathiacenter.ro\/en\/author\/creativebitsolutions\/"}]}},"_links":{"self":[{"href":"https:\/\/carpathiacenter.ro\/en\/wp-json\/wp\/v2\/posts\/1987","targetHints":{"allow":["GET"]}}],"collection":[{"href":"https:\/\/carpathiacenter.ro\/en\/wp-json\/wp\/v2\/posts"}],"about":[{"href":"https:\/\/carpathiacenter.ro\/en\/wp-json\/wp\/v2\/types\/post"}],"author":[{"embeddable":true,"href":"https:\/\/carpathiacenter.ro\/en\/wp-json\/wp\/v2\/users\/4"}],"replies":[{"embeddable":true,"href":"https:\/\/carpathiacenter.ro\/en\/wp-json\/wp\/v2\/comments?post=1987"}],"version-history":[{"count":1,"href":"https:\/\/carpathiacenter.ro\/en\/wp-json\/wp\/v2\/posts\/1987\/revisions"}],"predecessor-version":[{"id":1990,"href":"https:\/\/carpathiacenter.ro\/en\/wp-json\/wp\/v2\/posts\/1987\/revisions\/1990"}],"wp:featuredmedia":[{"embeddable":true,"href":"https:\/\/carpathiacenter.ro\/en\/wp-json\/wp\/v2\/media\/1776"}],"wp:attachment":[{"href":"https:\/\/carpathiacenter.ro\/en\/wp-json\/wp\/v2\/media?parent=1987"}],"wp:term":[{"taxonomy":"category","embeddable":true,"href":"https:\/\/carpathiacenter.ro\/en\/wp-json\/wp\/v2\/categories?post=1987"},{"taxonomy":"post_tag","embeddable":true,"href":"https:\/\/carpathiacenter.ro\/en\/wp-json\/wp\/v2\/tags?post=1987"}],"curies":[{"name":"wp","href":"https:\/\/api.w.org\/{rel}","templated":true}]}}