{"id":1984,"date":"2025-03-07T09:22:20","date_gmt":"2025-03-07T09:22:20","guid":{"rendered":"https:\/\/carpathiacenter.ro\/?p=1984"},"modified":"2025-03-07T09:23:52","modified_gmt":"2025-03-07T09:23:52","slug":"video-bolojan-este-exclusa-dublarea-cheltuielilor-militare-ale-romaniei-de-pe-un-an-pe-altul","status":"publish","type":"post","link":"https:\/\/carpathiacenter.ro\/en\/video-bolojan-este-exclusa-dublarea-cheltuielilor-militare-ale-romaniei-de-pe-un-an-pe-altul\/","title":{"rendered":"VIDEO Bolojan: Este exclus\u0103 dublarea cheltuielilor militare ale Rom\u00e2niei de pe un an pe altul"},"content":{"rendered":"<p><strong>Bruxelles &#8211; Trimisul special al AGERPRES, Oana Ghi\u021b\u0103, transmite: Cheltuielile de ap\u0103rare ale Rom\u00e2niei nu se vor dubla de pe un an pe altul pentru c\u0103 \u021bara noastr\u0103, din acest punct de vedere, este \u00eentr-o situa\u021bie mai bun\u0103 dec\u00e2t media statelor din Uniunea European\u0103, a afirmat, joi, pre\u0219edintele interimar, Ilie Bolojan, dup\u0103 Consiliul European.<\/strong><\/p>\n<p>El a explicat c\u0103 Rom\u00e2nia a avut o pondere a cheltuielilor pentru ap\u0103rare de peste 2,2% din PIB anul trecut, \u00een timp ce media \u021b\u0103rilor din Uniunea European\u0103 a fost de 1,9%.<\/p>\n<div class=\"videoEmbed\"><iframe src=\"https:\/\/www.youtube.com\/embed\/_1K6nwIAXHw\" width=\"560\" height=\"349\" frameborder=\"0\" allowfullscreen=\"allowfullscreen\"><\/iframe><\/div>\n<p>&#8216;Rom\u00e2nia, din acest punct de vedere, st\u0103 mult mai bine \u0219i este exclus\u0103 dublarea cheltuielilor militare de pe un an pe altul. Va fi o tendin\u021b\u0103 de cre\u0219tere cu siguran\u021b\u0103 \u0219i e foarte probabil ca, \u00een fiecare an urm\u0103rind o cre\u0219tere suportabil\u0103 din toate punctele de vedere, s\u0103 avem acest fenomen&#8217;, a punctat pre\u0219edintele interimar.<\/p>\n<p>Potrivit lui Bolojan, aceste cheltuieli suplimentare pentru ap\u0103rare sunt pentru siguran\u021ba Rom\u00e2niei.<\/p>\n<p>&#8216;Deci partea de securitate, c\u00e2t timp exist\u0103 \u0219i este \u00een bun\u0103 regul\u0103, nu se percepe. (&#8230;) Nu putem s\u0103 neg\u0103m c\u0103 avem un r\u0103zboi la grani\u021bele \u021b\u0103rii noastre, nu chiar la grani\u021bele \u021b\u0103rii noastre, dar este c\u00e2t se poate de clar c\u0103, dac\u0103 aceast\u0103 voca\u021bie, s\u0103 spunem, de tip neoimperial a Rusiei, va fi men\u021binut\u0103 \u00een continuare \u0219i \u00een anii urm\u0103tori, Ucraina poate s\u0103 fie doar prima victim\u0103. \u0218i atunci, \u0219i \u00een documentul de ast\u0103zi, aceste \u021b\u0103ri apreciaz\u0103 c\u0103 Rusia este o amenin\u021bare pentru \u021b\u0103rile din Uniunea European\u0103 \u0219i cred c\u0103 to\u021bi cei care suntem pe frontiera de Est, to\u021bi cei care au trecut \u0219enilele istoriei peste noi, \u00een\u021belegem mai acut despre ce este vorba. \u0218i practic, aceste cheltuieli suplimentare pentru ap\u0103rare sunt cheltuieli pentru siguran\u021ba \u021b\u0103rii noastre. Acesta este realitatea&#8217;, a mai spus pre\u0219edintele interimar. AGERPRES\/(A &#8211; editor: C\u0103t\u0103lin Alexandru)<\/p>\n<p>Sursa articolului:<a href=\"https:\/\/agerpres.ro\/politic\/2025\/03\/06\/video-bolojan-este-exclusa-dublarea-cheltuielilor-militare-ale-romaniei-de-pe-un-an-pe-altul--1428630\" target=\"_blank\" rel=\"noopener\">https:\/\/agerpres.ro\/politic\/2025\/03\/06\/video-bolojan-este-exclusa-dublarea-cheltuielilor-militare-ale-romaniei-de-pe-un-an-pe-altul&#8211;1428630<\/a><\/p>","protected":false},"excerpt":{"rendered":"<p>Bruxelles &#8211; Trimisul special al AGERPRES, Oana Ghi\u021b\u0103, transmite: Cheltuielile de ap\u0103rare ale Rom\u00e2niei nu se vor dubla de pe un an pe altul pentru c\u0103 \u021bara noastr\u0103, din acest punct de vedere, este \u00eentr-o situa\u021bie mai bun\u0103 dec\u00e2t media statelor din Uniunea European\u0103, a afirmat, joi, pre\u0219edintele interimar, Ilie Bolojan, dup\u0103 Consiliul European. El&#8230;<\/p>","protected":false},"author":4,"featured_media":1988,"comment_status":"open","ping_status":"open","sticky":false,"template":"","format":"standard","meta":{"footnotes":""},"categories":[1],"tags":[],"class_list":["post-1984","post","type-post","status-publish","format-standard","has-post-thumbnail","hentry","category-uncategorized"],"yoast_head":"<!-- This site is optimized with the Yoast SEO plugin v26.1.1 - https:\/\/yoast.com\/wordpress\/plugins\/seo\/ -->\n<title>VIDEO Bolojan: Este exclus\u0103 dublarea cheltuielilor militare ale Rom\u00e2niei de pe un an pe altul - Carpathia Center Romania<\/title>\n<meta name=\"robots\" content=\"index, follow, max-snippet:-1, max-image-preview:large, max-video-preview:-1\" \/>\n<link rel=\"canonical\" href=\"https:\/\/carpathiacenter.ro\/en\/video-bolojan-este-exclusa-dublarea-cheltuielilor-militare-ale-romaniei-de-pe-un-an-pe-altul\/\" \/>\n<meta property=\"og:locale\" content=\"en_GB\" \/>\n<meta property=\"og:type\" content=\"article\" \/>\n<meta property=\"og:title\" content=\"VIDEO Bolojan: Este exclus\u0103 dublarea cheltuielilor militare ale Rom\u00e2niei de pe un an pe altul - Carpathia Center Romania\" \/>\n<meta property=\"og:description\" content=\"Bruxelles &#8211; Trimisul special al AGERPRES, Oana Ghi\u021b\u0103, transmite: Cheltuielile de ap\u0103rare ale Rom\u00e2niei nu se vor dubla de pe un an pe altul pentru c\u0103 \u021bara noastr\u0103, din acest punct de vedere, este \u00eentr-o situa\u021bie mai bun\u0103 dec\u00e2t media statelor din Uniunea European\u0103, a afirmat, joi, pre\u0219edintele interimar, Ilie Bolojan, dup\u0103 Consiliul European. El...\" \/>\n<meta property=\"og:url\" content=\"https:\/\/carpathiacenter.ro\/en\/video-bolojan-este-exclusa-dublarea-cheltuielilor-militare-ale-romaniei-de-pe-un-an-pe-altul\/\" \/>\n<meta property=\"og:site_name\" content=\"Carpathia Center Romania\" \/>\n<meta property=\"article:publisher\" content=\"https:\/\/www.facebook.com\/fdpscarpathia\/\" \/>\n<meta property=\"article:published_time\" content=\"2025-03-07T09:22:20+00:00\" \/>\n<meta property=\"article:modified_time\" content=\"2025-03-07T09:23:52+00:00\" \/>\n<meta property=\"og:image\" content=\"https:\/\/carpathiacenter.ro\/wp-content\/uploads\/2025\/03\/Ilie_Bolojan.jpg\" \/>\n\t<meta property=\"og:image:width\" content=\"1000\" \/>\n\t<meta property=\"og:image:height\" content=\"630\" \/>\n\t<meta property=\"og:image:type\" content=\"image\/jpeg\" \/>\n<meta name=\"author\" content=\"creativebitsolutions\" \/>\n<meta name=\"twitter:card\" content=\"summary_large_image\" \/>\n<meta name=\"twitter:label1\" content=\"Written by\" \/>\n\t<meta name=\"twitter:data1\" content=\"creativebitsolutions\" \/>\n\t<meta name=\"twitter:label2\" content=\"Estimated reading time\" \/>\n\t<meta name=\"twitter:data2\" content=\"2 minutes\" \/>\n<script type=\"application\/ld+json\" class=\"yoast-schema-graph\">{\"@context\":\"https:\/\/schema.org\",\"@graph\":[{\"@type\":\"Article\",\"@id\":\"https:\/\/carpathiacenter.ro\/video-bolojan-este-exclusa-dublarea-cheltuielilor-militare-ale-romaniei-de-pe-un-an-pe-altul\/#article\",\"isPartOf\":{\"@id\":\"https:\/\/carpathiacenter.ro\/video-bolojan-este-exclusa-dublarea-cheltuielilor-militare-ale-romaniei-de-pe-un-an-pe-altul\/\"},\"author\":{\"name\":\"creativebitsolutions\",\"@id\":\"https:\/\/carpathiacenter.ro\/#\/schema\/person\/03d9f58202fee8379268f34afa195006\"},\"headline\":\"VIDEO Bolojan: Este exclus\u0103 dublarea cheltuielilor militare ale Rom\u00e2niei de pe un an pe altul\",\"datePublished\":\"2025-03-07T09:22:20+00:00\",\"dateModified\":\"2025-03-07T09:23:52+00:00\",\"mainEntityOfPage\":{\"@id\":\"https:\/\/carpathiacenter.ro\/video-bolojan-este-exclusa-dublarea-cheltuielilor-militare-ale-romaniei-de-pe-un-an-pe-altul\/\"},\"wordCount\":349,\"commentCount\":0,\"publisher\":{\"@id\":\"https:\/\/carpathiacenter.ro\/#organization\"},\"image\":{\"@id\":\"https:\/\/carpathiacenter.ro\/video-bolojan-este-exclusa-dublarea-cheltuielilor-militare-ale-romaniei-de-pe-un-an-pe-altul\/#primaryimage\"},\"thumbnailUrl\":\"https:\/\/carpathiacenter.ro\/wp-content\/uploads\/2025\/03\/Ilie_Bolojan.jpg\",\"articleSection\":[\"Uncategorized\"],\"inLanguage\":\"en-GB\",\"potentialAction\":[{\"@type\":\"CommentAction\",\"name\":\"Comment\",\"target\":[\"https:\/\/carpathiacenter.ro\/video-bolojan-este-exclusa-dublarea-cheltuielilor-militare-ale-romaniei-de-pe-un-an-pe-altul\/#respond\"]}]},{\"@type\":\"WebPage\",\"@id\":\"https:\/\/carpathiacenter.ro\/video-bolojan-este-exclusa-dublarea-cheltuielilor-militare-ale-romaniei-de-pe-un-an-pe-altul\/\",\"url\":\"https:\/\/carpathiacenter.ro\/video-bolojan-este-exclusa-dublarea-cheltuielilor-militare-ale-romaniei-de-pe-un-an-pe-altul\/\",\"name\":\"VIDEO Bolojan: Este exclus\u0103 dublarea cheltuielilor militare ale Rom\u00e2niei de pe un an pe altul - Carpathia Center Romania\",\"isPartOf\":{\"@id\":\"https:\/\/carpathiacenter.ro\/#website\"},\"primaryImageOfPage\":{\"@id\":\"https:\/\/carpathiacenter.ro\/video-bolojan-este-exclusa-dublarea-cheltuielilor-militare-ale-romaniei-de-pe-un-an-pe-altul\/#primaryimage\"},\"image\":{\"@id\":\"https:\/\/carpathiacenter.ro\/video-bolojan-este-exclusa-dublarea-cheltuielilor-militare-ale-romaniei-de-pe-un-an-pe-altul\/#primaryimage\"},\"thumbnailUrl\":\"https:\/\/carpathiacenter.ro\/wp-content\/uploads\/2025\/03\/Ilie_Bolojan.jpg\",\"datePublished\":\"2025-03-07T09:22:20+00:00\",\"dateModified\":\"2025-03-07T09:23:52+00:00\",\"breadcrumb\":{\"@id\":\"https:\/\/carpathiacenter.ro\/video-bolojan-este-exclusa-dublarea-cheltuielilor-militare-ale-romaniei-de-pe-un-an-pe-altul\/#breadcrumb\"},\"inLanguage\":\"en-GB\",\"potentialAction\":[{\"@type\":\"ReadAction\",\"target\":[\"https:\/\/carpathiacenter.ro\/video-bolojan-este-exclusa-dublarea-cheltuielilor-militare-ale-romaniei-de-pe-un-an-pe-altul\/\"]}]},{\"@type\":\"ImageObject\",\"inLanguage\":\"en-GB\",\"@id\":\"https:\/\/carpathiacenter.ro\/video-bolojan-este-exclusa-dublarea-cheltuielilor-militare-ale-romaniei-de-pe-un-an-pe-altul\/#primaryimage\",\"url\":\"https:\/\/carpathiacenter.ro\/wp-content\/uploads\/2025\/03\/Ilie_Bolojan.jpg\",\"contentUrl\":\"https:\/\/carpathiacenter.ro\/wp-content\/uploads\/2025\/03\/Ilie_Bolojan.jpg\",\"width\":1000,\"height\":630},{\"@type\":\"BreadcrumbList\",\"@id\":\"https:\/\/carpathiacenter.ro\/video-bolojan-este-exclusa-dublarea-cheltuielilor-militare-ale-romaniei-de-pe-un-an-pe-altul\/#breadcrumb\",\"itemListElement\":[{\"@type\":\"ListItem\",\"position\":1,\"name\":\"Prima pagin\u0103\",\"item\":\"https:\/\/carpathiacenter.ro\/\"},{\"@type\":\"ListItem\",\"position\":2,\"name\":\"VIDEO Bolojan: Este exclus\u0103 dublarea cheltuielilor militare ale Rom\u00e2niei de pe un an pe altul\"}]},{\"@type\":\"WebSite\",\"@id\":\"https:\/\/carpathiacenter.ro\/#website\",\"url\":\"https:\/\/carpathiacenter.ro\/\",\"name\":\"Carpathia Center Romania\",\"description\":\"Impossible made possible!\",\"publisher\":{\"@id\":\"https:\/\/carpathiacenter.ro\/#organization\"},\"potentialAction\":[{\"@type\":\"SearchAction\",\"target\":{\"@type\":\"EntryPoint\",\"urlTemplate\":\"https:\/\/carpathiacenter.ro\/?s={search_term_string}\"},\"query-input\":{\"@type\":\"PropertyValueSpecification\",\"valueRequired\":true,\"valueName\":\"search_term_string\"}}],\"inLanguage\":\"en-GB\"},{\"@type\":\"Organization\",\"@id\":\"https:\/\/carpathiacenter.ro\/#organization\",\"name\":\"Carpathia Center Romania\",\"url\":\"https:\/\/carpathiacenter.ro\/\",\"logo\":{\"@type\":\"ImageObject\",\"inLanguage\":\"en-GB\",\"@id\":\"https:\/\/carpathiacenter.ro\/#\/schema\/logo\/image\/\",\"url\":\"https:\/\/carpathiacenter.ro\/wp-content\/uploads\/2024\/07\/logo-carpathia_bg_white-1024x941.png\",\"contentUrl\":\"https:\/\/carpathiacenter.ro\/wp-content\/uploads\/2024\/07\/logo-carpathia_bg_white-1024x941.png\",\"width\":1024,\"height\":941,\"caption\":\"Carpathia Center Romania\"},\"image\":{\"@id\":\"https:\/\/carpathiacenter.ro\/#\/schema\/logo\/image\/\"},\"sameAs\":[\"https:\/\/www.facebook.com\/fdpscarpathia\/\"]},{\"@type\":\"Person\",\"@id\":\"https:\/\/carpathiacenter.ro\/#\/schema\/person\/03d9f58202fee8379268f34afa195006\",\"name\":\"creativebitsolutions\",\"image\":{\"@type\":\"ImageObject\",\"inLanguage\":\"en-GB\",\"@id\":\"https:\/\/carpathiacenter.ro\/#\/schema\/person\/image\/\",\"url\":\"https:\/\/secure.gravatar.com\/avatar\/1b1a13e37f847c635dab78348f1dff2f07651ee2a3d77a5c355a4b8c75f9165a?s=96&d=mm&r=g\",\"contentUrl\":\"https:\/\/secure.gravatar.com\/avatar\/1b1a13e37f847c635dab78348f1dff2f07651ee2a3d77a5c355a4b8c75f9165a?s=96&d=mm&r=g\",\"caption\":\"creativebitsolutions\"},\"url\":\"https:\/\/carpathiacenter.ro\/en\/author\/creativebitsolutions\/\"}]}<\/script>\n<!-- \/ Yoast SEO plugin. -->","yoast_head_json":{"title":"VIDEO Bolojan: Este exclus\u0103 dublarea cheltuielilor militare ale Rom\u00e2niei de pe un an pe altul - Carpathia Center Romania","robots":{"index":"index","follow":"follow","max-snippet":"max-snippet:-1","max-image-preview":"max-image-preview:large","max-video-preview":"max-video-preview:-1"},"canonical":"https:\/\/carpathiacenter.ro\/en\/video-bolojan-este-exclusa-dublarea-cheltuielilor-militare-ale-romaniei-de-pe-un-an-pe-altul\/","og_locale":"en_GB","og_type":"article","og_title":"VIDEO Bolojan: Este exclus\u0103 dublarea cheltuielilor militare ale Rom\u00e2niei de pe un an pe altul - Carpathia Center Romania","og_description":"Bruxelles &#8211; Trimisul special al AGERPRES, Oana Ghi\u021b\u0103, transmite: Cheltuielile de ap\u0103rare ale Rom\u00e2niei nu se vor dubla de pe un an pe altul pentru c\u0103 \u021bara noastr\u0103, din acest punct de vedere, este \u00eentr-o situa\u021bie mai bun\u0103 dec\u00e2t media statelor din Uniunea European\u0103, a afirmat, joi, pre\u0219edintele interimar, Ilie Bolojan, dup\u0103 Consiliul European. El...","og_url":"https:\/\/carpathiacenter.ro\/en\/video-bolojan-este-exclusa-dublarea-cheltuielilor-militare-ale-romaniei-de-pe-un-an-pe-altul\/","og_site_name":"Carpathia Center Romania","article_publisher":"https:\/\/www.facebook.com\/fdpscarpathia\/","article_published_time":"2025-03-07T09:22:20+00:00","article_modified_time":"2025-03-07T09:23:52+00:00","og_image":[{"width":1000,"height":630,"url":"https:\/\/carpathiacenter.ro\/wp-content\/uploads\/2025\/03\/Ilie_Bolojan.jpg","type":"image\/jpeg"}],"author":"creativebitsolutions","twitter_card":"summary_large_image","twitter_misc":{"Written by":"creativebitsolutions","Estimated reading time":"2 minutes"},"schema":{"@context":"https:\/\/schema.org","@graph":[{"@type":"Article","@id":"https:\/\/carpathiacenter.ro\/video-bolojan-este-exclusa-dublarea-cheltuielilor-militare-ale-romaniei-de-pe-un-an-pe-altul\/#article","isPartOf":{"@id":"https:\/\/carpathiacenter.ro\/video-bolojan-este-exclusa-dublarea-cheltuielilor-militare-ale-romaniei-de-pe-un-an-pe-altul\/"},"author":{"name":"creativebitsolutions","@id":"https:\/\/carpathiacenter.ro\/#\/schema\/person\/03d9f58202fee8379268f34afa195006"},"headline":"VIDEO Bolojan: Este exclus\u0103 dublarea cheltuielilor militare ale Rom\u00e2niei de pe un an pe altul","datePublished":"2025-03-07T09:22:20+00:00","dateModified":"2025-03-07T09:23:52+00:00","mainEntityOfPage":{"@id":"https:\/\/carpathiacenter.ro\/video-bolojan-este-exclusa-dublarea-cheltuielilor-militare-ale-romaniei-de-pe-un-an-pe-altul\/"},"wordCount":349,"commentCount":0,"publisher":{"@id":"https:\/\/carpathiacenter.ro\/#organization"},"image":{"@id":"https:\/\/carpathiacenter.ro\/video-bolojan-este-exclusa-dublarea-cheltuielilor-militare-ale-romaniei-de-pe-un-an-pe-altul\/#primaryimage"},"thumbnailUrl":"https:\/\/carpathiacenter.ro\/wp-content\/uploads\/2025\/03\/Ilie_Bolojan.jpg","articleSection":["Uncategorized"],"inLanguage":"en-GB","potentialAction":[{"@type":"CommentAction","name":"Comment","target":["https:\/\/carpathiacenter.ro\/video-bolojan-este-exclusa-dublarea-cheltuielilor-militare-ale-romaniei-de-pe-un-an-pe-altul\/#respond"]}]},{"@type":"WebPage","@id":"https:\/\/carpathiacenter.ro\/video-bolojan-este-exclusa-dublarea-cheltuielilor-militare-ale-romaniei-de-pe-un-an-pe-altul\/","url":"https:\/\/carpathiacenter.ro\/video-bolojan-este-exclusa-dublarea-cheltuielilor-militare-ale-romaniei-de-pe-un-an-pe-altul\/","name":"VIDEO Bolojan: Este exclus\u0103 dublarea cheltuielilor militare ale Rom\u00e2niei de pe un an pe altul - Carpathia Center Romania","isPartOf":{"@id":"https:\/\/carpathiacenter.ro\/#website"},"primaryImageOfPage":{"@id":"https:\/\/carpathiacenter.ro\/video-bolojan-este-exclusa-dublarea-cheltuielilor-militare-ale-romaniei-de-pe-un-an-pe-altul\/#primaryimage"},"image":{"@id":"https:\/\/carpathiacenter.ro\/video-bolojan-este-exclusa-dublarea-cheltuielilor-militare-ale-romaniei-de-pe-un-an-pe-altul\/#primaryimage"},"thumbnailUrl":"https:\/\/carpathiacenter.ro\/wp-content\/uploads\/2025\/03\/Ilie_Bolojan.jpg","datePublished":"2025-03-07T09:22:20+00:00","dateModified":"2025-03-07T09:23:52+00:00","breadcrumb":{"@id":"https:\/\/carpathiacenter.ro\/video-bolojan-este-exclusa-dublarea-cheltuielilor-militare-ale-romaniei-de-pe-un-an-pe-altul\/#breadcrumb"},"inLanguage":"en-GB","potentialAction":[{"@type":"ReadAction","target":["https:\/\/carpathiacenter.ro\/video-bolojan-este-exclusa-dublarea-cheltuielilor-militare-ale-romaniei-de-pe-un-an-pe-altul\/"]}]},{"@type":"ImageObject","inLanguage":"en-GB","@id":"https:\/\/carpathiacenter.ro\/video-bolojan-este-exclusa-dublarea-cheltuielilor-militare-ale-romaniei-de-pe-un-an-pe-altul\/#primaryimage","url":"https:\/\/carpathiacenter.ro\/wp-content\/uploads\/2025\/03\/Ilie_Bolojan.jpg","contentUrl":"https:\/\/carpathiacenter.ro\/wp-content\/uploads\/2025\/03\/Ilie_Bolojan.jpg","width":1000,"height":630},{"@type":"BreadcrumbList","@id":"https:\/\/carpathiacenter.ro\/video-bolojan-este-exclusa-dublarea-cheltuielilor-militare-ale-romaniei-de-pe-un-an-pe-altul\/#breadcrumb","itemListElement":[{"@type":"ListItem","position":1,"name":"Prima pagin\u0103","item":"https:\/\/carpathiacenter.ro\/"},{"@type":"ListItem","position":2,"name":"VIDEO Bolojan: Este exclus\u0103 dublarea cheltuielilor militare ale Rom\u00e2niei de pe un an pe altul"}]},{"@type":"WebSite","@id":"https:\/\/carpathiacenter.ro\/#website","url":"https:\/\/carpathiacenter.ro\/","name":"Carpathia Center Romania","description":"Impossible made possible!","publisher":{"@id":"https:\/\/carpathiacenter.ro\/#organization"},"potentialAction":[{"@type":"SearchAction","target":{"@type":"EntryPoint","urlTemplate":"https:\/\/carpathiacenter.ro\/?s={search_term_string}"},"query-input":{"@type":"PropertyValueSpecification","valueRequired":true,"valueName":"search_term_string"}}],"inLanguage":"en-GB"},{"@type":"Organization","@id":"https:\/\/carpathiacenter.ro\/#organization","name":"Carpathia Center Romania","url":"https:\/\/carpathiacenter.ro\/","logo":{"@type":"ImageObject","inLanguage":"en-GB","@id":"https:\/\/carpathiacenter.ro\/#\/schema\/logo\/image\/","url":"https:\/\/carpathiacenter.ro\/wp-content\/uploads\/2024\/07\/logo-carpathia_bg_white-1024x941.png","contentUrl":"https:\/\/carpathiacenter.ro\/wp-content\/uploads\/2024\/07\/logo-carpathia_bg_white-1024x941.png","width":1024,"height":941,"caption":"Carpathia Center Romania"},"image":{"@id":"https:\/\/carpathiacenter.ro\/#\/schema\/logo\/image\/"},"sameAs":["https:\/\/www.facebook.com\/fdpscarpathia\/"]},{"@type":"Person","@id":"https:\/\/carpathiacenter.ro\/#\/schema\/person\/03d9f58202fee8379268f34afa195006","name":"creativebitsolutions","image":{"@type":"ImageObject","inLanguage":"en-GB","@id":"https:\/\/carpathiacenter.ro\/#\/schema\/person\/image\/","url":"https:\/\/secure.gravatar.com\/avatar\/1b1a13e37f847c635dab78348f1dff2f07651ee2a3d77a5c355a4b8c75f9165a?s=96&d=mm&r=g","contentUrl":"https:\/\/secure.gravatar.com\/avatar\/1b1a13e37f847c635dab78348f1dff2f07651ee2a3d77a5c355a4b8c75f9165a?s=96&d=mm&r=g","caption":"creativebitsolutions"},"url":"https:\/\/carpathiacenter.ro\/en\/author\/creativebitsolutions\/"}]}},"_links":{"self":[{"href":"https:\/\/carpathiacenter.ro\/en\/wp-json\/wp\/v2\/posts\/1984","targetHints":{"allow":["GET"]}}],"collection":[{"href":"https:\/\/carpathiacenter.ro\/en\/wp-json\/wp\/v2\/posts"}],"about":[{"href":"https:\/\/carpathiacenter.ro\/en\/wp-json\/wp\/v2\/types\/post"}],"author":[{"embeddable":true,"href":"https:\/\/carpathiacenter.ro\/en\/wp-json\/wp\/v2\/users\/4"}],"replies":[{"embeddable":true,"href":"https:\/\/carpathiacenter.ro\/en\/wp-json\/wp\/v2\/comments?post=1984"}],"version-history":[{"count":2,"href":"https:\/\/carpathiacenter.ro\/en\/wp-json\/wp\/v2\/posts\/1984\/revisions"}],"predecessor-version":[{"id":1989,"href":"https:\/\/carpathiacenter.ro\/en\/wp-json\/wp\/v2\/posts\/1984\/revisions\/1989"}],"wp:featuredmedia":[{"embeddable":true,"href":"https:\/\/carpathiacenter.ro\/en\/wp-json\/wp\/v2\/media\/1988"}],"wp:attachment":[{"href":"https:\/\/carpathiacenter.ro\/en\/wp-json\/wp\/v2\/media?parent=1984"}],"wp:term":[{"taxonomy":"category","embeddable":true,"href":"https:\/\/carpathiacenter.ro\/en\/wp-json\/wp\/v2\/categories?post=1984"},{"taxonomy":"post_tag","embeddable":true,"href":"https:\/\/carpathiacenter.ro\/en\/wp-json\/wp\/v2\/tags?post=1984"}],"curies":[{"name":"wp","href":"https:\/\/api.w.org\/{rel}","templated":true}]}}