{"id":1979,"date":"2025-03-06T20:22:23","date_gmt":"2025-03-06T20:22:23","guid":{"rendered":"https:\/\/carpathiacenter.ro\/?p=1979"},"modified":"2025-03-06T20:22:23","modified_gmt":"2025-03-06T20:22:23","slug":"consiliul-jai-al-ue-printre-subiecte-schengen-migratia-securitatea-interna-6-7-martie","status":"publish","type":"post","link":"https:\/\/carpathiacenter.ro\/en\/consiliul-jai-al-ue-printre-subiecte-schengen-migratia-securitatea-interna-6-7-martie\/","title":{"rendered":"Consiliul JAI al UE: printre subiecte, Schengen, migra\u021bia, securitatea intern\u0103 (6-7 martie)"},"content":{"rendered":"<p>Consiliul Justi\u021bie \u0219i Afaceri Interne (JAI) al Uniunii Europene (UE) se reune\u0219te \u00een zilele de 6-7 martie 2025, la Bruxelles, \u00eentre subiectele luate \u00een discu\u021bie num\u0103r\u00e2ndu-se Schengen, migra\u021bia, securitatea intern\u0103, sistemul de intrare\/ie\u0219ire, statul de drept, drepturile fundamentale etc, informeaz\u0103 site-ul Consiliului,\u00a0<a href=\"https:\/\/www.consilium.europa.eu\/\" target=\"_blank\" rel=\"noopener\">https:\/\/www.consilium.europa.eu\/<\/a>.<\/p>\n<p>Cu privire la Schengen, \u00een urma prezent\u0103rii de c\u0103tre Comisie a Barometrului Schengen, mini\u0219trii vor avea un schimb de opinii cu privire la punerea \u00een aplicare a priorit\u0103\u021bilor ciclului Consiliului Schengen. Prioritatea care va fi examinat\u0103 \u00een cadrul acestei reuniuni a Consiliului este cre\u0219terea eficacit\u0103\u021bii sistemelor de returnare, preconiz\u00e2ndu-se c\u0103 mini\u0219trii vor aborda provoc\u0103ri precum lipsa resurselor, lipsa cooper\u0103rii din partea \u021b\u0103rilor de origine \u0219i de tranzit \u0219i utilizarea insuficient\u0103 de c\u0103tre statele membre a instrumentelor de schimb de informa\u021bii (de exemplu SIS). Pe tema spa\u021biului Schengen, la nivelul Consiliului, func\u021bioneaz\u0103 dou\u0103 grupuri de lucru: Grupul de lucru pentru evaluarea Schengen SCH-EVAL, care se ocup\u0103 cu mecanismul de evaluare Schengen \u0219i Acquis-ul Schengen, care coordoneaz\u0103 toate aspectele legislative legate de aplicarea acquis-ului Schengen. Barometrul Schengen pe 2024, prezentat de Comisie \u00een aprilie 2024, arat\u0103 c\u0103 regulile Schengen sunt bine aplicate, de\u0219i exist\u0103 unele lacune de implementare, conform\u00a0<a href=\"https:\/\/ec.europa.eu\/\" target=\"_blank\" rel=\"noopener\">https:\/\/ec.europa.eu\/<\/a>.<\/p>\n<p>\u00cen ceea ce prive\u0219te migra\u021bia, mini\u0219trii de interne ai UE vor discuta \u00een special despre dimensiunea extern\u0103. Printre subiectele de discu\u021bie se vor num\u0103ra implica\u021biile legate de migra\u021bie ale schimb\u0103rii regimului din Siria. Cele mai recente evolu\u021bii la nivelul UE \u00een ceea ce prive\u0219te migra\u021bia sunt date de adoptarea, la 14 mai 2024, de c\u0103tre Consiliu, a Pactului UE privind migra\u021bia \u0219i azilul, care cuprinde un set de norme care vor contribui la gestionarea sosirilor \u00een mod ordonat, crearea de proceduri eficiente \u0219i uniforme \u0219i asigurarea unei repartiz\u0103ri echitabile a sarcinilor \u00eentre statele membre, se arat\u0103 pe\u00a0<a href=\"https:\/\/www.consilium.europa.eu\/\" target=\"_blank\" rel=\"noopener\">https:\/\/www.consilium.europa.eu\/<\/a>.<\/p>\n<p>Tot mini\u0219trii de interne vor aborda impactul situa\u021biei geopolitice actuale asupra securit\u0103\u021bii interne a UE, cu accent pe Siria \u0219i Ucraina. Pe acest subiect se va discuta \u0219i cu mini\u0219trii responsabili cu securitatea din 16 \u021b\u0103ri care particip\u0103 la Comitetul latino-american pentru securitate intern\u0103 (CLASI). Obiectivul schimbului dintre mini\u0219trii UE \u0219i CLASI este de a consolida cooperarea \u00een materie de aplicare a legii la nivel regional \u0219i bi-regional, pentru a aborda amenin\u021b\u0103rile la adresa securit\u0103\u021bii interne reprezentate de re\u021belele transna\u021bionale de criminalitate organizat\u0103. De asemenea, va fi ocazia de a conveni asupra noii declara\u021bii comune UE-CLASI \u0219i asupra unei foi de parcurs pentru punerea \u00een aplicare a priorit\u0103\u021bilor de cooperare opera\u021bional\u0103 \u00een perioada 2025-2026.<\/p>\n<p>Cu privire la sistemul de intrare\/ie\u0219ire, pre\u0219edin\u021bia polonez\u0103 a Uniunii (ianuarie-iunie 2025) urm\u0103re\u0219te s\u0103 ajung\u0103 la o pozi\u021bie comun\u0103 a statelor membre (abordare general\u0103) cu privire la un regulament referitor la punerea \u00een func\u021biune treptat\u0103 a Sistemului de intrare\/ie\u0219ire (EES). EES \u00eenregistreaz\u0103 intrarea, ie\u0219irea \u0219i refuzul intr\u0103rii resortisan\u021bilor \u021b\u0103rilor ter\u021be care trec frontierele externe ale UE pentru o \u0219edere pe termen scurt. \u00cen cadrul noului sistem, poli\u021bia de frontier\u0103 va scana amprentele digitale sau va face fotografii persoanelor care trec frontiera pentru prima dat\u0103 \u0219i va \u00eenregistra aceste informa\u021bii \u00eentr-un fi\u0219ier digital. Mini\u0219trii vor discuta, de asemenea, despre interoperabilitatea infrastructurii informatice a UE de aplicare a legii \u0219i vor aproba o nou\u0103 foaie de parcurs privind punerea \u00een aplicare (inclusiv lansarea ETIAS, sistemul UE de autorizare a c\u0103l\u0103toriilor).<\/p>\n<p>Statul de drept va fi subiectul unui pr\u00e2nz de lucru al mini\u0219trilor justi\u021biei, care vor discuta despre acest aspect ca pilon al democra\u021biei \u00een Europa \u0219i despre modul \u00een care statele membre \u0219i UE pot contribui la consolidarea acestuia. UE a elaborat o serie de instrumente pentru a promova \u0219i a sus\u021bine statul de drept, inclusiv evalu\u0103ri sub form\u0103 de dialoguri anuale, a\u0219a-numitele proceduri prev\u0103zute la articolul 7, proceduri \u00een fa\u021ba Cur\u021bii de Justi\u021bie \u0219i m\u0103suri de protejare a bugetului UE, rapoarte privind statul de drept etc. Introduse \u00een 2020, rapoartele anuale privind statul de drept ofer\u0103 o imagine de ansamblu cuprinz\u0103toare a situa\u021biei \u00een toate statele membre ale UE \u0219i a tendin\u021belor generale din \u00eentreaga UE. Acesta serve\u0219te drept instrument de diagnosticare pentru identificarea provoc\u0103rilor, schimbul de bune practici \u0219i \u00eencurajarea reformelor \u00een cadrul capitolelor specifice fiec\u0103rei \u021b\u0103ri. Raportul se axeaz\u0103 pe patru domenii: sistemul judiciar, cadrul anticorup\u021bie, pluralismul \u0219i libertatea mass-mediei, alte aspecte institu\u021bionale legate de echilibrul puterilor. Raportul privind statul de drept din 2024 a abordat pentru prima dat\u0103 evolu\u021biile \u00een materie de stat de drept \u00een patru \u021b\u0103ri candidate la aderarea la UE: Albania, Muntenegru, Macedonia de Nord \u0219i Serbia, mai scrie site-ul\u00a0<a href=\"https:\/\/www.consilium.europa.eu\/\" target=\"_blank\" rel=\"noopener\">https:\/\/www.consilium.europa.eu\/<\/a>.<\/p>\n<p>Nu \u00een ultimul r\u00e2nd, se a\u0219teapt\u0103 aprobarea de concluzii de c\u0103tre Consiliu cu privire la aplicarea Cartei UE a drepturilor fundamentale. Aceste concluzii ar reprezenta o continuare a raportului anual al Comisiei pentru 2024 privind punerea \u00een aplicare a Cartei. Raportul ofer\u0103 o imagine de ansamblu asupra evolu\u021biilor din domeniul finan\u021b\u0103rii drepturilor fundamentale.<\/p>\n<p>***<br \/>\nPrecedenta reuniune a Consiliului Justi\u021bie \u0219i Afaceri Interne al UE a avut loc \u00een 30-31 ianuarie 2025, la Var\u0219ovia, \u0219i a fost una informal\u0103. S-a discutat despre \u00eent\u0103rirea securit\u0103\u021bii UE \u00een zonele de migra\u021bie, provoc\u0103rile privind statul de drept \u0219i consecin\u021bele agresiunii ruse \u00een Ucraina, conform\u00a0<a href=\"https:\/\/polish-presidency.consilium.europa.eu\/\" target=\"_blank\" rel=\"noopener\">https:\/\/polish-presidency.consilium.europa.eu\/<\/a>.<\/p>\n<p>***<br \/>\nConsiliul Justi\u021bie \u0219i Afaceri Interne (JAI) este una dintre cele 10 forma\u021biuni ale Consiliului UE \u0219i se reune\u0219te at\u00e2t \u00een cadrul reuniunilor formale, c\u00e2t \u0219i \u00een cadrul \u0219edin\u021belor informale, ini\u021biate de obicei de c\u0103tre \u021b\u0103rile care de\u021bin pre\u0219edin\u021bia rotativ\u0103 a UE.<\/p>\n<p>La Consiliul JAI particip\u0103, \u00een principal, mini\u0219trii justi\u021biei \u0219i ai afacerilor interne din statele membre ale UE, iar \u00een domeniile legate de Schengen, discu\u021biile au loc \u00een formatul comitetului mixt, alc\u0103tuit din: statele membre ale UE plus cele patru \u021b\u0103ri care nu fac parte din UE, dar au adoptat acordul Schengen (Islanda, Liechtenstein, Norvegia, Elve\u021bia), scrie\u00a0<a href=\"https:\/\/data.consilium.europa.eu\/\" target=\"_blank\" rel=\"noopener\">https:\/\/data.consilium.europa.eu\/<\/a>.<\/p>\n<p>\u00cen cadrul reuniunilor, mini\u0219trii justi\u021biei se ocup\u0103 de cooperarea judiciar\u0103 \u00een materie civil\u0103 \u0219i penal\u0103 \u0219i de drepturile fundamentale, \u00een timp ce mini\u0219trii afacerilor interne sunt responsabili cu migra\u021bia, gestionarea frontierelor \u0219i cooperarea poli\u021bieneasc\u0103.<\/p>\n<p>Consiliul UE exercit\u0103, \u00eempreun\u0103 cu Parlamentul European, func\u021biile legislativ\u0103 \u0219i bugetar\u0103, fiind compus din c\u00e2te un reprezentant la nivel ministerial al fiec\u0103rui stat membru, potrivit art. 16 din Tratatul Uniunii Europene, accesat pe\u00a0<a href=\"https:\/\/eur-lex.europa.eu\/\" target=\"_blank\" rel=\"noopener\">https:\/\/eur-lex.europa.eu<\/a>.<\/p>\n<p>De\u0219i se reune\u0219te \u00een diferite forma\u021biuni \u00een func\u021bie de subiectul discutat, Consiliul UE este o entitate juridic\u0103 unic\u0103, lucr\u0103rile sale fiind preg\u0103tite de un comitet al reprezentan\u021bilor permanen\u021bi ai statelor membre (Coreper) \u0219i de comitete \u0219i grupuri de lucru specializate.<\/p>\n<p>Pe ordinea de zi a reuniunilor pot fi \u00eenscrise subiecte cu caracter non-legislativ sau subiecte cu caracter legislativ. Cea mai mare parte a subiectelor de pe ordinea de zi a reuniunilor diverselor forma\u021biuni ale Consiliului este reprezentat\u0103 de documente f\u0103r\u0103 efecte juridice, cum ar fi concluziile, rezolu\u021biile \u0219i declara\u021biile. Aceste tipuri de documente exprim\u0103 doar pozi\u021bii politice. AGERPRES\/(Documentare &#8211; Ionela Gavril, editor: Roxana Losneanu, editor online: Andreea Preda)<\/p>\n<p>https:\/\/agerpres.ro\/documentare\/2025\/03\/06\/consiliul-jai-al-ue-printre-subiecte-schengen-migratia-securitatea-interna-6-7-martie&#8211;1428230<\/p>","protected":false},"excerpt":{"rendered":"<p>Consiliul Justi\u021bie \u0219i Afaceri Interne (JAI) al Uniunii Europene (UE) se reune\u0219te \u00een zilele de 6-7 martie 2025, la Bruxelles, \u00eentre subiectele luate \u00een discu\u021bie num\u0103r\u00e2ndu-se Schengen, migra\u021bia, securitatea intern\u0103, sistemul de intrare\/ie\u0219ire, statul de drept, drepturile fundamentale etc, informeaz\u0103 site-ul Consiliului,\u00a0https:\/\/www.consilium.europa.eu\/. Cu privire la Schengen, \u00een urma prezent\u0103rii de c\u0103tre Comisie a Barometrului Schengen,&#8230;<\/p>","protected":false},"author":4,"featured_media":1904,"comment_status":"open","ping_status":"open","sticky":false,"template":"","format":"standard","meta":{"footnotes":""},"categories":[1],"tags":[],"class_list":["post-1979","post","type-post","status-publish","format-standard","has-post-thumbnail","hentry","category-uncategorized"],"yoast_head":"<!-- This site is optimized with the Yoast SEO plugin v26.1.1 - https:\/\/yoast.com\/wordpress\/plugins\/seo\/ -->\n<title>Consiliul JAI al UE: printre subiecte, Schengen, migra\u021bia, securitatea intern\u0103 (6-7 martie) - Carpathia Center Romania<\/title>\n<meta name=\"robots\" content=\"index, follow, max-snippet:-1, max-image-preview:large, max-video-preview:-1\" \/>\n<link rel=\"canonical\" href=\"https:\/\/carpathiacenter.ro\/en\/consiliul-jai-al-ue-printre-subiecte-schengen-migratia-securitatea-interna-6-7-martie\/\" \/>\n<meta property=\"og:locale\" content=\"en_GB\" \/>\n<meta property=\"og:type\" content=\"article\" \/>\n<meta property=\"og:title\" content=\"Consiliul JAI al UE: printre subiecte, Schengen, migra\u021bia, securitatea intern\u0103 (6-7 martie) - Carpathia Center Romania\" \/>\n<meta property=\"og:description\" content=\"Consiliul Justi\u021bie \u0219i Afaceri Interne (JAI) al Uniunii Europene (UE) se reune\u0219te \u00een zilele de 6-7 martie 2025, la Bruxelles, \u00eentre subiectele luate \u00een discu\u021bie num\u0103r\u00e2ndu-se Schengen, migra\u021bia, securitatea intern\u0103, sistemul de intrare\/ie\u0219ire, statul de drept, drepturile fundamentale etc, informeaz\u0103 site-ul Consiliului,\u00a0https:\/\/www.consilium.europa.eu\/. Cu privire la Schengen, \u00een urma prezent\u0103rii de c\u0103tre Comisie a Barometrului Schengen,...\" \/>\n<meta property=\"og:url\" content=\"https:\/\/carpathiacenter.ro\/en\/consiliul-jai-al-ue-printre-subiecte-schengen-migratia-securitatea-interna-6-7-martie\/\" \/>\n<meta property=\"og:site_name\" content=\"Carpathia Center Romania\" \/>\n<meta property=\"article:publisher\" content=\"https:\/\/www.facebook.com\/fdpscarpathia\/\" \/>\n<meta property=\"article:published_time\" content=\"2025-03-06T20:22:23+00:00\" \/>\n<meta property=\"og:image\" content=\"https:\/\/carpathiacenter.ro\/wp-content\/uploads\/2025\/02\/uniunea-europeana-bruxelles.jpg\" \/>\n\t<meta property=\"og:image:width\" content=\"2560\" \/>\n\t<meta property=\"og:image:height\" content=\"1707\" \/>\n\t<meta property=\"og:image:type\" content=\"image\/jpeg\" \/>\n<meta name=\"author\" content=\"creativebitsolutions\" \/>\n<meta name=\"twitter:card\" content=\"summary_large_image\" \/>\n<meta name=\"twitter:label1\" content=\"Written by\" \/>\n\t<meta name=\"twitter:data1\" content=\"creativebitsolutions\" \/>\n\t<meta name=\"twitter:label2\" content=\"Estimated reading time\" \/>\n\t<meta name=\"twitter:data2\" content=\"6 minutes\" \/>\n<script type=\"application\/ld+json\" class=\"yoast-schema-graph\">{\"@context\":\"https:\/\/schema.org\",\"@graph\":[{\"@type\":\"Article\",\"@id\":\"https:\/\/carpathiacenter.ro\/consiliul-jai-al-ue-printre-subiecte-schengen-migratia-securitatea-interna-6-7-martie\/#article\",\"isPartOf\":{\"@id\":\"https:\/\/carpathiacenter.ro\/consiliul-jai-al-ue-printre-subiecte-schengen-migratia-securitatea-interna-6-7-martie\/\"},\"author\":{\"name\":\"creativebitsolutions\",\"@id\":\"https:\/\/carpathiacenter.ro\/#\/schema\/person\/03d9f58202fee8379268f34afa195006\"},\"headline\":\"Consiliul JAI al UE: printre subiecte, Schengen, migra\u021bia, securitatea intern\u0103 (6-7 martie)\",\"datePublished\":\"2025-03-06T20:22:23+00:00\",\"mainEntityOfPage\":{\"@id\":\"https:\/\/carpathiacenter.ro\/consiliul-jai-al-ue-printre-subiecte-schengen-migratia-securitatea-interna-6-7-martie\/\"},\"wordCount\":1275,\"commentCount\":0,\"publisher\":{\"@id\":\"https:\/\/carpathiacenter.ro\/#organization\"},\"image\":{\"@id\":\"https:\/\/carpathiacenter.ro\/consiliul-jai-al-ue-printre-subiecte-schengen-migratia-securitatea-interna-6-7-martie\/#primaryimage\"},\"thumbnailUrl\":\"https:\/\/carpathiacenter.ro\/wp-content\/uploads\/2025\/02\/uniunea-europeana-bruxelles.jpg\",\"articleSection\":[\"Uncategorized\"],\"inLanguage\":\"en-GB\",\"potentialAction\":[{\"@type\":\"CommentAction\",\"name\":\"Comment\",\"target\":[\"https:\/\/carpathiacenter.ro\/consiliul-jai-al-ue-printre-subiecte-schengen-migratia-securitatea-interna-6-7-martie\/#respond\"]}]},{\"@type\":\"WebPage\",\"@id\":\"https:\/\/carpathiacenter.ro\/consiliul-jai-al-ue-printre-subiecte-schengen-migratia-securitatea-interna-6-7-martie\/\",\"url\":\"https:\/\/carpathiacenter.ro\/consiliul-jai-al-ue-printre-subiecte-schengen-migratia-securitatea-interna-6-7-martie\/\",\"name\":\"Consiliul JAI al UE: printre subiecte, Schengen, migra\u021bia, securitatea intern\u0103 (6-7 martie) - Carpathia Center Romania\",\"isPartOf\":{\"@id\":\"https:\/\/carpathiacenter.ro\/#website\"},\"primaryImageOfPage\":{\"@id\":\"https:\/\/carpathiacenter.ro\/consiliul-jai-al-ue-printre-subiecte-schengen-migratia-securitatea-interna-6-7-martie\/#primaryimage\"},\"image\":{\"@id\":\"https:\/\/carpathiacenter.ro\/consiliul-jai-al-ue-printre-subiecte-schengen-migratia-securitatea-interna-6-7-martie\/#primaryimage\"},\"thumbnailUrl\":\"https:\/\/carpathiacenter.ro\/wp-content\/uploads\/2025\/02\/uniunea-europeana-bruxelles.jpg\",\"datePublished\":\"2025-03-06T20:22:23+00:00\",\"breadcrumb\":{\"@id\":\"https:\/\/carpathiacenter.ro\/consiliul-jai-al-ue-printre-subiecte-schengen-migratia-securitatea-interna-6-7-martie\/#breadcrumb\"},\"inLanguage\":\"en-GB\",\"potentialAction\":[{\"@type\":\"ReadAction\",\"target\":[\"https:\/\/carpathiacenter.ro\/consiliul-jai-al-ue-printre-subiecte-schengen-migratia-securitatea-interna-6-7-martie\/\"]}]},{\"@type\":\"ImageObject\",\"inLanguage\":\"en-GB\",\"@id\":\"https:\/\/carpathiacenter.ro\/consiliul-jai-al-ue-printre-subiecte-schengen-migratia-securitatea-interna-6-7-martie\/#primaryimage\",\"url\":\"https:\/\/carpathiacenter.ro\/wp-content\/uploads\/2025\/02\/uniunea-europeana-bruxelles.jpg\",\"contentUrl\":\"https:\/\/carpathiacenter.ro\/wp-content\/uploads\/2025\/02\/uniunea-europeana-bruxelles.jpg\",\"width\":2560,\"height\":1707},{\"@type\":\"BreadcrumbList\",\"@id\":\"https:\/\/carpathiacenter.ro\/consiliul-jai-al-ue-printre-subiecte-schengen-migratia-securitatea-interna-6-7-martie\/#breadcrumb\",\"itemListElement\":[{\"@type\":\"ListItem\",\"position\":1,\"name\":\"Prima pagin\u0103\",\"item\":\"https:\/\/carpathiacenter.ro\/\"},{\"@type\":\"ListItem\",\"position\":2,\"name\":\"Consiliul JAI al UE: printre subiecte, Schengen, migra\u021bia, securitatea intern\u0103 (6-7 martie)\"}]},{\"@type\":\"WebSite\",\"@id\":\"https:\/\/carpathiacenter.ro\/#website\",\"url\":\"https:\/\/carpathiacenter.ro\/\",\"name\":\"Carpathia Center Romania\",\"description\":\"Impossible made possible!\",\"publisher\":{\"@id\":\"https:\/\/carpathiacenter.ro\/#organization\"},\"potentialAction\":[{\"@type\":\"SearchAction\",\"target\":{\"@type\":\"EntryPoint\",\"urlTemplate\":\"https:\/\/carpathiacenter.ro\/?s={search_term_string}\"},\"query-input\":{\"@type\":\"PropertyValueSpecification\",\"valueRequired\":true,\"valueName\":\"search_term_string\"}}],\"inLanguage\":\"en-GB\"},{\"@type\":\"Organization\",\"@id\":\"https:\/\/carpathiacenter.ro\/#organization\",\"name\":\"Carpathia Center Romania\",\"url\":\"https:\/\/carpathiacenter.ro\/\",\"logo\":{\"@type\":\"ImageObject\",\"inLanguage\":\"en-GB\",\"@id\":\"https:\/\/carpathiacenter.ro\/#\/schema\/logo\/image\/\",\"url\":\"https:\/\/carpathiacenter.ro\/wp-content\/uploads\/2024\/07\/logo-carpathia_bg_white-1024x941.png\",\"contentUrl\":\"https:\/\/carpathiacenter.ro\/wp-content\/uploads\/2024\/07\/logo-carpathia_bg_white-1024x941.png\",\"width\":1024,\"height\":941,\"caption\":\"Carpathia Center Romania\"},\"image\":{\"@id\":\"https:\/\/carpathiacenter.ro\/#\/schema\/logo\/image\/\"},\"sameAs\":[\"https:\/\/www.facebook.com\/fdpscarpathia\/\"]},{\"@type\":\"Person\",\"@id\":\"https:\/\/carpathiacenter.ro\/#\/schema\/person\/03d9f58202fee8379268f34afa195006\",\"name\":\"creativebitsolutions\",\"image\":{\"@type\":\"ImageObject\",\"inLanguage\":\"en-GB\",\"@id\":\"https:\/\/carpathiacenter.ro\/#\/schema\/person\/image\/\",\"url\":\"https:\/\/secure.gravatar.com\/avatar\/1b1a13e37f847c635dab78348f1dff2f07651ee2a3d77a5c355a4b8c75f9165a?s=96&d=mm&r=g\",\"contentUrl\":\"https:\/\/secure.gravatar.com\/avatar\/1b1a13e37f847c635dab78348f1dff2f07651ee2a3d77a5c355a4b8c75f9165a?s=96&d=mm&r=g\",\"caption\":\"creativebitsolutions\"},\"url\":\"https:\/\/carpathiacenter.ro\/en\/author\/creativebitsolutions\/\"}]}<\/script>\n<!-- \/ Yoast SEO plugin. -->","yoast_head_json":{"title":"Consiliul JAI al UE: printre subiecte, Schengen, migra\u021bia, securitatea intern\u0103 (6-7 martie) - Carpathia Center Romania","robots":{"index":"index","follow":"follow","max-snippet":"max-snippet:-1","max-image-preview":"max-image-preview:large","max-video-preview":"max-video-preview:-1"},"canonical":"https:\/\/carpathiacenter.ro\/en\/consiliul-jai-al-ue-printre-subiecte-schengen-migratia-securitatea-interna-6-7-martie\/","og_locale":"en_GB","og_type":"article","og_title":"Consiliul JAI al UE: printre subiecte, Schengen, migra\u021bia, securitatea intern\u0103 (6-7 martie) - Carpathia Center Romania","og_description":"Consiliul Justi\u021bie \u0219i Afaceri Interne (JAI) al Uniunii Europene (UE) se reune\u0219te \u00een zilele de 6-7 martie 2025, la Bruxelles, \u00eentre subiectele luate \u00een discu\u021bie num\u0103r\u00e2ndu-se Schengen, migra\u021bia, securitatea intern\u0103, sistemul de intrare\/ie\u0219ire, statul de drept, drepturile fundamentale etc, informeaz\u0103 site-ul Consiliului,\u00a0https:\/\/www.consilium.europa.eu\/. Cu privire la Schengen, \u00een urma prezent\u0103rii de c\u0103tre Comisie a Barometrului Schengen,...","og_url":"https:\/\/carpathiacenter.ro\/en\/consiliul-jai-al-ue-printre-subiecte-schengen-migratia-securitatea-interna-6-7-martie\/","og_site_name":"Carpathia Center Romania","article_publisher":"https:\/\/www.facebook.com\/fdpscarpathia\/","article_published_time":"2025-03-06T20:22:23+00:00","og_image":[{"width":2560,"height":1707,"url":"https:\/\/carpathiacenter.ro\/wp-content\/uploads\/2025\/02\/uniunea-europeana-bruxelles.jpg","type":"image\/jpeg"}],"author":"creativebitsolutions","twitter_card":"summary_large_image","twitter_misc":{"Written by":"creativebitsolutions","Estimated reading time":"6 minutes"},"schema":{"@context":"https:\/\/schema.org","@graph":[{"@type":"Article","@id":"https:\/\/carpathiacenter.ro\/consiliul-jai-al-ue-printre-subiecte-schengen-migratia-securitatea-interna-6-7-martie\/#article","isPartOf":{"@id":"https:\/\/carpathiacenter.ro\/consiliul-jai-al-ue-printre-subiecte-schengen-migratia-securitatea-interna-6-7-martie\/"},"author":{"name":"creativebitsolutions","@id":"https:\/\/carpathiacenter.ro\/#\/schema\/person\/03d9f58202fee8379268f34afa195006"},"headline":"Consiliul JAI al UE: printre subiecte, Schengen, migra\u021bia, securitatea intern\u0103 (6-7 martie)","datePublished":"2025-03-06T20:22:23+00:00","mainEntityOfPage":{"@id":"https:\/\/carpathiacenter.ro\/consiliul-jai-al-ue-printre-subiecte-schengen-migratia-securitatea-interna-6-7-martie\/"},"wordCount":1275,"commentCount":0,"publisher":{"@id":"https:\/\/carpathiacenter.ro\/#organization"},"image":{"@id":"https:\/\/carpathiacenter.ro\/consiliul-jai-al-ue-printre-subiecte-schengen-migratia-securitatea-interna-6-7-martie\/#primaryimage"},"thumbnailUrl":"https:\/\/carpathiacenter.ro\/wp-content\/uploads\/2025\/02\/uniunea-europeana-bruxelles.jpg","articleSection":["Uncategorized"],"inLanguage":"en-GB","potentialAction":[{"@type":"CommentAction","name":"Comment","target":["https:\/\/carpathiacenter.ro\/consiliul-jai-al-ue-printre-subiecte-schengen-migratia-securitatea-interna-6-7-martie\/#respond"]}]},{"@type":"WebPage","@id":"https:\/\/carpathiacenter.ro\/consiliul-jai-al-ue-printre-subiecte-schengen-migratia-securitatea-interna-6-7-martie\/","url":"https:\/\/carpathiacenter.ro\/consiliul-jai-al-ue-printre-subiecte-schengen-migratia-securitatea-interna-6-7-martie\/","name":"Consiliul JAI al UE: printre subiecte, Schengen, migra\u021bia, securitatea intern\u0103 (6-7 martie) - Carpathia Center Romania","isPartOf":{"@id":"https:\/\/carpathiacenter.ro\/#website"},"primaryImageOfPage":{"@id":"https:\/\/carpathiacenter.ro\/consiliul-jai-al-ue-printre-subiecte-schengen-migratia-securitatea-interna-6-7-martie\/#primaryimage"},"image":{"@id":"https:\/\/carpathiacenter.ro\/consiliul-jai-al-ue-printre-subiecte-schengen-migratia-securitatea-interna-6-7-martie\/#primaryimage"},"thumbnailUrl":"https:\/\/carpathiacenter.ro\/wp-content\/uploads\/2025\/02\/uniunea-europeana-bruxelles.jpg","datePublished":"2025-03-06T20:22:23+00:00","breadcrumb":{"@id":"https:\/\/carpathiacenter.ro\/consiliul-jai-al-ue-printre-subiecte-schengen-migratia-securitatea-interna-6-7-martie\/#breadcrumb"},"inLanguage":"en-GB","potentialAction":[{"@type":"ReadAction","target":["https:\/\/carpathiacenter.ro\/consiliul-jai-al-ue-printre-subiecte-schengen-migratia-securitatea-interna-6-7-martie\/"]}]},{"@type":"ImageObject","inLanguage":"en-GB","@id":"https:\/\/carpathiacenter.ro\/consiliul-jai-al-ue-printre-subiecte-schengen-migratia-securitatea-interna-6-7-martie\/#primaryimage","url":"https:\/\/carpathiacenter.ro\/wp-content\/uploads\/2025\/02\/uniunea-europeana-bruxelles.jpg","contentUrl":"https:\/\/carpathiacenter.ro\/wp-content\/uploads\/2025\/02\/uniunea-europeana-bruxelles.jpg","width":2560,"height":1707},{"@type":"BreadcrumbList","@id":"https:\/\/carpathiacenter.ro\/consiliul-jai-al-ue-printre-subiecte-schengen-migratia-securitatea-interna-6-7-martie\/#breadcrumb","itemListElement":[{"@type":"ListItem","position":1,"name":"Prima pagin\u0103","item":"https:\/\/carpathiacenter.ro\/"},{"@type":"ListItem","position":2,"name":"Consiliul JAI al UE: printre subiecte, Schengen, migra\u021bia, securitatea intern\u0103 (6-7 martie)"}]},{"@type":"WebSite","@id":"https:\/\/carpathiacenter.ro\/#website","url":"https:\/\/carpathiacenter.ro\/","name":"Carpathia Center Romania","description":"Impossible made possible!","publisher":{"@id":"https:\/\/carpathiacenter.ro\/#organization"},"potentialAction":[{"@type":"SearchAction","target":{"@type":"EntryPoint","urlTemplate":"https:\/\/carpathiacenter.ro\/?s={search_term_string}"},"query-input":{"@type":"PropertyValueSpecification","valueRequired":true,"valueName":"search_term_string"}}],"inLanguage":"en-GB"},{"@type":"Organization","@id":"https:\/\/carpathiacenter.ro\/#organization","name":"Carpathia Center Romania","url":"https:\/\/carpathiacenter.ro\/","logo":{"@type":"ImageObject","inLanguage":"en-GB","@id":"https:\/\/carpathiacenter.ro\/#\/schema\/logo\/image\/","url":"https:\/\/carpathiacenter.ro\/wp-content\/uploads\/2024\/07\/logo-carpathia_bg_white-1024x941.png","contentUrl":"https:\/\/carpathiacenter.ro\/wp-content\/uploads\/2024\/07\/logo-carpathia_bg_white-1024x941.png","width":1024,"height":941,"caption":"Carpathia Center Romania"},"image":{"@id":"https:\/\/carpathiacenter.ro\/#\/schema\/logo\/image\/"},"sameAs":["https:\/\/www.facebook.com\/fdpscarpathia\/"]},{"@type":"Person","@id":"https:\/\/carpathiacenter.ro\/#\/schema\/person\/03d9f58202fee8379268f34afa195006","name":"creativebitsolutions","image":{"@type":"ImageObject","inLanguage":"en-GB","@id":"https:\/\/carpathiacenter.ro\/#\/schema\/person\/image\/","url":"https:\/\/secure.gravatar.com\/avatar\/1b1a13e37f847c635dab78348f1dff2f07651ee2a3d77a5c355a4b8c75f9165a?s=96&d=mm&r=g","contentUrl":"https:\/\/secure.gravatar.com\/avatar\/1b1a13e37f847c635dab78348f1dff2f07651ee2a3d77a5c355a4b8c75f9165a?s=96&d=mm&r=g","caption":"creativebitsolutions"},"url":"https:\/\/carpathiacenter.ro\/en\/author\/creativebitsolutions\/"}]}},"_links":{"self":[{"href":"https:\/\/carpathiacenter.ro\/en\/wp-json\/wp\/v2\/posts\/1979","targetHints":{"allow":["GET"]}}],"collection":[{"href":"https:\/\/carpathiacenter.ro\/en\/wp-json\/wp\/v2\/posts"}],"about":[{"href":"https:\/\/carpathiacenter.ro\/en\/wp-json\/wp\/v2\/types\/post"}],"author":[{"embeddable":true,"href":"https:\/\/carpathiacenter.ro\/en\/wp-json\/wp\/v2\/users\/4"}],"replies":[{"embeddable":true,"href":"https:\/\/carpathiacenter.ro\/en\/wp-json\/wp\/v2\/comments?post=1979"}],"version-history":[{"count":1,"href":"https:\/\/carpathiacenter.ro\/en\/wp-json\/wp\/v2\/posts\/1979\/revisions"}],"predecessor-version":[{"id":1981,"href":"https:\/\/carpathiacenter.ro\/en\/wp-json\/wp\/v2\/posts\/1979\/revisions\/1981"}],"wp:featuredmedia":[{"embeddable":true,"href":"https:\/\/carpathiacenter.ro\/en\/wp-json\/wp\/v2\/media\/1904"}],"wp:attachment":[{"href":"https:\/\/carpathiacenter.ro\/en\/wp-json\/wp\/v2\/media?parent=1979"}],"wp:term":[{"taxonomy":"category","embeddable":true,"href":"https:\/\/carpathiacenter.ro\/en\/wp-json\/wp\/v2\/categories?post=1979"},{"taxonomy":"post_tag","embeddable":true,"href":"https:\/\/carpathiacenter.ro\/en\/wp-json\/wp\/v2\/tags?post=1979"}],"curies":[{"name":"wp","href":"https:\/\/api.w.org\/{rel}","templated":true}]}}