{"id":1975,"date":"2025-03-05T04:45:11","date_gmt":"2025-03-05T04:45:11","guid":{"rendered":"https:\/\/carpathiacenter.ro\/?p=1975"},"modified":"2025-03-06T04:54:08","modified_gmt":"2025-03-06T04:54:08","slug":"prezidentiale2025-bec-procedura-adoptata-privind-votul-prin-intermediul-urnei-speciale","status":"publish","type":"post","link":"https:\/\/carpathiacenter.ro\/en\/prezidentiale2025-bec-procedura-adoptata-privind-votul-prin-intermediul-urnei-speciale\/","title":{"rendered":"Preziden\u021biale2025\/ BEC: Procedur\u0103 adoptat\u0103 privind votul prin intermediul urnei speciale"},"content":{"rendered":"<p><strong>Biroul Electoral Central (BEC) a decis, mar\u021bi, procedura privind exercitarea dreptului de vot prin intermediul urnei speciale la alegerile preziden\u021biale din 4 mai, stabilind, printre altele, c\u0103 aleg\u0103torii afla\u021bi \u00een str\u0103in\u0103tate nu pot vota cu urna special\u0103.<\/strong><\/p>\n<p>Conform deciziei adoptate, aleg\u0103torul care, din motive obiective, cauzate de boal\u0103 sau invaliditate, atestate prin \u00eenscrisuri, nu se poate deplasa la sediul sec\u021biei de votare organizat\u0103 \u00een \u021bar\u0103 poate depune cerere pentru a vota prin intermediul urnei speciale.<\/p>\n<p>Cererea trebuie s\u0103 fie \u00eenso\u021bit\u0103 fie de adeverin\u021ba eliberat\u0103 de medicul de familie al aleg\u0103torului netransportabil, fie de copia oric\u0103rui act medical sau oficial din care rezult\u0103 situa\u021bia care atrage imposibilitatea deplas\u0103rii la sediul sec\u021biei de votare, respectiv boala ori starea de invaliditate, nefiind necesar ca documentele s\u0103 cuprind\u0103 \u00een mod expres sintagma &#8216;persoan\u0103 netransportabil\u0103&#8217;.<\/p>\n<p>Ea va fi depus\u0103 fizic la sec\u021bia de votare arondat\u0103 prin intermediul oric\u0103rei persoane. Pentru a primi cererile, pre\u0219edin\u021bii birourilor electorale ale sec\u021biilor de votare vor asigura permanen\u021ba la sediul sec\u021biei de votare, \u00een preziua vot\u0103rii, \u00eentre orele 18:00 &#8211; 20:00.<\/p>\n<p>Prin excep\u021bie, cererile pentru a vota prin intermediul urnei speciale \u0219i documentele prev\u0103zute pot fi depuse, prin intermediul oric\u0103rei persoane, \u0219i la biroul electoral jude\u021bean sau al sectorului municipiului Bucure\u0219ti, cel mai t\u00e2rziu la data de 2 mai, ora 17:00, fizic sau prin mijloace electronice \u0219i, respectiv, pentru turul al doilea &#8211; cel mai t\u00e2rziu la data de 16 mai, ora 17:00.<\/p>\n<p>\u00cen aceast\u0103 situa\u021bie, cererea poate fi semnat\u0103 electronic, sau poate fi transmis exemplarul scanat sau fotografiat al cererii semnate olograf.<\/p>\n<p>\u00cen cazul \u00een care aleg\u0103torul care solicit\u0103 exercitarea dreptului de vot prin intermediul urnei speciale nu \u00eendepline\u0219te condi\u021biile prev\u0103zute de lege sau se constat\u0103 c\u0103 documentele depuse de c\u0103tre acesta sau \u00een numele acestuia sunt incomplete, acesta este \u00een\u0219tiin\u021bat, de \u00eendat\u0103, prin grija pre\u0219edintelui biroului electoral jude\u021bean, al sectorului municipiului Bucure\u0219ti sau al biroului electoral al sec\u021biei de votare la care a fost depus\u0103 cererea, dup\u0103 caz.<\/p>\n<p>\u0218i aleg\u0103torii care, \u00een ziua alegerilor, se afl\u0103 \u00een \u021bar\u0103 \u0219i care, din cauza specificului activit\u0103\u021bii pe care o desf\u0103\u0219oar\u0103, nu se pot prezenta la sec\u021bia de votare, \u00ee\u0219i pot exercita dreptul de vot prin intermediul urnei speciale. \u00cen aceast\u0103 situa\u021bie, cererea pentru a vota prin intermediul urnei speciale va fi \u00eenso\u021bit\u0103 de o adeverin\u021b\u0103 emis\u0103 de angajator din care rezult\u0103 c\u0103, \u00een ziua alegerilor, aleg\u0103torul nu poate p\u0103r\u0103si locul de munc\u0103 \u00een intervalul orar 07:00-21:00. Nu este obligatorie \u0219tampilarea adeverin\u021bei de c\u0103tre angajator.<\/p>\n<p>Totodat\u0103, pot solicita exercitarea dreptului de vot prin intermediul urnei speciale \u0219i aleg\u0103torii interna\u021bi \u00eentr-o unitate sanitar\u0103 public\u0103 sau privat\u0103, c\u0103min pentru persoane v\u00e2rstnice ori alte asemenea a\u0219ez\u0103minte sociale publice sau private, precum \u0219i apar\u021bin\u0103torii acestora sau apar\u021bin\u0103torii persoanelor f\u0103r\u0103 drept de vot internate \u00eentr-o asemenea unitate.<\/p>\n<p>Cererile \u00een acest caz pot fi depuse cel mai t\u00e2rziu \u00een preziua vot\u0103rii, p\u00e2n\u0103 la ora 12:00, la biroul electoral jude\u021bean sau al sectorului municipiului Bucure\u0219ti, prin intermediul oric\u0103rei persoane, fizic sau prin mijloace electronice.<\/p>\n<p>Conduc\u0103torii unit\u0103\u021bilor respective aduc la cuno\u0219tin\u021ba aleg\u0103torilor din asemenea unitate, cu suficient timp \u00eenainte de preziua vot\u0103rii, de faptul c\u0103 pot vota prin intermediul urnei speciale, \u00eei asist\u0103 s\u0103 \u00eentocmeasc\u0103 cererile, s\u0103 realizeze copii ale actelor necesare, precum \u0219i s\u0103 depun\u0103 documentele fizic sau prin e-mail.<\/p>\n<p>\u00cen cazul apar\u021bin\u0103torilor, cererile pentru a vota prin intermediul urnei speciale vor fi \u00eenso\u021bite de o adeverin\u021b\u0103 eliberat\u0103 de conduc\u0103torii unit\u0103\u021bilor din care s\u0103 reias\u0103 imposibilitatea deplas\u0103rii apar\u021bin\u0103torului la sediul sec\u021biei de votare cauzat\u0103 de necesitatea asist\u0103rii unei persoane internate sau cazate \u00eentr-o asemenea unitate.<\/p>\n<p>De asemenea, persoanele de\u021binute \u00een baza unui mandat de re\u021binere sau arestare preventiv\u0103 \u0219i persoanele care execut\u0103 o pedeaps\u0103 privativ\u0103 de libertate, dar care nu \u0219i-au pierdut drepturile electorale voteaz\u0103 prin intermediul urnei speciale, potrivit procedurii prev\u0103zute \u00een aceast\u0103 decizie.<\/p>\n<p>Cererile se depun la directorii penitenciarelor sau ai locurilor de de\u021binere, sau la o persoan\u0103 desemnat\u0103 \u00een acest sens, cel mai t\u00e2rziu \u00een preziua vot\u0103rii, ora 09:00, care asigur\u0103 depunerea lor cel mai t\u00e2rziu \u00een preziua vot\u0103rii, ora 13:00, la biroul electoral jude\u021bean sau al sectorului municipiului Bucure\u0219ti, fizic sau prin mijloace electronice.<\/p>\n<p>Persoanele aflate \u00een arest la domiciliu \u00ee\u0219i exercit\u0103 dreptul de vot prin intermediul urnei speciale, \u00een condi\u021biile \u00een care depun o cerere \u00een acest sens, cel mai t\u00e2rziu \u00een preziua vot\u0103rii, \u00eentre orele 18:00 &#8211; 20:00, la biroul electoral al celei mai apropiate sec\u021bii de votare.<\/p>\n<p>Echipa care se va deplasa cu urna special\u0103 va fi format\u0103 din cel pu\u021bin 2 membri ai biroului electoral al sec\u021biei de votare.<\/p>\n<p>Este interzis\u0103 deplasarea echipei la alte adrese dec\u00e2t cele prev\u0103zute \u00een extrasul de pe listele electorale \u00eentocmit de pre\u0219edintele biroului electoral al sec\u021biei de votare. Echipa nu poate primi noi cereri pentru a vota prin intermediul urnei speciale, nu poate modifica sau completa datele \u00eenscrise de pre\u0219edintele biroului electoral al sec\u021biei de votare \u00een extrasul de pe listele electorale.<\/p>\n<p>Cererile pentru a vota prin intermediul urnei speciale formulate pentru primul tur al alegerilor pentru Pre\u0219edintele Rom\u00e2niei din anul 2025 nu sunt luate \u00een considerare cu ocazia celui de-al doilea tur de scrutin. Aleg\u0103torii afla\u021bi \u00een aceast\u0103 situa\u021bie trebuie s\u0103 depun\u0103 noi cereri dac\u0103 opteaz\u0103 pentru a vota la al doilea tur de scrutin prin intermediul urnei speciale. AGERPRES\/(AS &#8211; redactor: Alina Nov\u0103ceanu, editor: Florin Marin, editor online: Irina Giurgiu)<\/p>\n<p>https:\/\/agerpres.ro\/politic\/2025\/03\/04\/prezidentiale2025-bec-procedura-adoptata-privind-votul-prin-intermediul-urnei-speciale&#8211;1427811<\/p>","protected":false},"excerpt":{"rendered":"<p>Biroul Electoral Central (BEC) a decis, mar\u021bi, procedura privind exercitarea dreptului de vot prin intermediul urnei speciale la alegerile preziden\u021biale din 4 mai, stabilind, printre altele, c\u0103 aleg\u0103torii afla\u021bi \u00een str\u0103in\u0103tate nu pot vota cu urna special\u0103. Conform deciziei adoptate, aleg\u0103torul care, din motive obiective, cauzate de boal\u0103 sau invaliditate, atestate prin \u00eenscrisuri, nu se&#8230;<\/p>","protected":false},"author":4,"featured_media":1817,"comment_status":"open","ping_status":"open","sticky":false,"template":"","format":"standard","meta":{"footnotes":""},"categories":[1],"tags":[],"class_list":["post-1975","post","type-post","status-publish","format-standard","has-post-thumbnail","hentry","category-uncategorized"],"yoast_head":"<!-- This site is optimized with the Yoast SEO plugin v26.1.1 - https:\/\/yoast.com\/wordpress\/plugins\/seo\/ -->\n<title>Preziden\u021biale2025\/ BEC: Procedur\u0103 adoptat\u0103 privind votul prin intermediul urnei speciale - Carpathia Center Romania<\/title>\n<meta name=\"robots\" content=\"index, follow, max-snippet:-1, max-image-preview:large, max-video-preview:-1\" \/>\n<link rel=\"canonical\" href=\"https:\/\/carpathiacenter.ro\/en\/prezidentiale2025-bec-procedura-adoptata-privind-votul-prin-intermediul-urnei-speciale\/\" \/>\n<meta property=\"og:locale\" content=\"en_GB\" \/>\n<meta property=\"og:type\" content=\"article\" \/>\n<meta property=\"og:title\" content=\"Preziden\u021biale2025\/ BEC: Procedur\u0103 adoptat\u0103 privind votul prin intermediul urnei speciale - Carpathia Center Romania\" \/>\n<meta property=\"og:description\" content=\"Biroul Electoral Central (BEC) a decis, mar\u021bi, procedura privind exercitarea dreptului de vot prin intermediul urnei speciale la alegerile preziden\u021biale din 4 mai, stabilind, printre altele, c\u0103 aleg\u0103torii afla\u021bi \u00een str\u0103in\u0103tate nu pot vota cu urna special\u0103. Conform deciziei adoptate, aleg\u0103torul care, din motive obiective, cauzate de boal\u0103 sau invaliditate, atestate prin \u00eenscrisuri, nu se...\" \/>\n<meta property=\"og:url\" content=\"https:\/\/carpathiacenter.ro\/en\/prezidentiale2025-bec-procedura-adoptata-privind-votul-prin-intermediul-urnei-speciale\/\" \/>\n<meta property=\"og:site_name\" content=\"Carpathia Center Romania\" \/>\n<meta property=\"article:publisher\" content=\"https:\/\/www.facebook.com\/fdpscarpathia\/\" \/>\n<meta property=\"article:published_time\" content=\"2025-03-05T04:45:11+00:00\" \/>\n<meta property=\"article:modified_time\" content=\"2025-03-06T04:54:08+00:00\" \/>\n<meta property=\"og:image\" content=\"https:\/\/carpathiacenter.ro\/wp-content\/uploads\/2025\/01\/bec1.jpg\" \/>\n\t<meta property=\"og:image:width\" content=\"704\" \/>\n\t<meta property=\"og:image:height\" content=\"396\" \/>\n\t<meta property=\"og:image:type\" content=\"image\/jpeg\" \/>\n<meta name=\"author\" content=\"creativebitsolutions\" \/>\n<meta name=\"twitter:card\" content=\"summary_large_image\" \/>\n<meta name=\"twitter:label1\" content=\"Written by\" \/>\n\t<meta name=\"twitter:data1\" content=\"creativebitsolutions\" \/>\n\t<meta name=\"twitter:label2\" content=\"Estimated reading time\" \/>\n\t<meta name=\"twitter:data2\" content=\"5 minutes\" \/>\n<script type=\"application\/ld+json\" class=\"yoast-schema-graph\">{\"@context\":\"https:\/\/schema.org\",\"@graph\":[{\"@type\":\"Article\",\"@id\":\"https:\/\/carpathiacenter.ro\/prezidentiale2025-bec-procedura-adoptata-privind-votul-prin-intermediul-urnei-speciale\/#article\",\"isPartOf\":{\"@id\":\"https:\/\/carpathiacenter.ro\/prezidentiale2025-bec-procedura-adoptata-privind-votul-prin-intermediul-urnei-speciale\/\"},\"author\":{\"name\":\"creativebitsolutions\",\"@id\":\"https:\/\/carpathiacenter.ro\/#\/schema\/person\/03d9f58202fee8379268f34afa195006\"},\"headline\":\"Preziden\u021biale2025\/ BEC: Procedur\u0103 adoptat\u0103 privind votul prin intermediul urnei speciale\",\"datePublished\":\"2025-03-05T04:45:11+00:00\",\"dateModified\":\"2025-03-06T04:54:08+00:00\",\"mainEntityOfPage\":{\"@id\":\"https:\/\/carpathiacenter.ro\/prezidentiale2025-bec-procedura-adoptata-privind-votul-prin-intermediul-urnei-speciale\/\"},\"wordCount\":986,\"commentCount\":0,\"publisher\":{\"@id\":\"https:\/\/carpathiacenter.ro\/#organization\"},\"image\":{\"@id\":\"https:\/\/carpathiacenter.ro\/prezidentiale2025-bec-procedura-adoptata-privind-votul-prin-intermediul-urnei-speciale\/#primaryimage\"},\"thumbnailUrl\":\"https:\/\/carpathiacenter.ro\/wp-content\/uploads\/2025\/01\/bec1.jpg\",\"articleSection\":[\"Uncategorized\"],\"inLanguage\":\"en-GB\",\"potentialAction\":[{\"@type\":\"CommentAction\",\"name\":\"Comment\",\"target\":[\"https:\/\/carpathiacenter.ro\/prezidentiale2025-bec-procedura-adoptata-privind-votul-prin-intermediul-urnei-speciale\/#respond\"]}]},{\"@type\":\"WebPage\",\"@id\":\"https:\/\/carpathiacenter.ro\/prezidentiale2025-bec-procedura-adoptata-privind-votul-prin-intermediul-urnei-speciale\/\",\"url\":\"https:\/\/carpathiacenter.ro\/prezidentiale2025-bec-procedura-adoptata-privind-votul-prin-intermediul-urnei-speciale\/\",\"name\":\"Preziden\u021biale2025\/ BEC: Procedur\u0103 adoptat\u0103 privind votul prin intermediul urnei speciale - Carpathia Center Romania\",\"isPartOf\":{\"@id\":\"https:\/\/carpathiacenter.ro\/#website\"},\"primaryImageOfPage\":{\"@id\":\"https:\/\/carpathiacenter.ro\/prezidentiale2025-bec-procedura-adoptata-privind-votul-prin-intermediul-urnei-speciale\/#primaryimage\"},\"image\":{\"@id\":\"https:\/\/carpathiacenter.ro\/prezidentiale2025-bec-procedura-adoptata-privind-votul-prin-intermediul-urnei-speciale\/#primaryimage\"},\"thumbnailUrl\":\"https:\/\/carpathiacenter.ro\/wp-content\/uploads\/2025\/01\/bec1.jpg\",\"datePublished\":\"2025-03-05T04:45:11+00:00\",\"dateModified\":\"2025-03-06T04:54:08+00:00\",\"breadcrumb\":{\"@id\":\"https:\/\/carpathiacenter.ro\/prezidentiale2025-bec-procedura-adoptata-privind-votul-prin-intermediul-urnei-speciale\/#breadcrumb\"},\"inLanguage\":\"en-GB\",\"potentialAction\":[{\"@type\":\"ReadAction\",\"target\":[\"https:\/\/carpathiacenter.ro\/prezidentiale2025-bec-procedura-adoptata-privind-votul-prin-intermediul-urnei-speciale\/\"]}]},{\"@type\":\"ImageObject\",\"inLanguage\":\"en-GB\",\"@id\":\"https:\/\/carpathiacenter.ro\/prezidentiale2025-bec-procedura-adoptata-privind-votul-prin-intermediul-urnei-speciale\/#primaryimage\",\"url\":\"https:\/\/carpathiacenter.ro\/wp-content\/uploads\/2025\/01\/bec1.jpg\",\"contentUrl\":\"https:\/\/carpathiacenter.ro\/wp-content\/uploads\/2025\/01\/bec1.jpg\",\"width\":704,\"height\":396},{\"@type\":\"BreadcrumbList\",\"@id\":\"https:\/\/carpathiacenter.ro\/prezidentiale2025-bec-procedura-adoptata-privind-votul-prin-intermediul-urnei-speciale\/#breadcrumb\",\"itemListElement\":[{\"@type\":\"ListItem\",\"position\":1,\"name\":\"Prima pagin\u0103\",\"item\":\"https:\/\/carpathiacenter.ro\/\"},{\"@type\":\"ListItem\",\"position\":2,\"name\":\"Preziden\u021biale2025\/ BEC: Procedur\u0103 adoptat\u0103 privind votul prin intermediul urnei speciale\"}]},{\"@type\":\"WebSite\",\"@id\":\"https:\/\/carpathiacenter.ro\/#website\",\"url\":\"https:\/\/carpathiacenter.ro\/\",\"name\":\"Carpathia Center Romania\",\"description\":\"Impossible made possible!\",\"publisher\":{\"@id\":\"https:\/\/carpathiacenter.ro\/#organization\"},\"potentialAction\":[{\"@type\":\"SearchAction\",\"target\":{\"@type\":\"EntryPoint\",\"urlTemplate\":\"https:\/\/carpathiacenter.ro\/?s={search_term_string}\"},\"query-input\":{\"@type\":\"PropertyValueSpecification\",\"valueRequired\":true,\"valueName\":\"search_term_string\"}}],\"inLanguage\":\"en-GB\"},{\"@type\":\"Organization\",\"@id\":\"https:\/\/carpathiacenter.ro\/#organization\",\"name\":\"Carpathia Center Romania\",\"url\":\"https:\/\/carpathiacenter.ro\/\",\"logo\":{\"@type\":\"ImageObject\",\"inLanguage\":\"en-GB\",\"@id\":\"https:\/\/carpathiacenter.ro\/#\/schema\/logo\/image\/\",\"url\":\"https:\/\/carpathiacenter.ro\/wp-content\/uploads\/2024\/07\/logo-carpathia_bg_white-1024x941.png\",\"contentUrl\":\"https:\/\/carpathiacenter.ro\/wp-content\/uploads\/2024\/07\/logo-carpathia_bg_white-1024x941.png\",\"width\":1024,\"height\":941,\"caption\":\"Carpathia Center Romania\"},\"image\":{\"@id\":\"https:\/\/carpathiacenter.ro\/#\/schema\/logo\/image\/\"},\"sameAs\":[\"https:\/\/www.facebook.com\/fdpscarpathia\/\"]},{\"@type\":\"Person\",\"@id\":\"https:\/\/carpathiacenter.ro\/#\/schema\/person\/03d9f58202fee8379268f34afa195006\",\"name\":\"creativebitsolutions\",\"image\":{\"@type\":\"ImageObject\",\"inLanguage\":\"en-GB\",\"@id\":\"https:\/\/carpathiacenter.ro\/#\/schema\/person\/image\/\",\"url\":\"https:\/\/secure.gravatar.com\/avatar\/1b1a13e37f847c635dab78348f1dff2f07651ee2a3d77a5c355a4b8c75f9165a?s=96&d=mm&r=g\",\"contentUrl\":\"https:\/\/secure.gravatar.com\/avatar\/1b1a13e37f847c635dab78348f1dff2f07651ee2a3d77a5c355a4b8c75f9165a?s=96&d=mm&r=g\",\"caption\":\"creativebitsolutions\"},\"url\":\"https:\/\/carpathiacenter.ro\/en\/author\/creativebitsolutions\/\"}]}<\/script>\n<!-- \/ Yoast SEO plugin. -->","yoast_head_json":{"title":"Preziden\u021biale2025\/ BEC: Procedur\u0103 adoptat\u0103 privind votul prin intermediul urnei speciale - Carpathia Center Romania","robots":{"index":"index","follow":"follow","max-snippet":"max-snippet:-1","max-image-preview":"max-image-preview:large","max-video-preview":"max-video-preview:-1"},"canonical":"https:\/\/carpathiacenter.ro\/en\/prezidentiale2025-bec-procedura-adoptata-privind-votul-prin-intermediul-urnei-speciale\/","og_locale":"en_GB","og_type":"article","og_title":"Preziden\u021biale2025\/ BEC: Procedur\u0103 adoptat\u0103 privind votul prin intermediul urnei speciale - Carpathia Center Romania","og_description":"Biroul Electoral Central (BEC) a decis, mar\u021bi, procedura privind exercitarea dreptului de vot prin intermediul urnei speciale la alegerile preziden\u021biale din 4 mai, stabilind, printre altele, c\u0103 aleg\u0103torii afla\u021bi \u00een str\u0103in\u0103tate nu pot vota cu urna special\u0103. Conform deciziei adoptate, aleg\u0103torul care, din motive obiective, cauzate de boal\u0103 sau invaliditate, atestate prin \u00eenscrisuri, nu se...","og_url":"https:\/\/carpathiacenter.ro\/en\/prezidentiale2025-bec-procedura-adoptata-privind-votul-prin-intermediul-urnei-speciale\/","og_site_name":"Carpathia Center Romania","article_publisher":"https:\/\/www.facebook.com\/fdpscarpathia\/","article_published_time":"2025-03-05T04:45:11+00:00","article_modified_time":"2025-03-06T04:54:08+00:00","og_image":[{"width":704,"height":396,"url":"https:\/\/carpathiacenter.ro\/wp-content\/uploads\/2025\/01\/bec1.jpg","type":"image\/jpeg"}],"author":"creativebitsolutions","twitter_card":"summary_large_image","twitter_misc":{"Written by":"creativebitsolutions","Estimated reading time":"5 minutes"},"schema":{"@context":"https:\/\/schema.org","@graph":[{"@type":"Article","@id":"https:\/\/carpathiacenter.ro\/prezidentiale2025-bec-procedura-adoptata-privind-votul-prin-intermediul-urnei-speciale\/#article","isPartOf":{"@id":"https:\/\/carpathiacenter.ro\/prezidentiale2025-bec-procedura-adoptata-privind-votul-prin-intermediul-urnei-speciale\/"},"author":{"name":"creativebitsolutions","@id":"https:\/\/carpathiacenter.ro\/#\/schema\/person\/03d9f58202fee8379268f34afa195006"},"headline":"Preziden\u021biale2025\/ BEC: Procedur\u0103 adoptat\u0103 privind votul prin intermediul urnei speciale","datePublished":"2025-03-05T04:45:11+00:00","dateModified":"2025-03-06T04:54:08+00:00","mainEntityOfPage":{"@id":"https:\/\/carpathiacenter.ro\/prezidentiale2025-bec-procedura-adoptata-privind-votul-prin-intermediul-urnei-speciale\/"},"wordCount":986,"commentCount":0,"publisher":{"@id":"https:\/\/carpathiacenter.ro\/#organization"},"image":{"@id":"https:\/\/carpathiacenter.ro\/prezidentiale2025-bec-procedura-adoptata-privind-votul-prin-intermediul-urnei-speciale\/#primaryimage"},"thumbnailUrl":"https:\/\/carpathiacenter.ro\/wp-content\/uploads\/2025\/01\/bec1.jpg","articleSection":["Uncategorized"],"inLanguage":"en-GB","potentialAction":[{"@type":"CommentAction","name":"Comment","target":["https:\/\/carpathiacenter.ro\/prezidentiale2025-bec-procedura-adoptata-privind-votul-prin-intermediul-urnei-speciale\/#respond"]}]},{"@type":"WebPage","@id":"https:\/\/carpathiacenter.ro\/prezidentiale2025-bec-procedura-adoptata-privind-votul-prin-intermediul-urnei-speciale\/","url":"https:\/\/carpathiacenter.ro\/prezidentiale2025-bec-procedura-adoptata-privind-votul-prin-intermediul-urnei-speciale\/","name":"Preziden\u021biale2025\/ BEC: Procedur\u0103 adoptat\u0103 privind votul prin intermediul urnei speciale - Carpathia Center Romania","isPartOf":{"@id":"https:\/\/carpathiacenter.ro\/#website"},"primaryImageOfPage":{"@id":"https:\/\/carpathiacenter.ro\/prezidentiale2025-bec-procedura-adoptata-privind-votul-prin-intermediul-urnei-speciale\/#primaryimage"},"image":{"@id":"https:\/\/carpathiacenter.ro\/prezidentiale2025-bec-procedura-adoptata-privind-votul-prin-intermediul-urnei-speciale\/#primaryimage"},"thumbnailUrl":"https:\/\/carpathiacenter.ro\/wp-content\/uploads\/2025\/01\/bec1.jpg","datePublished":"2025-03-05T04:45:11+00:00","dateModified":"2025-03-06T04:54:08+00:00","breadcrumb":{"@id":"https:\/\/carpathiacenter.ro\/prezidentiale2025-bec-procedura-adoptata-privind-votul-prin-intermediul-urnei-speciale\/#breadcrumb"},"inLanguage":"en-GB","potentialAction":[{"@type":"ReadAction","target":["https:\/\/carpathiacenter.ro\/prezidentiale2025-bec-procedura-adoptata-privind-votul-prin-intermediul-urnei-speciale\/"]}]},{"@type":"ImageObject","inLanguage":"en-GB","@id":"https:\/\/carpathiacenter.ro\/prezidentiale2025-bec-procedura-adoptata-privind-votul-prin-intermediul-urnei-speciale\/#primaryimage","url":"https:\/\/carpathiacenter.ro\/wp-content\/uploads\/2025\/01\/bec1.jpg","contentUrl":"https:\/\/carpathiacenter.ro\/wp-content\/uploads\/2025\/01\/bec1.jpg","width":704,"height":396},{"@type":"BreadcrumbList","@id":"https:\/\/carpathiacenter.ro\/prezidentiale2025-bec-procedura-adoptata-privind-votul-prin-intermediul-urnei-speciale\/#breadcrumb","itemListElement":[{"@type":"ListItem","position":1,"name":"Prima pagin\u0103","item":"https:\/\/carpathiacenter.ro\/"},{"@type":"ListItem","position":2,"name":"Preziden\u021biale2025\/ BEC: Procedur\u0103 adoptat\u0103 privind votul prin intermediul urnei speciale"}]},{"@type":"WebSite","@id":"https:\/\/carpathiacenter.ro\/#website","url":"https:\/\/carpathiacenter.ro\/","name":"Carpathia Center Romania","description":"Impossible made possible!","publisher":{"@id":"https:\/\/carpathiacenter.ro\/#organization"},"potentialAction":[{"@type":"SearchAction","target":{"@type":"EntryPoint","urlTemplate":"https:\/\/carpathiacenter.ro\/?s={search_term_string}"},"query-input":{"@type":"PropertyValueSpecification","valueRequired":true,"valueName":"search_term_string"}}],"inLanguage":"en-GB"},{"@type":"Organization","@id":"https:\/\/carpathiacenter.ro\/#organization","name":"Carpathia Center Romania","url":"https:\/\/carpathiacenter.ro\/","logo":{"@type":"ImageObject","inLanguage":"en-GB","@id":"https:\/\/carpathiacenter.ro\/#\/schema\/logo\/image\/","url":"https:\/\/carpathiacenter.ro\/wp-content\/uploads\/2024\/07\/logo-carpathia_bg_white-1024x941.png","contentUrl":"https:\/\/carpathiacenter.ro\/wp-content\/uploads\/2024\/07\/logo-carpathia_bg_white-1024x941.png","width":1024,"height":941,"caption":"Carpathia Center Romania"},"image":{"@id":"https:\/\/carpathiacenter.ro\/#\/schema\/logo\/image\/"},"sameAs":["https:\/\/www.facebook.com\/fdpscarpathia\/"]},{"@type":"Person","@id":"https:\/\/carpathiacenter.ro\/#\/schema\/person\/03d9f58202fee8379268f34afa195006","name":"creativebitsolutions","image":{"@type":"ImageObject","inLanguage":"en-GB","@id":"https:\/\/carpathiacenter.ro\/#\/schema\/person\/image\/","url":"https:\/\/secure.gravatar.com\/avatar\/1b1a13e37f847c635dab78348f1dff2f07651ee2a3d77a5c355a4b8c75f9165a?s=96&d=mm&r=g","contentUrl":"https:\/\/secure.gravatar.com\/avatar\/1b1a13e37f847c635dab78348f1dff2f07651ee2a3d77a5c355a4b8c75f9165a?s=96&d=mm&r=g","caption":"creativebitsolutions"},"url":"https:\/\/carpathiacenter.ro\/en\/author\/creativebitsolutions\/"}]}},"_links":{"self":[{"href":"https:\/\/carpathiacenter.ro\/en\/wp-json\/wp\/v2\/posts\/1975","targetHints":{"allow":["GET"]}}],"collection":[{"href":"https:\/\/carpathiacenter.ro\/en\/wp-json\/wp\/v2\/posts"}],"about":[{"href":"https:\/\/carpathiacenter.ro\/en\/wp-json\/wp\/v2\/types\/post"}],"author":[{"embeddable":true,"href":"https:\/\/carpathiacenter.ro\/en\/wp-json\/wp\/v2\/users\/4"}],"replies":[{"embeddable":true,"href":"https:\/\/carpathiacenter.ro\/en\/wp-json\/wp\/v2\/comments?post=1975"}],"version-history":[{"count":1,"href":"https:\/\/carpathiacenter.ro\/en\/wp-json\/wp\/v2\/posts\/1975\/revisions"}],"predecessor-version":[{"id":1978,"href":"https:\/\/carpathiacenter.ro\/en\/wp-json\/wp\/v2\/posts\/1975\/revisions\/1978"}],"wp:featuredmedia":[{"embeddable":true,"href":"https:\/\/carpathiacenter.ro\/en\/wp-json\/wp\/v2\/media\/1817"}],"wp:attachment":[{"href":"https:\/\/carpathiacenter.ro\/en\/wp-json\/wp\/v2\/media?parent=1975"}],"wp:term":[{"taxonomy":"category","embeddable":true,"href":"https:\/\/carpathiacenter.ro\/en\/wp-json\/wp\/v2\/categories?post=1975"},{"taxonomy":"post_tag","embeddable":true,"href":"https:\/\/carpathiacenter.ro\/en\/wp-json\/wp\/v2\/tags?post=1975"}],"curies":[{"name":"wp","href":"https:\/\/api.w.org\/{rel}","templated":true}]}}