{"id":1970,"date":"2025-03-04T17:10:15","date_gmt":"2025-03-04T17:10:15","guid":{"rendered":"https:\/\/carpathiacenter.ro\/?p=1970"},"modified":"2025-03-04T17:10:15","modified_gmt":"2025-03-04T17:10:15","slug":"senat-modificari-la-legea-securitatii-nationale-privind-datele-cu-caracter-personal-pe-ordinea-de-zi-de-marti-a-comisiei-juridice","status":"publish","type":"post","link":"https:\/\/carpathiacenter.ro\/en\/senat-modificari-la-legea-securitatii-nationale-privind-datele-cu-caracter-personal-pe-ordinea-de-zi-de-marti-a-comisiei-juridice\/","title":{"rendered":"Senat: Modific\u0103ri la legea securit\u0103\u021bii na\u021bionale privind datele cu caracter personal, pe ordinea de zi de mar\u021bi a Comisiei juridice"},"content":{"rendered":"<p>Comisia juridic\u0103 a Senatului dezbate, mar\u021bi, un proiect care modific\u0103 Legea nr.51\/1991 privind securitatea na\u021bional\u0103 a Rom\u00e2niei, care include mai multe prevederi referitoare la datele cu caracter personal.<\/p>\n<p>Proiectul a fost adoptat pe 12 noiembrie 2024 de Camera Deputa\u021bilor, prim for legislativ sesizat, Senatul urm\u00e2nd s\u0103 se exprime \u00een calitate de Camer\u0103 decizional\u0103.<\/p>\n<p>Propunerea legislativ\u0103 completeaz\u0103 Legea 51\/1991, \u00een sensul armoniz\u0103rii legisla\u021biei na\u021bionale cu cea european\u0103, dar \u0219i cu cerin\u021bele CEDO \u00een ceea ce prive\u0219te protec\u021bia datelor cu caracter personal.<\/p>\n<p>Potrivit proiectului adoptat de Camera Deputa\u021bilor, \u00een situa\u021biile de amenin\u021b\u0103ri la adresa securit\u0103\u021bii na\u021bionale a Rom\u00e2niei, organele cu atribu\u021bii \u00een domeniul securit\u0103\u021bii na\u021bionale pot s\u0103 creeze, dezvolte, administreze \u0219i utilizeze baze de date, sisteme informatice \u0219i de comunica\u021bii, precum \u0219i aplica\u021bii \u0219i alte resurse \u00een mediul on-line, \u00een condi\u021biile legii.<\/p>\n<p>Pentru asigurarea securit\u0103\u021bii na\u021bionale, autorit\u0103\u021bile cu atribu\u021bii \u00een domeniul securit\u0103\u021bii na\u021bionale prelucreaz\u0103, prin mijloace automate, precum \u0219i prin alte mijloace dec\u00e2t cele automate, date cu caracter personal care fac parte dintr-un sistem de eviden\u021b\u0103 sau sunt destinate s\u0103 fie incluse \u00eentr-un asemenea sistem. Aceste autorit\u0103\u021bi aplic\u0103 m\u0103surile tehnice \u0219i organizatorice specifice protec\u021biei informa\u021biilor clasificate, astfel \u00eenc\u00e2t s\u0103 previn\u0103 comunicarea, distrugerea sau accesul neautorizat ori alterarea datelor prelucrate, prevede textul Camerei Deputa\u021bilor. AGERPRES\/(AS &#8211; redactor: Livia Popescu, editor: Florin Marin, editor online: Andreea Preda)<\/p>\n<p>https:\/\/agerpres.ro\/viata-parlamentara\/2025\/03\/04\/senat-modificari-la-legea-securitatii-nationale-privind-datele-cu-caracter-personal-pe-ordinea-de-zi&#8211;1427514<\/p>","protected":false},"excerpt":{"rendered":"<p>Comisia juridic\u0103 a Senatului dezbate, mar\u021bi, un proiect care modific\u0103 Legea nr.51\/1991 privind securitatea na\u021bional\u0103 a Rom\u00e2niei, care include mai multe prevederi referitoare la datele cu caracter personal. Proiectul a fost adoptat pe 12 noiembrie 2024 de Camera Deputa\u021bilor, prim for legislativ sesizat, Senatul urm\u00e2nd s\u0103 se exprime \u00een calitate de Camer\u0103 decizional\u0103. Propunerea legislativ\u0103&#8230;<\/p>","protected":false},"author":4,"featured_media":1972,"comment_status":"open","ping_status":"open","sticky":false,"template":"","format":"standard","meta":{"footnotes":""},"categories":[1],"tags":[],"class_list":["post-1970","post","type-post","status-publish","format-standard","has-post-thumbnail","hentry","category-uncategorized"],"yoast_head":"<!-- This site is optimized with the Yoast SEO plugin v26.1.1 - https:\/\/yoast.com\/wordpress\/plugins\/seo\/ -->\n<title>Senat: Modific\u0103ri la legea securit\u0103\u021bii na\u021bionale privind datele cu caracter personal, pe ordinea de zi de mar\u021bi a Comisiei juridice - Carpathia Center Romania<\/title>\n<meta name=\"robots\" content=\"index, follow, max-snippet:-1, max-image-preview:large, max-video-preview:-1\" \/>\n<link rel=\"canonical\" href=\"https:\/\/carpathiacenter.ro\/en\/senat-modificari-la-legea-securitatii-nationale-privind-datele-cu-caracter-personal-pe-ordinea-de-zi-de-marti-a-comisiei-juridice\/\" \/>\n<meta property=\"og:locale\" content=\"en_GB\" \/>\n<meta property=\"og:type\" content=\"article\" \/>\n<meta property=\"og:title\" content=\"Senat: Modific\u0103ri la legea securit\u0103\u021bii na\u021bionale privind datele cu caracter personal, pe ordinea de zi de mar\u021bi a Comisiei juridice - Carpathia Center Romania\" \/>\n<meta property=\"og:description\" content=\"Comisia juridic\u0103 a Senatului dezbate, mar\u021bi, un proiect care modific\u0103 Legea nr.51\/1991 privind securitatea na\u021bional\u0103 a Rom\u00e2niei, care include mai multe prevederi referitoare la datele cu caracter personal. Proiectul a fost adoptat pe 12 noiembrie 2024 de Camera Deputa\u021bilor, prim for legislativ sesizat, Senatul urm\u00e2nd s\u0103 se exprime \u00een calitate de Camer\u0103 decizional\u0103. Propunerea legislativ\u0103...\" \/>\n<meta property=\"og:url\" content=\"https:\/\/carpathiacenter.ro\/en\/senat-modificari-la-legea-securitatii-nationale-privind-datele-cu-caracter-personal-pe-ordinea-de-zi-de-marti-a-comisiei-juridice\/\" \/>\n<meta property=\"og:site_name\" content=\"Carpathia Center Romania\" \/>\n<meta property=\"article:publisher\" content=\"https:\/\/www.facebook.com\/fdpscarpathia\/\" \/>\n<meta property=\"article:published_time\" content=\"2025-03-04T17:10:15+00:00\" \/>\n<meta property=\"og:image\" content=\"https:\/\/carpathiacenter.ro\/wp-content\/uploads\/2025\/03\/img.jpg\" \/>\n\t<meta property=\"og:image:width\" content=\"960\" \/>\n\t<meta property=\"og:image:height\" content=\"540\" \/>\n\t<meta property=\"og:image:type\" content=\"image\/jpeg\" \/>\n<meta name=\"author\" content=\"creativebitsolutions\" \/>\n<meta name=\"twitter:card\" content=\"summary_large_image\" \/>\n<meta name=\"twitter:label1\" content=\"Written by\" \/>\n\t<meta name=\"twitter:data1\" content=\"creativebitsolutions\" \/>\n\t<meta name=\"twitter:label2\" content=\"Estimated reading time\" \/>\n\t<meta name=\"twitter:data2\" content=\"1 minute\" \/>\n<script type=\"application\/ld+json\" class=\"yoast-schema-graph\">{\"@context\":\"https:\/\/schema.org\",\"@graph\":[{\"@type\":\"Article\",\"@id\":\"https:\/\/carpathiacenter.ro\/senat-modificari-la-legea-securitatii-nationale-privind-datele-cu-caracter-personal-pe-ordinea-de-zi-de-marti-a-comisiei-juridice\/#article\",\"isPartOf\":{\"@id\":\"https:\/\/carpathiacenter.ro\/senat-modificari-la-legea-securitatii-nationale-privind-datele-cu-caracter-personal-pe-ordinea-de-zi-de-marti-a-comisiei-juridice\/\"},\"author\":{\"name\":\"creativebitsolutions\",\"@id\":\"https:\/\/carpathiacenter.ro\/#\/schema\/person\/03d9f58202fee8379268f34afa195006\"},\"headline\":\"Senat: Modific\u0103ri la legea securit\u0103\u021bii na\u021bionale privind datele cu caracter personal, pe ordinea de zi de mar\u021bi a Comisiei juridice\",\"datePublished\":\"2025-03-04T17:10:15+00:00\",\"mainEntityOfPage\":{\"@id\":\"https:\/\/carpathiacenter.ro\/senat-modificari-la-legea-securitatii-nationale-privind-datele-cu-caracter-personal-pe-ordinea-de-zi-de-marti-a-comisiei-juridice\/\"},\"wordCount\":276,\"commentCount\":0,\"publisher\":{\"@id\":\"https:\/\/carpathiacenter.ro\/#organization\"},\"image\":{\"@id\":\"https:\/\/carpathiacenter.ro\/senat-modificari-la-legea-securitatii-nationale-privind-datele-cu-caracter-personal-pe-ordinea-de-zi-de-marti-a-comisiei-juridice\/#primaryimage\"},\"thumbnailUrl\":\"https:\/\/carpathiacenter.ro\/wp-content\/uploads\/2025\/03\/img.jpg\",\"articleSection\":[\"Uncategorized\"],\"inLanguage\":\"en-GB\",\"potentialAction\":[{\"@type\":\"CommentAction\",\"name\":\"Comment\",\"target\":[\"https:\/\/carpathiacenter.ro\/senat-modificari-la-legea-securitatii-nationale-privind-datele-cu-caracter-personal-pe-ordinea-de-zi-de-marti-a-comisiei-juridice\/#respond\"]}]},{\"@type\":\"WebPage\",\"@id\":\"https:\/\/carpathiacenter.ro\/senat-modificari-la-legea-securitatii-nationale-privind-datele-cu-caracter-personal-pe-ordinea-de-zi-de-marti-a-comisiei-juridice\/\",\"url\":\"https:\/\/carpathiacenter.ro\/senat-modificari-la-legea-securitatii-nationale-privind-datele-cu-caracter-personal-pe-ordinea-de-zi-de-marti-a-comisiei-juridice\/\",\"name\":\"Senat: Modific\u0103ri la legea securit\u0103\u021bii na\u021bionale privind datele cu caracter personal, pe ordinea de zi de mar\u021bi a Comisiei juridice - Carpathia Center Romania\",\"isPartOf\":{\"@id\":\"https:\/\/carpathiacenter.ro\/#website\"},\"primaryImageOfPage\":{\"@id\":\"https:\/\/carpathiacenter.ro\/senat-modificari-la-legea-securitatii-nationale-privind-datele-cu-caracter-personal-pe-ordinea-de-zi-de-marti-a-comisiei-juridice\/#primaryimage\"},\"image\":{\"@id\":\"https:\/\/carpathiacenter.ro\/senat-modificari-la-legea-securitatii-nationale-privind-datele-cu-caracter-personal-pe-ordinea-de-zi-de-marti-a-comisiei-juridice\/#primaryimage\"},\"thumbnailUrl\":\"https:\/\/carpathiacenter.ro\/wp-content\/uploads\/2025\/03\/img.jpg\",\"datePublished\":\"2025-03-04T17:10:15+00:00\",\"breadcrumb\":{\"@id\":\"https:\/\/carpathiacenter.ro\/senat-modificari-la-legea-securitatii-nationale-privind-datele-cu-caracter-personal-pe-ordinea-de-zi-de-marti-a-comisiei-juridice\/#breadcrumb\"},\"inLanguage\":\"en-GB\",\"potentialAction\":[{\"@type\":\"ReadAction\",\"target\":[\"https:\/\/carpathiacenter.ro\/senat-modificari-la-legea-securitatii-nationale-privind-datele-cu-caracter-personal-pe-ordinea-de-zi-de-marti-a-comisiei-juridice\/\"]}]},{\"@type\":\"ImageObject\",\"inLanguage\":\"en-GB\",\"@id\":\"https:\/\/carpathiacenter.ro\/senat-modificari-la-legea-securitatii-nationale-privind-datele-cu-caracter-personal-pe-ordinea-de-zi-de-marti-a-comisiei-juridice\/#primaryimage\",\"url\":\"https:\/\/carpathiacenter.ro\/wp-content\/uploads\/2025\/03\/img.jpg\",\"contentUrl\":\"https:\/\/carpathiacenter.ro\/wp-content\/uploads\/2025\/03\/img.jpg\",\"width\":960,\"height\":540},{\"@type\":\"BreadcrumbList\",\"@id\":\"https:\/\/carpathiacenter.ro\/senat-modificari-la-legea-securitatii-nationale-privind-datele-cu-caracter-personal-pe-ordinea-de-zi-de-marti-a-comisiei-juridice\/#breadcrumb\",\"itemListElement\":[{\"@type\":\"ListItem\",\"position\":1,\"name\":\"Prima pagin\u0103\",\"item\":\"https:\/\/carpathiacenter.ro\/\"},{\"@type\":\"ListItem\",\"position\":2,\"name\":\"Senat: Modific\u0103ri la legea securit\u0103\u021bii na\u021bionale privind datele cu caracter personal, pe ordinea de zi de mar\u021bi a Comisiei juridice\"}]},{\"@type\":\"WebSite\",\"@id\":\"https:\/\/carpathiacenter.ro\/#website\",\"url\":\"https:\/\/carpathiacenter.ro\/\",\"name\":\"Carpathia Center Romania\",\"description\":\"Impossible made possible!\",\"publisher\":{\"@id\":\"https:\/\/carpathiacenter.ro\/#organization\"},\"potentialAction\":[{\"@type\":\"SearchAction\",\"target\":{\"@type\":\"EntryPoint\",\"urlTemplate\":\"https:\/\/carpathiacenter.ro\/?s={search_term_string}\"},\"query-input\":{\"@type\":\"PropertyValueSpecification\",\"valueRequired\":true,\"valueName\":\"search_term_string\"}}],\"inLanguage\":\"en-GB\"},{\"@type\":\"Organization\",\"@id\":\"https:\/\/carpathiacenter.ro\/#organization\",\"name\":\"Carpathia Center Romania\",\"url\":\"https:\/\/carpathiacenter.ro\/\",\"logo\":{\"@type\":\"ImageObject\",\"inLanguage\":\"en-GB\",\"@id\":\"https:\/\/carpathiacenter.ro\/#\/schema\/logo\/image\/\",\"url\":\"https:\/\/carpathiacenter.ro\/wp-content\/uploads\/2024\/07\/logo-carpathia_bg_white-1024x941.png\",\"contentUrl\":\"https:\/\/carpathiacenter.ro\/wp-content\/uploads\/2024\/07\/logo-carpathia_bg_white-1024x941.png\",\"width\":1024,\"height\":941,\"caption\":\"Carpathia Center Romania\"},\"image\":{\"@id\":\"https:\/\/carpathiacenter.ro\/#\/schema\/logo\/image\/\"},\"sameAs\":[\"https:\/\/www.facebook.com\/fdpscarpathia\/\"]},{\"@type\":\"Person\",\"@id\":\"https:\/\/carpathiacenter.ro\/#\/schema\/person\/03d9f58202fee8379268f34afa195006\",\"name\":\"creativebitsolutions\",\"image\":{\"@type\":\"ImageObject\",\"inLanguage\":\"en-GB\",\"@id\":\"https:\/\/carpathiacenter.ro\/#\/schema\/person\/image\/\",\"url\":\"https:\/\/secure.gravatar.com\/avatar\/1b1a13e37f847c635dab78348f1dff2f07651ee2a3d77a5c355a4b8c75f9165a?s=96&d=mm&r=g\",\"contentUrl\":\"https:\/\/secure.gravatar.com\/avatar\/1b1a13e37f847c635dab78348f1dff2f07651ee2a3d77a5c355a4b8c75f9165a?s=96&d=mm&r=g\",\"caption\":\"creativebitsolutions\"},\"url\":\"https:\/\/carpathiacenter.ro\/en\/author\/creativebitsolutions\/\"}]}<\/script>\n<!-- \/ Yoast SEO plugin. -->","yoast_head_json":{"title":"Senat: Modific\u0103ri la legea securit\u0103\u021bii na\u021bionale privind datele cu caracter personal, pe ordinea de zi de mar\u021bi a Comisiei juridice - Carpathia Center Romania","robots":{"index":"index","follow":"follow","max-snippet":"max-snippet:-1","max-image-preview":"max-image-preview:large","max-video-preview":"max-video-preview:-1"},"canonical":"https:\/\/carpathiacenter.ro\/en\/senat-modificari-la-legea-securitatii-nationale-privind-datele-cu-caracter-personal-pe-ordinea-de-zi-de-marti-a-comisiei-juridice\/","og_locale":"en_GB","og_type":"article","og_title":"Senat: Modific\u0103ri la legea securit\u0103\u021bii na\u021bionale privind datele cu caracter personal, pe ordinea de zi de mar\u021bi a Comisiei juridice - Carpathia Center Romania","og_description":"Comisia juridic\u0103 a Senatului dezbate, mar\u021bi, un proiect care modific\u0103 Legea nr.51\/1991 privind securitatea na\u021bional\u0103 a Rom\u00e2niei, care include mai multe prevederi referitoare la datele cu caracter personal. Proiectul a fost adoptat pe 12 noiembrie 2024 de Camera Deputa\u021bilor, prim for legislativ sesizat, Senatul urm\u00e2nd s\u0103 se exprime \u00een calitate de Camer\u0103 decizional\u0103. Propunerea legislativ\u0103...","og_url":"https:\/\/carpathiacenter.ro\/en\/senat-modificari-la-legea-securitatii-nationale-privind-datele-cu-caracter-personal-pe-ordinea-de-zi-de-marti-a-comisiei-juridice\/","og_site_name":"Carpathia Center Romania","article_publisher":"https:\/\/www.facebook.com\/fdpscarpathia\/","article_published_time":"2025-03-04T17:10:15+00:00","og_image":[{"width":960,"height":540,"url":"https:\/\/carpathiacenter.ro\/wp-content\/uploads\/2025\/03\/img.jpg","type":"image\/jpeg"}],"author":"creativebitsolutions","twitter_card":"summary_large_image","twitter_misc":{"Written by":"creativebitsolutions","Estimated reading time":"1 minute"},"schema":{"@context":"https:\/\/schema.org","@graph":[{"@type":"Article","@id":"https:\/\/carpathiacenter.ro\/senat-modificari-la-legea-securitatii-nationale-privind-datele-cu-caracter-personal-pe-ordinea-de-zi-de-marti-a-comisiei-juridice\/#article","isPartOf":{"@id":"https:\/\/carpathiacenter.ro\/senat-modificari-la-legea-securitatii-nationale-privind-datele-cu-caracter-personal-pe-ordinea-de-zi-de-marti-a-comisiei-juridice\/"},"author":{"name":"creativebitsolutions","@id":"https:\/\/carpathiacenter.ro\/#\/schema\/person\/03d9f58202fee8379268f34afa195006"},"headline":"Senat: Modific\u0103ri la legea securit\u0103\u021bii na\u021bionale privind datele cu caracter personal, pe ordinea de zi de mar\u021bi a Comisiei juridice","datePublished":"2025-03-04T17:10:15+00:00","mainEntityOfPage":{"@id":"https:\/\/carpathiacenter.ro\/senat-modificari-la-legea-securitatii-nationale-privind-datele-cu-caracter-personal-pe-ordinea-de-zi-de-marti-a-comisiei-juridice\/"},"wordCount":276,"commentCount":0,"publisher":{"@id":"https:\/\/carpathiacenter.ro\/#organization"},"image":{"@id":"https:\/\/carpathiacenter.ro\/senat-modificari-la-legea-securitatii-nationale-privind-datele-cu-caracter-personal-pe-ordinea-de-zi-de-marti-a-comisiei-juridice\/#primaryimage"},"thumbnailUrl":"https:\/\/carpathiacenter.ro\/wp-content\/uploads\/2025\/03\/img.jpg","articleSection":["Uncategorized"],"inLanguage":"en-GB","potentialAction":[{"@type":"CommentAction","name":"Comment","target":["https:\/\/carpathiacenter.ro\/senat-modificari-la-legea-securitatii-nationale-privind-datele-cu-caracter-personal-pe-ordinea-de-zi-de-marti-a-comisiei-juridice\/#respond"]}]},{"@type":"WebPage","@id":"https:\/\/carpathiacenter.ro\/senat-modificari-la-legea-securitatii-nationale-privind-datele-cu-caracter-personal-pe-ordinea-de-zi-de-marti-a-comisiei-juridice\/","url":"https:\/\/carpathiacenter.ro\/senat-modificari-la-legea-securitatii-nationale-privind-datele-cu-caracter-personal-pe-ordinea-de-zi-de-marti-a-comisiei-juridice\/","name":"Senat: Modific\u0103ri la legea securit\u0103\u021bii na\u021bionale privind datele cu caracter personal, pe ordinea de zi de mar\u021bi a Comisiei juridice - Carpathia Center Romania","isPartOf":{"@id":"https:\/\/carpathiacenter.ro\/#website"},"primaryImageOfPage":{"@id":"https:\/\/carpathiacenter.ro\/senat-modificari-la-legea-securitatii-nationale-privind-datele-cu-caracter-personal-pe-ordinea-de-zi-de-marti-a-comisiei-juridice\/#primaryimage"},"image":{"@id":"https:\/\/carpathiacenter.ro\/senat-modificari-la-legea-securitatii-nationale-privind-datele-cu-caracter-personal-pe-ordinea-de-zi-de-marti-a-comisiei-juridice\/#primaryimage"},"thumbnailUrl":"https:\/\/carpathiacenter.ro\/wp-content\/uploads\/2025\/03\/img.jpg","datePublished":"2025-03-04T17:10:15+00:00","breadcrumb":{"@id":"https:\/\/carpathiacenter.ro\/senat-modificari-la-legea-securitatii-nationale-privind-datele-cu-caracter-personal-pe-ordinea-de-zi-de-marti-a-comisiei-juridice\/#breadcrumb"},"inLanguage":"en-GB","potentialAction":[{"@type":"ReadAction","target":["https:\/\/carpathiacenter.ro\/senat-modificari-la-legea-securitatii-nationale-privind-datele-cu-caracter-personal-pe-ordinea-de-zi-de-marti-a-comisiei-juridice\/"]}]},{"@type":"ImageObject","inLanguage":"en-GB","@id":"https:\/\/carpathiacenter.ro\/senat-modificari-la-legea-securitatii-nationale-privind-datele-cu-caracter-personal-pe-ordinea-de-zi-de-marti-a-comisiei-juridice\/#primaryimage","url":"https:\/\/carpathiacenter.ro\/wp-content\/uploads\/2025\/03\/img.jpg","contentUrl":"https:\/\/carpathiacenter.ro\/wp-content\/uploads\/2025\/03\/img.jpg","width":960,"height":540},{"@type":"BreadcrumbList","@id":"https:\/\/carpathiacenter.ro\/senat-modificari-la-legea-securitatii-nationale-privind-datele-cu-caracter-personal-pe-ordinea-de-zi-de-marti-a-comisiei-juridice\/#breadcrumb","itemListElement":[{"@type":"ListItem","position":1,"name":"Prima pagin\u0103","item":"https:\/\/carpathiacenter.ro\/"},{"@type":"ListItem","position":2,"name":"Senat: Modific\u0103ri la legea securit\u0103\u021bii na\u021bionale privind datele cu caracter personal, pe ordinea de zi de mar\u021bi a Comisiei juridice"}]},{"@type":"WebSite","@id":"https:\/\/carpathiacenter.ro\/#website","url":"https:\/\/carpathiacenter.ro\/","name":"Carpathia Center Romania","description":"Impossible made possible!","publisher":{"@id":"https:\/\/carpathiacenter.ro\/#organization"},"potentialAction":[{"@type":"SearchAction","target":{"@type":"EntryPoint","urlTemplate":"https:\/\/carpathiacenter.ro\/?s={search_term_string}"},"query-input":{"@type":"PropertyValueSpecification","valueRequired":true,"valueName":"search_term_string"}}],"inLanguage":"en-GB"},{"@type":"Organization","@id":"https:\/\/carpathiacenter.ro\/#organization","name":"Carpathia Center Romania","url":"https:\/\/carpathiacenter.ro\/","logo":{"@type":"ImageObject","inLanguage":"en-GB","@id":"https:\/\/carpathiacenter.ro\/#\/schema\/logo\/image\/","url":"https:\/\/carpathiacenter.ro\/wp-content\/uploads\/2024\/07\/logo-carpathia_bg_white-1024x941.png","contentUrl":"https:\/\/carpathiacenter.ro\/wp-content\/uploads\/2024\/07\/logo-carpathia_bg_white-1024x941.png","width":1024,"height":941,"caption":"Carpathia Center Romania"},"image":{"@id":"https:\/\/carpathiacenter.ro\/#\/schema\/logo\/image\/"},"sameAs":["https:\/\/www.facebook.com\/fdpscarpathia\/"]},{"@type":"Person","@id":"https:\/\/carpathiacenter.ro\/#\/schema\/person\/03d9f58202fee8379268f34afa195006","name":"creativebitsolutions","image":{"@type":"ImageObject","inLanguage":"en-GB","@id":"https:\/\/carpathiacenter.ro\/#\/schema\/person\/image\/","url":"https:\/\/secure.gravatar.com\/avatar\/1b1a13e37f847c635dab78348f1dff2f07651ee2a3d77a5c355a4b8c75f9165a?s=96&d=mm&r=g","contentUrl":"https:\/\/secure.gravatar.com\/avatar\/1b1a13e37f847c635dab78348f1dff2f07651ee2a3d77a5c355a4b8c75f9165a?s=96&d=mm&r=g","caption":"creativebitsolutions"},"url":"https:\/\/carpathiacenter.ro\/en\/author\/creativebitsolutions\/"}]}},"_links":{"self":[{"href":"https:\/\/carpathiacenter.ro\/en\/wp-json\/wp\/v2\/posts\/1970","targetHints":{"allow":["GET"]}}],"collection":[{"href":"https:\/\/carpathiacenter.ro\/en\/wp-json\/wp\/v2\/posts"}],"about":[{"href":"https:\/\/carpathiacenter.ro\/en\/wp-json\/wp\/v2\/types\/post"}],"author":[{"embeddable":true,"href":"https:\/\/carpathiacenter.ro\/en\/wp-json\/wp\/v2\/users\/4"}],"replies":[{"embeddable":true,"href":"https:\/\/carpathiacenter.ro\/en\/wp-json\/wp\/v2\/comments?post=1970"}],"version-history":[{"count":1,"href":"https:\/\/carpathiacenter.ro\/en\/wp-json\/wp\/v2\/posts\/1970\/revisions"}],"predecessor-version":[{"id":1973,"href":"https:\/\/carpathiacenter.ro\/en\/wp-json\/wp\/v2\/posts\/1970\/revisions\/1973"}],"wp:featuredmedia":[{"embeddable":true,"href":"https:\/\/carpathiacenter.ro\/en\/wp-json\/wp\/v2\/media\/1972"}],"wp:attachment":[{"href":"https:\/\/carpathiacenter.ro\/en\/wp-json\/wp\/v2\/media?parent=1970"}],"wp:term":[{"taxonomy":"category","embeddable":true,"href":"https:\/\/carpathiacenter.ro\/en\/wp-json\/wp\/v2\/categories?post=1970"},{"taxonomy":"post_tag","embeddable":true,"href":"https:\/\/carpathiacenter.ro\/en\/wp-json\/wp\/v2\/tags?post=1970"}],"curies":[{"name":"wp","href":"https:\/\/api.w.org\/{rel}","templated":true}]}}