{"id":1957,"date":"2025-02-28T10:02:50","date_gmt":"2025-02-28T10:02:50","guid":{"rendered":"https:\/\/carpathiacenter.ro\/?p=1957"},"modified":"2025-02-28T10:02:50","modified_gmt":"2025-02-28T10:02:50","slug":"saptamana-protectiei-civile-ziua-portilor-deschise-la-muzeul-national-al-pompierilor-foisorul-de-foc","status":"publish","type":"post","link":"https:\/\/carpathiacenter.ro\/en\/saptamana-protectiei-civile-ziua-portilor-deschise-la-muzeul-national-al-pompierilor-foisorul-de-foc\/","title":{"rendered":"S\u0103pt\u0103m\u00e2na Protec\u021biei Civile\/Ziua por\u021bilor deschise, la Muzeul Na\u021bional al Pompierilor &#8216;Foi\u0219orul de Foc&#8217;"},"content":{"rendered":"<p>De S\u0103pt\u0103m\u00e2na Protec\u021biei Civile, Muzeul Na\u021bional al Pompierilor &#8216;Foi\u0219orul de Foc&#8217; organizeaz\u0103 \u00een acest sf\u00e2r\u0219it de s\u0103pt\u0103m\u00e2n\u0103 Ziua por\u021bilor deschise.<\/p>\n<p>&#8221;Muzeul Na\u021bional al Pompierilor &#8216;Foi\u0219orul de Foc&#8217; este deschis publicului pentru to\u021bi cei care \u00ee\u0219i doresc s\u0103 c\u0103l\u0103toreasc\u0103 \u00een timp pentru a reflecta asupra valorilor comune, tradi\u021biei \u0219i istoriei pompierilor rom\u00e2ni care au servit de-a lungul timpului \u021bara, cu cel mai mare devotament. Iubitorii de istorie vor putea vizualiza sute de exponate, de la uniforme \u0219i echipamente istorice, la obiecte simbolice care spun povestea celor care au ales s\u0103 protejeze vie\u021bi \u0219i bunuri&#8221;, potrivit IGSU.<\/p>\n<p>Programul este: vineri, \u00een interval orar 08:00 &#8211; 16:00; s\u00e2mb\u0103t\u0103 \u0219i duminic\u0103, \u00een intervalul orar 10:00 &#8211; 16:00.<\/p>\n<p>Intrarea este liber\u0103. AGERPRES\/(AS &#8211; redactor: Georgiana T\u0103n\u0103sescu, editor: Mihai Simionescu, editor online: Alexandru Cojocaru)<br \/>\n<br \/>\nSursa Articolului: <a href=\"https:\/\/agerpres.ro\/social\/2025\/02\/28\/saptamana-protectiei-civile-ziua-portilor-deschise-la-muzeul-national-al-pompierilor-foisorul-de-foc--1426531\" target=\"_blank\">https:\/\/agerpres.ro\/social\/2025\/02\/28\/saptamana-protectiei-civile-ziua-portilor-deschise-la-muzeul-national-al-pompierilor-foisorul-de-foc&#8211;1426531<\/a><\/p>","protected":false},"excerpt":{"rendered":"<p>De S\u0103pt\u0103m\u00e2na Protec\u021biei Civile, Muzeul Na\u021bional al Pompierilor &#8216;Foi\u0219orul de Foc&#8217; organizeaz\u0103 \u00een acest sf\u00e2r\u0219it de s\u0103pt\u0103m\u00e2n\u0103 Ziua por\u021bilor deschise. &#8221;Muzeul Na\u021bional al Pompierilor &#8216;Foi\u0219orul de Foc&#8217; este deschis publicului pentru to\u021bi cei care \u00ee\u0219i doresc s\u0103 c\u0103l\u0103toreasc\u0103 \u00een timp pentru a reflecta asupra valorilor comune, tradi\u021biei \u0219i istoriei pompierilor rom\u00e2ni care au servit de-a&#8230;<\/p>","protected":false},"author":4,"featured_media":1959,"comment_status":"open","ping_status":"open","sticky":false,"template":"","format":"standard","meta":{"footnotes":""},"categories":[1],"tags":[],"class_list":["post-1957","post","type-post","status-publish","format-standard","has-post-thumbnail","hentry","category-uncategorized"],"yoast_head":"<!-- This site is optimized with the Yoast SEO plugin v26.1.1 - https:\/\/yoast.com\/wordpress\/plugins\/seo\/ -->\n<title>S\u0103pt\u0103m\u00e2na Protec\u021biei Civile\/Ziua por\u021bilor deschise, la Muzeul Na\u021bional al Pompierilor &#039;Foi\u0219orul de Foc&#039; - Carpathia Center Romania<\/title>\n<meta name=\"robots\" content=\"index, follow, max-snippet:-1, max-image-preview:large, max-video-preview:-1\" \/>\n<link rel=\"canonical\" href=\"https:\/\/carpathiacenter.ro\/en\/saptamana-protectiei-civile-ziua-portilor-deschise-la-muzeul-national-al-pompierilor-foisorul-de-foc\/\" \/>\n<meta property=\"og:locale\" content=\"en_GB\" \/>\n<meta property=\"og:type\" content=\"article\" \/>\n<meta property=\"og:title\" content=\"S\u0103pt\u0103m\u00e2na Protec\u021biei Civile\/Ziua por\u021bilor deschise, la Muzeul Na\u021bional al Pompierilor &#039;Foi\u0219orul de Foc&#039; - Carpathia Center Romania\" \/>\n<meta property=\"og:description\" content=\"De S\u0103pt\u0103m\u00e2na Protec\u021biei Civile, Muzeul Na\u021bional al Pompierilor &#8216;Foi\u0219orul de Foc&#8217; organizeaz\u0103 \u00een acest sf\u00e2r\u0219it de s\u0103pt\u0103m\u00e2n\u0103 Ziua por\u021bilor deschise. &#8221;Muzeul Na\u021bional al Pompierilor &#8216;Foi\u0219orul de Foc&#8217; este deschis publicului pentru to\u021bi cei care \u00ee\u0219i doresc s\u0103 c\u0103l\u0103toreasc\u0103 \u00een timp pentru a reflecta asupra valorilor comune, tradi\u021biei \u0219i istoriei pompierilor rom\u00e2ni care au servit de-a...\" \/>\n<meta property=\"og:url\" content=\"https:\/\/carpathiacenter.ro\/en\/saptamana-protectiei-civile-ziua-portilor-deschise-la-muzeul-national-al-pompierilor-foisorul-de-foc\/\" \/>\n<meta property=\"og:site_name\" content=\"Carpathia Center Romania\" \/>\n<meta property=\"article:publisher\" content=\"https:\/\/www.facebook.com\/fdpscarpathia\/\" \/>\n<meta property=\"article:published_time\" content=\"2025-02-28T10:02:50+00:00\" \/>\n<meta property=\"og:image\" content=\"https:\/\/carpathiacenter.ro\/wp-content\/uploads\/2025\/02\/Foisorul-de-foc.webp\" \/>\n\t<meta property=\"og:image:width\" content=\"1260\" \/>\n\t<meta property=\"og:image:height\" content=\"708\" \/>\n\t<meta property=\"og:image:type\" content=\"image\/webp\" \/>\n<meta name=\"author\" content=\"creativebitsolutions\" \/>\n<meta name=\"twitter:card\" content=\"summary_large_image\" \/>\n<meta name=\"twitter:label1\" content=\"Written by\" \/>\n\t<meta name=\"twitter:data1\" content=\"creativebitsolutions\" \/>\n\t<meta name=\"twitter:label2\" content=\"Estimated reading time\" \/>\n\t<meta name=\"twitter:data2\" content=\"1 minute\" \/>\n<script type=\"application\/ld+json\" class=\"yoast-schema-graph\">{\"@context\":\"https:\/\/schema.org\",\"@graph\":[{\"@type\":\"Article\",\"@id\":\"https:\/\/carpathiacenter.ro\/saptamana-protectiei-civile-ziua-portilor-deschise-la-muzeul-national-al-pompierilor-foisorul-de-foc\/#article\",\"isPartOf\":{\"@id\":\"https:\/\/carpathiacenter.ro\/saptamana-protectiei-civile-ziua-portilor-deschise-la-muzeul-national-al-pompierilor-foisorul-de-foc\/\"},\"author\":{\"name\":\"creativebitsolutions\",\"@id\":\"https:\/\/carpathiacenter.ro\/#\/schema\/person\/03d9f58202fee8379268f34afa195006\"},\"headline\":\"S\u0103pt\u0103m\u00e2na Protec\u021biei Civile\/Ziua por\u021bilor deschise, la Muzeul Na\u021bional al Pompierilor &#8216;Foi\u0219orul de Foc&#8217;\",\"datePublished\":\"2025-02-28T10:02:50+00:00\",\"mainEntityOfPage\":{\"@id\":\"https:\/\/carpathiacenter.ro\/saptamana-protectiei-civile-ziua-portilor-deschise-la-muzeul-national-al-pompierilor-foisorul-de-foc\/\"},\"wordCount\":177,\"commentCount\":0,\"publisher\":{\"@id\":\"https:\/\/carpathiacenter.ro\/#organization\"},\"image\":{\"@id\":\"https:\/\/carpathiacenter.ro\/saptamana-protectiei-civile-ziua-portilor-deschise-la-muzeul-national-al-pompierilor-foisorul-de-foc\/#primaryimage\"},\"thumbnailUrl\":\"https:\/\/carpathiacenter.ro\/wp-content\/uploads\/2025\/02\/Foisorul-de-foc.webp\",\"articleSection\":[\"Uncategorized\"],\"inLanguage\":\"en-GB\",\"potentialAction\":[{\"@type\":\"CommentAction\",\"name\":\"Comment\",\"target\":[\"https:\/\/carpathiacenter.ro\/saptamana-protectiei-civile-ziua-portilor-deschise-la-muzeul-national-al-pompierilor-foisorul-de-foc\/#respond\"]}]},{\"@type\":\"WebPage\",\"@id\":\"https:\/\/carpathiacenter.ro\/saptamana-protectiei-civile-ziua-portilor-deschise-la-muzeul-national-al-pompierilor-foisorul-de-foc\/\",\"url\":\"https:\/\/carpathiacenter.ro\/saptamana-protectiei-civile-ziua-portilor-deschise-la-muzeul-national-al-pompierilor-foisorul-de-foc\/\",\"name\":\"S\u0103pt\u0103m\u00e2na Protec\u021biei Civile\/Ziua por\u021bilor deschise, la Muzeul Na\u021bional al Pompierilor 'Foi\u0219orul de Foc' - Carpathia Center Romania\",\"isPartOf\":{\"@id\":\"https:\/\/carpathiacenter.ro\/#website\"},\"primaryImageOfPage\":{\"@id\":\"https:\/\/carpathiacenter.ro\/saptamana-protectiei-civile-ziua-portilor-deschise-la-muzeul-national-al-pompierilor-foisorul-de-foc\/#primaryimage\"},\"image\":{\"@id\":\"https:\/\/carpathiacenter.ro\/saptamana-protectiei-civile-ziua-portilor-deschise-la-muzeul-national-al-pompierilor-foisorul-de-foc\/#primaryimage\"},\"thumbnailUrl\":\"https:\/\/carpathiacenter.ro\/wp-content\/uploads\/2025\/02\/Foisorul-de-foc.webp\",\"datePublished\":\"2025-02-28T10:02:50+00:00\",\"breadcrumb\":{\"@id\":\"https:\/\/carpathiacenter.ro\/saptamana-protectiei-civile-ziua-portilor-deschise-la-muzeul-national-al-pompierilor-foisorul-de-foc\/#breadcrumb\"},\"inLanguage\":\"en-GB\",\"potentialAction\":[{\"@type\":\"ReadAction\",\"target\":[\"https:\/\/carpathiacenter.ro\/saptamana-protectiei-civile-ziua-portilor-deschise-la-muzeul-national-al-pompierilor-foisorul-de-foc\/\"]}]},{\"@type\":\"ImageObject\",\"inLanguage\":\"en-GB\",\"@id\":\"https:\/\/carpathiacenter.ro\/saptamana-protectiei-civile-ziua-portilor-deschise-la-muzeul-national-al-pompierilor-foisorul-de-foc\/#primaryimage\",\"url\":\"https:\/\/carpathiacenter.ro\/wp-content\/uploads\/2025\/02\/Foisorul-de-foc.webp\",\"contentUrl\":\"https:\/\/carpathiacenter.ro\/wp-content\/uploads\/2025\/02\/Foisorul-de-foc.webp\",\"width\":1260,\"height\":708},{\"@type\":\"BreadcrumbList\",\"@id\":\"https:\/\/carpathiacenter.ro\/saptamana-protectiei-civile-ziua-portilor-deschise-la-muzeul-national-al-pompierilor-foisorul-de-foc\/#breadcrumb\",\"itemListElement\":[{\"@type\":\"ListItem\",\"position\":1,\"name\":\"Prima pagin\u0103\",\"item\":\"https:\/\/carpathiacenter.ro\/\"},{\"@type\":\"ListItem\",\"position\":2,\"name\":\"S\u0103pt\u0103m\u00e2na Protec\u021biei Civile\/Ziua por\u021bilor deschise, la Muzeul Na\u021bional al Pompierilor &#8216;Foi\u0219orul de Foc&#8217;\"}]},{\"@type\":\"WebSite\",\"@id\":\"https:\/\/carpathiacenter.ro\/#website\",\"url\":\"https:\/\/carpathiacenter.ro\/\",\"name\":\"Carpathia Center Romania\",\"description\":\"Impossible made possible!\",\"publisher\":{\"@id\":\"https:\/\/carpathiacenter.ro\/#organization\"},\"potentialAction\":[{\"@type\":\"SearchAction\",\"target\":{\"@type\":\"EntryPoint\",\"urlTemplate\":\"https:\/\/carpathiacenter.ro\/?s={search_term_string}\"},\"query-input\":{\"@type\":\"PropertyValueSpecification\",\"valueRequired\":true,\"valueName\":\"search_term_string\"}}],\"inLanguage\":\"en-GB\"},{\"@type\":\"Organization\",\"@id\":\"https:\/\/carpathiacenter.ro\/#organization\",\"name\":\"Carpathia Center Romania\",\"url\":\"https:\/\/carpathiacenter.ro\/\",\"logo\":{\"@type\":\"ImageObject\",\"inLanguage\":\"en-GB\",\"@id\":\"https:\/\/carpathiacenter.ro\/#\/schema\/logo\/image\/\",\"url\":\"https:\/\/carpathiacenter.ro\/wp-content\/uploads\/2024\/07\/logo-carpathia_bg_white-1024x941.png\",\"contentUrl\":\"https:\/\/carpathiacenter.ro\/wp-content\/uploads\/2024\/07\/logo-carpathia_bg_white-1024x941.png\",\"width\":1024,\"height\":941,\"caption\":\"Carpathia Center Romania\"},\"image\":{\"@id\":\"https:\/\/carpathiacenter.ro\/#\/schema\/logo\/image\/\"},\"sameAs\":[\"https:\/\/www.facebook.com\/fdpscarpathia\/\"]},{\"@type\":\"Person\",\"@id\":\"https:\/\/carpathiacenter.ro\/#\/schema\/person\/03d9f58202fee8379268f34afa195006\",\"name\":\"creativebitsolutions\",\"image\":{\"@type\":\"ImageObject\",\"inLanguage\":\"en-GB\",\"@id\":\"https:\/\/carpathiacenter.ro\/#\/schema\/person\/image\/\",\"url\":\"https:\/\/secure.gravatar.com\/avatar\/1b1a13e37f847c635dab78348f1dff2f07651ee2a3d77a5c355a4b8c75f9165a?s=96&d=mm&r=g\",\"contentUrl\":\"https:\/\/secure.gravatar.com\/avatar\/1b1a13e37f847c635dab78348f1dff2f07651ee2a3d77a5c355a4b8c75f9165a?s=96&d=mm&r=g\",\"caption\":\"creativebitsolutions\"},\"url\":\"https:\/\/carpathiacenter.ro\/en\/author\/creativebitsolutions\/\"}]}<\/script>\n<!-- \/ Yoast SEO plugin. -->","yoast_head_json":{"title":"S\u0103pt\u0103m\u00e2na Protec\u021biei Civile\/Ziua por\u021bilor deschise, la Muzeul Na\u021bional al Pompierilor 'Foi\u0219orul de Foc' - Carpathia Center Romania","robots":{"index":"index","follow":"follow","max-snippet":"max-snippet:-1","max-image-preview":"max-image-preview:large","max-video-preview":"max-video-preview:-1"},"canonical":"https:\/\/carpathiacenter.ro\/en\/saptamana-protectiei-civile-ziua-portilor-deschise-la-muzeul-national-al-pompierilor-foisorul-de-foc\/","og_locale":"en_GB","og_type":"article","og_title":"S\u0103pt\u0103m\u00e2na Protec\u021biei Civile\/Ziua por\u021bilor deschise, la Muzeul Na\u021bional al Pompierilor 'Foi\u0219orul de Foc' - Carpathia Center Romania","og_description":"De S\u0103pt\u0103m\u00e2na Protec\u021biei Civile, Muzeul Na\u021bional al Pompierilor &#8216;Foi\u0219orul de Foc&#8217; organizeaz\u0103 \u00een acest sf\u00e2r\u0219it de s\u0103pt\u0103m\u00e2n\u0103 Ziua por\u021bilor deschise. &#8221;Muzeul Na\u021bional al Pompierilor &#8216;Foi\u0219orul de Foc&#8217; este deschis publicului pentru to\u021bi cei care \u00ee\u0219i doresc s\u0103 c\u0103l\u0103toreasc\u0103 \u00een timp pentru a reflecta asupra valorilor comune, tradi\u021biei \u0219i istoriei pompierilor rom\u00e2ni care au servit de-a...","og_url":"https:\/\/carpathiacenter.ro\/en\/saptamana-protectiei-civile-ziua-portilor-deschise-la-muzeul-national-al-pompierilor-foisorul-de-foc\/","og_site_name":"Carpathia Center Romania","article_publisher":"https:\/\/www.facebook.com\/fdpscarpathia\/","article_published_time":"2025-02-28T10:02:50+00:00","og_image":[{"width":1260,"height":708,"url":"https:\/\/carpathiacenter.ro\/wp-content\/uploads\/2025\/02\/Foisorul-de-foc.webp","type":"image\/webp"}],"author":"creativebitsolutions","twitter_card":"summary_large_image","twitter_misc":{"Written by":"creativebitsolutions","Estimated reading time":"1 minute"},"schema":{"@context":"https:\/\/schema.org","@graph":[{"@type":"Article","@id":"https:\/\/carpathiacenter.ro\/saptamana-protectiei-civile-ziua-portilor-deschise-la-muzeul-national-al-pompierilor-foisorul-de-foc\/#article","isPartOf":{"@id":"https:\/\/carpathiacenter.ro\/saptamana-protectiei-civile-ziua-portilor-deschise-la-muzeul-national-al-pompierilor-foisorul-de-foc\/"},"author":{"name":"creativebitsolutions","@id":"https:\/\/carpathiacenter.ro\/#\/schema\/person\/03d9f58202fee8379268f34afa195006"},"headline":"S\u0103pt\u0103m\u00e2na Protec\u021biei Civile\/Ziua por\u021bilor deschise, la Muzeul Na\u021bional al Pompierilor &#8216;Foi\u0219orul de Foc&#8217;","datePublished":"2025-02-28T10:02:50+00:00","mainEntityOfPage":{"@id":"https:\/\/carpathiacenter.ro\/saptamana-protectiei-civile-ziua-portilor-deschise-la-muzeul-national-al-pompierilor-foisorul-de-foc\/"},"wordCount":177,"commentCount":0,"publisher":{"@id":"https:\/\/carpathiacenter.ro\/#organization"},"image":{"@id":"https:\/\/carpathiacenter.ro\/saptamana-protectiei-civile-ziua-portilor-deschise-la-muzeul-national-al-pompierilor-foisorul-de-foc\/#primaryimage"},"thumbnailUrl":"https:\/\/carpathiacenter.ro\/wp-content\/uploads\/2025\/02\/Foisorul-de-foc.webp","articleSection":["Uncategorized"],"inLanguage":"en-GB","potentialAction":[{"@type":"CommentAction","name":"Comment","target":["https:\/\/carpathiacenter.ro\/saptamana-protectiei-civile-ziua-portilor-deschise-la-muzeul-national-al-pompierilor-foisorul-de-foc\/#respond"]}]},{"@type":"WebPage","@id":"https:\/\/carpathiacenter.ro\/saptamana-protectiei-civile-ziua-portilor-deschise-la-muzeul-national-al-pompierilor-foisorul-de-foc\/","url":"https:\/\/carpathiacenter.ro\/saptamana-protectiei-civile-ziua-portilor-deschise-la-muzeul-national-al-pompierilor-foisorul-de-foc\/","name":"S\u0103pt\u0103m\u00e2na Protec\u021biei Civile\/Ziua por\u021bilor deschise, la Muzeul Na\u021bional al Pompierilor 'Foi\u0219orul de Foc' - Carpathia Center Romania","isPartOf":{"@id":"https:\/\/carpathiacenter.ro\/#website"},"primaryImageOfPage":{"@id":"https:\/\/carpathiacenter.ro\/saptamana-protectiei-civile-ziua-portilor-deschise-la-muzeul-national-al-pompierilor-foisorul-de-foc\/#primaryimage"},"image":{"@id":"https:\/\/carpathiacenter.ro\/saptamana-protectiei-civile-ziua-portilor-deschise-la-muzeul-national-al-pompierilor-foisorul-de-foc\/#primaryimage"},"thumbnailUrl":"https:\/\/carpathiacenter.ro\/wp-content\/uploads\/2025\/02\/Foisorul-de-foc.webp","datePublished":"2025-02-28T10:02:50+00:00","breadcrumb":{"@id":"https:\/\/carpathiacenter.ro\/saptamana-protectiei-civile-ziua-portilor-deschise-la-muzeul-national-al-pompierilor-foisorul-de-foc\/#breadcrumb"},"inLanguage":"en-GB","potentialAction":[{"@type":"ReadAction","target":["https:\/\/carpathiacenter.ro\/saptamana-protectiei-civile-ziua-portilor-deschise-la-muzeul-national-al-pompierilor-foisorul-de-foc\/"]}]},{"@type":"ImageObject","inLanguage":"en-GB","@id":"https:\/\/carpathiacenter.ro\/saptamana-protectiei-civile-ziua-portilor-deschise-la-muzeul-national-al-pompierilor-foisorul-de-foc\/#primaryimage","url":"https:\/\/carpathiacenter.ro\/wp-content\/uploads\/2025\/02\/Foisorul-de-foc.webp","contentUrl":"https:\/\/carpathiacenter.ro\/wp-content\/uploads\/2025\/02\/Foisorul-de-foc.webp","width":1260,"height":708},{"@type":"BreadcrumbList","@id":"https:\/\/carpathiacenter.ro\/saptamana-protectiei-civile-ziua-portilor-deschise-la-muzeul-national-al-pompierilor-foisorul-de-foc\/#breadcrumb","itemListElement":[{"@type":"ListItem","position":1,"name":"Prima pagin\u0103","item":"https:\/\/carpathiacenter.ro\/"},{"@type":"ListItem","position":2,"name":"S\u0103pt\u0103m\u00e2na Protec\u021biei Civile\/Ziua por\u021bilor deschise, la Muzeul Na\u021bional al Pompierilor &#8216;Foi\u0219orul de Foc&#8217;"}]},{"@type":"WebSite","@id":"https:\/\/carpathiacenter.ro\/#website","url":"https:\/\/carpathiacenter.ro\/","name":"Carpathia Center Romania","description":"Impossible made possible!","publisher":{"@id":"https:\/\/carpathiacenter.ro\/#organization"},"potentialAction":[{"@type":"SearchAction","target":{"@type":"EntryPoint","urlTemplate":"https:\/\/carpathiacenter.ro\/?s={search_term_string}"},"query-input":{"@type":"PropertyValueSpecification","valueRequired":true,"valueName":"search_term_string"}}],"inLanguage":"en-GB"},{"@type":"Organization","@id":"https:\/\/carpathiacenter.ro\/#organization","name":"Carpathia Center Romania","url":"https:\/\/carpathiacenter.ro\/","logo":{"@type":"ImageObject","inLanguage":"en-GB","@id":"https:\/\/carpathiacenter.ro\/#\/schema\/logo\/image\/","url":"https:\/\/carpathiacenter.ro\/wp-content\/uploads\/2024\/07\/logo-carpathia_bg_white-1024x941.png","contentUrl":"https:\/\/carpathiacenter.ro\/wp-content\/uploads\/2024\/07\/logo-carpathia_bg_white-1024x941.png","width":1024,"height":941,"caption":"Carpathia Center Romania"},"image":{"@id":"https:\/\/carpathiacenter.ro\/#\/schema\/logo\/image\/"},"sameAs":["https:\/\/www.facebook.com\/fdpscarpathia\/"]},{"@type":"Person","@id":"https:\/\/carpathiacenter.ro\/#\/schema\/person\/03d9f58202fee8379268f34afa195006","name":"creativebitsolutions","image":{"@type":"ImageObject","inLanguage":"en-GB","@id":"https:\/\/carpathiacenter.ro\/#\/schema\/person\/image\/","url":"https:\/\/secure.gravatar.com\/avatar\/1b1a13e37f847c635dab78348f1dff2f07651ee2a3d77a5c355a4b8c75f9165a?s=96&d=mm&r=g","contentUrl":"https:\/\/secure.gravatar.com\/avatar\/1b1a13e37f847c635dab78348f1dff2f07651ee2a3d77a5c355a4b8c75f9165a?s=96&d=mm&r=g","caption":"creativebitsolutions"},"url":"https:\/\/carpathiacenter.ro\/en\/author\/creativebitsolutions\/"}]}},"_links":{"self":[{"href":"https:\/\/carpathiacenter.ro\/en\/wp-json\/wp\/v2\/posts\/1957","targetHints":{"allow":["GET"]}}],"collection":[{"href":"https:\/\/carpathiacenter.ro\/en\/wp-json\/wp\/v2\/posts"}],"about":[{"href":"https:\/\/carpathiacenter.ro\/en\/wp-json\/wp\/v2\/types\/post"}],"author":[{"embeddable":true,"href":"https:\/\/carpathiacenter.ro\/en\/wp-json\/wp\/v2\/users\/4"}],"replies":[{"embeddable":true,"href":"https:\/\/carpathiacenter.ro\/en\/wp-json\/wp\/v2\/comments?post=1957"}],"version-history":[{"count":1,"href":"https:\/\/carpathiacenter.ro\/en\/wp-json\/wp\/v2\/posts\/1957\/revisions"}],"predecessor-version":[{"id":1960,"href":"https:\/\/carpathiacenter.ro\/en\/wp-json\/wp\/v2\/posts\/1957\/revisions\/1960"}],"wp:featuredmedia":[{"embeddable":true,"href":"https:\/\/carpathiacenter.ro\/en\/wp-json\/wp\/v2\/media\/1959"}],"wp:attachment":[{"href":"https:\/\/carpathiacenter.ro\/en\/wp-json\/wp\/v2\/media?parent=1957"}],"wp:term":[{"taxonomy":"category","embeddable":true,"href":"https:\/\/carpathiacenter.ro\/en\/wp-json\/wp\/v2\/categories?post=1957"},{"taxonomy":"post_tag","embeddable":true,"href":"https:\/\/carpathiacenter.ro\/en\/wp-json\/wp\/v2\/tags?post=1957"}],"curies":[{"name":"wp","href":"https:\/\/api.w.org\/{rel}","templated":true}]}}