{"id":1954,"date":"2025-02-28T10:00:02","date_gmt":"2025-02-28T10:00:02","guid":{"rendered":"https:\/\/carpathiacenter.ro\/?p=1954"},"modified":"2025-02-28T10:00:02","modified_gmt":"2025-02-28T10:00:02","slug":"sua-trump-afirma-ca-sustine-articolul-5-piatra-de-temelie-a-nato","status":"publish","type":"post","link":"https:\/\/carpathiacenter.ro\/en\/sua-trump-afirma-ca-sustine-articolul-5-piatra-de-temelie-a-nato\/","title":{"rendered":"SUA: Trump afirm\u0103 c\u0103 &#8216;sus\u021bine&#8217; articolul 5, piatra de temelie a NATO"},"content":{"rendered":"<p><strong>Pre\u0219edintele american Donald Trump \u0219i-a afirmat joi &#8216;sprijinul&#8217; pentru articolul 5 al NATO, piatra sa de temelie care prevede o asisten\u021b\u0103 \u00eentre statele membre \u00een caz de agresiune, declara\u021bie f\u0103cut\u0103 \u00een cadrul unei conferin\u021be de pres\u0103 comune la Casa Alb\u0103 cu premierul britanic Keir Starmer, relateaz\u0103 AFP.<\/strong><\/p>\n<p>\u00centrebat despre acest articol cheie al Alian\u021bei Nord-Atlantice, \u00eentr-un moment \u00een care a ap\u0103rut proiectul instal\u0103rii de trupe europene \u00een Ucraina pentru a asigura o pace care r\u0103m\u00e2ne de \u00eencheiat, Donald Trump a r\u0103spuns &#8216;\u00eel sus\u021bin&#8217; ad\u0103ug\u00e2nd: &#8216;Nu cred c\u0103 vom avea motiv s\u0103 recurgem la asta&#8217;.<\/p>\n<p>Pre\u0219edintele american a declarat miercuri c\u0103 europenii, nu Statele Unite, trebuie s\u0103 furnizeze Ucrainei garan\u021bii de securitate, \u00een cadrul unui plan de solu\u021bionare a conflictului cu Rusia, \u0219i a transmis Kievului c\u0103 &#8216;poate s\u0103 uite&#8217; de aderarea la NATO, noteaz\u0103 AFP.<\/p>\n<p>&#8216;Nu voi oferi garan\u021bii de securitate&#8217;, a spus pre\u0219edintele american \u00een timpul unei reuniuni a Cabinetului s\u0103u la Casa Alb\u0103. &#8216;Vom cere Europei s\u0103 fac\u0103 aceasta pentru c\u0103, \u0219ti\u021bi, Europa este vecinul lor imediat, dar noi ne vom asigura c\u0103 totul merge bine&#8217;, <a href=\"https:\/\/www.youtube.com\/watch?v=h15yzF-mvZg\" target=\"_blank\">a indicat Trump<\/a>.<\/p>\n<p>C\u00e2t despre aderarea la NATO, cerut\u0103 insistent de pre\u0219edintele ucrainean Volodimir Zelenski, Ucraina &#8216;poate s\u0103 uite&#8217;, a clarificat acest subiect pre\u0219edintele SUA. &#8216;NATO, poate s\u0103 uite de asta &#8211; probabil c\u0103 acesta a \u0219i fost motivul pentru care a \u00eenceput toat\u0103 aceast\u0103 poveste&#8217;, a spus Trump, referindu-se la invazia rus\u0103 \u00een Ucraina.AGERPRES\/(AS &#8211; redactor: Violeta Gheorghe, editor online: Andreea Preda)<br \/>\nhref=&#8221;https:\/\/www.youtube.com\/watch?v=h15yzF-mvZg&#8221; target=&#8221;_blank&#8221;>a indicat Trump<\/a>.<br \/>\n<br \/>\nSursa Articolului: <a href=\"https:\/\/agerpres.ro\/politic-extern\/2025\/02\/27\/sua-trump-afirma-ca-sustine-articolul-5-piatra-de-temelie-a-nato--1426522\" target=\"_blank\">https:\/\/agerpres.ro\/politic-extern\/2025\/02\/27\/sua-trump-afirma-ca-sustine-articolul-5-piatra-de-temelie-a-nato&#8211;1426522<\/a><\/p>","protected":false},"excerpt":{"rendered":"<p>Pre\u0219edintele american Donald Trump \u0219i-a afirmat joi &#8216;sprijinul&#8217; pentru articolul 5 al NATO, piatra sa de temelie care prevede o asisten\u021b\u0103 \u00eentre statele membre \u00een caz de agresiune, declara\u021bie f\u0103cut\u0103 \u00een cadrul unei conferin\u021be de pres\u0103 comune la Casa Alb\u0103 cu premierul britanic Keir Starmer, relateaz\u0103 AFP. \u00centrebat despre acest articol cheie al Alian\u021bei Nord-Atlantice,&#8230;<\/p>","protected":false},"author":4,"featured_media":1955,"comment_status":"open","ping_status":"open","sticky":false,"template":"","format":"standard","meta":{"footnotes":""},"categories":[1],"tags":[],"class_list":["post-1954","post","type-post","status-publish","format-standard","has-post-thumbnail","hentry","category-uncategorized"],"yoast_head":"<!-- This site is optimized with the Yoast SEO plugin v26.1.1 - https:\/\/yoast.com\/wordpress\/plugins\/seo\/ -->\n<title>SUA: Trump afirm\u0103 c\u0103 &#039;sus\u021bine&#039; articolul 5, piatra de temelie a NATO - Carpathia Center Romania<\/title>\n<meta name=\"robots\" content=\"index, follow, max-snippet:-1, max-image-preview:large, max-video-preview:-1\" \/>\n<link rel=\"canonical\" href=\"https:\/\/carpathiacenter.ro\/en\/sua-trump-afirma-ca-sustine-articolul-5-piatra-de-temelie-a-nato\/\" \/>\n<meta property=\"og:locale\" content=\"en_GB\" \/>\n<meta property=\"og:type\" content=\"article\" \/>\n<meta property=\"og:title\" content=\"SUA: Trump afirm\u0103 c\u0103 &#039;sus\u021bine&#039; articolul 5, piatra de temelie a NATO - Carpathia Center Romania\" \/>\n<meta property=\"og:description\" content=\"Pre\u0219edintele american Donald Trump \u0219i-a afirmat joi &#8216;sprijinul&#8217; pentru articolul 5 al NATO, piatra sa de temelie care prevede o asisten\u021b\u0103 \u00eentre statele membre \u00een caz de agresiune, declara\u021bie f\u0103cut\u0103 \u00een cadrul unei conferin\u021be de pres\u0103 comune la Casa Alb\u0103 cu premierul britanic Keir Starmer, relateaz\u0103 AFP. \u00centrebat despre acest articol cheie al Alian\u021bei Nord-Atlantice,...\" \/>\n<meta property=\"og:url\" content=\"https:\/\/carpathiacenter.ro\/en\/sua-trump-afirma-ca-sustine-articolul-5-piatra-de-temelie-a-nato\/\" \/>\n<meta property=\"og:site_name\" content=\"Carpathia Center Romania\" \/>\n<meta property=\"article:publisher\" content=\"https:\/\/www.facebook.com\/fdpscarpathia\/\" \/>\n<meta property=\"article:published_time\" content=\"2025-02-28T10:00:02+00:00\" \/>\n<meta property=\"og:image\" content=\"https:\/\/carpathiacenter.ro\/wp-content\/uploads\/2025\/02\/Donald-Trump-NATO.jpg\" \/>\n\t<meta property=\"og:image:width\" content=\"1078\" \/>\n\t<meta property=\"og:image:height\" content=\"516\" \/>\n\t<meta property=\"og:image:type\" content=\"image\/jpeg\" \/>\n<meta name=\"author\" content=\"creativebitsolutions\" \/>\n<meta name=\"twitter:card\" content=\"summary_large_image\" \/>\n<meta name=\"twitter:label1\" content=\"Written by\" \/>\n\t<meta name=\"twitter:data1\" content=\"creativebitsolutions\" \/>\n\t<meta name=\"twitter:label2\" content=\"Estimated reading time\" \/>\n\t<meta name=\"twitter:data2\" content=\"1 minute\" \/>\n<script type=\"application\/ld+json\" class=\"yoast-schema-graph\">{\"@context\":\"https:\/\/schema.org\",\"@graph\":[{\"@type\":\"Article\",\"@id\":\"https:\/\/carpathiacenter.ro\/sua-trump-afirma-ca-sustine-articolul-5-piatra-de-temelie-a-nato\/#article\",\"isPartOf\":{\"@id\":\"https:\/\/carpathiacenter.ro\/sua-trump-afirma-ca-sustine-articolul-5-piatra-de-temelie-a-nato\/\"},\"author\":{\"name\":\"creativebitsolutions\",\"@id\":\"https:\/\/carpathiacenter.ro\/#\/schema\/person\/03d9f58202fee8379268f34afa195006\"},\"headline\":\"SUA: Trump afirm\u0103 c\u0103 &#8216;sus\u021bine&#8217; articolul 5, piatra de temelie a NATO\",\"datePublished\":\"2025-02-28T10:00:02+00:00\",\"mainEntityOfPage\":{\"@id\":\"https:\/\/carpathiacenter.ro\/sua-trump-afirma-ca-sustine-articolul-5-piatra-de-temelie-a-nato\/\"},\"wordCount\":299,\"commentCount\":0,\"publisher\":{\"@id\":\"https:\/\/carpathiacenter.ro\/#organization\"},\"image\":{\"@id\":\"https:\/\/carpathiacenter.ro\/sua-trump-afirma-ca-sustine-articolul-5-piatra-de-temelie-a-nato\/#primaryimage\"},\"thumbnailUrl\":\"https:\/\/carpathiacenter.ro\/wp-content\/uploads\/2025\/02\/Donald-Trump-NATO.jpg\",\"articleSection\":[\"Uncategorized\"],\"inLanguage\":\"en-GB\",\"potentialAction\":[{\"@type\":\"CommentAction\",\"name\":\"Comment\",\"target\":[\"https:\/\/carpathiacenter.ro\/sua-trump-afirma-ca-sustine-articolul-5-piatra-de-temelie-a-nato\/#respond\"]}]},{\"@type\":\"WebPage\",\"@id\":\"https:\/\/carpathiacenter.ro\/sua-trump-afirma-ca-sustine-articolul-5-piatra-de-temelie-a-nato\/\",\"url\":\"https:\/\/carpathiacenter.ro\/sua-trump-afirma-ca-sustine-articolul-5-piatra-de-temelie-a-nato\/\",\"name\":\"SUA: Trump afirm\u0103 c\u0103 'sus\u021bine' articolul 5, piatra de temelie a NATO - Carpathia Center Romania\",\"isPartOf\":{\"@id\":\"https:\/\/carpathiacenter.ro\/#website\"},\"primaryImageOfPage\":{\"@id\":\"https:\/\/carpathiacenter.ro\/sua-trump-afirma-ca-sustine-articolul-5-piatra-de-temelie-a-nato\/#primaryimage\"},\"image\":{\"@id\":\"https:\/\/carpathiacenter.ro\/sua-trump-afirma-ca-sustine-articolul-5-piatra-de-temelie-a-nato\/#primaryimage\"},\"thumbnailUrl\":\"https:\/\/carpathiacenter.ro\/wp-content\/uploads\/2025\/02\/Donald-Trump-NATO.jpg\",\"datePublished\":\"2025-02-28T10:00:02+00:00\",\"breadcrumb\":{\"@id\":\"https:\/\/carpathiacenter.ro\/sua-trump-afirma-ca-sustine-articolul-5-piatra-de-temelie-a-nato\/#breadcrumb\"},\"inLanguage\":\"en-GB\",\"potentialAction\":[{\"@type\":\"ReadAction\",\"target\":[\"https:\/\/carpathiacenter.ro\/sua-trump-afirma-ca-sustine-articolul-5-piatra-de-temelie-a-nato\/\"]}]},{\"@type\":\"ImageObject\",\"inLanguage\":\"en-GB\",\"@id\":\"https:\/\/carpathiacenter.ro\/sua-trump-afirma-ca-sustine-articolul-5-piatra-de-temelie-a-nato\/#primaryimage\",\"url\":\"https:\/\/carpathiacenter.ro\/wp-content\/uploads\/2025\/02\/Donald-Trump-NATO.jpg\",\"contentUrl\":\"https:\/\/carpathiacenter.ro\/wp-content\/uploads\/2025\/02\/Donald-Trump-NATO.jpg\",\"width\":1078,\"height\":516},{\"@type\":\"BreadcrumbList\",\"@id\":\"https:\/\/carpathiacenter.ro\/sua-trump-afirma-ca-sustine-articolul-5-piatra-de-temelie-a-nato\/#breadcrumb\",\"itemListElement\":[{\"@type\":\"ListItem\",\"position\":1,\"name\":\"Prima pagin\u0103\",\"item\":\"https:\/\/carpathiacenter.ro\/\"},{\"@type\":\"ListItem\",\"position\":2,\"name\":\"SUA: Trump afirm\u0103 c\u0103 &#8216;sus\u021bine&#8217; articolul 5, piatra de temelie a NATO\"}]},{\"@type\":\"WebSite\",\"@id\":\"https:\/\/carpathiacenter.ro\/#website\",\"url\":\"https:\/\/carpathiacenter.ro\/\",\"name\":\"Carpathia Center Romania\",\"description\":\"Impossible made possible!\",\"publisher\":{\"@id\":\"https:\/\/carpathiacenter.ro\/#organization\"},\"potentialAction\":[{\"@type\":\"SearchAction\",\"target\":{\"@type\":\"EntryPoint\",\"urlTemplate\":\"https:\/\/carpathiacenter.ro\/?s={search_term_string}\"},\"query-input\":{\"@type\":\"PropertyValueSpecification\",\"valueRequired\":true,\"valueName\":\"search_term_string\"}}],\"inLanguage\":\"en-GB\"},{\"@type\":\"Organization\",\"@id\":\"https:\/\/carpathiacenter.ro\/#organization\",\"name\":\"Carpathia Center Romania\",\"url\":\"https:\/\/carpathiacenter.ro\/\",\"logo\":{\"@type\":\"ImageObject\",\"inLanguage\":\"en-GB\",\"@id\":\"https:\/\/carpathiacenter.ro\/#\/schema\/logo\/image\/\",\"url\":\"https:\/\/carpathiacenter.ro\/wp-content\/uploads\/2024\/07\/logo-carpathia_bg_white-1024x941.png\",\"contentUrl\":\"https:\/\/carpathiacenter.ro\/wp-content\/uploads\/2024\/07\/logo-carpathia_bg_white-1024x941.png\",\"width\":1024,\"height\":941,\"caption\":\"Carpathia Center Romania\"},\"image\":{\"@id\":\"https:\/\/carpathiacenter.ro\/#\/schema\/logo\/image\/\"},\"sameAs\":[\"https:\/\/www.facebook.com\/fdpscarpathia\/\"]},{\"@type\":\"Person\",\"@id\":\"https:\/\/carpathiacenter.ro\/#\/schema\/person\/03d9f58202fee8379268f34afa195006\",\"name\":\"creativebitsolutions\",\"image\":{\"@type\":\"ImageObject\",\"inLanguage\":\"en-GB\",\"@id\":\"https:\/\/carpathiacenter.ro\/#\/schema\/person\/image\/\",\"url\":\"https:\/\/secure.gravatar.com\/avatar\/1b1a13e37f847c635dab78348f1dff2f07651ee2a3d77a5c355a4b8c75f9165a?s=96&d=mm&r=g\",\"contentUrl\":\"https:\/\/secure.gravatar.com\/avatar\/1b1a13e37f847c635dab78348f1dff2f07651ee2a3d77a5c355a4b8c75f9165a?s=96&d=mm&r=g\",\"caption\":\"creativebitsolutions\"},\"url\":\"https:\/\/carpathiacenter.ro\/en\/author\/creativebitsolutions\/\"}]}<\/script>\n<!-- \/ Yoast SEO plugin. -->","yoast_head_json":{"title":"SUA: Trump afirm\u0103 c\u0103 'sus\u021bine' articolul 5, piatra de temelie a NATO - Carpathia Center Romania","robots":{"index":"index","follow":"follow","max-snippet":"max-snippet:-1","max-image-preview":"max-image-preview:large","max-video-preview":"max-video-preview:-1"},"canonical":"https:\/\/carpathiacenter.ro\/en\/sua-trump-afirma-ca-sustine-articolul-5-piatra-de-temelie-a-nato\/","og_locale":"en_GB","og_type":"article","og_title":"SUA: Trump afirm\u0103 c\u0103 'sus\u021bine' articolul 5, piatra de temelie a NATO - Carpathia Center Romania","og_description":"Pre\u0219edintele american Donald Trump \u0219i-a afirmat joi &#8216;sprijinul&#8217; pentru articolul 5 al NATO, piatra sa de temelie care prevede o asisten\u021b\u0103 \u00eentre statele membre \u00een caz de agresiune, declara\u021bie f\u0103cut\u0103 \u00een cadrul unei conferin\u021be de pres\u0103 comune la Casa Alb\u0103 cu premierul britanic Keir Starmer, relateaz\u0103 AFP. \u00centrebat despre acest articol cheie al Alian\u021bei Nord-Atlantice,...","og_url":"https:\/\/carpathiacenter.ro\/en\/sua-trump-afirma-ca-sustine-articolul-5-piatra-de-temelie-a-nato\/","og_site_name":"Carpathia Center Romania","article_publisher":"https:\/\/www.facebook.com\/fdpscarpathia\/","article_published_time":"2025-02-28T10:00:02+00:00","og_image":[{"width":1078,"height":516,"url":"https:\/\/carpathiacenter.ro\/wp-content\/uploads\/2025\/02\/Donald-Trump-NATO.jpg","type":"image\/jpeg"}],"author":"creativebitsolutions","twitter_card":"summary_large_image","twitter_misc":{"Written by":"creativebitsolutions","Estimated reading time":"1 minute"},"schema":{"@context":"https:\/\/schema.org","@graph":[{"@type":"Article","@id":"https:\/\/carpathiacenter.ro\/sua-trump-afirma-ca-sustine-articolul-5-piatra-de-temelie-a-nato\/#article","isPartOf":{"@id":"https:\/\/carpathiacenter.ro\/sua-trump-afirma-ca-sustine-articolul-5-piatra-de-temelie-a-nato\/"},"author":{"name":"creativebitsolutions","@id":"https:\/\/carpathiacenter.ro\/#\/schema\/person\/03d9f58202fee8379268f34afa195006"},"headline":"SUA: Trump afirm\u0103 c\u0103 &#8216;sus\u021bine&#8217; articolul 5, piatra de temelie a NATO","datePublished":"2025-02-28T10:00:02+00:00","mainEntityOfPage":{"@id":"https:\/\/carpathiacenter.ro\/sua-trump-afirma-ca-sustine-articolul-5-piatra-de-temelie-a-nato\/"},"wordCount":299,"commentCount":0,"publisher":{"@id":"https:\/\/carpathiacenter.ro\/#organization"},"image":{"@id":"https:\/\/carpathiacenter.ro\/sua-trump-afirma-ca-sustine-articolul-5-piatra-de-temelie-a-nato\/#primaryimage"},"thumbnailUrl":"https:\/\/carpathiacenter.ro\/wp-content\/uploads\/2025\/02\/Donald-Trump-NATO.jpg","articleSection":["Uncategorized"],"inLanguage":"en-GB","potentialAction":[{"@type":"CommentAction","name":"Comment","target":["https:\/\/carpathiacenter.ro\/sua-trump-afirma-ca-sustine-articolul-5-piatra-de-temelie-a-nato\/#respond"]}]},{"@type":"WebPage","@id":"https:\/\/carpathiacenter.ro\/sua-trump-afirma-ca-sustine-articolul-5-piatra-de-temelie-a-nato\/","url":"https:\/\/carpathiacenter.ro\/sua-trump-afirma-ca-sustine-articolul-5-piatra-de-temelie-a-nato\/","name":"SUA: Trump afirm\u0103 c\u0103 'sus\u021bine' articolul 5, piatra de temelie a NATO - Carpathia Center Romania","isPartOf":{"@id":"https:\/\/carpathiacenter.ro\/#website"},"primaryImageOfPage":{"@id":"https:\/\/carpathiacenter.ro\/sua-trump-afirma-ca-sustine-articolul-5-piatra-de-temelie-a-nato\/#primaryimage"},"image":{"@id":"https:\/\/carpathiacenter.ro\/sua-trump-afirma-ca-sustine-articolul-5-piatra-de-temelie-a-nato\/#primaryimage"},"thumbnailUrl":"https:\/\/carpathiacenter.ro\/wp-content\/uploads\/2025\/02\/Donald-Trump-NATO.jpg","datePublished":"2025-02-28T10:00:02+00:00","breadcrumb":{"@id":"https:\/\/carpathiacenter.ro\/sua-trump-afirma-ca-sustine-articolul-5-piatra-de-temelie-a-nato\/#breadcrumb"},"inLanguage":"en-GB","potentialAction":[{"@type":"ReadAction","target":["https:\/\/carpathiacenter.ro\/sua-trump-afirma-ca-sustine-articolul-5-piatra-de-temelie-a-nato\/"]}]},{"@type":"ImageObject","inLanguage":"en-GB","@id":"https:\/\/carpathiacenter.ro\/sua-trump-afirma-ca-sustine-articolul-5-piatra-de-temelie-a-nato\/#primaryimage","url":"https:\/\/carpathiacenter.ro\/wp-content\/uploads\/2025\/02\/Donald-Trump-NATO.jpg","contentUrl":"https:\/\/carpathiacenter.ro\/wp-content\/uploads\/2025\/02\/Donald-Trump-NATO.jpg","width":1078,"height":516},{"@type":"BreadcrumbList","@id":"https:\/\/carpathiacenter.ro\/sua-trump-afirma-ca-sustine-articolul-5-piatra-de-temelie-a-nato\/#breadcrumb","itemListElement":[{"@type":"ListItem","position":1,"name":"Prima pagin\u0103","item":"https:\/\/carpathiacenter.ro\/"},{"@type":"ListItem","position":2,"name":"SUA: Trump afirm\u0103 c\u0103 &#8216;sus\u021bine&#8217; articolul 5, piatra de temelie a NATO"}]},{"@type":"WebSite","@id":"https:\/\/carpathiacenter.ro\/#website","url":"https:\/\/carpathiacenter.ro\/","name":"Carpathia Center Romania","description":"Impossible made possible!","publisher":{"@id":"https:\/\/carpathiacenter.ro\/#organization"},"potentialAction":[{"@type":"SearchAction","target":{"@type":"EntryPoint","urlTemplate":"https:\/\/carpathiacenter.ro\/?s={search_term_string}"},"query-input":{"@type":"PropertyValueSpecification","valueRequired":true,"valueName":"search_term_string"}}],"inLanguage":"en-GB"},{"@type":"Organization","@id":"https:\/\/carpathiacenter.ro\/#organization","name":"Carpathia Center Romania","url":"https:\/\/carpathiacenter.ro\/","logo":{"@type":"ImageObject","inLanguage":"en-GB","@id":"https:\/\/carpathiacenter.ro\/#\/schema\/logo\/image\/","url":"https:\/\/carpathiacenter.ro\/wp-content\/uploads\/2024\/07\/logo-carpathia_bg_white-1024x941.png","contentUrl":"https:\/\/carpathiacenter.ro\/wp-content\/uploads\/2024\/07\/logo-carpathia_bg_white-1024x941.png","width":1024,"height":941,"caption":"Carpathia Center Romania"},"image":{"@id":"https:\/\/carpathiacenter.ro\/#\/schema\/logo\/image\/"},"sameAs":["https:\/\/www.facebook.com\/fdpscarpathia\/"]},{"@type":"Person","@id":"https:\/\/carpathiacenter.ro\/#\/schema\/person\/03d9f58202fee8379268f34afa195006","name":"creativebitsolutions","image":{"@type":"ImageObject","inLanguage":"en-GB","@id":"https:\/\/carpathiacenter.ro\/#\/schema\/person\/image\/","url":"https:\/\/secure.gravatar.com\/avatar\/1b1a13e37f847c635dab78348f1dff2f07651ee2a3d77a5c355a4b8c75f9165a?s=96&d=mm&r=g","contentUrl":"https:\/\/secure.gravatar.com\/avatar\/1b1a13e37f847c635dab78348f1dff2f07651ee2a3d77a5c355a4b8c75f9165a?s=96&d=mm&r=g","caption":"creativebitsolutions"},"url":"https:\/\/carpathiacenter.ro\/en\/author\/creativebitsolutions\/"}]}},"_links":{"self":[{"href":"https:\/\/carpathiacenter.ro\/en\/wp-json\/wp\/v2\/posts\/1954","targetHints":{"allow":["GET"]}}],"collection":[{"href":"https:\/\/carpathiacenter.ro\/en\/wp-json\/wp\/v2\/posts"}],"about":[{"href":"https:\/\/carpathiacenter.ro\/en\/wp-json\/wp\/v2\/types\/post"}],"author":[{"embeddable":true,"href":"https:\/\/carpathiacenter.ro\/en\/wp-json\/wp\/v2\/users\/4"}],"replies":[{"embeddable":true,"href":"https:\/\/carpathiacenter.ro\/en\/wp-json\/wp\/v2\/comments?post=1954"}],"version-history":[{"count":1,"href":"https:\/\/carpathiacenter.ro\/en\/wp-json\/wp\/v2\/posts\/1954\/revisions"}],"predecessor-version":[{"id":1956,"href":"https:\/\/carpathiacenter.ro\/en\/wp-json\/wp\/v2\/posts\/1954\/revisions\/1956"}],"wp:featuredmedia":[{"embeddable":true,"href":"https:\/\/carpathiacenter.ro\/en\/wp-json\/wp\/v2\/media\/1955"}],"wp:attachment":[{"href":"https:\/\/carpathiacenter.ro\/en\/wp-json\/wp\/v2\/media?parent=1954"}],"wp:term":[{"taxonomy":"category","embeddable":true,"href":"https:\/\/carpathiacenter.ro\/en\/wp-json\/wp\/v2\/categories?post=1954"},{"taxonomy":"post_tag","embeddable":true,"href":"https:\/\/carpathiacenter.ro\/en\/wp-json\/wp\/v2\/tags?post=1954"}],"curies":[{"name":"wp","href":"https:\/\/api.w.org\/{rel}","templated":true}]}}