{"id":1946,"date":"2025-02-27T05:59:02","date_gmt":"2025-02-27T05:59:02","guid":{"rendered":"https:\/\/carpathiacenter.ro\/?p=1946"},"modified":"2025-02-27T05:59:44","modified_gmt":"2025-02-27T05:59:44","slug":"senat-ministrul-educatiei-daniel-david-la-dezbaterea-ora-guvernului","status":"publish","type":"post","link":"https:\/\/carpathiacenter.ro\/en\/senat-ministrul-educatiei-daniel-david-la-dezbaterea-ora-guvernului\/","title":{"rendered":"Senat: Ministrul Educa\u021biei, Daniel David, la dezbaterea &#8216;Ora Guvernului&#8217;"},"content":{"rendered":"<p><strong>Ministrul Educa\u021biei \u0219i Cercet\u0103rii, Daniel David, va participa, miercuri, \u00een plenul Senatului, la dezbaterea &#8216;Ora Guvernului&#8217;, ca urmare a invita\u021biei grupului senatorial AUR, informeaz\u0103 site-ul Senatului.<\/strong><\/p>\n<p>Daniel David a confirmat participarea la dezbaterea de miercuri, pentru care grupul senatorial AUR a solicitat s\u0103 explice &#8216;lipsa materiilor geografie \u0219i istorie din planurile-cadru pentru liceu&#8217;.<\/p>\n<p>&#8216;V\u0103 aduc la cuno\u0219tin\u021b\u0103 c\u0103 am s\u0103 onorez invita\u021bia adresat\u0103 de grupul parlamentar AUR. Mul\u021bumesc grupului parlamentar AUR pentru interesul asupra proiectelor de planuri-cadru pentru \u00eenv\u0103\u021b\u0103m\u00e2ntul liceal. Totodat\u0103, precizez c\u0103 planurile-cadru se afl\u0103 \u00eenc\u0103 \u00een dezbatere p\u00e2n\u0103 \u00een data de 6 martie 2025, neav\u00e2nd acum un model final, acesta urm\u00e2nd s\u0103 fie prezentat doar \u00een luna mai 2025, dup\u0103 integrarea tuturor informa\u021biilor din perioada dezbaterilor. \u00cen anticiparea discu\u021biilor, ca regul\u0103 general\u0103, trebuie s\u0103 spun c\u0103 misiunea mea ca ministru acum este ca o component\u0103 de cultur\u0103 na\u021bional\u0103 s\u0103 fie bine reprezentat\u0103 \u00een curriculum liceal \u0219i, mai concret, sper ca dup\u0103 mai mult de 20 de ani s\u0103 fiu ministrul care readuce istoria rom\u00e2nilor \u0219i a Rom\u00e2niei \u0219i geografia Rom\u00e2niei ca disciplin\u0103 de sine-st\u0103t\u0103toare \u00een curriculum na\u021bional. Trebuie \u00eens\u0103 reg\u00e2ndite modelele actuale pentru a ne asigura c\u0103 cultura na\u021bional\u0103 ajunge \u00een mintea \u0219i comportamentul copiilor no\u0219tri \u00een mod eficient&#8217;, a scris ministrul David \u00een r\u0103spunsul s\u0103u. AGERPRES\/(AS &#8211; redactor: Livia Popescu, editor: Mihai Simionescu, editor online: Alexandru Cojocaru)<\/p>","protected":false},"excerpt":{"rendered":"<p>Ministrul Educa\u021biei \u0219i Cercet\u0103rii, Daniel David, va participa, miercuri, \u00een plenul Senatului, la dezbaterea &#8216;Ora Guvernului&#8217;, ca urmare a invita\u021biei grupului senatorial AUR, informeaz\u0103 site-ul Senatului. Daniel David a confirmat participarea la dezbaterea de miercuri, pentru care grupul senatorial AUR a solicitat s\u0103 explice &#8216;lipsa materiilor geografie \u0219i istorie din planurile-cadru pentru liceu&#8217;. &#8216;V\u0103 aduc&#8230;<\/p>","protected":false},"author":4,"featured_media":1917,"comment_status":"open","ping_status":"open","sticky":false,"template":"","format":"standard","meta":{"footnotes":""},"categories":[1],"tags":[],"class_list":["post-1946","post","type-post","status-publish","format-standard","has-post-thumbnail","hentry","category-uncategorized"],"yoast_head":"<!-- This site is optimized with the Yoast SEO plugin v26.1.1 - https:\/\/yoast.com\/wordpress\/plugins\/seo\/ -->\n<title>Senat: Ministrul Educa\u021biei, Daniel David, la dezbaterea &#039;Ora Guvernului&#039; - Carpathia Center Romania<\/title>\n<meta name=\"robots\" content=\"index, follow, max-snippet:-1, max-image-preview:large, max-video-preview:-1\" \/>\n<link rel=\"canonical\" href=\"https:\/\/carpathiacenter.ro\/en\/senat-ministrul-educatiei-daniel-david-la-dezbaterea-ora-guvernului\/\" \/>\n<meta property=\"og:locale\" content=\"en_GB\" \/>\n<meta property=\"og:type\" content=\"article\" \/>\n<meta property=\"og:title\" content=\"Senat: Ministrul Educa\u021biei, Daniel David, la dezbaterea &#039;Ora Guvernului&#039; - Carpathia Center Romania\" \/>\n<meta property=\"og:description\" content=\"Ministrul Educa\u021biei \u0219i Cercet\u0103rii, Daniel David, va participa, miercuri, \u00een plenul Senatului, la dezbaterea &#8216;Ora Guvernului&#8217;, ca urmare a invita\u021biei grupului senatorial AUR, informeaz\u0103 site-ul Senatului. Daniel David a confirmat participarea la dezbaterea de miercuri, pentru care grupul senatorial AUR a solicitat s\u0103 explice &#8216;lipsa materiilor geografie \u0219i istorie din planurile-cadru pentru liceu&#8217;. &#8216;V\u0103 aduc...\" \/>\n<meta property=\"og:url\" content=\"https:\/\/carpathiacenter.ro\/en\/senat-ministrul-educatiei-daniel-david-la-dezbaterea-ora-guvernului\/\" \/>\n<meta property=\"og:site_name\" content=\"Carpathia Center Romania\" \/>\n<meta property=\"article:publisher\" content=\"https:\/\/www.facebook.com\/fdpscarpathia\/\" \/>\n<meta property=\"article:published_time\" content=\"2025-02-27T05:59:02+00:00\" \/>\n<meta property=\"article:modified_time\" content=\"2025-02-27T05:59:44+00:00\" \/>\n<meta property=\"og:image\" content=\"https:\/\/carpathiacenter.ro\/wp-content\/uploads\/2025\/02\/Daniel-David.jpg\" \/>\n\t<meta property=\"og:image:width\" content=\"780\" \/>\n\t<meta property=\"og:image:height\" content=\"440\" \/>\n\t<meta property=\"og:image:type\" content=\"image\/jpeg\" \/>\n<meta name=\"author\" content=\"creativebitsolutions\" \/>\n<meta name=\"twitter:card\" content=\"summary_large_image\" \/>\n<meta name=\"twitter:label1\" content=\"Written by\" \/>\n\t<meta name=\"twitter:data1\" content=\"creativebitsolutions\" \/>\n\t<meta name=\"twitter:label2\" content=\"Estimated reading time\" \/>\n\t<meta name=\"twitter:data2\" content=\"1 minute\" \/>\n<script type=\"application\/ld+json\" class=\"yoast-schema-graph\">{\"@context\":\"https:\/\/schema.org\",\"@graph\":[{\"@type\":\"Article\",\"@id\":\"https:\/\/carpathiacenter.ro\/senat-ministrul-educatiei-daniel-david-la-dezbaterea-ora-guvernului\/#article\",\"isPartOf\":{\"@id\":\"https:\/\/carpathiacenter.ro\/senat-ministrul-educatiei-daniel-david-la-dezbaterea-ora-guvernului\/\"},\"author\":{\"name\":\"creativebitsolutions\",\"@id\":\"https:\/\/carpathiacenter.ro\/#\/schema\/person\/03d9f58202fee8379268f34afa195006\"},\"headline\":\"Senat: Ministrul Educa\u021biei, Daniel David, la dezbaterea &#8216;Ora Guvernului&#8217;\",\"datePublished\":\"2025-02-27T05:59:02+00:00\",\"dateModified\":\"2025-02-27T05:59:44+00:00\",\"mainEntityOfPage\":{\"@id\":\"https:\/\/carpathiacenter.ro\/senat-ministrul-educatiei-daniel-david-la-dezbaterea-ora-guvernului\/\"},\"wordCount\":252,\"commentCount\":0,\"publisher\":{\"@id\":\"https:\/\/carpathiacenter.ro\/#organization\"},\"image\":{\"@id\":\"https:\/\/carpathiacenter.ro\/senat-ministrul-educatiei-daniel-david-la-dezbaterea-ora-guvernului\/#primaryimage\"},\"thumbnailUrl\":\"https:\/\/carpathiacenter.ro\/wp-content\/uploads\/2025\/02\/Daniel-David.jpg\",\"articleSection\":[\"Uncategorized\"],\"inLanguage\":\"en-GB\",\"potentialAction\":[{\"@type\":\"CommentAction\",\"name\":\"Comment\",\"target\":[\"https:\/\/carpathiacenter.ro\/senat-ministrul-educatiei-daniel-david-la-dezbaterea-ora-guvernului\/#respond\"]}]},{\"@type\":\"WebPage\",\"@id\":\"https:\/\/carpathiacenter.ro\/senat-ministrul-educatiei-daniel-david-la-dezbaterea-ora-guvernului\/\",\"url\":\"https:\/\/carpathiacenter.ro\/senat-ministrul-educatiei-daniel-david-la-dezbaterea-ora-guvernului\/\",\"name\":\"Senat: Ministrul Educa\u021biei, Daniel David, la dezbaterea 'Ora Guvernului' - Carpathia Center Romania\",\"isPartOf\":{\"@id\":\"https:\/\/carpathiacenter.ro\/#website\"},\"primaryImageOfPage\":{\"@id\":\"https:\/\/carpathiacenter.ro\/senat-ministrul-educatiei-daniel-david-la-dezbaterea-ora-guvernului\/#primaryimage\"},\"image\":{\"@id\":\"https:\/\/carpathiacenter.ro\/senat-ministrul-educatiei-daniel-david-la-dezbaterea-ora-guvernului\/#primaryimage\"},\"thumbnailUrl\":\"https:\/\/carpathiacenter.ro\/wp-content\/uploads\/2025\/02\/Daniel-David.jpg\",\"datePublished\":\"2025-02-27T05:59:02+00:00\",\"dateModified\":\"2025-02-27T05:59:44+00:00\",\"breadcrumb\":{\"@id\":\"https:\/\/carpathiacenter.ro\/senat-ministrul-educatiei-daniel-david-la-dezbaterea-ora-guvernului\/#breadcrumb\"},\"inLanguage\":\"en-GB\",\"potentialAction\":[{\"@type\":\"ReadAction\",\"target\":[\"https:\/\/carpathiacenter.ro\/senat-ministrul-educatiei-daniel-david-la-dezbaterea-ora-guvernului\/\"]}]},{\"@type\":\"ImageObject\",\"inLanguage\":\"en-GB\",\"@id\":\"https:\/\/carpathiacenter.ro\/senat-ministrul-educatiei-daniel-david-la-dezbaterea-ora-guvernului\/#primaryimage\",\"url\":\"https:\/\/carpathiacenter.ro\/wp-content\/uploads\/2025\/02\/Daniel-David.jpg\",\"contentUrl\":\"https:\/\/carpathiacenter.ro\/wp-content\/uploads\/2025\/02\/Daniel-David.jpg\",\"width\":780,\"height\":440},{\"@type\":\"BreadcrumbList\",\"@id\":\"https:\/\/carpathiacenter.ro\/senat-ministrul-educatiei-daniel-david-la-dezbaterea-ora-guvernului\/#breadcrumb\",\"itemListElement\":[{\"@type\":\"ListItem\",\"position\":1,\"name\":\"Prima pagin\u0103\",\"item\":\"https:\/\/carpathiacenter.ro\/\"},{\"@type\":\"ListItem\",\"position\":2,\"name\":\"Senat: Ministrul Educa\u021biei, Daniel David, la dezbaterea &#8216;Ora Guvernului&#8217;\"}]},{\"@type\":\"WebSite\",\"@id\":\"https:\/\/carpathiacenter.ro\/#website\",\"url\":\"https:\/\/carpathiacenter.ro\/\",\"name\":\"Carpathia Center Romania\",\"description\":\"Impossible made possible!\",\"publisher\":{\"@id\":\"https:\/\/carpathiacenter.ro\/#organization\"},\"potentialAction\":[{\"@type\":\"SearchAction\",\"target\":{\"@type\":\"EntryPoint\",\"urlTemplate\":\"https:\/\/carpathiacenter.ro\/?s={search_term_string}\"},\"query-input\":{\"@type\":\"PropertyValueSpecification\",\"valueRequired\":true,\"valueName\":\"search_term_string\"}}],\"inLanguage\":\"en-GB\"},{\"@type\":\"Organization\",\"@id\":\"https:\/\/carpathiacenter.ro\/#organization\",\"name\":\"Carpathia Center Romania\",\"url\":\"https:\/\/carpathiacenter.ro\/\",\"logo\":{\"@type\":\"ImageObject\",\"inLanguage\":\"en-GB\",\"@id\":\"https:\/\/carpathiacenter.ro\/#\/schema\/logo\/image\/\",\"url\":\"https:\/\/carpathiacenter.ro\/wp-content\/uploads\/2024\/07\/logo-carpathia_bg_white-1024x941.png\",\"contentUrl\":\"https:\/\/carpathiacenter.ro\/wp-content\/uploads\/2024\/07\/logo-carpathia_bg_white-1024x941.png\",\"width\":1024,\"height\":941,\"caption\":\"Carpathia Center Romania\"},\"image\":{\"@id\":\"https:\/\/carpathiacenter.ro\/#\/schema\/logo\/image\/\"},\"sameAs\":[\"https:\/\/www.facebook.com\/fdpscarpathia\/\"]},{\"@type\":\"Person\",\"@id\":\"https:\/\/carpathiacenter.ro\/#\/schema\/person\/03d9f58202fee8379268f34afa195006\",\"name\":\"creativebitsolutions\",\"image\":{\"@type\":\"ImageObject\",\"inLanguage\":\"en-GB\",\"@id\":\"https:\/\/carpathiacenter.ro\/#\/schema\/person\/image\/\",\"url\":\"https:\/\/secure.gravatar.com\/avatar\/1b1a13e37f847c635dab78348f1dff2f07651ee2a3d77a5c355a4b8c75f9165a?s=96&d=mm&r=g\",\"contentUrl\":\"https:\/\/secure.gravatar.com\/avatar\/1b1a13e37f847c635dab78348f1dff2f07651ee2a3d77a5c355a4b8c75f9165a?s=96&d=mm&r=g\",\"caption\":\"creativebitsolutions\"},\"url\":\"https:\/\/carpathiacenter.ro\/en\/author\/creativebitsolutions\/\"}]}<\/script>\n<!-- \/ Yoast SEO plugin. -->","yoast_head_json":{"title":"Senat: Ministrul Educa\u021biei, Daniel David, la dezbaterea 'Ora Guvernului' - Carpathia Center Romania","robots":{"index":"index","follow":"follow","max-snippet":"max-snippet:-1","max-image-preview":"max-image-preview:large","max-video-preview":"max-video-preview:-1"},"canonical":"https:\/\/carpathiacenter.ro\/en\/senat-ministrul-educatiei-daniel-david-la-dezbaterea-ora-guvernului\/","og_locale":"en_GB","og_type":"article","og_title":"Senat: Ministrul Educa\u021biei, Daniel David, la dezbaterea 'Ora Guvernului' - Carpathia Center Romania","og_description":"Ministrul Educa\u021biei \u0219i Cercet\u0103rii, Daniel David, va participa, miercuri, \u00een plenul Senatului, la dezbaterea &#8216;Ora Guvernului&#8217;, ca urmare a invita\u021biei grupului senatorial AUR, informeaz\u0103 site-ul Senatului. Daniel David a confirmat participarea la dezbaterea de miercuri, pentru care grupul senatorial AUR a solicitat s\u0103 explice &#8216;lipsa materiilor geografie \u0219i istorie din planurile-cadru pentru liceu&#8217;. &#8216;V\u0103 aduc...","og_url":"https:\/\/carpathiacenter.ro\/en\/senat-ministrul-educatiei-daniel-david-la-dezbaterea-ora-guvernului\/","og_site_name":"Carpathia Center Romania","article_publisher":"https:\/\/www.facebook.com\/fdpscarpathia\/","article_published_time":"2025-02-27T05:59:02+00:00","article_modified_time":"2025-02-27T05:59:44+00:00","og_image":[{"width":780,"height":440,"url":"https:\/\/carpathiacenter.ro\/wp-content\/uploads\/2025\/02\/Daniel-David.jpg","type":"image\/jpeg"}],"author":"creativebitsolutions","twitter_card":"summary_large_image","twitter_misc":{"Written by":"creativebitsolutions","Estimated reading time":"1 minute"},"schema":{"@context":"https:\/\/schema.org","@graph":[{"@type":"Article","@id":"https:\/\/carpathiacenter.ro\/senat-ministrul-educatiei-daniel-david-la-dezbaterea-ora-guvernului\/#article","isPartOf":{"@id":"https:\/\/carpathiacenter.ro\/senat-ministrul-educatiei-daniel-david-la-dezbaterea-ora-guvernului\/"},"author":{"name":"creativebitsolutions","@id":"https:\/\/carpathiacenter.ro\/#\/schema\/person\/03d9f58202fee8379268f34afa195006"},"headline":"Senat: Ministrul Educa\u021biei, Daniel David, la dezbaterea &#8216;Ora Guvernului&#8217;","datePublished":"2025-02-27T05:59:02+00:00","dateModified":"2025-02-27T05:59:44+00:00","mainEntityOfPage":{"@id":"https:\/\/carpathiacenter.ro\/senat-ministrul-educatiei-daniel-david-la-dezbaterea-ora-guvernului\/"},"wordCount":252,"commentCount":0,"publisher":{"@id":"https:\/\/carpathiacenter.ro\/#organization"},"image":{"@id":"https:\/\/carpathiacenter.ro\/senat-ministrul-educatiei-daniel-david-la-dezbaterea-ora-guvernului\/#primaryimage"},"thumbnailUrl":"https:\/\/carpathiacenter.ro\/wp-content\/uploads\/2025\/02\/Daniel-David.jpg","articleSection":["Uncategorized"],"inLanguage":"en-GB","potentialAction":[{"@type":"CommentAction","name":"Comment","target":["https:\/\/carpathiacenter.ro\/senat-ministrul-educatiei-daniel-david-la-dezbaterea-ora-guvernului\/#respond"]}]},{"@type":"WebPage","@id":"https:\/\/carpathiacenter.ro\/senat-ministrul-educatiei-daniel-david-la-dezbaterea-ora-guvernului\/","url":"https:\/\/carpathiacenter.ro\/senat-ministrul-educatiei-daniel-david-la-dezbaterea-ora-guvernului\/","name":"Senat: Ministrul Educa\u021biei, Daniel David, la dezbaterea 'Ora Guvernului' - Carpathia Center Romania","isPartOf":{"@id":"https:\/\/carpathiacenter.ro\/#website"},"primaryImageOfPage":{"@id":"https:\/\/carpathiacenter.ro\/senat-ministrul-educatiei-daniel-david-la-dezbaterea-ora-guvernului\/#primaryimage"},"image":{"@id":"https:\/\/carpathiacenter.ro\/senat-ministrul-educatiei-daniel-david-la-dezbaterea-ora-guvernului\/#primaryimage"},"thumbnailUrl":"https:\/\/carpathiacenter.ro\/wp-content\/uploads\/2025\/02\/Daniel-David.jpg","datePublished":"2025-02-27T05:59:02+00:00","dateModified":"2025-02-27T05:59:44+00:00","breadcrumb":{"@id":"https:\/\/carpathiacenter.ro\/senat-ministrul-educatiei-daniel-david-la-dezbaterea-ora-guvernului\/#breadcrumb"},"inLanguage":"en-GB","potentialAction":[{"@type":"ReadAction","target":["https:\/\/carpathiacenter.ro\/senat-ministrul-educatiei-daniel-david-la-dezbaterea-ora-guvernului\/"]}]},{"@type":"ImageObject","inLanguage":"en-GB","@id":"https:\/\/carpathiacenter.ro\/senat-ministrul-educatiei-daniel-david-la-dezbaterea-ora-guvernului\/#primaryimage","url":"https:\/\/carpathiacenter.ro\/wp-content\/uploads\/2025\/02\/Daniel-David.jpg","contentUrl":"https:\/\/carpathiacenter.ro\/wp-content\/uploads\/2025\/02\/Daniel-David.jpg","width":780,"height":440},{"@type":"BreadcrumbList","@id":"https:\/\/carpathiacenter.ro\/senat-ministrul-educatiei-daniel-david-la-dezbaterea-ora-guvernului\/#breadcrumb","itemListElement":[{"@type":"ListItem","position":1,"name":"Prima pagin\u0103","item":"https:\/\/carpathiacenter.ro\/"},{"@type":"ListItem","position":2,"name":"Senat: Ministrul Educa\u021biei, Daniel David, la dezbaterea &#8216;Ora Guvernului&#8217;"}]},{"@type":"WebSite","@id":"https:\/\/carpathiacenter.ro\/#website","url":"https:\/\/carpathiacenter.ro\/","name":"Carpathia Center Romania","description":"Impossible made possible!","publisher":{"@id":"https:\/\/carpathiacenter.ro\/#organization"},"potentialAction":[{"@type":"SearchAction","target":{"@type":"EntryPoint","urlTemplate":"https:\/\/carpathiacenter.ro\/?s={search_term_string}"},"query-input":{"@type":"PropertyValueSpecification","valueRequired":true,"valueName":"search_term_string"}}],"inLanguage":"en-GB"},{"@type":"Organization","@id":"https:\/\/carpathiacenter.ro\/#organization","name":"Carpathia Center Romania","url":"https:\/\/carpathiacenter.ro\/","logo":{"@type":"ImageObject","inLanguage":"en-GB","@id":"https:\/\/carpathiacenter.ro\/#\/schema\/logo\/image\/","url":"https:\/\/carpathiacenter.ro\/wp-content\/uploads\/2024\/07\/logo-carpathia_bg_white-1024x941.png","contentUrl":"https:\/\/carpathiacenter.ro\/wp-content\/uploads\/2024\/07\/logo-carpathia_bg_white-1024x941.png","width":1024,"height":941,"caption":"Carpathia Center Romania"},"image":{"@id":"https:\/\/carpathiacenter.ro\/#\/schema\/logo\/image\/"},"sameAs":["https:\/\/www.facebook.com\/fdpscarpathia\/"]},{"@type":"Person","@id":"https:\/\/carpathiacenter.ro\/#\/schema\/person\/03d9f58202fee8379268f34afa195006","name":"creativebitsolutions","image":{"@type":"ImageObject","inLanguage":"en-GB","@id":"https:\/\/carpathiacenter.ro\/#\/schema\/person\/image\/","url":"https:\/\/secure.gravatar.com\/avatar\/1b1a13e37f847c635dab78348f1dff2f07651ee2a3d77a5c355a4b8c75f9165a?s=96&d=mm&r=g","contentUrl":"https:\/\/secure.gravatar.com\/avatar\/1b1a13e37f847c635dab78348f1dff2f07651ee2a3d77a5c355a4b8c75f9165a?s=96&d=mm&r=g","caption":"creativebitsolutions"},"url":"https:\/\/carpathiacenter.ro\/en\/author\/creativebitsolutions\/"}]}},"_links":{"self":[{"href":"https:\/\/carpathiacenter.ro\/en\/wp-json\/wp\/v2\/posts\/1946","targetHints":{"allow":["GET"]}}],"collection":[{"href":"https:\/\/carpathiacenter.ro\/en\/wp-json\/wp\/v2\/posts"}],"about":[{"href":"https:\/\/carpathiacenter.ro\/en\/wp-json\/wp\/v2\/types\/post"}],"author":[{"embeddable":true,"href":"https:\/\/carpathiacenter.ro\/en\/wp-json\/wp\/v2\/users\/4"}],"replies":[{"embeddable":true,"href":"https:\/\/carpathiacenter.ro\/en\/wp-json\/wp\/v2\/comments?post=1946"}],"version-history":[{"count":1,"href":"https:\/\/carpathiacenter.ro\/en\/wp-json\/wp\/v2\/posts\/1946\/revisions"}],"predecessor-version":[{"id":1949,"href":"https:\/\/carpathiacenter.ro\/en\/wp-json\/wp\/v2\/posts\/1946\/revisions\/1949"}],"wp:featuredmedia":[{"embeddable":true,"href":"https:\/\/carpathiacenter.ro\/en\/wp-json\/wp\/v2\/media\/1917"}],"wp:attachment":[{"href":"https:\/\/carpathiacenter.ro\/en\/wp-json\/wp\/v2\/media?parent=1946"}],"wp:term":[{"taxonomy":"category","embeddable":true,"href":"https:\/\/carpathiacenter.ro\/en\/wp-json\/wp\/v2\/categories?post=1946"},{"taxonomy":"post_tag","embeddable":true,"href":"https:\/\/carpathiacenter.ro\/en\/wp-json\/wp\/v2\/tags?post=1946"}],"curies":[{"name":"wp","href":"https:\/\/api.w.org\/{rel}","templated":true}]}}