{"id":1936,"date":"2025-02-24T10:51:43","date_gmt":"2025-02-24T10:51:43","guid":{"rendered":"https:\/\/carpathiacenter.ro\/?p=1936"},"modified":"2025-02-24T10:51:43","modified_gmt":"2025-02-24T10:51:43","slug":"consiliul-afaceri-externe-al-ue-adoptarea-unui-nou-pachet-de-sanctiuni-la-adresa-rusiei-24-februarie","status":"publish","type":"post","link":"https:\/\/carpathiacenter.ro\/en\/consiliul-afaceri-externe-al-ue-adoptarea-unui-nou-pachet-de-sanctiuni-la-adresa-rusiei-24-februarie\/","title":{"rendered":"Consiliul Afaceri Externe al UE: Adoptarea unui nou pachet de sanc\u021biuni la adresa Rusiei (24 februarie)"},"content":{"rendered":"<p>Consiliul Afaceri Externe (CAE) al Uniunii Europene (UE) se reune\u0219te la 24 februarie 2025, la Bruxelles, pe ordinea de zi afl\u00e2ndu-se subiecte precum r\u0103zboiul din Ucraina, situa\u021bia din Orientul Mijlociu, inclusiv Siria, Liban \u0219i UNRWA (The United Nations Relief and Works Agency for Palestine Refugees), conflictul din Republica Democratic\u0103 Congo, situa\u021bia din Iran etc. Se a\u0219teapt\u0103, de asemenea, adoptarea celui de-al 16-lea pachet de sanc\u021biuni la adresa Rusiei, conform site-ului <a href=\"https:\/\/www.consilium.europa.eu\/\" target=\"_blank\">https:\/\/www.consilium.europa.eu\/<\/a> \u0219i AFP.<\/p>\n<p>Consiliul Afaceri Externe este prezidat de \u00cenalta Reprezentant\u0103 a UE pentru afaceri externe \u0219i politica de securitate, Kaja Kallas.<\/p>\n<p>La \u00eemplinirea a trei ani de la invadarea pe scar\u0103 larg\u0103 a Ucrainei de c\u0103tre Rusia, mini\u0219trii afacerilor externe din UE vor discuta despre agresiunea Rusiei \u00eempotriva Ucrainei, dup\u0103 un schimb de opinii informal, prin videoconferin\u021b\u0103, cu ministrul ucrainean al afacerilor externe, Andrii S\u00eebiha. Cele mai recente evolu\u021bii pe acest subiect constau \u00een aprobarea, la 19 februarie 2025, de c\u0103tre ambasadorii celor 27 de \u021b\u0103ri membre ale UE, a celui de-al 16-lea pachet de sanc\u021biuni \u00eempotriva Rusiei, care include, \u00eentre altele, o interdic\u021bie de a importa aluminiu rusesc \u00een UE, conform AFP. Noul pachet de sanc\u021biuni al UE mai vizeaz\u0103 alte 73 de petroliere &#8216;fantom\u0103&#8217;, utilizate de Rusia pentru a ocoli sanc\u021biunile deja existente menite s\u0103 limiteze exporturile de petrol rusesc. Potrivit unui raport al \u0218colii economice din Kiev, circa 430 de nave au fost identificate ca f\u0103c\u00e2nd parte din &#8216;flota fantom\u0103&#8217; la scar\u0103 mondial\u0103. O interdic\u021bie de a importa unele minereuri sau metale precum cromul este de asemenea inclus\u0103 \u00een pachetul de sanc\u021biuni. Aceste noi sanc\u021biuni urmeaz\u0103 s\u0103 fie adoptate, \u00een mod formal, \u00een cadrul reuniunii CAE din 24 februarie 2025.<\/p>\n<p>La reuniunea din 24 februarie a CAE, mini\u0219trii vor avea o discu\u021bie cu privire la cele mai recente evolu\u021bii din Orientul Mijlociu \u0219i din \u00eentreaga regiune, acord\u00e2nd o aten\u021bie deosebit\u0103 Siriei, Libanului \u0219i UNRWA (The United Nations Relief and Works Agency for Palestine Refugees). UE salut\u0103 acordul de \u00eencetare a focului semnat la 27 noiembrie 2024 \u00eentre Israel \u0219i Liban, \u00een urma eforturilor de mediere depuse \u00een special de Fran\u021ba \u0219i de Statele Unite, care \u00eendeamn\u0103 p\u0103r\u021bile s\u0103 pun\u0103 \u00een aplicare Rezolu\u021bia 1701 a Consiliului de Securitate al ONU din 11 august 2006. Rezolu\u021bia implic\u0103 \u00eencetarea total\u0103 a ostilit\u0103\u021bilor \u00eentre Israel \u0219i Liban \u0219i prevede c\u0103 numai armata libanez\u0103 \u0219i personalul ONU de men\u021binere a p\u0103cii (For\u021ba interimar\u0103 a ONU \u00een Liban &#8211; UNIFIL) pot fi desf\u0103\u0219urate \u00eentre frontiera israelian\u0103 \u0219i r\u00e2ul Litani din Liban, scrie <a href=\"https:\/\/www.consilium.europa.eu\/\" target=\"_blank\">https:\/\/www.consilium.europa.eu\/<\/a>.<\/p>\n<p>Totodat\u0103 UE \u0219i-a exprimat \u00eengrijorarea \u00een ceea ce prive\u0219te consecin\u021bele legisla\u021biei israeliene adoptate la 28 octombrie 2024 asupra capacit\u0103\u021bii UNRWA de a-\u0219i exercita mandatul. Totodat\u0103, UE subliniaz\u0103 rolul esen\u021bial al UNRWA, care ofer\u0103 sprijin vital popula\u021biei civile at\u00e2t \u00een Gaza, c\u00e2t \u0219i \u00een regiunea mai larg\u0103. UNRWA, Agen\u021bia Na\u021biunilor Unite de Ajutorare \u0219i Lucr\u0103ri pentru Refugia\u021bii din Palestina \u00een Orientul Apropiat (UNRWA) este o agen\u021bie a ONU ce ofer\u0103 asisten\u021b\u0103 \u0219i protec\u021bie pentru refugia\u021bi palestinieni, fiind finan\u021bat\u0103 aproape \u00een \u00eentregime prin contribu\u021bii voluntare din partea statelor membre ONU.<\/p>\n<p>Consiliul Afaceri Externe va avea, totodat\u0103, un schimb de opinii cu privire la escaladarea continu\u0103 a conflictului din estul Republicii Democratice Congo \u0219i la impactul acestuia asupra \u021b\u0103rii \u0219i a \u00eentregii regiuni. La 25 ianuarie 2025, UE a condamnat cu fermitate capturarea ora\u0219ului Minova din 21 ianuarie, urmat\u0103 de capturarea ora\u0219ului Sake la 23 ianuarie de c\u0103tre M23. Uniunea s-a declarat \u00eengrijorat\u0103 cu privire la escaladarea continu\u0103 a conflictului din estul Republicii Democratice Congo (RDC), agravat\u0103 de noua ofensiv\u0103 a M23, sprijinit\u0103 de for\u021bele armate ruandeze, consider\u00e2nd c\u0103 aceasta submineaz\u0103 eforturile conduse de Africa de a se ajunge la o solu\u021bionare pa\u0219nic\u0103 a conflictului, noteaz\u0103 <a href=\"https:\/\/www.consilium.europa.eu\/\" target=\"_blank\">https:\/\/www.consilium.europa.eu\/<\/a>.<\/p>\n<p>Nu \u00een ultimul r\u00e2nd, Consiliul va avea o discu\u021bie cu privire la Iran. \u00cen 2011, UE a introdus un regim de sanc\u021biuni \u00eempotriva Iranului ca r\u0103spuns la \u00eenc\u0103lc\u0103ri grave ale drepturilor omului \u00een aceast\u0103 \u021bar\u0103. De atunci, m\u0103surile restrictive au fost re\u00eennoite anual \u0219i au fost prelungite ultima dat\u0103 p\u00e2n\u0103 la 13 aprilie 2025. \u00cen 11 noiembrie 2024, UE a extins sfera de aplicare a regimului de sanc\u021biuni la adresa Iranului legate de rachete \u0219i drone.<\/p>\n<p>La capitolul &#8221;afaceri curente&#8221;, Consiliul Afaceri Externe se va concentra asupra evenimentelor recente \u0219i evolu\u021biilor rapide \u00een materie de securitate \u0219i ap\u0103rare. \u00cenalta Reprezentant\u0103 va g\u0103zdui un dineu cu comisarul general al Agen\u021biei Organiza\u021biei Na\u021biunilor Unite de Ajutorare \u0219i Lucr\u0103ri pentru Refugia\u021bii Palestinieni din Orientul Apropiat (UNRWA), Philippe Lazzarini, precum \u0219i cu coordonatoarea special\u0103 interimar\u0103 a Organiza\u021biei Na\u021biunilor Unite pentru procesul de pace din Orientul Mijlociu \u0219i coordonatoarea principal\u0103 a ONU pentru ajutor umanitar \u0219i reconstruc\u021bie pentru Gaza, Sigrid Kaag, care va participa la reuniune prin videoconferin\u021b\u0103.<\/p>\n<p>***<br \/>\nAnterioara reuniune formal\u0103 a Consiliului Afaceri Externe s-a desf\u0103\u0219urat la 27 ianuarie 2025. \u00cen cadrul discu\u021biei, mini\u0219trii au dezb\u0103tut modalit\u0103\u021bi de intensificare a sprijinului militar al UE pentru Ucraina \u0219i au convenit asupra re\u00eennoirii m\u0103surilor restrictive ale UE av\u00e2nd \u00een vedere ac\u021biunile continue ale Federa\u021biei Ruse de destabilizare a situa\u021biei \u00een Ucraina pentru \u00eenc\u0103 \u0219ase luni, p\u00e2n\u0103 la 31 iulie 2025. de asemenea, Consiliul Afaceri Externe a discutat despre rela\u021biile UE cu Statele Unite, \u00een urma inaugur\u0103rii pre\u0219edin\u021biei lui Donald Trump. La sf\u00e2r\u0219itul reuniunii, \u00cenalta Reprezentant\u0103, Kaja Kallas, a subliniat c\u0103 politicile noii administra\u021bii a SUA au implica\u021bii majore asupra Uniunii Europene \u0219i c\u0103 Europa trebuie &#8221;s\u0103 str\u00e2ng\u0103 r\u00e2ndurile \u0219i s\u0103 r\u0103m\u00e2n\u0103 unit\u0103&#8221;, conform <a href=\"https:\/\/www.consilium.europa.eu\/\" target=\"_blank\">https:\/\/www.consilium.europa.eu\/<\/a>.<\/p>\n<p>***<\/p>\n<p>Consiliul Afaceri Externe al Uniunii Europene (CAE) este alc\u0103tuit din mini\u0219trii afacerilor externe din toate statele membre ale UE. \u00cen func\u021bie de ordinea de zi, Consiliul \u00eei reune\u0219te, de asemenea, pe: mini\u0219trii ap\u0103r\u0103rii (politica de securitate \u0219i ap\u0103rare comun\u0103), mini\u0219trii competen\u021bi \u00een materie de dezvoltare (cooperarea pentru dezvoltare), mini\u0219trii comer\u021bului (politica comercial\u0103 comun\u0103).<\/p>\n<p>Reuniunile Consiliului Afaceri Externe sunt prezidate de \u00cenaltul Reprezentant al Uniunii pentru afaceri externe \u0219i politica de securitate, \u00een prezent Kaja Kallas, care a preluat mandatul la 1 decembrie 2024. \u00cenaltul Reprezentant este sprijinit de Serviciul European de Ac\u021biune Extern\u0103 (SEAE).<\/p>\n<p>Doar atunci c\u00e2nd Consiliul Afaceri Externe discut\u0103 teme de politic\u0103 comercial\u0103 comun\u0103, acesta este prezidat de reprezentantul statului membru al UE care de\u021bine pre\u0219edin\u021bia Consiliului UE, asigurat\u0103 prin rota\u021bie pentru perioade de \u0219ase luni.<\/p>\n<p>Consiliul Afaceri Externe se reune\u0219te, de obicei, cel pu\u021bin o dat\u0103 pe lun\u0103, noteaz\u0103 site-ul <a href=\"https:\/\/www.consilium.europa.eu\/\" target=\"_blank\">https:\/\/www.consilium.europa.eu\/<\/a>. AGERPRES\/(Documentare &#8211; Ionela Gavril, editor: Ruxandra Bratu, editor online: Gabriela Badea)&nbsp;<br \/>\n<br \/>\nSursa Articolului: <a href=\"https:\/\/agerpres.ro\/documentare\/2025\/02\/24\/consiliul-afaceri-externe-al-ue-adoptarea-unui-nou-pachet-de-sanctiuni-la-adresa-rusiei-24-februarie--1425046\" target=\"_blank\">https:\/\/agerpres.ro\/documentare\/2025\/02\/24\/consiliul-afaceri-externe-al-ue-adoptarea-unui-nou-pachet-de-sanctiuni-la-adresa-rusiei-24-februarie&#8211;1425046<\/a><\/p>","protected":false},"excerpt":{"rendered":"<p>Consiliul Afaceri Externe (CAE) al Uniunii Europene (UE) se reune\u0219te la 24 februarie 2025, la Bruxelles, pe ordinea de zi afl\u00e2ndu-se subiecte precum r\u0103zboiul din Ucraina, situa\u021bia din Orientul Mijlociu, inclusiv Siria, Liban \u0219i UNRWA (The United Nations Relief and Works Agency for Palestine Refugees), conflictul din Republica Democratic\u0103 Congo, situa\u021bia din Iran etc. Se&#8230;<\/p>","protected":false},"author":4,"featured_media":1904,"comment_status":"open","ping_status":"open","sticky":false,"template":"","format":"standard","meta":{"footnotes":""},"categories":[1],"tags":[],"class_list":["post-1936","post","type-post","status-publish","format-standard","has-post-thumbnail","hentry","category-uncategorized"],"yoast_head":"<!-- This site is optimized with the Yoast SEO plugin v26.1.1 - https:\/\/yoast.com\/wordpress\/plugins\/seo\/ -->\n<title>Consiliul Afaceri Externe al UE: Adoptarea unui nou pachet de sanc\u021biuni la adresa Rusiei (24 februarie) - Carpathia Center Romania<\/title>\n<meta name=\"robots\" content=\"index, follow, max-snippet:-1, max-image-preview:large, max-video-preview:-1\" \/>\n<link rel=\"canonical\" href=\"https:\/\/carpathiacenter.ro\/en\/consiliul-afaceri-externe-al-ue-adoptarea-unui-nou-pachet-de-sanctiuni-la-adresa-rusiei-24-februarie\/\" \/>\n<meta property=\"og:locale\" content=\"en_GB\" \/>\n<meta property=\"og:type\" content=\"article\" \/>\n<meta property=\"og:title\" content=\"Consiliul Afaceri Externe al UE: Adoptarea unui nou pachet de sanc\u021biuni la adresa Rusiei (24 februarie) - Carpathia Center Romania\" \/>\n<meta property=\"og:description\" content=\"Consiliul Afaceri Externe (CAE) al Uniunii Europene (UE) se reune\u0219te la 24 februarie 2025, la Bruxelles, pe ordinea de zi afl\u00e2ndu-se subiecte precum r\u0103zboiul din Ucraina, situa\u021bia din Orientul Mijlociu, inclusiv Siria, Liban \u0219i UNRWA (The United Nations Relief and Works Agency for Palestine Refugees), conflictul din Republica Democratic\u0103 Congo, situa\u021bia din Iran etc. Se...\" \/>\n<meta property=\"og:url\" content=\"https:\/\/carpathiacenter.ro\/en\/consiliul-afaceri-externe-al-ue-adoptarea-unui-nou-pachet-de-sanctiuni-la-adresa-rusiei-24-februarie\/\" \/>\n<meta property=\"og:site_name\" content=\"Carpathia Center Romania\" \/>\n<meta property=\"article:publisher\" content=\"https:\/\/www.facebook.com\/fdpscarpathia\/\" \/>\n<meta property=\"article:published_time\" content=\"2025-02-24T10:51:43+00:00\" \/>\n<meta property=\"og:image\" content=\"https:\/\/carpathiacenter.ro\/wp-content\/uploads\/2025\/02\/uniunea-europeana-bruxelles.jpg\" \/>\n\t<meta property=\"og:image:width\" content=\"2560\" \/>\n\t<meta property=\"og:image:height\" content=\"1707\" \/>\n\t<meta property=\"og:image:type\" content=\"image\/jpeg\" \/>\n<meta name=\"author\" content=\"creativebitsolutions\" \/>\n<meta name=\"twitter:card\" content=\"summary_large_image\" \/>\n<meta name=\"twitter:label1\" content=\"Written by\" \/>\n\t<meta name=\"twitter:data1\" content=\"creativebitsolutions\" \/>\n\t<meta name=\"twitter:label2\" content=\"Estimated reading time\" \/>\n\t<meta name=\"twitter:data2\" content=\"6 minutes\" \/>\n<script type=\"application\/ld+json\" class=\"yoast-schema-graph\">{\"@context\":\"https:\/\/schema.org\",\"@graph\":[{\"@type\":\"Article\",\"@id\":\"https:\/\/carpathiacenter.ro\/consiliul-afaceri-externe-al-ue-adoptarea-unui-nou-pachet-de-sanctiuni-la-adresa-rusiei-24-februarie\/#article\",\"isPartOf\":{\"@id\":\"https:\/\/carpathiacenter.ro\/consiliul-afaceri-externe-al-ue-adoptarea-unui-nou-pachet-de-sanctiuni-la-adresa-rusiei-24-februarie\/\"},\"author\":{\"name\":\"creativebitsolutions\",\"@id\":\"https:\/\/carpathiacenter.ro\/#\/schema\/person\/03d9f58202fee8379268f34afa195006\"},\"headline\":\"Consiliul Afaceri Externe al UE: Adoptarea unui nou pachet de sanc\u021biuni la adresa Rusiei (24 februarie)\",\"datePublished\":\"2025-02-24T10:51:43+00:00\",\"mainEntityOfPage\":{\"@id\":\"https:\/\/carpathiacenter.ro\/consiliul-afaceri-externe-al-ue-adoptarea-unui-nou-pachet-de-sanctiuni-la-adresa-rusiei-24-februarie\/\"},\"wordCount\":1179,\"commentCount\":0,\"publisher\":{\"@id\":\"https:\/\/carpathiacenter.ro\/#organization\"},\"image\":{\"@id\":\"https:\/\/carpathiacenter.ro\/consiliul-afaceri-externe-al-ue-adoptarea-unui-nou-pachet-de-sanctiuni-la-adresa-rusiei-24-februarie\/#primaryimage\"},\"thumbnailUrl\":\"https:\/\/carpathiacenter.ro\/wp-content\/uploads\/2025\/02\/uniunea-europeana-bruxelles.jpg\",\"articleSection\":[\"Uncategorized\"],\"inLanguage\":\"en-GB\",\"potentialAction\":[{\"@type\":\"CommentAction\",\"name\":\"Comment\",\"target\":[\"https:\/\/carpathiacenter.ro\/consiliul-afaceri-externe-al-ue-adoptarea-unui-nou-pachet-de-sanctiuni-la-adresa-rusiei-24-februarie\/#respond\"]}]},{\"@type\":\"WebPage\",\"@id\":\"https:\/\/carpathiacenter.ro\/consiliul-afaceri-externe-al-ue-adoptarea-unui-nou-pachet-de-sanctiuni-la-adresa-rusiei-24-februarie\/\",\"url\":\"https:\/\/carpathiacenter.ro\/consiliul-afaceri-externe-al-ue-adoptarea-unui-nou-pachet-de-sanctiuni-la-adresa-rusiei-24-februarie\/\",\"name\":\"Consiliul Afaceri Externe al UE: Adoptarea unui nou pachet de sanc\u021biuni la adresa Rusiei (24 februarie) - Carpathia Center Romania\",\"isPartOf\":{\"@id\":\"https:\/\/carpathiacenter.ro\/#website\"},\"primaryImageOfPage\":{\"@id\":\"https:\/\/carpathiacenter.ro\/consiliul-afaceri-externe-al-ue-adoptarea-unui-nou-pachet-de-sanctiuni-la-adresa-rusiei-24-februarie\/#primaryimage\"},\"image\":{\"@id\":\"https:\/\/carpathiacenter.ro\/consiliul-afaceri-externe-al-ue-adoptarea-unui-nou-pachet-de-sanctiuni-la-adresa-rusiei-24-februarie\/#primaryimage\"},\"thumbnailUrl\":\"https:\/\/carpathiacenter.ro\/wp-content\/uploads\/2025\/02\/uniunea-europeana-bruxelles.jpg\",\"datePublished\":\"2025-02-24T10:51:43+00:00\",\"breadcrumb\":{\"@id\":\"https:\/\/carpathiacenter.ro\/consiliul-afaceri-externe-al-ue-adoptarea-unui-nou-pachet-de-sanctiuni-la-adresa-rusiei-24-februarie\/#breadcrumb\"},\"inLanguage\":\"en-GB\",\"potentialAction\":[{\"@type\":\"ReadAction\",\"target\":[\"https:\/\/carpathiacenter.ro\/consiliul-afaceri-externe-al-ue-adoptarea-unui-nou-pachet-de-sanctiuni-la-adresa-rusiei-24-februarie\/\"]}]},{\"@type\":\"ImageObject\",\"inLanguage\":\"en-GB\",\"@id\":\"https:\/\/carpathiacenter.ro\/consiliul-afaceri-externe-al-ue-adoptarea-unui-nou-pachet-de-sanctiuni-la-adresa-rusiei-24-februarie\/#primaryimage\",\"url\":\"https:\/\/carpathiacenter.ro\/wp-content\/uploads\/2025\/02\/uniunea-europeana-bruxelles.jpg\",\"contentUrl\":\"https:\/\/carpathiacenter.ro\/wp-content\/uploads\/2025\/02\/uniunea-europeana-bruxelles.jpg\",\"width\":2560,\"height\":1707},{\"@type\":\"BreadcrumbList\",\"@id\":\"https:\/\/carpathiacenter.ro\/consiliul-afaceri-externe-al-ue-adoptarea-unui-nou-pachet-de-sanctiuni-la-adresa-rusiei-24-februarie\/#breadcrumb\",\"itemListElement\":[{\"@type\":\"ListItem\",\"position\":1,\"name\":\"Prima pagin\u0103\",\"item\":\"https:\/\/carpathiacenter.ro\/\"},{\"@type\":\"ListItem\",\"position\":2,\"name\":\"Consiliul Afaceri Externe al UE: Adoptarea unui nou pachet de sanc\u021biuni la adresa Rusiei (24 februarie)\"}]},{\"@type\":\"WebSite\",\"@id\":\"https:\/\/carpathiacenter.ro\/#website\",\"url\":\"https:\/\/carpathiacenter.ro\/\",\"name\":\"Carpathia Center Romania\",\"description\":\"Impossible made possible!\",\"publisher\":{\"@id\":\"https:\/\/carpathiacenter.ro\/#organization\"},\"potentialAction\":[{\"@type\":\"SearchAction\",\"target\":{\"@type\":\"EntryPoint\",\"urlTemplate\":\"https:\/\/carpathiacenter.ro\/?s={search_term_string}\"},\"query-input\":{\"@type\":\"PropertyValueSpecification\",\"valueRequired\":true,\"valueName\":\"search_term_string\"}}],\"inLanguage\":\"en-GB\"},{\"@type\":\"Organization\",\"@id\":\"https:\/\/carpathiacenter.ro\/#organization\",\"name\":\"Carpathia Center Romania\",\"url\":\"https:\/\/carpathiacenter.ro\/\",\"logo\":{\"@type\":\"ImageObject\",\"inLanguage\":\"en-GB\",\"@id\":\"https:\/\/carpathiacenter.ro\/#\/schema\/logo\/image\/\",\"url\":\"https:\/\/carpathiacenter.ro\/wp-content\/uploads\/2024\/07\/logo-carpathia_bg_white-1024x941.png\",\"contentUrl\":\"https:\/\/carpathiacenter.ro\/wp-content\/uploads\/2024\/07\/logo-carpathia_bg_white-1024x941.png\",\"width\":1024,\"height\":941,\"caption\":\"Carpathia Center Romania\"},\"image\":{\"@id\":\"https:\/\/carpathiacenter.ro\/#\/schema\/logo\/image\/\"},\"sameAs\":[\"https:\/\/www.facebook.com\/fdpscarpathia\/\"]},{\"@type\":\"Person\",\"@id\":\"https:\/\/carpathiacenter.ro\/#\/schema\/person\/03d9f58202fee8379268f34afa195006\",\"name\":\"creativebitsolutions\",\"image\":{\"@type\":\"ImageObject\",\"inLanguage\":\"en-GB\",\"@id\":\"https:\/\/carpathiacenter.ro\/#\/schema\/person\/image\/\",\"url\":\"https:\/\/secure.gravatar.com\/avatar\/1b1a13e37f847c635dab78348f1dff2f07651ee2a3d77a5c355a4b8c75f9165a?s=96&d=mm&r=g\",\"contentUrl\":\"https:\/\/secure.gravatar.com\/avatar\/1b1a13e37f847c635dab78348f1dff2f07651ee2a3d77a5c355a4b8c75f9165a?s=96&d=mm&r=g\",\"caption\":\"creativebitsolutions\"},\"url\":\"https:\/\/carpathiacenter.ro\/en\/author\/creativebitsolutions\/\"}]}<\/script>\n<!-- \/ Yoast SEO plugin. -->","yoast_head_json":{"title":"Consiliul Afaceri Externe al UE: Adoptarea unui nou pachet de sanc\u021biuni la adresa Rusiei (24 februarie) - Carpathia Center Romania","robots":{"index":"index","follow":"follow","max-snippet":"max-snippet:-1","max-image-preview":"max-image-preview:large","max-video-preview":"max-video-preview:-1"},"canonical":"https:\/\/carpathiacenter.ro\/en\/consiliul-afaceri-externe-al-ue-adoptarea-unui-nou-pachet-de-sanctiuni-la-adresa-rusiei-24-februarie\/","og_locale":"en_GB","og_type":"article","og_title":"Consiliul Afaceri Externe al UE: Adoptarea unui nou pachet de sanc\u021biuni la adresa Rusiei (24 februarie) - Carpathia Center Romania","og_description":"Consiliul Afaceri Externe (CAE) al Uniunii Europene (UE) se reune\u0219te la 24 februarie 2025, la Bruxelles, pe ordinea de zi afl\u00e2ndu-se subiecte precum r\u0103zboiul din Ucraina, situa\u021bia din Orientul Mijlociu, inclusiv Siria, Liban \u0219i UNRWA (The United Nations Relief and Works Agency for Palestine Refugees), conflictul din Republica Democratic\u0103 Congo, situa\u021bia din Iran etc. Se...","og_url":"https:\/\/carpathiacenter.ro\/en\/consiliul-afaceri-externe-al-ue-adoptarea-unui-nou-pachet-de-sanctiuni-la-adresa-rusiei-24-februarie\/","og_site_name":"Carpathia Center Romania","article_publisher":"https:\/\/www.facebook.com\/fdpscarpathia\/","article_published_time":"2025-02-24T10:51:43+00:00","og_image":[{"width":2560,"height":1707,"url":"https:\/\/carpathiacenter.ro\/wp-content\/uploads\/2025\/02\/uniunea-europeana-bruxelles.jpg","type":"image\/jpeg"}],"author":"creativebitsolutions","twitter_card":"summary_large_image","twitter_misc":{"Written by":"creativebitsolutions","Estimated reading time":"6 minutes"},"schema":{"@context":"https:\/\/schema.org","@graph":[{"@type":"Article","@id":"https:\/\/carpathiacenter.ro\/consiliul-afaceri-externe-al-ue-adoptarea-unui-nou-pachet-de-sanctiuni-la-adresa-rusiei-24-februarie\/#article","isPartOf":{"@id":"https:\/\/carpathiacenter.ro\/consiliul-afaceri-externe-al-ue-adoptarea-unui-nou-pachet-de-sanctiuni-la-adresa-rusiei-24-februarie\/"},"author":{"name":"creativebitsolutions","@id":"https:\/\/carpathiacenter.ro\/#\/schema\/person\/03d9f58202fee8379268f34afa195006"},"headline":"Consiliul Afaceri Externe al UE: Adoptarea unui nou pachet de sanc\u021biuni la adresa Rusiei (24 februarie)","datePublished":"2025-02-24T10:51:43+00:00","mainEntityOfPage":{"@id":"https:\/\/carpathiacenter.ro\/consiliul-afaceri-externe-al-ue-adoptarea-unui-nou-pachet-de-sanctiuni-la-adresa-rusiei-24-februarie\/"},"wordCount":1179,"commentCount":0,"publisher":{"@id":"https:\/\/carpathiacenter.ro\/#organization"},"image":{"@id":"https:\/\/carpathiacenter.ro\/consiliul-afaceri-externe-al-ue-adoptarea-unui-nou-pachet-de-sanctiuni-la-adresa-rusiei-24-februarie\/#primaryimage"},"thumbnailUrl":"https:\/\/carpathiacenter.ro\/wp-content\/uploads\/2025\/02\/uniunea-europeana-bruxelles.jpg","articleSection":["Uncategorized"],"inLanguage":"en-GB","potentialAction":[{"@type":"CommentAction","name":"Comment","target":["https:\/\/carpathiacenter.ro\/consiliul-afaceri-externe-al-ue-adoptarea-unui-nou-pachet-de-sanctiuni-la-adresa-rusiei-24-februarie\/#respond"]}]},{"@type":"WebPage","@id":"https:\/\/carpathiacenter.ro\/consiliul-afaceri-externe-al-ue-adoptarea-unui-nou-pachet-de-sanctiuni-la-adresa-rusiei-24-februarie\/","url":"https:\/\/carpathiacenter.ro\/consiliul-afaceri-externe-al-ue-adoptarea-unui-nou-pachet-de-sanctiuni-la-adresa-rusiei-24-februarie\/","name":"Consiliul Afaceri Externe al UE: Adoptarea unui nou pachet de sanc\u021biuni la adresa Rusiei (24 februarie) - Carpathia Center Romania","isPartOf":{"@id":"https:\/\/carpathiacenter.ro\/#website"},"primaryImageOfPage":{"@id":"https:\/\/carpathiacenter.ro\/consiliul-afaceri-externe-al-ue-adoptarea-unui-nou-pachet-de-sanctiuni-la-adresa-rusiei-24-februarie\/#primaryimage"},"image":{"@id":"https:\/\/carpathiacenter.ro\/consiliul-afaceri-externe-al-ue-adoptarea-unui-nou-pachet-de-sanctiuni-la-adresa-rusiei-24-februarie\/#primaryimage"},"thumbnailUrl":"https:\/\/carpathiacenter.ro\/wp-content\/uploads\/2025\/02\/uniunea-europeana-bruxelles.jpg","datePublished":"2025-02-24T10:51:43+00:00","breadcrumb":{"@id":"https:\/\/carpathiacenter.ro\/consiliul-afaceri-externe-al-ue-adoptarea-unui-nou-pachet-de-sanctiuni-la-adresa-rusiei-24-februarie\/#breadcrumb"},"inLanguage":"en-GB","potentialAction":[{"@type":"ReadAction","target":["https:\/\/carpathiacenter.ro\/consiliul-afaceri-externe-al-ue-adoptarea-unui-nou-pachet-de-sanctiuni-la-adresa-rusiei-24-februarie\/"]}]},{"@type":"ImageObject","inLanguage":"en-GB","@id":"https:\/\/carpathiacenter.ro\/consiliul-afaceri-externe-al-ue-adoptarea-unui-nou-pachet-de-sanctiuni-la-adresa-rusiei-24-februarie\/#primaryimage","url":"https:\/\/carpathiacenter.ro\/wp-content\/uploads\/2025\/02\/uniunea-europeana-bruxelles.jpg","contentUrl":"https:\/\/carpathiacenter.ro\/wp-content\/uploads\/2025\/02\/uniunea-europeana-bruxelles.jpg","width":2560,"height":1707},{"@type":"BreadcrumbList","@id":"https:\/\/carpathiacenter.ro\/consiliul-afaceri-externe-al-ue-adoptarea-unui-nou-pachet-de-sanctiuni-la-adresa-rusiei-24-februarie\/#breadcrumb","itemListElement":[{"@type":"ListItem","position":1,"name":"Prima pagin\u0103","item":"https:\/\/carpathiacenter.ro\/"},{"@type":"ListItem","position":2,"name":"Consiliul Afaceri Externe al UE: Adoptarea unui nou pachet de sanc\u021biuni la adresa Rusiei (24 februarie)"}]},{"@type":"WebSite","@id":"https:\/\/carpathiacenter.ro\/#website","url":"https:\/\/carpathiacenter.ro\/","name":"Carpathia Center Romania","description":"Impossible made possible!","publisher":{"@id":"https:\/\/carpathiacenter.ro\/#organization"},"potentialAction":[{"@type":"SearchAction","target":{"@type":"EntryPoint","urlTemplate":"https:\/\/carpathiacenter.ro\/?s={search_term_string}"},"query-input":{"@type":"PropertyValueSpecification","valueRequired":true,"valueName":"search_term_string"}}],"inLanguage":"en-GB"},{"@type":"Organization","@id":"https:\/\/carpathiacenter.ro\/#organization","name":"Carpathia Center Romania","url":"https:\/\/carpathiacenter.ro\/","logo":{"@type":"ImageObject","inLanguage":"en-GB","@id":"https:\/\/carpathiacenter.ro\/#\/schema\/logo\/image\/","url":"https:\/\/carpathiacenter.ro\/wp-content\/uploads\/2024\/07\/logo-carpathia_bg_white-1024x941.png","contentUrl":"https:\/\/carpathiacenter.ro\/wp-content\/uploads\/2024\/07\/logo-carpathia_bg_white-1024x941.png","width":1024,"height":941,"caption":"Carpathia Center Romania"},"image":{"@id":"https:\/\/carpathiacenter.ro\/#\/schema\/logo\/image\/"},"sameAs":["https:\/\/www.facebook.com\/fdpscarpathia\/"]},{"@type":"Person","@id":"https:\/\/carpathiacenter.ro\/#\/schema\/person\/03d9f58202fee8379268f34afa195006","name":"creativebitsolutions","image":{"@type":"ImageObject","inLanguage":"en-GB","@id":"https:\/\/carpathiacenter.ro\/#\/schema\/person\/image\/","url":"https:\/\/secure.gravatar.com\/avatar\/1b1a13e37f847c635dab78348f1dff2f07651ee2a3d77a5c355a4b8c75f9165a?s=96&d=mm&r=g","contentUrl":"https:\/\/secure.gravatar.com\/avatar\/1b1a13e37f847c635dab78348f1dff2f07651ee2a3d77a5c355a4b8c75f9165a?s=96&d=mm&r=g","caption":"creativebitsolutions"},"url":"https:\/\/carpathiacenter.ro\/en\/author\/creativebitsolutions\/"}]}},"_links":{"self":[{"href":"https:\/\/carpathiacenter.ro\/en\/wp-json\/wp\/v2\/posts\/1936","targetHints":{"allow":["GET"]}}],"collection":[{"href":"https:\/\/carpathiacenter.ro\/en\/wp-json\/wp\/v2\/posts"}],"about":[{"href":"https:\/\/carpathiacenter.ro\/en\/wp-json\/wp\/v2\/types\/post"}],"author":[{"embeddable":true,"href":"https:\/\/carpathiacenter.ro\/en\/wp-json\/wp\/v2\/users\/4"}],"replies":[{"embeddable":true,"href":"https:\/\/carpathiacenter.ro\/en\/wp-json\/wp\/v2\/comments?post=1936"}],"version-history":[{"count":1,"href":"https:\/\/carpathiacenter.ro\/en\/wp-json\/wp\/v2\/posts\/1936\/revisions"}],"predecessor-version":[{"id":1937,"href":"https:\/\/carpathiacenter.ro\/en\/wp-json\/wp\/v2\/posts\/1936\/revisions\/1937"}],"wp:featuredmedia":[{"embeddable":true,"href":"https:\/\/carpathiacenter.ro\/en\/wp-json\/wp\/v2\/media\/1904"}],"wp:attachment":[{"href":"https:\/\/carpathiacenter.ro\/en\/wp-json\/wp\/v2\/media?parent=1936"}],"wp:term":[{"taxonomy":"category","embeddable":true,"href":"https:\/\/carpathiacenter.ro\/en\/wp-json\/wp\/v2\/categories?post=1936"},{"taxonomy":"post_tag","embeddable":true,"href":"https:\/\/carpathiacenter.ro\/en\/wp-json\/wp\/v2\/tags?post=1936"}],"curies":[{"name":"wp","href":"https:\/\/api.w.org\/{rel}","templated":true}]}}