{"id":1929,"date":"2025-02-21T10:12:34","date_gmt":"2025-02-21T10:12:34","guid":{"rendered":"https:\/\/carpathiacenter.ro\/?p=1929"},"modified":"2025-02-21T10:12:34","modified_gmt":"2025-02-21T10:12:34","slug":"adrian-dupu-schimbat-de-la-conducerea-departamentului-pentru-relatia-cu-r-moldova-rares-petru-achiriloaie-eliberat-la-cerere-de-la-sefia-anpdca","status":"publish","type":"post","link":"https:\/\/carpathiacenter.ro\/en\/adrian-dupu-schimbat-de-la-conducerea-departamentului-pentru-relatia-cu-r-moldova-rares-petru-achiriloaie-eliberat-la-cerere-de-la-sefia-anpdca\/","title":{"rendered":"Adrian Dupu &#8211; schimbat de la conducerea Departamentului pentru Rela\u021bia cu R. Moldova; Rare\u0219-Petru Achiriloaie &#8211; eliberat la cerere de la \u0219efia ANPDCA"},"content":{"rendered":"<p><strong>Adrian Dupu a fost eliberat din func\u021bia de secretar de stat al Departamentului pentru Rela\u021bia cu Republica Moldova, potrivit unei decizii a premierului Marcel Ciolacu.<\/strong><\/p>\n<p>Decizia publicat\u0103 joi \u00een Monitorul Oficial mai prevede c\u0103 atribu\u021biile secretarului de stat vor fi exercitate de Constantin-Valentin R\u0103ducanu, director general al Direc\u021biei generale management, proiecte, juridic, p\u00e2n\u0103 la numirea conduc\u0103torului structurii, \u00een condi\u021biile legii.<\/p>\n<p>Adrian Dupu a fost numit, \u00een 2021, \u00een func\u021bia de secretar de stat la Departamentul pentru Rela\u021bia cu Republica Moldova, printr-o decizie a prim-ministrului de la acea vreme, Florin C\u00ee\u021bu.<\/p>\n<p>Anterior, el a fost secretar de stat la Ministerul Transporturilor, Infrastructurii \u0219i Comunica\u021biilor.<\/p>\n<p>Tot joi, Rare\u0219-Petru Achiriloaie a fost eliberat, la cerere, din func\u021bia de pre\u0219edinte, cu rang de secretar de stat, al Autorit\u0103\u021bii Na\u021bionale pentru Protec\u021bia Drepturilor Copilului \u0219i Adop\u021bie.<\/p>\n<p>&#8221;Doamna Cristina-Mirela Cuculas, secretar general, exercit\u0103 atribu\u021biile pre\u0219edintelui, cu rang de secretar de stat, al Autorit\u0103\u021bii Na\u021bionale pentru Protec\u021bia Drepturilor Copilului \u0219i Adop\u021bie p\u00e2n\u0103 la numirea conduc\u0103torului institu\u021biei publice, \u00een condi\u021biile legii&#8221;, se mai arat\u0103 \u00een decizia publicat\u0103 \u00een Monitorul Oficial. AGERPRES\/(AS &#8211; redactor: Georgiana T\u0103n\u0103sescu, editor: Andreea Rotaru, editor online: Andreea Preda)<\/p>\n<p><\/p>\n<p>Sursa articolului: <a href=\"https:\/\/agerpres.ro\/politic\/2025\/02\/20\/adrian-dupu---schimbat-de-la-conducerea-departamentului-pentru-relatia-cu-r-moldova-rares-petru-achi--1424421\" target=\"_blank\" rel=\"noopener\" title=\"\">https:\/\/agerpres.ro\/politic\/2025\/02\/21\/premierul-ciolacu\u2014vizita-de-lucru-vineri-la-bruxelles-va-avea-o-intrevedere-cu-sefa-comisiei-europ\u20131424439<\/a><\/p>","protected":false},"excerpt":{"rendered":"<p>Adrian Dupu a fost eliberat din func\u021bia de secretar de stat al Departamentului pentru Rela\u021bia cu Republica Moldova, potrivit unei decizii a premierului Marcel Ciolacu. Decizia publicat\u0103 joi \u00een Monitorul Oficial mai prevede c\u0103 atribu\u021biile secretarului de stat vor fi exercitate de Constantin-Valentin R\u0103ducanu, director general al Direc\u021biei generale management, proiecte, juridic, p\u00e2n\u0103 la numirea&#8230;<\/p>","protected":false},"author":4,"featured_media":1930,"comment_status":"open","ping_status":"open","sticky":false,"template":"","format":"standard","meta":{"footnotes":""},"categories":[1],"tags":[],"class_list":["post-1929","post","type-post","status-publish","format-standard","has-post-thumbnail","hentry","category-uncategorized"],"yoast_head":"<!-- This site is optimized with the Yoast SEO plugin v26.1.1 - https:\/\/yoast.com\/wordpress\/plugins\/seo\/ -->\n<title>Adrian Dupu - schimbat de la conducerea Departamentului pentru Rela\u021bia cu R. Moldova; Rare\u0219-Petru Achiriloaie - eliberat la cerere de la \u0219efia ANPDCA - Carpathia Center Romania<\/title>\n<meta name=\"robots\" content=\"index, follow, max-snippet:-1, max-image-preview:large, max-video-preview:-1\" \/>\n<link rel=\"canonical\" href=\"https:\/\/carpathiacenter.ro\/en\/adrian-dupu-schimbat-de-la-conducerea-departamentului-pentru-relatia-cu-r-moldova-rares-petru-achiriloaie-eliberat-la-cerere-de-la-sefia-anpdca\/\" \/>\n<meta property=\"og:locale\" content=\"en_GB\" \/>\n<meta property=\"og:type\" content=\"article\" \/>\n<meta property=\"og:title\" content=\"Adrian Dupu - schimbat de la conducerea Departamentului pentru Rela\u021bia cu R. Moldova; Rare\u0219-Petru Achiriloaie - eliberat la cerere de la \u0219efia ANPDCA - Carpathia Center Romania\" \/>\n<meta property=\"og:description\" content=\"Adrian Dupu a fost eliberat din func\u021bia de secretar de stat al Departamentului pentru Rela\u021bia cu Republica Moldova, potrivit unei decizii a premierului Marcel Ciolacu. Decizia publicat\u0103 joi \u00een Monitorul Oficial mai prevede c\u0103 atribu\u021biile secretarului de stat vor fi exercitate de Constantin-Valentin R\u0103ducanu, director general al Direc\u021biei generale management, proiecte, juridic, p\u00e2n\u0103 la numirea...\" \/>\n<meta property=\"og:url\" content=\"https:\/\/carpathiacenter.ro\/en\/adrian-dupu-schimbat-de-la-conducerea-departamentului-pentru-relatia-cu-r-moldova-rares-petru-achiriloaie-eliberat-la-cerere-de-la-sefia-anpdca\/\" \/>\n<meta property=\"og:site_name\" content=\"Carpathia Center Romania\" \/>\n<meta property=\"article:publisher\" content=\"https:\/\/www.facebook.com\/fdpscarpathia\/\" \/>\n<meta property=\"article:published_time\" content=\"2025-02-21T10:12:34+00:00\" \/>\n<meta property=\"og:image\" content=\"https:\/\/carpathiacenter.ro\/wp-content\/uploads\/2025\/02\/Adrian-Dupu.jpg\" \/>\n\t<meta property=\"og:image:width\" content=\"900\" \/>\n\t<meta property=\"og:image:height\" content=\"505\" \/>\n\t<meta property=\"og:image:type\" content=\"image\/jpeg\" \/>\n<meta name=\"author\" content=\"creativebitsolutions\" \/>\n<meta name=\"twitter:card\" content=\"summary_large_image\" \/>\n<meta name=\"twitter:label1\" content=\"Written by\" \/>\n\t<meta name=\"twitter:data1\" content=\"creativebitsolutions\" \/>\n\t<meta name=\"twitter:label2\" content=\"Estimated reading time\" \/>\n\t<meta name=\"twitter:data2\" content=\"1 minute\" \/>\n<script type=\"application\/ld+json\" class=\"yoast-schema-graph\">{\"@context\":\"https:\/\/schema.org\",\"@graph\":[{\"@type\":\"Article\",\"@id\":\"https:\/\/carpathiacenter.ro\/adrian-dupu-schimbat-de-la-conducerea-departamentului-pentru-relatia-cu-r-moldova-rares-petru-achiriloaie-eliberat-la-cerere-de-la-sefia-anpdca\/#article\",\"isPartOf\":{\"@id\":\"https:\/\/carpathiacenter.ro\/adrian-dupu-schimbat-de-la-conducerea-departamentului-pentru-relatia-cu-r-moldova-rares-petru-achiriloaie-eliberat-la-cerere-de-la-sefia-anpdca\/\"},\"author\":{\"name\":\"creativebitsolutions\",\"@id\":\"https:\/\/carpathiacenter.ro\/#\/schema\/person\/03d9f58202fee8379268f34afa195006\"},\"headline\":\"Adrian Dupu &#8211; schimbat de la conducerea Departamentului pentru Rela\u021bia cu R. Moldova; Rare\u0219-Petru Achiriloaie &#8211; eliberat la cerere de la \u0219efia ANPDCA\",\"datePublished\":\"2025-02-21T10:12:34+00:00\",\"mainEntityOfPage\":{\"@id\":\"https:\/\/carpathiacenter.ro\/adrian-dupu-schimbat-de-la-conducerea-departamentului-pentru-relatia-cu-r-moldova-rares-petru-achiriloaie-eliberat-la-cerere-de-la-sefia-anpdca\/\"},\"wordCount\":248,\"commentCount\":0,\"publisher\":{\"@id\":\"https:\/\/carpathiacenter.ro\/#organization\"},\"image\":{\"@id\":\"https:\/\/carpathiacenter.ro\/adrian-dupu-schimbat-de-la-conducerea-departamentului-pentru-relatia-cu-r-moldova-rares-petru-achiriloaie-eliberat-la-cerere-de-la-sefia-anpdca\/#primaryimage\"},\"thumbnailUrl\":\"https:\/\/carpathiacenter.ro\/wp-content\/uploads\/2025\/02\/Adrian-Dupu.jpg\",\"articleSection\":[\"Uncategorized\"],\"inLanguage\":\"en-GB\",\"potentialAction\":[{\"@type\":\"CommentAction\",\"name\":\"Comment\",\"target\":[\"https:\/\/carpathiacenter.ro\/adrian-dupu-schimbat-de-la-conducerea-departamentului-pentru-relatia-cu-r-moldova-rares-petru-achiriloaie-eliberat-la-cerere-de-la-sefia-anpdca\/#respond\"]}]},{\"@type\":\"WebPage\",\"@id\":\"https:\/\/carpathiacenter.ro\/adrian-dupu-schimbat-de-la-conducerea-departamentului-pentru-relatia-cu-r-moldova-rares-petru-achiriloaie-eliberat-la-cerere-de-la-sefia-anpdca\/\",\"url\":\"https:\/\/carpathiacenter.ro\/adrian-dupu-schimbat-de-la-conducerea-departamentului-pentru-relatia-cu-r-moldova-rares-petru-achiriloaie-eliberat-la-cerere-de-la-sefia-anpdca\/\",\"name\":\"Adrian Dupu - schimbat de la conducerea Departamentului pentru Rela\u021bia cu R. Moldova; Rare\u0219-Petru Achiriloaie - eliberat la cerere de la \u0219efia ANPDCA - Carpathia Center Romania\",\"isPartOf\":{\"@id\":\"https:\/\/carpathiacenter.ro\/#website\"},\"primaryImageOfPage\":{\"@id\":\"https:\/\/carpathiacenter.ro\/adrian-dupu-schimbat-de-la-conducerea-departamentului-pentru-relatia-cu-r-moldova-rares-petru-achiriloaie-eliberat-la-cerere-de-la-sefia-anpdca\/#primaryimage\"},\"image\":{\"@id\":\"https:\/\/carpathiacenter.ro\/adrian-dupu-schimbat-de-la-conducerea-departamentului-pentru-relatia-cu-r-moldova-rares-petru-achiriloaie-eliberat-la-cerere-de-la-sefia-anpdca\/#primaryimage\"},\"thumbnailUrl\":\"https:\/\/carpathiacenter.ro\/wp-content\/uploads\/2025\/02\/Adrian-Dupu.jpg\",\"datePublished\":\"2025-02-21T10:12:34+00:00\",\"breadcrumb\":{\"@id\":\"https:\/\/carpathiacenter.ro\/adrian-dupu-schimbat-de-la-conducerea-departamentului-pentru-relatia-cu-r-moldova-rares-petru-achiriloaie-eliberat-la-cerere-de-la-sefia-anpdca\/#breadcrumb\"},\"inLanguage\":\"en-GB\",\"potentialAction\":[{\"@type\":\"ReadAction\",\"target\":[\"https:\/\/carpathiacenter.ro\/adrian-dupu-schimbat-de-la-conducerea-departamentului-pentru-relatia-cu-r-moldova-rares-petru-achiriloaie-eliberat-la-cerere-de-la-sefia-anpdca\/\"]}]},{\"@type\":\"ImageObject\",\"inLanguage\":\"en-GB\",\"@id\":\"https:\/\/carpathiacenter.ro\/adrian-dupu-schimbat-de-la-conducerea-departamentului-pentru-relatia-cu-r-moldova-rares-petru-achiriloaie-eliberat-la-cerere-de-la-sefia-anpdca\/#primaryimage\",\"url\":\"https:\/\/carpathiacenter.ro\/wp-content\/uploads\/2025\/02\/Adrian-Dupu.jpg\",\"contentUrl\":\"https:\/\/carpathiacenter.ro\/wp-content\/uploads\/2025\/02\/Adrian-Dupu.jpg\",\"width\":900,\"height\":505},{\"@type\":\"BreadcrumbList\",\"@id\":\"https:\/\/carpathiacenter.ro\/adrian-dupu-schimbat-de-la-conducerea-departamentului-pentru-relatia-cu-r-moldova-rares-petru-achiriloaie-eliberat-la-cerere-de-la-sefia-anpdca\/#breadcrumb\",\"itemListElement\":[{\"@type\":\"ListItem\",\"position\":1,\"name\":\"Prima pagin\u0103\",\"item\":\"https:\/\/carpathiacenter.ro\/\"},{\"@type\":\"ListItem\",\"position\":2,\"name\":\"Adrian Dupu &#8211; schimbat de la conducerea Departamentului pentru Rela\u021bia cu R. Moldova; Rare\u0219-Petru Achiriloaie &#8211; eliberat la cerere de la \u0219efia ANPDCA\"}]},{\"@type\":\"WebSite\",\"@id\":\"https:\/\/carpathiacenter.ro\/#website\",\"url\":\"https:\/\/carpathiacenter.ro\/\",\"name\":\"Carpathia Center Romania\",\"description\":\"Impossible made possible!\",\"publisher\":{\"@id\":\"https:\/\/carpathiacenter.ro\/#organization\"},\"potentialAction\":[{\"@type\":\"SearchAction\",\"target\":{\"@type\":\"EntryPoint\",\"urlTemplate\":\"https:\/\/carpathiacenter.ro\/?s={search_term_string}\"},\"query-input\":{\"@type\":\"PropertyValueSpecification\",\"valueRequired\":true,\"valueName\":\"search_term_string\"}}],\"inLanguage\":\"en-GB\"},{\"@type\":\"Organization\",\"@id\":\"https:\/\/carpathiacenter.ro\/#organization\",\"name\":\"Carpathia Center Romania\",\"url\":\"https:\/\/carpathiacenter.ro\/\",\"logo\":{\"@type\":\"ImageObject\",\"inLanguage\":\"en-GB\",\"@id\":\"https:\/\/carpathiacenter.ro\/#\/schema\/logo\/image\/\",\"url\":\"https:\/\/carpathiacenter.ro\/wp-content\/uploads\/2024\/07\/logo-carpathia_bg_white-1024x941.png\",\"contentUrl\":\"https:\/\/carpathiacenter.ro\/wp-content\/uploads\/2024\/07\/logo-carpathia_bg_white-1024x941.png\",\"width\":1024,\"height\":941,\"caption\":\"Carpathia Center Romania\"},\"image\":{\"@id\":\"https:\/\/carpathiacenter.ro\/#\/schema\/logo\/image\/\"},\"sameAs\":[\"https:\/\/www.facebook.com\/fdpscarpathia\/\"]},{\"@type\":\"Person\",\"@id\":\"https:\/\/carpathiacenter.ro\/#\/schema\/person\/03d9f58202fee8379268f34afa195006\",\"name\":\"creativebitsolutions\",\"image\":{\"@type\":\"ImageObject\",\"inLanguage\":\"en-GB\",\"@id\":\"https:\/\/carpathiacenter.ro\/#\/schema\/person\/image\/\",\"url\":\"https:\/\/secure.gravatar.com\/avatar\/1b1a13e37f847c635dab78348f1dff2f07651ee2a3d77a5c355a4b8c75f9165a?s=96&d=mm&r=g\",\"contentUrl\":\"https:\/\/secure.gravatar.com\/avatar\/1b1a13e37f847c635dab78348f1dff2f07651ee2a3d77a5c355a4b8c75f9165a?s=96&d=mm&r=g\",\"caption\":\"creativebitsolutions\"},\"url\":\"https:\/\/carpathiacenter.ro\/en\/author\/creativebitsolutions\/\"}]}<\/script>\n<!-- \/ Yoast SEO plugin. -->","yoast_head_json":{"title":"Adrian Dupu - schimbat de la conducerea Departamentului pentru Rela\u021bia cu R. Moldova; Rare\u0219-Petru Achiriloaie - eliberat la cerere de la \u0219efia ANPDCA - Carpathia Center Romania","robots":{"index":"index","follow":"follow","max-snippet":"max-snippet:-1","max-image-preview":"max-image-preview:large","max-video-preview":"max-video-preview:-1"},"canonical":"https:\/\/carpathiacenter.ro\/en\/adrian-dupu-schimbat-de-la-conducerea-departamentului-pentru-relatia-cu-r-moldova-rares-petru-achiriloaie-eliberat-la-cerere-de-la-sefia-anpdca\/","og_locale":"en_GB","og_type":"article","og_title":"Adrian Dupu - schimbat de la conducerea Departamentului pentru Rela\u021bia cu R. Moldova; Rare\u0219-Petru Achiriloaie - eliberat la cerere de la \u0219efia ANPDCA - Carpathia Center Romania","og_description":"Adrian Dupu a fost eliberat din func\u021bia de secretar de stat al Departamentului pentru Rela\u021bia cu Republica Moldova, potrivit unei decizii a premierului Marcel Ciolacu. Decizia publicat\u0103 joi \u00een Monitorul Oficial mai prevede c\u0103 atribu\u021biile secretarului de stat vor fi exercitate de Constantin-Valentin R\u0103ducanu, director general al Direc\u021biei generale management, proiecte, juridic, p\u00e2n\u0103 la numirea...","og_url":"https:\/\/carpathiacenter.ro\/en\/adrian-dupu-schimbat-de-la-conducerea-departamentului-pentru-relatia-cu-r-moldova-rares-petru-achiriloaie-eliberat-la-cerere-de-la-sefia-anpdca\/","og_site_name":"Carpathia Center Romania","article_publisher":"https:\/\/www.facebook.com\/fdpscarpathia\/","article_published_time":"2025-02-21T10:12:34+00:00","og_image":[{"width":900,"height":505,"url":"https:\/\/carpathiacenter.ro\/wp-content\/uploads\/2025\/02\/Adrian-Dupu.jpg","type":"image\/jpeg"}],"author":"creativebitsolutions","twitter_card":"summary_large_image","twitter_misc":{"Written by":"creativebitsolutions","Estimated reading time":"1 minute"},"schema":{"@context":"https:\/\/schema.org","@graph":[{"@type":"Article","@id":"https:\/\/carpathiacenter.ro\/adrian-dupu-schimbat-de-la-conducerea-departamentului-pentru-relatia-cu-r-moldova-rares-petru-achiriloaie-eliberat-la-cerere-de-la-sefia-anpdca\/#article","isPartOf":{"@id":"https:\/\/carpathiacenter.ro\/adrian-dupu-schimbat-de-la-conducerea-departamentului-pentru-relatia-cu-r-moldova-rares-petru-achiriloaie-eliberat-la-cerere-de-la-sefia-anpdca\/"},"author":{"name":"creativebitsolutions","@id":"https:\/\/carpathiacenter.ro\/#\/schema\/person\/03d9f58202fee8379268f34afa195006"},"headline":"Adrian Dupu &#8211; schimbat de la conducerea Departamentului pentru Rela\u021bia cu R. Moldova; Rare\u0219-Petru Achiriloaie &#8211; eliberat la cerere de la \u0219efia ANPDCA","datePublished":"2025-02-21T10:12:34+00:00","mainEntityOfPage":{"@id":"https:\/\/carpathiacenter.ro\/adrian-dupu-schimbat-de-la-conducerea-departamentului-pentru-relatia-cu-r-moldova-rares-petru-achiriloaie-eliberat-la-cerere-de-la-sefia-anpdca\/"},"wordCount":248,"commentCount":0,"publisher":{"@id":"https:\/\/carpathiacenter.ro\/#organization"},"image":{"@id":"https:\/\/carpathiacenter.ro\/adrian-dupu-schimbat-de-la-conducerea-departamentului-pentru-relatia-cu-r-moldova-rares-petru-achiriloaie-eliberat-la-cerere-de-la-sefia-anpdca\/#primaryimage"},"thumbnailUrl":"https:\/\/carpathiacenter.ro\/wp-content\/uploads\/2025\/02\/Adrian-Dupu.jpg","articleSection":["Uncategorized"],"inLanguage":"en-GB","potentialAction":[{"@type":"CommentAction","name":"Comment","target":["https:\/\/carpathiacenter.ro\/adrian-dupu-schimbat-de-la-conducerea-departamentului-pentru-relatia-cu-r-moldova-rares-petru-achiriloaie-eliberat-la-cerere-de-la-sefia-anpdca\/#respond"]}]},{"@type":"WebPage","@id":"https:\/\/carpathiacenter.ro\/adrian-dupu-schimbat-de-la-conducerea-departamentului-pentru-relatia-cu-r-moldova-rares-petru-achiriloaie-eliberat-la-cerere-de-la-sefia-anpdca\/","url":"https:\/\/carpathiacenter.ro\/adrian-dupu-schimbat-de-la-conducerea-departamentului-pentru-relatia-cu-r-moldova-rares-petru-achiriloaie-eliberat-la-cerere-de-la-sefia-anpdca\/","name":"Adrian Dupu - schimbat de la conducerea Departamentului pentru Rela\u021bia cu R. Moldova; Rare\u0219-Petru Achiriloaie - eliberat la cerere de la \u0219efia ANPDCA - Carpathia Center Romania","isPartOf":{"@id":"https:\/\/carpathiacenter.ro\/#website"},"primaryImageOfPage":{"@id":"https:\/\/carpathiacenter.ro\/adrian-dupu-schimbat-de-la-conducerea-departamentului-pentru-relatia-cu-r-moldova-rares-petru-achiriloaie-eliberat-la-cerere-de-la-sefia-anpdca\/#primaryimage"},"image":{"@id":"https:\/\/carpathiacenter.ro\/adrian-dupu-schimbat-de-la-conducerea-departamentului-pentru-relatia-cu-r-moldova-rares-petru-achiriloaie-eliberat-la-cerere-de-la-sefia-anpdca\/#primaryimage"},"thumbnailUrl":"https:\/\/carpathiacenter.ro\/wp-content\/uploads\/2025\/02\/Adrian-Dupu.jpg","datePublished":"2025-02-21T10:12:34+00:00","breadcrumb":{"@id":"https:\/\/carpathiacenter.ro\/adrian-dupu-schimbat-de-la-conducerea-departamentului-pentru-relatia-cu-r-moldova-rares-petru-achiriloaie-eliberat-la-cerere-de-la-sefia-anpdca\/#breadcrumb"},"inLanguage":"en-GB","potentialAction":[{"@type":"ReadAction","target":["https:\/\/carpathiacenter.ro\/adrian-dupu-schimbat-de-la-conducerea-departamentului-pentru-relatia-cu-r-moldova-rares-petru-achiriloaie-eliberat-la-cerere-de-la-sefia-anpdca\/"]}]},{"@type":"ImageObject","inLanguage":"en-GB","@id":"https:\/\/carpathiacenter.ro\/adrian-dupu-schimbat-de-la-conducerea-departamentului-pentru-relatia-cu-r-moldova-rares-petru-achiriloaie-eliberat-la-cerere-de-la-sefia-anpdca\/#primaryimage","url":"https:\/\/carpathiacenter.ro\/wp-content\/uploads\/2025\/02\/Adrian-Dupu.jpg","contentUrl":"https:\/\/carpathiacenter.ro\/wp-content\/uploads\/2025\/02\/Adrian-Dupu.jpg","width":900,"height":505},{"@type":"BreadcrumbList","@id":"https:\/\/carpathiacenter.ro\/adrian-dupu-schimbat-de-la-conducerea-departamentului-pentru-relatia-cu-r-moldova-rares-petru-achiriloaie-eliberat-la-cerere-de-la-sefia-anpdca\/#breadcrumb","itemListElement":[{"@type":"ListItem","position":1,"name":"Prima pagin\u0103","item":"https:\/\/carpathiacenter.ro\/"},{"@type":"ListItem","position":2,"name":"Adrian Dupu &#8211; schimbat de la conducerea Departamentului pentru Rela\u021bia cu R. Moldova; Rare\u0219-Petru Achiriloaie &#8211; eliberat la cerere de la \u0219efia ANPDCA"}]},{"@type":"WebSite","@id":"https:\/\/carpathiacenter.ro\/#website","url":"https:\/\/carpathiacenter.ro\/","name":"Carpathia Center Romania","description":"Impossible made possible!","publisher":{"@id":"https:\/\/carpathiacenter.ro\/#organization"},"potentialAction":[{"@type":"SearchAction","target":{"@type":"EntryPoint","urlTemplate":"https:\/\/carpathiacenter.ro\/?s={search_term_string}"},"query-input":{"@type":"PropertyValueSpecification","valueRequired":true,"valueName":"search_term_string"}}],"inLanguage":"en-GB"},{"@type":"Organization","@id":"https:\/\/carpathiacenter.ro\/#organization","name":"Carpathia Center Romania","url":"https:\/\/carpathiacenter.ro\/","logo":{"@type":"ImageObject","inLanguage":"en-GB","@id":"https:\/\/carpathiacenter.ro\/#\/schema\/logo\/image\/","url":"https:\/\/carpathiacenter.ro\/wp-content\/uploads\/2024\/07\/logo-carpathia_bg_white-1024x941.png","contentUrl":"https:\/\/carpathiacenter.ro\/wp-content\/uploads\/2024\/07\/logo-carpathia_bg_white-1024x941.png","width":1024,"height":941,"caption":"Carpathia Center Romania"},"image":{"@id":"https:\/\/carpathiacenter.ro\/#\/schema\/logo\/image\/"},"sameAs":["https:\/\/www.facebook.com\/fdpscarpathia\/"]},{"@type":"Person","@id":"https:\/\/carpathiacenter.ro\/#\/schema\/person\/03d9f58202fee8379268f34afa195006","name":"creativebitsolutions","image":{"@type":"ImageObject","inLanguage":"en-GB","@id":"https:\/\/carpathiacenter.ro\/#\/schema\/person\/image\/","url":"https:\/\/secure.gravatar.com\/avatar\/1b1a13e37f847c635dab78348f1dff2f07651ee2a3d77a5c355a4b8c75f9165a?s=96&d=mm&r=g","contentUrl":"https:\/\/secure.gravatar.com\/avatar\/1b1a13e37f847c635dab78348f1dff2f07651ee2a3d77a5c355a4b8c75f9165a?s=96&d=mm&r=g","caption":"creativebitsolutions"},"url":"https:\/\/carpathiacenter.ro\/en\/author\/creativebitsolutions\/"}]}},"_links":{"self":[{"href":"https:\/\/carpathiacenter.ro\/en\/wp-json\/wp\/v2\/posts\/1929","targetHints":{"allow":["GET"]}}],"collection":[{"href":"https:\/\/carpathiacenter.ro\/en\/wp-json\/wp\/v2\/posts"}],"about":[{"href":"https:\/\/carpathiacenter.ro\/en\/wp-json\/wp\/v2\/types\/post"}],"author":[{"embeddable":true,"href":"https:\/\/carpathiacenter.ro\/en\/wp-json\/wp\/v2\/users\/4"}],"replies":[{"embeddable":true,"href":"https:\/\/carpathiacenter.ro\/en\/wp-json\/wp\/v2\/comments?post=1929"}],"version-history":[{"count":1,"href":"https:\/\/carpathiacenter.ro\/en\/wp-json\/wp\/v2\/posts\/1929\/revisions"}],"predecessor-version":[{"id":1931,"href":"https:\/\/carpathiacenter.ro\/en\/wp-json\/wp\/v2\/posts\/1929\/revisions\/1931"}],"wp:featuredmedia":[{"embeddable":true,"href":"https:\/\/carpathiacenter.ro\/en\/wp-json\/wp\/v2\/media\/1930"}],"wp:attachment":[{"href":"https:\/\/carpathiacenter.ro\/en\/wp-json\/wp\/v2\/media?parent=1929"}],"wp:term":[{"taxonomy":"category","embeddable":true,"href":"https:\/\/carpathiacenter.ro\/en\/wp-json\/wp\/v2\/categories?post=1929"},{"taxonomy":"post_tag","embeddable":true,"href":"https:\/\/carpathiacenter.ro\/en\/wp-json\/wp\/v2\/tags?post=1929"}],"curies":[{"name":"wp","href":"https:\/\/api.w.org\/{rel}","templated":true}]}}