{"id":1925,"date":"2025-02-21T10:09:45","date_gmt":"2025-02-21T10:09:45","guid":{"rendered":"https:\/\/carpathiacenter.ro\/?p=1925"},"modified":"2025-02-21T10:09:45","modified_gmt":"2025-02-21T10:09:45","slug":"premierul-ciolacu-vizita-de-lucru-vineri-la-bruxelles-va-avea-o-intrevedere-cu-sefa-comisiei-europene","status":"publish","type":"post","link":"https:\/\/carpathiacenter.ro\/en\/premierul-ciolacu-vizita-de-lucru-vineri-la-bruxelles-va-avea-o-intrevedere-cu-sefa-comisiei-europene\/","title":{"rendered":"Premierul Ciolacu &#8211; vizit\u0103 de lucru vineri la Bruxelles; va avea o \u00eentrevedere cu \u0219efa Comisiei Europene"},"content":{"rendered":"<div class=\"tdb-block-inner td-fix-index\">\n<p><strong>Premierul Marcel Ciolacu se va afla vineri la Bruxelles, pentru consult\u0103ri cu pre\u0219edintele Comisiei Europene, Ursula von der Leyen, privind renegocierea Planului Na\u021bional de Redresare \u0219i Rezilien\u021b\u0103 al Rom\u00e2niei, dar \u0219i despre situa\u021bia securit\u0103\u021bii regionale \u0219i globale, \u00een contextul negocierilor care au loc la ora actual\u0103 \u00een c\u0103utarea unei solu\u021bii care s\u0103 pun\u0103 cap\u0103t r\u0103zboiului din Ucraina, a informat Guvernul.<\/strong><\/p>\n<p>Potrivit unui comunicat transmis AGERPRES, programul vizitei la Bruxelles include o \u00eentrevedere tete-a-tete \u00eentre premierul Marcel Ciolacu \u0219i pre\u0219edinta Ursula von der Leyen, precum \u0219i o \u00eentrevedere \u00een plen a delega\u021biei guvernamentale rom\u00e2ne cu o delega\u021bie a Comisiei Europene.<\/p>\n<p>Din delega\u021bia oficial\u0103 care \u00eel \u00eenso\u021be\u0219te pe premierul Marcel Ciolacu la Bruxelles fac parte vicepremierul \u0219i ministrul de finan\u021be Tanczos Barna, \u0219i ministrul investi\u021biilor \u0219i proiectelor europene, Marcel Bolo\u0219.<\/p>\n<p>\u00cen ceea ce prive\u0219te renegocierea Planului Na\u021bional de Redresare \u0219i Rezilien\u021b\u0103 al Rom\u00e2niei, obiectivul premierului Marcel Ciolacu \u0219i al delega\u021biei guvernamentale este de a conveni \u00eempreun\u0103 cu oficialii Comisiei renegocierea unor aspecte legate de \u021bintele \u0219i jaloanele prev\u0103zute \u00een cadrul acestui plan de investi\u021bii publice \u0219i reforme astfel \u00eenc\u00e2t Rom\u00e2nia s\u0103 poat\u0103 absorbi integral fondurile care i-au fost alocate prin mecanismul european pentru redresare \u0219i rezilien\u021b\u0103, precizeaz\u0103 sursa citat\u0103.<\/p>\n<p>\u2018Suntem ferm motiva\u021bi s\u0103 ne mobiliz\u0103m pentru a recupera decalajele \u00eenregistrate, din p\u0103cate, p\u00e2n\u0103 acum, \u00een atragerea acestor finan\u021b\u0103ri. Exist\u0103 \u00eens\u0103 o serie de aspecte \u00een cadrul PNRR care necesit\u0103 adaptarea la realit\u0103\u021bile actuale \u0219i o reprofilare a investi\u021biilor cu o cofinan\u021bare mai mic\u0103\u2019, a declarat premierul Marcel Ciolacu \u00eenaintea vizitei de lucru la Bruxelles, citat \u00een comunicat.<\/p>\n<p>\u0218eful Executivului consider\u0103 c\u0103 anii 2025 \u0219i 2026 sunt decisivi ca Rom\u00e2nia s\u0103 poat\u0103 beneficia integral de finan\u021b\u0103rile din PNRR, context \u00een care va monitoriza \u00eendeaproape respectarea termenelor necesare pentru atragerea acestor fonduri. AGERPRES\/(AS \u2013 editor: Andreea Rotaru, editor online: Andreea Preda)<\/p>\n<p>Sursa articolului: <a href=\"https:\/\/agerpres.ro\/politic\/2025\/02\/21\/premierul-ciolacu---vizita-de-lucru-vineri-la-bruxelles-va-avea-o-intrevedere-cu-sefa-comisiei-europ--1424439\" target=\"_blank\" rel=\"noopener\" title=\"\">https:\/\/agerpres.ro\/politic\/2025\/02\/21\/premierul-ciolacu\u2014vizita-de-lucru-vineri-la-bruxelles-va-avea-o-intrevedere-cu-sefa-comisiei-europ\u20131424439<\/a><\/p>\n<\/div>","protected":false},"excerpt":{"rendered":"<p>Premierul Marcel Ciolacu se va afla vineri la Bruxelles, pentru consult\u0103ri cu pre\u0219edintele Comisiei Europene, Ursula von der Leyen, privind renegocierea Planului Na\u021bional de Redresare \u0219i Rezilien\u021b\u0103 al Rom\u00e2niei, dar \u0219i despre situa\u021bia securit\u0103\u021bii regionale \u0219i globale, \u00een contextul negocierilor care au loc la ora actual\u0103 \u00een c\u0103utarea unei solu\u021bii care s\u0103 pun\u0103 cap\u0103t r\u0103zboiului&#8230;<\/p>","protected":false},"author":4,"featured_media":1927,"comment_status":"open","ping_status":"open","sticky":false,"template":"","format":"standard","meta":{"footnotes":""},"categories":[1],"tags":[],"class_list":["post-1925","post","type-post","status-publish","format-standard","has-post-thumbnail","hentry","category-uncategorized"],"yoast_head":"<!-- This site is optimized with the Yoast SEO plugin v26.1.1 - https:\/\/yoast.com\/wordpress\/plugins\/seo\/ -->\n<title>Premierul Ciolacu - vizit\u0103 de lucru vineri la Bruxelles; va avea o \u00eentrevedere cu \u0219efa Comisiei Europene - Carpathia Center Romania<\/title>\n<meta name=\"robots\" content=\"index, follow, max-snippet:-1, max-image-preview:large, max-video-preview:-1\" \/>\n<link rel=\"canonical\" href=\"https:\/\/carpathiacenter.ro\/en\/premierul-ciolacu-vizita-de-lucru-vineri-la-bruxelles-va-avea-o-intrevedere-cu-sefa-comisiei-europene\/\" \/>\n<meta property=\"og:locale\" content=\"en_GB\" \/>\n<meta property=\"og:type\" content=\"article\" \/>\n<meta property=\"og:title\" content=\"Premierul Ciolacu - vizit\u0103 de lucru vineri la Bruxelles; va avea o \u00eentrevedere cu \u0219efa Comisiei Europene - Carpathia Center Romania\" \/>\n<meta property=\"og:description\" content=\"Premierul Marcel Ciolacu se va afla vineri la Bruxelles, pentru consult\u0103ri cu pre\u0219edintele Comisiei Europene, Ursula von der Leyen, privind renegocierea Planului Na\u021bional de Redresare \u0219i Rezilien\u021b\u0103 al Rom\u00e2niei, dar \u0219i despre situa\u021bia securit\u0103\u021bii regionale \u0219i globale, \u00een contextul negocierilor care au loc la ora actual\u0103 \u00een c\u0103utarea unei solu\u021bii care s\u0103 pun\u0103 cap\u0103t r\u0103zboiului...\" \/>\n<meta property=\"og:url\" content=\"https:\/\/carpathiacenter.ro\/en\/premierul-ciolacu-vizita-de-lucru-vineri-la-bruxelles-va-avea-o-intrevedere-cu-sefa-comisiei-europene\/\" \/>\n<meta property=\"og:site_name\" content=\"Carpathia Center Romania\" \/>\n<meta property=\"article:publisher\" content=\"https:\/\/www.facebook.com\/fdpscarpathia\/\" \/>\n<meta property=\"article:published_time\" content=\"2025-02-21T10:09:45+00:00\" \/>\n<meta property=\"og:image\" content=\"https:\/\/carpathiacenter.ro\/wp-content\/uploads\/2025\/02\/marcel-ciolacu-ursula-von-der-lyen.webp\" \/>\n\t<meta property=\"og:image:width\" content=\"800\" \/>\n\t<meta property=\"og:image:height\" content=\"496\" \/>\n\t<meta property=\"og:image:type\" content=\"image\/webp\" \/>\n<meta name=\"author\" content=\"creativebitsolutions\" \/>\n<meta name=\"twitter:card\" content=\"summary_large_image\" \/>\n<meta name=\"twitter:label1\" content=\"Written by\" \/>\n\t<meta name=\"twitter:data1\" content=\"creativebitsolutions\" \/>\n\t<meta name=\"twitter:label2\" content=\"Estimated reading time\" \/>\n\t<meta name=\"twitter:data2\" content=\"2 minutes\" \/>\n<script type=\"application\/ld+json\" class=\"yoast-schema-graph\">{\"@context\":\"https:\/\/schema.org\",\"@graph\":[{\"@type\":\"Article\",\"@id\":\"https:\/\/carpathiacenter.ro\/premierul-ciolacu-vizita-de-lucru-vineri-la-bruxelles-va-avea-o-intrevedere-cu-sefa-comisiei-europene\/#article\",\"isPartOf\":{\"@id\":\"https:\/\/carpathiacenter.ro\/premierul-ciolacu-vizita-de-lucru-vineri-la-bruxelles-va-avea-o-intrevedere-cu-sefa-comisiei-europene\/\"},\"author\":{\"name\":\"creativebitsolutions\",\"@id\":\"https:\/\/carpathiacenter.ro\/#\/schema\/person\/03d9f58202fee8379268f34afa195006\"},\"headline\":\"Premierul Ciolacu &#8211; vizit\u0103 de lucru vineri la Bruxelles; va avea o \u00eentrevedere cu \u0219efa Comisiei Europene\",\"datePublished\":\"2025-02-21T10:09:45+00:00\",\"mainEntityOfPage\":{\"@id\":\"https:\/\/carpathiacenter.ro\/premierul-ciolacu-vizita-de-lucru-vineri-la-bruxelles-va-avea-o-intrevedere-cu-sefa-comisiei-europene\/\"},\"wordCount\":357,\"commentCount\":0,\"publisher\":{\"@id\":\"https:\/\/carpathiacenter.ro\/#organization\"},\"image\":{\"@id\":\"https:\/\/carpathiacenter.ro\/premierul-ciolacu-vizita-de-lucru-vineri-la-bruxelles-va-avea-o-intrevedere-cu-sefa-comisiei-europene\/#primaryimage\"},\"thumbnailUrl\":\"https:\/\/carpathiacenter.ro\/wp-content\/uploads\/2025\/02\/marcel-ciolacu-ursula-von-der-lyen.webp\",\"articleSection\":[\"Uncategorized\"],\"inLanguage\":\"en-GB\",\"potentialAction\":[{\"@type\":\"CommentAction\",\"name\":\"Comment\",\"target\":[\"https:\/\/carpathiacenter.ro\/premierul-ciolacu-vizita-de-lucru-vineri-la-bruxelles-va-avea-o-intrevedere-cu-sefa-comisiei-europene\/#respond\"]}]},{\"@type\":\"WebPage\",\"@id\":\"https:\/\/carpathiacenter.ro\/premierul-ciolacu-vizita-de-lucru-vineri-la-bruxelles-va-avea-o-intrevedere-cu-sefa-comisiei-europene\/\",\"url\":\"https:\/\/carpathiacenter.ro\/premierul-ciolacu-vizita-de-lucru-vineri-la-bruxelles-va-avea-o-intrevedere-cu-sefa-comisiei-europene\/\",\"name\":\"Premierul Ciolacu - vizit\u0103 de lucru vineri la Bruxelles; va avea o \u00eentrevedere cu \u0219efa Comisiei Europene - Carpathia Center Romania\",\"isPartOf\":{\"@id\":\"https:\/\/carpathiacenter.ro\/#website\"},\"primaryImageOfPage\":{\"@id\":\"https:\/\/carpathiacenter.ro\/premierul-ciolacu-vizita-de-lucru-vineri-la-bruxelles-va-avea-o-intrevedere-cu-sefa-comisiei-europene\/#primaryimage\"},\"image\":{\"@id\":\"https:\/\/carpathiacenter.ro\/premierul-ciolacu-vizita-de-lucru-vineri-la-bruxelles-va-avea-o-intrevedere-cu-sefa-comisiei-europene\/#primaryimage\"},\"thumbnailUrl\":\"https:\/\/carpathiacenter.ro\/wp-content\/uploads\/2025\/02\/marcel-ciolacu-ursula-von-der-lyen.webp\",\"datePublished\":\"2025-02-21T10:09:45+00:00\",\"breadcrumb\":{\"@id\":\"https:\/\/carpathiacenter.ro\/premierul-ciolacu-vizita-de-lucru-vineri-la-bruxelles-va-avea-o-intrevedere-cu-sefa-comisiei-europene\/#breadcrumb\"},\"inLanguage\":\"en-GB\",\"potentialAction\":[{\"@type\":\"ReadAction\",\"target\":[\"https:\/\/carpathiacenter.ro\/premierul-ciolacu-vizita-de-lucru-vineri-la-bruxelles-va-avea-o-intrevedere-cu-sefa-comisiei-europene\/\"]}]},{\"@type\":\"ImageObject\",\"inLanguage\":\"en-GB\",\"@id\":\"https:\/\/carpathiacenter.ro\/premierul-ciolacu-vizita-de-lucru-vineri-la-bruxelles-va-avea-o-intrevedere-cu-sefa-comisiei-europene\/#primaryimage\",\"url\":\"https:\/\/carpathiacenter.ro\/wp-content\/uploads\/2025\/02\/marcel-ciolacu-ursula-von-der-lyen.webp\",\"contentUrl\":\"https:\/\/carpathiacenter.ro\/wp-content\/uploads\/2025\/02\/marcel-ciolacu-ursula-von-der-lyen.webp\",\"width\":800,\"height\":496},{\"@type\":\"BreadcrumbList\",\"@id\":\"https:\/\/carpathiacenter.ro\/premierul-ciolacu-vizita-de-lucru-vineri-la-bruxelles-va-avea-o-intrevedere-cu-sefa-comisiei-europene\/#breadcrumb\",\"itemListElement\":[{\"@type\":\"ListItem\",\"position\":1,\"name\":\"Prima pagin\u0103\",\"item\":\"https:\/\/carpathiacenter.ro\/\"},{\"@type\":\"ListItem\",\"position\":2,\"name\":\"Premierul Ciolacu &#8211; vizit\u0103 de lucru vineri la Bruxelles; va avea o \u00eentrevedere cu \u0219efa Comisiei Europene\"}]},{\"@type\":\"WebSite\",\"@id\":\"https:\/\/carpathiacenter.ro\/#website\",\"url\":\"https:\/\/carpathiacenter.ro\/\",\"name\":\"Carpathia Center Romania\",\"description\":\"Impossible made possible!\",\"publisher\":{\"@id\":\"https:\/\/carpathiacenter.ro\/#organization\"},\"potentialAction\":[{\"@type\":\"SearchAction\",\"target\":{\"@type\":\"EntryPoint\",\"urlTemplate\":\"https:\/\/carpathiacenter.ro\/?s={search_term_string}\"},\"query-input\":{\"@type\":\"PropertyValueSpecification\",\"valueRequired\":true,\"valueName\":\"search_term_string\"}}],\"inLanguage\":\"en-GB\"},{\"@type\":\"Organization\",\"@id\":\"https:\/\/carpathiacenter.ro\/#organization\",\"name\":\"Carpathia Center Romania\",\"url\":\"https:\/\/carpathiacenter.ro\/\",\"logo\":{\"@type\":\"ImageObject\",\"inLanguage\":\"en-GB\",\"@id\":\"https:\/\/carpathiacenter.ro\/#\/schema\/logo\/image\/\",\"url\":\"https:\/\/carpathiacenter.ro\/wp-content\/uploads\/2024\/07\/logo-carpathia_bg_white-1024x941.png\",\"contentUrl\":\"https:\/\/carpathiacenter.ro\/wp-content\/uploads\/2024\/07\/logo-carpathia_bg_white-1024x941.png\",\"width\":1024,\"height\":941,\"caption\":\"Carpathia Center Romania\"},\"image\":{\"@id\":\"https:\/\/carpathiacenter.ro\/#\/schema\/logo\/image\/\"},\"sameAs\":[\"https:\/\/www.facebook.com\/fdpscarpathia\/\"]},{\"@type\":\"Person\",\"@id\":\"https:\/\/carpathiacenter.ro\/#\/schema\/person\/03d9f58202fee8379268f34afa195006\",\"name\":\"creativebitsolutions\",\"image\":{\"@type\":\"ImageObject\",\"inLanguage\":\"en-GB\",\"@id\":\"https:\/\/carpathiacenter.ro\/#\/schema\/person\/image\/\",\"url\":\"https:\/\/secure.gravatar.com\/avatar\/1b1a13e37f847c635dab78348f1dff2f07651ee2a3d77a5c355a4b8c75f9165a?s=96&d=mm&r=g\",\"contentUrl\":\"https:\/\/secure.gravatar.com\/avatar\/1b1a13e37f847c635dab78348f1dff2f07651ee2a3d77a5c355a4b8c75f9165a?s=96&d=mm&r=g\",\"caption\":\"creativebitsolutions\"},\"url\":\"https:\/\/carpathiacenter.ro\/en\/author\/creativebitsolutions\/\"}]}<\/script>\n<!-- \/ Yoast SEO plugin. -->","yoast_head_json":{"title":"Premierul Ciolacu - vizit\u0103 de lucru vineri la Bruxelles; va avea o \u00eentrevedere cu \u0219efa Comisiei Europene - Carpathia Center Romania","robots":{"index":"index","follow":"follow","max-snippet":"max-snippet:-1","max-image-preview":"max-image-preview:large","max-video-preview":"max-video-preview:-1"},"canonical":"https:\/\/carpathiacenter.ro\/en\/premierul-ciolacu-vizita-de-lucru-vineri-la-bruxelles-va-avea-o-intrevedere-cu-sefa-comisiei-europene\/","og_locale":"en_GB","og_type":"article","og_title":"Premierul Ciolacu - vizit\u0103 de lucru vineri la Bruxelles; va avea o \u00eentrevedere cu \u0219efa Comisiei Europene - Carpathia Center Romania","og_description":"Premierul Marcel Ciolacu se va afla vineri la Bruxelles, pentru consult\u0103ri cu pre\u0219edintele Comisiei Europene, Ursula von der Leyen, privind renegocierea Planului Na\u021bional de Redresare \u0219i Rezilien\u021b\u0103 al Rom\u00e2niei, dar \u0219i despre situa\u021bia securit\u0103\u021bii regionale \u0219i globale, \u00een contextul negocierilor care au loc la ora actual\u0103 \u00een c\u0103utarea unei solu\u021bii care s\u0103 pun\u0103 cap\u0103t r\u0103zboiului...","og_url":"https:\/\/carpathiacenter.ro\/en\/premierul-ciolacu-vizita-de-lucru-vineri-la-bruxelles-va-avea-o-intrevedere-cu-sefa-comisiei-europene\/","og_site_name":"Carpathia Center Romania","article_publisher":"https:\/\/www.facebook.com\/fdpscarpathia\/","article_published_time":"2025-02-21T10:09:45+00:00","og_image":[{"width":800,"height":496,"url":"https:\/\/carpathiacenter.ro\/wp-content\/uploads\/2025\/02\/marcel-ciolacu-ursula-von-der-lyen.webp","type":"image\/webp"}],"author":"creativebitsolutions","twitter_card":"summary_large_image","twitter_misc":{"Written by":"creativebitsolutions","Estimated reading time":"2 minutes"},"schema":{"@context":"https:\/\/schema.org","@graph":[{"@type":"Article","@id":"https:\/\/carpathiacenter.ro\/premierul-ciolacu-vizita-de-lucru-vineri-la-bruxelles-va-avea-o-intrevedere-cu-sefa-comisiei-europene\/#article","isPartOf":{"@id":"https:\/\/carpathiacenter.ro\/premierul-ciolacu-vizita-de-lucru-vineri-la-bruxelles-va-avea-o-intrevedere-cu-sefa-comisiei-europene\/"},"author":{"name":"creativebitsolutions","@id":"https:\/\/carpathiacenter.ro\/#\/schema\/person\/03d9f58202fee8379268f34afa195006"},"headline":"Premierul Ciolacu &#8211; vizit\u0103 de lucru vineri la Bruxelles; va avea o \u00eentrevedere cu \u0219efa Comisiei Europene","datePublished":"2025-02-21T10:09:45+00:00","mainEntityOfPage":{"@id":"https:\/\/carpathiacenter.ro\/premierul-ciolacu-vizita-de-lucru-vineri-la-bruxelles-va-avea-o-intrevedere-cu-sefa-comisiei-europene\/"},"wordCount":357,"commentCount":0,"publisher":{"@id":"https:\/\/carpathiacenter.ro\/#organization"},"image":{"@id":"https:\/\/carpathiacenter.ro\/premierul-ciolacu-vizita-de-lucru-vineri-la-bruxelles-va-avea-o-intrevedere-cu-sefa-comisiei-europene\/#primaryimage"},"thumbnailUrl":"https:\/\/carpathiacenter.ro\/wp-content\/uploads\/2025\/02\/marcel-ciolacu-ursula-von-der-lyen.webp","articleSection":["Uncategorized"],"inLanguage":"en-GB","potentialAction":[{"@type":"CommentAction","name":"Comment","target":["https:\/\/carpathiacenter.ro\/premierul-ciolacu-vizita-de-lucru-vineri-la-bruxelles-va-avea-o-intrevedere-cu-sefa-comisiei-europene\/#respond"]}]},{"@type":"WebPage","@id":"https:\/\/carpathiacenter.ro\/premierul-ciolacu-vizita-de-lucru-vineri-la-bruxelles-va-avea-o-intrevedere-cu-sefa-comisiei-europene\/","url":"https:\/\/carpathiacenter.ro\/premierul-ciolacu-vizita-de-lucru-vineri-la-bruxelles-va-avea-o-intrevedere-cu-sefa-comisiei-europene\/","name":"Premierul Ciolacu - vizit\u0103 de lucru vineri la Bruxelles; va avea o \u00eentrevedere cu \u0219efa Comisiei Europene - Carpathia Center Romania","isPartOf":{"@id":"https:\/\/carpathiacenter.ro\/#website"},"primaryImageOfPage":{"@id":"https:\/\/carpathiacenter.ro\/premierul-ciolacu-vizita-de-lucru-vineri-la-bruxelles-va-avea-o-intrevedere-cu-sefa-comisiei-europene\/#primaryimage"},"image":{"@id":"https:\/\/carpathiacenter.ro\/premierul-ciolacu-vizita-de-lucru-vineri-la-bruxelles-va-avea-o-intrevedere-cu-sefa-comisiei-europene\/#primaryimage"},"thumbnailUrl":"https:\/\/carpathiacenter.ro\/wp-content\/uploads\/2025\/02\/marcel-ciolacu-ursula-von-der-lyen.webp","datePublished":"2025-02-21T10:09:45+00:00","breadcrumb":{"@id":"https:\/\/carpathiacenter.ro\/premierul-ciolacu-vizita-de-lucru-vineri-la-bruxelles-va-avea-o-intrevedere-cu-sefa-comisiei-europene\/#breadcrumb"},"inLanguage":"en-GB","potentialAction":[{"@type":"ReadAction","target":["https:\/\/carpathiacenter.ro\/premierul-ciolacu-vizita-de-lucru-vineri-la-bruxelles-va-avea-o-intrevedere-cu-sefa-comisiei-europene\/"]}]},{"@type":"ImageObject","inLanguage":"en-GB","@id":"https:\/\/carpathiacenter.ro\/premierul-ciolacu-vizita-de-lucru-vineri-la-bruxelles-va-avea-o-intrevedere-cu-sefa-comisiei-europene\/#primaryimage","url":"https:\/\/carpathiacenter.ro\/wp-content\/uploads\/2025\/02\/marcel-ciolacu-ursula-von-der-lyen.webp","contentUrl":"https:\/\/carpathiacenter.ro\/wp-content\/uploads\/2025\/02\/marcel-ciolacu-ursula-von-der-lyen.webp","width":800,"height":496},{"@type":"BreadcrumbList","@id":"https:\/\/carpathiacenter.ro\/premierul-ciolacu-vizita-de-lucru-vineri-la-bruxelles-va-avea-o-intrevedere-cu-sefa-comisiei-europene\/#breadcrumb","itemListElement":[{"@type":"ListItem","position":1,"name":"Prima pagin\u0103","item":"https:\/\/carpathiacenter.ro\/"},{"@type":"ListItem","position":2,"name":"Premierul Ciolacu &#8211; vizit\u0103 de lucru vineri la Bruxelles; va avea o \u00eentrevedere cu \u0219efa Comisiei Europene"}]},{"@type":"WebSite","@id":"https:\/\/carpathiacenter.ro\/#website","url":"https:\/\/carpathiacenter.ro\/","name":"Carpathia Center Romania","description":"Impossible made possible!","publisher":{"@id":"https:\/\/carpathiacenter.ro\/#organization"},"potentialAction":[{"@type":"SearchAction","target":{"@type":"EntryPoint","urlTemplate":"https:\/\/carpathiacenter.ro\/?s={search_term_string}"},"query-input":{"@type":"PropertyValueSpecification","valueRequired":true,"valueName":"search_term_string"}}],"inLanguage":"en-GB"},{"@type":"Organization","@id":"https:\/\/carpathiacenter.ro\/#organization","name":"Carpathia Center Romania","url":"https:\/\/carpathiacenter.ro\/","logo":{"@type":"ImageObject","inLanguage":"en-GB","@id":"https:\/\/carpathiacenter.ro\/#\/schema\/logo\/image\/","url":"https:\/\/carpathiacenter.ro\/wp-content\/uploads\/2024\/07\/logo-carpathia_bg_white-1024x941.png","contentUrl":"https:\/\/carpathiacenter.ro\/wp-content\/uploads\/2024\/07\/logo-carpathia_bg_white-1024x941.png","width":1024,"height":941,"caption":"Carpathia Center Romania"},"image":{"@id":"https:\/\/carpathiacenter.ro\/#\/schema\/logo\/image\/"},"sameAs":["https:\/\/www.facebook.com\/fdpscarpathia\/"]},{"@type":"Person","@id":"https:\/\/carpathiacenter.ro\/#\/schema\/person\/03d9f58202fee8379268f34afa195006","name":"creativebitsolutions","image":{"@type":"ImageObject","inLanguage":"en-GB","@id":"https:\/\/carpathiacenter.ro\/#\/schema\/person\/image\/","url":"https:\/\/secure.gravatar.com\/avatar\/1b1a13e37f847c635dab78348f1dff2f07651ee2a3d77a5c355a4b8c75f9165a?s=96&d=mm&r=g","contentUrl":"https:\/\/secure.gravatar.com\/avatar\/1b1a13e37f847c635dab78348f1dff2f07651ee2a3d77a5c355a4b8c75f9165a?s=96&d=mm&r=g","caption":"creativebitsolutions"},"url":"https:\/\/carpathiacenter.ro\/en\/author\/creativebitsolutions\/"}]}},"_links":{"self":[{"href":"https:\/\/carpathiacenter.ro\/en\/wp-json\/wp\/v2\/posts\/1925","targetHints":{"allow":["GET"]}}],"collection":[{"href":"https:\/\/carpathiacenter.ro\/en\/wp-json\/wp\/v2\/posts"}],"about":[{"href":"https:\/\/carpathiacenter.ro\/en\/wp-json\/wp\/v2\/types\/post"}],"author":[{"embeddable":true,"href":"https:\/\/carpathiacenter.ro\/en\/wp-json\/wp\/v2\/users\/4"}],"replies":[{"embeddable":true,"href":"https:\/\/carpathiacenter.ro\/en\/wp-json\/wp\/v2\/comments?post=1925"}],"version-history":[{"count":1,"href":"https:\/\/carpathiacenter.ro\/en\/wp-json\/wp\/v2\/posts\/1925\/revisions"}],"predecessor-version":[{"id":1928,"href":"https:\/\/carpathiacenter.ro\/en\/wp-json\/wp\/v2\/posts\/1925\/revisions\/1928"}],"wp:featuredmedia":[{"embeddable":true,"href":"https:\/\/carpathiacenter.ro\/en\/wp-json\/wp\/v2\/media\/1927"}],"wp:attachment":[{"href":"https:\/\/carpathiacenter.ro\/en\/wp-json\/wp\/v2\/media?parent=1925"}],"wp:term":[{"taxonomy":"category","embeddable":true,"href":"https:\/\/carpathiacenter.ro\/en\/wp-json\/wp\/v2\/categories?post=1925"},{"taxonomy":"post_tag","embeddable":true,"href":"https:\/\/carpathiacenter.ro\/en\/wp-json\/wp\/v2\/tags?post=1925"}],"curies":[{"name":"wp","href":"https:\/\/api.w.org\/{rel}","templated":true}]}}