{"id":1916,"date":"2025-02-20T10:56:46","date_gmt":"2025-02-20T10:56:46","guid":{"rendered":"https:\/\/carpathiacenter.ro\/?p=1916"},"modified":"2025-02-20T10:56:46","modified_gmt":"2025-02-20T10:56:46","slug":"david-nu-sustin-interzicerea-totala-a-telefoanelor-in-scoala-trebuie-asigurat-un-control-riguros-in-privinta-utilizarii-acestora","status":"publish","type":"post","link":"https:\/\/carpathiacenter.ro\/en\/david-nu-sustin-interzicerea-totala-a-telefoanelor-in-scoala-trebuie-asigurat-un-control-riguros-in-privinta-utilizarii-acestora\/","title":{"rendered":"David: Nu sus\u021bin interzicerea total\u0103 a telefoanelor \u00een \u0219coal\u0103; trebuie asigurat un control &#8216;riguros&#8217; \u00een privin\u021ba utiliz\u0103rii acestora"},"content":{"rendered":"<p>Ministrul Educa\u021biei \u0219i Cercet\u0103rii, Daniel David, a afirmat, joi, c\u0103 nu sus\u021bine interzicerea total\u0103 a telefoanelor mobile \u00een \u0219coal\u0103, \u00eens\u0103, \u00een spiritul practicilor psihopedagogice \u0219i al reglement\u0103rilor legale existente, trebuie s\u0103 fie asigurat un control &#8216;riguros&#8217; \u00een privin\u021ba utiliz\u0103rii acestora \u00een s\u0103lile de curs, pentru a ajuta c\u00e2nd este cazul \u0219i pentru a evita &#8216;interferen\u021ba perturbatoare&#8217; cu actul educa\u021bional.<\/p>\n<p>&#8216;To\u021bi actorii sistemului de educa\u021bie &#8211; elevi, profesori, p\u0103rin\u021bi &#8211; trebuie s\u0103 cunoasc\u0103 aceste reglement\u0103ri \u0219i s\u0103 le implementeze riguros \u0219i curajos, inclusiv pe linia sanc\u021biunilor existente. \u00cen cazul specific al telefoanelor mobile, a\u0219a cum am mai declarat, nu sus\u021bin interzicerea total\u0103 a acestora \u00een \u0219coal\u0103, \u00eens\u0103, \u00een spiritul practicilor psihopedagogice \u0219i al reglement\u0103rilor legale existente, trebuie s\u0103 asigur\u0103m un control riguros \u00een privin\u021ba utiliz\u0103rii acestora \u00een s\u0103lile de curs, pentru a ajuta c\u00e2nd este cazul \u0219i mai ales pentru a evita interferen\u021ba perturbatoare cu actul educa\u021bional&#8217;, a declarat ministrul Daniel David, citat \u00eentr-un comunicat remis AGERPRES.<\/p>\n<p>Ministerul Educa\u021biei \u0219i Cercet\u0103rii solicit\u0103 tuturor inspectorilor \u0219i directorilor de unit\u0103\u021bi \u0219colare examinarea regulamentelor proprii privind prevenirea, controlul \u0219i sanc\u021biunile impuse \u00een astfel de situa\u021bii, inclusiv evaluarea modalit\u0103\u021bii de implementare a acestora.<\/p>\n<p>&#8216;Obiectivul este protejarea contextului educa\u021bional \u0219i a intereselor educa\u021bionale ale elevului, implicit ale statutului cadrului didactic&#8217;, a transmis MEC.<\/p>\n<p>Reprezentan\u021bii ministerului reamintesc c\u0103, \u00een cazul concret al telefoanelor mobile, exist\u0103 &#8211; prin lege \u0219i prin alte norme legale subsecvente &#8211; reglement\u0103ri privind interdic\u021bia utiliz\u0103rii acestora pe durata orelor de curs, cu excep\u021bia situa\u021biilor \u00een care sunt folosite cu acordul cadrului didactic \u00een scop educa\u021bional. AGERPRES\/(AS &#8211; redactor: Roberto Stan, editor: Claudia St\u0103nescu, editor online: Adrian D\u0103d\u00e2rlat)<br \/>\n<br \/>\nSursa articolului: <a href=\"https:\/\/agerpres.ro\/educatie-stiinta\/2025\/02\/20\/david-nu-sustin-interzicerea-totala-a-telefoanelor-in-scoala-trebuie-asigurat-un-control-riguros-in---1424124\" target=\"_blank\"> https:\/\/agerpres.ro\/educatie-stiinta\/2025\/02\/20\/david-nu-sustin-interzicerea-totala-a-telefoanelor-in-scoala-trebuie-asigurat-un-control-riguros-in&#8212;1424124 <\/a><\/p>","protected":false},"excerpt":{"rendered":"<p>Ministrul Educa\u021biei \u0219i Cercet\u0103rii, Daniel David, a afirmat, joi, c\u0103 nu sus\u021bine interzicerea total\u0103 a telefoanelor mobile \u00een \u0219coal\u0103, \u00eens\u0103, \u00een spiritul practicilor psihopedagogice \u0219i al reglement\u0103rilor legale existente, trebuie s\u0103 fie asigurat un control &#8216;riguros&#8217; \u00een privin\u021ba utiliz\u0103rii acestora \u00een s\u0103lile de curs, pentru a ajuta c\u00e2nd este cazul \u0219i pentru a evita &#8216;interferen\u021ba&#8230;<\/p>","protected":false},"author":4,"featured_media":1917,"comment_status":"open","ping_status":"open","sticky":false,"template":"","format":"standard","meta":{"footnotes":""},"categories":[1],"tags":[],"class_list":["post-1916","post","type-post","status-publish","format-standard","has-post-thumbnail","hentry","category-uncategorized"],"yoast_head":"<!-- This site is optimized with the Yoast SEO plugin v26.1.1 - https:\/\/yoast.com\/wordpress\/plugins\/seo\/ -->\n<title>David: Nu sus\u021bin interzicerea total\u0103 a telefoanelor \u00een \u0219coal\u0103; trebuie asigurat un control &#039;riguros&#039; \u00een privin\u021ba utiliz\u0103rii acestora - Carpathia Center Romania<\/title>\n<meta name=\"robots\" content=\"index, follow, max-snippet:-1, max-image-preview:large, max-video-preview:-1\" \/>\n<link rel=\"canonical\" href=\"https:\/\/carpathiacenter.ro\/en\/david-nu-sustin-interzicerea-totala-a-telefoanelor-in-scoala-trebuie-asigurat-un-control-riguros-in-privinta-utilizarii-acestora\/\" \/>\n<meta property=\"og:locale\" content=\"en_GB\" \/>\n<meta property=\"og:type\" content=\"article\" \/>\n<meta property=\"og:title\" content=\"David: Nu sus\u021bin interzicerea total\u0103 a telefoanelor \u00een \u0219coal\u0103; trebuie asigurat un control &#039;riguros&#039; \u00een privin\u021ba utiliz\u0103rii acestora - Carpathia Center Romania\" \/>\n<meta property=\"og:description\" content=\"Ministrul Educa\u021biei \u0219i Cercet\u0103rii, Daniel David, a afirmat, joi, c\u0103 nu sus\u021bine interzicerea total\u0103 a telefoanelor mobile \u00een \u0219coal\u0103, \u00eens\u0103, \u00een spiritul practicilor psihopedagogice \u0219i al reglement\u0103rilor legale existente, trebuie s\u0103 fie asigurat un control &#8216;riguros&#8217; \u00een privin\u021ba utiliz\u0103rii acestora \u00een s\u0103lile de curs, pentru a ajuta c\u00e2nd este cazul \u0219i pentru a evita &#8216;interferen\u021ba...\" \/>\n<meta property=\"og:url\" content=\"https:\/\/carpathiacenter.ro\/en\/david-nu-sustin-interzicerea-totala-a-telefoanelor-in-scoala-trebuie-asigurat-un-control-riguros-in-privinta-utilizarii-acestora\/\" \/>\n<meta property=\"og:site_name\" content=\"Carpathia Center Romania\" \/>\n<meta property=\"article:publisher\" content=\"https:\/\/www.facebook.com\/fdpscarpathia\/\" \/>\n<meta property=\"article:published_time\" content=\"2025-02-20T10:56:46+00:00\" \/>\n<meta property=\"og:image\" content=\"https:\/\/carpathiacenter.ro\/wp-content\/uploads\/2025\/02\/Daniel-David.jpg\" \/>\n\t<meta property=\"og:image:width\" content=\"780\" \/>\n\t<meta property=\"og:image:height\" content=\"440\" \/>\n\t<meta property=\"og:image:type\" content=\"image\/jpeg\" \/>\n<meta name=\"author\" content=\"creativebitsolutions\" \/>\n<meta name=\"twitter:card\" content=\"summary_large_image\" \/>\n<meta name=\"twitter:label1\" content=\"Written by\" \/>\n\t<meta name=\"twitter:data1\" content=\"creativebitsolutions\" \/>\n\t<meta name=\"twitter:label2\" content=\"Estimated reading time\" \/>\n\t<meta name=\"twitter:data2\" content=\"2 minutes\" \/>\n<script type=\"application\/ld+json\" class=\"yoast-schema-graph\">{\"@context\":\"https:\/\/schema.org\",\"@graph\":[{\"@type\":\"Article\",\"@id\":\"https:\/\/carpathiacenter.ro\/david-nu-sustin-interzicerea-totala-a-telefoanelor-in-scoala-trebuie-asigurat-un-control-riguros-in-privinta-utilizarii-acestora\/#article\",\"isPartOf\":{\"@id\":\"https:\/\/carpathiacenter.ro\/david-nu-sustin-interzicerea-totala-a-telefoanelor-in-scoala-trebuie-asigurat-un-control-riguros-in-privinta-utilizarii-acestora\/\"},\"author\":{\"name\":\"creativebitsolutions\",\"@id\":\"https:\/\/carpathiacenter.ro\/#\/schema\/person\/03d9f58202fee8379268f34afa195006\"},\"headline\":\"David: Nu sus\u021bin interzicerea total\u0103 a telefoanelor \u00een \u0219coal\u0103; trebuie asigurat un control &#8216;riguros&#8217; \u00een privin\u021ba utiliz\u0103rii acestora\",\"datePublished\":\"2025-02-20T10:56:46+00:00\",\"mainEntityOfPage\":{\"@id\":\"https:\/\/carpathiacenter.ro\/david-nu-sustin-interzicerea-totala-a-telefoanelor-in-scoala-trebuie-asigurat-un-control-riguros-in-privinta-utilizarii-acestora\/\"},\"wordCount\":337,\"commentCount\":0,\"publisher\":{\"@id\":\"https:\/\/carpathiacenter.ro\/#organization\"},\"image\":{\"@id\":\"https:\/\/carpathiacenter.ro\/david-nu-sustin-interzicerea-totala-a-telefoanelor-in-scoala-trebuie-asigurat-un-control-riguros-in-privinta-utilizarii-acestora\/#primaryimage\"},\"thumbnailUrl\":\"https:\/\/carpathiacenter.ro\/wp-content\/uploads\/2025\/02\/Daniel-David.jpg\",\"articleSection\":[\"Uncategorized\"],\"inLanguage\":\"en-GB\",\"potentialAction\":[{\"@type\":\"CommentAction\",\"name\":\"Comment\",\"target\":[\"https:\/\/carpathiacenter.ro\/david-nu-sustin-interzicerea-totala-a-telefoanelor-in-scoala-trebuie-asigurat-un-control-riguros-in-privinta-utilizarii-acestora\/#respond\"]}]},{\"@type\":\"WebPage\",\"@id\":\"https:\/\/carpathiacenter.ro\/david-nu-sustin-interzicerea-totala-a-telefoanelor-in-scoala-trebuie-asigurat-un-control-riguros-in-privinta-utilizarii-acestora\/\",\"url\":\"https:\/\/carpathiacenter.ro\/david-nu-sustin-interzicerea-totala-a-telefoanelor-in-scoala-trebuie-asigurat-un-control-riguros-in-privinta-utilizarii-acestora\/\",\"name\":\"David: Nu sus\u021bin interzicerea total\u0103 a telefoanelor \u00een \u0219coal\u0103; trebuie asigurat un control 'riguros' \u00een privin\u021ba utiliz\u0103rii acestora - Carpathia Center Romania\",\"isPartOf\":{\"@id\":\"https:\/\/carpathiacenter.ro\/#website\"},\"primaryImageOfPage\":{\"@id\":\"https:\/\/carpathiacenter.ro\/david-nu-sustin-interzicerea-totala-a-telefoanelor-in-scoala-trebuie-asigurat-un-control-riguros-in-privinta-utilizarii-acestora\/#primaryimage\"},\"image\":{\"@id\":\"https:\/\/carpathiacenter.ro\/david-nu-sustin-interzicerea-totala-a-telefoanelor-in-scoala-trebuie-asigurat-un-control-riguros-in-privinta-utilizarii-acestora\/#primaryimage\"},\"thumbnailUrl\":\"https:\/\/carpathiacenter.ro\/wp-content\/uploads\/2025\/02\/Daniel-David.jpg\",\"datePublished\":\"2025-02-20T10:56:46+00:00\",\"breadcrumb\":{\"@id\":\"https:\/\/carpathiacenter.ro\/david-nu-sustin-interzicerea-totala-a-telefoanelor-in-scoala-trebuie-asigurat-un-control-riguros-in-privinta-utilizarii-acestora\/#breadcrumb\"},\"inLanguage\":\"en-GB\",\"potentialAction\":[{\"@type\":\"ReadAction\",\"target\":[\"https:\/\/carpathiacenter.ro\/david-nu-sustin-interzicerea-totala-a-telefoanelor-in-scoala-trebuie-asigurat-un-control-riguros-in-privinta-utilizarii-acestora\/\"]}]},{\"@type\":\"ImageObject\",\"inLanguage\":\"en-GB\",\"@id\":\"https:\/\/carpathiacenter.ro\/david-nu-sustin-interzicerea-totala-a-telefoanelor-in-scoala-trebuie-asigurat-un-control-riguros-in-privinta-utilizarii-acestora\/#primaryimage\",\"url\":\"https:\/\/carpathiacenter.ro\/wp-content\/uploads\/2025\/02\/Daniel-David.jpg\",\"contentUrl\":\"https:\/\/carpathiacenter.ro\/wp-content\/uploads\/2025\/02\/Daniel-David.jpg\",\"width\":780,\"height\":440},{\"@type\":\"BreadcrumbList\",\"@id\":\"https:\/\/carpathiacenter.ro\/david-nu-sustin-interzicerea-totala-a-telefoanelor-in-scoala-trebuie-asigurat-un-control-riguros-in-privinta-utilizarii-acestora\/#breadcrumb\",\"itemListElement\":[{\"@type\":\"ListItem\",\"position\":1,\"name\":\"Prima pagin\u0103\",\"item\":\"https:\/\/carpathiacenter.ro\/\"},{\"@type\":\"ListItem\",\"position\":2,\"name\":\"David: Nu sus\u021bin interzicerea total\u0103 a telefoanelor \u00een \u0219coal\u0103; trebuie asigurat un control &#8216;riguros&#8217; \u00een privin\u021ba utiliz\u0103rii acestora\"}]},{\"@type\":\"WebSite\",\"@id\":\"https:\/\/carpathiacenter.ro\/#website\",\"url\":\"https:\/\/carpathiacenter.ro\/\",\"name\":\"Carpathia Center Romania\",\"description\":\"Impossible made possible!\",\"publisher\":{\"@id\":\"https:\/\/carpathiacenter.ro\/#organization\"},\"potentialAction\":[{\"@type\":\"SearchAction\",\"target\":{\"@type\":\"EntryPoint\",\"urlTemplate\":\"https:\/\/carpathiacenter.ro\/?s={search_term_string}\"},\"query-input\":{\"@type\":\"PropertyValueSpecification\",\"valueRequired\":true,\"valueName\":\"search_term_string\"}}],\"inLanguage\":\"en-GB\"},{\"@type\":\"Organization\",\"@id\":\"https:\/\/carpathiacenter.ro\/#organization\",\"name\":\"Carpathia Center Romania\",\"url\":\"https:\/\/carpathiacenter.ro\/\",\"logo\":{\"@type\":\"ImageObject\",\"inLanguage\":\"en-GB\",\"@id\":\"https:\/\/carpathiacenter.ro\/#\/schema\/logo\/image\/\",\"url\":\"https:\/\/carpathiacenter.ro\/wp-content\/uploads\/2024\/07\/logo-carpathia_bg_white-1024x941.png\",\"contentUrl\":\"https:\/\/carpathiacenter.ro\/wp-content\/uploads\/2024\/07\/logo-carpathia_bg_white-1024x941.png\",\"width\":1024,\"height\":941,\"caption\":\"Carpathia Center Romania\"},\"image\":{\"@id\":\"https:\/\/carpathiacenter.ro\/#\/schema\/logo\/image\/\"},\"sameAs\":[\"https:\/\/www.facebook.com\/fdpscarpathia\/\"]},{\"@type\":\"Person\",\"@id\":\"https:\/\/carpathiacenter.ro\/#\/schema\/person\/03d9f58202fee8379268f34afa195006\",\"name\":\"creativebitsolutions\",\"image\":{\"@type\":\"ImageObject\",\"inLanguage\":\"en-GB\",\"@id\":\"https:\/\/carpathiacenter.ro\/#\/schema\/person\/image\/\",\"url\":\"https:\/\/secure.gravatar.com\/avatar\/1b1a13e37f847c635dab78348f1dff2f07651ee2a3d77a5c355a4b8c75f9165a?s=96&d=mm&r=g\",\"contentUrl\":\"https:\/\/secure.gravatar.com\/avatar\/1b1a13e37f847c635dab78348f1dff2f07651ee2a3d77a5c355a4b8c75f9165a?s=96&d=mm&r=g\",\"caption\":\"creativebitsolutions\"},\"url\":\"https:\/\/carpathiacenter.ro\/en\/author\/creativebitsolutions\/\"}]}<\/script>\n<!-- \/ Yoast SEO plugin. -->","yoast_head_json":{"title":"David: Nu sus\u021bin interzicerea total\u0103 a telefoanelor \u00een \u0219coal\u0103; trebuie asigurat un control 'riguros' \u00een privin\u021ba utiliz\u0103rii acestora - Carpathia Center Romania","robots":{"index":"index","follow":"follow","max-snippet":"max-snippet:-1","max-image-preview":"max-image-preview:large","max-video-preview":"max-video-preview:-1"},"canonical":"https:\/\/carpathiacenter.ro\/en\/david-nu-sustin-interzicerea-totala-a-telefoanelor-in-scoala-trebuie-asigurat-un-control-riguros-in-privinta-utilizarii-acestora\/","og_locale":"en_GB","og_type":"article","og_title":"David: Nu sus\u021bin interzicerea total\u0103 a telefoanelor \u00een \u0219coal\u0103; trebuie asigurat un control 'riguros' \u00een privin\u021ba utiliz\u0103rii acestora - Carpathia Center Romania","og_description":"Ministrul Educa\u021biei \u0219i Cercet\u0103rii, Daniel David, a afirmat, joi, c\u0103 nu sus\u021bine interzicerea total\u0103 a telefoanelor mobile \u00een \u0219coal\u0103, \u00eens\u0103, \u00een spiritul practicilor psihopedagogice \u0219i al reglement\u0103rilor legale existente, trebuie s\u0103 fie asigurat un control &#8216;riguros&#8217; \u00een privin\u021ba utiliz\u0103rii acestora \u00een s\u0103lile de curs, pentru a ajuta c\u00e2nd este cazul \u0219i pentru a evita &#8216;interferen\u021ba...","og_url":"https:\/\/carpathiacenter.ro\/en\/david-nu-sustin-interzicerea-totala-a-telefoanelor-in-scoala-trebuie-asigurat-un-control-riguros-in-privinta-utilizarii-acestora\/","og_site_name":"Carpathia Center Romania","article_publisher":"https:\/\/www.facebook.com\/fdpscarpathia\/","article_published_time":"2025-02-20T10:56:46+00:00","og_image":[{"width":780,"height":440,"url":"https:\/\/carpathiacenter.ro\/wp-content\/uploads\/2025\/02\/Daniel-David.jpg","type":"image\/jpeg"}],"author":"creativebitsolutions","twitter_card":"summary_large_image","twitter_misc":{"Written by":"creativebitsolutions","Estimated reading time":"2 minutes"},"schema":{"@context":"https:\/\/schema.org","@graph":[{"@type":"Article","@id":"https:\/\/carpathiacenter.ro\/david-nu-sustin-interzicerea-totala-a-telefoanelor-in-scoala-trebuie-asigurat-un-control-riguros-in-privinta-utilizarii-acestora\/#article","isPartOf":{"@id":"https:\/\/carpathiacenter.ro\/david-nu-sustin-interzicerea-totala-a-telefoanelor-in-scoala-trebuie-asigurat-un-control-riguros-in-privinta-utilizarii-acestora\/"},"author":{"name":"creativebitsolutions","@id":"https:\/\/carpathiacenter.ro\/#\/schema\/person\/03d9f58202fee8379268f34afa195006"},"headline":"David: Nu sus\u021bin interzicerea total\u0103 a telefoanelor \u00een \u0219coal\u0103; trebuie asigurat un control &#8216;riguros&#8217; \u00een privin\u021ba utiliz\u0103rii acestora","datePublished":"2025-02-20T10:56:46+00:00","mainEntityOfPage":{"@id":"https:\/\/carpathiacenter.ro\/david-nu-sustin-interzicerea-totala-a-telefoanelor-in-scoala-trebuie-asigurat-un-control-riguros-in-privinta-utilizarii-acestora\/"},"wordCount":337,"commentCount":0,"publisher":{"@id":"https:\/\/carpathiacenter.ro\/#organization"},"image":{"@id":"https:\/\/carpathiacenter.ro\/david-nu-sustin-interzicerea-totala-a-telefoanelor-in-scoala-trebuie-asigurat-un-control-riguros-in-privinta-utilizarii-acestora\/#primaryimage"},"thumbnailUrl":"https:\/\/carpathiacenter.ro\/wp-content\/uploads\/2025\/02\/Daniel-David.jpg","articleSection":["Uncategorized"],"inLanguage":"en-GB","potentialAction":[{"@type":"CommentAction","name":"Comment","target":["https:\/\/carpathiacenter.ro\/david-nu-sustin-interzicerea-totala-a-telefoanelor-in-scoala-trebuie-asigurat-un-control-riguros-in-privinta-utilizarii-acestora\/#respond"]}]},{"@type":"WebPage","@id":"https:\/\/carpathiacenter.ro\/david-nu-sustin-interzicerea-totala-a-telefoanelor-in-scoala-trebuie-asigurat-un-control-riguros-in-privinta-utilizarii-acestora\/","url":"https:\/\/carpathiacenter.ro\/david-nu-sustin-interzicerea-totala-a-telefoanelor-in-scoala-trebuie-asigurat-un-control-riguros-in-privinta-utilizarii-acestora\/","name":"David: Nu sus\u021bin interzicerea total\u0103 a telefoanelor \u00een \u0219coal\u0103; trebuie asigurat un control 'riguros' \u00een privin\u021ba utiliz\u0103rii acestora - Carpathia Center Romania","isPartOf":{"@id":"https:\/\/carpathiacenter.ro\/#website"},"primaryImageOfPage":{"@id":"https:\/\/carpathiacenter.ro\/david-nu-sustin-interzicerea-totala-a-telefoanelor-in-scoala-trebuie-asigurat-un-control-riguros-in-privinta-utilizarii-acestora\/#primaryimage"},"image":{"@id":"https:\/\/carpathiacenter.ro\/david-nu-sustin-interzicerea-totala-a-telefoanelor-in-scoala-trebuie-asigurat-un-control-riguros-in-privinta-utilizarii-acestora\/#primaryimage"},"thumbnailUrl":"https:\/\/carpathiacenter.ro\/wp-content\/uploads\/2025\/02\/Daniel-David.jpg","datePublished":"2025-02-20T10:56:46+00:00","breadcrumb":{"@id":"https:\/\/carpathiacenter.ro\/david-nu-sustin-interzicerea-totala-a-telefoanelor-in-scoala-trebuie-asigurat-un-control-riguros-in-privinta-utilizarii-acestora\/#breadcrumb"},"inLanguage":"en-GB","potentialAction":[{"@type":"ReadAction","target":["https:\/\/carpathiacenter.ro\/david-nu-sustin-interzicerea-totala-a-telefoanelor-in-scoala-trebuie-asigurat-un-control-riguros-in-privinta-utilizarii-acestora\/"]}]},{"@type":"ImageObject","inLanguage":"en-GB","@id":"https:\/\/carpathiacenter.ro\/david-nu-sustin-interzicerea-totala-a-telefoanelor-in-scoala-trebuie-asigurat-un-control-riguros-in-privinta-utilizarii-acestora\/#primaryimage","url":"https:\/\/carpathiacenter.ro\/wp-content\/uploads\/2025\/02\/Daniel-David.jpg","contentUrl":"https:\/\/carpathiacenter.ro\/wp-content\/uploads\/2025\/02\/Daniel-David.jpg","width":780,"height":440},{"@type":"BreadcrumbList","@id":"https:\/\/carpathiacenter.ro\/david-nu-sustin-interzicerea-totala-a-telefoanelor-in-scoala-trebuie-asigurat-un-control-riguros-in-privinta-utilizarii-acestora\/#breadcrumb","itemListElement":[{"@type":"ListItem","position":1,"name":"Prima pagin\u0103","item":"https:\/\/carpathiacenter.ro\/"},{"@type":"ListItem","position":2,"name":"David: Nu sus\u021bin interzicerea total\u0103 a telefoanelor \u00een \u0219coal\u0103; trebuie asigurat un control &#8216;riguros&#8217; \u00een privin\u021ba utiliz\u0103rii acestora"}]},{"@type":"WebSite","@id":"https:\/\/carpathiacenter.ro\/#website","url":"https:\/\/carpathiacenter.ro\/","name":"Carpathia Center Romania","description":"Impossible made possible!","publisher":{"@id":"https:\/\/carpathiacenter.ro\/#organization"},"potentialAction":[{"@type":"SearchAction","target":{"@type":"EntryPoint","urlTemplate":"https:\/\/carpathiacenter.ro\/?s={search_term_string}"},"query-input":{"@type":"PropertyValueSpecification","valueRequired":true,"valueName":"search_term_string"}}],"inLanguage":"en-GB"},{"@type":"Organization","@id":"https:\/\/carpathiacenter.ro\/#organization","name":"Carpathia Center Romania","url":"https:\/\/carpathiacenter.ro\/","logo":{"@type":"ImageObject","inLanguage":"en-GB","@id":"https:\/\/carpathiacenter.ro\/#\/schema\/logo\/image\/","url":"https:\/\/carpathiacenter.ro\/wp-content\/uploads\/2024\/07\/logo-carpathia_bg_white-1024x941.png","contentUrl":"https:\/\/carpathiacenter.ro\/wp-content\/uploads\/2024\/07\/logo-carpathia_bg_white-1024x941.png","width":1024,"height":941,"caption":"Carpathia Center Romania"},"image":{"@id":"https:\/\/carpathiacenter.ro\/#\/schema\/logo\/image\/"},"sameAs":["https:\/\/www.facebook.com\/fdpscarpathia\/"]},{"@type":"Person","@id":"https:\/\/carpathiacenter.ro\/#\/schema\/person\/03d9f58202fee8379268f34afa195006","name":"creativebitsolutions","image":{"@type":"ImageObject","inLanguage":"en-GB","@id":"https:\/\/carpathiacenter.ro\/#\/schema\/person\/image\/","url":"https:\/\/secure.gravatar.com\/avatar\/1b1a13e37f847c635dab78348f1dff2f07651ee2a3d77a5c355a4b8c75f9165a?s=96&d=mm&r=g","contentUrl":"https:\/\/secure.gravatar.com\/avatar\/1b1a13e37f847c635dab78348f1dff2f07651ee2a3d77a5c355a4b8c75f9165a?s=96&d=mm&r=g","caption":"creativebitsolutions"},"url":"https:\/\/carpathiacenter.ro\/en\/author\/creativebitsolutions\/"}]}},"_links":{"self":[{"href":"https:\/\/carpathiacenter.ro\/en\/wp-json\/wp\/v2\/posts\/1916","targetHints":{"allow":["GET"]}}],"collection":[{"href":"https:\/\/carpathiacenter.ro\/en\/wp-json\/wp\/v2\/posts"}],"about":[{"href":"https:\/\/carpathiacenter.ro\/en\/wp-json\/wp\/v2\/types\/post"}],"author":[{"embeddable":true,"href":"https:\/\/carpathiacenter.ro\/en\/wp-json\/wp\/v2\/users\/4"}],"replies":[{"embeddable":true,"href":"https:\/\/carpathiacenter.ro\/en\/wp-json\/wp\/v2\/comments?post=1916"}],"version-history":[{"count":1,"href":"https:\/\/carpathiacenter.ro\/en\/wp-json\/wp\/v2\/posts\/1916\/revisions"}],"predecessor-version":[{"id":1918,"href":"https:\/\/carpathiacenter.ro\/en\/wp-json\/wp\/v2\/posts\/1916\/revisions\/1918"}],"wp:featuredmedia":[{"embeddable":true,"href":"https:\/\/carpathiacenter.ro\/en\/wp-json\/wp\/v2\/media\/1917"}],"wp:attachment":[{"href":"https:\/\/carpathiacenter.ro\/en\/wp-json\/wp\/v2\/media?parent=1916"}],"wp:term":[{"taxonomy":"category","embeddable":true,"href":"https:\/\/carpathiacenter.ro\/en\/wp-json\/wp\/v2\/categories?post=1916"},{"taxonomy":"post_tag","embeddable":true,"href":"https:\/\/carpathiacenter.ro\/en\/wp-json\/wp\/v2\/tags?post=1916"}],"curies":[{"name":"wp","href":"https:\/\/api.w.org\/{rel}","templated":true}]}}