{"id":1885,"date":"2025-02-14T08:56:35","date_gmt":"2025-02-14T08:56:35","guid":{"rendered":"https:\/\/carpathiacenter.ro\/?p=1885"},"modified":"2025-02-14T08:56:35","modified_gmt":"2025-02-14T08:56:35","slug":"conferinta-de-securitate-de-la-munchen-ministrul-roman-de-externe-intrevedere-cu-richard-grenell","status":"publish","type":"post","link":"https:\/\/carpathiacenter.ro\/en\/conferinta-de-securitate-de-la-munchen-ministrul-roman-de-externe-intrevedere-cu-richard-grenell\/","title":{"rendered":"Conferin\u021ba de Securitate de la Munchen\/ Ministrul rom\u00e2n de Externe &#8211; \u00eentrevedere cu Richard Grenell"},"content":{"rendered":"<div class=\"mx-auto pt-3\">\n<p><strong>Ministrul Afacerilor Externe, Emil Hurezeanu, a discutat joi cu ambasadorul Richard Grenell, trimisul special al pre\u0219edintelui american Donald Trump, \u00een contextul Conferin\u021bei de Securitate de la Munchen.<\/strong><\/p>\n<p>Potrivit unei post\u0103ri pe pagina de X a Ministerului rom\u00e2n al Afacerilor Externe, &#8216;discu\u021bia dintre doi colegi ambasadori la Berlin a acoperit subiecte actuale de interes comun pentru Rom\u00e2nia \u0219i Statele Unite ale Americii&#8217;.<\/p>\n<\/p>\n<div class=\"twitter-tweet twitter-tweet-rendered\" style=\"display: flex; max-width: 550px; width: 100%; margin-top: 10px; margin-bottom: 10px;\"><iframe id=\"twitter-widget-0\" scrolling=\"no\" frameborder=\"0\" allowtransparency=\"true\" allowfullscreen=\"true\" class=\"\" title=\"X Post\" src=\"https:\/\/platform.twitter.com\/embed\/Tweet.html?dnt=false&amp;embedId=twitter-widget-0&amp;features=eyJ0ZndfdGltZWxpbmVfbGlzdCI6eyJidWNrZXQiOltdLCJ2ZXJzaW9uIjpudWxsfSwidGZ3X2ZvbGxvd2VyX2NvdW50X3N1bnNldCI6eyJidWNrZXQiOnRydWUsInZlcnNpb24iOm51bGx9LCJ0ZndfdHdlZXRfZWRpdF9iYWNrZW5kIjp7ImJ1Y2tldCI6Im9uIiwidmVyc2lvbiI6bnVsbH0sInRmd19yZWZzcmNfc2Vzc2lvbiI6eyJidWNrZXQiOiJvbiIsInZlcnNpb24iOm51bGx9LCJ0ZndfZm9zbnJfc29mdF9pbnRlcnZlbnRpb25zX2VuYWJsZWQiOnsiYnVja2V0Ijoib24iLCJ2ZXJzaW9uIjpudWxsfSwidGZ3X21peGVkX21lZGlhXzE1ODk3Ijp7ImJ1Y2tldCI6InRyZWF0bWVudCIsInZlcnNpb24iOm51bGx9LCJ0ZndfZXhwZXJpbWVudHNfY29va2llX2V4cGlyYXRpb24iOnsiYnVja2V0IjoxMjA5NjAwLCJ2ZXJzaW9uIjpudWxsfSwidGZ3X3Nob3dfYmlyZHdhdGNoX3Bpdm90c19lbmFibGVkIjp7ImJ1Y2tldCI6Im9uIiwidmVyc2lvbiI6bnVsbH0sInRmd19kdXBsaWNhdGVfc2NyaWJlc190b19zZXR0aW5ncyI6eyJidWNrZXQiOiJvbiIsInZlcnNpb24iOm51bGx9LCJ0ZndfdXNlX3Byb2ZpbGVfaW1hZ2Vfc2hhcGVfZW5hYmxlZCI6eyJidWNrZXQiOiJvbiIsInZlcnNpb24iOm51bGx9LCJ0ZndfdmlkZW9faGxzX2R5bmFtaWNfbWFuaWZlc3RzXzE1MDgyIjp7ImJ1Y2tldCI6InRydWVfYml0cmF0ZSIsInZlcnNpb24iOm51bGx9LCJ0ZndfbGVnYWN5X3RpbWVsaW5lX3N1bnNldCI6eyJidWNrZXQiOnRydWUsInZlcnNpb24iOm51bGx9LCJ0ZndfdHdlZXRfZWRpdF9mcm9udGVuZCI6eyJidWNrZXQiOiJvbiIsInZlcnNpb24iOm51bGx9fQ%3D%3D&amp;frame=false&amp;hideCard=false&amp;hideThread=false&amp;id=1890135831702319321&amp;lang=en&amp;origin=https%3A%2F%2Fagerpres.ro%2Fpolitic%2F2025%2F02%2F13%2Fconferinta-de-securitate-de-la-munchen-ministrul-roman-de-externe---intrevedere-cu-richard-grenell--1422341&amp;sessionId=328b6533758d9708b2b3353d41b39d47116eb152&amp;theme=light&amp;widgetsVersion=2615f7e52b7e0%3A1702314776716&amp;width=550px\" style=\"position: static; visibility: visible; width: 550px; height: 346px; display: block; flex-grow: 1;\" data-tweet-id=\"1890135831702319321\"><\/iframe><\/div>\n<p> <script async=\"\" src=\"https:\/\/platform.twitter.com\/widgets.js\" charset=\"utf-8\"><\/script><\/p>\n<p><strong>\u0218eful diploma\u021biei rom\u00e2ne va participa, de vineri p\u00e2n\u0103 duminic\u0103, la cea de a 61-a edi\u021bie a Conferin\u021bei interna\u021bionale de securitate de la Munchen (Munich Security Conference\/MSC 2025), \u00een cadrul c\u0103reia vor fi abordate amenin\u021b\u0103rile de securitate actuale \u0219i provoc\u0103rile din domeniile politic, economic, comercial \u0219i tehnologic.<\/strong><\/p>\n<p>&#8216;\u00centre temele majore ale conferin\u021bei se num\u0103r\u0103 amenin\u021b\u0103rile la adresa securit\u0103\u021bii interna\u021bionale generate de r\u0103zboiul de agresiune al Rusiei \u00eempotriva Ucrainei, cooperarea transatlantic\u0103, ap\u0103rarea european\u0103, guvernan\u021ba global\u0103, crize \u0219i conflicte \u00een derulare \u00een plan global. \u00cen sesiunile tematice ale conferin\u021bei, ministrul Emil Hurezeanu va prezenta evalu\u0103rile Rom\u00e2niei privind provoc\u0103rile actuale, cu accent pe deteriorarea situa\u021biei de securitate din regiunea M\u0103rii Negre \u0219i implica\u021biile r\u0103zboiului de agresiune al Rusiei \u00eempotriva Ucrainei pentru securitatea spa\u021biului euroatlantic. Ministrul rom\u00e2n de Externe se va referi la necesitatea unei p\u0103ci juste, cuprinz\u0103toare \u0219i sustenabile \u00een Ucraina. Totodat\u0103, va sublinia pericolul ac\u021biunilor hibride ale Federa\u021biei Ruse \u0219i importan\u021ba contracar\u0103rii acestor ac\u021biuni&#8217;, a precizat joi MAE.<\/p>\n<p>Conform sursei citate, \u00een marja Conferin\u021bei, ministrul Afacerilor Externe va avea \u00eent\u00e2lniri bilaterale cu omologi \u0219i personalit\u0103\u021bi politice din Europa, America de Nord, Asia-Pacific, Orientul Mijlociu \u0219i Nordul Africii \u0219i va participa la o serie de evenimente tematice asociate MSC 2025. AGERPRES\/(AS &#8211; redactor: Andreea Rotaru, editor: Georgiana T\u0103n\u0103sescu, editor online: Alexandru Cojocaru)<\/p>\n<p>\n<a href=\"https:\/\/agerpres.ro\/politic\/2025\/02\/13\/conferinta-de-securitate-de-la-munchen-ministrul-roman-de-externe---intrevedere-cu-richard-grenell--1422341\" target=\"_blank\">Sursa Articolului<\/a>\n<\/p>\n<\/p><\/div>","protected":false},"excerpt":{"rendered":"<p>Ministrul Afacerilor Externe, Emil Hurezeanu, a discutat joi cu ambasadorul Richard Grenell, trimisul special al pre\u0219edintelui american Donald Trump, \u00een contextul Conferin\u021bei de Securitate de la Munchen. Potrivit unei post\u0103ri pe pagina de X a Ministerului rom\u00e2n al Afacerilor Externe, &#8216;discu\u021bia dintre doi colegi ambasadori la Berlin a acoperit subiecte actuale de interes comun pentru&#8230;<\/p>","protected":false},"author":4,"featured_media":1886,"comment_status":"open","ping_status":"open","sticky":false,"template":"","format":"standard","meta":{"footnotes":""},"categories":[1],"tags":[],"class_list":["post-1885","post","type-post","status-publish","format-standard","has-post-thumbnail","hentry","category-uncategorized"],"yoast_head":"<!-- This site is optimized with the Yoast SEO plugin v26.1.1 - https:\/\/yoast.com\/wordpress\/plugins\/seo\/ -->\n<title>Conferin\u021ba de Securitate de la Munchen\/ Ministrul rom\u00e2n de Externe - \u00eentrevedere cu Richard Grenell - Carpathia Center Romania<\/title>\n<meta name=\"robots\" content=\"index, follow, max-snippet:-1, max-image-preview:large, max-video-preview:-1\" \/>\n<link rel=\"canonical\" href=\"https:\/\/carpathiacenter.ro\/en\/conferinta-de-securitate-de-la-munchen-ministrul-roman-de-externe-intrevedere-cu-richard-grenell\/\" \/>\n<meta property=\"og:locale\" content=\"en_GB\" \/>\n<meta property=\"og:type\" content=\"article\" \/>\n<meta property=\"og:title\" content=\"Conferin\u021ba de Securitate de la Munchen\/ Ministrul rom\u00e2n de Externe - \u00eentrevedere cu Richard Grenell - Carpathia Center Romania\" \/>\n<meta property=\"og:description\" content=\"Ministrul Afacerilor Externe, Emil Hurezeanu, a discutat joi cu ambasadorul Richard Grenell, trimisul special al pre\u0219edintelui american Donald Trump, \u00een contextul Conferin\u021bei de Securitate de la Munchen. Potrivit unei post\u0103ri pe pagina de X a Ministerului rom\u00e2n al Afacerilor Externe, &#8216;discu\u021bia dintre doi colegi ambasadori la Berlin a acoperit subiecte actuale de interes comun pentru...\" \/>\n<meta property=\"og:url\" content=\"https:\/\/carpathiacenter.ro\/en\/conferinta-de-securitate-de-la-munchen-ministrul-roman-de-externe-intrevedere-cu-richard-grenell\/\" \/>\n<meta property=\"og:site_name\" content=\"Carpathia Center Romania\" \/>\n<meta property=\"article:publisher\" content=\"https:\/\/www.facebook.com\/fdpscarpathia\/\" \/>\n<meta property=\"article:published_time\" content=\"2025-02-14T08:56:35+00:00\" \/>\n<meta property=\"og:image\" content=\"https:\/\/carpathiacenter.ro\/wp-content\/uploads\/2025\/02\/Emil-Hurezeanu.jpg\" \/>\n\t<meta property=\"og:image:width\" content=\"1200\" \/>\n\t<meta property=\"og:image:height\" content=\"800\" \/>\n\t<meta property=\"og:image:type\" content=\"image\/jpeg\" \/>\n<meta name=\"author\" content=\"creativebitsolutions\" \/>\n<meta name=\"twitter:card\" content=\"summary_large_image\" \/>\n<meta name=\"twitter:label1\" content=\"Written by\" \/>\n\t<meta name=\"twitter:data1\" content=\"creativebitsolutions\" \/>\n\t<meta name=\"twitter:label2\" content=\"Estimated reading time\" \/>\n\t<meta name=\"twitter:data2\" content=\"2 minutes\" \/>\n<script type=\"application\/ld+json\" class=\"yoast-schema-graph\">{\"@context\":\"https:\/\/schema.org\",\"@graph\":[{\"@type\":\"Article\",\"@id\":\"https:\/\/carpathiacenter.ro\/conferinta-de-securitate-de-la-munchen-ministrul-roman-de-externe-intrevedere-cu-richard-grenell\/#article\",\"isPartOf\":{\"@id\":\"https:\/\/carpathiacenter.ro\/conferinta-de-securitate-de-la-munchen-ministrul-roman-de-externe-intrevedere-cu-richard-grenell\/\"},\"author\":{\"name\":\"creativebitsolutions\",\"@id\":\"https:\/\/carpathiacenter.ro\/#\/schema\/person\/03d9f58202fee8379268f34afa195006\"},\"headline\":\"Conferin\u021ba de Securitate de la Munchen\/ Ministrul rom\u00e2n de Externe &#8211; \u00eentrevedere cu Richard Grenell\",\"datePublished\":\"2025-02-14T08:56:35+00:00\",\"mainEntityOfPage\":{\"@id\":\"https:\/\/carpathiacenter.ro\/conferinta-de-securitate-de-la-munchen-ministrul-roman-de-externe-intrevedere-cu-richard-grenell\/\"},\"wordCount\":333,\"commentCount\":0,\"publisher\":{\"@id\":\"https:\/\/carpathiacenter.ro\/#organization\"},\"image\":{\"@id\":\"https:\/\/carpathiacenter.ro\/conferinta-de-securitate-de-la-munchen-ministrul-roman-de-externe-intrevedere-cu-richard-grenell\/#primaryimage\"},\"thumbnailUrl\":\"https:\/\/carpathiacenter.ro\/wp-content\/uploads\/2025\/02\/Emil-Hurezeanu.jpg\",\"articleSection\":[\"Uncategorized\"],\"inLanguage\":\"en-GB\",\"potentialAction\":[{\"@type\":\"CommentAction\",\"name\":\"Comment\",\"target\":[\"https:\/\/carpathiacenter.ro\/conferinta-de-securitate-de-la-munchen-ministrul-roman-de-externe-intrevedere-cu-richard-grenell\/#respond\"]}]},{\"@type\":\"WebPage\",\"@id\":\"https:\/\/carpathiacenter.ro\/conferinta-de-securitate-de-la-munchen-ministrul-roman-de-externe-intrevedere-cu-richard-grenell\/\",\"url\":\"https:\/\/carpathiacenter.ro\/conferinta-de-securitate-de-la-munchen-ministrul-roman-de-externe-intrevedere-cu-richard-grenell\/\",\"name\":\"Conferin\u021ba de Securitate de la Munchen\/ Ministrul rom\u00e2n de Externe - \u00eentrevedere cu Richard Grenell - Carpathia Center Romania\",\"isPartOf\":{\"@id\":\"https:\/\/carpathiacenter.ro\/#website\"},\"primaryImageOfPage\":{\"@id\":\"https:\/\/carpathiacenter.ro\/conferinta-de-securitate-de-la-munchen-ministrul-roman-de-externe-intrevedere-cu-richard-grenell\/#primaryimage\"},\"image\":{\"@id\":\"https:\/\/carpathiacenter.ro\/conferinta-de-securitate-de-la-munchen-ministrul-roman-de-externe-intrevedere-cu-richard-grenell\/#primaryimage\"},\"thumbnailUrl\":\"https:\/\/carpathiacenter.ro\/wp-content\/uploads\/2025\/02\/Emil-Hurezeanu.jpg\",\"datePublished\":\"2025-02-14T08:56:35+00:00\",\"breadcrumb\":{\"@id\":\"https:\/\/carpathiacenter.ro\/conferinta-de-securitate-de-la-munchen-ministrul-roman-de-externe-intrevedere-cu-richard-grenell\/#breadcrumb\"},\"inLanguage\":\"en-GB\",\"potentialAction\":[{\"@type\":\"ReadAction\",\"target\":[\"https:\/\/carpathiacenter.ro\/conferinta-de-securitate-de-la-munchen-ministrul-roman-de-externe-intrevedere-cu-richard-grenell\/\"]}]},{\"@type\":\"ImageObject\",\"inLanguage\":\"en-GB\",\"@id\":\"https:\/\/carpathiacenter.ro\/conferinta-de-securitate-de-la-munchen-ministrul-roman-de-externe-intrevedere-cu-richard-grenell\/#primaryimage\",\"url\":\"https:\/\/carpathiacenter.ro\/wp-content\/uploads\/2025\/02\/Emil-Hurezeanu.jpg\",\"contentUrl\":\"https:\/\/carpathiacenter.ro\/wp-content\/uploads\/2025\/02\/Emil-Hurezeanu.jpg\",\"width\":1200,\"height\":800},{\"@type\":\"BreadcrumbList\",\"@id\":\"https:\/\/carpathiacenter.ro\/conferinta-de-securitate-de-la-munchen-ministrul-roman-de-externe-intrevedere-cu-richard-grenell\/#breadcrumb\",\"itemListElement\":[{\"@type\":\"ListItem\",\"position\":1,\"name\":\"Prima pagin\u0103\",\"item\":\"https:\/\/carpathiacenter.ro\/\"},{\"@type\":\"ListItem\",\"position\":2,\"name\":\"Conferin\u021ba de Securitate de la Munchen\/ Ministrul rom\u00e2n de Externe &#8211; \u00eentrevedere cu Richard Grenell\"}]},{\"@type\":\"WebSite\",\"@id\":\"https:\/\/carpathiacenter.ro\/#website\",\"url\":\"https:\/\/carpathiacenter.ro\/\",\"name\":\"Carpathia Center Romania\",\"description\":\"Impossible made possible!\",\"publisher\":{\"@id\":\"https:\/\/carpathiacenter.ro\/#organization\"},\"potentialAction\":[{\"@type\":\"SearchAction\",\"target\":{\"@type\":\"EntryPoint\",\"urlTemplate\":\"https:\/\/carpathiacenter.ro\/?s={search_term_string}\"},\"query-input\":{\"@type\":\"PropertyValueSpecification\",\"valueRequired\":true,\"valueName\":\"search_term_string\"}}],\"inLanguage\":\"en-GB\"},{\"@type\":\"Organization\",\"@id\":\"https:\/\/carpathiacenter.ro\/#organization\",\"name\":\"Carpathia Center Romania\",\"url\":\"https:\/\/carpathiacenter.ro\/\",\"logo\":{\"@type\":\"ImageObject\",\"inLanguage\":\"en-GB\",\"@id\":\"https:\/\/carpathiacenter.ro\/#\/schema\/logo\/image\/\",\"url\":\"https:\/\/carpathiacenter.ro\/wp-content\/uploads\/2024\/07\/logo-carpathia_bg_white-1024x941.png\",\"contentUrl\":\"https:\/\/carpathiacenter.ro\/wp-content\/uploads\/2024\/07\/logo-carpathia_bg_white-1024x941.png\",\"width\":1024,\"height\":941,\"caption\":\"Carpathia Center Romania\"},\"image\":{\"@id\":\"https:\/\/carpathiacenter.ro\/#\/schema\/logo\/image\/\"},\"sameAs\":[\"https:\/\/www.facebook.com\/fdpscarpathia\/\"]},{\"@type\":\"Person\",\"@id\":\"https:\/\/carpathiacenter.ro\/#\/schema\/person\/03d9f58202fee8379268f34afa195006\",\"name\":\"creativebitsolutions\",\"image\":{\"@type\":\"ImageObject\",\"inLanguage\":\"en-GB\",\"@id\":\"https:\/\/carpathiacenter.ro\/#\/schema\/person\/image\/\",\"url\":\"https:\/\/secure.gravatar.com\/avatar\/1b1a13e37f847c635dab78348f1dff2f07651ee2a3d77a5c355a4b8c75f9165a?s=96&d=mm&r=g\",\"contentUrl\":\"https:\/\/secure.gravatar.com\/avatar\/1b1a13e37f847c635dab78348f1dff2f07651ee2a3d77a5c355a4b8c75f9165a?s=96&d=mm&r=g\",\"caption\":\"creativebitsolutions\"},\"url\":\"https:\/\/carpathiacenter.ro\/en\/author\/creativebitsolutions\/\"}]}<\/script>\n<!-- \/ Yoast SEO plugin. -->","yoast_head_json":{"title":"Conferin\u021ba de Securitate de la Munchen\/ Ministrul rom\u00e2n de Externe - \u00eentrevedere cu Richard Grenell - Carpathia Center Romania","robots":{"index":"index","follow":"follow","max-snippet":"max-snippet:-1","max-image-preview":"max-image-preview:large","max-video-preview":"max-video-preview:-1"},"canonical":"https:\/\/carpathiacenter.ro\/en\/conferinta-de-securitate-de-la-munchen-ministrul-roman-de-externe-intrevedere-cu-richard-grenell\/","og_locale":"en_GB","og_type":"article","og_title":"Conferin\u021ba de Securitate de la Munchen\/ Ministrul rom\u00e2n de Externe - \u00eentrevedere cu Richard Grenell - Carpathia Center Romania","og_description":"Ministrul Afacerilor Externe, Emil Hurezeanu, a discutat joi cu ambasadorul Richard Grenell, trimisul special al pre\u0219edintelui american Donald Trump, \u00een contextul Conferin\u021bei de Securitate de la Munchen. Potrivit unei post\u0103ri pe pagina de X a Ministerului rom\u00e2n al Afacerilor Externe, &#8216;discu\u021bia dintre doi colegi ambasadori la Berlin a acoperit subiecte actuale de interes comun pentru...","og_url":"https:\/\/carpathiacenter.ro\/en\/conferinta-de-securitate-de-la-munchen-ministrul-roman-de-externe-intrevedere-cu-richard-grenell\/","og_site_name":"Carpathia Center Romania","article_publisher":"https:\/\/www.facebook.com\/fdpscarpathia\/","article_published_time":"2025-02-14T08:56:35+00:00","og_image":[{"width":1200,"height":800,"url":"https:\/\/carpathiacenter.ro\/wp-content\/uploads\/2025\/02\/Emil-Hurezeanu.jpg","type":"image\/jpeg"}],"author":"creativebitsolutions","twitter_card":"summary_large_image","twitter_misc":{"Written by":"creativebitsolutions","Estimated reading time":"2 minutes"},"schema":{"@context":"https:\/\/schema.org","@graph":[{"@type":"Article","@id":"https:\/\/carpathiacenter.ro\/conferinta-de-securitate-de-la-munchen-ministrul-roman-de-externe-intrevedere-cu-richard-grenell\/#article","isPartOf":{"@id":"https:\/\/carpathiacenter.ro\/conferinta-de-securitate-de-la-munchen-ministrul-roman-de-externe-intrevedere-cu-richard-grenell\/"},"author":{"name":"creativebitsolutions","@id":"https:\/\/carpathiacenter.ro\/#\/schema\/person\/03d9f58202fee8379268f34afa195006"},"headline":"Conferin\u021ba de Securitate de la Munchen\/ Ministrul rom\u00e2n de Externe &#8211; \u00eentrevedere cu Richard Grenell","datePublished":"2025-02-14T08:56:35+00:00","mainEntityOfPage":{"@id":"https:\/\/carpathiacenter.ro\/conferinta-de-securitate-de-la-munchen-ministrul-roman-de-externe-intrevedere-cu-richard-grenell\/"},"wordCount":333,"commentCount":0,"publisher":{"@id":"https:\/\/carpathiacenter.ro\/#organization"},"image":{"@id":"https:\/\/carpathiacenter.ro\/conferinta-de-securitate-de-la-munchen-ministrul-roman-de-externe-intrevedere-cu-richard-grenell\/#primaryimage"},"thumbnailUrl":"https:\/\/carpathiacenter.ro\/wp-content\/uploads\/2025\/02\/Emil-Hurezeanu.jpg","articleSection":["Uncategorized"],"inLanguage":"en-GB","potentialAction":[{"@type":"CommentAction","name":"Comment","target":["https:\/\/carpathiacenter.ro\/conferinta-de-securitate-de-la-munchen-ministrul-roman-de-externe-intrevedere-cu-richard-grenell\/#respond"]}]},{"@type":"WebPage","@id":"https:\/\/carpathiacenter.ro\/conferinta-de-securitate-de-la-munchen-ministrul-roman-de-externe-intrevedere-cu-richard-grenell\/","url":"https:\/\/carpathiacenter.ro\/conferinta-de-securitate-de-la-munchen-ministrul-roman-de-externe-intrevedere-cu-richard-grenell\/","name":"Conferin\u021ba de Securitate de la Munchen\/ Ministrul rom\u00e2n de Externe - \u00eentrevedere cu Richard Grenell - Carpathia Center Romania","isPartOf":{"@id":"https:\/\/carpathiacenter.ro\/#website"},"primaryImageOfPage":{"@id":"https:\/\/carpathiacenter.ro\/conferinta-de-securitate-de-la-munchen-ministrul-roman-de-externe-intrevedere-cu-richard-grenell\/#primaryimage"},"image":{"@id":"https:\/\/carpathiacenter.ro\/conferinta-de-securitate-de-la-munchen-ministrul-roman-de-externe-intrevedere-cu-richard-grenell\/#primaryimage"},"thumbnailUrl":"https:\/\/carpathiacenter.ro\/wp-content\/uploads\/2025\/02\/Emil-Hurezeanu.jpg","datePublished":"2025-02-14T08:56:35+00:00","breadcrumb":{"@id":"https:\/\/carpathiacenter.ro\/conferinta-de-securitate-de-la-munchen-ministrul-roman-de-externe-intrevedere-cu-richard-grenell\/#breadcrumb"},"inLanguage":"en-GB","potentialAction":[{"@type":"ReadAction","target":["https:\/\/carpathiacenter.ro\/conferinta-de-securitate-de-la-munchen-ministrul-roman-de-externe-intrevedere-cu-richard-grenell\/"]}]},{"@type":"ImageObject","inLanguage":"en-GB","@id":"https:\/\/carpathiacenter.ro\/conferinta-de-securitate-de-la-munchen-ministrul-roman-de-externe-intrevedere-cu-richard-grenell\/#primaryimage","url":"https:\/\/carpathiacenter.ro\/wp-content\/uploads\/2025\/02\/Emil-Hurezeanu.jpg","contentUrl":"https:\/\/carpathiacenter.ro\/wp-content\/uploads\/2025\/02\/Emil-Hurezeanu.jpg","width":1200,"height":800},{"@type":"BreadcrumbList","@id":"https:\/\/carpathiacenter.ro\/conferinta-de-securitate-de-la-munchen-ministrul-roman-de-externe-intrevedere-cu-richard-grenell\/#breadcrumb","itemListElement":[{"@type":"ListItem","position":1,"name":"Prima pagin\u0103","item":"https:\/\/carpathiacenter.ro\/"},{"@type":"ListItem","position":2,"name":"Conferin\u021ba de Securitate de la Munchen\/ Ministrul rom\u00e2n de Externe &#8211; \u00eentrevedere cu Richard Grenell"}]},{"@type":"WebSite","@id":"https:\/\/carpathiacenter.ro\/#website","url":"https:\/\/carpathiacenter.ro\/","name":"Carpathia Center Romania","description":"Impossible made possible!","publisher":{"@id":"https:\/\/carpathiacenter.ro\/#organization"},"potentialAction":[{"@type":"SearchAction","target":{"@type":"EntryPoint","urlTemplate":"https:\/\/carpathiacenter.ro\/?s={search_term_string}"},"query-input":{"@type":"PropertyValueSpecification","valueRequired":true,"valueName":"search_term_string"}}],"inLanguage":"en-GB"},{"@type":"Organization","@id":"https:\/\/carpathiacenter.ro\/#organization","name":"Carpathia Center Romania","url":"https:\/\/carpathiacenter.ro\/","logo":{"@type":"ImageObject","inLanguage":"en-GB","@id":"https:\/\/carpathiacenter.ro\/#\/schema\/logo\/image\/","url":"https:\/\/carpathiacenter.ro\/wp-content\/uploads\/2024\/07\/logo-carpathia_bg_white-1024x941.png","contentUrl":"https:\/\/carpathiacenter.ro\/wp-content\/uploads\/2024\/07\/logo-carpathia_bg_white-1024x941.png","width":1024,"height":941,"caption":"Carpathia Center Romania"},"image":{"@id":"https:\/\/carpathiacenter.ro\/#\/schema\/logo\/image\/"},"sameAs":["https:\/\/www.facebook.com\/fdpscarpathia\/"]},{"@type":"Person","@id":"https:\/\/carpathiacenter.ro\/#\/schema\/person\/03d9f58202fee8379268f34afa195006","name":"creativebitsolutions","image":{"@type":"ImageObject","inLanguage":"en-GB","@id":"https:\/\/carpathiacenter.ro\/#\/schema\/person\/image\/","url":"https:\/\/secure.gravatar.com\/avatar\/1b1a13e37f847c635dab78348f1dff2f07651ee2a3d77a5c355a4b8c75f9165a?s=96&d=mm&r=g","contentUrl":"https:\/\/secure.gravatar.com\/avatar\/1b1a13e37f847c635dab78348f1dff2f07651ee2a3d77a5c355a4b8c75f9165a?s=96&d=mm&r=g","caption":"creativebitsolutions"},"url":"https:\/\/carpathiacenter.ro\/en\/author\/creativebitsolutions\/"}]}},"_links":{"self":[{"href":"https:\/\/carpathiacenter.ro\/en\/wp-json\/wp\/v2\/posts\/1885","targetHints":{"allow":["GET"]}}],"collection":[{"href":"https:\/\/carpathiacenter.ro\/en\/wp-json\/wp\/v2\/posts"}],"about":[{"href":"https:\/\/carpathiacenter.ro\/en\/wp-json\/wp\/v2\/types\/post"}],"author":[{"embeddable":true,"href":"https:\/\/carpathiacenter.ro\/en\/wp-json\/wp\/v2\/users\/4"}],"replies":[{"embeddable":true,"href":"https:\/\/carpathiacenter.ro\/en\/wp-json\/wp\/v2\/comments?post=1885"}],"version-history":[{"count":1,"href":"https:\/\/carpathiacenter.ro\/en\/wp-json\/wp\/v2\/posts\/1885\/revisions"}],"predecessor-version":[{"id":1887,"href":"https:\/\/carpathiacenter.ro\/en\/wp-json\/wp\/v2\/posts\/1885\/revisions\/1887"}],"wp:featuredmedia":[{"embeddable":true,"href":"https:\/\/carpathiacenter.ro\/en\/wp-json\/wp\/v2\/media\/1886"}],"wp:attachment":[{"href":"https:\/\/carpathiacenter.ro\/en\/wp-json\/wp\/v2\/media?parent=1885"}],"wp:term":[{"taxonomy":"category","embeddable":true,"href":"https:\/\/carpathiacenter.ro\/en\/wp-json\/wp\/v2\/categories?post=1885"},{"taxonomy":"post_tag","embeddable":true,"href":"https:\/\/carpathiacenter.ro\/en\/wp-json\/wp\/v2\/tags?post=1885"}],"curies":[{"name":"wp","href":"https:\/\/api.w.org\/{rel}","templated":true}]}}