{"id":1882,"date":"2025-02-14T08:52:51","date_gmt":"2025-02-14T08:52:51","guid":{"rendered":"https:\/\/carpathiacenter.ro\/?p=1882"},"modified":"2025-02-14T08:52:51","modified_gmt":"2025-02-14T08:52:51","slug":"elevii-din-bucuresti-intra-in-vacanta-dupa-terminarea-cursurilor","status":"publish","type":"post","link":"https:\/\/carpathiacenter.ro\/en\/elevii-din-bucuresti-intra-in-vacanta-dupa-terminarea-cursurilor\/","title":{"rendered":"Elevii din Bucure\u0219ti intr\u0103 \u00een vacan\u021b\u0103, dup\u0103 terminarea cursurilor"},"content":{"rendered":"<p>Elevii din Bucure\u0219ti intr\u0103 \u00een vacan\u021b\u0103, vineri, dup\u0103 terminarea cursurilor \u0219i se vor \u00eentoarce la \u0219coal\u0103 luni, 24 februarie, potrivit deciziei Inspectoratului \u0219colar al Capitalei.<\/p>\n<p>\u00cen perioada 10 februarie &#8211; 2 martie fiecare Inspectorat \u0219colar decide \u00een ce perioad\u0103 elevii din jude\u021bul respectiv sau din Bucure\u0219ti vor avea vacan\u021b\u0103 pentru o s\u0103pt\u0103m\u00e2n\u0103.<\/p>\n<p>Urm\u0103toarea vacan\u021b\u0103 este programat\u0103 \u00een perioada 18 aprilie &#8211; 27 aprilie, urm\u00e2nd ca vacan\u021ba de var\u0103 s\u0103 \u00eenceap\u0103 pe 21 iunie. Anul \u0219colar viitor va debuta pe 7 septembrie. AGERPRES\/(AS &#8211; redactor: Roberto Stan, editor: Claudia St\u0103nescu, editor online: Alexandru Cojocaru)<br \/>\n<br \/>\n<a href=\"https:\/\/agerpres.ro\/educatie-stiinta\/2025\/02\/14\/elevii-din-bucuresti-intra-in-vacanta-dupa-terminarea-cursurilor--1422368\" target=\"_blank\" > Sursa Articolului <\/a><\/p>","protected":false},"excerpt":{"rendered":"<p>Elevii din Bucure\u0219ti intr\u0103 \u00een vacan\u021b\u0103, vineri, dup\u0103 terminarea cursurilor \u0219i se vor \u00eentoarce la \u0219coal\u0103 luni, 24 februarie, potrivit deciziei Inspectoratului \u0219colar al Capitalei. \u00cen perioada 10 februarie &#8211; 2 martie fiecare Inspectorat \u0219colar decide \u00een ce perioad\u0103 elevii din jude\u021bul respectiv sau din Bucure\u0219ti vor avea vacan\u021b\u0103 pentru o s\u0103pt\u0103m\u00e2n\u0103. Urm\u0103toarea vacan\u021b\u0103 este&#8230;<\/p>","protected":false},"author":4,"featured_media":1883,"comment_status":"open","ping_status":"open","sticky":false,"template":"","format":"standard","meta":{"footnotes":""},"categories":[1],"tags":[],"class_list":["post-1882","post","type-post","status-publish","format-standard","has-post-thumbnail","hentry","category-uncategorized"],"yoast_head":"<!-- This site is optimized with the Yoast SEO plugin v26.1.1 - https:\/\/yoast.com\/wordpress\/plugins\/seo\/ -->\n<title>Elevii din Bucure\u0219ti intr\u0103 \u00een vacan\u021b\u0103, dup\u0103 terminarea cursurilor - Carpathia Center Romania<\/title>\n<meta name=\"robots\" content=\"index, follow, max-snippet:-1, max-image-preview:large, max-video-preview:-1\" \/>\n<link rel=\"canonical\" href=\"https:\/\/carpathiacenter.ro\/en\/elevii-din-bucuresti-intra-in-vacanta-dupa-terminarea-cursurilor\/\" \/>\n<meta property=\"og:locale\" content=\"en_GB\" \/>\n<meta property=\"og:type\" content=\"article\" \/>\n<meta property=\"og:title\" content=\"Elevii din Bucure\u0219ti intr\u0103 \u00een vacan\u021b\u0103, dup\u0103 terminarea cursurilor - Carpathia Center Romania\" \/>\n<meta property=\"og:description\" content=\"Elevii din Bucure\u0219ti intr\u0103 \u00een vacan\u021b\u0103, vineri, dup\u0103 terminarea cursurilor \u0219i se vor \u00eentoarce la \u0219coal\u0103 luni, 24 februarie, potrivit deciziei Inspectoratului \u0219colar al Capitalei. \u00cen perioada 10 februarie &#8211; 2 martie fiecare Inspectorat \u0219colar decide \u00een ce perioad\u0103 elevii din jude\u021bul respectiv sau din Bucure\u0219ti vor avea vacan\u021b\u0103 pentru o s\u0103pt\u0103m\u00e2n\u0103. Urm\u0103toarea vacan\u021b\u0103 este...\" \/>\n<meta property=\"og:url\" content=\"https:\/\/carpathiacenter.ro\/en\/elevii-din-bucuresti-intra-in-vacanta-dupa-terminarea-cursurilor\/\" \/>\n<meta property=\"og:site_name\" content=\"Carpathia Center Romania\" \/>\n<meta property=\"article:publisher\" content=\"https:\/\/www.facebook.com\/fdpscarpathia\/\" \/>\n<meta property=\"article:published_time\" content=\"2025-02-14T08:52:51+00:00\" \/>\n<meta property=\"og:image\" content=\"https:\/\/carpathiacenter.ro\/wp-content\/uploads\/2025\/02\/sala-de-clasa.jpg\" \/>\n\t<meta property=\"og:image:width\" content=\"680\" \/>\n\t<meta property=\"og:image:height\" content=\"510\" \/>\n\t<meta property=\"og:image:type\" content=\"image\/jpeg\" \/>\n<meta name=\"author\" content=\"creativebitsolutions\" \/>\n<meta name=\"twitter:card\" content=\"summary_large_image\" \/>\n<meta name=\"twitter:label1\" content=\"Written by\" \/>\n\t<meta name=\"twitter:data1\" content=\"creativebitsolutions\" \/>\n<script type=\"application\/ld+json\" class=\"yoast-schema-graph\">{\"@context\":\"https:\/\/schema.org\",\"@graph\":[{\"@type\":\"Article\",\"@id\":\"https:\/\/carpathiacenter.ro\/elevii-din-bucuresti-intra-in-vacanta-dupa-terminarea-cursurilor\/#article\",\"isPartOf\":{\"@id\":\"https:\/\/carpathiacenter.ro\/elevii-din-bucuresti-intra-in-vacanta-dupa-terminarea-cursurilor\/\"},\"author\":{\"name\":\"creativebitsolutions\",\"@id\":\"https:\/\/carpathiacenter.ro\/#\/schema\/person\/03d9f58202fee8379268f34afa195006\"},\"headline\":\"Elevii din Bucure\u0219ti intr\u0103 \u00een vacan\u021b\u0103, dup\u0103 terminarea cursurilor\",\"datePublished\":\"2025-02-14T08:52:51+00:00\",\"mainEntityOfPage\":{\"@id\":\"https:\/\/carpathiacenter.ro\/elevii-din-bucuresti-intra-in-vacanta-dupa-terminarea-cursurilor\/\"},\"wordCount\":109,\"commentCount\":0,\"publisher\":{\"@id\":\"https:\/\/carpathiacenter.ro\/#organization\"},\"image\":{\"@id\":\"https:\/\/carpathiacenter.ro\/elevii-din-bucuresti-intra-in-vacanta-dupa-terminarea-cursurilor\/#primaryimage\"},\"thumbnailUrl\":\"https:\/\/carpathiacenter.ro\/wp-content\/uploads\/2025\/02\/sala-de-clasa.jpg\",\"articleSection\":[\"Uncategorized\"],\"inLanguage\":\"en-GB\",\"potentialAction\":[{\"@type\":\"CommentAction\",\"name\":\"Comment\",\"target\":[\"https:\/\/carpathiacenter.ro\/elevii-din-bucuresti-intra-in-vacanta-dupa-terminarea-cursurilor\/#respond\"]}]},{\"@type\":\"WebPage\",\"@id\":\"https:\/\/carpathiacenter.ro\/elevii-din-bucuresti-intra-in-vacanta-dupa-terminarea-cursurilor\/\",\"url\":\"https:\/\/carpathiacenter.ro\/elevii-din-bucuresti-intra-in-vacanta-dupa-terminarea-cursurilor\/\",\"name\":\"Elevii din Bucure\u0219ti intr\u0103 \u00een vacan\u021b\u0103, dup\u0103 terminarea cursurilor - Carpathia Center Romania\",\"isPartOf\":{\"@id\":\"https:\/\/carpathiacenter.ro\/#website\"},\"primaryImageOfPage\":{\"@id\":\"https:\/\/carpathiacenter.ro\/elevii-din-bucuresti-intra-in-vacanta-dupa-terminarea-cursurilor\/#primaryimage\"},\"image\":{\"@id\":\"https:\/\/carpathiacenter.ro\/elevii-din-bucuresti-intra-in-vacanta-dupa-terminarea-cursurilor\/#primaryimage\"},\"thumbnailUrl\":\"https:\/\/carpathiacenter.ro\/wp-content\/uploads\/2025\/02\/sala-de-clasa.jpg\",\"datePublished\":\"2025-02-14T08:52:51+00:00\",\"breadcrumb\":{\"@id\":\"https:\/\/carpathiacenter.ro\/elevii-din-bucuresti-intra-in-vacanta-dupa-terminarea-cursurilor\/#breadcrumb\"},\"inLanguage\":\"en-GB\",\"potentialAction\":[{\"@type\":\"ReadAction\",\"target\":[\"https:\/\/carpathiacenter.ro\/elevii-din-bucuresti-intra-in-vacanta-dupa-terminarea-cursurilor\/\"]}]},{\"@type\":\"ImageObject\",\"inLanguage\":\"en-GB\",\"@id\":\"https:\/\/carpathiacenter.ro\/elevii-din-bucuresti-intra-in-vacanta-dupa-terminarea-cursurilor\/#primaryimage\",\"url\":\"https:\/\/carpathiacenter.ro\/wp-content\/uploads\/2025\/02\/sala-de-clasa.jpg\",\"contentUrl\":\"https:\/\/carpathiacenter.ro\/wp-content\/uploads\/2025\/02\/sala-de-clasa.jpg\",\"width\":680,\"height\":510},{\"@type\":\"BreadcrumbList\",\"@id\":\"https:\/\/carpathiacenter.ro\/elevii-din-bucuresti-intra-in-vacanta-dupa-terminarea-cursurilor\/#breadcrumb\",\"itemListElement\":[{\"@type\":\"ListItem\",\"position\":1,\"name\":\"Prima pagin\u0103\",\"item\":\"https:\/\/carpathiacenter.ro\/\"},{\"@type\":\"ListItem\",\"position\":2,\"name\":\"Elevii din Bucure\u0219ti intr\u0103 \u00een vacan\u021b\u0103, dup\u0103 terminarea cursurilor\"}]},{\"@type\":\"WebSite\",\"@id\":\"https:\/\/carpathiacenter.ro\/#website\",\"url\":\"https:\/\/carpathiacenter.ro\/\",\"name\":\"Carpathia Center Romania\",\"description\":\"Impossible made possible!\",\"publisher\":{\"@id\":\"https:\/\/carpathiacenter.ro\/#organization\"},\"potentialAction\":[{\"@type\":\"SearchAction\",\"target\":{\"@type\":\"EntryPoint\",\"urlTemplate\":\"https:\/\/carpathiacenter.ro\/?s={search_term_string}\"},\"query-input\":{\"@type\":\"PropertyValueSpecification\",\"valueRequired\":true,\"valueName\":\"search_term_string\"}}],\"inLanguage\":\"en-GB\"},{\"@type\":\"Organization\",\"@id\":\"https:\/\/carpathiacenter.ro\/#organization\",\"name\":\"Carpathia Center Romania\",\"url\":\"https:\/\/carpathiacenter.ro\/\",\"logo\":{\"@type\":\"ImageObject\",\"inLanguage\":\"en-GB\",\"@id\":\"https:\/\/carpathiacenter.ro\/#\/schema\/logo\/image\/\",\"url\":\"https:\/\/carpathiacenter.ro\/wp-content\/uploads\/2024\/07\/logo-carpathia_bg_white-1024x941.png\",\"contentUrl\":\"https:\/\/carpathiacenter.ro\/wp-content\/uploads\/2024\/07\/logo-carpathia_bg_white-1024x941.png\",\"width\":1024,\"height\":941,\"caption\":\"Carpathia Center Romania\"},\"image\":{\"@id\":\"https:\/\/carpathiacenter.ro\/#\/schema\/logo\/image\/\"},\"sameAs\":[\"https:\/\/www.facebook.com\/fdpscarpathia\/\"]},{\"@type\":\"Person\",\"@id\":\"https:\/\/carpathiacenter.ro\/#\/schema\/person\/03d9f58202fee8379268f34afa195006\",\"name\":\"creativebitsolutions\",\"image\":{\"@type\":\"ImageObject\",\"inLanguage\":\"en-GB\",\"@id\":\"https:\/\/carpathiacenter.ro\/#\/schema\/person\/image\/\",\"url\":\"https:\/\/secure.gravatar.com\/avatar\/1b1a13e37f847c635dab78348f1dff2f07651ee2a3d77a5c355a4b8c75f9165a?s=96&d=mm&r=g\",\"contentUrl\":\"https:\/\/secure.gravatar.com\/avatar\/1b1a13e37f847c635dab78348f1dff2f07651ee2a3d77a5c355a4b8c75f9165a?s=96&d=mm&r=g\",\"caption\":\"creativebitsolutions\"},\"url\":\"https:\/\/carpathiacenter.ro\/en\/author\/creativebitsolutions\/\"}]}<\/script>\n<!-- \/ Yoast SEO plugin. -->","yoast_head_json":{"title":"Elevii din Bucure\u0219ti intr\u0103 \u00een vacan\u021b\u0103, dup\u0103 terminarea cursurilor - Carpathia Center Romania","robots":{"index":"index","follow":"follow","max-snippet":"max-snippet:-1","max-image-preview":"max-image-preview:large","max-video-preview":"max-video-preview:-1"},"canonical":"https:\/\/carpathiacenter.ro\/en\/elevii-din-bucuresti-intra-in-vacanta-dupa-terminarea-cursurilor\/","og_locale":"en_GB","og_type":"article","og_title":"Elevii din Bucure\u0219ti intr\u0103 \u00een vacan\u021b\u0103, dup\u0103 terminarea cursurilor - Carpathia Center Romania","og_description":"Elevii din Bucure\u0219ti intr\u0103 \u00een vacan\u021b\u0103, vineri, dup\u0103 terminarea cursurilor \u0219i se vor \u00eentoarce la \u0219coal\u0103 luni, 24 februarie, potrivit deciziei Inspectoratului \u0219colar al Capitalei. \u00cen perioada 10 februarie &#8211; 2 martie fiecare Inspectorat \u0219colar decide \u00een ce perioad\u0103 elevii din jude\u021bul respectiv sau din Bucure\u0219ti vor avea vacan\u021b\u0103 pentru o s\u0103pt\u0103m\u00e2n\u0103. Urm\u0103toarea vacan\u021b\u0103 este...","og_url":"https:\/\/carpathiacenter.ro\/en\/elevii-din-bucuresti-intra-in-vacanta-dupa-terminarea-cursurilor\/","og_site_name":"Carpathia Center Romania","article_publisher":"https:\/\/www.facebook.com\/fdpscarpathia\/","article_published_time":"2025-02-14T08:52:51+00:00","og_image":[{"width":680,"height":510,"url":"https:\/\/carpathiacenter.ro\/wp-content\/uploads\/2025\/02\/sala-de-clasa.jpg","type":"image\/jpeg"}],"author":"creativebitsolutions","twitter_card":"summary_large_image","twitter_misc":{"Written by":"creativebitsolutions"},"schema":{"@context":"https:\/\/schema.org","@graph":[{"@type":"Article","@id":"https:\/\/carpathiacenter.ro\/elevii-din-bucuresti-intra-in-vacanta-dupa-terminarea-cursurilor\/#article","isPartOf":{"@id":"https:\/\/carpathiacenter.ro\/elevii-din-bucuresti-intra-in-vacanta-dupa-terminarea-cursurilor\/"},"author":{"name":"creativebitsolutions","@id":"https:\/\/carpathiacenter.ro\/#\/schema\/person\/03d9f58202fee8379268f34afa195006"},"headline":"Elevii din Bucure\u0219ti intr\u0103 \u00een vacan\u021b\u0103, dup\u0103 terminarea cursurilor","datePublished":"2025-02-14T08:52:51+00:00","mainEntityOfPage":{"@id":"https:\/\/carpathiacenter.ro\/elevii-din-bucuresti-intra-in-vacanta-dupa-terminarea-cursurilor\/"},"wordCount":109,"commentCount":0,"publisher":{"@id":"https:\/\/carpathiacenter.ro\/#organization"},"image":{"@id":"https:\/\/carpathiacenter.ro\/elevii-din-bucuresti-intra-in-vacanta-dupa-terminarea-cursurilor\/#primaryimage"},"thumbnailUrl":"https:\/\/carpathiacenter.ro\/wp-content\/uploads\/2025\/02\/sala-de-clasa.jpg","articleSection":["Uncategorized"],"inLanguage":"en-GB","potentialAction":[{"@type":"CommentAction","name":"Comment","target":["https:\/\/carpathiacenter.ro\/elevii-din-bucuresti-intra-in-vacanta-dupa-terminarea-cursurilor\/#respond"]}]},{"@type":"WebPage","@id":"https:\/\/carpathiacenter.ro\/elevii-din-bucuresti-intra-in-vacanta-dupa-terminarea-cursurilor\/","url":"https:\/\/carpathiacenter.ro\/elevii-din-bucuresti-intra-in-vacanta-dupa-terminarea-cursurilor\/","name":"Elevii din Bucure\u0219ti intr\u0103 \u00een vacan\u021b\u0103, dup\u0103 terminarea cursurilor - Carpathia Center Romania","isPartOf":{"@id":"https:\/\/carpathiacenter.ro\/#website"},"primaryImageOfPage":{"@id":"https:\/\/carpathiacenter.ro\/elevii-din-bucuresti-intra-in-vacanta-dupa-terminarea-cursurilor\/#primaryimage"},"image":{"@id":"https:\/\/carpathiacenter.ro\/elevii-din-bucuresti-intra-in-vacanta-dupa-terminarea-cursurilor\/#primaryimage"},"thumbnailUrl":"https:\/\/carpathiacenter.ro\/wp-content\/uploads\/2025\/02\/sala-de-clasa.jpg","datePublished":"2025-02-14T08:52:51+00:00","breadcrumb":{"@id":"https:\/\/carpathiacenter.ro\/elevii-din-bucuresti-intra-in-vacanta-dupa-terminarea-cursurilor\/#breadcrumb"},"inLanguage":"en-GB","potentialAction":[{"@type":"ReadAction","target":["https:\/\/carpathiacenter.ro\/elevii-din-bucuresti-intra-in-vacanta-dupa-terminarea-cursurilor\/"]}]},{"@type":"ImageObject","inLanguage":"en-GB","@id":"https:\/\/carpathiacenter.ro\/elevii-din-bucuresti-intra-in-vacanta-dupa-terminarea-cursurilor\/#primaryimage","url":"https:\/\/carpathiacenter.ro\/wp-content\/uploads\/2025\/02\/sala-de-clasa.jpg","contentUrl":"https:\/\/carpathiacenter.ro\/wp-content\/uploads\/2025\/02\/sala-de-clasa.jpg","width":680,"height":510},{"@type":"BreadcrumbList","@id":"https:\/\/carpathiacenter.ro\/elevii-din-bucuresti-intra-in-vacanta-dupa-terminarea-cursurilor\/#breadcrumb","itemListElement":[{"@type":"ListItem","position":1,"name":"Prima pagin\u0103","item":"https:\/\/carpathiacenter.ro\/"},{"@type":"ListItem","position":2,"name":"Elevii din Bucure\u0219ti intr\u0103 \u00een vacan\u021b\u0103, dup\u0103 terminarea cursurilor"}]},{"@type":"WebSite","@id":"https:\/\/carpathiacenter.ro\/#website","url":"https:\/\/carpathiacenter.ro\/","name":"Carpathia Center Romania","description":"Impossible made possible!","publisher":{"@id":"https:\/\/carpathiacenter.ro\/#organization"},"potentialAction":[{"@type":"SearchAction","target":{"@type":"EntryPoint","urlTemplate":"https:\/\/carpathiacenter.ro\/?s={search_term_string}"},"query-input":{"@type":"PropertyValueSpecification","valueRequired":true,"valueName":"search_term_string"}}],"inLanguage":"en-GB"},{"@type":"Organization","@id":"https:\/\/carpathiacenter.ro\/#organization","name":"Carpathia Center Romania","url":"https:\/\/carpathiacenter.ro\/","logo":{"@type":"ImageObject","inLanguage":"en-GB","@id":"https:\/\/carpathiacenter.ro\/#\/schema\/logo\/image\/","url":"https:\/\/carpathiacenter.ro\/wp-content\/uploads\/2024\/07\/logo-carpathia_bg_white-1024x941.png","contentUrl":"https:\/\/carpathiacenter.ro\/wp-content\/uploads\/2024\/07\/logo-carpathia_bg_white-1024x941.png","width":1024,"height":941,"caption":"Carpathia Center Romania"},"image":{"@id":"https:\/\/carpathiacenter.ro\/#\/schema\/logo\/image\/"},"sameAs":["https:\/\/www.facebook.com\/fdpscarpathia\/"]},{"@type":"Person","@id":"https:\/\/carpathiacenter.ro\/#\/schema\/person\/03d9f58202fee8379268f34afa195006","name":"creativebitsolutions","image":{"@type":"ImageObject","inLanguage":"en-GB","@id":"https:\/\/carpathiacenter.ro\/#\/schema\/person\/image\/","url":"https:\/\/secure.gravatar.com\/avatar\/1b1a13e37f847c635dab78348f1dff2f07651ee2a3d77a5c355a4b8c75f9165a?s=96&d=mm&r=g","contentUrl":"https:\/\/secure.gravatar.com\/avatar\/1b1a13e37f847c635dab78348f1dff2f07651ee2a3d77a5c355a4b8c75f9165a?s=96&d=mm&r=g","caption":"creativebitsolutions"},"url":"https:\/\/carpathiacenter.ro\/en\/author\/creativebitsolutions\/"}]}},"_links":{"self":[{"href":"https:\/\/carpathiacenter.ro\/en\/wp-json\/wp\/v2\/posts\/1882","targetHints":{"allow":["GET"]}}],"collection":[{"href":"https:\/\/carpathiacenter.ro\/en\/wp-json\/wp\/v2\/posts"}],"about":[{"href":"https:\/\/carpathiacenter.ro\/en\/wp-json\/wp\/v2\/types\/post"}],"author":[{"embeddable":true,"href":"https:\/\/carpathiacenter.ro\/en\/wp-json\/wp\/v2\/users\/4"}],"replies":[{"embeddable":true,"href":"https:\/\/carpathiacenter.ro\/en\/wp-json\/wp\/v2\/comments?post=1882"}],"version-history":[{"count":1,"href":"https:\/\/carpathiacenter.ro\/en\/wp-json\/wp\/v2\/posts\/1882\/revisions"}],"predecessor-version":[{"id":1884,"href":"https:\/\/carpathiacenter.ro\/en\/wp-json\/wp\/v2\/posts\/1882\/revisions\/1884"}],"wp:featuredmedia":[{"embeddable":true,"href":"https:\/\/carpathiacenter.ro\/en\/wp-json\/wp\/v2\/media\/1883"}],"wp:attachment":[{"href":"https:\/\/carpathiacenter.ro\/en\/wp-json\/wp\/v2\/media?parent=1882"}],"wp:term":[{"taxonomy":"category","embeddable":true,"href":"https:\/\/carpathiacenter.ro\/en\/wp-json\/wp\/v2\/categories?post=1882"},{"taxonomy":"post_tag","embeddable":true,"href":"https:\/\/carpathiacenter.ro\/en\/wp-json\/wp\/v2\/tags?post=1882"}],"curies":[{"name":"wp","href":"https:\/\/api.w.org\/{rel}","templated":true}]}}