{"id":1867,"date":"2025-02-12T09:44:15","date_gmt":"2025-02-12T09:44:15","guid":{"rendered":"https:\/\/carpathiacenter.ro\/?p=1867"},"modified":"2025-02-12T09:48:33","modified_gmt":"2025-02-12T09:48:33","slug":"bpn-al-pnl-catalin-predoiu-presedinte-interimar-al-partidului","status":"publish","type":"post","link":"https:\/\/carpathiacenter.ro\/en\/bpn-al-pnl-catalin-predoiu-presedinte-interimar-al-partidului\/","title":{"rendered":"BPN al PNL: C\u0103t\u0103lin Predoiu &#8211; pre\u0219edinte interimar al partidului"},"content":{"rendered":"<p>C\u0103t\u0103lin Predoiu a fost desemnat, mar\u021bi, pre\u0219edinte interimar al PNL, iar Mircea Abrudean a fost mandatat s\u0103 exercite atribu\u021biile de pre\u0219edinte al Senatului, ca urmare a suspend\u0103rii lui Ilie Bolojan din cele dou\u0103 func\u021bii.<\/p>\n<p>&#8216;A\u0219a cum \u0219ti\u021bi, prin vacantarea postului de pre\u0219edinte al Rom\u00e2niei, conform legii, pre\u0219edintele Senatului exercit\u0103 aceast\u0103 pozi\u021bie \u00een calitate de pre\u0219edinte interimar. Aceast\u0103 exercitare aduce dou\u0103 constr\u00e2ngeri: nu mai po\u021bi exercita atribu\u021biile de pre\u0219edinte al Senatului \u0219i nu mai po\u021bi ocupa func\u021bii de conducere \u00een partidele politice. Prin urmare, \u00een aceast\u0103 sear\u0103, am fost suspendat din func\u021bia de pre\u0219edinte al PNL pe perioada exercit\u0103rii acestui mandat de trei luni de zile, iar domnul prim-vicepre\u0219edinte C\u0103t\u0103lin Predoiu a fost votat \u00een unanimitate de Biroul Politic Na\u021bional \u00een calitate de pre\u0219edinte interimar&#8217;, a spus Ilie Bolojan, dup\u0103 \u0219edin\u021ba Biroului Politic Na\u021bional al PNL care a avut loc la Palatul Parlamentului.<\/p>\n<p>El a precizat c\u0103 <a href=\"https:\/\/agerpres.ro\/politic\/2025\/02\/11\/mircea-abrudean---presedinte-interimar-al-senatului--1421604\" target=\"_blank\">Mircea Abrudean a fost desemnat s\u0103 exercite atribu\u021biile pre\u0219edintelui Senatului<\/a>.<\/p>\n<p>&#8216;\u00cen ceea ce prive\u0219te exercitarea atribu\u021biilor de pre\u0219edinte al Senatului, domnul vicepre\u0219edinte Abrudean a fost mandatat s\u0103 gestioneze \u00een numele pre\u0219edintelui Senatului \u0219i al PNL aceast\u0103 pozi\u021bie \u00een a\u0219a fel \u00eenc\u00e2t \u0219i func\u021bionarea Senatului s\u0103 se desf\u0103\u0219oare \u00een condi\u021bii bune&#8217;, a afirmat Bolojan.<\/p>\n<p><strong>De asemenea, el a prezentat direc\u021biile principale pe care parlamentarii \u0219i mini\u0219tri PNL \u0219i le vor asuma \u00een perioada urm\u0103toare.<\/strong><\/p>\n<p>&#8216;O direc\u021bie important\u0103 este s\u0103 fim ceea ce am \u00eencercat \u00een toat\u0103 perioada: un partid responsabil, un pilon de stabilitate pentru coali\u021bie \u0219i pentru \u021bara noastr\u0103. (&#8230;) \u00cen plan guvernamental \u0219i parlamentar vom sus\u021bine m\u0103surile pentru consolidarea fiscal\u0103 prin reducerea deficitului, sc\u0103derea cheltuielilor de func\u021bionare a statului. De asemenea, vom sus\u021bine absorb\u021bia de fonduri europene prin urgentarea \u00eendeplinirii tuturor condi\u021bion\u0103rilor legate de jaloane, \u00een a\u0219a fel \u00eenc\u00e2t Rom\u00e2nia s\u0103-\u0219i poat\u0103 accesa banii europeni pentru ca volumul investi\u021biilor care a fost estimat anul acesta s\u0103 fie atins, \u00een a\u0219a fel \u00eenc\u00e2t s\u0103 cre\u0103m condi\u021bii de dezvoltare \u00een anii urm\u0103tori pentru rom\u00e2ni. O alt\u0103 direc\u021bie important\u0103 este s\u0103 sus\u021binem transferul de responsabilit\u0103\u021bi c\u0103tre autorit\u0103\u021bile locale de reglementarea, simplificarea \u0219i s\u0103 sus\u021binem reforma administrativ\u0103, sens \u00een care colegii colegii de la comisiile de administra\u021bie au fost mandata\u021bi s\u0103 lucreze cu partenerii no\u0219tri la aceste proiecte&#8217;, a mai spus fostul pre\u0219edinte interimar al PNL.<\/p>\n<p>Ilie Bolojan a afirmat c\u0103 este preg\u0103tit s\u0103 exercite func\u021bia &#8216;onorant\u0103&#8217; de pre\u0219edinte interimar al Rom\u00e2niei.<\/p>\n<p>&#8216;Sunt preg\u0103tit ca \u00eencep\u00e2nd de m\u00e2ine s\u0103 exercit aceast\u0103 pozi\u021bie onorant\u0103 la Cotroceni, \u00eencerc\u00e2nd ca prin atitudinea pe care o voi avea s\u0103-i respect pe cet\u0103\u021benii Rom\u00e2niei, s\u0103 fac acest lucru cu decen\u021b\u0103, s\u0103 sus\u021bin stabilitatea \u021b\u0103rii noastre, s\u0103 garant\u0103m partenerilor no\u0219tri interna\u021bionali c\u0103 Rom\u00e2nia este o \u021bar\u0103 de \u00eencredere \u0219i s\u0103 reprezent\u0103m cu demnitate Rom\u00e2nia \u00een exterior&#8217;, a declarat el.<\/p>\n<p>La r\u00e2ndul s\u0103u, C\u0103t\u0103lin Predoiu a ar\u0103tat c\u0103 este o onoare s\u0103 fie pre\u0219edinte interimar al PNL.<\/p>\n<p>&#8216;Este o onoare pe care colegii, prin vot, mi-au acordat-o, probabil c\u0103 este \u00een acela\u0219i timp \u0219i o foarte mare responsabilitate, de care sunt con\u0219tient, responsabilitate at\u00e2t fa\u021b\u0103 de PNL, c\u00e2t \u0219i fa\u021b\u0103 de cet\u0103\u021benii Rom\u00e2niei, \u021bin\u00e2nd cont c\u0103 PNL este unul dintre partidele care compun coali\u021bia de guvernare. Voi exercita acest mandat de pre\u0219edinte interimar cu respect fa\u021b\u0103 de lege, fa\u021b\u0103 de drepturile \u0219i libert\u0103\u021bile cet\u0103\u021benilor no\u0219tri, fa\u021b\u0103 de interesele \u021b\u0103rii. Voi exercita acest mandat de pre\u0219edinte interimar cu decen\u021b\u0103 \u0219i bun\u0103 credin\u021b\u0103, cu respect fa\u021b\u0103 de valorile PNL, fa\u021b\u0103 de valorile liberale, fa\u021b\u0103 de electoratul nostru, electoratul tradi\u021bional compus din antreprenori, intelectuali \u0219i to\u021bi cei care prin munca lor cinstit\u0103 \u00ee\u0219i \u00eentre\u021bin familiile \u0219i contribuie la mersul \u00eenainte al \u021b\u0103rii, fa\u021b\u0103 de to\u021bi cei cinsti\u021bi, muncitori, harnici \u0219i care au \u00eencredere \u00een viitorul \u021b\u0103rii. \u00cel voi exercita \u00eempreun\u0103 cu colegii mei (&#8230;) \u00eentr-un spirit de echip\u0103, dedic\u00e2ndu-mi \u00eentreaga energie pentru realizarea obiectivelor PNL \u00een aceast\u0103 perioad\u0103 de trei luni de interimat&#8217;, a spus el.<\/p>\n<p>Predoiu a precizat c\u0103 obiectivele PNL sunt: \u00eendeplinirea programului de guvernare \u0219i c\u00e2\u0219tigarea alegerilor preziden\u021biale cu candidatul Crin Antonescu. AGERPRES\/(A &#8211; redactor: Florentina Peia, editor: Florin Marin, editori online: Andreea L\u00e3z\u00e3roiu, Adrian D\u0103d\u00e2rlat)<br \/>\n<br \/> <br \/>\n<a href=\"https:\/\/agerpres.ro\/politic\/2025\/02\/11\/bpn-al-pnl-catalin-predoiu---presedinte-interimar-al-partidului--1421605\" target=\"_blank\"> Sursa articolului<\/a><\/p>","protected":false},"excerpt":{"rendered":"<p>C\u0103t\u0103lin Predoiu a fost desemnat, mar\u021bi, pre\u0219edinte interimar al PNL, iar Mircea Abrudean a fost mandatat s\u0103 exercite atribu\u021biile de pre\u0219edinte al Senatului, ca urmare a suspend\u0103rii lui Ilie Bolojan din cele dou\u0103 func\u021bii. &#8216;A\u0219a cum \u0219ti\u021bi, prin vacantarea postului de pre\u0219edinte al Rom\u00e2niei, conform legii, pre\u0219edintele Senatului exercit\u0103 aceast\u0103 pozi\u021bie \u00een calitate de pre\u0219edinte&#8230;<\/p>","protected":false},"author":4,"featured_media":1873,"comment_status":"open","ping_status":"open","sticky":false,"template":"","format":"standard","meta":{"footnotes":""},"categories":[1],"tags":[],"class_list":["post-1867","post","type-post","status-publish","format-standard","has-post-thumbnail","hentry","category-uncategorized"],"yoast_head":"<!-- This site is optimized with the Yoast SEO plugin v26.1.1 - https:\/\/yoast.com\/wordpress\/plugins\/seo\/ -->\n<title>BPN al PNL: C\u0103t\u0103lin Predoiu - pre\u0219edinte interimar al partidului - Carpathia Center Romania<\/title>\n<meta name=\"robots\" content=\"index, follow, max-snippet:-1, max-image-preview:large, max-video-preview:-1\" \/>\n<link rel=\"canonical\" href=\"https:\/\/carpathiacenter.ro\/en\/bpn-al-pnl-catalin-predoiu-presedinte-interimar-al-partidului\/\" \/>\n<meta property=\"og:locale\" content=\"en_GB\" \/>\n<meta property=\"og:type\" content=\"article\" \/>\n<meta property=\"og:title\" content=\"BPN al PNL: C\u0103t\u0103lin Predoiu - pre\u0219edinte interimar al partidului - Carpathia Center Romania\" \/>\n<meta property=\"og:description\" content=\"C\u0103t\u0103lin Predoiu a fost desemnat, mar\u021bi, pre\u0219edinte interimar al PNL, iar Mircea Abrudean a fost mandatat s\u0103 exercite atribu\u021biile de pre\u0219edinte al Senatului, ca urmare a suspend\u0103rii lui Ilie Bolojan din cele dou\u0103 func\u021bii. &#8216;A\u0219a cum \u0219ti\u021bi, prin vacantarea postului de pre\u0219edinte al Rom\u00e2niei, conform legii, pre\u0219edintele Senatului exercit\u0103 aceast\u0103 pozi\u021bie \u00een calitate de pre\u0219edinte...\" \/>\n<meta property=\"og:url\" content=\"https:\/\/carpathiacenter.ro\/en\/bpn-al-pnl-catalin-predoiu-presedinte-interimar-al-partidului\/\" \/>\n<meta property=\"og:site_name\" content=\"Carpathia Center Romania\" \/>\n<meta property=\"article:publisher\" content=\"https:\/\/www.facebook.com\/fdpscarpathia\/\" \/>\n<meta property=\"article:published_time\" content=\"2025-02-12T09:44:15+00:00\" \/>\n<meta property=\"article:modified_time\" content=\"2025-02-12T09:48:33+00:00\" \/>\n<meta property=\"og:image\" content=\"https:\/\/carpathiacenter.ro\/wp-content\/uploads\/2025\/02\/catalin-predoiu1.jpeg\" \/>\n\t<meta property=\"og:image:width\" content=\"780\" \/>\n\t<meta property=\"og:image:height\" content=\"440\" \/>\n\t<meta property=\"og:image:type\" content=\"image\/jpeg\" \/>\n<meta name=\"author\" content=\"creativebitsolutions\" \/>\n<meta name=\"twitter:card\" content=\"summary_large_image\" \/>\n<meta name=\"twitter:label1\" content=\"Written by\" \/>\n\t<meta name=\"twitter:data1\" content=\"creativebitsolutions\" \/>\n\t<meta name=\"twitter:label2\" content=\"Estimated reading time\" \/>\n\t<meta name=\"twitter:data2\" content=\"4 minutes\" \/>\n<script type=\"application\/ld+json\" class=\"yoast-schema-graph\">{\"@context\":\"https:\/\/schema.org\",\"@graph\":[{\"@type\":\"Article\",\"@id\":\"https:\/\/carpathiacenter.ro\/bpn-al-pnl-catalin-predoiu-presedinte-interimar-al-partidului\/#article\",\"isPartOf\":{\"@id\":\"https:\/\/carpathiacenter.ro\/bpn-al-pnl-catalin-predoiu-presedinte-interimar-al-partidului\/\"},\"author\":{\"name\":\"creativebitsolutions\",\"@id\":\"https:\/\/carpathiacenter.ro\/#\/schema\/person\/03d9f58202fee8379268f34afa195006\"},\"headline\":\"BPN al PNL: C\u0103t\u0103lin Predoiu &#8211; pre\u0219edinte interimar al partidului\",\"datePublished\":\"2025-02-12T09:44:15+00:00\",\"dateModified\":\"2025-02-12T09:48:33+00:00\",\"mainEntityOfPage\":{\"@id\":\"https:\/\/carpathiacenter.ro\/bpn-al-pnl-catalin-predoiu-presedinte-interimar-al-partidului\/\"},\"wordCount\":805,\"commentCount\":0,\"publisher\":{\"@id\":\"https:\/\/carpathiacenter.ro\/#organization\"},\"image\":{\"@id\":\"https:\/\/carpathiacenter.ro\/bpn-al-pnl-catalin-predoiu-presedinte-interimar-al-partidului\/#primaryimage\"},\"thumbnailUrl\":\"https:\/\/carpathiacenter.ro\/wp-content\/uploads\/2025\/02\/catalin-predoiu1.jpeg\",\"articleSection\":[\"Uncategorized\"],\"inLanguage\":\"en-GB\",\"potentialAction\":[{\"@type\":\"CommentAction\",\"name\":\"Comment\",\"target\":[\"https:\/\/carpathiacenter.ro\/bpn-al-pnl-catalin-predoiu-presedinte-interimar-al-partidului\/#respond\"]}]},{\"@type\":\"WebPage\",\"@id\":\"https:\/\/carpathiacenter.ro\/bpn-al-pnl-catalin-predoiu-presedinte-interimar-al-partidului\/\",\"url\":\"https:\/\/carpathiacenter.ro\/bpn-al-pnl-catalin-predoiu-presedinte-interimar-al-partidului\/\",\"name\":\"BPN al PNL: C\u0103t\u0103lin Predoiu - pre\u0219edinte interimar al partidului - Carpathia Center Romania\",\"isPartOf\":{\"@id\":\"https:\/\/carpathiacenter.ro\/#website\"},\"primaryImageOfPage\":{\"@id\":\"https:\/\/carpathiacenter.ro\/bpn-al-pnl-catalin-predoiu-presedinte-interimar-al-partidului\/#primaryimage\"},\"image\":{\"@id\":\"https:\/\/carpathiacenter.ro\/bpn-al-pnl-catalin-predoiu-presedinte-interimar-al-partidului\/#primaryimage\"},\"thumbnailUrl\":\"https:\/\/carpathiacenter.ro\/wp-content\/uploads\/2025\/02\/catalin-predoiu1.jpeg\",\"datePublished\":\"2025-02-12T09:44:15+00:00\",\"dateModified\":\"2025-02-12T09:48:33+00:00\",\"breadcrumb\":{\"@id\":\"https:\/\/carpathiacenter.ro\/bpn-al-pnl-catalin-predoiu-presedinte-interimar-al-partidului\/#breadcrumb\"},\"inLanguage\":\"en-GB\",\"potentialAction\":[{\"@type\":\"ReadAction\",\"target\":[\"https:\/\/carpathiacenter.ro\/bpn-al-pnl-catalin-predoiu-presedinte-interimar-al-partidului\/\"]}]},{\"@type\":\"ImageObject\",\"inLanguage\":\"en-GB\",\"@id\":\"https:\/\/carpathiacenter.ro\/bpn-al-pnl-catalin-predoiu-presedinte-interimar-al-partidului\/#primaryimage\",\"url\":\"https:\/\/carpathiacenter.ro\/wp-content\/uploads\/2025\/02\/catalin-predoiu1.jpeg\",\"contentUrl\":\"https:\/\/carpathiacenter.ro\/wp-content\/uploads\/2025\/02\/catalin-predoiu1.jpeg\",\"width\":780,\"height\":440},{\"@type\":\"BreadcrumbList\",\"@id\":\"https:\/\/carpathiacenter.ro\/bpn-al-pnl-catalin-predoiu-presedinte-interimar-al-partidului\/#breadcrumb\",\"itemListElement\":[{\"@type\":\"ListItem\",\"position\":1,\"name\":\"Prima pagin\u0103\",\"item\":\"https:\/\/carpathiacenter.ro\/\"},{\"@type\":\"ListItem\",\"position\":2,\"name\":\"BPN al PNL: C\u0103t\u0103lin Predoiu &#8211; pre\u0219edinte interimar al partidului\"}]},{\"@type\":\"WebSite\",\"@id\":\"https:\/\/carpathiacenter.ro\/#website\",\"url\":\"https:\/\/carpathiacenter.ro\/\",\"name\":\"Carpathia Center Romania\",\"description\":\"Impossible made possible!\",\"publisher\":{\"@id\":\"https:\/\/carpathiacenter.ro\/#organization\"},\"potentialAction\":[{\"@type\":\"SearchAction\",\"target\":{\"@type\":\"EntryPoint\",\"urlTemplate\":\"https:\/\/carpathiacenter.ro\/?s={search_term_string}\"},\"query-input\":{\"@type\":\"PropertyValueSpecification\",\"valueRequired\":true,\"valueName\":\"search_term_string\"}}],\"inLanguage\":\"en-GB\"},{\"@type\":\"Organization\",\"@id\":\"https:\/\/carpathiacenter.ro\/#organization\",\"name\":\"Carpathia Center Romania\",\"url\":\"https:\/\/carpathiacenter.ro\/\",\"logo\":{\"@type\":\"ImageObject\",\"inLanguage\":\"en-GB\",\"@id\":\"https:\/\/carpathiacenter.ro\/#\/schema\/logo\/image\/\",\"url\":\"https:\/\/carpathiacenter.ro\/wp-content\/uploads\/2024\/07\/logo-carpathia_bg_white-1024x941.png\",\"contentUrl\":\"https:\/\/carpathiacenter.ro\/wp-content\/uploads\/2024\/07\/logo-carpathia_bg_white-1024x941.png\",\"width\":1024,\"height\":941,\"caption\":\"Carpathia Center Romania\"},\"image\":{\"@id\":\"https:\/\/carpathiacenter.ro\/#\/schema\/logo\/image\/\"},\"sameAs\":[\"https:\/\/www.facebook.com\/fdpscarpathia\/\"]},{\"@type\":\"Person\",\"@id\":\"https:\/\/carpathiacenter.ro\/#\/schema\/person\/03d9f58202fee8379268f34afa195006\",\"name\":\"creativebitsolutions\",\"image\":{\"@type\":\"ImageObject\",\"inLanguage\":\"en-GB\",\"@id\":\"https:\/\/carpathiacenter.ro\/#\/schema\/person\/image\/\",\"url\":\"https:\/\/secure.gravatar.com\/avatar\/1b1a13e37f847c635dab78348f1dff2f07651ee2a3d77a5c355a4b8c75f9165a?s=96&d=mm&r=g\",\"contentUrl\":\"https:\/\/secure.gravatar.com\/avatar\/1b1a13e37f847c635dab78348f1dff2f07651ee2a3d77a5c355a4b8c75f9165a?s=96&d=mm&r=g\",\"caption\":\"creativebitsolutions\"},\"url\":\"https:\/\/carpathiacenter.ro\/en\/author\/creativebitsolutions\/\"}]}<\/script>\n<!-- \/ Yoast SEO plugin. -->","yoast_head_json":{"title":"BPN al PNL: C\u0103t\u0103lin Predoiu - pre\u0219edinte interimar al partidului - Carpathia Center Romania","robots":{"index":"index","follow":"follow","max-snippet":"max-snippet:-1","max-image-preview":"max-image-preview:large","max-video-preview":"max-video-preview:-1"},"canonical":"https:\/\/carpathiacenter.ro\/en\/bpn-al-pnl-catalin-predoiu-presedinte-interimar-al-partidului\/","og_locale":"en_GB","og_type":"article","og_title":"BPN al PNL: C\u0103t\u0103lin Predoiu - pre\u0219edinte interimar al partidului - Carpathia Center Romania","og_description":"C\u0103t\u0103lin Predoiu a fost desemnat, mar\u021bi, pre\u0219edinte interimar al PNL, iar Mircea Abrudean a fost mandatat s\u0103 exercite atribu\u021biile de pre\u0219edinte al Senatului, ca urmare a suspend\u0103rii lui Ilie Bolojan din cele dou\u0103 func\u021bii. &#8216;A\u0219a cum \u0219ti\u021bi, prin vacantarea postului de pre\u0219edinte al Rom\u00e2niei, conform legii, pre\u0219edintele Senatului exercit\u0103 aceast\u0103 pozi\u021bie \u00een calitate de pre\u0219edinte...","og_url":"https:\/\/carpathiacenter.ro\/en\/bpn-al-pnl-catalin-predoiu-presedinte-interimar-al-partidului\/","og_site_name":"Carpathia Center Romania","article_publisher":"https:\/\/www.facebook.com\/fdpscarpathia\/","article_published_time":"2025-02-12T09:44:15+00:00","article_modified_time":"2025-02-12T09:48:33+00:00","og_image":[{"width":780,"height":440,"url":"https:\/\/carpathiacenter.ro\/wp-content\/uploads\/2025\/02\/catalin-predoiu1.jpeg","type":"image\/jpeg"}],"author":"creativebitsolutions","twitter_card":"summary_large_image","twitter_misc":{"Written by":"creativebitsolutions","Estimated reading time":"4 minutes"},"schema":{"@context":"https:\/\/schema.org","@graph":[{"@type":"Article","@id":"https:\/\/carpathiacenter.ro\/bpn-al-pnl-catalin-predoiu-presedinte-interimar-al-partidului\/#article","isPartOf":{"@id":"https:\/\/carpathiacenter.ro\/bpn-al-pnl-catalin-predoiu-presedinte-interimar-al-partidului\/"},"author":{"name":"creativebitsolutions","@id":"https:\/\/carpathiacenter.ro\/#\/schema\/person\/03d9f58202fee8379268f34afa195006"},"headline":"BPN al PNL: C\u0103t\u0103lin Predoiu &#8211; pre\u0219edinte interimar al partidului","datePublished":"2025-02-12T09:44:15+00:00","dateModified":"2025-02-12T09:48:33+00:00","mainEntityOfPage":{"@id":"https:\/\/carpathiacenter.ro\/bpn-al-pnl-catalin-predoiu-presedinte-interimar-al-partidului\/"},"wordCount":805,"commentCount":0,"publisher":{"@id":"https:\/\/carpathiacenter.ro\/#organization"},"image":{"@id":"https:\/\/carpathiacenter.ro\/bpn-al-pnl-catalin-predoiu-presedinte-interimar-al-partidului\/#primaryimage"},"thumbnailUrl":"https:\/\/carpathiacenter.ro\/wp-content\/uploads\/2025\/02\/catalin-predoiu1.jpeg","articleSection":["Uncategorized"],"inLanguage":"en-GB","potentialAction":[{"@type":"CommentAction","name":"Comment","target":["https:\/\/carpathiacenter.ro\/bpn-al-pnl-catalin-predoiu-presedinte-interimar-al-partidului\/#respond"]}]},{"@type":"WebPage","@id":"https:\/\/carpathiacenter.ro\/bpn-al-pnl-catalin-predoiu-presedinte-interimar-al-partidului\/","url":"https:\/\/carpathiacenter.ro\/bpn-al-pnl-catalin-predoiu-presedinte-interimar-al-partidului\/","name":"BPN al PNL: C\u0103t\u0103lin Predoiu - pre\u0219edinte interimar al partidului - Carpathia Center Romania","isPartOf":{"@id":"https:\/\/carpathiacenter.ro\/#website"},"primaryImageOfPage":{"@id":"https:\/\/carpathiacenter.ro\/bpn-al-pnl-catalin-predoiu-presedinte-interimar-al-partidului\/#primaryimage"},"image":{"@id":"https:\/\/carpathiacenter.ro\/bpn-al-pnl-catalin-predoiu-presedinte-interimar-al-partidului\/#primaryimage"},"thumbnailUrl":"https:\/\/carpathiacenter.ro\/wp-content\/uploads\/2025\/02\/catalin-predoiu1.jpeg","datePublished":"2025-02-12T09:44:15+00:00","dateModified":"2025-02-12T09:48:33+00:00","breadcrumb":{"@id":"https:\/\/carpathiacenter.ro\/bpn-al-pnl-catalin-predoiu-presedinte-interimar-al-partidului\/#breadcrumb"},"inLanguage":"en-GB","potentialAction":[{"@type":"ReadAction","target":["https:\/\/carpathiacenter.ro\/bpn-al-pnl-catalin-predoiu-presedinte-interimar-al-partidului\/"]}]},{"@type":"ImageObject","inLanguage":"en-GB","@id":"https:\/\/carpathiacenter.ro\/bpn-al-pnl-catalin-predoiu-presedinte-interimar-al-partidului\/#primaryimage","url":"https:\/\/carpathiacenter.ro\/wp-content\/uploads\/2025\/02\/catalin-predoiu1.jpeg","contentUrl":"https:\/\/carpathiacenter.ro\/wp-content\/uploads\/2025\/02\/catalin-predoiu1.jpeg","width":780,"height":440},{"@type":"BreadcrumbList","@id":"https:\/\/carpathiacenter.ro\/bpn-al-pnl-catalin-predoiu-presedinte-interimar-al-partidului\/#breadcrumb","itemListElement":[{"@type":"ListItem","position":1,"name":"Prima pagin\u0103","item":"https:\/\/carpathiacenter.ro\/"},{"@type":"ListItem","position":2,"name":"BPN al PNL: C\u0103t\u0103lin Predoiu &#8211; pre\u0219edinte interimar al partidului"}]},{"@type":"WebSite","@id":"https:\/\/carpathiacenter.ro\/#website","url":"https:\/\/carpathiacenter.ro\/","name":"Carpathia Center Romania","description":"Impossible made possible!","publisher":{"@id":"https:\/\/carpathiacenter.ro\/#organization"},"potentialAction":[{"@type":"SearchAction","target":{"@type":"EntryPoint","urlTemplate":"https:\/\/carpathiacenter.ro\/?s={search_term_string}"},"query-input":{"@type":"PropertyValueSpecification","valueRequired":true,"valueName":"search_term_string"}}],"inLanguage":"en-GB"},{"@type":"Organization","@id":"https:\/\/carpathiacenter.ro\/#organization","name":"Carpathia Center Romania","url":"https:\/\/carpathiacenter.ro\/","logo":{"@type":"ImageObject","inLanguage":"en-GB","@id":"https:\/\/carpathiacenter.ro\/#\/schema\/logo\/image\/","url":"https:\/\/carpathiacenter.ro\/wp-content\/uploads\/2024\/07\/logo-carpathia_bg_white-1024x941.png","contentUrl":"https:\/\/carpathiacenter.ro\/wp-content\/uploads\/2024\/07\/logo-carpathia_bg_white-1024x941.png","width":1024,"height":941,"caption":"Carpathia Center Romania"},"image":{"@id":"https:\/\/carpathiacenter.ro\/#\/schema\/logo\/image\/"},"sameAs":["https:\/\/www.facebook.com\/fdpscarpathia\/"]},{"@type":"Person","@id":"https:\/\/carpathiacenter.ro\/#\/schema\/person\/03d9f58202fee8379268f34afa195006","name":"creativebitsolutions","image":{"@type":"ImageObject","inLanguage":"en-GB","@id":"https:\/\/carpathiacenter.ro\/#\/schema\/person\/image\/","url":"https:\/\/secure.gravatar.com\/avatar\/1b1a13e37f847c635dab78348f1dff2f07651ee2a3d77a5c355a4b8c75f9165a?s=96&d=mm&r=g","contentUrl":"https:\/\/secure.gravatar.com\/avatar\/1b1a13e37f847c635dab78348f1dff2f07651ee2a3d77a5c355a4b8c75f9165a?s=96&d=mm&r=g","caption":"creativebitsolutions"},"url":"https:\/\/carpathiacenter.ro\/en\/author\/creativebitsolutions\/"}]}},"_links":{"self":[{"href":"https:\/\/carpathiacenter.ro\/en\/wp-json\/wp\/v2\/posts\/1867","targetHints":{"allow":["GET"]}}],"collection":[{"href":"https:\/\/carpathiacenter.ro\/en\/wp-json\/wp\/v2\/posts"}],"about":[{"href":"https:\/\/carpathiacenter.ro\/en\/wp-json\/wp\/v2\/types\/post"}],"author":[{"embeddable":true,"href":"https:\/\/carpathiacenter.ro\/en\/wp-json\/wp\/v2\/users\/4"}],"replies":[{"embeddable":true,"href":"https:\/\/carpathiacenter.ro\/en\/wp-json\/wp\/v2\/comments?post=1867"}],"version-history":[{"count":2,"href":"https:\/\/carpathiacenter.ro\/en\/wp-json\/wp\/v2\/posts\/1867\/revisions"}],"predecessor-version":[{"id":1874,"href":"https:\/\/carpathiacenter.ro\/en\/wp-json\/wp\/v2\/posts\/1867\/revisions\/1874"}],"wp:featuredmedia":[{"embeddable":true,"href":"https:\/\/carpathiacenter.ro\/en\/wp-json\/wp\/v2\/media\/1873"}],"wp:attachment":[{"href":"https:\/\/carpathiacenter.ro\/en\/wp-json\/wp\/v2\/media?parent=1867"}],"wp:term":[{"taxonomy":"category","embeddable":true,"href":"https:\/\/carpathiacenter.ro\/en\/wp-json\/wp\/v2\/categories?post=1867"},{"taxonomy":"post_tag","embeddable":true,"href":"https:\/\/carpathiacenter.ro\/en\/wp-json\/wp\/v2\/tags?post=1867"}],"curies":[{"name":"wp","href":"https:\/\/api.w.org\/{rel}","templated":true}]}}