{"id":1857,"date":"2025-02-11T12:20:11","date_gmt":"2025-02-11T12:20:11","guid":{"rendered":"https:\/\/carpathiacenter.ro\/?p=1857"},"modified":"2025-02-11T12:28:28","modified_gmt":"2025-02-11T12:28:28","slug":"grindeanu-am-semnat-protocolul-de-predare-a-spitalului-clinic-cai-ferate-nr-2-catre-universitatea-de-medicina-si-farmacie","status":"publish","type":"post","link":"https:\/\/carpathiacenter.ro\/en\/grindeanu-am-semnat-protocolul-de-predare-a-spitalului-clinic-cai-ferate-nr-2-catre-universitatea-de-medicina-si-farmacie\/","title":{"rendered":"Grindeanu: Am semnat protocolul de predare a Spitalului Clinic C\u0103i Ferate nr. 2 c\u0103tre Universitatea de Medicin\u0103 \u0219i Farmacie"},"content":{"rendered":"<div class=\"mx-auto pt-3\">\n<p><strong>Spitalul Clinic C\u0103i Ferate nr. 2 (CF2) din Bucure\u0219ti, aflat \u00een portofoliul Ministerului Transporturilor, a fost predat Universit\u0103\u021bii de Medicin\u0103 \u0219i Farmacie &#8221;Carol Davila&#8221;, a anun\u021bat, mar\u021bi, ministrul Transporturilor \u0219i Infrastructurii, Sorin Grindeanu, pe pagina sa de <a href=\"https:\/\/www.facebook.com\/grindeanusorin\/posts\/pfbid02EjDNihJmvoTPcDDxSuKy7KH4KNmHFQfaLU2QnELtZMFhXT1oyxEEeyXJ4TVAstacl?locale=ro_RO\" target=\"_blank\">Facebook<\/a>.<\/strong><\/p>\n<p>&#8221;Am semnat ast\u0103zi protocolul de predare a Spitalului Clinic C\u0103i Ferate nr. 2 (CF2) din Bucure\u0219ti c\u0103tre Universitatea de Medicin\u0103 \u0219i Farmacie &#8216;Carol Davila&#8217;. Consider c\u0103 aceast\u0103 institu\u021bie de profil poate administra mult mai eficient aceast\u0103 unitate spitaliceasc\u0103. Ministerul Transporturilor \u0219i Infrastructurii nu are ca specific acest tip de activitate \u00een domeniul medical, ceea ce, \u00een timp, a dus la subfinan\u021barea Spitalului CF2&#8221;, a scris Grindeanu.<\/p>\n<p>\n<iframe src=\"https:\/\/www.facebook.com\/plugins\/post.php?href=https%3A%2F%2Fwww.facebook.com%2Fgrindeanusorin%2Fposts%2Fpfbid02EjDNihJmvoTPcDDxSuKy7KH4KNmHFQfaLU2QnELtZMFhXT1oyxEEeyXJ4TVAstacl&amp;show_text=true&amp;width=500\" width=\"500\" height=\"728\" style=\"border:none;overflow:hidden\" scrolling=\"no\" frameborder=\"0\" allowfullscreen=\"true\" allow=\"autoplay; clipboard-write; encrypted-media; picture-in-picture; web-share\"><\/iframe><\/p>\n<hr>\n<p>El a subliniat c\u0103 Spitalul Clinic C\u0103i Ferate nr. 2 este unul cu profil clinic \u0219i are \u00een portofoliu toat\u0103 gama de specializ\u0103ri medicale, fiind firesc s\u0103 fie administrat de institu\u021bii care au experien\u021b\u0103 \u00een acest domeniu.<\/p>\n<p>&#8221;Sunt convins c\u0103 acest transfer semnat ast\u0103zi va propulsa CF2 \u00een topul spitalelor bucure\u0219tene&#8221;, a ad\u0103ugat \u0219eful de la Transporturi.<\/p>\n<p>Din partea Universit\u0103\u021bii de Medicin\u0103 \u0219i Farmacie &#8221;Carol Davila&#8221;, protocolul a fost semnat de rectorul institu\u021biei, profesorul universitar doctor, Viorel Jinga.<\/p>\n<p>&#8221;Acesta sper s\u0103 fie un prim pas pentru transferul altor spitale care sunt \u00een patrimoniul MTI \u0219i un exemplu de bune practici pentru cre\u0219terea performan\u021belor acestor unit\u0103\u021bi medicale&#8221;, a transmis Sorin Grindeanu. AGERPRES\/(AS &#8211; autor: Oana Tilic\u0103, editor: Mariana Nica, editor online: Gabriela Badea)&nbsp;<\/p>\n<p><strong>* Sursa foto: <\/strong><a href=\"http:\/\/<iframe src=\" https:=\"\" www.facebook.com=\"\" plugins=\"\" post.php?href=\"https%3A%2F%2Fwww.facebook.com%2Fgrindeanusorin%2Fposts%2Fpfbid02EjDNihJmvoTPcDDxSuKy7KH4KNmHFQfaLU2QnELtZMFhXT1oyxEEeyXJ4TVAstacl&amp;show_text=true&amp;width=500&quot;\" width=\"500\" height=\"728\" style=\"border:none;overflow:hidden\" scrolling=\"no\" frameborder=\"0\" allowfullscreen=\"true\" allow=\"autoplay; clipboard-write; encrypted-media; picture-in-picture; target=\"_blank\">Sorin Grindeanu \/ Facebook.com<\/a><br \/>\n<br \/>\n<a href=\"https:\/\/agerpres.ro\/sanatate\/2025\/02\/11\/grindeanu-am-semnat-protocolul-de-predare-a-spitalului-clinic-cai-ferate-nr-2-catre-universitatea-de--1421393\" target=\"_blank\">Sursa Articol<\/a>\n<\/p>\n<\/p><\/div>","protected":false},"excerpt":{"rendered":"<p>Spitalul Clinic C\u0103i Ferate nr. 2 (CF2) din Bucure\u0219ti, aflat \u00een portofoliul Ministerului Transporturilor, a fost predat Universit\u0103\u021bii de Medicin\u0103 \u0219i Farmacie &#8221;Carol Davila&#8221;, a anun\u021bat, mar\u021bi, ministrul Transporturilor \u0219i Infrastructurii, Sorin Grindeanu, pe pagina sa de Facebook. &#8221;Am semnat ast\u0103zi protocolul de predare a Spitalului Clinic C\u0103i Ferate nr. 2 (CF2) din Bucure\u0219ti c\u0103tre&#8230;<\/p>","protected":false},"author":4,"featured_media":1866,"comment_status":"open","ping_status":"open","sticky":false,"template":"","format":"standard","meta":{"footnotes":""},"categories":[1],"tags":[],"class_list":["post-1857","post","type-post","status-publish","format-standard","has-post-thumbnail","hentry","category-uncategorized"],"yoast_head":"<!-- This site is optimized with the Yoast SEO plugin v26.1.1 - https:\/\/yoast.com\/wordpress\/plugins\/seo\/ -->\n<title>Grindeanu: Am semnat protocolul de predare a Spitalului Clinic C\u0103i Ferate nr. 2 c\u0103tre Universitatea de Medicin\u0103 \u0219i Farmacie - Carpathia Center Romania<\/title>\n<meta name=\"robots\" content=\"index, follow, max-snippet:-1, max-image-preview:large, max-video-preview:-1\" \/>\n<link rel=\"canonical\" href=\"https:\/\/carpathiacenter.ro\/en\/grindeanu-am-semnat-protocolul-de-predare-a-spitalului-clinic-cai-ferate-nr-2-catre-universitatea-de-medicina-si-farmacie\/\" \/>\n<meta property=\"og:locale\" content=\"en_GB\" \/>\n<meta property=\"og:type\" content=\"article\" \/>\n<meta property=\"og:title\" content=\"Grindeanu: Am semnat protocolul de predare a Spitalului Clinic C\u0103i Ferate nr. 2 c\u0103tre Universitatea de Medicin\u0103 \u0219i Farmacie - Carpathia Center Romania\" \/>\n<meta property=\"og:description\" content=\"Spitalul Clinic C\u0103i Ferate nr. 2 (CF2) din Bucure\u0219ti, aflat \u00een portofoliul Ministerului Transporturilor, a fost predat Universit\u0103\u021bii de Medicin\u0103 \u0219i Farmacie &#8221;Carol Davila&#8221;, a anun\u021bat, mar\u021bi, ministrul Transporturilor \u0219i Infrastructurii, Sorin Grindeanu, pe pagina sa de Facebook. &#8221;Am semnat ast\u0103zi protocolul de predare a Spitalului Clinic C\u0103i Ferate nr. 2 (CF2) din Bucure\u0219ti c\u0103tre...\" \/>\n<meta property=\"og:url\" content=\"https:\/\/carpathiacenter.ro\/en\/grindeanu-am-semnat-protocolul-de-predare-a-spitalului-clinic-cai-ferate-nr-2-catre-universitatea-de-medicina-si-farmacie\/\" \/>\n<meta property=\"og:site_name\" content=\"Carpathia Center Romania\" \/>\n<meta property=\"article:publisher\" content=\"https:\/\/www.facebook.com\/fdpscarpathia\/\" \/>\n<meta property=\"article:published_time\" content=\"2025-02-11T12:20:11+00:00\" \/>\n<meta property=\"article:modified_time\" content=\"2025-02-11T12:28:28+00:00\" \/>\n<meta property=\"og:image\" content=\"https:\/\/carpathiacenter.ro\/wp-content\/uploads\/2025\/02\/476969016_1354587706022530_4399792439667603869_n.jpg\" \/>\n\t<meta property=\"og:image:width\" content=\"600\" \/>\n\t<meta property=\"og:image:height\" content=\"258\" \/>\n\t<meta property=\"og:image:type\" content=\"image\/jpeg\" \/>\n<meta name=\"author\" content=\"creativebitsolutions\" \/>\n<meta name=\"twitter:card\" content=\"summary_large_image\" \/>\n<meta name=\"twitter:label1\" content=\"Written by\" \/>\n\t<meta name=\"twitter:data1\" content=\"creativebitsolutions\" \/>\n\t<meta name=\"twitter:label2\" content=\"Estimated reading time\" \/>\n\t<meta name=\"twitter:data2\" content=\"1 minute\" \/>\n<script type=\"application\/ld+json\" class=\"yoast-schema-graph\">{\"@context\":\"https:\/\/schema.org\",\"@graph\":[{\"@type\":\"Article\",\"@id\":\"https:\/\/carpathiacenter.ro\/grindeanu-am-semnat-protocolul-de-predare-a-spitalului-clinic-cai-ferate-nr-2-catre-universitatea-de-medicina-si-farmacie\/#article\",\"isPartOf\":{\"@id\":\"https:\/\/carpathiacenter.ro\/grindeanu-am-semnat-protocolul-de-predare-a-spitalului-clinic-cai-ferate-nr-2-catre-universitatea-de-medicina-si-farmacie\/\"},\"author\":{\"name\":\"creativebitsolutions\",\"@id\":\"https:\/\/carpathiacenter.ro\/#\/schema\/person\/03d9f58202fee8379268f34afa195006\"},\"headline\":\"Grindeanu: Am semnat protocolul de predare a Spitalului Clinic C\u0103i Ferate nr. 2 c\u0103tre Universitatea de Medicin\u0103 \u0219i Farmacie\",\"datePublished\":\"2025-02-11T12:20:11+00:00\",\"dateModified\":\"2025-02-11T12:28:28+00:00\",\"mainEntityOfPage\":{\"@id\":\"https:\/\/carpathiacenter.ro\/grindeanu-am-semnat-protocolul-de-predare-a-spitalului-clinic-cai-ferate-nr-2-catre-universitatea-de-medicina-si-farmacie\/\"},\"wordCount\":269,\"commentCount\":0,\"publisher\":{\"@id\":\"https:\/\/carpathiacenter.ro\/#organization\"},\"image\":{\"@id\":\"https:\/\/carpathiacenter.ro\/grindeanu-am-semnat-protocolul-de-predare-a-spitalului-clinic-cai-ferate-nr-2-catre-universitatea-de-medicina-si-farmacie\/#primaryimage\"},\"thumbnailUrl\":\"https:\/\/carpathiacenter.ro\/wp-content\/uploads\/2025\/02\/476969016_1354587706022530_4399792439667603869_n.jpg\",\"articleSection\":[\"Uncategorized\"],\"inLanguage\":\"en-GB\",\"potentialAction\":[{\"@type\":\"CommentAction\",\"name\":\"Comment\",\"target\":[\"https:\/\/carpathiacenter.ro\/grindeanu-am-semnat-protocolul-de-predare-a-spitalului-clinic-cai-ferate-nr-2-catre-universitatea-de-medicina-si-farmacie\/#respond\"]}]},{\"@type\":\"WebPage\",\"@id\":\"https:\/\/carpathiacenter.ro\/grindeanu-am-semnat-protocolul-de-predare-a-spitalului-clinic-cai-ferate-nr-2-catre-universitatea-de-medicina-si-farmacie\/\",\"url\":\"https:\/\/carpathiacenter.ro\/grindeanu-am-semnat-protocolul-de-predare-a-spitalului-clinic-cai-ferate-nr-2-catre-universitatea-de-medicina-si-farmacie\/\",\"name\":\"Grindeanu: Am semnat protocolul de predare a Spitalului Clinic C\u0103i Ferate nr. 2 c\u0103tre Universitatea de Medicin\u0103 \u0219i Farmacie - Carpathia Center Romania\",\"isPartOf\":{\"@id\":\"https:\/\/carpathiacenter.ro\/#website\"},\"primaryImageOfPage\":{\"@id\":\"https:\/\/carpathiacenter.ro\/grindeanu-am-semnat-protocolul-de-predare-a-spitalului-clinic-cai-ferate-nr-2-catre-universitatea-de-medicina-si-farmacie\/#primaryimage\"},\"image\":{\"@id\":\"https:\/\/carpathiacenter.ro\/grindeanu-am-semnat-protocolul-de-predare-a-spitalului-clinic-cai-ferate-nr-2-catre-universitatea-de-medicina-si-farmacie\/#primaryimage\"},\"thumbnailUrl\":\"https:\/\/carpathiacenter.ro\/wp-content\/uploads\/2025\/02\/476969016_1354587706022530_4399792439667603869_n.jpg\",\"datePublished\":\"2025-02-11T12:20:11+00:00\",\"dateModified\":\"2025-02-11T12:28:28+00:00\",\"breadcrumb\":{\"@id\":\"https:\/\/carpathiacenter.ro\/grindeanu-am-semnat-protocolul-de-predare-a-spitalului-clinic-cai-ferate-nr-2-catre-universitatea-de-medicina-si-farmacie\/#breadcrumb\"},\"inLanguage\":\"en-GB\",\"potentialAction\":[{\"@type\":\"ReadAction\",\"target\":[\"https:\/\/carpathiacenter.ro\/grindeanu-am-semnat-protocolul-de-predare-a-spitalului-clinic-cai-ferate-nr-2-catre-universitatea-de-medicina-si-farmacie\/\"]}]},{\"@type\":\"ImageObject\",\"inLanguage\":\"en-GB\",\"@id\":\"https:\/\/carpathiacenter.ro\/grindeanu-am-semnat-protocolul-de-predare-a-spitalului-clinic-cai-ferate-nr-2-catre-universitatea-de-medicina-si-farmacie\/#primaryimage\",\"url\":\"https:\/\/carpathiacenter.ro\/wp-content\/uploads\/2025\/02\/476969016_1354587706022530_4399792439667603869_n.jpg\",\"contentUrl\":\"https:\/\/carpathiacenter.ro\/wp-content\/uploads\/2025\/02\/476969016_1354587706022530_4399792439667603869_n.jpg\",\"width\":600,\"height\":258},{\"@type\":\"BreadcrumbList\",\"@id\":\"https:\/\/carpathiacenter.ro\/grindeanu-am-semnat-protocolul-de-predare-a-spitalului-clinic-cai-ferate-nr-2-catre-universitatea-de-medicina-si-farmacie\/#breadcrumb\",\"itemListElement\":[{\"@type\":\"ListItem\",\"position\":1,\"name\":\"Prima pagin\u0103\",\"item\":\"https:\/\/carpathiacenter.ro\/\"},{\"@type\":\"ListItem\",\"position\":2,\"name\":\"Grindeanu: Am semnat protocolul de predare a Spitalului Clinic C\u0103i Ferate nr. 2 c\u0103tre Universitatea de Medicin\u0103 \u0219i Farmacie\"}]},{\"@type\":\"WebSite\",\"@id\":\"https:\/\/carpathiacenter.ro\/#website\",\"url\":\"https:\/\/carpathiacenter.ro\/\",\"name\":\"Carpathia Center Romania\",\"description\":\"Impossible made possible!\",\"publisher\":{\"@id\":\"https:\/\/carpathiacenter.ro\/#organization\"},\"potentialAction\":[{\"@type\":\"SearchAction\",\"target\":{\"@type\":\"EntryPoint\",\"urlTemplate\":\"https:\/\/carpathiacenter.ro\/?s={search_term_string}\"},\"query-input\":{\"@type\":\"PropertyValueSpecification\",\"valueRequired\":true,\"valueName\":\"search_term_string\"}}],\"inLanguage\":\"en-GB\"},{\"@type\":\"Organization\",\"@id\":\"https:\/\/carpathiacenter.ro\/#organization\",\"name\":\"Carpathia Center Romania\",\"url\":\"https:\/\/carpathiacenter.ro\/\",\"logo\":{\"@type\":\"ImageObject\",\"inLanguage\":\"en-GB\",\"@id\":\"https:\/\/carpathiacenter.ro\/#\/schema\/logo\/image\/\",\"url\":\"https:\/\/carpathiacenter.ro\/wp-content\/uploads\/2024\/07\/logo-carpathia_bg_white-1024x941.png\",\"contentUrl\":\"https:\/\/carpathiacenter.ro\/wp-content\/uploads\/2024\/07\/logo-carpathia_bg_white-1024x941.png\",\"width\":1024,\"height\":941,\"caption\":\"Carpathia Center Romania\"},\"image\":{\"@id\":\"https:\/\/carpathiacenter.ro\/#\/schema\/logo\/image\/\"},\"sameAs\":[\"https:\/\/www.facebook.com\/fdpscarpathia\/\"]},{\"@type\":\"Person\",\"@id\":\"https:\/\/carpathiacenter.ro\/#\/schema\/person\/03d9f58202fee8379268f34afa195006\",\"name\":\"creativebitsolutions\",\"image\":{\"@type\":\"ImageObject\",\"inLanguage\":\"en-GB\",\"@id\":\"https:\/\/carpathiacenter.ro\/#\/schema\/person\/image\/\",\"url\":\"https:\/\/secure.gravatar.com\/avatar\/1b1a13e37f847c635dab78348f1dff2f07651ee2a3d77a5c355a4b8c75f9165a?s=96&d=mm&r=g\",\"contentUrl\":\"https:\/\/secure.gravatar.com\/avatar\/1b1a13e37f847c635dab78348f1dff2f07651ee2a3d77a5c355a4b8c75f9165a?s=96&d=mm&r=g\",\"caption\":\"creativebitsolutions\"},\"url\":\"https:\/\/carpathiacenter.ro\/en\/author\/creativebitsolutions\/\"}]}<\/script>\n<!-- \/ Yoast SEO plugin. -->","yoast_head_json":{"title":"Grindeanu: Am semnat protocolul de predare a Spitalului Clinic C\u0103i Ferate nr. 2 c\u0103tre Universitatea de Medicin\u0103 \u0219i Farmacie - Carpathia Center Romania","robots":{"index":"index","follow":"follow","max-snippet":"max-snippet:-1","max-image-preview":"max-image-preview:large","max-video-preview":"max-video-preview:-1"},"canonical":"https:\/\/carpathiacenter.ro\/en\/grindeanu-am-semnat-protocolul-de-predare-a-spitalului-clinic-cai-ferate-nr-2-catre-universitatea-de-medicina-si-farmacie\/","og_locale":"en_GB","og_type":"article","og_title":"Grindeanu: Am semnat protocolul de predare a Spitalului Clinic C\u0103i Ferate nr. 2 c\u0103tre Universitatea de Medicin\u0103 \u0219i Farmacie - Carpathia Center Romania","og_description":"Spitalul Clinic C\u0103i Ferate nr. 2 (CF2) din Bucure\u0219ti, aflat \u00een portofoliul Ministerului Transporturilor, a fost predat Universit\u0103\u021bii de Medicin\u0103 \u0219i Farmacie &#8221;Carol Davila&#8221;, a anun\u021bat, mar\u021bi, ministrul Transporturilor \u0219i Infrastructurii, Sorin Grindeanu, pe pagina sa de Facebook. &#8221;Am semnat ast\u0103zi protocolul de predare a Spitalului Clinic C\u0103i Ferate nr. 2 (CF2) din Bucure\u0219ti c\u0103tre...","og_url":"https:\/\/carpathiacenter.ro\/en\/grindeanu-am-semnat-protocolul-de-predare-a-spitalului-clinic-cai-ferate-nr-2-catre-universitatea-de-medicina-si-farmacie\/","og_site_name":"Carpathia Center Romania","article_publisher":"https:\/\/www.facebook.com\/fdpscarpathia\/","article_published_time":"2025-02-11T12:20:11+00:00","article_modified_time":"2025-02-11T12:28:28+00:00","og_image":[{"width":600,"height":258,"url":"https:\/\/carpathiacenter.ro\/wp-content\/uploads\/2025\/02\/476969016_1354587706022530_4399792439667603869_n.jpg","type":"image\/jpeg"}],"author":"creativebitsolutions","twitter_card":"summary_large_image","twitter_misc":{"Written by":"creativebitsolutions","Estimated reading time":"1 minute"},"schema":{"@context":"https:\/\/schema.org","@graph":[{"@type":"Article","@id":"https:\/\/carpathiacenter.ro\/grindeanu-am-semnat-protocolul-de-predare-a-spitalului-clinic-cai-ferate-nr-2-catre-universitatea-de-medicina-si-farmacie\/#article","isPartOf":{"@id":"https:\/\/carpathiacenter.ro\/grindeanu-am-semnat-protocolul-de-predare-a-spitalului-clinic-cai-ferate-nr-2-catre-universitatea-de-medicina-si-farmacie\/"},"author":{"name":"creativebitsolutions","@id":"https:\/\/carpathiacenter.ro\/#\/schema\/person\/03d9f58202fee8379268f34afa195006"},"headline":"Grindeanu: Am semnat protocolul de predare a Spitalului Clinic C\u0103i Ferate nr. 2 c\u0103tre Universitatea de Medicin\u0103 \u0219i Farmacie","datePublished":"2025-02-11T12:20:11+00:00","dateModified":"2025-02-11T12:28:28+00:00","mainEntityOfPage":{"@id":"https:\/\/carpathiacenter.ro\/grindeanu-am-semnat-protocolul-de-predare-a-spitalului-clinic-cai-ferate-nr-2-catre-universitatea-de-medicina-si-farmacie\/"},"wordCount":269,"commentCount":0,"publisher":{"@id":"https:\/\/carpathiacenter.ro\/#organization"},"image":{"@id":"https:\/\/carpathiacenter.ro\/grindeanu-am-semnat-protocolul-de-predare-a-spitalului-clinic-cai-ferate-nr-2-catre-universitatea-de-medicina-si-farmacie\/#primaryimage"},"thumbnailUrl":"https:\/\/carpathiacenter.ro\/wp-content\/uploads\/2025\/02\/476969016_1354587706022530_4399792439667603869_n.jpg","articleSection":["Uncategorized"],"inLanguage":"en-GB","potentialAction":[{"@type":"CommentAction","name":"Comment","target":["https:\/\/carpathiacenter.ro\/grindeanu-am-semnat-protocolul-de-predare-a-spitalului-clinic-cai-ferate-nr-2-catre-universitatea-de-medicina-si-farmacie\/#respond"]}]},{"@type":"WebPage","@id":"https:\/\/carpathiacenter.ro\/grindeanu-am-semnat-protocolul-de-predare-a-spitalului-clinic-cai-ferate-nr-2-catre-universitatea-de-medicina-si-farmacie\/","url":"https:\/\/carpathiacenter.ro\/grindeanu-am-semnat-protocolul-de-predare-a-spitalului-clinic-cai-ferate-nr-2-catre-universitatea-de-medicina-si-farmacie\/","name":"Grindeanu: Am semnat protocolul de predare a Spitalului Clinic C\u0103i Ferate nr. 2 c\u0103tre Universitatea de Medicin\u0103 \u0219i Farmacie - Carpathia Center Romania","isPartOf":{"@id":"https:\/\/carpathiacenter.ro\/#website"},"primaryImageOfPage":{"@id":"https:\/\/carpathiacenter.ro\/grindeanu-am-semnat-protocolul-de-predare-a-spitalului-clinic-cai-ferate-nr-2-catre-universitatea-de-medicina-si-farmacie\/#primaryimage"},"image":{"@id":"https:\/\/carpathiacenter.ro\/grindeanu-am-semnat-protocolul-de-predare-a-spitalului-clinic-cai-ferate-nr-2-catre-universitatea-de-medicina-si-farmacie\/#primaryimage"},"thumbnailUrl":"https:\/\/carpathiacenter.ro\/wp-content\/uploads\/2025\/02\/476969016_1354587706022530_4399792439667603869_n.jpg","datePublished":"2025-02-11T12:20:11+00:00","dateModified":"2025-02-11T12:28:28+00:00","breadcrumb":{"@id":"https:\/\/carpathiacenter.ro\/grindeanu-am-semnat-protocolul-de-predare-a-spitalului-clinic-cai-ferate-nr-2-catre-universitatea-de-medicina-si-farmacie\/#breadcrumb"},"inLanguage":"en-GB","potentialAction":[{"@type":"ReadAction","target":["https:\/\/carpathiacenter.ro\/grindeanu-am-semnat-protocolul-de-predare-a-spitalului-clinic-cai-ferate-nr-2-catre-universitatea-de-medicina-si-farmacie\/"]}]},{"@type":"ImageObject","inLanguage":"en-GB","@id":"https:\/\/carpathiacenter.ro\/grindeanu-am-semnat-protocolul-de-predare-a-spitalului-clinic-cai-ferate-nr-2-catre-universitatea-de-medicina-si-farmacie\/#primaryimage","url":"https:\/\/carpathiacenter.ro\/wp-content\/uploads\/2025\/02\/476969016_1354587706022530_4399792439667603869_n.jpg","contentUrl":"https:\/\/carpathiacenter.ro\/wp-content\/uploads\/2025\/02\/476969016_1354587706022530_4399792439667603869_n.jpg","width":600,"height":258},{"@type":"BreadcrumbList","@id":"https:\/\/carpathiacenter.ro\/grindeanu-am-semnat-protocolul-de-predare-a-spitalului-clinic-cai-ferate-nr-2-catre-universitatea-de-medicina-si-farmacie\/#breadcrumb","itemListElement":[{"@type":"ListItem","position":1,"name":"Prima pagin\u0103","item":"https:\/\/carpathiacenter.ro\/"},{"@type":"ListItem","position":2,"name":"Grindeanu: Am semnat protocolul de predare a Spitalului Clinic C\u0103i Ferate nr. 2 c\u0103tre Universitatea de Medicin\u0103 \u0219i Farmacie"}]},{"@type":"WebSite","@id":"https:\/\/carpathiacenter.ro\/#website","url":"https:\/\/carpathiacenter.ro\/","name":"Carpathia Center Romania","description":"Impossible made possible!","publisher":{"@id":"https:\/\/carpathiacenter.ro\/#organization"},"potentialAction":[{"@type":"SearchAction","target":{"@type":"EntryPoint","urlTemplate":"https:\/\/carpathiacenter.ro\/?s={search_term_string}"},"query-input":{"@type":"PropertyValueSpecification","valueRequired":true,"valueName":"search_term_string"}}],"inLanguage":"en-GB"},{"@type":"Organization","@id":"https:\/\/carpathiacenter.ro\/#organization","name":"Carpathia Center Romania","url":"https:\/\/carpathiacenter.ro\/","logo":{"@type":"ImageObject","inLanguage":"en-GB","@id":"https:\/\/carpathiacenter.ro\/#\/schema\/logo\/image\/","url":"https:\/\/carpathiacenter.ro\/wp-content\/uploads\/2024\/07\/logo-carpathia_bg_white-1024x941.png","contentUrl":"https:\/\/carpathiacenter.ro\/wp-content\/uploads\/2024\/07\/logo-carpathia_bg_white-1024x941.png","width":1024,"height":941,"caption":"Carpathia Center Romania"},"image":{"@id":"https:\/\/carpathiacenter.ro\/#\/schema\/logo\/image\/"},"sameAs":["https:\/\/www.facebook.com\/fdpscarpathia\/"]},{"@type":"Person","@id":"https:\/\/carpathiacenter.ro\/#\/schema\/person\/03d9f58202fee8379268f34afa195006","name":"creativebitsolutions","image":{"@type":"ImageObject","inLanguage":"en-GB","@id":"https:\/\/carpathiacenter.ro\/#\/schema\/person\/image\/","url":"https:\/\/secure.gravatar.com\/avatar\/1b1a13e37f847c635dab78348f1dff2f07651ee2a3d77a5c355a4b8c75f9165a?s=96&d=mm&r=g","contentUrl":"https:\/\/secure.gravatar.com\/avatar\/1b1a13e37f847c635dab78348f1dff2f07651ee2a3d77a5c355a4b8c75f9165a?s=96&d=mm&r=g","caption":"creativebitsolutions"},"url":"https:\/\/carpathiacenter.ro\/en\/author\/creativebitsolutions\/"}]}},"_links":{"self":[{"href":"https:\/\/carpathiacenter.ro\/en\/wp-json\/wp\/v2\/posts\/1857","targetHints":{"allow":["GET"]}}],"collection":[{"href":"https:\/\/carpathiacenter.ro\/en\/wp-json\/wp\/v2\/posts"}],"about":[{"href":"https:\/\/carpathiacenter.ro\/en\/wp-json\/wp\/v2\/types\/post"}],"author":[{"embeddable":true,"href":"https:\/\/carpathiacenter.ro\/en\/wp-json\/wp\/v2\/users\/4"}],"replies":[{"embeddable":true,"href":"https:\/\/carpathiacenter.ro\/en\/wp-json\/wp\/v2\/comments?post=1857"}],"version-history":[{"count":3,"href":"https:\/\/carpathiacenter.ro\/en\/wp-json\/wp\/v2\/posts\/1857\/revisions"}],"predecessor-version":[{"id":1864,"href":"https:\/\/carpathiacenter.ro\/en\/wp-json\/wp\/v2\/posts\/1857\/revisions\/1864"}],"wp:featuredmedia":[{"embeddable":true,"href":"https:\/\/carpathiacenter.ro\/en\/wp-json\/wp\/v2\/media\/1866"}],"wp:attachment":[{"href":"https:\/\/carpathiacenter.ro\/en\/wp-json\/wp\/v2\/media?parent=1857"}],"wp:term":[{"taxonomy":"category","embeddable":true,"href":"https:\/\/carpathiacenter.ro\/en\/wp-json\/wp\/v2\/categories?post=1857"},{"taxonomy":"post_tag","embeddable":true,"href":"https:\/\/carpathiacenter.ro\/en\/wp-json\/wp\/v2\/tags?post=1857"}],"curies":[{"name":"wp","href":"https:\/\/api.w.org\/{rel}","templated":true}]}}