{"id":1839,"date":"2025-02-05T06:04:56","date_gmt":"2025-02-05T06:04:56","guid":{"rendered":"https:\/\/carpathiacenter.ro\/?p=1839"},"modified":"2025-02-06T06:07:39","modified_gmt":"2025-02-06T06:07:39","slug":"ministrul-agriculturii-fermierii-vor-beneficia-si-anul-acesta-de-apa-gratuita-pe-infrastructura-principala-de-irigatii","status":"publish","type":"post","link":"https:\/\/carpathiacenter.ro\/en\/ministrul-agriculturii-fermierii-vor-beneficia-si-anul-acesta-de-apa-gratuita-pe-infrastructura-principala-de-irigatii\/","title":{"rendered":"Ministrul Agriculturii: Fermierii vor beneficia \u0219i anul acesta de ap\u0103 gratuit\u0103 pe infrastructura principal\u0103 de iriga\u021bii"},"content":{"rendered":"<p><strong>Fermierii rom\u00e2ni vor beneficia \u0219i anul acesta de ap\u0103 gratuit\u0103 pe infrastructura principal\u0103 de iriga\u021bii, iar 50% din costurile cu energie electric\u0103 vor fi suportate de stat, a anun\u021bat, mar\u021bi, ministrul Agriculturii \u0219i dezvolt\u0103rii Rurale, Florin Barbu.<\/strong><\/p>\n<p>El a precizat c\u0103 anul acesta pentru sistemul de iriga\u021bii sunt alocate \u00een bugetul MADR peste 2,5 miliarde de lei credite de angajament \u0219i un miliard de lei pe credite bugetare.<\/p>\n<p>&#8221;\u0218i \u00een sistemul de iriga\u021bii avem o alocare pe credite de angajament de 2,5 miliarde de lei, bine\u00een\u021beles, pe credite bugetare avem un miliard de lei pentru continuarea celor 41 de \u0219antiere din Rom\u00e2nia. Complementar, am alocat \u0219i s-au semnat contracte de 500 de milioane de euro pentru infrastructura secundar\u0103 de iriga\u021bii. Vorbim aici de organiza\u021biile de ud\u0103tori, unde \u0219i costul cu energie electric\u0103, 50%, este suportat de c\u0103tre Ministerul Agriculturii. \u0218i anul acesta fermierii vor beneficia de ap\u0103 gratuit\u0103 pe infrastructura principal\u0103 de iriga\u021bii&#8221;, a declarat Barbu, dup\u0103 dezbaterile din comisiile reunite de buget-finan\u021be din Parlament.<\/p>\n<p>Acesta a subliniat c\u0103 va aloca \u0219i desp\u0103gubiri pentru secet\u0103, &#8221;dac\u0103 va fi secet\u0103 \u0219i anul acesta&#8221;, a\u0219a cum a alocat \u0219i \u00een 2024.<\/p>\n<p>&#8221;Dac\u0103 vorbim de secet\u0103, a\u0219tept\u0103m anul acesta s\u0103 vedem dac\u0103 va fi secet\u0103 \u0219i bine\u00een\u021beles, \u00een cazul \u00een care se vor produce schimb\u0103ri climatice \u0219i va fi secet\u0103, noi vom interveni prompt \u0219i vom da desp\u0103gubirile fermierilor, a\u0219a cum am f\u0103cut \u0219i \u00een anul 2024, un an f\u0103r\u0103 precedent \u00een care am pl\u0103tit banii pe secet\u0103 \u00een acela\u0219i an \u00een care s-a produs seceta&#8221;, a mai spus Barbu.<\/p>\n<p>\u00centrebat cum ar fi afectat\u0103 economia Rom\u00e2niei dac\u0103 s-ar aplica o ini\u021biativ\u0103 a unor candida\u021bi la preziden\u021biale care cer ca rom\u00e2nii s\u0103 boicoteze supermarketurile pe modelul Croa\u021bia, ministrul Agriculturii i-a \u00eendemnat pe rom\u00e2ni s\u0103 mearg\u0103 s\u0103 cumpere de oriunde produse procesate \u00een Rom\u00e2nia, pentru c\u0103 un astfel de boicot ar \u00eensemna &#8221;falimentul procesatorilor rom\u00e2ni&#8221;.<\/p>\n<p>&#8221;Sigur, noi trebuie s\u0103 promov\u0103m produsele rom\u00e2ne\u0219ti astfel \u00eenc\u00e2t rom\u00e2nii s\u0103 cumpere aceste produse, s\u0103 aib\u0103 acces la aceste produse. Noi, la Ministerul Agriculturii, \u0219ti\u021bi foarte bine c\u0103 \u00een fiecare lun\u0103 avem t\u00e2rg cu produse agroalimentare rom\u00e2ne\u0219ti unde \u00eei invit\u0103m pe to\u021bi bucure\u0219tenii s\u0103 vin\u0103 s\u0103 cumpere aceste produse de calitate. Dar cred c\u0103 acesta este un subiect mai mult politic \u0219i v\u0103 spun acest lucru. De ce? Pentru c\u0103 \u00een magazinele de retail din Rom\u00e2nia 70% din aceste produse sunt rom\u00e2ne\u0219ti sunt realizate de c\u0103tre procesatori rom\u00e2ni. \u0218ti\u021bi ce ar \u00eensemna o s\u0103pt\u0103m\u00e2n\u0103 s\u0103 boicot\u0103m magazinele de retail, s\u0103 nu vindem produse procesate \u00een Rom\u00e2nia? Ar \u00eensemna falimentul procesatorilor rom\u00e2ni. Eu \u00eei \u00eendemn pe rom\u00e2ni s\u0103 mearg\u0103 oriunde, c\u0103 merg \u00een pie\u021be, c\u0103 merg \u00een retail, c\u0103 merg \u00een magazinele de cartier, s\u0103 cumpere \u0219i s\u0103 caute eticheta cu produs procesat \u00een Rom\u00e2nia&#8221;, a transmis oficialul MADR. AGERPRES\/(AS &#8211; autor: Mariana Nica, editor: Nicoleta Gherasi, editor online: Gabriela Badea)<\/p>\n<p>https:\/\/agerpres.ro\/economic\/2025\/02\/04\/ministrul-agriculturii-fermierii-vor-beneficia-si-anul-acesta-de-apa-gratuita-pe-infrastructura-prin&#8211;1419630<\/p>","protected":false},"excerpt":{"rendered":"<p>Fermierii rom\u00e2ni vor beneficia \u0219i anul acesta de ap\u0103 gratuit\u0103 pe infrastructura principal\u0103 de iriga\u021bii, iar 50% din costurile cu energie electric\u0103 vor fi suportate de stat, a anun\u021bat, mar\u021bi, ministrul Agriculturii \u0219i dezvolt\u0103rii Rurale, Florin Barbu. El a precizat c\u0103 anul acesta pentru sistemul de iriga\u021bii sunt alocate \u00een bugetul MADR peste 2,5 miliarde&#8230;<\/p>","protected":false},"author":4,"featured_media":1843,"comment_status":"open","ping_status":"open","sticky":false,"template":"","format":"standard","meta":{"footnotes":""},"categories":[1],"tags":[],"class_list":["post-1839","post","type-post","status-publish","format-standard","has-post-thumbnail","hentry","category-uncategorized"],"yoast_head":"<!-- This site is optimized with the Yoast SEO plugin v26.1.1 - https:\/\/yoast.com\/wordpress\/plugins\/seo\/ -->\n<title>Ministrul Agriculturii: Fermierii vor beneficia \u0219i anul acesta de ap\u0103 gratuit\u0103 pe infrastructura principal\u0103 de iriga\u021bii - Carpathia Center Romania<\/title>\n<meta name=\"robots\" content=\"index, follow, max-snippet:-1, max-image-preview:large, max-video-preview:-1\" \/>\n<link rel=\"canonical\" href=\"https:\/\/carpathiacenter.ro\/en\/ministrul-agriculturii-fermierii-vor-beneficia-si-anul-acesta-de-apa-gratuita-pe-infrastructura-principala-de-irigatii\/\" \/>\n<meta property=\"og:locale\" content=\"en_GB\" \/>\n<meta property=\"og:type\" content=\"article\" \/>\n<meta property=\"og:title\" content=\"Ministrul Agriculturii: Fermierii vor beneficia \u0219i anul acesta de ap\u0103 gratuit\u0103 pe infrastructura principal\u0103 de iriga\u021bii - Carpathia Center Romania\" \/>\n<meta property=\"og:description\" content=\"Fermierii rom\u00e2ni vor beneficia \u0219i anul acesta de ap\u0103 gratuit\u0103 pe infrastructura principal\u0103 de iriga\u021bii, iar 50% din costurile cu energie electric\u0103 vor fi suportate de stat, a anun\u021bat, mar\u021bi, ministrul Agriculturii \u0219i dezvolt\u0103rii Rurale, Florin Barbu. El a precizat c\u0103 anul acesta pentru sistemul de iriga\u021bii sunt alocate \u00een bugetul MADR peste 2,5 miliarde...\" \/>\n<meta property=\"og:url\" content=\"https:\/\/carpathiacenter.ro\/en\/ministrul-agriculturii-fermierii-vor-beneficia-si-anul-acesta-de-apa-gratuita-pe-infrastructura-principala-de-irigatii\/\" \/>\n<meta property=\"og:site_name\" content=\"Carpathia Center Romania\" \/>\n<meta property=\"article:publisher\" content=\"https:\/\/www.facebook.com\/fdpscarpathia\/\" \/>\n<meta property=\"article:published_time\" content=\"2025-02-05T06:04:56+00:00\" \/>\n<meta property=\"article:modified_time\" content=\"2025-02-06T06:07:39+00:00\" \/>\n<meta property=\"og:image\" content=\"https:\/\/carpathiacenter.ro\/wp-content\/uploads\/2025\/02\/Barbu-Florin-Ionut-Ministrul-Agriculturii.jpg\" \/>\n\t<meta property=\"og:image:width\" content=\"1212\" \/>\n\t<meta property=\"og:image:height\" content=\"750\" \/>\n\t<meta property=\"og:image:type\" content=\"image\/jpeg\" \/>\n<meta name=\"author\" content=\"creativebitsolutions\" \/>\n<meta name=\"twitter:card\" content=\"summary_large_image\" \/>\n<meta name=\"twitter:label1\" content=\"Written by\" \/>\n\t<meta name=\"twitter:data1\" content=\"creativebitsolutions\" \/>\n\t<meta name=\"twitter:label2\" content=\"Estimated reading time\" \/>\n\t<meta name=\"twitter:data2\" content=\"3 minutes\" \/>\n<script type=\"application\/ld+json\" class=\"yoast-schema-graph\">{\"@context\":\"https:\/\/schema.org\",\"@graph\":[{\"@type\":\"Article\",\"@id\":\"https:\/\/carpathiacenter.ro\/ministrul-agriculturii-fermierii-vor-beneficia-si-anul-acesta-de-apa-gratuita-pe-infrastructura-principala-de-irigatii\/#article\",\"isPartOf\":{\"@id\":\"https:\/\/carpathiacenter.ro\/ministrul-agriculturii-fermierii-vor-beneficia-si-anul-acesta-de-apa-gratuita-pe-infrastructura-principala-de-irigatii\/\"},\"author\":{\"name\":\"creativebitsolutions\",\"@id\":\"https:\/\/carpathiacenter.ro\/#\/schema\/person\/03d9f58202fee8379268f34afa195006\"},\"headline\":\"Ministrul Agriculturii: Fermierii vor beneficia \u0219i anul acesta de ap\u0103 gratuit\u0103 pe infrastructura principal\u0103 de iriga\u021bii\",\"datePublished\":\"2025-02-05T06:04:56+00:00\",\"dateModified\":\"2025-02-06T06:07:39+00:00\",\"mainEntityOfPage\":{\"@id\":\"https:\/\/carpathiacenter.ro\/ministrul-agriculturii-fermierii-vor-beneficia-si-anul-acesta-de-apa-gratuita-pe-infrastructura-principala-de-irigatii\/\"},\"wordCount\":550,\"commentCount\":0,\"publisher\":{\"@id\":\"https:\/\/carpathiacenter.ro\/#organization\"},\"image\":{\"@id\":\"https:\/\/carpathiacenter.ro\/ministrul-agriculturii-fermierii-vor-beneficia-si-anul-acesta-de-apa-gratuita-pe-infrastructura-principala-de-irigatii\/#primaryimage\"},\"thumbnailUrl\":\"https:\/\/carpathiacenter.ro\/wp-content\/uploads\/2025\/02\/Barbu-Florin-Ionut-Ministrul-Agriculturii.jpg\",\"articleSection\":[\"Uncategorized\"],\"inLanguage\":\"en-GB\",\"potentialAction\":[{\"@type\":\"CommentAction\",\"name\":\"Comment\",\"target\":[\"https:\/\/carpathiacenter.ro\/ministrul-agriculturii-fermierii-vor-beneficia-si-anul-acesta-de-apa-gratuita-pe-infrastructura-principala-de-irigatii\/#respond\"]}]},{\"@type\":\"WebPage\",\"@id\":\"https:\/\/carpathiacenter.ro\/ministrul-agriculturii-fermierii-vor-beneficia-si-anul-acesta-de-apa-gratuita-pe-infrastructura-principala-de-irigatii\/\",\"url\":\"https:\/\/carpathiacenter.ro\/ministrul-agriculturii-fermierii-vor-beneficia-si-anul-acesta-de-apa-gratuita-pe-infrastructura-principala-de-irigatii\/\",\"name\":\"Ministrul Agriculturii: Fermierii vor beneficia \u0219i anul acesta de ap\u0103 gratuit\u0103 pe infrastructura principal\u0103 de iriga\u021bii - Carpathia Center Romania\",\"isPartOf\":{\"@id\":\"https:\/\/carpathiacenter.ro\/#website\"},\"primaryImageOfPage\":{\"@id\":\"https:\/\/carpathiacenter.ro\/ministrul-agriculturii-fermierii-vor-beneficia-si-anul-acesta-de-apa-gratuita-pe-infrastructura-principala-de-irigatii\/#primaryimage\"},\"image\":{\"@id\":\"https:\/\/carpathiacenter.ro\/ministrul-agriculturii-fermierii-vor-beneficia-si-anul-acesta-de-apa-gratuita-pe-infrastructura-principala-de-irigatii\/#primaryimage\"},\"thumbnailUrl\":\"https:\/\/carpathiacenter.ro\/wp-content\/uploads\/2025\/02\/Barbu-Florin-Ionut-Ministrul-Agriculturii.jpg\",\"datePublished\":\"2025-02-05T06:04:56+00:00\",\"dateModified\":\"2025-02-06T06:07:39+00:00\",\"breadcrumb\":{\"@id\":\"https:\/\/carpathiacenter.ro\/ministrul-agriculturii-fermierii-vor-beneficia-si-anul-acesta-de-apa-gratuita-pe-infrastructura-principala-de-irigatii\/#breadcrumb\"},\"inLanguage\":\"en-GB\",\"potentialAction\":[{\"@type\":\"ReadAction\",\"target\":[\"https:\/\/carpathiacenter.ro\/ministrul-agriculturii-fermierii-vor-beneficia-si-anul-acesta-de-apa-gratuita-pe-infrastructura-principala-de-irigatii\/\"]}]},{\"@type\":\"ImageObject\",\"inLanguage\":\"en-GB\",\"@id\":\"https:\/\/carpathiacenter.ro\/ministrul-agriculturii-fermierii-vor-beneficia-si-anul-acesta-de-apa-gratuita-pe-infrastructura-principala-de-irigatii\/#primaryimage\",\"url\":\"https:\/\/carpathiacenter.ro\/wp-content\/uploads\/2025\/02\/Barbu-Florin-Ionut-Ministrul-Agriculturii.jpg\",\"contentUrl\":\"https:\/\/carpathiacenter.ro\/wp-content\/uploads\/2025\/02\/Barbu-Florin-Ionut-Ministrul-Agriculturii.jpg\",\"width\":1212,\"height\":750},{\"@type\":\"BreadcrumbList\",\"@id\":\"https:\/\/carpathiacenter.ro\/ministrul-agriculturii-fermierii-vor-beneficia-si-anul-acesta-de-apa-gratuita-pe-infrastructura-principala-de-irigatii\/#breadcrumb\",\"itemListElement\":[{\"@type\":\"ListItem\",\"position\":1,\"name\":\"Prima pagin\u0103\",\"item\":\"https:\/\/carpathiacenter.ro\/\"},{\"@type\":\"ListItem\",\"position\":2,\"name\":\"Ministrul Agriculturii: Fermierii vor beneficia \u0219i anul acesta de ap\u0103 gratuit\u0103 pe infrastructura principal\u0103 de iriga\u021bii\"}]},{\"@type\":\"WebSite\",\"@id\":\"https:\/\/carpathiacenter.ro\/#website\",\"url\":\"https:\/\/carpathiacenter.ro\/\",\"name\":\"Carpathia Center Romania\",\"description\":\"Impossible made possible!\",\"publisher\":{\"@id\":\"https:\/\/carpathiacenter.ro\/#organization\"},\"potentialAction\":[{\"@type\":\"SearchAction\",\"target\":{\"@type\":\"EntryPoint\",\"urlTemplate\":\"https:\/\/carpathiacenter.ro\/?s={search_term_string}\"},\"query-input\":{\"@type\":\"PropertyValueSpecification\",\"valueRequired\":true,\"valueName\":\"search_term_string\"}}],\"inLanguage\":\"en-GB\"},{\"@type\":\"Organization\",\"@id\":\"https:\/\/carpathiacenter.ro\/#organization\",\"name\":\"Carpathia Center Romania\",\"url\":\"https:\/\/carpathiacenter.ro\/\",\"logo\":{\"@type\":\"ImageObject\",\"inLanguage\":\"en-GB\",\"@id\":\"https:\/\/carpathiacenter.ro\/#\/schema\/logo\/image\/\",\"url\":\"https:\/\/carpathiacenter.ro\/wp-content\/uploads\/2024\/07\/logo-carpathia_bg_white-1024x941.png\",\"contentUrl\":\"https:\/\/carpathiacenter.ro\/wp-content\/uploads\/2024\/07\/logo-carpathia_bg_white-1024x941.png\",\"width\":1024,\"height\":941,\"caption\":\"Carpathia Center Romania\"},\"image\":{\"@id\":\"https:\/\/carpathiacenter.ro\/#\/schema\/logo\/image\/\"},\"sameAs\":[\"https:\/\/www.facebook.com\/fdpscarpathia\/\"]},{\"@type\":\"Person\",\"@id\":\"https:\/\/carpathiacenter.ro\/#\/schema\/person\/03d9f58202fee8379268f34afa195006\",\"name\":\"creativebitsolutions\",\"image\":{\"@type\":\"ImageObject\",\"inLanguage\":\"en-GB\",\"@id\":\"https:\/\/carpathiacenter.ro\/#\/schema\/person\/image\/\",\"url\":\"https:\/\/secure.gravatar.com\/avatar\/1b1a13e37f847c635dab78348f1dff2f07651ee2a3d77a5c355a4b8c75f9165a?s=96&d=mm&r=g\",\"contentUrl\":\"https:\/\/secure.gravatar.com\/avatar\/1b1a13e37f847c635dab78348f1dff2f07651ee2a3d77a5c355a4b8c75f9165a?s=96&d=mm&r=g\",\"caption\":\"creativebitsolutions\"},\"url\":\"https:\/\/carpathiacenter.ro\/en\/author\/creativebitsolutions\/\"}]}<\/script>\n<!-- \/ Yoast SEO plugin. -->","yoast_head_json":{"title":"Ministrul Agriculturii: Fermierii vor beneficia \u0219i anul acesta de ap\u0103 gratuit\u0103 pe infrastructura principal\u0103 de iriga\u021bii - Carpathia Center Romania","robots":{"index":"index","follow":"follow","max-snippet":"max-snippet:-1","max-image-preview":"max-image-preview:large","max-video-preview":"max-video-preview:-1"},"canonical":"https:\/\/carpathiacenter.ro\/en\/ministrul-agriculturii-fermierii-vor-beneficia-si-anul-acesta-de-apa-gratuita-pe-infrastructura-principala-de-irigatii\/","og_locale":"en_GB","og_type":"article","og_title":"Ministrul Agriculturii: Fermierii vor beneficia \u0219i anul acesta de ap\u0103 gratuit\u0103 pe infrastructura principal\u0103 de iriga\u021bii - Carpathia Center Romania","og_description":"Fermierii rom\u00e2ni vor beneficia \u0219i anul acesta de ap\u0103 gratuit\u0103 pe infrastructura principal\u0103 de iriga\u021bii, iar 50% din costurile cu energie electric\u0103 vor fi suportate de stat, a anun\u021bat, mar\u021bi, ministrul Agriculturii \u0219i dezvolt\u0103rii Rurale, Florin Barbu. El a precizat c\u0103 anul acesta pentru sistemul de iriga\u021bii sunt alocate \u00een bugetul MADR peste 2,5 miliarde...","og_url":"https:\/\/carpathiacenter.ro\/en\/ministrul-agriculturii-fermierii-vor-beneficia-si-anul-acesta-de-apa-gratuita-pe-infrastructura-principala-de-irigatii\/","og_site_name":"Carpathia Center Romania","article_publisher":"https:\/\/www.facebook.com\/fdpscarpathia\/","article_published_time":"2025-02-05T06:04:56+00:00","article_modified_time":"2025-02-06T06:07:39+00:00","og_image":[{"width":1212,"height":750,"url":"https:\/\/carpathiacenter.ro\/wp-content\/uploads\/2025\/02\/Barbu-Florin-Ionut-Ministrul-Agriculturii.jpg","type":"image\/jpeg"}],"author":"creativebitsolutions","twitter_card":"summary_large_image","twitter_misc":{"Written by":"creativebitsolutions","Estimated reading time":"3 minutes"},"schema":{"@context":"https:\/\/schema.org","@graph":[{"@type":"Article","@id":"https:\/\/carpathiacenter.ro\/ministrul-agriculturii-fermierii-vor-beneficia-si-anul-acesta-de-apa-gratuita-pe-infrastructura-principala-de-irigatii\/#article","isPartOf":{"@id":"https:\/\/carpathiacenter.ro\/ministrul-agriculturii-fermierii-vor-beneficia-si-anul-acesta-de-apa-gratuita-pe-infrastructura-principala-de-irigatii\/"},"author":{"name":"creativebitsolutions","@id":"https:\/\/carpathiacenter.ro\/#\/schema\/person\/03d9f58202fee8379268f34afa195006"},"headline":"Ministrul Agriculturii: Fermierii vor beneficia \u0219i anul acesta de ap\u0103 gratuit\u0103 pe infrastructura principal\u0103 de iriga\u021bii","datePublished":"2025-02-05T06:04:56+00:00","dateModified":"2025-02-06T06:07:39+00:00","mainEntityOfPage":{"@id":"https:\/\/carpathiacenter.ro\/ministrul-agriculturii-fermierii-vor-beneficia-si-anul-acesta-de-apa-gratuita-pe-infrastructura-principala-de-irigatii\/"},"wordCount":550,"commentCount":0,"publisher":{"@id":"https:\/\/carpathiacenter.ro\/#organization"},"image":{"@id":"https:\/\/carpathiacenter.ro\/ministrul-agriculturii-fermierii-vor-beneficia-si-anul-acesta-de-apa-gratuita-pe-infrastructura-principala-de-irigatii\/#primaryimage"},"thumbnailUrl":"https:\/\/carpathiacenter.ro\/wp-content\/uploads\/2025\/02\/Barbu-Florin-Ionut-Ministrul-Agriculturii.jpg","articleSection":["Uncategorized"],"inLanguage":"en-GB","potentialAction":[{"@type":"CommentAction","name":"Comment","target":["https:\/\/carpathiacenter.ro\/ministrul-agriculturii-fermierii-vor-beneficia-si-anul-acesta-de-apa-gratuita-pe-infrastructura-principala-de-irigatii\/#respond"]}]},{"@type":"WebPage","@id":"https:\/\/carpathiacenter.ro\/ministrul-agriculturii-fermierii-vor-beneficia-si-anul-acesta-de-apa-gratuita-pe-infrastructura-principala-de-irigatii\/","url":"https:\/\/carpathiacenter.ro\/ministrul-agriculturii-fermierii-vor-beneficia-si-anul-acesta-de-apa-gratuita-pe-infrastructura-principala-de-irigatii\/","name":"Ministrul Agriculturii: Fermierii vor beneficia \u0219i anul acesta de ap\u0103 gratuit\u0103 pe infrastructura principal\u0103 de iriga\u021bii - Carpathia Center Romania","isPartOf":{"@id":"https:\/\/carpathiacenter.ro\/#website"},"primaryImageOfPage":{"@id":"https:\/\/carpathiacenter.ro\/ministrul-agriculturii-fermierii-vor-beneficia-si-anul-acesta-de-apa-gratuita-pe-infrastructura-principala-de-irigatii\/#primaryimage"},"image":{"@id":"https:\/\/carpathiacenter.ro\/ministrul-agriculturii-fermierii-vor-beneficia-si-anul-acesta-de-apa-gratuita-pe-infrastructura-principala-de-irigatii\/#primaryimage"},"thumbnailUrl":"https:\/\/carpathiacenter.ro\/wp-content\/uploads\/2025\/02\/Barbu-Florin-Ionut-Ministrul-Agriculturii.jpg","datePublished":"2025-02-05T06:04:56+00:00","dateModified":"2025-02-06T06:07:39+00:00","breadcrumb":{"@id":"https:\/\/carpathiacenter.ro\/ministrul-agriculturii-fermierii-vor-beneficia-si-anul-acesta-de-apa-gratuita-pe-infrastructura-principala-de-irigatii\/#breadcrumb"},"inLanguage":"en-GB","potentialAction":[{"@type":"ReadAction","target":["https:\/\/carpathiacenter.ro\/ministrul-agriculturii-fermierii-vor-beneficia-si-anul-acesta-de-apa-gratuita-pe-infrastructura-principala-de-irigatii\/"]}]},{"@type":"ImageObject","inLanguage":"en-GB","@id":"https:\/\/carpathiacenter.ro\/ministrul-agriculturii-fermierii-vor-beneficia-si-anul-acesta-de-apa-gratuita-pe-infrastructura-principala-de-irigatii\/#primaryimage","url":"https:\/\/carpathiacenter.ro\/wp-content\/uploads\/2025\/02\/Barbu-Florin-Ionut-Ministrul-Agriculturii.jpg","contentUrl":"https:\/\/carpathiacenter.ro\/wp-content\/uploads\/2025\/02\/Barbu-Florin-Ionut-Ministrul-Agriculturii.jpg","width":1212,"height":750},{"@type":"BreadcrumbList","@id":"https:\/\/carpathiacenter.ro\/ministrul-agriculturii-fermierii-vor-beneficia-si-anul-acesta-de-apa-gratuita-pe-infrastructura-principala-de-irigatii\/#breadcrumb","itemListElement":[{"@type":"ListItem","position":1,"name":"Prima pagin\u0103","item":"https:\/\/carpathiacenter.ro\/"},{"@type":"ListItem","position":2,"name":"Ministrul Agriculturii: Fermierii vor beneficia \u0219i anul acesta de ap\u0103 gratuit\u0103 pe infrastructura principal\u0103 de iriga\u021bii"}]},{"@type":"WebSite","@id":"https:\/\/carpathiacenter.ro\/#website","url":"https:\/\/carpathiacenter.ro\/","name":"Carpathia Center Romania","description":"Impossible made possible!","publisher":{"@id":"https:\/\/carpathiacenter.ro\/#organization"},"potentialAction":[{"@type":"SearchAction","target":{"@type":"EntryPoint","urlTemplate":"https:\/\/carpathiacenter.ro\/?s={search_term_string}"},"query-input":{"@type":"PropertyValueSpecification","valueRequired":true,"valueName":"search_term_string"}}],"inLanguage":"en-GB"},{"@type":"Organization","@id":"https:\/\/carpathiacenter.ro\/#organization","name":"Carpathia Center Romania","url":"https:\/\/carpathiacenter.ro\/","logo":{"@type":"ImageObject","inLanguage":"en-GB","@id":"https:\/\/carpathiacenter.ro\/#\/schema\/logo\/image\/","url":"https:\/\/carpathiacenter.ro\/wp-content\/uploads\/2024\/07\/logo-carpathia_bg_white-1024x941.png","contentUrl":"https:\/\/carpathiacenter.ro\/wp-content\/uploads\/2024\/07\/logo-carpathia_bg_white-1024x941.png","width":1024,"height":941,"caption":"Carpathia Center Romania"},"image":{"@id":"https:\/\/carpathiacenter.ro\/#\/schema\/logo\/image\/"},"sameAs":["https:\/\/www.facebook.com\/fdpscarpathia\/"]},{"@type":"Person","@id":"https:\/\/carpathiacenter.ro\/#\/schema\/person\/03d9f58202fee8379268f34afa195006","name":"creativebitsolutions","image":{"@type":"ImageObject","inLanguage":"en-GB","@id":"https:\/\/carpathiacenter.ro\/#\/schema\/person\/image\/","url":"https:\/\/secure.gravatar.com\/avatar\/1b1a13e37f847c635dab78348f1dff2f07651ee2a3d77a5c355a4b8c75f9165a?s=96&d=mm&r=g","contentUrl":"https:\/\/secure.gravatar.com\/avatar\/1b1a13e37f847c635dab78348f1dff2f07651ee2a3d77a5c355a4b8c75f9165a?s=96&d=mm&r=g","caption":"creativebitsolutions"},"url":"https:\/\/carpathiacenter.ro\/en\/author\/creativebitsolutions\/"}]}},"_links":{"self":[{"href":"https:\/\/carpathiacenter.ro\/en\/wp-json\/wp\/v2\/posts\/1839","targetHints":{"allow":["GET"]}}],"collection":[{"href":"https:\/\/carpathiacenter.ro\/en\/wp-json\/wp\/v2\/posts"}],"about":[{"href":"https:\/\/carpathiacenter.ro\/en\/wp-json\/wp\/v2\/types\/post"}],"author":[{"embeddable":true,"href":"https:\/\/carpathiacenter.ro\/en\/wp-json\/wp\/v2\/users\/4"}],"replies":[{"embeddable":true,"href":"https:\/\/carpathiacenter.ro\/en\/wp-json\/wp\/v2\/comments?post=1839"}],"version-history":[{"count":1,"href":"https:\/\/carpathiacenter.ro\/en\/wp-json\/wp\/v2\/posts\/1839\/revisions"}],"predecessor-version":[{"id":1840,"href":"https:\/\/carpathiacenter.ro\/en\/wp-json\/wp\/v2\/posts\/1839\/revisions\/1840"}],"wp:featuredmedia":[{"embeddable":true,"href":"https:\/\/carpathiacenter.ro\/en\/wp-json\/wp\/v2\/media\/1843"}],"wp:attachment":[{"href":"https:\/\/carpathiacenter.ro\/en\/wp-json\/wp\/v2\/media?parent=1839"}],"wp:term":[{"taxonomy":"category","embeddable":true,"href":"https:\/\/carpathiacenter.ro\/en\/wp-json\/wp\/v2\/categories?post=1839"},{"taxonomy":"post_tag","embeddable":true,"href":"https:\/\/carpathiacenter.ro\/en\/wp-json\/wp\/v2\/tags?post=1839"}],"curies":[{"name":"wp","href":"https:\/\/api.w.org\/{rel}","templated":true}]}}