{"id":1813,"date":"2025-01-30T10:05:25","date_gmt":"2025-01-30T10:05:25","guid":{"rendered":"https:\/\/carpathiacenter.ro\/?p=1813"},"modified":"2025-01-30T10:05:25","modified_gmt":"2025-01-30T10:05:25","slug":"burduja-justitia-a-respins-cererea-greenpeace-de-suspendare-a-lucrarilor-pentru-exploatarea-gazelor-din-marea-neagra","status":"publish","type":"post","link":"https:\/\/carpathiacenter.ro\/en\/burduja-justitia-a-respins-cererea-greenpeace-de-suspendare-a-lucrarilor-pentru-exploatarea-gazelor-din-marea-neagra\/","title":{"rendered":"Burduja: Justi\u021bia a respins cererea Greenpeace de suspendare a lucr\u0103rilor pentru exploatarea gazelor din Marea Neagr\u0103"},"content":{"rendered":"<p><strong>Justi\u021bia a dat dreptate Rom\u00e2niei, resping\u00e2nd cererea Greenpeace de suspendare a lucr\u0103rilor pentru exploatarea gazelor din Marea Neagr\u0103, sus\u021bine ministrul Energiei, Sebastian Burduja.<\/strong><\/p>\n<p>&#8221;Ast\u0103zi, justi\u021bia a dat dreptate Rom\u00e2niei, resping\u00e2nd cererea Greenpeace de suspendare a lucr\u0103rilor pentru exploatarea gazelor din Marea Neagr\u0103. Aceast\u0103 decizie confirm\u0103 ceea ce am spus de la bun \u00eenceput: avem dreptul \u0219i datoria de a valorifica resursele noastre naturale pentru securitatea energetic\u0103 a \u021b\u0103rii. Greenpeace a \u00eencercat s\u0103 blocheze prin instan\u021b\u0103 acordul de mediu pentru Neptun Deep, un proiect strategic care va dubla produc\u021bia de gaz rom\u00e2nesc, va crea locuri de munc\u0103 \u0219i va aduce peste 20 de miliarde de euro la buget. Mai mult, Greenpeace e bun\u0103 de plat\u0103: 450.000 de lei (150.000 lei pentru fiecare parte \u00een proces). Cine gre\u0219e\u0219te pl\u0103te\u0219te! Ast\u0103zi, Rom\u00e2nia a c\u00e2\u0219tigat!&#8221;, <a href=\"https:\/\/www.facebook.com\/tianu\/posts\/pfbid0H1MQRPCdFjDo4Y8dS9cUqS8xMJYvRbcz5wUCbkdtUH8js6nXTgCPxw2A7uvP1Pvrl?locale=ro_RO\" target=\"_blank\">a scris ministrul, joi, pe pagina sa de Facebook<\/a>.<\/p>\n<p>Potrivit acestuia, gazele din Marea Neagr\u0103 vor asigura un pre\u021b mai stabil \u0219i mai mic pentru rom\u00e2ni.<\/p>\n<p>&#8221;De ce este acest proiect vital? Gazele din Marea Neagr\u0103 vor asigura un pre\u021b mai stabil \u0219i mai mic pentru rom\u00e2ni. Vom deveni un furnizor regional de energie. Al\u021bii vor depinde de noi, nu noi de al\u021bii. Asigur\u0103m tranzi\u021bia energetic\u0103 echilibrat\u0103, f\u0103r\u0103 s\u0103 sacrific\u0103m competitivitatea \u021b\u0103rii \u0219i standardul de trai al rom\u00e2nilor. Rom\u00e2nia \u00ee\u0219i folose\u0219te propriile resurse \u0219i c\u00e2\u0219tig\u0103 \u00een fa\u021ba unei organiza\u021bii de mediu care \u00eencearc\u0103 s\u0103 blocheze sistematic proiectele energetice ale \u021b\u0103rii. Felicit\u0103ri, Aristotel Jude \u0219i R\u0103zvan Popescu, tuturor colegilor de la Romgaz, partenerilor de la OMV Petrom \u0219i tuturor celor care lupt\u0103 pentru Rom\u00e2nia! Asta e diferen\u021ba \u00eentre cei care doar vorbesc despre independen\u021b\u0103 energetic\u0103, dar cer Europei s\u0103 revin\u0103 la dependen\u021ba de gazul rusesc, \u0219i cei care chiar fac lucruri pentru Rom\u00e2nia puternic\u0103 \u0219i capabil\u0103 s\u0103-\u0219i decid\u0103 singur\u0103 viitorul energetic!&#8221;, a concluzionat ministrul Energiei. AGERPRES\/(AS &#8211; autor: Nicoleta B\u0103nciulea, editor: Mariana Nica, editor online: Gabriela Badea)&nbsp;<\/p>\n<p><\/p>\n<p><a href=\"https:\/\/agerpres.ro\/economic\/2025\/01\/30\/burduja-justitia-a-respins-cererea-greenpeace-de-suspendare-a-lucrarilor-pentru-exploatarea-gazelor---1417635\" target=\"_blank\">Sursa<\/a><\/p>","protected":false},"excerpt":{"rendered":"<p>Justi\u021bia a dat dreptate Rom\u00e2niei, resping\u00e2nd cererea Greenpeace de suspendare a lucr\u0103rilor pentru exploatarea gazelor din Marea Neagr\u0103, sus\u021bine ministrul Energiei, Sebastian Burduja. &#8221;Ast\u0103zi, justi\u021bia a dat dreptate Rom\u00e2niei, resping\u00e2nd cererea Greenpeace de suspendare a lucr\u0103rilor pentru exploatarea gazelor din Marea Neagr\u0103. Aceast\u0103 decizie confirm\u0103 ceea ce am spus de la bun \u00eenceput: avem dreptul&#8230;<\/p>","protected":false},"author":4,"featured_media":1814,"comment_status":"open","ping_status":"open","sticky":false,"template":"","format":"standard","meta":{"footnotes":""},"categories":[1],"tags":[],"class_list":["post-1813","post","type-post","status-publish","format-standard","has-post-thumbnail","hentry","category-uncategorized"],"yoast_head":"<!-- This site is optimized with the Yoast SEO plugin v26.1.1 - https:\/\/yoast.com\/wordpress\/plugins\/seo\/ -->\n<title>Burduja: Justi\u021bia a respins cererea Greenpeace de suspendare a lucr\u0103rilor pentru exploatarea gazelor din Marea Neagr\u0103 - Carpathia Center Romania<\/title>\n<meta name=\"robots\" content=\"index, follow, max-snippet:-1, max-image-preview:large, max-video-preview:-1\" \/>\n<link rel=\"canonical\" href=\"https:\/\/carpathiacenter.ro\/en\/burduja-justitia-a-respins-cererea-greenpeace-de-suspendare-a-lucrarilor-pentru-exploatarea-gazelor-din-marea-neagra\/\" \/>\n<meta property=\"og:locale\" content=\"en_GB\" \/>\n<meta property=\"og:type\" content=\"article\" \/>\n<meta property=\"og:title\" content=\"Burduja: Justi\u021bia a respins cererea Greenpeace de suspendare a lucr\u0103rilor pentru exploatarea gazelor din Marea Neagr\u0103 - Carpathia Center Romania\" \/>\n<meta property=\"og:description\" content=\"Justi\u021bia a dat dreptate Rom\u00e2niei, resping\u00e2nd cererea Greenpeace de suspendare a lucr\u0103rilor pentru exploatarea gazelor din Marea Neagr\u0103, sus\u021bine ministrul Energiei, Sebastian Burduja. &#8221;Ast\u0103zi, justi\u021bia a dat dreptate Rom\u00e2niei, resping\u00e2nd cererea Greenpeace de suspendare a lucr\u0103rilor pentru exploatarea gazelor din Marea Neagr\u0103. Aceast\u0103 decizie confirm\u0103 ceea ce am spus de la bun \u00eenceput: avem dreptul...\" \/>\n<meta property=\"og:url\" content=\"https:\/\/carpathiacenter.ro\/en\/burduja-justitia-a-respins-cererea-greenpeace-de-suspendare-a-lucrarilor-pentru-exploatarea-gazelor-din-marea-neagra\/\" \/>\n<meta property=\"og:site_name\" content=\"Carpathia Center Romania\" \/>\n<meta property=\"article:publisher\" content=\"https:\/\/www.facebook.com\/fdpscarpathia\/\" \/>\n<meta property=\"article:published_time\" content=\"2025-01-30T10:05:25+00:00\" \/>\n<meta property=\"og:image\" content=\"https:\/\/carpathiacenter.ro\/wp-content\/uploads\/2025\/01\/Exploatarea-gazelor-din-Marea-Neagra.jpg\" \/>\n\t<meta property=\"og:image:width\" content=\"780\" \/>\n\t<meta property=\"og:image:height\" content=\"440\" \/>\n\t<meta property=\"og:image:type\" content=\"image\/jpeg\" \/>\n<meta name=\"author\" content=\"creativebitsolutions\" \/>\n<meta name=\"twitter:card\" content=\"summary_large_image\" \/>\n<meta name=\"twitter:label1\" content=\"Written by\" \/>\n\t<meta name=\"twitter:data1\" content=\"creativebitsolutions\" \/>\n\t<meta name=\"twitter:label2\" content=\"Estimated reading time\" \/>\n\t<meta name=\"twitter:data2\" content=\"2 minutes\" \/>\n<script type=\"application\/ld+json\" class=\"yoast-schema-graph\">{\"@context\":\"https:\/\/schema.org\",\"@graph\":[{\"@type\":\"Article\",\"@id\":\"https:\/\/carpathiacenter.ro\/burduja-justitia-a-respins-cererea-greenpeace-de-suspendare-a-lucrarilor-pentru-exploatarea-gazelor-din-marea-neagra\/#article\",\"isPartOf\":{\"@id\":\"https:\/\/carpathiacenter.ro\/burduja-justitia-a-respins-cererea-greenpeace-de-suspendare-a-lucrarilor-pentru-exploatarea-gazelor-din-marea-neagra\/\"},\"author\":{\"name\":\"creativebitsolutions\",\"@id\":\"https:\/\/carpathiacenter.ro\/#\/schema\/person\/03d9f58202fee8379268f34afa195006\"},\"headline\":\"Burduja: Justi\u021bia a respins cererea Greenpeace de suspendare a lucr\u0103rilor pentru exploatarea gazelor din Marea Neagr\u0103\",\"datePublished\":\"2025-01-30T10:05:25+00:00\",\"mainEntityOfPage\":{\"@id\":\"https:\/\/carpathiacenter.ro\/burduja-justitia-a-respins-cererea-greenpeace-de-suspendare-a-lucrarilor-pentru-exploatarea-gazelor-din-marea-neagra\/\"},\"wordCount\":367,\"commentCount\":0,\"publisher\":{\"@id\":\"https:\/\/carpathiacenter.ro\/#organization\"},\"image\":{\"@id\":\"https:\/\/carpathiacenter.ro\/burduja-justitia-a-respins-cererea-greenpeace-de-suspendare-a-lucrarilor-pentru-exploatarea-gazelor-din-marea-neagra\/#primaryimage\"},\"thumbnailUrl\":\"https:\/\/carpathiacenter.ro\/wp-content\/uploads\/2025\/01\/Exploatarea-gazelor-din-Marea-Neagra.jpg\",\"articleSection\":[\"Uncategorized\"],\"inLanguage\":\"en-GB\",\"potentialAction\":[{\"@type\":\"CommentAction\",\"name\":\"Comment\",\"target\":[\"https:\/\/carpathiacenter.ro\/burduja-justitia-a-respins-cererea-greenpeace-de-suspendare-a-lucrarilor-pentru-exploatarea-gazelor-din-marea-neagra\/#respond\"]}]},{\"@type\":\"WebPage\",\"@id\":\"https:\/\/carpathiacenter.ro\/burduja-justitia-a-respins-cererea-greenpeace-de-suspendare-a-lucrarilor-pentru-exploatarea-gazelor-din-marea-neagra\/\",\"url\":\"https:\/\/carpathiacenter.ro\/burduja-justitia-a-respins-cererea-greenpeace-de-suspendare-a-lucrarilor-pentru-exploatarea-gazelor-din-marea-neagra\/\",\"name\":\"Burduja: Justi\u021bia a respins cererea Greenpeace de suspendare a lucr\u0103rilor pentru exploatarea gazelor din Marea Neagr\u0103 - Carpathia Center Romania\",\"isPartOf\":{\"@id\":\"https:\/\/carpathiacenter.ro\/#website\"},\"primaryImageOfPage\":{\"@id\":\"https:\/\/carpathiacenter.ro\/burduja-justitia-a-respins-cererea-greenpeace-de-suspendare-a-lucrarilor-pentru-exploatarea-gazelor-din-marea-neagra\/#primaryimage\"},\"image\":{\"@id\":\"https:\/\/carpathiacenter.ro\/burduja-justitia-a-respins-cererea-greenpeace-de-suspendare-a-lucrarilor-pentru-exploatarea-gazelor-din-marea-neagra\/#primaryimage\"},\"thumbnailUrl\":\"https:\/\/carpathiacenter.ro\/wp-content\/uploads\/2025\/01\/Exploatarea-gazelor-din-Marea-Neagra.jpg\",\"datePublished\":\"2025-01-30T10:05:25+00:00\",\"breadcrumb\":{\"@id\":\"https:\/\/carpathiacenter.ro\/burduja-justitia-a-respins-cererea-greenpeace-de-suspendare-a-lucrarilor-pentru-exploatarea-gazelor-din-marea-neagra\/#breadcrumb\"},\"inLanguage\":\"en-GB\",\"potentialAction\":[{\"@type\":\"ReadAction\",\"target\":[\"https:\/\/carpathiacenter.ro\/burduja-justitia-a-respins-cererea-greenpeace-de-suspendare-a-lucrarilor-pentru-exploatarea-gazelor-din-marea-neagra\/\"]}]},{\"@type\":\"ImageObject\",\"inLanguage\":\"en-GB\",\"@id\":\"https:\/\/carpathiacenter.ro\/burduja-justitia-a-respins-cererea-greenpeace-de-suspendare-a-lucrarilor-pentru-exploatarea-gazelor-din-marea-neagra\/#primaryimage\",\"url\":\"https:\/\/carpathiacenter.ro\/wp-content\/uploads\/2025\/01\/Exploatarea-gazelor-din-Marea-Neagra.jpg\",\"contentUrl\":\"https:\/\/carpathiacenter.ro\/wp-content\/uploads\/2025\/01\/Exploatarea-gazelor-din-Marea-Neagra.jpg\",\"width\":780,\"height\":440},{\"@type\":\"BreadcrumbList\",\"@id\":\"https:\/\/carpathiacenter.ro\/burduja-justitia-a-respins-cererea-greenpeace-de-suspendare-a-lucrarilor-pentru-exploatarea-gazelor-din-marea-neagra\/#breadcrumb\",\"itemListElement\":[{\"@type\":\"ListItem\",\"position\":1,\"name\":\"Prima pagin\u0103\",\"item\":\"https:\/\/carpathiacenter.ro\/\"},{\"@type\":\"ListItem\",\"position\":2,\"name\":\"Burduja: Justi\u021bia a respins cererea Greenpeace de suspendare a lucr\u0103rilor pentru exploatarea gazelor din Marea Neagr\u0103\"}]},{\"@type\":\"WebSite\",\"@id\":\"https:\/\/carpathiacenter.ro\/#website\",\"url\":\"https:\/\/carpathiacenter.ro\/\",\"name\":\"Carpathia Center Romania\",\"description\":\"Impossible made possible!\",\"publisher\":{\"@id\":\"https:\/\/carpathiacenter.ro\/#organization\"},\"potentialAction\":[{\"@type\":\"SearchAction\",\"target\":{\"@type\":\"EntryPoint\",\"urlTemplate\":\"https:\/\/carpathiacenter.ro\/?s={search_term_string}\"},\"query-input\":{\"@type\":\"PropertyValueSpecification\",\"valueRequired\":true,\"valueName\":\"search_term_string\"}}],\"inLanguage\":\"en-GB\"},{\"@type\":\"Organization\",\"@id\":\"https:\/\/carpathiacenter.ro\/#organization\",\"name\":\"Carpathia Center Romania\",\"url\":\"https:\/\/carpathiacenter.ro\/\",\"logo\":{\"@type\":\"ImageObject\",\"inLanguage\":\"en-GB\",\"@id\":\"https:\/\/carpathiacenter.ro\/#\/schema\/logo\/image\/\",\"url\":\"https:\/\/carpathiacenter.ro\/wp-content\/uploads\/2024\/07\/logo-carpathia_bg_white-1024x941.png\",\"contentUrl\":\"https:\/\/carpathiacenter.ro\/wp-content\/uploads\/2024\/07\/logo-carpathia_bg_white-1024x941.png\",\"width\":1024,\"height\":941,\"caption\":\"Carpathia Center Romania\"},\"image\":{\"@id\":\"https:\/\/carpathiacenter.ro\/#\/schema\/logo\/image\/\"},\"sameAs\":[\"https:\/\/www.facebook.com\/fdpscarpathia\/\"]},{\"@type\":\"Person\",\"@id\":\"https:\/\/carpathiacenter.ro\/#\/schema\/person\/03d9f58202fee8379268f34afa195006\",\"name\":\"creativebitsolutions\",\"image\":{\"@type\":\"ImageObject\",\"inLanguage\":\"en-GB\",\"@id\":\"https:\/\/carpathiacenter.ro\/#\/schema\/person\/image\/\",\"url\":\"https:\/\/secure.gravatar.com\/avatar\/1b1a13e37f847c635dab78348f1dff2f07651ee2a3d77a5c355a4b8c75f9165a?s=96&d=mm&r=g\",\"contentUrl\":\"https:\/\/secure.gravatar.com\/avatar\/1b1a13e37f847c635dab78348f1dff2f07651ee2a3d77a5c355a4b8c75f9165a?s=96&d=mm&r=g\",\"caption\":\"creativebitsolutions\"},\"url\":\"https:\/\/carpathiacenter.ro\/en\/author\/creativebitsolutions\/\"}]}<\/script>\n<!-- \/ Yoast SEO plugin. -->","yoast_head_json":{"title":"Burduja: Justi\u021bia a respins cererea Greenpeace de suspendare a lucr\u0103rilor pentru exploatarea gazelor din Marea Neagr\u0103 - Carpathia Center Romania","robots":{"index":"index","follow":"follow","max-snippet":"max-snippet:-1","max-image-preview":"max-image-preview:large","max-video-preview":"max-video-preview:-1"},"canonical":"https:\/\/carpathiacenter.ro\/en\/burduja-justitia-a-respins-cererea-greenpeace-de-suspendare-a-lucrarilor-pentru-exploatarea-gazelor-din-marea-neagra\/","og_locale":"en_GB","og_type":"article","og_title":"Burduja: Justi\u021bia a respins cererea Greenpeace de suspendare a lucr\u0103rilor pentru exploatarea gazelor din Marea Neagr\u0103 - Carpathia Center Romania","og_description":"Justi\u021bia a dat dreptate Rom\u00e2niei, resping\u00e2nd cererea Greenpeace de suspendare a lucr\u0103rilor pentru exploatarea gazelor din Marea Neagr\u0103, sus\u021bine ministrul Energiei, Sebastian Burduja. &#8221;Ast\u0103zi, justi\u021bia a dat dreptate Rom\u00e2niei, resping\u00e2nd cererea Greenpeace de suspendare a lucr\u0103rilor pentru exploatarea gazelor din Marea Neagr\u0103. Aceast\u0103 decizie confirm\u0103 ceea ce am spus de la bun \u00eenceput: avem dreptul...","og_url":"https:\/\/carpathiacenter.ro\/en\/burduja-justitia-a-respins-cererea-greenpeace-de-suspendare-a-lucrarilor-pentru-exploatarea-gazelor-din-marea-neagra\/","og_site_name":"Carpathia Center Romania","article_publisher":"https:\/\/www.facebook.com\/fdpscarpathia\/","article_published_time":"2025-01-30T10:05:25+00:00","og_image":[{"width":780,"height":440,"url":"https:\/\/carpathiacenter.ro\/wp-content\/uploads\/2025\/01\/Exploatarea-gazelor-din-Marea-Neagra.jpg","type":"image\/jpeg"}],"author":"creativebitsolutions","twitter_card":"summary_large_image","twitter_misc":{"Written by":"creativebitsolutions","Estimated reading time":"2 minutes"},"schema":{"@context":"https:\/\/schema.org","@graph":[{"@type":"Article","@id":"https:\/\/carpathiacenter.ro\/burduja-justitia-a-respins-cererea-greenpeace-de-suspendare-a-lucrarilor-pentru-exploatarea-gazelor-din-marea-neagra\/#article","isPartOf":{"@id":"https:\/\/carpathiacenter.ro\/burduja-justitia-a-respins-cererea-greenpeace-de-suspendare-a-lucrarilor-pentru-exploatarea-gazelor-din-marea-neagra\/"},"author":{"name":"creativebitsolutions","@id":"https:\/\/carpathiacenter.ro\/#\/schema\/person\/03d9f58202fee8379268f34afa195006"},"headline":"Burduja: Justi\u021bia a respins cererea Greenpeace de suspendare a lucr\u0103rilor pentru exploatarea gazelor din Marea Neagr\u0103","datePublished":"2025-01-30T10:05:25+00:00","mainEntityOfPage":{"@id":"https:\/\/carpathiacenter.ro\/burduja-justitia-a-respins-cererea-greenpeace-de-suspendare-a-lucrarilor-pentru-exploatarea-gazelor-din-marea-neagra\/"},"wordCount":367,"commentCount":0,"publisher":{"@id":"https:\/\/carpathiacenter.ro\/#organization"},"image":{"@id":"https:\/\/carpathiacenter.ro\/burduja-justitia-a-respins-cererea-greenpeace-de-suspendare-a-lucrarilor-pentru-exploatarea-gazelor-din-marea-neagra\/#primaryimage"},"thumbnailUrl":"https:\/\/carpathiacenter.ro\/wp-content\/uploads\/2025\/01\/Exploatarea-gazelor-din-Marea-Neagra.jpg","articleSection":["Uncategorized"],"inLanguage":"en-GB","potentialAction":[{"@type":"CommentAction","name":"Comment","target":["https:\/\/carpathiacenter.ro\/burduja-justitia-a-respins-cererea-greenpeace-de-suspendare-a-lucrarilor-pentru-exploatarea-gazelor-din-marea-neagra\/#respond"]}]},{"@type":"WebPage","@id":"https:\/\/carpathiacenter.ro\/burduja-justitia-a-respins-cererea-greenpeace-de-suspendare-a-lucrarilor-pentru-exploatarea-gazelor-din-marea-neagra\/","url":"https:\/\/carpathiacenter.ro\/burduja-justitia-a-respins-cererea-greenpeace-de-suspendare-a-lucrarilor-pentru-exploatarea-gazelor-din-marea-neagra\/","name":"Burduja: Justi\u021bia a respins cererea Greenpeace de suspendare a lucr\u0103rilor pentru exploatarea gazelor din Marea Neagr\u0103 - Carpathia Center Romania","isPartOf":{"@id":"https:\/\/carpathiacenter.ro\/#website"},"primaryImageOfPage":{"@id":"https:\/\/carpathiacenter.ro\/burduja-justitia-a-respins-cererea-greenpeace-de-suspendare-a-lucrarilor-pentru-exploatarea-gazelor-din-marea-neagra\/#primaryimage"},"image":{"@id":"https:\/\/carpathiacenter.ro\/burduja-justitia-a-respins-cererea-greenpeace-de-suspendare-a-lucrarilor-pentru-exploatarea-gazelor-din-marea-neagra\/#primaryimage"},"thumbnailUrl":"https:\/\/carpathiacenter.ro\/wp-content\/uploads\/2025\/01\/Exploatarea-gazelor-din-Marea-Neagra.jpg","datePublished":"2025-01-30T10:05:25+00:00","breadcrumb":{"@id":"https:\/\/carpathiacenter.ro\/burduja-justitia-a-respins-cererea-greenpeace-de-suspendare-a-lucrarilor-pentru-exploatarea-gazelor-din-marea-neagra\/#breadcrumb"},"inLanguage":"en-GB","potentialAction":[{"@type":"ReadAction","target":["https:\/\/carpathiacenter.ro\/burduja-justitia-a-respins-cererea-greenpeace-de-suspendare-a-lucrarilor-pentru-exploatarea-gazelor-din-marea-neagra\/"]}]},{"@type":"ImageObject","inLanguage":"en-GB","@id":"https:\/\/carpathiacenter.ro\/burduja-justitia-a-respins-cererea-greenpeace-de-suspendare-a-lucrarilor-pentru-exploatarea-gazelor-din-marea-neagra\/#primaryimage","url":"https:\/\/carpathiacenter.ro\/wp-content\/uploads\/2025\/01\/Exploatarea-gazelor-din-Marea-Neagra.jpg","contentUrl":"https:\/\/carpathiacenter.ro\/wp-content\/uploads\/2025\/01\/Exploatarea-gazelor-din-Marea-Neagra.jpg","width":780,"height":440},{"@type":"BreadcrumbList","@id":"https:\/\/carpathiacenter.ro\/burduja-justitia-a-respins-cererea-greenpeace-de-suspendare-a-lucrarilor-pentru-exploatarea-gazelor-din-marea-neagra\/#breadcrumb","itemListElement":[{"@type":"ListItem","position":1,"name":"Prima pagin\u0103","item":"https:\/\/carpathiacenter.ro\/"},{"@type":"ListItem","position":2,"name":"Burduja: Justi\u021bia a respins cererea Greenpeace de suspendare a lucr\u0103rilor pentru exploatarea gazelor din Marea Neagr\u0103"}]},{"@type":"WebSite","@id":"https:\/\/carpathiacenter.ro\/#website","url":"https:\/\/carpathiacenter.ro\/","name":"Carpathia Center Romania","description":"Impossible made possible!","publisher":{"@id":"https:\/\/carpathiacenter.ro\/#organization"},"potentialAction":[{"@type":"SearchAction","target":{"@type":"EntryPoint","urlTemplate":"https:\/\/carpathiacenter.ro\/?s={search_term_string}"},"query-input":{"@type":"PropertyValueSpecification","valueRequired":true,"valueName":"search_term_string"}}],"inLanguage":"en-GB"},{"@type":"Organization","@id":"https:\/\/carpathiacenter.ro\/#organization","name":"Carpathia Center Romania","url":"https:\/\/carpathiacenter.ro\/","logo":{"@type":"ImageObject","inLanguage":"en-GB","@id":"https:\/\/carpathiacenter.ro\/#\/schema\/logo\/image\/","url":"https:\/\/carpathiacenter.ro\/wp-content\/uploads\/2024\/07\/logo-carpathia_bg_white-1024x941.png","contentUrl":"https:\/\/carpathiacenter.ro\/wp-content\/uploads\/2024\/07\/logo-carpathia_bg_white-1024x941.png","width":1024,"height":941,"caption":"Carpathia Center Romania"},"image":{"@id":"https:\/\/carpathiacenter.ro\/#\/schema\/logo\/image\/"},"sameAs":["https:\/\/www.facebook.com\/fdpscarpathia\/"]},{"@type":"Person","@id":"https:\/\/carpathiacenter.ro\/#\/schema\/person\/03d9f58202fee8379268f34afa195006","name":"creativebitsolutions","image":{"@type":"ImageObject","inLanguage":"en-GB","@id":"https:\/\/carpathiacenter.ro\/#\/schema\/person\/image\/","url":"https:\/\/secure.gravatar.com\/avatar\/1b1a13e37f847c635dab78348f1dff2f07651ee2a3d77a5c355a4b8c75f9165a?s=96&d=mm&r=g","contentUrl":"https:\/\/secure.gravatar.com\/avatar\/1b1a13e37f847c635dab78348f1dff2f07651ee2a3d77a5c355a4b8c75f9165a?s=96&d=mm&r=g","caption":"creativebitsolutions"},"url":"https:\/\/carpathiacenter.ro\/en\/author\/creativebitsolutions\/"}]}},"_links":{"self":[{"href":"https:\/\/carpathiacenter.ro\/en\/wp-json\/wp\/v2\/posts\/1813","targetHints":{"allow":["GET"]}}],"collection":[{"href":"https:\/\/carpathiacenter.ro\/en\/wp-json\/wp\/v2\/posts"}],"about":[{"href":"https:\/\/carpathiacenter.ro\/en\/wp-json\/wp\/v2\/types\/post"}],"author":[{"embeddable":true,"href":"https:\/\/carpathiacenter.ro\/en\/wp-json\/wp\/v2\/users\/4"}],"replies":[{"embeddable":true,"href":"https:\/\/carpathiacenter.ro\/en\/wp-json\/wp\/v2\/comments?post=1813"}],"version-history":[{"count":1,"href":"https:\/\/carpathiacenter.ro\/en\/wp-json\/wp\/v2\/posts\/1813\/revisions"}],"predecessor-version":[{"id":1815,"href":"https:\/\/carpathiacenter.ro\/en\/wp-json\/wp\/v2\/posts\/1813\/revisions\/1815"}],"wp:featuredmedia":[{"embeddable":true,"href":"https:\/\/carpathiacenter.ro\/en\/wp-json\/wp\/v2\/media\/1814"}],"wp:attachment":[{"href":"https:\/\/carpathiacenter.ro\/en\/wp-json\/wp\/v2\/media?parent=1813"}],"wp:term":[{"taxonomy":"category","embeddable":true,"href":"https:\/\/carpathiacenter.ro\/en\/wp-json\/wp\/v2\/categories?post=1813"},{"taxonomy":"post_tag","embeddable":true,"href":"https:\/\/carpathiacenter.ro\/en\/wp-json\/wp\/v2\/tags?post=1813"}],"curies":[{"name":"wp","href":"https:\/\/api.w.org\/{rel}","templated":true}]}}