{"id":1803,"date":"2025-01-30T09:52:56","date_gmt":"2025-01-30T09:52:56","guid":{"rendered":"https:\/\/carpathiacenter.ro\/?p=1803"},"modified":"2025-01-30T10:00:26","modified_gmt":"2025-01-30T10:00:26","slug":"fechet-unda-verde-pentru-lucrari-urgente-de-reabilitare-si-modernizare-la-baraje-din-cinci-judete","status":"publish","type":"post","link":"https:\/\/carpathiacenter.ro\/en\/fechet-unda-verde-pentru-lucrari-urgente-de-reabilitare-si-modernizare-la-baraje-din-cinci-judete\/","title":{"rendered":"Fechet: Und\u0103 verde pentru lucr\u0103ri urgente de reabilitare \u0219i modernizare la baraje din cinci jude\u021be"},"content":{"rendered":"<p><strong>Cinci baraje din jude\u021bele Bac\u0103u, Vrancea, S\u0103laj, Gorj \u0219i Bihor vor fi reabilitate \u0219i modernizate de urgen\u021b\u0103, printr-o finan\u021bare de peste 184,1 milioane de lei, a anun\u021bat ministrul Mediului, Apelor \u0219i P\u0103durilor, Mircea Fechet, \u00eentr-o postare publicat\u0103, miercuri, pe propria pagin\u0103 de Facebook.<\/strong><\/p>\n<p>&#8216;Am semnat contractul de finan\u021bare pentru un proiect dedicat adapt\u0103rii la schimb\u0103rile climatice a acumul\u0103rilor hidrotehnice, pe care \u00eel derul\u0103m \u00een cadrul Componentei de Management al Apei, prin Planul Na\u021bional de Redresare \u0219i Rezilien\u021b\u0103 (PNRR). Este vorba despre un proiect \u00een valoare de peste 184,1 milioane lei, prin care venim cu solu\u021bii moderne, digitale, care ne permit s\u0103 cre\u0219tem eficien\u021ba cu care gestion\u0103m aceste baraje, care vor intra \u00eentr-un proces amplu de reabilitare \u00een urm\u0103toarele 19 luni. Obiectivul este s\u0103 cre\u0219tem siguran\u021ba aliment\u0103rii cu ap\u0103 a popula\u021biei \u0219i, \u00een acela\u0219i timp, s\u0103 reducem riscul la inunda\u021bii, mai ales \u00een condi\u021biile \u00een care, vedem cu to\u021bii, fenomenele extreme generate de schimb\u0103rile climatice cresc \u00een intensitate \u0219i frecven\u021b\u0103. Sunt bucuros c\u0103, mai ales \u00een cazul barajului Belci din One\u0219ti (Bac\u0103u), am reu\u0219it s\u0103 debloc\u0103m astfel o investi\u021bie pentru care nimeni, \u00een ultimii 34 ani, nu a g\u0103sit o rezolvare&#8217;, a subliniat Fechet.<\/p>\n<p>Potrivit oficialului, Belci e primul baraj de p\u0103m\u00e2nt din \u021bar\u0103, construit \u00een anii &#8217;60, are un volum de aproximativ 5 milioane mc, \u0219i a\u0219teapt\u0103 finan\u021bare de mult timp \u0219i de aceast\u0103 acumulare depinde siguran\u021ba a zeci de mii de one\u0219teni.<\/p>\n<p>&#8216;\u00cen 1991, c\u00e2nd \u00een bazinul r\u00e2ului Tazl\u0103u s-au \u00eenregistrat precipita\u021bii de 95,6 l\/mp, o viitura puternic\u0103 a rupt barajul, iar un \u00eentreg cartier al municipiului One\u0219ti (Slobozia) a fost distrus. Peste 30 persoane \u0219i-au pierdut via\u021ba \u0219i peste 250 de gospod\u0103rii au fost luate de ape. Vreau ca astfel de tragedii s\u0103 nu se repete. Apa e, a\u0219a cum \u0219ti\u021bi, prioritatea mandatului meu, iar asta \u00eenseamn\u0103 inclusiv c\u0103 acceler\u0103m investi\u021biile care pun \u00een siguran\u021b\u0103 via\u021ba \u0219i bunurile oamenilor care locuiesc \u00een zone cu risc la inunda\u021bii&#8217;, a men\u021bionat ministrul Mediului. AGERPRES\/(AS &#8211; autor: Daniel Badea, editor: Nicoleta Gherasi, editor online: Irina Giurgiu)<\/p>\n<p><a target=\"_blank\" href=\"https:\/\/agerpres.ro\/economic\/2025\/01\/29\/fechet-unda-verde-pentru-lucrari-urgente-de-reabilitare-si-modernizare-la-baraje-din-cinci-judete--1417282\">Sursa<\/a><\/p>","protected":false},"excerpt":{"rendered":"<p>Cinci baraje din jude\u021bele Bac\u0103u, Vrancea, S\u0103laj, Gorj \u0219i Bihor vor fi reabilitate \u0219i modernizate de urgen\u021b\u0103, printr-o finan\u021bare de peste 184,1 milioane de lei, a anun\u021bat ministrul Mediului, Apelor \u0219i P\u0103durilor, Mircea Fechet, \u00eentr-o postare publicat\u0103, miercuri, pe propria pagin\u0103 de Facebook. &#8216;Am semnat contractul de finan\u021bare pentru un proiect dedicat adapt\u0103rii la schimb\u0103rile&#8230;<\/p>","protected":false},"author":4,"featured_media":1804,"comment_status":"open","ping_status":"open","sticky":false,"template":"","format":"standard","meta":{"footnotes":""},"categories":[1],"tags":[],"class_list":["post-1803","post","type-post","status-publish","format-standard","has-post-thumbnail","hentry","category-uncategorized"],"yoast_head":"<!-- This site is optimized with the Yoast SEO plugin v26.1.1 - https:\/\/yoast.com\/wordpress\/plugins\/seo\/ -->\n<title>Fechet: Und\u0103 verde pentru lucr\u0103ri urgente de reabilitare \u0219i modernizare la baraje din cinci jude\u021be - Carpathia Center Romania<\/title>\n<meta name=\"robots\" content=\"index, follow, max-snippet:-1, max-image-preview:large, max-video-preview:-1\" \/>\n<link rel=\"canonical\" href=\"https:\/\/carpathiacenter.ro\/en\/fechet-unda-verde-pentru-lucrari-urgente-de-reabilitare-si-modernizare-la-baraje-din-cinci-judete\/\" \/>\n<meta property=\"og:locale\" content=\"en_GB\" \/>\n<meta property=\"og:type\" content=\"article\" \/>\n<meta property=\"og:title\" content=\"Fechet: Und\u0103 verde pentru lucr\u0103ri urgente de reabilitare \u0219i modernizare la baraje din cinci jude\u021be - Carpathia Center Romania\" \/>\n<meta property=\"og:description\" content=\"Cinci baraje din jude\u021bele Bac\u0103u, Vrancea, S\u0103laj, Gorj \u0219i Bihor vor fi reabilitate \u0219i modernizate de urgen\u021b\u0103, printr-o finan\u021bare de peste 184,1 milioane de lei, a anun\u021bat ministrul Mediului, Apelor \u0219i P\u0103durilor, Mircea Fechet, \u00eentr-o postare publicat\u0103, miercuri, pe propria pagin\u0103 de Facebook. &#8216;Am semnat contractul de finan\u021bare pentru un proiect dedicat adapt\u0103rii la schimb\u0103rile...\" \/>\n<meta property=\"og:url\" content=\"https:\/\/carpathiacenter.ro\/en\/fechet-unda-verde-pentru-lucrari-urgente-de-reabilitare-si-modernizare-la-baraje-din-cinci-judete\/\" \/>\n<meta property=\"og:site_name\" content=\"Carpathia Center Romania\" \/>\n<meta property=\"article:publisher\" content=\"https:\/\/www.facebook.com\/fdpscarpathia\/\" \/>\n<meta property=\"article:published_time\" content=\"2025-01-30T09:52:56+00:00\" \/>\n<meta property=\"article:modified_time\" content=\"2025-01-30T10:00:26+00:00\" \/>\n<meta property=\"og:image\" content=\"https:\/\/carpathiacenter.ro\/wp-content\/uploads\/2025\/01\/Fechet.jpg\" \/>\n\t<meta property=\"og:image:width\" content=\"780\" \/>\n\t<meta property=\"og:image:height\" content=\"440\" \/>\n\t<meta property=\"og:image:type\" content=\"image\/jpeg\" \/>\n<meta name=\"author\" content=\"creativebitsolutions\" \/>\n<meta name=\"twitter:card\" content=\"summary_large_image\" \/>\n<meta name=\"twitter:label1\" content=\"Written by\" \/>\n\t<meta name=\"twitter:data1\" content=\"creativebitsolutions\" \/>\n\t<meta name=\"twitter:label2\" content=\"Estimated reading time\" \/>\n\t<meta name=\"twitter:data2\" content=\"2 minutes\" \/>\n<script type=\"application\/ld+json\" class=\"yoast-schema-graph\">{\"@context\":\"https:\/\/schema.org\",\"@graph\":[{\"@type\":\"Article\",\"@id\":\"https:\/\/carpathiacenter.ro\/fechet-unda-verde-pentru-lucrari-urgente-de-reabilitare-si-modernizare-la-baraje-din-cinci-judete\/#article\",\"isPartOf\":{\"@id\":\"https:\/\/carpathiacenter.ro\/fechet-unda-verde-pentru-lucrari-urgente-de-reabilitare-si-modernizare-la-baraje-din-cinci-judete\/\"},\"author\":{\"name\":\"creativebitsolutions\",\"@id\":\"https:\/\/carpathiacenter.ro\/#\/schema\/person\/03d9f58202fee8379268f34afa195006\"},\"headline\":\"Fechet: Und\u0103 verde pentru lucr\u0103ri urgente de reabilitare \u0219i modernizare la baraje din cinci jude\u021be\",\"datePublished\":\"2025-01-30T09:52:56+00:00\",\"dateModified\":\"2025-01-30T10:00:26+00:00\",\"mainEntityOfPage\":{\"@id\":\"https:\/\/carpathiacenter.ro\/fechet-unda-verde-pentru-lucrari-urgente-de-reabilitare-si-modernizare-la-baraje-din-cinci-judete\/\"},\"wordCount\":397,\"commentCount\":0,\"publisher\":{\"@id\":\"https:\/\/carpathiacenter.ro\/#organization\"},\"image\":{\"@id\":\"https:\/\/carpathiacenter.ro\/fechet-unda-verde-pentru-lucrari-urgente-de-reabilitare-si-modernizare-la-baraje-din-cinci-judete\/#primaryimage\"},\"thumbnailUrl\":\"https:\/\/carpathiacenter.ro\/wp-content\/uploads\/2025\/01\/Fechet.jpg\",\"articleSection\":[\"Uncategorized\"],\"inLanguage\":\"en-GB\",\"potentialAction\":[{\"@type\":\"CommentAction\",\"name\":\"Comment\",\"target\":[\"https:\/\/carpathiacenter.ro\/fechet-unda-verde-pentru-lucrari-urgente-de-reabilitare-si-modernizare-la-baraje-din-cinci-judete\/#respond\"]}]},{\"@type\":\"WebPage\",\"@id\":\"https:\/\/carpathiacenter.ro\/fechet-unda-verde-pentru-lucrari-urgente-de-reabilitare-si-modernizare-la-baraje-din-cinci-judete\/\",\"url\":\"https:\/\/carpathiacenter.ro\/fechet-unda-verde-pentru-lucrari-urgente-de-reabilitare-si-modernizare-la-baraje-din-cinci-judete\/\",\"name\":\"Fechet: Und\u0103 verde pentru lucr\u0103ri urgente de reabilitare \u0219i modernizare la baraje din cinci jude\u021be - Carpathia Center Romania\",\"isPartOf\":{\"@id\":\"https:\/\/carpathiacenter.ro\/#website\"},\"primaryImageOfPage\":{\"@id\":\"https:\/\/carpathiacenter.ro\/fechet-unda-verde-pentru-lucrari-urgente-de-reabilitare-si-modernizare-la-baraje-din-cinci-judete\/#primaryimage\"},\"image\":{\"@id\":\"https:\/\/carpathiacenter.ro\/fechet-unda-verde-pentru-lucrari-urgente-de-reabilitare-si-modernizare-la-baraje-din-cinci-judete\/#primaryimage\"},\"thumbnailUrl\":\"https:\/\/carpathiacenter.ro\/wp-content\/uploads\/2025\/01\/Fechet.jpg\",\"datePublished\":\"2025-01-30T09:52:56+00:00\",\"dateModified\":\"2025-01-30T10:00:26+00:00\",\"breadcrumb\":{\"@id\":\"https:\/\/carpathiacenter.ro\/fechet-unda-verde-pentru-lucrari-urgente-de-reabilitare-si-modernizare-la-baraje-din-cinci-judete\/#breadcrumb\"},\"inLanguage\":\"en-GB\",\"potentialAction\":[{\"@type\":\"ReadAction\",\"target\":[\"https:\/\/carpathiacenter.ro\/fechet-unda-verde-pentru-lucrari-urgente-de-reabilitare-si-modernizare-la-baraje-din-cinci-judete\/\"]}]},{\"@type\":\"ImageObject\",\"inLanguage\":\"en-GB\",\"@id\":\"https:\/\/carpathiacenter.ro\/fechet-unda-verde-pentru-lucrari-urgente-de-reabilitare-si-modernizare-la-baraje-din-cinci-judete\/#primaryimage\",\"url\":\"https:\/\/carpathiacenter.ro\/wp-content\/uploads\/2025\/01\/Fechet.jpg\",\"contentUrl\":\"https:\/\/carpathiacenter.ro\/wp-content\/uploads\/2025\/01\/Fechet.jpg\",\"width\":780,\"height\":440},{\"@type\":\"BreadcrumbList\",\"@id\":\"https:\/\/carpathiacenter.ro\/fechet-unda-verde-pentru-lucrari-urgente-de-reabilitare-si-modernizare-la-baraje-din-cinci-judete\/#breadcrumb\",\"itemListElement\":[{\"@type\":\"ListItem\",\"position\":1,\"name\":\"Prima pagin\u0103\",\"item\":\"https:\/\/carpathiacenter.ro\/\"},{\"@type\":\"ListItem\",\"position\":2,\"name\":\"Fechet: Und\u0103 verde pentru lucr\u0103ri urgente de reabilitare \u0219i modernizare la baraje din cinci jude\u021be\"}]},{\"@type\":\"WebSite\",\"@id\":\"https:\/\/carpathiacenter.ro\/#website\",\"url\":\"https:\/\/carpathiacenter.ro\/\",\"name\":\"Carpathia Center Romania\",\"description\":\"Impossible made possible!\",\"publisher\":{\"@id\":\"https:\/\/carpathiacenter.ro\/#organization\"},\"potentialAction\":[{\"@type\":\"SearchAction\",\"target\":{\"@type\":\"EntryPoint\",\"urlTemplate\":\"https:\/\/carpathiacenter.ro\/?s={search_term_string}\"},\"query-input\":{\"@type\":\"PropertyValueSpecification\",\"valueRequired\":true,\"valueName\":\"search_term_string\"}}],\"inLanguage\":\"en-GB\"},{\"@type\":\"Organization\",\"@id\":\"https:\/\/carpathiacenter.ro\/#organization\",\"name\":\"Carpathia Center Romania\",\"url\":\"https:\/\/carpathiacenter.ro\/\",\"logo\":{\"@type\":\"ImageObject\",\"inLanguage\":\"en-GB\",\"@id\":\"https:\/\/carpathiacenter.ro\/#\/schema\/logo\/image\/\",\"url\":\"https:\/\/carpathiacenter.ro\/wp-content\/uploads\/2024\/07\/logo-carpathia_bg_white-1024x941.png\",\"contentUrl\":\"https:\/\/carpathiacenter.ro\/wp-content\/uploads\/2024\/07\/logo-carpathia_bg_white-1024x941.png\",\"width\":1024,\"height\":941,\"caption\":\"Carpathia Center Romania\"},\"image\":{\"@id\":\"https:\/\/carpathiacenter.ro\/#\/schema\/logo\/image\/\"},\"sameAs\":[\"https:\/\/www.facebook.com\/fdpscarpathia\/\"]},{\"@type\":\"Person\",\"@id\":\"https:\/\/carpathiacenter.ro\/#\/schema\/person\/03d9f58202fee8379268f34afa195006\",\"name\":\"creativebitsolutions\",\"image\":{\"@type\":\"ImageObject\",\"inLanguage\":\"en-GB\",\"@id\":\"https:\/\/carpathiacenter.ro\/#\/schema\/person\/image\/\",\"url\":\"https:\/\/secure.gravatar.com\/avatar\/1b1a13e37f847c635dab78348f1dff2f07651ee2a3d77a5c355a4b8c75f9165a?s=96&d=mm&r=g\",\"contentUrl\":\"https:\/\/secure.gravatar.com\/avatar\/1b1a13e37f847c635dab78348f1dff2f07651ee2a3d77a5c355a4b8c75f9165a?s=96&d=mm&r=g\",\"caption\":\"creativebitsolutions\"},\"url\":\"https:\/\/carpathiacenter.ro\/en\/author\/creativebitsolutions\/\"}]}<\/script>\n<!-- \/ Yoast SEO plugin. -->","yoast_head_json":{"title":"Fechet: Und\u0103 verde pentru lucr\u0103ri urgente de reabilitare \u0219i modernizare la baraje din cinci jude\u021be - Carpathia Center Romania","robots":{"index":"index","follow":"follow","max-snippet":"max-snippet:-1","max-image-preview":"max-image-preview:large","max-video-preview":"max-video-preview:-1"},"canonical":"https:\/\/carpathiacenter.ro\/en\/fechet-unda-verde-pentru-lucrari-urgente-de-reabilitare-si-modernizare-la-baraje-din-cinci-judete\/","og_locale":"en_GB","og_type":"article","og_title":"Fechet: Und\u0103 verde pentru lucr\u0103ri urgente de reabilitare \u0219i modernizare la baraje din cinci jude\u021be - Carpathia Center Romania","og_description":"Cinci baraje din jude\u021bele Bac\u0103u, Vrancea, S\u0103laj, Gorj \u0219i Bihor vor fi reabilitate \u0219i modernizate de urgen\u021b\u0103, printr-o finan\u021bare de peste 184,1 milioane de lei, a anun\u021bat ministrul Mediului, Apelor \u0219i P\u0103durilor, Mircea Fechet, \u00eentr-o postare publicat\u0103, miercuri, pe propria pagin\u0103 de Facebook. &#8216;Am semnat contractul de finan\u021bare pentru un proiect dedicat adapt\u0103rii la schimb\u0103rile...","og_url":"https:\/\/carpathiacenter.ro\/en\/fechet-unda-verde-pentru-lucrari-urgente-de-reabilitare-si-modernizare-la-baraje-din-cinci-judete\/","og_site_name":"Carpathia Center Romania","article_publisher":"https:\/\/www.facebook.com\/fdpscarpathia\/","article_published_time":"2025-01-30T09:52:56+00:00","article_modified_time":"2025-01-30T10:00:26+00:00","og_image":[{"width":780,"height":440,"url":"https:\/\/carpathiacenter.ro\/wp-content\/uploads\/2025\/01\/Fechet.jpg","type":"image\/jpeg"}],"author":"creativebitsolutions","twitter_card":"summary_large_image","twitter_misc":{"Written by":"creativebitsolutions","Estimated reading time":"2 minutes"},"schema":{"@context":"https:\/\/schema.org","@graph":[{"@type":"Article","@id":"https:\/\/carpathiacenter.ro\/fechet-unda-verde-pentru-lucrari-urgente-de-reabilitare-si-modernizare-la-baraje-din-cinci-judete\/#article","isPartOf":{"@id":"https:\/\/carpathiacenter.ro\/fechet-unda-verde-pentru-lucrari-urgente-de-reabilitare-si-modernizare-la-baraje-din-cinci-judete\/"},"author":{"name":"creativebitsolutions","@id":"https:\/\/carpathiacenter.ro\/#\/schema\/person\/03d9f58202fee8379268f34afa195006"},"headline":"Fechet: Und\u0103 verde pentru lucr\u0103ri urgente de reabilitare \u0219i modernizare la baraje din cinci jude\u021be","datePublished":"2025-01-30T09:52:56+00:00","dateModified":"2025-01-30T10:00:26+00:00","mainEntityOfPage":{"@id":"https:\/\/carpathiacenter.ro\/fechet-unda-verde-pentru-lucrari-urgente-de-reabilitare-si-modernizare-la-baraje-din-cinci-judete\/"},"wordCount":397,"commentCount":0,"publisher":{"@id":"https:\/\/carpathiacenter.ro\/#organization"},"image":{"@id":"https:\/\/carpathiacenter.ro\/fechet-unda-verde-pentru-lucrari-urgente-de-reabilitare-si-modernizare-la-baraje-din-cinci-judete\/#primaryimage"},"thumbnailUrl":"https:\/\/carpathiacenter.ro\/wp-content\/uploads\/2025\/01\/Fechet.jpg","articleSection":["Uncategorized"],"inLanguage":"en-GB","potentialAction":[{"@type":"CommentAction","name":"Comment","target":["https:\/\/carpathiacenter.ro\/fechet-unda-verde-pentru-lucrari-urgente-de-reabilitare-si-modernizare-la-baraje-din-cinci-judete\/#respond"]}]},{"@type":"WebPage","@id":"https:\/\/carpathiacenter.ro\/fechet-unda-verde-pentru-lucrari-urgente-de-reabilitare-si-modernizare-la-baraje-din-cinci-judete\/","url":"https:\/\/carpathiacenter.ro\/fechet-unda-verde-pentru-lucrari-urgente-de-reabilitare-si-modernizare-la-baraje-din-cinci-judete\/","name":"Fechet: Und\u0103 verde pentru lucr\u0103ri urgente de reabilitare \u0219i modernizare la baraje din cinci jude\u021be - Carpathia Center Romania","isPartOf":{"@id":"https:\/\/carpathiacenter.ro\/#website"},"primaryImageOfPage":{"@id":"https:\/\/carpathiacenter.ro\/fechet-unda-verde-pentru-lucrari-urgente-de-reabilitare-si-modernizare-la-baraje-din-cinci-judete\/#primaryimage"},"image":{"@id":"https:\/\/carpathiacenter.ro\/fechet-unda-verde-pentru-lucrari-urgente-de-reabilitare-si-modernizare-la-baraje-din-cinci-judete\/#primaryimage"},"thumbnailUrl":"https:\/\/carpathiacenter.ro\/wp-content\/uploads\/2025\/01\/Fechet.jpg","datePublished":"2025-01-30T09:52:56+00:00","dateModified":"2025-01-30T10:00:26+00:00","breadcrumb":{"@id":"https:\/\/carpathiacenter.ro\/fechet-unda-verde-pentru-lucrari-urgente-de-reabilitare-si-modernizare-la-baraje-din-cinci-judete\/#breadcrumb"},"inLanguage":"en-GB","potentialAction":[{"@type":"ReadAction","target":["https:\/\/carpathiacenter.ro\/fechet-unda-verde-pentru-lucrari-urgente-de-reabilitare-si-modernizare-la-baraje-din-cinci-judete\/"]}]},{"@type":"ImageObject","inLanguage":"en-GB","@id":"https:\/\/carpathiacenter.ro\/fechet-unda-verde-pentru-lucrari-urgente-de-reabilitare-si-modernizare-la-baraje-din-cinci-judete\/#primaryimage","url":"https:\/\/carpathiacenter.ro\/wp-content\/uploads\/2025\/01\/Fechet.jpg","contentUrl":"https:\/\/carpathiacenter.ro\/wp-content\/uploads\/2025\/01\/Fechet.jpg","width":780,"height":440},{"@type":"BreadcrumbList","@id":"https:\/\/carpathiacenter.ro\/fechet-unda-verde-pentru-lucrari-urgente-de-reabilitare-si-modernizare-la-baraje-din-cinci-judete\/#breadcrumb","itemListElement":[{"@type":"ListItem","position":1,"name":"Prima pagin\u0103","item":"https:\/\/carpathiacenter.ro\/"},{"@type":"ListItem","position":2,"name":"Fechet: Und\u0103 verde pentru lucr\u0103ri urgente de reabilitare \u0219i modernizare la baraje din cinci jude\u021be"}]},{"@type":"WebSite","@id":"https:\/\/carpathiacenter.ro\/#website","url":"https:\/\/carpathiacenter.ro\/","name":"Carpathia Center Romania","description":"Impossible made possible!","publisher":{"@id":"https:\/\/carpathiacenter.ro\/#organization"},"potentialAction":[{"@type":"SearchAction","target":{"@type":"EntryPoint","urlTemplate":"https:\/\/carpathiacenter.ro\/?s={search_term_string}"},"query-input":{"@type":"PropertyValueSpecification","valueRequired":true,"valueName":"search_term_string"}}],"inLanguage":"en-GB"},{"@type":"Organization","@id":"https:\/\/carpathiacenter.ro\/#organization","name":"Carpathia Center Romania","url":"https:\/\/carpathiacenter.ro\/","logo":{"@type":"ImageObject","inLanguage":"en-GB","@id":"https:\/\/carpathiacenter.ro\/#\/schema\/logo\/image\/","url":"https:\/\/carpathiacenter.ro\/wp-content\/uploads\/2024\/07\/logo-carpathia_bg_white-1024x941.png","contentUrl":"https:\/\/carpathiacenter.ro\/wp-content\/uploads\/2024\/07\/logo-carpathia_bg_white-1024x941.png","width":1024,"height":941,"caption":"Carpathia Center Romania"},"image":{"@id":"https:\/\/carpathiacenter.ro\/#\/schema\/logo\/image\/"},"sameAs":["https:\/\/www.facebook.com\/fdpscarpathia\/"]},{"@type":"Person","@id":"https:\/\/carpathiacenter.ro\/#\/schema\/person\/03d9f58202fee8379268f34afa195006","name":"creativebitsolutions","image":{"@type":"ImageObject","inLanguage":"en-GB","@id":"https:\/\/carpathiacenter.ro\/#\/schema\/person\/image\/","url":"https:\/\/secure.gravatar.com\/avatar\/1b1a13e37f847c635dab78348f1dff2f07651ee2a3d77a5c355a4b8c75f9165a?s=96&d=mm&r=g","contentUrl":"https:\/\/secure.gravatar.com\/avatar\/1b1a13e37f847c635dab78348f1dff2f07651ee2a3d77a5c355a4b8c75f9165a?s=96&d=mm&r=g","caption":"creativebitsolutions"},"url":"https:\/\/carpathiacenter.ro\/en\/author\/creativebitsolutions\/"}]}},"_links":{"self":[{"href":"https:\/\/carpathiacenter.ro\/en\/wp-json\/wp\/v2\/posts\/1803","targetHints":{"allow":["GET"]}}],"collection":[{"href":"https:\/\/carpathiacenter.ro\/en\/wp-json\/wp\/v2\/posts"}],"about":[{"href":"https:\/\/carpathiacenter.ro\/en\/wp-json\/wp\/v2\/types\/post"}],"author":[{"embeddable":true,"href":"https:\/\/carpathiacenter.ro\/en\/wp-json\/wp\/v2\/users\/4"}],"replies":[{"embeddable":true,"href":"https:\/\/carpathiacenter.ro\/en\/wp-json\/wp\/v2\/comments?post=1803"}],"version-history":[{"count":4,"href":"https:\/\/carpathiacenter.ro\/en\/wp-json\/wp\/v2\/posts\/1803\/revisions"}],"predecessor-version":[{"id":1811,"href":"https:\/\/carpathiacenter.ro\/en\/wp-json\/wp\/v2\/posts\/1803\/revisions\/1811"}],"wp:featuredmedia":[{"embeddable":true,"href":"https:\/\/carpathiacenter.ro\/en\/wp-json\/wp\/v2\/media\/1804"}],"wp:attachment":[{"href":"https:\/\/carpathiacenter.ro\/en\/wp-json\/wp\/v2\/media?parent=1803"}],"wp:term":[{"taxonomy":"category","embeddable":true,"href":"https:\/\/carpathiacenter.ro\/en\/wp-json\/wp\/v2\/categories?post=1803"},{"taxonomy":"post_tag","embeddable":true,"href":"https:\/\/carpathiacenter.ro\/en\/wp-json\/wp\/v2\/tags?post=1803"}],"curies":[{"name":"wp","href":"https:\/\/api.w.org\/{rel}","templated":true}]}}