{"id":1784,"date":"2025-01-27T08:55:10","date_gmt":"2025-01-27T08:55:10","guid":{"rendered":"https:\/\/carpathiacenter.ro\/?p=1784"},"modified":"2025-01-28T08:56:05","modified_gmt":"2025-01-28T08:56:05","slug":"bacalaureat-incep-probele-de-evaluare-a-competentelor","status":"publish","type":"post","link":"https:\/\/carpathiacenter.ro\/en\/bacalaureat-incep-probele-de-evaluare-a-competentelor\/","title":{"rendered":"Bacalaureat\/ \u00cencep probele de evaluare a competen\u021belor"},"content":{"rendered":"<p><strong>Probele de evaluare a competen\u021belor din cadrul primei sesiuni a examenului de Bacalaureat \u00eencep luni.<\/strong><\/p>\n<p>Potrivit calendarului aprobat de Ministerul Educa\u021biei, \u00een intervalul 27 \u2013 29 ianuarie are loc evaluarea competen\u021belor lingvistice de comunicare oral\u0103 \u00een limba rom\u00e2n\u0103 \u2013 proba A; \u00eentre 29 \u0219i 31 ianuarie vor fi evaluate competen\u021bele lingvistice de comunicare oral\u0103 \u00een limba matern\u0103 \u2013 proba B, care va fi sus\u021binut\u0103 de elevii din partea minorit\u0103\u021bilor na\u021bionale.<\/p>\n<p><strong>De asemenea, \u00een intervalul 3 \u2013 5 februarie, vor fi evaluate competen\u021bele lingvistice \u00eentr-o limb\u0103 de circula\u021bie interna\u021bional\u0103 \u2013 proba C, iar \u00eentre 5 \u0219i 7 februarie vor fi evaluate competen\u021bele digitale \u2013 proba D.<\/strong><\/p>\n<p>Elevii beneficiari ai unor burse de studiu \u00een str\u0103in\u0103tate, care nu pot participa la probele A, B, C \u0219i D din cadrul examenului na\u021bional de Bacalaureat \u2013 2025, \u00een perioada 27 ianuarie \u2013 7 februarie, le pot sus\u021bine \u00een perioada 30 mai \u2013 4 iunie.<\/p>\n<p>Conform calendarului aprobat de Ministerul Educa\u021biei, \u00een perioada 2 \u2013 6 iunie va avea loc \u00eenscrierea candida\u021bilor la probele scrise ale primei sesiuni de examen.<\/p>\n<p>Cursurile claselor terminale de liceu se vor \u00eencheia pe 6 iunie.<\/p>\n<p>Prima prob\u0103 scris\u0103 \u2013 cea la Limba \u0219i literatura rom\u00e2n\u0103 \u2013 se va desf\u0103\u0219ura pe 10 iunie, iar pe 11 iunie va avea loc proba obligatorie a profilului.<\/p>\n<p>Pe 13 iunie, candida\u021bii vor sus\u021bine proba la alegere a profilului \u0219i specializ\u0103rii.<\/p>\n<p>Elevii din partea minorit\u0103\u021bilor na\u021bionale vor sus\u021bine pe 16 iunie proba scris\u0103 la Limba \u0219i literatura matern\u0103.<\/p>\n<p>\u00cen data de 20 iunie se vor afi\u0219a rezultatele la probele scrise (p\u00e2n\u0103 la ora 12,00). Cei care vor dori s\u0103 depun\u0103 contesta\u021bii pot s\u0103 vizualizeze lucr\u0103rile \u00een intervalul orar 14,00 \u2013 18,00, dar \u0219i \u00een zilele de 23 \u0219i 24 iunie.<\/p>\n<p>Rezultatele finale vor fi afi\u0219ate pe 30 iunie.<\/p>\n<p><a href=\"https:\/\/www.facebook.com\/www.edu.ro\/posts\/pfbid02ZHUHZHRiDZhwUCwcbrzdoqUbhdd4BxrypGGpdpArD96BJ3Ti1SzP4ypoSWjVJVqdl?locale=ro_RO\" target=\"_blank\" rel=\"noreferrer noopener\">Ministrul Educa\u021biei \u0219i Cercet\u0103rii, Daniel David, a transmis un mesaj elevilor \u00eenainte de \u00eenceperea probelor de evaluare a competen\u021belor.<\/a><\/p>\n<p>\u2018\u00cen zilele urm\u0103toare ve\u021bi participa la probele de evaluare a competen\u021belor (probele A, B, C, D) din cadrul examenului na\u021bional de Bacalaureat 2025 \u2013 prima sesiune. Metodologia este una elaborat\u0103 \u00een anul 2024, pe care, din respect pentru voi \u0219i pentru procesul \u00eenceput, nu am modificat-o. Dar am monitorizat mereu lucrurile, mai ales c\u0103 metodologia este una nou\u0103, iar pe baza feedback-urilor din \u0219coli, f\u0103r\u0103 s\u0103 schimb metodologia, am \u00eencercat s\u0103 facilitez implementarea acesteia prin diverse decizii administrative care s\u0103 eficientizeze lucrurile. \u0218i o voi mai face c\u00e2nd este cazul de dragul de a crea contextul cel mai bun pe care \u00eel putem avea \u00een condi\u021biile sistemului nostru educa\u021bional pentru a v\u0103 putea exprima c\u00e2t mai bine competen\u021bele dob\u00e2ndite\u2019, a scris Daniel David joia trecut\u0103 pe Facebook.<\/p>\n<p>\u00cen calitate de psiholog, el le-a transmit elevilor care vor participa la Bacalaureat c\u0103 hipermotivarea\/stresul negativ intens (distresul) nu \u00eei ajut\u0103, dar o motivare adecvat\u0103, \u00een condi\u021bii de echilibru psihologic, \u0219i chiar de o doz\u0103 rezonabil\u0103 de stres (eustres) \u00eei poate mobiliza la examin\u0103ri.<\/p>\n<p>Daniel David i-a sf\u0103tuit pe participan\u021bii la examen s\u0103 nu se team\u0103 de propriile emo\u021bii, dar nici s\u0103 nu se \u00eengrijoreze mai mult dec\u00e2t este cazul, deoarece asta nu ajut\u0103.<\/p>\n<p>\u2018Doar fi\u021bi curajo\u0219i \u0219i \u00eencrez\u0103tori \u0219i da\u021bi to\u021bi ce ave\u021bi mai bun la momentul examin\u0103rilor! Celor care ve\u021bi ob\u021bine performan\u021ba a\u0219teptat\u0103 v\u0103 spun de pe acum felicit\u0103ri! Celor care nu ve\u021bi atinge performanta a\u0219teptat\u0103 v\u0103 reamintesc c\u0103, de\u0219i este o evaluare important\u0103, aceasta nu v\u0103 define\u0219te valoarea personal\u0103, ci doar performan\u021ba punctual\u0103; s\u0103 \u00eenv\u0103\u021b\u0103m din rezultat \u0219i s\u0103 \u00eencerc\u0103m s\u0103-l folosim c\u00e2t mai \u00een\u021belept! A\u0219adar, dori\u021bi-v\u0103 s\u0103 reu\u0219i\u021bi \u0219i da\u021bi tot ce pute\u021bi, accept\u00e2nd \u00eens\u0103 c\u0103, dac\u0103 nu se \u00eent\u00e2mpl\u0103 s\u0103 ob\u021bine\u021bi performan\u021ba dorit\u0103, poate exista totu\u0219i un c\u00e2\u0219tig personal, \u00een spiritul vorbelor \u00een\u021belepte ale lui Nelson Mandela: \u2018Eu nu pierd niciodat\u0103. Fie c\u00e2\u0219tig, fie \u00eenv\u0103\u021b!\u2019 \u2018, a mai spus Daniel David.<\/p>\n<p>El le-a mul\u021bumit cadrelor didactice \u0219i personalului administrativ pentru eforturile \u00een preg\u0103tirea \u00een bune condi\u021bii a acestei etape a Bacalaureatului, conform noii metodologii.<\/p>\n<p>\u2018Nu este u\u0219or s\u0103-\u021bi schimbi rutinele, dar trebuie s\u0103 o facem de dragul elevilor! Nu \u00een ultimul r\u00e2nd, p\u0103rin\u021bilor le spun s\u0103 nu pun\u0103 presiune pe elevi, doar s\u0103-i responsabilizeze \u0219i s\u0103-i sus\u021bin\u0103 empatic \u00eenainte \u0219i dup\u0103 examen (indiferent de rezultat), \u00eenv\u0103\u021b\u00e2nd din proces (inclusiv prin discu\u021bii cu elevii \u0219i profesorii) \u0219i \u00eencerc\u00e2nd s\u0103-l utilizeze c\u00e2t mai bine \u00een educa\u021bia copiilor lor\u2019, a ar\u0103tat ministrul Educa\u021biei.<\/p>\n<p>Surs\u0103:<a title=\"\" href=\"https:\/\/agerpres.ro\/educatie-stiinta\/2025\/01\/27\/bacalaureat-incep-probele-de-evaluare-a-competentelor--1416322\" target=\"_blank\" rel=\"noopener\">\u00a0https:\/\/agerpres.ro\/educatie-stiinta\/2025\/01\/27\/bacalaureat-incep-probele-de-evaluare-a-competentelor\u20131416322<\/a><\/p>","protected":false},"excerpt":{"rendered":"<p>Probele de evaluare a competen\u021belor din cadrul primei sesiuni a examenului de Bacalaureat \u00eencep luni. Potrivit calendarului aprobat de Ministerul Educa\u021biei, \u00een intervalul 27 \u2013 29 ianuarie are loc evaluarea competen\u021belor lingvistice de comunicare oral\u0103 \u00een limba rom\u00e2n\u0103 \u2013 proba A; \u00eentre 29 \u0219i 31 ianuarie vor fi evaluate competen\u021bele lingvistice de comunicare oral\u0103 \u00een&#8230;<\/p>","protected":false},"author":4,"featured_media":1787,"comment_status":"open","ping_status":"open","sticky":false,"template":"","format":"standard","meta":{"footnotes":""},"categories":[1],"tags":[],"class_list":["post-1784","post","type-post","status-publish","format-standard","has-post-thumbnail","hentry","category-uncategorized"],"yoast_head":"<!-- This site is optimized with the Yoast SEO plugin v26.1.1 - https:\/\/yoast.com\/wordpress\/plugins\/seo\/ -->\n<title>Bacalaureat\/ \u00cencep probele de evaluare a competen\u021belor - Carpathia Center Romania<\/title>\n<meta name=\"robots\" content=\"index, follow, max-snippet:-1, max-image-preview:large, max-video-preview:-1\" \/>\n<link rel=\"canonical\" href=\"https:\/\/carpathiacenter.ro\/en\/bacalaureat-incep-probele-de-evaluare-a-competentelor\/\" \/>\n<meta property=\"og:locale\" content=\"en_GB\" \/>\n<meta property=\"og:type\" content=\"article\" \/>\n<meta property=\"og:title\" content=\"Bacalaureat\/ \u00cencep probele de evaluare a competen\u021belor - Carpathia Center Romania\" \/>\n<meta property=\"og:description\" content=\"Probele de evaluare a competen\u021belor din cadrul primei sesiuni a examenului de Bacalaureat \u00eencep luni. Potrivit calendarului aprobat de Ministerul Educa\u021biei, \u00een intervalul 27 \u2013 29 ianuarie are loc evaluarea competen\u021belor lingvistice de comunicare oral\u0103 \u00een limba rom\u00e2n\u0103 \u2013 proba A; \u00eentre 29 \u0219i 31 ianuarie vor fi evaluate competen\u021bele lingvistice de comunicare oral\u0103 \u00een...\" \/>\n<meta property=\"og:url\" content=\"https:\/\/carpathiacenter.ro\/en\/bacalaureat-incep-probele-de-evaluare-a-competentelor\/\" \/>\n<meta property=\"og:site_name\" content=\"Carpathia Center Romania\" \/>\n<meta property=\"article:publisher\" content=\"https:\/\/www.facebook.com\/fdpscarpathia\/\" \/>\n<meta property=\"article:published_time\" content=\"2025-01-27T08:55:10+00:00\" \/>\n<meta property=\"article:modified_time\" content=\"2025-01-28T08:56:05+00:00\" \/>\n<meta property=\"og:image\" content=\"https:\/\/carpathiacenter.ro\/wp-content\/uploads\/2025\/01\/bacalaureat-4-1000x600-1.jpg\" \/>\n\t<meta property=\"og:image:width\" content=\"1000\" \/>\n\t<meta property=\"og:image:height\" content=\"600\" \/>\n\t<meta property=\"og:image:type\" content=\"image\/jpeg\" \/>\n<meta name=\"author\" content=\"creativebitsolutions\" \/>\n<meta name=\"twitter:card\" content=\"summary_large_image\" \/>\n<meta name=\"twitter:label1\" content=\"Written by\" \/>\n\t<meta name=\"twitter:data1\" content=\"creativebitsolutions\" \/>\n\t<meta name=\"twitter:label2\" content=\"Estimated reading time\" \/>\n\t<meta name=\"twitter:data2\" content=\"4 minutes\" \/>\n<script type=\"application\/ld+json\" class=\"yoast-schema-graph\">{\"@context\":\"https:\/\/schema.org\",\"@graph\":[{\"@type\":\"Article\",\"@id\":\"https:\/\/carpathiacenter.ro\/bacalaureat-incep-probele-de-evaluare-a-competentelor\/#article\",\"isPartOf\":{\"@id\":\"https:\/\/carpathiacenter.ro\/bacalaureat-incep-probele-de-evaluare-a-competentelor\/\"},\"author\":{\"name\":\"creativebitsolutions\",\"@id\":\"https:\/\/carpathiacenter.ro\/#\/schema\/person\/03d9f58202fee8379268f34afa195006\"},\"headline\":\"Bacalaureat\/ \u00cencep probele de evaluare a competen\u021belor\",\"datePublished\":\"2025-01-27T08:55:10+00:00\",\"dateModified\":\"2025-01-28T08:56:05+00:00\",\"mainEntityOfPage\":{\"@id\":\"https:\/\/carpathiacenter.ro\/bacalaureat-incep-probele-de-evaluare-a-competentelor\/\"},\"wordCount\":794,\"commentCount\":0,\"publisher\":{\"@id\":\"https:\/\/carpathiacenter.ro\/#organization\"},\"image\":{\"@id\":\"https:\/\/carpathiacenter.ro\/bacalaureat-incep-probele-de-evaluare-a-competentelor\/#primaryimage\"},\"thumbnailUrl\":\"https:\/\/carpathiacenter.ro\/wp-content\/uploads\/2025\/01\/bacalaureat-4-1000x600-1.jpg\",\"articleSection\":[\"Uncategorized\"],\"inLanguage\":\"en-GB\",\"potentialAction\":[{\"@type\":\"CommentAction\",\"name\":\"Comment\",\"target\":[\"https:\/\/carpathiacenter.ro\/bacalaureat-incep-probele-de-evaluare-a-competentelor\/#respond\"]}]},{\"@type\":\"WebPage\",\"@id\":\"https:\/\/carpathiacenter.ro\/bacalaureat-incep-probele-de-evaluare-a-competentelor\/\",\"url\":\"https:\/\/carpathiacenter.ro\/bacalaureat-incep-probele-de-evaluare-a-competentelor\/\",\"name\":\"Bacalaureat\/ \u00cencep probele de evaluare a competen\u021belor - Carpathia Center Romania\",\"isPartOf\":{\"@id\":\"https:\/\/carpathiacenter.ro\/#website\"},\"primaryImageOfPage\":{\"@id\":\"https:\/\/carpathiacenter.ro\/bacalaureat-incep-probele-de-evaluare-a-competentelor\/#primaryimage\"},\"image\":{\"@id\":\"https:\/\/carpathiacenter.ro\/bacalaureat-incep-probele-de-evaluare-a-competentelor\/#primaryimage\"},\"thumbnailUrl\":\"https:\/\/carpathiacenter.ro\/wp-content\/uploads\/2025\/01\/bacalaureat-4-1000x600-1.jpg\",\"datePublished\":\"2025-01-27T08:55:10+00:00\",\"dateModified\":\"2025-01-28T08:56:05+00:00\",\"breadcrumb\":{\"@id\":\"https:\/\/carpathiacenter.ro\/bacalaureat-incep-probele-de-evaluare-a-competentelor\/#breadcrumb\"},\"inLanguage\":\"en-GB\",\"potentialAction\":[{\"@type\":\"ReadAction\",\"target\":[\"https:\/\/carpathiacenter.ro\/bacalaureat-incep-probele-de-evaluare-a-competentelor\/\"]}]},{\"@type\":\"ImageObject\",\"inLanguage\":\"en-GB\",\"@id\":\"https:\/\/carpathiacenter.ro\/bacalaureat-incep-probele-de-evaluare-a-competentelor\/#primaryimage\",\"url\":\"https:\/\/carpathiacenter.ro\/wp-content\/uploads\/2025\/01\/bacalaureat-4-1000x600-1.jpg\",\"contentUrl\":\"https:\/\/carpathiacenter.ro\/wp-content\/uploads\/2025\/01\/bacalaureat-4-1000x600-1.jpg\",\"width\":1000,\"height\":600},{\"@type\":\"BreadcrumbList\",\"@id\":\"https:\/\/carpathiacenter.ro\/bacalaureat-incep-probele-de-evaluare-a-competentelor\/#breadcrumb\",\"itemListElement\":[{\"@type\":\"ListItem\",\"position\":1,\"name\":\"Prima pagin\u0103\",\"item\":\"https:\/\/carpathiacenter.ro\/\"},{\"@type\":\"ListItem\",\"position\":2,\"name\":\"Bacalaureat\/ \u00cencep probele de evaluare a competen\u021belor\"}]},{\"@type\":\"WebSite\",\"@id\":\"https:\/\/carpathiacenter.ro\/#website\",\"url\":\"https:\/\/carpathiacenter.ro\/\",\"name\":\"Carpathia Center Romania\",\"description\":\"Impossible made possible!\",\"publisher\":{\"@id\":\"https:\/\/carpathiacenter.ro\/#organization\"},\"potentialAction\":[{\"@type\":\"SearchAction\",\"target\":{\"@type\":\"EntryPoint\",\"urlTemplate\":\"https:\/\/carpathiacenter.ro\/?s={search_term_string}\"},\"query-input\":{\"@type\":\"PropertyValueSpecification\",\"valueRequired\":true,\"valueName\":\"search_term_string\"}}],\"inLanguage\":\"en-GB\"},{\"@type\":\"Organization\",\"@id\":\"https:\/\/carpathiacenter.ro\/#organization\",\"name\":\"Carpathia Center Romania\",\"url\":\"https:\/\/carpathiacenter.ro\/\",\"logo\":{\"@type\":\"ImageObject\",\"inLanguage\":\"en-GB\",\"@id\":\"https:\/\/carpathiacenter.ro\/#\/schema\/logo\/image\/\",\"url\":\"https:\/\/carpathiacenter.ro\/wp-content\/uploads\/2024\/07\/logo-carpathia_bg_white-1024x941.png\",\"contentUrl\":\"https:\/\/carpathiacenter.ro\/wp-content\/uploads\/2024\/07\/logo-carpathia_bg_white-1024x941.png\",\"width\":1024,\"height\":941,\"caption\":\"Carpathia Center Romania\"},\"image\":{\"@id\":\"https:\/\/carpathiacenter.ro\/#\/schema\/logo\/image\/\"},\"sameAs\":[\"https:\/\/www.facebook.com\/fdpscarpathia\/\"]},{\"@type\":\"Person\",\"@id\":\"https:\/\/carpathiacenter.ro\/#\/schema\/person\/03d9f58202fee8379268f34afa195006\",\"name\":\"creativebitsolutions\",\"image\":{\"@type\":\"ImageObject\",\"inLanguage\":\"en-GB\",\"@id\":\"https:\/\/carpathiacenter.ro\/#\/schema\/person\/image\/\",\"url\":\"https:\/\/secure.gravatar.com\/avatar\/1b1a13e37f847c635dab78348f1dff2f07651ee2a3d77a5c355a4b8c75f9165a?s=96&d=mm&r=g\",\"contentUrl\":\"https:\/\/secure.gravatar.com\/avatar\/1b1a13e37f847c635dab78348f1dff2f07651ee2a3d77a5c355a4b8c75f9165a?s=96&d=mm&r=g\",\"caption\":\"creativebitsolutions\"},\"url\":\"https:\/\/carpathiacenter.ro\/en\/author\/creativebitsolutions\/\"}]}<\/script>\n<!-- \/ Yoast SEO plugin. -->","yoast_head_json":{"title":"Bacalaureat\/ \u00cencep probele de evaluare a competen\u021belor - Carpathia Center Romania","robots":{"index":"index","follow":"follow","max-snippet":"max-snippet:-1","max-image-preview":"max-image-preview:large","max-video-preview":"max-video-preview:-1"},"canonical":"https:\/\/carpathiacenter.ro\/en\/bacalaureat-incep-probele-de-evaluare-a-competentelor\/","og_locale":"en_GB","og_type":"article","og_title":"Bacalaureat\/ \u00cencep probele de evaluare a competen\u021belor - Carpathia Center Romania","og_description":"Probele de evaluare a competen\u021belor din cadrul primei sesiuni a examenului de Bacalaureat \u00eencep luni. Potrivit calendarului aprobat de Ministerul Educa\u021biei, \u00een intervalul 27 \u2013 29 ianuarie are loc evaluarea competen\u021belor lingvistice de comunicare oral\u0103 \u00een limba rom\u00e2n\u0103 \u2013 proba A; \u00eentre 29 \u0219i 31 ianuarie vor fi evaluate competen\u021bele lingvistice de comunicare oral\u0103 \u00een...","og_url":"https:\/\/carpathiacenter.ro\/en\/bacalaureat-incep-probele-de-evaluare-a-competentelor\/","og_site_name":"Carpathia Center Romania","article_publisher":"https:\/\/www.facebook.com\/fdpscarpathia\/","article_published_time":"2025-01-27T08:55:10+00:00","article_modified_time":"2025-01-28T08:56:05+00:00","og_image":[{"width":1000,"height":600,"url":"https:\/\/carpathiacenter.ro\/wp-content\/uploads\/2025\/01\/bacalaureat-4-1000x600-1.jpg","type":"image\/jpeg"}],"author":"creativebitsolutions","twitter_card":"summary_large_image","twitter_misc":{"Written by":"creativebitsolutions","Estimated reading time":"4 minutes"},"schema":{"@context":"https:\/\/schema.org","@graph":[{"@type":"Article","@id":"https:\/\/carpathiacenter.ro\/bacalaureat-incep-probele-de-evaluare-a-competentelor\/#article","isPartOf":{"@id":"https:\/\/carpathiacenter.ro\/bacalaureat-incep-probele-de-evaluare-a-competentelor\/"},"author":{"name":"creativebitsolutions","@id":"https:\/\/carpathiacenter.ro\/#\/schema\/person\/03d9f58202fee8379268f34afa195006"},"headline":"Bacalaureat\/ \u00cencep probele de evaluare a competen\u021belor","datePublished":"2025-01-27T08:55:10+00:00","dateModified":"2025-01-28T08:56:05+00:00","mainEntityOfPage":{"@id":"https:\/\/carpathiacenter.ro\/bacalaureat-incep-probele-de-evaluare-a-competentelor\/"},"wordCount":794,"commentCount":0,"publisher":{"@id":"https:\/\/carpathiacenter.ro\/#organization"},"image":{"@id":"https:\/\/carpathiacenter.ro\/bacalaureat-incep-probele-de-evaluare-a-competentelor\/#primaryimage"},"thumbnailUrl":"https:\/\/carpathiacenter.ro\/wp-content\/uploads\/2025\/01\/bacalaureat-4-1000x600-1.jpg","articleSection":["Uncategorized"],"inLanguage":"en-GB","potentialAction":[{"@type":"CommentAction","name":"Comment","target":["https:\/\/carpathiacenter.ro\/bacalaureat-incep-probele-de-evaluare-a-competentelor\/#respond"]}]},{"@type":"WebPage","@id":"https:\/\/carpathiacenter.ro\/bacalaureat-incep-probele-de-evaluare-a-competentelor\/","url":"https:\/\/carpathiacenter.ro\/bacalaureat-incep-probele-de-evaluare-a-competentelor\/","name":"Bacalaureat\/ \u00cencep probele de evaluare a competen\u021belor - Carpathia Center Romania","isPartOf":{"@id":"https:\/\/carpathiacenter.ro\/#website"},"primaryImageOfPage":{"@id":"https:\/\/carpathiacenter.ro\/bacalaureat-incep-probele-de-evaluare-a-competentelor\/#primaryimage"},"image":{"@id":"https:\/\/carpathiacenter.ro\/bacalaureat-incep-probele-de-evaluare-a-competentelor\/#primaryimage"},"thumbnailUrl":"https:\/\/carpathiacenter.ro\/wp-content\/uploads\/2025\/01\/bacalaureat-4-1000x600-1.jpg","datePublished":"2025-01-27T08:55:10+00:00","dateModified":"2025-01-28T08:56:05+00:00","breadcrumb":{"@id":"https:\/\/carpathiacenter.ro\/bacalaureat-incep-probele-de-evaluare-a-competentelor\/#breadcrumb"},"inLanguage":"en-GB","potentialAction":[{"@type":"ReadAction","target":["https:\/\/carpathiacenter.ro\/bacalaureat-incep-probele-de-evaluare-a-competentelor\/"]}]},{"@type":"ImageObject","inLanguage":"en-GB","@id":"https:\/\/carpathiacenter.ro\/bacalaureat-incep-probele-de-evaluare-a-competentelor\/#primaryimage","url":"https:\/\/carpathiacenter.ro\/wp-content\/uploads\/2025\/01\/bacalaureat-4-1000x600-1.jpg","contentUrl":"https:\/\/carpathiacenter.ro\/wp-content\/uploads\/2025\/01\/bacalaureat-4-1000x600-1.jpg","width":1000,"height":600},{"@type":"BreadcrumbList","@id":"https:\/\/carpathiacenter.ro\/bacalaureat-incep-probele-de-evaluare-a-competentelor\/#breadcrumb","itemListElement":[{"@type":"ListItem","position":1,"name":"Prima pagin\u0103","item":"https:\/\/carpathiacenter.ro\/"},{"@type":"ListItem","position":2,"name":"Bacalaureat\/ \u00cencep probele de evaluare a competen\u021belor"}]},{"@type":"WebSite","@id":"https:\/\/carpathiacenter.ro\/#website","url":"https:\/\/carpathiacenter.ro\/","name":"Carpathia Center Romania","description":"Impossible made possible!","publisher":{"@id":"https:\/\/carpathiacenter.ro\/#organization"},"potentialAction":[{"@type":"SearchAction","target":{"@type":"EntryPoint","urlTemplate":"https:\/\/carpathiacenter.ro\/?s={search_term_string}"},"query-input":{"@type":"PropertyValueSpecification","valueRequired":true,"valueName":"search_term_string"}}],"inLanguage":"en-GB"},{"@type":"Organization","@id":"https:\/\/carpathiacenter.ro\/#organization","name":"Carpathia Center Romania","url":"https:\/\/carpathiacenter.ro\/","logo":{"@type":"ImageObject","inLanguage":"en-GB","@id":"https:\/\/carpathiacenter.ro\/#\/schema\/logo\/image\/","url":"https:\/\/carpathiacenter.ro\/wp-content\/uploads\/2024\/07\/logo-carpathia_bg_white-1024x941.png","contentUrl":"https:\/\/carpathiacenter.ro\/wp-content\/uploads\/2024\/07\/logo-carpathia_bg_white-1024x941.png","width":1024,"height":941,"caption":"Carpathia Center Romania"},"image":{"@id":"https:\/\/carpathiacenter.ro\/#\/schema\/logo\/image\/"},"sameAs":["https:\/\/www.facebook.com\/fdpscarpathia\/"]},{"@type":"Person","@id":"https:\/\/carpathiacenter.ro\/#\/schema\/person\/03d9f58202fee8379268f34afa195006","name":"creativebitsolutions","image":{"@type":"ImageObject","inLanguage":"en-GB","@id":"https:\/\/carpathiacenter.ro\/#\/schema\/person\/image\/","url":"https:\/\/secure.gravatar.com\/avatar\/1b1a13e37f847c635dab78348f1dff2f07651ee2a3d77a5c355a4b8c75f9165a?s=96&d=mm&r=g","contentUrl":"https:\/\/secure.gravatar.com\/avatar\/1b1a13e37f847c635dab78348f1dff2f07651ee2a3d77a5c355a4b8c75f9165a?s=96&d=mm&r=g","caption":"creativebitsolutions"},"url":"https:\/\/carpathiacenter.ro\/en\/author\/creativebitsolutions\/"}]}},"_links":{"self":[{"href":"https:\/\/carpathiacenter.ro\/en\/wp-json\/wp\/v2\/posts\/1784","targetHints":{"allow":["GET"]}}],"collection":[{"href":"https:\/\/carpathiacenter.ro\/en\/wp-json\/wp\/v2\/posts"}],"about":[{"href":"https:\/\/carpathiacenter.ro\/en\/wp-json\/wp\/v2\/types\/post"}],"author":[{"embeddable":true,"href":"https:\/\/carpathiacenter.ro\/en\/wp-json\/wp\/v2\/users\/4"}],"replies":[{"embeddable":true,"href":"https:\/\/carpathiacenter.ro\/en\/wp-json\/wp\/v2\/comments?post=1784"}],"version-history":[{"count":1,"href":"https:\/\/carpathiacenter.ro\/en\/wp-json\/wp\/v2\/posts\/1784\/revisions"}],"predecessor-version":[{"id":1786,"href":"https:\/\/carpathiacenter.ro\/en\/wp-json\/wp\/v2\/posts\/1784\/revisions\/1786"}],"wp:featuredmedia":[{"embeddable":true,"href":"https:\/\/carpathiacenter.ro\/en\/wp-json\/wp\/v2\/media\/1787"}],"wp:attachment":[{"href":"https:\/\/carpathiacenter.ro\/en\/wp-json\/wp\/v2\/media?parent=1784"}],"wp:term":[{"taxonomy":"category","embeddable":true,"href":"https:\/\/carpathiacenter.ro\/en\/wp-json\/wp\/v2\/categories?post=1784"},{"taxonomy":"post_tag","embeddable":true,"href":"https:\/\/carpathiacenter.ro\/en\/wp-json\/wp\/v2\/tags?post=1784"}],"curies":[{"name":"wp","href":"https:\/\/api.w.org\/{rel}","templated":true}]}}