{"id":1783,"date":"2025-01-27T08:55:03","date_gmt":"2025-01-27T08:55:03","guid":{"rendered":"https:\/\/carpathiacenter.ro\/?p=1783"},"modified":"2025-01-28T08:56:04","modified_gmt":"2025-01-28T08:56:04","slug":"consiliul-afaceri-externe-al-ue-din-27-ianuarie-2025","status":"publish","type":"post","link":"https:\/\/carpathiacenter.ro\/en\/consiliul-afaceri-externe-al-ue-din-27-ianuarie-2025\/","title":{"rendered":"Consiliul Afaceri Externe al UE din 27 ianuarie 2025"},"content":{"rendered":"<p>Consiliul Afaceri Externe al Uniunii Europene se reune\u0219te la 27 ianuarie 2025, la Bruxelles, pe agenda discu\u021biilor afl\u00e2ndu-se teme precum agresiunea Rusiei \u00eempotriva Ucrainei, rela\u021biile UE-SUA, situa\u021bia din Orientul Mijlociu, situa\u021bia din Moldova sau Georgia etc, conform site-ului\u00a0<a href=\"https:\/\/www.consilium.europa.eu\/\" target=\"_blank\" rel=\"noreferrer noopener\">https:\/\/www.consilium.europa.eu\/<\/a>.<\/p>\n<p>Consiliul Afaceri Externe din luna ianuarie va \u00eencepe la ora 10.00 \u0219i va fi prezidat de \u00cenalta Reprezentant\u0103 a UE pentru afaceri externe \u0219i politica de securitate, Kaja Kallas.<\/p>\n<p>Ca de obicei, mini\u0219trii afacerilor externe din UE vor discuta despre agresiunea Rusiei \u00eempotriva Ucrainei, dup\u0103 un schimb de opinii informal, prin videoconferin\u021b\u0103, cu ministrul ucrainean al afacerilor externe, Andrii S\u00eebiha. Cele mai recente evolu\u021bii \u00een acest sens sunt reprezentate de adoptarea de c\u0103tre Consiliu a celui de-al 15-lea pachet de sanc\u021biuni \u00eempotriva Rusiei, la 16 decembrie 2024. Noile m\u0103suri sl\u0103besc complexul militar-industrial al Rusiei \u0219i abordeaz\u0103 eludarea sanc\u021biunilor, viz\u00e2nd \u2018flota fantom\u0103\u2019 a lui Putin. De asemenea, Consiliul a adoptat sanc\u021bionarea a 54 de persoane \u0219i 30 de entit\u0103\u021bi responsabile de ac\u021biuni care submineaz\u0103 sau amenin\u021b\u0103 integritatea teritorial\u0103, suveranitatea \u0219i independen\u021ba Ucrainei, mai scrie sursa citat\u0103.<\/p>\n<p>Un alt subiect de dezbatere e constituit de rela\u021biile UE-SUA. Parteneriatul UE-SUA se bazeaz\u0103 pe valori comune \u0219i pe cele mai extinse rela\u021bii bilaterale din lume \u00een materie de comer\u021b \u0219i investi\u021bii. Statele Unite sunt principalul partener strategic al UE \u00een ceea ce prive\u0219te promovarea p\u0103cii, a stabilit\u0103\u021bii \u0219i a dezvolt\u0103rii \u00een \u00eentreaga lume. De asemenea, UE \u0219i SUA \u00eemp\u0103rt\u0103\u0219esc responsabilitatea de a promova valorile comune, dintre care fac parte democra\u021bia, pacea, libertatea \u0219i statul de drept. \u00cen ceea ce prive\u0219te comer\u021bul cu m\u0103rfuri UE-SUA, acesta ajungea la aproape 870 miliarde de euro \u00een 2022. Principalii parteneri comerciali ai UE sunt: SUA \u2013 15,6%; China \u2013 15,4%; Regatul Unit \u2013 9,8%; Elve\u021bia \u2013 6%; al\u021bii \u2013 53,2%, conform\u00a0<a href=\"https:\/\/www.consilium.europa.eu\/\" target=\"_blank\" rel=\"noreferrer noopener\">https:\/\/www.consilium.europa.eu\/<\/a>.<\/p>\n<p>Consiliul va purta o discu\u021bie \u0219i cu privire la cele mai recente evolu\u021bii din Orientul Mijlociu, inclusiv din Siria. Consiliul European a urm\u0103rit \u00eendeaproape situa\u021bia din Orientul Mijlociu de la atacurile teroriste comise de Hamas asupra Israelului la 7 octombrie 2023. \u00cen cadrul reuniunii sale din 19 decembrie 2024, Consiliul European a adoptat concluzii privind situa\u021bia din Orientul Mijlociu, prin care \u0219i-a reiterat apelul pentru \u00eencetarea imediat\u0103 a focului \u00een Gaza, eliberarea necondi\u021bionat\u0103 a tuturor ostaticilor, \u00eembun\u0103t\u0103\u021birea urgent\u0103 a accesului la asisten\u021b\u0103 umanitar\u0103 \u0219i distribuirea sus\u021binut\u0103 a acesteia la scar\u0103 larg\u0103 \u00een toat\u0103 Gaza, precum \u0219i \u00eencetarea durabil\u0103 a ostilit\u0103\u021bilor, \u00een conformitate cu Rezolu\u021bia 2735\/2024 a Consiliului de Securitate al ONU, scriu site-urile\u00a0<a href=\"https:\/\/press.un.org\/\" target=\"_blank\" rel=\"noreferrer noopener\">https:\/\/press.un.org\/<\/a>\u00a0\u0219i\u00a0<a href=\"https:\/\/www.consilium.europa.eu\/\" target=\"_blank\" rel=\"noreferrer noopener\">https:\/\/www.consilium.europa.eu\/<\/a>.<\/p>\n<p>\u00cen privin\u021ba Siriei, \u00een urma c\u0103derii regimului lui Assad, Consiliul European a sus\u021binut oportunitatea istoric\u0103 de a reunifica \u0219i reconstrui \u021bara, \u00een conformitate cu principiile fundamentale ale Rezolu\u021biei 2254\/2015 a Consiliului de Securitate al ONU. \u00cen acest sens, Uniunea European\u0103 sprijin\u0103 activitatea trimisului special al ONU pentru Siria.<\/p>\n<p>La capitolul afaceri curente, este posibil ca mini\u0219trii de externe s\u0103 discute despre evolu\u021biile din Republica Moldova \u0219i din Georgia. Republica Moldova a depus o cerere de aderare la UE \u00een martie 2022 \u0219i a primit statutul de \u021bar\u0103 candidat\u0103 \u00een iunie 2022. Negocierile de aderare au fost deschise oficial \u00een iunie 2024. La r\u00e2ndul s\u0103u, Georgia a depus o cerere de aderare la UE \u00een martie 2022 \u0219i i s-a acordat statutul de \u021bar\u0103 candidat\u0103 \u00een decembrie 2023. At\u00e2t Republica Moldova c\u00e2t \u0219i Georgia coopereaz\u0103 cu UE \u00een contextul Parteneriatului estic, mai noteaz\u0103\u00a0<a href=\"https:\/\/www.consilium.europa.eu\/\" target=\"_blank\" rel=\"noreferrer noopener\">https:\/\/www.consilium.europa.eu\/<\/a>.<\/p>\n<p>***<br \/>\nAnterioara reuniune a Consiliului Afaceri Externe al Uniunii Europene s-a desf\u0103\u0219urat la 16 decembrie 2024, \u00een cadrul c\u0103reia a fost adoptat cel de-al 15-lea pachet de m\u0103suri restrictive individuale \u0219i economice ca r\u0103spuns la r\u0103zboiul din Ucraina.<\/p>\n<p>De asemenea, pentru prima dat\u0103, Consiliul a decis s\u0103 impun\u0103 m\u0103suri restrictive \u00eempotriva a 16 persoane \u0219i trei entit\u0103\u021bi responsabile de ac\u021biunile destabilizatoare ale Rusiei \u00een str\u0103in\u0103tate. Aceste m\u0103suri reprezint\u0103 un r\u0103spuns la ac\u021biunile r\u0103uvoitoare ale Rusiei \u0219i la nerespectarea de c\u0103tre aceasta a unei ordini interna\u021bionale bazate pe norme \u0219i a dreptului interna\u021bional. Cadrul relevant pentru aceste m\u0103suri restrictive a fost instituit la 8 octombrie 2024 pentru a-i viza pe cei implica\u021bi \u00een ac\u021biuni \u0219i politici ale guvernului Federa\u021biei Ruse care submineaz\u0103 valorile fundamentale ale UE \u0219i ale statelor sale membre (securitatea, stabilitatea, independen\u021ba \u0219i integritatea acestora), prin intermediul unor activit\u0103\u021bi hibride de diferite tipuri, inclusiv utilizarea unor ac\u021biuni coordonate de manipulare a informa\u021biilor \u0219i de ingerin\u021be. \u00cen aceea\u0219i zi, UE a emis \u0219i o declara\u021bie prin care condamn\u0103 intensificarea campaniei de activit\u0103\u021bi hibride a Rusiei. Printre includerile pe list\u0103 se num\u0103r\u0103 Unitatea 29155 a GRU, o unitate sub acoperire din cadrul agen\u021biei de informa\u021bii militare ruse (GRU), cunoscut\u0103 pentru implicarea sa \u00een asasinate \u00een str\u0103in\u0103tate \u0219i \u00een activit\u0103\u021bi de destabilizare, cum ar fi bombardamente \u0219i atacuri cibernetice \u00een \u00eentreaga Europ\u0103, precum \u0219i o parte din personalul s\u0103u militar activ \u00een Ucraina, Europa de Vest \u0219i Africa, mai scrie site-ul Consiliului,\u00a0<a href=\"https:\/\/www.consilium.europa.eu\/\" target=\"_blank\" rel=\"noreferrer noopener\">https:\/\/www.consilium.europa.eu\/<\/a>.<\/p>\n<p>***<br \/>\nConsiliul Afaceri Externe al Uniunii Europene (CAE) este alc\u0103tuit din mini\u0219trii afacerilor externe din toate statele membre ale UE. \u00cen func\u021bie de ordinea de zi, Consiliul \u00eei reune\u0219te, de asemenea, pe: mini\u0219trii ap\u0103r\u0103rii (politica de securitate \u0219i ap\u0103rare comun\u0103), mini\u0219trii competen\u021bi \u00een materie de dezvoltare (cooperarea pentru dezvoltare), mini\u0219trii comer\u021bului (politica comercial\u0103 comun\u0103).<\/p>\n<p>Reuniunile Consiliului Afaceri Externe sunt prezidate de \u00cenaltul Reprezentant al Uniunii pentru afaceri externe \u0219i politica de securitate, \u00een prezent Kaja Kallas, care a preluat mandatul la 1 decembrie 2024. \u00cenaltul Reprezentant este sprijinit de Serviciul European de Ac\u021biune Extern\u0103 (SEAE).<\/p>\n<p>Doar atunci c\u00e2nd Consiliul Afaceri Externe discut\u0103 teme de politic\u0103 comercial\u0103 comun\u0103, acesta este prezidat de reprezentantul statului membru al UE care de\u021bine pre\u0219edin\u021bia Consiliului UE, asigurat\u0103 prin rota\u021bie pentru perioade de \u0219ase luni.<\/p>\n<p>Surs\u0103:\u00a0<a title=\"\" href=\"https:\/\/agerpres.ro\/documentare\/2025\/01\/27\/consiliul-afaceri-externe-al-ue-din-27-ianuarie-2025--1416318\" target=\"_blank\" rel=\"noopener\">https:\/\/agerpres.ro\/documentare\/2025\/01\/27\/consiliul-afaceri-externe-al-ue-din-27-ianuarie-2025\u20131416318<\/a><\/p>","protected":false},"excerpt":{"rendered":"<p>Consiliul Afaceri Externe al Uniunii Europene se reune\u0219te la 27 ianuarie 2025, la Bruxelles, pe agenda discu\u021biilor afl\u00e2ndu-se teme precum agresiunea Rusiei \u00eempotriva Ucrainei, rela\u021biile UE-SUA, situa\u021bia din Orientul Mijlociu, situa\u021bia din Moldova sau Georgia etc, conform site-ului\u00a0https:\/\/www.consilium.europa.eu\/. Consiliul Afaceri Externe din luna ianuarie va \u00eencepe la ora 10.00 \u0219i va fi prezidat de \u00cenalta&#8230;<\/p>","protected":false},"author":4,"featured_media":1788,"comment_status":"open","ping_status":"open","sticky":false,"template":"","format":"standard","meta":{"footnotes":""},"categories":[1],"tags":[],"class_list":["post-1783","post","type-post","status-publish","format-standard","has-post-thumbnail","hentry","category-uncategorized"],"yoast_head":"<!-- This site is optimized with the Yoast SEO plugin v26.1.1 - https:\/\/yoast.com\/wordpress\/plugins\/seo\/ -->\n<title>Consiliul Afaceri Externe al UE din 27 ianuarie 2025 - Carpathia Center Romania<\/title>\n<meta name=\"robots\" content=\"index, follow, max-snippet:-1, max-image-preview:large, max-video-preview:-1\" \/>\n<link rel=\"canonical\" href=\"https:\/\/carpathiacenter.ro\/en\/consiliul-afaceri-externe-al-ue-din-27-ianuarie-2025\/\" \/>\n<meta property=\"og:locale\" content=\"en_GB\" \/>\n<meta property=\"og:type\" content=\"article\" \/>\n<meta property=\"og:title\" content=\"Consiliul Afaceri Externe al UE din 27 ianuarie 2025 - Carpathia Center Romania\" \/>\n<meta property=\"og:description\" content=\"Consiliul Afaceri Externe al Uniunii Europene se reune\u0219te la 27 ianuarie 2025, la Bruxelles, pe agenda discu\u021biilor afl\u00e2ndu-se teme precum agresiunea Rusiei \u00eempotriva Ucrainei, rela\u021biile UE-SUA, situa\u021bia din Orientul Mijlociu, situa\u021bia din Moldova sau Georgia etc, conform site-ului\u00a0https:\/\/www.consilium.europa.eu\/. Consiliul Afaceri Externe din luna ianuarie va \u00eencepe la ora 10.00 \u0219i va fi prezidat de \u00cenalta...\" \/>\n<meta property=\"og:url\" content=\"https:\/\/carpathiacenter.ro\/en\/consiliul-afaceri-externe-al-ue-din-27-ianuarie-2025\/\" \/>\n<meta property=\"og:site_name\" content=\"Carpathia Center Romania\" \/>\n<meta property=\"article:publisher\" content=\"https:\/\/www.facebook.com\/fdpscarpathia\/\" \/>\n<meta property=\"article:published_time\" content=\"2025-01-27T08:55:03+00:00\" \/>\n<meta property=\"article:modified_time\" content=\"2025-01-28T08:56:04+00:00\" \/>\n<meta property=\"og:image\" content=\"https:\/\/carpathiacenter.ro\/wp-content\/uploads\/2025\/01\/Comisia-Europeana-640x400-1.jpg\" \/>\n\t<meta property=\"og:image:width\" content=\"620\" \/>\n\t<meta property=\"og:image:height\" content=\"388\" \/>\n\t<meta property=\"og:image:type\" content=\"image\/jpeg\" \/>\n<meta name=\"author\" content=\"creativebitsolutions\" \/>\n<meta name=\"twitter:card\" content=\"summary_large_image\" \/>\n<meta name=\"twitter:label1\" content=\"Written by\" \/>\n\t<meta name=\"twitter:data1\" content=\"creativebitsolutions\" \/>\n\t<meta name=\"twitter:label2\" content=\"Estimated reading time\" \/>\n\t<meta name=\"twitter:data2\" content=\"5 minutes\" \/>\n<script type=\"application\/ld+json\" class=\"yoast-schema-graph\">{\"@context\":\"https:\/\/schema.org\",\"@graph\":[{\"@type\":\"Article\",\"@id\":\"https:\/\/carpathiacenter.ro\/consiliul-afaceri-externe-al-ue-din-27-ianuarie-2025\/#article\",\"isPartOf\":{\"@id\":\"https:\/\/carpathiacenter.ro\/consiliul-afaceri-externe-al-ue-din-27-ianuarie-2025\/\"},\"author\":{\"name\":\"creativebitsolutions\",\"@id\":\"https:\/\/carpathiacenter.ro\/#\/schema\/person\/03d9f58202fee8379268f34afa195006\"},\"headline\":\"Consiliul Afaceri Externe al UE din 27 ianuarie 2025\",\"datePublished\":\"2025-01-27T08:55:03+00:00\",\"dateModified\":\"2025-01-28T08:56:04+00:00\",\"mainEntityOfPage\":{\"@id\":\"https:\/\/carpathiacenter.ro\/consiliul-afaceri-externe-al-ue-din-27-ianuarie-2025\/\"},\"wordCount\":1028,\"commentCount\":0,\"publisher\":{\"@id\":\"https:\/\/carpathiacenter.ro\/#organization\"},\"image\":{\"@id\":\"https:\/\/carpathiacenter.ro\/consiliul-afaceri-externe-al-ue-din-27-ianuarie-2025\/#primaryimage\"},\"thumbnailUrl\":\"https:\/\/carpathiacenter.ro\/wp-content\/uploads\/2025\/01\/Comisia-Europeana-640x400-1.jpg\",\"articleSection\":[\"Uncategorized\"],\"inLanguage\":\"en-GB\",\"potentialAction\":[{\"@type\":\"CommentAction\",\"name\":\"Comment\",\"target\":[\"https:\/\/carpathiacenter.ro\/consiliul-afaceri-externe-al-ue-din-27-ianuarie-2025\/#respond\"]}]},{\"@type\":\"WebPage\",\"@id\":\"https:\/\/carpathiacenter.ro\/consiliul-afaceri-externe-al-ue-din-27-ianuarie-2025\/\",\"url\":\"https:\/\/carpathiacenter.ro\/consiliul-afaceri-externe-al-ue-din-27-ianuarie-2025\/\",\"name\":\"Consiliul Afaceri Externe al UE din 27 ianuarie 2025 - Carpathia Center Romania\",\"isPartOf\":{\"@id\":\"https:\/\/carpathiacenter.ro\/#website\"},\"primaryImageOfPage\":{\"@id\":\"https:\/\/carpathiacenter.ro\/consiliul-afaceri-externe-al-ue-din-27-ianuarie-2025\/#primaryimage\"},\"image\":{\"@id\":\"https:\/\/carpathiacenter.ro\/consiliul-afaceri-externe-al-ue-din-27-ianuarie-2025\/#primaryimage\"},\"thumbnailUrl\":\"https:\/\/carpathiacenter.ro\/wp-content\/uploads\/2025\/01\/Comisia-Europeana-640x400-1.jpg\",\"datePublished\":\"2025-01-27T08:55:03+00:00\",\"dateModified\":\"2025-01-28T08:56:04+00:00\",\"breadcrumb\":{\"@id\":\"https:\/\/carpathiacenter.ro\/consiliul-afaceri-externe-al-ue-din-27-ianuarie-2025\/#breadcrumb\"},\"inLanguage\":\"en-GB\",\"potentialAction\":[{\"@type\":\"ReadAction\",\"target\":[\"https:\/\/carpathiacenter.ro\/consiliul-afaceri-externe-al-ue-din-27-ianuarie-2025\/\"]}]},{\"@type\":\"ImageObject\",\"inLanguage\":\"en-GB\",\"@id\":\"https:\/\/carpathiacenter.ro\/consiliul-afaceri-externe-al-ue-din-27-ianuarie-2025\/#primaryimage\",\"url\":\"https:\/\/carpathiacenter.ro\/wp-content\/uploads\/2025\/01\/Comisia-Europeana-640x400-1.jpg\",\"contentUrl\":\"https:\/\/carpathiacenter.ro\/wp-content\/uploads\/2025\/01\/Comisia-Europeana-640x400-1.jpg\",\"width\":620,\"height\":388},{\"@type\":\"BreadcrumbList\",\"@id\":\"https:\/\/carpathiacenter.ro\/consiliul-afaceri-externe-al-ue-din-27-ianuarie-2025\/#breadcrumb\",\"itemListElement\":[{\"@type\":\"ListItem\",\"position\":1,\"name\":\"Prima pagin\u0103\",\"item\":\"https:\/\/carpathiacenter.ro\/\"},{\"@type\":\"ListItem\",\"position\":2,\"name\":\"Consiliul Afaceri Externe al UE din 27 ianuarie 2025\"}]},{\"@type\":\"WebSite\",\"@id\":\"https:\/\/carpathiacenter.ro\/#website\",\"url\":\"https:\/\/carpathiacenter.ro\/\",\"name\":\"Carpathia Center Romania\",\"description\":\"Impossible made possible!\",\"publisher\":{\"@id\":\"https:\/\/carpathiacenter.ro\/#organization\"},\"potentialAction\":[{\"@type\":\"SearchAction\",\"target\":{\"@type\":\"EntryPoint\",\"urlTemplate\":\"https:\/\/carpathiacenter.ro\/?s={search_term_string}\"},\"query-input\":{\"@type\":\"PropertyValueSpecification\",\"valueRequired\":true,\"valueName\":\"search_term_string\"}}],\"inLanguage\":\"en-GB\"},{\"@type\":\"Organization\",\"@id\":\"https:\/\/carpathiacenter.ro\/#organization\",\"name\":\"Carpathia Center Romania\",\"url\":\"https:\/\/carpathiacenter.ro\/\",\"logo\":{\"@type\":\"ImageObject\",\"inLanguage\":\"en-GB\",\"@id\":\"https:\/\/carpathiacenter.ro\/#\/schema\/logo\/image\/\",\"url\":\"https:\/\/carpathiacenter.ro\/wp-content\/uploads\/2024\/07\/logo-carpathia_bg_white-1024x941.png\",\"contentUrl\":\"https:\/\/carpathiacenter.ro\/wp-content\/uploads\/2024\/07\/logo-carpathia_bg_white-1024x941.png\",\"width\":1024,\"height\":941,\"caption\":\"Carpathia Center Romania\"},\"image\":{\"@id\":\"https:\/\/carpathiacenter.ro\/#\/schema\/logo\/image\/\"},\"sameAs\":[\"https:\/\/www.facebook.com\/fdpscarpathia\/\"]},{\"@type\":\"Person\",\"@id\":\"https:\/\/carpathiacenter.ro\/#\/schema\/person\/03d9f58202fee8379268f34afa195006\",\"name\":\"creativebitsolutions\",\"image\":{\"@type\":\"ImageObject\",\"inLanguage\":\"en-GB\",\"@id\":\"https:\/\/carpathiacenter.ro\/#\/schema\/person\/image\/\",\"url\":\"https:\/\/secure.gravatar.com\/avatar\/1b1a13e37f847c635dab78348f1dff2f07651ee2a3d77a5c355a4b8c75f9165a?s=96&d=mm&r=g\",\"contentUrl\":\"https:\/\/secure.gravatar.com\/avatar\/1b1a13e37f847c635dab78348f1dff2f07651ee2a3d77a5c355a4b8c75f9165a?s=96&d=mm&r=g\",\"caption\":\"creativebitsolutions\"},\"url\":\"https:\/\/carpathiacenter.ro\/en\/author\/creativebitsolutions\/\"}]}<\/script>\n<!-- \/ Yoast SEO plugin. -->","yoast_head_json":{"title":"Consiliul Afaceri Externe al UE din 27 ianuarie 2025 - Carpathia Center Romania","robots":{"index":"index","follow":"follow","max-snippet":"max-snippet:-1","max-image-preview":"max-image-preview:large","max-video-preview":"max-video-preview:-1"},"canonical":"https:\/\/carpathiacenter.ro\/en\/consiliul-afaceri-externe-al-ue-din-27-ianuarie-2025\/","og_locale":"en_GB","og_type":"article","og_title":"Consiliul Afaceri Externe al UE din 27 ianuarie 2025 - Carpathia Center Romania","og_description":"Consiliul Afaceri Externe al Uniunii Europene se reune\u0219te la 27 ianuarie 2025, la Bruxelles, pe agenda discu\u021biilor afl\u00e2ndu-se teme precum agresiunea Rusiei \u00eempotriva Ucrainei, rela\u021biile UE-SUA, situa\u021bia din Orientul Mijlociu, situa\u021bia din Moldova sau Georgia etc, conform site-ului\u00a0https:\/\/www.consilium.europa.eu\/. Consiliul Afaceri Externe din luna ianuarie va \u00eencepe la ora 10.00 \u0219i va fi prezidat de \u00cenalta...","og_url":"https:\/\/carpathiacenter.ro\/en\/consiliul-afaceri-externe-al-ue-din-27-ianuarie-2025\/","og_site_name":"Carpathia Center Romania","article_publisher":"https:\/\/www.facebook.com\/fdpscarpathia\/","article_published_time":"2025-01-27T08:55:03+00:00","article_modified_time":"2025-01-28T08:56:04+00:00","og_image":[{"width":620,"height":388,"url":"https:\/\/carpathiacenter.ro\/wp-content\/uploads\/2025\/01\/Comisia-Europeana-640x400-1.jpg","type":"image\/jpeg"}],"author":"creativebitsolutions","twitter_card":"summary_large_image","twitter_misc":{"Written by":"creativebitsolutions","Estimated reading time":"5 minutes"},"schema":{"@context":"https:\/\/schema.org","@graph":[{"@type":"Article","@id":"https:\/\/carpathiacenter.ro\/consiliul-afaceri-externe-al-ue-din-27-ianuarie-2025\/#article","isPartOf":{"@id":"https:\/\/carpathiacenter.ro\/consiliul-afaceri-externe-al-ue-din-27-ianuarie-2025\/"},"author":{"name":"creativebitsolutions","@id":"https:\/\/carpathiacenter.ro\/#\/schema\/person\/03d9f58202fee8379268f34afa195006"},"headline":"Consiliul Afaceri Externe al UE din 27 ianuarie 2025","datePublished":"2025-01-27T08:55:03+00:00","dateModified":"2025-01-28T08:56:04+00:00","mainEntityOfPage":{"@id":"https:\/\/carpathiacenter.ro\/consiliul-afaceri-externe-al-ue-din-27-ianuarie-2025\/"},"wordCount":1028,"commentCount":0,"publisher":{"@id":"https:\/\/carpathiacenter.ro\/#organization"},"image":{"@id":"https:\/\/carpathiacenter.ro\/consiliul-afaceri-externe-al-ue-din-27-ianuarie-2025\/#primaryimage"},"thumbnailUrl":"https:\/\/carpathiacenter.ro\/wp-content\/uploads\/2025\/01\/Comisia-Europeana-640x400-1.jpg","articleSection":["Uncategorized"],"inLanguage":"en-GB","potentialAction":[{"@type":"CommentAction","name":"Comment","target":["https:\/\/carpathiacenter.ro\/consiliul-afaceri-externe-al-ue-din-27-ianuarie-2025\/#respond"]}]},{"@type":"WebPage","@id":"https:\/\/carpathiacenter.ro\/consiliul-afaceri-externe-al-ue-din-27-ianuarie-2025\/","url":"https:\/\/carpathiacenter.ro\/consiliul-afaceri-externe-al-ue-din-27-ianuarie-2025\/","name":"Consiliul Afaceri Externe al UE din 27 ianuarie 2025 - Carpathia Center Romania","isPartOf":{"@id":"https:\/\/carpathiacenter.ro\/#website"},"primaryImageOfPage":{"@id":"https:\/\/carpathiacenter.ro\/consiliul-afaceri-externe-al-ue-din-27-ianuarie-2025\/#primaryimage"},"image":{"@id":"https:\/\/carpathiacenter.ro\/consiliul-afaceri-externe-al-ue-din-27-ianuarie-2025\/#primaryimage"},"thumbnailUrl":"https:\/\/carpathiacenter.ro\/wp-content\/uploads\/2025\/01\/Comisia-Europeana-640x400-1.jpg","datePublished":"2025-01-27T08:55:03+00:00","dateModified":"2025-01-28T08:56:04+00:00","breadcrumb":{"@id":"https:\/\/carpathiacenter.ro\/consiliul-afaceri-externe-al-ue-din-27-ianuarie-2025\/#breadcrumb"},"inLanguage":"en-GB","potentialAction":[{"@type":"ReadAction","target":["https:\/\/carpathiacenter.ro\/consiliul-afaceri-externe-al-ue-din-27-ianuarie-2025\/"]}]},{"@type":"ImageObject","inLanguage":"en-GB","@id":"https:\/\/carpathiacenter.ro\/consiliul-afaceri-externe-al-ue-din-27-ianuarie-2025\/#primaryimage","url":"https:\/\/carpathiacenter.ro\/wp-content\/uploads\/2025\/01\/Comisia-Europeana-640x400-1.jpg","contentUrl":"https:\/\/carpathiacenter.ro\/wp-content\/uploads\/2025\/01\/Comisia-Europeana-640x400-1.jpg","width":620,"height":388},{"@type":"BreadcrumbList","@id":"https:\/\/carpathiacenter.ro\/consiliul-afaceri-externe-al-ue-din-27-ianuarie-2025\/#breadcrumb","itemListElement":[{"@type":"ListItem","position":1,"name":"Prima pagin\u0103","item":"https:\/\/carpathiacenter.ro\/"},{"@type":"ListItem","position":2,"name":"Consiliul Afaceri Externe al UE din 27 ianuarie 2025"}]},{"@type":"WebSite","@id":"https:\/\/carpathiacenter.ro\/#website","url":"https:\/\/carpathiacenter.ro\/","name":"Carpathia Center Romania","description":"Impossible made possible!","publisher":{"@id":"https:\/\/carpathiacenter.ro\/#organization"},"potentialAction":[{"@type":"SearchAction","target":{"@type":"EntryPoint","urlTemplate":"https:\/\/carpathiacenter.ro\/?s={search_term_string}"},"query-input":{"@type":"PropertyValueSpecification","valueRequired":true,"valueName":"search_term_string"}}],"inLanguage":"en-GB"},{"@type":"Organization","@id":"https:\/\/carpathiacenter.ro\/#organization","name":"Carpathia Center Romania","url":"https:\/\/carpathiacenter.ro\/","logo":{"@type":"ImageObject","inLanguage":"en-GB","@id":"https:\/\/carpathiacenter.ro\/#\/schema\/logo\/image\/","url":"https:\/\/carpathiacenter.ro\/wp-content\/uploads\/2024\/07\/logo-carpathia_bg_white-1024x941.png","contentUrl":"https:\/\/carpathiacenter.ro\/wp-content\/uploads\/2024\/07\/logo-carpathia_bg_white-1024x941.png","width":1024,"height":941,"caption":"Carpathia Center Romania"},"image":{"@id":"https:\/\/carpathiacenter.ro\/#\/schema\/logo\/image\/"},"sameAs":["https:\/\/www.facebook.com\/fdpscarpathia\/"]},{"@type":"Person","@id":"https:\/\/carpathiacenter.ro\/#\/schema\/person\/03d9f58202fee8379268f34afa195006","name":"creativebitsolutions","image":{"@type":"ImageObject","inLanguage":"en-GB","@id":"https:\/\/carpathiacenter.ro\/#\/schema\/person\/image\/","url":"https:\/\/secure.gravatar.com\/avatar\/1b1a13e37f847c635dab78348f1dff2f07651ee2a3d77a5c355a4b8c75f9165a?s=96&d=mm&r=g","contentUrl":"https:\/\/secure.gravatar.com\/avatar\/1b1a13e37f847c635dab78348f1dff2f07651ee2a3d77a5c355a4b8c75f9165a?s=96&d=mm&r=g","caption":"creativebitsolutions"},"url":"https:\/\/carpathiacenter.ro\/en\/author\/creativebitsolutions\/"}]}},"_links":{"self":[{"href":"https:\/\/carpathiacenter.ro\/en\/wp-json\/wp\/v2\/posts\/1783","targetHints":{"allow":["GET"]}}],"collection":[{"href":"https:\/\/carpathiacenter.ro\/en\/wp-json\/wp\/v2\/posts"}],"about":[{"href":"https:\/\/carpathiacenter.ro\/en\/wp-json\/wp\/v2\/types\/post"}],"author":[{"embeddable":true,"href":"https:\/\/carpathiacenter.ro\/en\/wp-json\/wp\/v2\/users\/4"}],"replies":[{"embeddable":true,"href":"https:\/\/carpathiacenter.ro\/en\/wp-json\/wp\/v2\/comments?post=1783"}],"version-history":[{"count":1,"href":"https:\/\/carpathiacenter.ro\/en\/wp-json\/wp\/v2\/posts\/1783\/revisions"}],"predecessor-version":[{"id":1785,"href":"https:\/\/carpathiacenter.ro\/en\/wp-json\/wp\/v2\/posts\/1783\/revisions\/1785"}],"wp:featuredmedia":[{"embeddable":true,"href":"https:\/\/carpathiacenter.ro\/en\/wp-json\/wp\/v2\/media\/1788"}],"wp:attachment":[{"href":"https:\/\/carpathiacenter.ro\/en\/wp-json\/wp\/v2\/media?parent=1783"}],"wp:term":[{"taxonomy":"category","embeddable":true,"href":"https:\/\/carpathiacenter.ro\/en\/wp-json\/wp\/v2\/categories?post=1783"},{"taxonomy":"post_tag","embeddable":true,"href":"https:\/\/carpathiacenter.ro\/en\/wp-json\/wp\/v2\/tags?post=1783"}],"curies":[{"name":"wp","href":"https:\/\/api.w.org\/{rel}","templated":true}]}}